{"id":121608,"date":"2023-08-27T10:03:09","date_gmt":"2023-08-27T13:03:09","guid":{"rendered":"https:\/\/noticiasmercedinas.com\/site\/?p=121608"},"modified":"2023-08-27T12:35:21","modified_gmt":"2023-08-27T15:35:21","slug":"inscripciones-abiertas-para-eleccion-de-delegados-as-en-el-sindicato-de-trabajadores-municipales","status":"publish","type":"post","link":"https:\/\/noticiasmercedinas.com\/site\/2023\/08\/27\/inscripciones-abiertas-para-eleccion-de-delegados-as-en-el-sindicato-de-trabajadores-municipales\/","title":{"rendered":"Inscripciones abiertas para elecci\u00f3n de delegados\/as en el Sindicato de Trabajadores Municipales"},"content":{"rendered":"<p><img loading=\"lazy\" decoding=\"async\" class=\"alignnone size-full wp-image-17533\" src=\"https:\/\/noticiasmercedinas.com\/site\/wp-content\/uploads\/2019\/04\/palacio_municipal.jpg\" alt=\"\" width=\"640\" height=\"373\" srcset=\"https:\/\/noticiasmercedinas.com\/site\/wp-content\/uploads\/2019\/04\/palacio_municipal.jpg 640w, https:\/\/noticiasmercedinas.com\/site\/wp-content\/uploads\/2019\/04\/palacio_municipal-300x175.jpg 300w\" sizes=\"auto, (max-width: 640px) 100vw, 640px\" \/><\/p>\n<p>Desde el Sindicato de Trabajadores Municipales de Mercedes se anuncia la apertura de inscripciones para la elecci\u00f3n de delegados\/as sindicales. Esta elecci\u00f3n representa una oportunidad clave para que los miembros del sindicato participen activamente en la representaci\u00f3n y toma de decisiones en su entorno laboral.<\/p>\n<p>Las inscripciones estar\u00e1n abiertas desde el 28 de agosto hasta el 5 de septiembre, en la sede gremial ubicada en Calle 23 N\u00b0388. El horario de atenci\u00f3n ser\u00e1 de 9:00 a 17:00 horas.<\/p>\n<p>Los trabajadores interesados en postularse como delegados\/as deber\u00e1n cumplir con una serie de requisitos:<\/p>\n<p>&#8211; Ser mayor de 18 a\u00f1os.<br \/>\n&#8211; Contar con un a\u00f1o de antig\u00fcedad como afiliado\/a al Sindicato al momento de la inscripci\u00f3n.<br \/>\n&#8211; No estar afiliado\/a a otra entidad sindical.<br \/>\n&#8211; Haber pertenecido al \u00e1rea de trabajo correspondiente durante un per\u00edodo de al menos 1 a\u00f1o previo a las elecciones.<\/p>\n<p>Las \u00e1reas para las que se elegir\u00e1n delegados\/as abarcan una variedad de sectores de dependientes de la Secretar\u00eda de Obras P\u00fablicas: Administraci\u00f3n, Aguas Corrientes, Servicios Sanitarios y Planta Depuradora. Estos delegados\/as ser\u00e1n los representantes directos de sus compa\u00f1eros\/as, asegurando que sus voces sean escuchadas y sus derechos laborales sean protegidos.<\/p>\n<p>La elecci\u00f3n de delegados\/as sindicales es una oportunidad significativa para fortalecer la participaci\u00f3n democr\u00e1tica dentro del sindicato y contribuir al bienestar laboral de todos los trabajadores municipales. A trav\u00e9s de este proceso, se busca garantizar una representaci\u00f3n equitativa y eficaz en las distintas \u00e1reas laborales.<\/p>\n<p>Para aquellos\/as interesados\/as en presentar su candidatura y participar en este proceso democr\u00e1tico, el Sindicato de Trabajadores Municipales de Mercedes invita a acercarse a la sede gremial durante el per\u00edodo de inscripciones y cumplir con los requisitos establecidos. El sindicato espera una alta participaci\u00f3n y el compromiso de sus miembros en esta importante elecci\u00f3n.<\/p>\n<p>Para m\u00e1s informaci\u00f3n sobre el proceso de inscripci\u00f3n y los detalles de las \u00e1reas de delegaci\u00f3n, se recomienda contactar directamente con la sede gremial o visitar su sitio web oficial.<\/p>\n<p><img loading=\"lazy\" decoding=\"async\" class=\"alignnone wp-image-121609\" src=\"https:\/\/noticiasmercedinas.com\/site\/wp-content\/uploads\/2023\/08\/STMM.jpg\" alt=\"\" width=\"640\" height=\"640\" srcset=\"https:\/\/noticiasmercedinas.com\/site\/wp-content\/uploads\/2023\/08\/STMM.jpg 526w, https:\/\/noticiasmercedinas.com\/site\/wp-content\/uploads\/2023\/08\/STMM-300x300.jpg 300w, https:\/\/noticiasmercedinas.com\/site\/wp-content\/uploads\/2023\/08\/STMM-150x150.jpg 150w\" sizes=\"auto, (max-width: 640px) 100vw, 640px\" \/><\/p>\n","protected":false},"excerpt":{"rendered":"<p>\u25a0 Las \u00e1reas para las que se elegir\u00e1n abarcan una variedad de sectores de dependientes de la Secretar\u00eda de Obras P\u00fablicas: Administraci\u00f3n, Aguas Corrientes, Servicios Sanitarios y Planta Depuradora.<\/p>\n","protected":false},"author":16,"featured_media":17533,"comment_status":"closed","ping_status":"closed","sticky":false,"template":"","format":"standard","meta":{"footnotes":""},"categories":[3],"tags":[295,3284,1394],"class_list":["post-121608","post","type-post","status-publish","format-standard","has-post-thumbnail","hentry","category-sociedad","tag-delegados","tag-obras-publicas","tag-stmm"],"yoast_head":"<!-- This site is optimized with the Yoast SEO plugin v27.5 - https:\/\/yoast.com\/product\/yoast-seo-wordpress\/ -->\n<title>Inscripciones abiertas para elecci\u00f3n de delegados\/as en el Sindicato de Trabajadores Municipales<\/title>\n<meta name=\"robots\" content=\"index, follow, max-snippet:-1, max-image-preview:large, max-video-preview:-1\" \/>\n<link rel=\"canonical\" href=\"https:\/\/noticiasmercedinas.com\/site\/2023\/08\/27\/inscripciones-abiertas-para-eleccion-de-delegados-as-en-el-sindicato-de-trabajadores-municipales\/\" \/>\n<meta property=\"og:locale\" content=\"es_ES\" \/>\n<meta property=\"og:type\" content=\"article\" \/>\n<meta property=\"og:title\" content=\"Inscripciones abiertas para elecci\u00f3n de delegados\/as en el Sindicato de Trabajadores Municipales\" \/>\n<meta property=\"og:description\" content=\"\u25a0 Las \u00e1reas para las que se elegir\u00e1n abarcan una variedad de sectores de dependientes de la Secretar\u00eda de Obras P\u00fablicas: Administraci\u00f3n, Aguas Corrientes, Servicios Sanitarios y Planta Depuradora.\" \/>\n<meta property=\"og:url\" content=\"https:\/\/noticiasmercedinas.com\/site\/2023\/08\/27\/inscripciones-abiertas-para-eleccion-de-delegados-as-en-el-sindicato-de-trabajadores-municipales\/\" \/>\n<meta property=\"og:site_name\" content=\"NOTICIASMERCEDINAS.COM\" \/>\n<meta property=\"article:publisher\" content=\"https:\/\/www.facebook.com\/noticiasmercedinas\/\" \/>\n<meta property=\"article:published_time\" content=\"2023-08-27T13:03:09+00:00\" \/>\n<meta property=\"article:modified_time\" content=\"2023-08-27T15:35:21+00:00\" \/>\n<meta property=\"og:image\" content=\"https:\/\/noticiasmercedinas.com\/site\/wp-content\/uploads\/2019\/04\/palacio_municipal.jpg\" \/>\n\t<meta property=\"og:image:width\" content=\"640\" \/>\n\t<meta property=\"og:image:height\" content=\"373\" \/>\n\t<meta property=\"og:image:type\" content=\"image\/jpeg\" \/>\n<meta name=\"author\" content=\"NOTICIASMERCEDINAS.COM\" \/>\n<meta name=\"twitter:card\" content=\"summary_large_image\" \/>\n<meta name=\"twitter:creator\" content=\"@notmercedinas\" \/>\n<meta name=\"twitter:site\" content=\"@notmercedinas\" \/>\n<meta name=\"twitter:label1\" content=\"Escrito por\" \/>\n\t<meta name=\"twitter:data1\" content=\"NOTICIASMERCEDINAS.COM\" \/>\n\t<meta name=\"twitter:label2\" content=\"Tiempo de lectura\" \/>\n\t<meta name=\"twitter:data2\" content=\"2 minutos\" \/>\n<script type=\"application\/ld+json\" class=\"yoast-schema-graph\">{\"@context\":\"https:\\\/\\\/schema.org\",\"@graph\":[{\"@type\":\"Article\",\"@id\":\"https:\\\/\\\/noticiasmercedinas.com\\\/site\\\/2023\\\/08\\\/27\\\/inscripciones-abiertas-para-eleccion-de-delegados-as-en-el-sindicato-de-trabajadores-municipales\\\/#article\",\"isPartOf\":{\"@id\":\"https:\\\/\\\/noticiasmercedinas.com\\\/site\\\/2023\\\/08\\\/27\\\/inscripciones-abiertas-para-eleccion-de-delegados-as-en-el-sindicato-de-trabajadores-municipales\\\/\"},\"author\":{\"name\":\"NOTICIASMERCEDINAS.COM\",\"@id\":\"https:\\\/\\\/noticiasmercedinas.com\\\/site\\\/#\\\/schema\\\/person\\\/84b59c099c28ff2e8b77d4ceec5d8063\"},\"headline\":\"Inscripciones abiertas para elecci\u00f3n de delegados\\\/as en el Sindicato de Trabajadores Municipales\",\"datePublished\":\"2023-08-27T13:03:09+00:00\",\"dateModified\":\"2023-08-27T15:35:21+00:00\",\"mainEntityOfPage\":{\"@id\":\"https:\\\/\\\/noticiasmercedinas.com\\\/site\\\/2023\\\/08\\\/27\\\/inscripciones-abiertas-para-eleccion-de-delegados-as-en-el-sindicato-de-trabajadores-municipales\\\/\"},\"wordCount\":369,\"publisher\":{\"@id\":\"https:\\\/\\\/noticiasmercedinas.com\\\/site\\\/#organization\"},\"image\":{\"@id\":\"https:\\\/\\\/noticiasmercedinas.com\\\/site\\\/2023\\\/08\\\/27\\\/inscripciones-abiertas-para-eleccion-de-delegados-as-en-el-sindicato-de-trabajadores-municipales\\\/#primaryimage\"},\"thumbnailUrl\":\"https:\\\/\\\/noticiasmercedinas.com\\\/site\\\/wp-content\\\/uploads\\\/2019\\\/04\\\/palacio_municipal.jpg\",\"keywords\":[\"delegados\",\"obras publicas\",\"stmm\"],\"articleSection\":[\"Sociedad\"],\"inLanguage\":\"es\"},{\"@type\":\"WebPage\",\"@id\":\"https:\\\/\\\/noticiasmercedinas.com\\\/site\\\/2023\\\/08\\\/27\\\/inscripciones-abiertas-para-eleccion-de-delegados-as-en-el-sindicato-de-trabajadores-municipales\\\/\",\"url\":\"https:\\\/\\\/noticiasmercedinas.com\\\/site\\\/2023\\\/08\\\/27\\\/inscripciones-abiertas-para-eleccion-de-delegados-as-en-el-sindicato-de-trabajadores-municipales\\\/\",\"name\":\"Inscripciones abiertas para elecci\u00f3n de delegados\\\/as en el Sindicato de Trabajadores Municipales\",\"isPartOf\":{\"@id\":\"https:\\\/\\\/noticiasmercedinas.com\\\/site\\\/#website\"},\"primaryImageOfPage\":{\"@id\":\"https:\\\/\\\/noticiasmercedinas.com\\\/site\\\/2023\\\/08\\\/27\\\/inscripciones-abiertas-para-eleccion-de-delegados-as-en-el-sindicato-de-trabajadores-municipales\\\/#primaryimage\"},\"image\":{\"@id\":\"https:\\\/\\\/noticiasmercedinas.com\\\/site\\\/2023\\\/08\\\/27\\\/inscripciones-abiertas-para-eleccion-de-delegados-as-en-el-sindicato-de-trabajadores-municipales\\\/#primaryimage\"},\"thumbnailUrl\":\"https:\\\/\\\/noticiasmercedinas.com\\\/site\\\/wp-content\\\/uploads\\\/2019\\\/04\\\/palacio_municipal.jpg\",\"datePublished\":\"2023-08-27T13:03:09+00:00\",\"dateModified\":\"2023-08-27T15:35:21+00:00\",\"breadcrumb\":{\"@id\":\"https:\\\/\\\/noticiasmercedinas.com\\\/site\\\/2023\\\/08\\\/27\\\/inscripciones-abiertas-para-eleccion-de-delegados-as-en-el-sindicato-de-trabajadores-municipales\\\/#breadcrumb\"},\"inLanguage\":\"es\",\"potentialAction\":[{\"@type\":\"ReadAction\",\"target\":[\"https:\\\/\\\/noticiasmercedinas.com\\\/site\\\/2023\\\/08\\\/27\\\/inscripciones-abiertas-para-eleccion-de-delegados-as-en-el-sindicato-de-trabajadores-municipales\\\/\"]}]},{\"@type\":\"ImageObject\",\"inLanguage\":\"es\",\"@id\":\"https:\\\/\\\/noticiasmercedinas.com\\\/site\\\/2023\\\/08\\\/27\\\/inscripciones-abiertas-para-eleccion-de-delegados-as-en-el-sindicato-de-trabajadores-municipales\\\/#primaryimage\",\"url\":\"https:\\\/\\\/noticiasmercedinas.com\\\/site\\\/wp-content\\\/uploads\\\/2019\\\/04\\\/palacio_municipal.jpg\",\"contentUrl\":\"https:\\\/\\\/noticiasmercedinas.com\\\/site\\\/wp-content\\\/uploads\\\/2019\\\/04\\\/palacio_municipal.jpg\",\"width\":640,\"height\":373},{\"@type\":\"BreadcrumbList\",\"@id\":\"https:\\\/\\\/noticiasmercedinas.com\\\/site\\\/2023\\\/08\\\/27\\\/inscripciones-abiertas-para-eleccion-de-delegados-as-en-el-sindicato-de-trabajadores-municipales\\\/#breadcrumb\",\"itemListElement\":[{\"@type\":\"ListItem\",\"position\":1,\"name\":\"Portada\",\"item\":\"https:\\\/\\\/noticiasmercedinas.com\\\/site\\\/\"},{\"@type\":\"ListItem\",\"position\":2,\"name\":\"Inscripciones abiertas para elecci\u00f3n de delegados\\\/as en el Sindicato de Trabajadores Municipales\"}]},{\"@type\":\"WebSite\",\"@id\":\"https:\\\/\\\/noticiasmercedinas.com\\\/site\\\/#website\",\"url\":\"https:\\\/\\\/noticiasmercedinas.com\\\/site\\\/\",\"name\":\"NOTICIASMERCEDINAS.COM\",\"description\":\"Mercedes, Buenos Aires, Argentina\",\"publisher\":{\"@id\":\"https:\\\/\\\/noticiasmercedinas.com\\\/site\\\/#organization\"},\"potentialAction\":[{\"@type\":\"SearchAction\",\"target\":{\"@type\":\"EntryPoint\",\"urlTemplate\":\"https:\\\/\\\/noticiasmercedinas.com\\\/site\\\/?s={search_term_string}\"},\"query-input\":{\"@type\":\"PropertyValueSpecification\",\"valueRequired\":true,\"valueName\":\"search_term_string\"}}],\"inLanguage\":\"es\"},{\"@type\":\"Organization\",\"@id\":\"https:\\\/\\\/noticiasmercedinas.com\\\/site\\\/#organization\",\"name\":\"NOTICIASMERCEDINAS.COM\",\"url\":\"https:\\\/\\\/noticiasmercedinas.com\\\/site\\\/\",\"logo\":{\"@type\":\"ImageObject\",\"inLanguage\":\"es\",\"@id\":\"https:\\\/\\\/noticiasmercedinas.com\\\/site\\\/#\\\/schema\\\/logo\\\/image\\\/\",\"url\":\"https:\\\/\\\/noticiasmercedinas.com\\\/site\\\/wp-content\\\/uploads\\\/2020\\\/06\\\/LOGO-512.jpg\",\"contentUrl\":\"https:\\\/\\\/noticiasmercedinas.com\\\/site\\\/wp-content\\\/uploads\\\/2020\\\/06\\\/LOGO-512.jpg\",\"width\":512,\"height\":512,\"caption\":\"NOTICIASMERCEDINAS.COM\"},\"image\":{\"@id\":\"https:\\\/\\\/noticiasmercedinas.com\\\/site\\\/#\\\/schema\\\/logo\\\/image\\\/\"},\"sameAs\":[\"https:\\\/\\\/www.facebook.com\\\/noticiasmercedinas\\\/\",\"https:\\\/\\\/x.com\\\/notmercedinas\",\"https:\\\/\\\/www.instagram.com\\\/noticiasmercedinas\\\/\"]},{\"@type\":\"Person\",\"@id\":\"https:\\\/\\\/noticiasmercedinas.com\\\/site\\\/#\\\/schema\\\/person\\\/84b59c099c28ff2e8b77d4ceec5d8063\",\"name\":\"NOTICIASMERCEDINAS.COM\",\"image\":{\"@type\":\"ImageObject\",\"inLanguage\":\"es\",\"@id\":\"https:\\\/\\\/secure.gravatar.com\\\/avatar\\\/4dfbf16b4d17945bfb6341b2d19043457132fcf478a5ee04f42e959fd8f5df0a?s=96&d=mm&r=g\",\"url\":\"https:\\\/\\\/secure.gravatar.com\\\/avatar\\\/4dfbf16b4d17945bfb6341b2d19043457132fcf478a5ee04f42e959fd8f5df0a?s=96&d=mm&r=g\",\"contentUrl\":\"https:\\\/\\\/secure.gravatar.com\\\/avatar\\\/4dfbf16b4d17945bfb6341b2d19043457132fcf478a5ee04f42e959fd8f5df0a?s=96&d=mm&r=g\",\"caption\":\"NOTICIASMERCEDINAS.COM\"},\"url\":\"https:\\\/\\\/noticiasmercedinas.com\\\/site\\\/author\\\/anonimo\\\/\"}]}<\/script>\n<!-- \/ Yoast SEO plugin. -->","yoast_head_json":{"title":"Inscripciones abiertas para elecci\u00f3n de delegados\/as en el Sindicato de Trabajadores Municipales","robots":{"index":"index","follow":"follow","max-snippet":"max-snippet:-1","max-image-preview":"max-image-preview:large","max-video-preview":"max-video-preview:-1"},"canonical":"https:\/\/noticiasmercedinas.com\/site\/2023\/08\/27\/inscripciones-abiertas-para-eleccion-de-delegados-as-en-el-sindicato-de-trabajadores-municipales\/","og_locale":"es_ES","og_type":"article","og_title":"Inscripciones abiertas para elecci\u00f3n de delegados\/as en el Sindicato de Trabajadores Municipales","og_description":"\u25a0 Las \u00e1reas para las que se elegir\u00e1n abarcan una variedad de sectores de dependientes de la Secretar\u00eda de Obras P\u00fablicas: Administraci\u00f3n, Aguas Corrientes, Servicios Sanitarios y Planta Depuradora.","og_url":"https:\/\/noticiasmercedinas.com\/site\/2023\/08\/27\/inscripciones-abiertas-para-eleccion-de-delegados-as-en-el-sindicato-de-trabajadores-municipales\/","og_site_name":"NOTICIASMERCEDINAS.COM","article_publisher":"https:\/\/www.facebook.com\/noticiasmercedinas\/","article_published_time":"2023-08-27T13:03:09+00:00","article_modified_time":"2023-08-27T15:35:21+00:00","og_image":[{"width":640,"height":373,"url":"https:\/\/noticiasmercedinas.com\/site\/wp-content\/uploads\/2019\/04\/palacio_municipal.jpg","type":"image\/jpeg"}],"author":"NOTICIASMERCEDINAS.COM","twitter_card":"summary_large_image","twitter_creator":"@notmercedinas","twitter_site":"@notmercedinas","twitter_misc":{"Escrito por":"NOTICIASMERCEDINAS.COM","Tiempo de lectura":"2 minutos"},"schema":{"@context":"https:\/\/schema.org","@graph":[{"@type":"Article","@id":"https:\/\/noticiasmercedinas.com\/site\/2023\/08\/27\/inscripciones-abiertas-para-eleccion-de-delegados-as-en-el-sindicato-de-trabajadores-municipales\/#article","isPartOf":{"@id":"https:\/\/noticiasmercedinas.com\/site\/2023\/08\/27\/inscripciones-abiertas-para-eleccion-de-delegados-as-en-el-sindicato-de-trabajadores-municipales\/"},"author":{"name":"NOTICIASMERCEDINAS.COM","@id":"https:\/\/noticiasmercedinas.com\/site\/#\/schema\/person\/84b59c099c28ff2e8b77d4ceec5d8063"},"headline":"Inscripciones abiertas para elecci\u00f3n de delegados\/as en el Sindicato de Trabajadores Municipales","datePublished":"2023-08-27T13:03:09+00:00","dateModified":"2023-08-27T15:35:21+00:00","mainEntityOfPage":{"@id":"https:\/\/noticiasmercedinas.com\/site\/2023\/08\/27\/inscripciones-abiertas-para-eleccion-de-delegados-as-en-el-sindicato-de-trabajadores-municipales\/"},"wordCount":369,"publisher":{"@id":"https:\/\/noticiasmercedinas.com\/site\/#organization"},"image":{"@id":"https:\/\/noticiasmercedinas.com\/site\/2023\/08\/27\/inscripciones-abiertas-para-eleccion-de-delegados-as-en-el-sindicato-de-trabajadores-municipales\/#primaryimage"},"thumbnailUrl":"https:\/\/noticiasmercedinas.com\/site\/wp-content\/uploads\/2019\/04\/palacio_municipal.jpg","keywords":["delegados","obras publicas","stmm"],"articleSection":["Sociedad"],"inLanguage":"es"},{"@type":"WebPage","@id":"https:\/\/noticiasmercedinas.com\/site\/2023\/08\/27\/inscripciones-abiertas-para-eleccion-de-delegados-as-en-el-sindicato-de-trabajadores-municipales\/","url":"https:\/\/noticiasmercedinas.com\/site\/2023\/08\/27\/inscripciones-abiertas-para-eleccion-de-delegados-as-en-el-sindicato-de-trabajadores-municipales\/","name":"Inscripciones abiertas para elecci\u00f3n de delegados\/as en el Sindicato de Trabajadores Municipales","isPartOf":{"@id":"https:\/\/noticiasmercedinas.com\/site\/#website"},"primaryImageOfPage":{"@id":"https:\/\/noticiasmercedinas.com\/site\/2023\/08\/27\/inscripciones-abiertas-para-eleccion-de-delegados-as-en-el-sindicato-de-trabajadores-municipales\/#primaryimage"},"image":{"@id":"https:\/\/noticiasmercedinas.com\/site\/2023\/08\/27\/inscripciones-abiertas-para-eleccion-de-delegados-as-en-el-sindicato-de-trabajadores-municipales\/#primaryimage"},"thumbnailUrl":"https:\/\/noticiasmercedinas.com\/site\/wp-content\/uploads\/2019\/04\/palacio_municipal.jpg","datePublished":"2023-08-27T13:03:09+00:00","dateModified":"2023-08-27T15:35:21+00:00","breadcrumb":{"@id":"https:\/\/noticiasmercedinas.com\/site\/2023\/08\/27\/inscripciones-abiertas-para-eleccion-de-delegados-as-en-el-sindicato-de-trabajadores-municipales\/#breadcrumb"},"inLanguage":"es","potentialAction":[{"@type":"ReadAction","target":["https:\/\/noticiasmercedinas.com\/site\/2023\/08\/27\/inscripciones-abiertas-para-eleccion-de-delegados-as-en-el-sindicato-de-trabajadores-municipales\/"]}]},{"@type":"ImageObject","inLanguage":"es","@id":"https:\/\/noticiasmercedinas.com\/site\/2023\/08\/27\/inscripciones-abiertas-para-eleccion-de-delegados-as-en-el-sindicato-de-trabajadores-municipales\/#primaryimage","url":"https:\/\/noticiasmercedinas.com\/site\/wp-content\/uploads\/2019\/04\/palacio_municipal.jpg","contentUrl":"https:\/\/noticiasmercedinas.com\/site\/wp-content\/uploads\/2019\/04\/palacio_municipal.jpg","width":640,"height":373},{"@type":"BreadcrumbList","@id":"https:\/\/noticiasmercedinas.com\/site\/2023\/08\/27\/inscripciones-abiertas-para-eleccion-de-delegados-as-en-el-sindicato-de-trabajadores-municipales\/#breadcrumb","itemListElement":[{"@type":"ListItem","position":1,"name":"Portada","item":"https:\/\/noticiasmercedinas.com\/site\/"},{"@type":"ListItem","position":2,"name":"Inscripciones abiertas para elecci\u00f3n de delegados\/as en el Sindicato de Trabajadores Municipales"}]},{"@type":"WebSite","@id":"https:\/\/noticiasmercedinas.com\/site\/#website","url":"https:\/\/noticiasmercedinas.com\/site\/","name":"NOTICIASMERCEDINAS.COM","description":"Mercedes, Buenos Aires, Argentina","publisher":{"@id":"https:\/\/noticiasmercedinas.com\/site\/#organization"},"potentialAction":[{"@type":"SearchAction","target":{"@type":"EntryPoint","urlTemplate":"https:\/\/noticiasmercedinas.com\/site\/?s={search_term_string}"},"query-input":{"@type":"PropertyValueSpecification","valueRequired":true,"valueName":"search_term_string"}}],"inLanguage":"es"},{"@type":"Organization","@id":"https:\/\/noticiasmercedinas.com\/site\/#organization","name":"NOTICIASMERCEDINAS.COM","url":"https:\/\/noticiasmercedinas.com\/site\/","logo":{"@type":"ImageObject","inLanguage":"es","@id":"https:\/\/noticiasmercedinas.com\/site\/#\/schema\/logo\/image\/","url":"https:\/\/noticiasmercedinas.com\/site\/wp-content\/uploads\/2020\/06\/LOGO-512.jpg","contentUrl":"https:\/\/noticiasmercedinas.com\/site\/wp-content\/uploads\/2020\/06\/LOGO-512.jpg","width":512,"height":512,"caption":"NOTICIASMERCEDINAS.COM"},"image":{"@id":"https:\/\/noticiasmercedinas.com\/site\/#\/schema\/logo\/image\/"},"sameAs":["https:\/\/www.facebook.com\/noticiasmercedinas\/","https:\/\/x.com\/notmercedinas","https:\/\/www.instagram.com\/noticiasmercedinas\/"]},{"@type":"Person","@id":"https:\/\/noticiasmercedinas.com\/site\/#\/schema\/person\/84b59c099c28ff2e8b77d4ceec5d8063","name":"NOTICIASMERCEDINAS.COM","image":{"@type":"ImageObject","inLanguage":"es","@id":"https:\/\/secure.gravatar.com\/avatar\/4dfbf16b4d17945bfb6341b2d19043457132fcf478a5ee04f42e959fd8f5df0a?s=96&d=mm&r=g","url":"https:\/\/secure.gravatar.com\/avatar\/4dfbf16b4d17945bfb6341b2d19043457132fcf478a5ee04f42e959fd8f5df0a?s=96&d=mm&r=g","contentUrl":"https:\/\/secure.gravatar.com\/avatar\/4dfbf16b4d17945bfb6341b2d19043457132fcf478a5ee04f42e959fd8f5df0a?s=96&d=mm&r=g","caption":"NOTICIASMERCEDINAS.COM"},"url":"https:\/\/noticiasmercedinas.com\/site\/author\/anonimo\/"}]}},"amp_enabled":true,"_links":{"self":[{"href":"https:\/\/noticiasmercedinas.com\/site\/wp-json\/wp\/v2\/posts\/121608","targetHints":{"allow":["GET"]}}],"collection":[{"href":"https:\/\/noticiasmercedinas.com\/site\/wp-json\/wp\/v2\/posts"}],"about":[{"href":"https:\/\/noticiasmercedinas.com\/site\/wp-json\/wp\/v2\/types\/post"}],"author":[{"embeddable":true,"href":"https:\/\/noticiasmercedinas.com\/site\/wp-json\/wp\/v2\/users\/16"}],"replies":[{"embeddable":true,"href":"https:\/\/noticiasmercedinas.com\/site\/wp-json\/wp\/v2\/comments?post=121608"}],"version-history":[{"count":3,"href":"https:\/\/noticiasmercedinas.com\/site\/wp-json\/wp\/v2\/posts\/121608\/revisions"}],"predecessor-version":[{"id":121623,"href":"https:\/\/noticiasmercedinas.com\/site\/wp-json\/wp\/v2\/posts\/121608\/revisions\/121623"}],"wp:featuredmedia":[{"embeddable":true,"href":"https:\/\/noticiasmercedinas.com\/site\/wp-json\/wp\/v2\/media\/17533"}],"wp:attachment":[{"href":"https:\/\/noticiasmercedinas.com\/site\/wp-json\/wp\/v2\/media?parent=121608"}],"wp:term":[{"taxonomy":"category","embeddable":true,"href":"https:\/\/noticiasmercedinas.com\/site\/wp-json\/wp\/v2\/categories?post=121608"},{"taxonomy":"post_tag","embeddable":true,"href":"https:\/\/noticiasmercedinas.com\/site\/wp-json\/wp\/v2\/tags?post=121608"}],"curies":[{"name":"wp","href":"https:\/\/api.w.org\/{rel}","templated":true}]}}