{"id":121815,"date":"2023-08-30T17:47:25","date_gmt":"2023-08-30T20:47:25","guid":{"rendered":"https:\/\/noticiasmercedinas.com\/site\/?p=121815"},"modified":"2023-08-30T17:49:24","modified_gmt":"2023-08-30T20:49:24","slug":"crisis-de-identidad","status":"publish","type":"post","link":"https:\/\/noticiasmercedinas.com\/site\/2023\/08\/30\/crisis-de-identidad\/","title":{"rendered":"Crisis de identidad"},"content":{"rendered":"<p><img loading=\"lazy\" decoding=\"async\" class=\"alignnone size-full wp-image-118947\" src=\"https:\/\/noticiasmercedinas.com\/site\/wp-content\/uploads\/2023\/07\/OV.jpg\" alt=\"\" width=\"640\" height=\"392\" srcset=\"https:\/\/noticiasmercedinas.com\/site\/wp-content\/uploads\/2023\/07\/OV.jpg 640w, https:\/\/noticiasmercedinas.com\/site\/wp-content\/uploads\/2023\/07\/OV-300x184.jpg 300w\" sizes=\"auto, (max-width: 640px) 100vw, 640px\" \/><\/p>\n<p>Hay tiempo para todo, incluso para estar perdido.<\/p>\n<p>La etapa adolescente est\u00e1 caracterizada por una crisis de identidad, un sentimiento de desorientaci\u00f3n, un per\u00edodo donde se solt\u00f3 la liana de la infancia pero a\u00fan no se pudo alcanzar la de la adultez. Es, claramente, una fase de transici\u00f3n. Este per\u00edodo, marcado por la ambig\u00fcedad y la incertidumbre, se asemeja a una especie de laberinto psicol\u00f3gico, donde los j\u00f3venes se encuentran en un estado de b\u00fasqueda continua debido a los cambios en su entorno y en su propia identidad.<\/p>\n<p>Este proceso de b\u00fasqueda se ve exacerbado por el fen\u00f3meno conocido como separaci\u00f3n-individuaci\u00f3n, es decir, momento donde los adolescentes se distancian progresivamente de sus figuras parentales que dejaron de ser los referentes que fueron en la infancia. Los bastiones en los cuales fue construy\u00e9ndose la identidad empiezan a ser insuficientes y surge una sensaci\u00f3n de p\u00e9rdida y desorientaci\u00f3n.<\/p>\n<blockquote><p>La etapa adolescente est\u00e1 caracterizada por una crisis de identidad, un sentimiento de desorientaci\u00f3n, un per\u00edodo donde se solt\u00f3 la liana de la infancia pero a\u00fan no se pudo alcanzar la de la adultez.<\/p><\/blockquote>\n<p>Justo en este contexto de turbulencias es cuando el mandato social los empuja a tomar decisiones cargadas de una connotaci\u00f3n de proyecci\u00f3n de vida, del para siempre. Los j\u00f3venes se ven presionados a emprender la tarea de definir su identidad, lo que implica tomar decisiones significativas sobre su futuro \u00bfEst\u00e1n preparados? \u00bfEs preciso estar preparado para tomar decisiones o es tomando decisiones como uno se prepara, en este caso, para la vida?<\/p>\n<p>Asumir el riesgo de explorar, de aventurarse y de probar es ya una decisi\u00f3n importante en el camino de la independencia. Una decisi\u00f3n que puede ser la causa o el efecto de sentirse perdido.<\/p>\n<p>Dice Ferrari: <em>\u00abEs necesario aclarar que hay un tiempo necesario para estar perdido. y, m\u00e1s que necesario, muchas veces es inevitable, porque las cosas del mundo se ha transformado. Se ha perdido la gu\u00eda de los padres, en el sentido de que ellos hasta ahora nos se\u00f1alaban el camino. Uno est\u00e1 perdido porque ha decidido dejar las gu\u00edas que le marcaban el camino pero todav\u00eda no tiene claro su propio rumbo. Desde que nuestros padres dejan de ser nuestra referencia hasta que podemos movernos independientemente de ellos, hay un espacio, un tiempo de estar perdido\u00bb<\/em><\/p>\n<blockquote><p>La confusi\u00f3n y la b\u00fasqueda son etapas cruciales en el proceso de desarrollo de la identidad<\/p><\/blockquote>\n<p>La confusi\u00f3n y la b\u00fasqueda son etapas cruciales en el proceso de desarrollo de la identidad. Si este tiempo de \u00abperderse\u00bb puede sostenerse, incluso aunque est\u00e9 cargado de ansiedades, angustias, temores e incertidumbres, posiblemente se constituya en una oportunidad de crecimiento y autonom\u00eda. A trav\u00e9s de la exploraci\u00f3n y la adaptaci\u00f3n, cada individuo forja su camino \u00fanico hacia la madurez psicol\u00f3gica.<\/p>\n<p>En \u00faltima instancia, este proceso de b\u00fasqueda prepara el terreno para lo novedoso, el acto creativo de dise\u00f1ar lo nuevo, es decir, lo propio, y a partir de all\u00ed una identidad m\u00e1s s\u00f3lida. A medida que los individuos abrazan las incertidumbres de esta traves\u00eda, emergen con una comprensi\u00f3n m\u00e1s profunda de s\u00ed mismos y de su lugar en el mundo.<\/p>\n<hr \/>\n<p><strong>Marcos Tabossi<\/strong><br \/>\n<strong><a href=\"http:\/\/www.vocaciondeorientar.ar\/\">www.vocaciondeorientar.ar<\/a><\/strong><br \/>\n<strong>Redes sociales: @vocaciondeorientar<\/strong><\/p>\n","protected":false},"excerpt":{"rendered":"<p>Hay tiempo para todo, incluso para estar perdido. La etapa adolescente est\u00e1 caracterizada por una crisis de identidad, un sentimiento de desorientaci\u00f3n, un per\u00edodo donde se solt\u00f3 la liana de la infancia pero a\u00fan no se pudo alcanzar la de la adultez. Es, claramente, una fase de transici\u00f3n. Este per\u00edodo, marcado por la ambig\u00fcedad y [&hellip;]<\/p>\n","protected":false},"author":26,"featured_media":118947,"comment_status":"closed","ping_status":"closed","sticky":false,"template":"","format":"standard","meta":{"footnotes":""},"categories":[15755],"tags":[38,2118,6905],"class_list":["post-121815","post","type-post","status-publish","format-standard","has-post-thumbnail","hentry","category-educacion","tag-educacion","tag-marcos-tabossi","tag-orientacion-vocacional"],"yoast_head":"<!-- This site is optimized with the Yoast SEO plugin v27.5 - https:\/\/yoast.com\/product\/yoast-seo-wordpress\/ -->\n<title>Crisis de identidad<\/title>\n<meta name=\"robots\" content=\"index, follow, max-snippet:-1, max-image-preview:large, max-video-preview:-1\" \/>\n<link rel=\"canonical\" href=\"https:\/\/noticiasmercedinas.com\/site\/2023\/08\/30\/crisis-de-identidad\/\" \/>\n<meta property=\"og:locale\" content=\"es_ES\" \/>\n<meta property=\"og:type\" content=\"article\" \/>\n<meta property=\"og:title\" content=\"Crisis de identidad\" \/>\n<meta property=\"og:description\" content=\"Hay tiempo para todo, incluso para estar perdido. La etapa adolescente est\u00e1 caracterizada por una crisis de identidad, un sentimiento de desorientaci\u00f3n, un per\u00edodo donde se solt\u00f3 la liana de la infancia pero a\u00fan no se pudo alcanzar la de la adultez. Es, claramente, una fase de transici\u00f3n. Este per\u00edodo, marcado por la ambig\u00fcedad y [&hellip;]\" \/>\n<meta property=\"og:url\" content=\"https:\/\/noticiasmercedinas.com\/site\/2023\/08\/30\/crisis-de-identidad\/\" \/>\n<meta property=\"og:site_name\" content=\"NOTICIASMERCEDINAS.COM\" \/>\n<meta property=\"article:publisher\" content=\"https:\/\/www.facebook.com\/noticiasmercedinas\/\" \/>\n<meta property=\"article:author\" content=\"https:\/\/www.facebook.com\/www.untalmarcost.blogspot.com.ar\" \/>\n<meta property=\"article:published_time\" content=\"2023-08-30T20:47:25+00:00\" \/>\n<meta property=\"article:modified_time\" content=\"2023-08-30T20:49:24+00:00\" \/>\n<meta property=\"og:image\" content=\"https:\/\/noticiasmercedinas.com\/site\/wp-content\/uploads\/2023\/07\/OV.jpg\" \/>\n\t<meta property=\"og:image:width\" content=\"640\" \/>\n\t<meta property=\"og:image:height\" content=\"392\" \/>\n\t<meta property=\"og:image:type\" content=\"image\/jpeg\" \/>\n<meta name=\"author\" content=\"Marcos Tabossi\" \/>\n<meta name=\"twitter:card\" content=\"summary_large_image\" \/>\n<meta name=\"twitter:creator\" content=\"@https:\/\/twitter.com\/MarcosTabossi\" \/>\n<meta name=\"twitter:site\" content=\"@notmercedinas\" \/>\n<meta name=\"twitter:label1\" content=\"Escrito por\" \/>\n\t<meta name=\"twitter:data1\" content=\"Marcos Tabossi\" \/>\n\t<meta name=\"twitter:label2\" content=\"Tiempo de lectura\" \/>\n\t<meta name=\"twitter:data2\" content=\"3 minutos\" \/>\n<script type=\"application\/ld+json\" class=\"yoast-schema-graph\">{\"@context\":\"https:\\\/\\\/schema.org\",\"@graph\":[{\"@type\":\"Article\",\"@id\":\"https:\\\/\\\/noticiasmercedinas.com\\\/site\\\/2023\\\/08\\\/30\\\/crisis-de-identidad\\\/#article\",\"isPartOf\":{\"@id\":\"https:\\\/\\\/noticiasmercedinas.com\\\/site\\\/2023\\\/08\\\/30\\\/crisis-de-identidad\\\/\"},\"author\":{\"name\":\"Marcos Tabossi\",\"@id\":\"https:\\\/\\\/noticiasmercedinas.com\\\/site\\\/#\\\/schema\\\/person\\\/ad6432d89b9d86aa1236b4352f4f9271\"},\"headline\":\"Crisis de identidad\",\"datePublished\":\"2023-08-30T20:47:25+00:00\",\"dateModified\":\"2023-08-30T20:49:24+00:00\",\"mainEntityOfPage\":{\"@id\":\"https:\\\/\\\/noticiasmercedinas.com\\\/site\\\/2023\\\/08\\\/30\\\/crisis-de-identidad\\\/\"},\"wordCount\":576,\"publisher\":{\"@id\":\"https:\\\/\\\/noticiasmercedinas.com\\\/site\\\/#organization\"},\"image\":{\"@id\":\"https:\\\/\\\/noticiasmercedinas.com\\\/site\\\/2023\\\/08\\\/30\\\/crisis-de-identidad\\\/#primaryimage\"},\"thumbnailUrl\":\"https:\\\/\\\/noticiasmercedinas.com\\\/site\\\/wp-content\\\/uploads\\\/2023\\\/07\\\/OV.jpg\",\"keywords\":[\"educacion\",\"Marcos Tabossi\",\"orientaci\u00f3n vocacional\"],\"articleSection\":[\"Educacion\"],\"inLanguage\":\"es\"},{\"@type\":\"WebPage\",\"@id\":\"https:\\\/\\\/noticiasmercedinas.com\\\/site\\\/2023\\\/08\\\/30\\\/crisis-de-identidad\\\/\",\"url\":\"https:\\\/\\\/noticiasmercedinas.com\\\/site\\\/2023\\\/08\\\/30\\\/crisis-de-identidad\\\/\",\"name\":\"Crisis de identidad\",\"isPartOf\":{\"@id\":\"https:\\\/\\\/noticiasmercedinas.com\\\/site\\\/#website\"},\"primaryImageOfPage\":{\"@id\":\"https:\\\/\\\/noticiasmercedinas.com\\\/site\\\/2023\\\/08\\\/30\\\/crisis-de-identidad\\\/#primaryimage\"},\"image\":{\"@id\":\"https:\\\/\\\/noticiasmercedinas.com\\\/site\\\/2023\\\/08\\\/30\\\/crisis-de-identidad\\\/#primaryimage\"},\"thumbnailUrl\":\"https:\\\/\\\/noticiasmercedinas.com\\\/site\\\/wp-content\\\/uploads\\\/2023\\\/07\\\/OV.jpg\",\"datePublished\":\"2023-08-30T20:47:25+00:00\",\"dateModified\":\"2023-08-30T20:49:24+00:00\",\"breadcrumb\":{\"@id\":\"https:\\\/\\\/noticiasmercedinas.com\\\/site\\\/2023\\\/08\\\/30\\\/crisis-de-identidad\\\/#breadcrumb\"},\"inLanguage\":\"es\",\"potentialAction\":[{\"@type\":\"ReadAction\",\"target\":[\"https:\\\/\\\/noticiasmercedinas.com\\\/site\\\/2023\\\/08\\\/30\\\/crisis-de-identidad\\\/\"]}]},{\"@type\":\"ImageObject\",\"inLanguage\":\"es\",\"@id\":\"https:\\\/\\\/noticiasmercedinas.com\\\/site\\\/2023\\\/08\\\/30\\\/crisis-de-identidad\\\/#primaryimage\",\"url\":\"https:\\\/\\\/noticiasmercedinas.com\\\/site\\\/wp-content\\\/uploads\\\/2023\\\/07\\\/OV.jpg\",\"contentUrl\":\"https:\\\/\\\/noticiasmercedinas.com\\\/site\\\/wp-content\\\/uploads\\\/2023\\\/07\\\/OV.jpg\",\"width\":640,\"height\":392},{\"@type\":\"BreadcrumbList\",\"@id\":\"https:\\\/\\\/noticiasmercedinas.com\\\/site\\\/2023\\\/08\\\/30\\\/crisis-de-identidad\\\/#breadcrumb\",\"itemListElement\":[{\"@type\":\"ListItem\",\"position\":1,\"name\":\"Portada\",\"item\":\"https:\\\/\\\/noticiasmercedinas.com\\\/site\\\/\"},{\"@type\":\"ListItem\",\"position\":2,\"name\":\"Crisis de identidad\"}]},{\"@type\":\"WebSite\",\"@id\":\"https:\\\/\\\/noticiasmercedinas.com\\\/site\\\/#website\",\"url\":\"https:\\\/\\\/noticiasmercedinas.com\\\/site\\\/\",\"name\":\"NOTICIASMERCEDINAS.COM\",\"description\":\"Mercedes, Buenos Aires, Argentina\",\"publisher\":{\"@id\":\"https:\\\/\\\/noticiasmercedinas.com\\\/site\\\/#organization\"},\"potentialAction\":[{\"@type\":\"SearchAction\",\"target\":{\"@type\":\"EntryPoint\",\"urlTemplate\":\"https:\\\/\\\/noticiasmercedinas.com\\\/site\\\/?s={search_term_string}\"},\"query-input\":{\"@type\":\"PropertyValueSpecification\",\"valueRequired\":true,\"valueName\":\"search_term_string\"}}],\"inLanguage\":\"es\"},{\"@type\":\"Organization\",\"@id\":\"https:\\\/\\\/noticiasmercedinas.com\\\/site\\\/#organization\",\"name\":\"NOTICIASMERCEDINAS.COM\",\"url\":\"https:\\\/\\\/noticiasmercedinas.com\\\/site\\\/\",\"logo\":{\"@type\":\"ImageObject\",\"inLanguage\":\"es\",\"@id\":\"https:\\\/\\\/noticiasmercedinas.com\\\/site\\\/#\\\/schema\\\/logo\\\/image\\\/\",\"url\":\"https:\\\/\\\/noticiasmercedinas.com\\\/site\\\/wp-content\\\/uploads\\\/2020\\\/06\\\/LOGO-512.jpg\",\"contentUrl\":\"https:\\\/\\\/noticiasmercedinas.com\\\/site\\\/wp-content\\\/uploads\\\/2020\\\/06\\\/LOGO-512.jpg\",\"width\":512,\"height\":512,\"caption\":\"NOTICIASMERCEDINAS.COM\"},\"image\":{\"@id\":\"https:\\\/\\\/noticiasmercedinas.com\\\/site\\\/#\\\/schema\\\/logo\\\/image\\\/\"},\"sameAs\":[\"https:\\\/\\\/www.facebook.com\\\/noticiasmercedinas\\\/\",\"https:\\\/\\\/x.com\\\/notmercedinas\",\"https:\\\/\\\/www.instagram.com\\\/noticiasmercedinas\\\/\"]},{\"@type\":\"Person\",\"@id\":\"https:\\\/\\\/noticiasmercedinas.com\\\/site\\\/#\\\/schema\\\/person\\\/ad6432d89b9d86aa1236b4352f4f9271\",\"name\":\"Marcos Tabossi\",\"image\":{\"@type\":\"ImageObject\",\"inLanguage\":\"es\",\"@id\":\"https:\\\/\\\/secure.gravatar.com\\\/avatar\\\/3289c5816bd32b910d17b147a61ec9a26c21417a787bc3c66c4bfd5c3ad5bd45?s=96&d=mm&r=g\",\"url\":\"https:\\\/\\\/secure.gravatar.com\\\/avatar\\\/3289c5816bd32b910d17b147a61ec9a26c21417a787bc3c66c4bfd5c3ad5bd45?s=96&d=mm&r=g\",\"contentUrl\":\"https:\\\/\\\/secure.gravatar.com\\\/avatar\\\/3289c5816bd32b910d17b147a61ec9a26c21417a787bc3c66c4bfd5c3ad5bd45?s=96&d=mm&r=g\",\"caption\":\"Marcos Tabossi\"},\"description\":\"Psic\u00f3logo, docente y escritor. Public\u00f3 \u201cLa persona de al lado\u201d (2013) y \u201cUna especie de c\u00e1rcel\u201d (Peces de Ciudad. 2017). Particip\u00f3 con cuentos en diversas antolog\u00edas y es colaborador de sitios literarios nacionales e internacionales\",\"sameAs\":[\"https:\\\/\\\/www.facebook.com\\\/www.untalmarcost.blogspot.com.ar\",\"https:\\\/\\\/www.instagram.com\\\/marcostabossi\",\"https:\\\/\\\/x.com\\\/https:\\\/\\\/twitter.com\\\/MarcosTabossi\"],\"url\":\"https:\\\/\\\/noticiasmercedinas.com\\\/site\\\/author\\\/marcos-tabosssi\\\/\"}]}<\/script>\n<!-- \/ Yoast SEO plugin. -->","yoast_head_json":{"title":"Crisis de identidad","robots":{"index":"index","follow":"follow","max-snippet":"max-snippet:-1","max-image-preview":"max-image-preview:large","max-video-preview":"max-video-preview:-1"},"canonical":"https:\/\/noticiasmercedinas.com\/site\/2023\/08\/30\/crisis-de-identidad\/","og_locale":"es_ES","og_type":"article","og_title":"Crisis de identidad","og_description":"Hay tiempo para todo, incluso para estar perdido. La etapa adolescente est\u00e1 caracterizada por una crisis de identidad, un sentimiento de desorientaci\u00f3n, un per\u00edodo donde se solt\u00f3 la liana de la infancia pero a\u00fan no se pudo alcanzar la de la adultez. Es, claramente, una fase de transici\u00f3n. Este per\u00edodo, marcado por la ambig\u00fcedad y [&hellip;]","og_url":"https:\/\/noticiasmercedinas.com\/site\/2023\/08\/30\/crisis-de-identidad\/","og_site_name":"NOTICIASMERCEDINAS.COM","article_publisher":"https:\/\/www.facebook.com\/noticiasmercedinas\/","article_author":"https:\/\/www.facebook.com\/www.untalmarcost.blogspot.com.ar","article_published_time":"2023-08-30T20:47:25+00:00","article_modified_time":"2023-08-30T20:49:24+00:00","og_image":[{"width":640,"height":392,"url":"https:\/\/noticiasmercedinas.com\/site\/wp-content\/uploads\/2023\/07\/OV.jpg","type":"image\/jpeg"}],"author":"Marcos Tabossi","twitter_card":"summary_large_image","twitter_creator":"@https:\/\/twitter.com\/MarcosTabossi","twitter_site":"@notmercedinas","twitter_misc":{"Escrito por":"Marcos Tabossi","Tiempo de lectura":"3 minutos"},"schema":{"@context":"https:\/\/schema.org","@graph":[{"@type":"Article","@id":"https:\/\/noticiasmercedinas.com\/site\/2023\/08\/30\/crisis-de-identidad\/#article","isPartOf":{"@id":"https:\/\/noticiasmercedinas.com\/site\/2023\/08\/30\/crisis-de-identidad\/"},"author":{"name":"Marcos Tabossi","@id":"https:\/\/noticiasmercedinas.com\/site\/#\/schema\/person\/ad6432d89b9d86aa1236b4352f4f9271"},"headline":"Crisis de identidad","datePublished":"2023-08-30T20:47:25+00:00","dateModified":"2023-08-30T20:49:24+00:00","mainEntityOfPage":{"@id":"https:\/\/noticiasmercedinas.com\/site\/2023\/08\/30\/crisis-de-identidad\/"},"wordCount":576,"publisher":{"@id":"https:\/\/noticiasmercedinas.com\/site\/#organization"},"image":{"@id":"https:\/\/noticiasmercedinas.com\/site\/2023\/08\/30\/crisis-de-identidad\/#primaryimage"},"thumbnailUrl":"https:\/\/noticiasmercedinas.com\/site\/wp-content\/uploads\/2023\/07\/OV.jpg","keywords":["educacion","Marcos Tabossi","orientaci\u00f3n vocacional"],"articleSection":["Educacion"],"inLanguage":"es"},{"@type":"WebPage","@id":"https:\/\/noticiasmercedinas.com\/site\/2023\/08\/30\/crisis-de-identidad\/","url":"https:\/\/noticiasmercedinas.com\/site\/2023\/08\/30\/crisis-de-identidad\/","name":"Crisis de identidad","isPartOf":{"@id":"https:\/\/noticiasmercedinas.com\/site\/#website"},"primaryImageOfPage":{"@id":"https:\/\/noticiasmercedinas.com\/site\/2023\/08\/30\/crisis-de-identidad\/#primaryimage"},"image":{"@id":"https:\/\/noticiasmercedinas.com\/site\/2023\/08\/30\/crisis-de-identidad\/#primaryimage"},"thumbnailUrl":"https:\/\/noticiasmercedinas.com\/site\/wp-content\/uploads\/2023\/07\/OV.jpg","datePublished":"2023-08-30T20:47:25+00:00","dateModified":"2023-08-30T20:49:24+00:00","breadcrumb":{"@id":"https:\/\/noticiasmercedinas.com\/site\/2023\/08\/30\/crisis-de-identidad\/#breadcrumb"},"inLanguage":"es","potentialAction":[{"@type":"ReadAction","target":["https:\/\/noticiasmercedinas.com\/site\/2023\/08\/30\/crisis-de-identidad\/"]}]},{"@type":"ImageObject","inLanguage":"es","@id":"https:\/\/noticiasmercedinas.com\/site\/2023\/08\/30\/crisis-de-identidad\/#primaryimage","url":"https:\/\/noticiasmercedinas.com\/site\/wp-content\/uploads\/2023\/07\/OV.jpg","contentUrl":"https:\/\/noticiasmercedinas.com\/site\/wp-content\/uploads\/2023\/07\/OV.jpg","width":640,"height":392},{"@type":"BreadcrumbList","@id":"https:\/\/noticiasmercedinas.com\/site\/2023\/08\/30\/crisis-de-identidad\/#breadcrumb","itemListElement":[{"@type":"ListItem","position":1,"name":"Portada","item":"https:\/\/noticiasmercedinas.com\/site\/"},{"@type":"ListItem","position":2,"name":"Crisis de identidad"}]},{"@type":"WebSite","@id":"https:\/\/noticiasmercedinas.com\/site\/#website","url":"https:\/\/noticiasmercedinas.com\/site\/","name":"NOTICIASMERCEDINAS.COM","description":"Mercedes, Buenos Aires, Argentina","publisher":{"@id":"https:\/\/noticiasmercedinas.com\/site\/#organization"},"potentialAction":[{"@type":"SearchAction","target":{"@type":"EntryPoint","urlTemplate":"https:\/\/noticiasmercedinas.com\/site\/?s={search_term_string}"},"query-input":{"@type":"PropertyValueSpecification","valueRequired":true,"valueName":"search_term_string"}}],"inLanguage":"es"},{"@type":"Organization","@id":"https:\/\/noticiasmercedinas.com\/site\/#organization","name":"NOTICIASMERCEDINAS.COM","url":"https:\/\/noticiasmercedinas.com\/site\/","logo":{"@type":"ImageObject","inLanguage":"es","@id":"https:\/\/noticiasmercedinas.com\/site\/#\/schema\/logo\/image\/","url":"https:\/\/noticiasmercedinas.com\/site\/wp-content\/uploads\/2020\/06\/LOGO-512.jpg","contentUrl":"https:\/\/noticiasmercedinas.com\/site\/wp-content\/uploads\/2020\/06\/LOGO-512.jpg","width":512,"height":512,"caption":"NOTICIASMERCEDINAS.COM"},"image":{"@id":"https:\/\/noticiasmercedinas.com\/site\/#\/schema\/logo\/image\/"},"sameAs":["https:\/\/www.facebook.com\/noticiasmercedinas\/","https:\/\/x.com\/notmercedinas","https:\/\/www.instagram.com\/noticiasmercedinas\/"]},{"@type":"Person","@id":"https:\/\/noticiasmercedinas.com\/site\/#\/schema\/person\/ad6432d89b9d86aa1236b4352f4f9271","name":"Marcos Tabossi","image":{"@type":"ImageObject","inLanguage":"es","@id":"https:\/\/secure.gravatar.com\/avatar\/3289c5816bd32b910d17b147a61ec9a26c21417a787bc3c66c4bfd5c3ad5bd45?s=96&d=mm&r=g","url":"https:\/\/secure.gravatar.com\/avatar\/3289c5816bd32b910d17b147a61ec9a26c21417a787bc3c66c4bfd5c3ad5bd45?s=96&d=mm&r=g","contentUrl":"https:\/\/secure.gravatar.com\/avatar\/3289c5816bd32b910d17b147a61ec9a26c21417a787bc3c66c4bfd5c3ad5bd45?s=96&d=mm&r=g","caption":"Marcos Tabossi"},"description":"Psic\u00f3logo, docente y escritor. Public\u00f3 \u201cLa persona de al lado\u201d (2013) y \u201cUna especie de c\u00e1rcel\u201d (Peces de Ciudad. 2017). Particip\u00f3 con cuentos en diversas antolog\u00edas y es colaborador de sitios literarios nacionales e internacionales","sameAs":["https:\/\/www.facebook.com\/www.untalmarcost.blogspot.com.ar","https:\/\/www.instagram.com\/marcostabossi","https:\/\/x.com\/https:\/\/twitter.com\/MarcosTabossi"],"url":"https:\/\/noticiasmercedinas.com\/site\/author\/marcos-tabosssi\/"}]}},"amp_enabled":true,"_links":{"self":[{"href":"https:\/\/noticiasmercedinas.com\/site\/wp-json\/wp\/v2\/posts\/121815","targetHints":{"allow":["GET"]}}],"collection":[{"href":"https:\/\/noticiasmercedinas.com\/site\/wp-json\/wp\/v2\/posts"}],"about":[{"href":"https:\/\/noticiasmercedinas.com\/site\/wp-json\/wp\/v2\/types\/post"}],"author":[{"embeddable":true,"href":"https:\/\/noticiasmercedinas.com\/site\/wp-json\/wp\/v2\/users\/26"}],"replies":[{"embeddable":true,"href":"https:\/\/noticiasmercedinas.com\/site\/wp-json\/wp\/v2\/comments?post=121815"}],"version-history":[{"count":3,"href":"https:\/\/noticiasmercedinas.com\/site\/wp-json\/wp\/v2\/posts\/121815\/revisions"}],"predecessor-version":[{"id":121832,"href":"https:\/\/noticiasmercedinas.com\/site\/wp-json\/wp\/v2\/posts\/121815\/revisions\/121832"}],"wp:featuredmedia":[{"embeddable":true,"href":"https:\/\/noticiasmercedinas.com\/site\/wp-json\/wp\/v2\/media\/118947"}],"wp:attachment":[{"href":"https:\/\/noticiasmercedinas.com\/site\/wp-json\/wp\/v2\/media?parent=121815"}],"wp:term":[{"taxonomy":"category","embeddable":true,"href":"https:\/\/noticiasmercedinas.com\/site\/wp-json\/wp\/v2\/categories?post=121815"},{"taxonomy":"post_tag","embeddable":true,"href":"https:\/\/noticiasmercedinas.com\/site\/wp-json\/wp\/v2\/tags?post=121815"}],"curies":[{"name":"wp","href":"https:\/\/api.w.org\/{rel}","templated":true}]}}