{"id":12183,"date":"2019-02-11T19:39:38","date_gmt":"2019-02-11T22:39:38","guid":{"rendered":"https:\/\/noticiasmercedinas.com\/site\/2019\/02\/11\/la-defensoria-lanza-un-taller-virtual-contra-los-noviazgos-violentos\/"},"modified":"2019-02-11T19:59:18","modified_gmt":"2019-02-11T22:59:18","slug":"la-defensoria-lanza-un-taller-virtual-contra-los-noviazgos-violentos","status":"publish","type":"post","link":"https:\/\/noticiasmercedinas.com\/site\/2019\/02\/11\/la-defensoria-lanza-un-taller-virtual-contra-los-noviazgos-violentos\/","title":{"rendered":"La Defensor\u00eda lanza un taller virtual contra los noviazgos violentos"},"content":{"rendered":"<p><strong>\u201cCort\u00e1 a tiempo\u201d es el nombre de la propuesta interactiva que el organismo podr\u00e1 online el 14 de febrero desde las 13 en sus cuentas de Facebook e Instagram<\/strong>.<\/p>\n<p><img loading=\"lazy\" decoding=\"async\" src=\"https:\/\/noticiasmercedinas.com\/site\/wp-content\/uploads\/2019\/02\/1549925768876675089729.png\" width=\"600\" height=\"337\" class=\"alignnone size-full wp-image-12184\" srcset=\"https:\/\/noticiasmercedinas.com\/site\/wp-content\/uploads\/2019\/02\/1549925768876675089729.png 600w, https:\/\/noticiasmercedinas.com\/site\/wp-content\/uploads\/2019\/02\/1549925768876675089729-300x169.png 300w\" sizes=\"auto, (max-width: 600px) 100vw, 600px\" \/><\/p>\n<p>Con la mira puesta en desnaturalizar y reconocer situaciones de violencia en las relaciones de pareja, la Defensor\u00eda del Pueblo bonaerense presentar\u00e1 el 14 de febrero desde las 13 el taller virtual \u201cCort\u00e1 a tiempo\u201d, una propuesta que apunta a concientizar sobre los noviazgos violentos.<\/p>\n<p>Con una transmisi\u00f3n en vivo desde sus cuentas de Facebook e Instagram, el organismo que conduce Guido Lorenzino apunta a llegar a un p\u00fablico masivo para visibilizar y reflexionar sobre las pr\u00e1cticas consideradas naturales pero que esconden conductas violentas dentro de los v\u00ednculos personales.<\/p>\n<p>\u201cDurante el a\u00f1o pasado recorrimos toda la Provincia con el taller \u2018Cort\u00e1 a tiempo\u2019. Tuvimos m\u00e1s de treinta encuentros en escuelas p\u00fablicas y privadas, clubes, ONG \u0301s, centros culturales y comunales, iglesias y gremios, por lo que la buena recepci\u00f3n que alcanzamos con esta iniciativa nos llev\u00f3 a ofrecer este encuentro virtual justo en una fecha muy simb\u00f3lica para analizar la tem\u00e1tica\u201d, sostuvo Lorenzino.<\/p>\n<p>El taller contar\u00e1 con la apertura del Defensor del Pueblo y luego el equipo de Pol\u00edticas P\u00fablicas abrir\u00e1 el debate con preguntas sobre las relaciones de pareja y cuestionamientos sobre qu\u00e9 hay detr\u00e1s del amor rom\u00e1ntico: los celos, los relatos tradicionales sobre el amor, la entrega total a la pareja o la idea de amor como sufrimiento, entre otros an\u00e1lisis.<\/p>\n<p>La intenci\u00f3n es que las interacciones con el p\u00fablico en l\u00ednea sirvan para identificar estas conductas violentas, para dejar atr\u00e1s la idea nociones err\u00f3neas que hay detr\u00e1s de las relaciones en pareja y tambi\u00e9n para cortar o evitar situaciones de riesgo.<\/p>\n<p>Facebook: https:\/\/es-la.facebook.com\/defensoriaPBA\/<\/p>\n<p>Instagram: https:\/\/www.instagram.com\/defensoriapba\/?hl=es<\/p>\n","protected":false},"excerpt":{"rendered":"<p>\u201cCort\u00e1 a tiempo\u201d es el nombre de la propuesta interactiva que el organismo podr\u00e1 online el 14 de febrero desde las 13 en sus cuentas de Facebook e Instagram. Con la mira puesta en desnaturalizar y reconocer situaciones de violencia en las relaciones de pareja, la Defensor\u00eda del Pueblo bonaerense presentar\u00e1 el 14 de febrero [&hellip;]<\/p>\n","protected":false},"author":2,"featured_media":12184,"comment_status":"open","ping_status":"open","sticky":false,"template":"","format":"standard","meta":{"footnotes":""},"categories":[139],"tags":[285,3525],"class_list":["post-12183","post","type-post","status-publish","format-standard","has-post-thumbnail","hentry","category-regionales","tag-defensor-del-pueblo","tag-noviazgos"],"yoast_head":"<!-- This site is optimized with the Yoast SEO plugin v27.4 - https:\/\/yoast.com\/product\/yoast-seo-wordpress\/ -->\n<title>La Defensor\u00eda lanza un taller virtual contra los noviazgos violentos<\/title>\n<meta name=\"robots\" content=\"index, follow, max-snippet:-1, max-image-preview:large, max-video-preview:-1\" \/>\n<link rel=\"canonical\" href=\"https:\/\/noticiasmercedinas.com\/site\/2019\/02\/11\/la-defensoria-lanza-un-taller-virtual-contra-los-noviazgos-violentos\/\" \/>\n<meta property=\"og:locale\" content=\"es_ES\" \/>\n<meta property=\"og:type\" content=\"article\" \/>\n<meta property=\"og:title\" content=\"La Defensor\u00eda lanza un taller virtual contra los noviazgos violentos\" \/>\n<meta property=\"og:description\" content=\"\u201cCort\u00e1 a tiempo\u201d es el nombre de la propuesta interactiva que el organismo podr\u00e1 online el 14 de febrero desde las 13 en sus cuentas de Facebook e Instagram. Con la mira puesta en desnaturalizar y reconocer situaciones de violencia en las relaciones de pareja, la Defensor\u00eda del Pueblo bonaerense presentar\u00e1 el 14 de febrero [&hellip;]\" \/>\n<meta property=\"og:url\" content=\"https:\/\/noticiasmercedinas.com\/site\/2019\/02\/11\/la-defensoria-lanza-un-taller-virtual-contra-los-noviazgos-violentos\/\" \/>\n<meta property=\"og:site_name\" content=\"NOTICIASMERCEDINAS.COM\" \/>\n<meta property=\"article:publisher\" content=\"https:\/\/www.facebook.com\/noticiasmercedinas\/\" \/>\n<meta property=\"article:author\" content=\"https:\/\/www.facebook.com\/cristian.falabella\" \/>\n<meta property=\"article:published_time\" content=\"2019-02-11T22:39:38+00:00\" \/>\n<meta property=\"article:modified_time\" content=\"2019-02-11T22:59:18+00:00\" \/>\n<meta property=\"og:image\" content=\"https:\/\/noticiasmercedinas.com\/site\/wp-content\/uploads\/2019\/02\/1549925768876675089729.png\" \/>\n\t<meta property=\"og:image:width\" content=\"600\" \/>\n\t<meta property=\"og:image:height\" content=\"337\" \/>\n\t<meta property=\"og:image:type\" content=\"image\/png\" \/>\n<meta name=\"author\" content=\"Cristian Falabella NOTICIASMERCEDINAS.COM\" \/>\n<meta name=\"twitter:card\" content=\"summary_large_image\" \/>\n<meta name=\"twitter:creator\" content=\"@https:\/\/twitter.com\/NOTMERCEDINAS\" \/>\n<meta name=\"twitter:site\" content=\"@notmercedinas\" \/>\n<meta name=\"twitter:label1\" content=\"Escrito por\" \/>\n\t<meta name=\"twitter:data1\" content=\"Cristian Falabella NOTICIASMERCEDINAS.COM\" \/>\n\t<meta name=\"twitter:label2\" content=\"Tiempo de lectura\" \/>\n\t<meta name=\"twitter:data2\" content=\"2 minutos\" \/>\n<script type=\"application\/ld+json\" class=\"yoast-schema-graph\">{\"@context\":\"https:\\\/\\\/schema.org\",\"@graph\":[{\"@type\":\"Article\",\"@id\":\"https:\\\/\\\/noticiasmercedinas.com\\\/site\\\/2019\\\/02\\\/11\\\/la-defensoria-lanza-un-taller-virtual-contra-los-noviazgos-violentos\\\/#article\",\"isPartOf\":{\"@id\":\"https:\\\/\\\/noticiasmercedinas.com\\\/site\\\/2019\\\/02\\\/11\\\/la-defensoria-lanza-un-taller-virtual-contra-los-noviazgos-violentos\\\/\"},\"author\":{\"name\":\"Cristian Falabella NOTICIASMERCEDINAS.COM\",\"@id\":\"https:\\\/\\\/noticiasmercedinas.com\\\/site\\\/#\\\/schema\\\/person\\\/d481a9696a5feaec13a60e2bbd991a6a\"},\"headline\":\"La Defensor\u00eda lanza un taller virtual contra los noviazgos violentos\",\"datePublished\":\"2019-02-11T22:39:38+00:00\",\"dateModified\":\"2019-02-11T22:59:18+00:00\",\"mainEntityOfPage\":{\"@id\":\"https:\\\/\\\/noticiasmercedinas.com\\\/site\\\/2019\\\/02\\\/11\\\/la-defensoria-lanza-un-taller-virtual-contra-los-noviazgos-violentos\\\/\"},\"wordCount\":327,\"commentCount\":0,\"publisher\":{\"@id\":\"https:\\\/\\\/noticiasmercedinas.com\\\/site\\\/#organization\"},\"image\":{\"@id\":\"https:\\\/\\\/noticiasmercedinas.com\\\/site\\\/2019\\\/02\\\/11\\\/la-defensoria-lanza-un-taller-virtual-contra-los-noviazgos-violentos\\\/#primaryimage\"},\"thumbnailUrl\":\"https:\\\/\\\/noticiasmercedinas.com\\\/site\\\/wp-content\\\/uploads\\\/2019\\\/02\\\/1549925768876675089729.png\",\"keywords\":[\"defensor del pueblo\",\"noviazgos\"],\"articleSection\":[\"Regionales\"],\"inLanguage\":\"es\",\"potentialAction\":[{\"@type\":\"CommentAction\",\"name\":\"Comment\",\"target\":[\"https:\\\/\\\/noticiasmercedinas.com\\\/site\\\/2019\\\/02\\\/11\\\/la-defensoria-lanza-un-taller-virtual-contra-los-noviazgos-violentos\\\/#respond\"]}]},{\"@type\":\"WebPage\",\"@id\":\"https:\\\/\\\/noticiasmercedinas.com\\\/site\\\/2019\\\/02\\\/11\\\/la-defensoria-lanza-un-taller-virtual-contra-los-noviazgos-violentos\\\/\",\"url\":\"https:\\\/\\\/noticiasmercedinas.com\\\/site\\\/2019\\\/02\\\/11\\\/la-defensoria-lanza-un-taller-virtual-contra-los-noviazgos-violentos\\\/\",\"name\":\"La Defensor\u00eda lanza un taller virtual contra los noviazgos violentos\",\"isPartOf\":{\"@id\":\"https:\\\/\\\/noticiasmercedinas.com\\\/site\\\/#website\"},\"primaryImageOfPage\":{\"@id\":\"https:\\\/\\\/noticiasmercedinas.com\\\/site\\\/2019\\\/02\\\/11\\\/la-defensoria-lanza-un-taller-virtual-contra-los-noviazgos-violentos\\\/#primaryimage\"},\"image\":{\"@id\":\"https:\\\/\\\/noticiasmercedinas.com\\\/site\\\/2019\\\/02\\\/11\\\/la-defensoria-lanza-un-taller-virtual-contra-los-noviazgos-violentos\\\/#primaryimage\"},\"thumbnailUrl\":\"https:\\\/\\\/noticiasmercedinas.com\\\/site\\\/wp-content\\\/uploads\\\/2019\\\/02\\\/1549925768876675089729.png\",\"datePublished\":\"2019-02-11T22:39:38+00:00\",\"dateModified\":\"2019-02-11T22:59:18+00:00\",\"breadcrumb\":{\"@id\":\"https:\\\/\\\/noticiasmercedinas.com\\\/site\\\/2019\\\/02\\\/11\\\/la-defensoria-lanza-un-taller-virtual-contra-los-noviazgos-violentos\\\/#breadcrumb\"},\"inLanguage\":\"es\",\"potentialAction\":[{\"@type\":\"ReadAction\",\"target\":[\"https:\\\/\\\/noticiasmercedinas.com\\\/site\\\/2019\\\/02\\\/11\\\/la-defensoria-lanza-un-taller-virtual-contra-los-noviazgos-violentos\\\/\"]}]},{\"@type\":\"ImageObject\",\"inLanguage\":\"es\",\"@id\":\"https:\\\/\\\/noticiasmercedinas.com\\\/site\\\/2019\\\/02\\\/11\\\/la-defensoria-lanza-un-taller-virtual-contra-los-noviazgos-violentos\\\/#primaryimage\",\"url\":\"https:\\\/\\\/noticiasmercedinas.com\\\/site\\\/wp-content\\\/uploads\\\/2019\\\/02\\\/1549925768876675089729.png\",\"contentUrl\":\"https:\\\/\\\/noticiasmercedinas.com\\\/site\\\/wp-content\\\/uploads\\\/2019\\\/02\\\/1549925768876675089729.png\",\"width\":600,\"height\":337},{\"@type\":\"BreadcrumbList\",\"@id\":\"https:\\\/\\\/noticiasmercedinas.com\\\/site\\\/2019\\\/02\\\/11\\\/la-defensoria-lanza-un-taller-virtual-contra-los-noviazgos-violentos\\\/#breadcrumb\",\"itemListElement\":[{\"@type\":\"ListItem\",\"position\":1,\"name\":\"Portada\",\"item\":\"https:\\\/\\\/noticiasmercedinas.com\\\/site\\\/\"},{\"@type\":\"ListItem\",\"position\":2,\"name\":\"La Defensor\u00eda lanza un taller virtual contra los noviazgos violentos\"}]},{\"@type\":\"WebSite\",\"@id\":\"https:\\\/\\\/noticiasmercedinas.com\\\/site\\\/#website\",\"url\":\"https:\\\/\\\/noticiasmercedinas.com\\\/site\\\/\",\"name\":\"NOTICIASMERCEDINAS.COM\",\"description\":\"Mercedes, Buenos Aires, Argentina\",\"publisher\":{\"@id\":\"https:\\\/\\\/noticiasmercedinas.com\\\/site\\\/#organization\"},\"potentialAction\":[{\"@type\":\"SearchAction\",\"target\":{\"@type\":\"EntryPoint\",\"urlTemplate\":\"https:\\\/\\\/noticiasmercedinas.com\\\/site\\\/?s={search_term_string}\"},\"query-input\":{\"@type\":\"PropertyValueSpecification\",\"valueRequired\":true,\"valueName\":\"search_term_string\"}}],\"inLanguage\":\"es\"},{\"@type\":\"Organization\",\"@id\":\"https:\\\/\\\/noticiasmercedinas.com\\\/site\\\/#organization\",\"name\":\"NOTICIASMERCEDINAS.COM\",\"url\":\"https:\\\/\\\/noticiasmercedinas.com\\\/site\\\/\",\"logo\":{\"@type\":\"ImageObject\",\"inLanguage\":\"es\",\"@id\":\"https:\\\/\\\/noticiasmercedinas.com\\\/site\\\/#\\\/schema\\\/logo\\\/image\\\/\",\"url\":\"https:\\\/\\\/noticiasmercedinas.com\\\/site\\\/wp-content\\\/uploads\\\/2020\\\/06\\\/LOGO-512.jpg\",\"contentUrl\":\"https:\\\/\\\/noticiasmercedinas.com\\\/site\\\/wp-content\\\/uploads\\\/2020\\\/06\\\/LOGO-512.jpg\",\"width\":512,\"height\":512,\"caption\":\"NOTICIASMERCEDINAS.COM\"},\"image\":{\"@id\":\"https:\\\/\\\/noticiasmercedinas.com\\\/site\\\/#\\\/schema\\\/logo\\\/image\\\/\"},\"sameAs\":[\"https:\\\/\\\/www.facebook.com\\\/noticiasmercedinas\\\/\",\"https:\\\/\\\/x.com\\\/notmercedinas\",\"https:\\\/\\\/www.instagram.com\\\/noticiasmercedinas\\\/\"]},{\"@type\":\"Person\",\"@id\":\"https:\\\/\\\/noticiasmercedinas.com\\\/site\\\/#\\\/schema\\\/person\\\/d481a9696a5feaec13a60e2bbd991a6a\",\"name\":\"Cristian Falabella NOTICIASMERCEDINAS.COM\",\"image\":{\"@type\":\"ImageObject\",\"inLanguage\":\"es\",\"@id\":\"https:\\\/\\\/secure.gravatar.com\\\/avatar\\\/0dbbfc45970cc46bcd0e57766228574ff3511d6eed045b182f536f0f478c1f06?s=96&d=mm&r=g\",\"url\":\"https:\\\/\\\/secure.gravatar.com\\\/avatar\\\/0dbbfc45970cc46bcd0e57766228574ff3511d6eed045b182f536f0f478c1f06?s=96&d=mm&r=g\",\"contentUrl\":\"https:\\\/\\\/secure.gravatar.com\\\/avatar\\\/0dbbfc45970cc46bcd0e57766228574ff3511d6eed045b182f536f0f478c1f06?s=96&d=mm&r=g\",\"caption\":\"Cristian Falabella NOTICIASMERCEDINAS.COM\"},\"description\":\"Periodista, editor de Noticias Mercedinas. Pas\u00f3 por varias redacciones y emprendimientos de prensa, en distintos formatos y \u00e9pocas. Se especializ\u00f3 --y sigue haci\u00e9ndolo-- en comunicaci\u00f3n en la web y en junio de 2006 fund\u00f3 este diario digital.\",\"sameAs\":[\"https:\\\/\\\/noticiasmercedinas.com\",\"https:\\\/\\\/www.facebook.com\\\/cristian.falabella\",\"https:\\\/\\\/www.instagram.com\\\/noticiasmercedinas\\\/\",\"https:\\\/\\\/x.com\\\/https:\\\/\\\/twitter.com\\\/NOTMERCEDINAS\"],\"url\":\"https:\\\/\\\/noticiasmercedinas.com\\\/site\\\/author\\\/as000384\\\/\"}]}<\/script>\n<!-- \/ Yoast SEO plugin. -->","yoast_head_json":{"title":"La Defensor\u00eda lanza un taller virtual contra los noviazgos violentos","robots":{"index":"index","follow":"follow","max-snippet":"max-snippet:-1","max-image-preview":"max-image-preview:large","max-video-preview":"max-video-preview:-1"},"canonical":"https:\/\/noticiasmercedinas.com\/site\/2019\/02\/11\/la-defensoria-lanza-un-taller-virtual-contra-los-noviazgos-violentos\/","og_locale":"es_ES","og_type":"article","og_title":"La Defensor\u00eda lanza un taller virtual contra los noviazgos violentos","og_description":"\u201cCort\u00e1 a tiempo\u201d es el nombre de la propuesta interactiva que el organismo podr\u00e1 online el 14 de febrero desde las 13 en sus cuentas de Facebook e Instagram. Con la mira puesta en desnaturalizar y reconocer situaciones de violencia en las relaciones de pareja, la Defensor\u00eda del Pueblo bonaerense presentar\u00e1 el 14 de febrero [&hellip;]","og_url":"https:\/\/noticiasmercedinas.com\/site\/2019\/02\/11\/la-defensoria-lanza-un-taller-virtual-contra-los-noviazgos-violentos\/","og_site_name":"NOTICIASMERCEDINAS.COM","article_publisher":"https:\/\/www.facebook.com\/noticiasmercedinas\/","article_author":"https:\/\/www.facebook.com\/cristian.falabella","article_published_time":"2019-02-11T22:39:38+00:00","article_modified_time":"2019-02-11T22:59:18+00:00","og_image":[{"width":600,"height":337,"url":"https:\/\/noticiasmercedinas.com\/site\/wp-content\/uploads\/2019\/02\/1549925768876675089729.png","type":"image\/png"}],"author":"Cristian Falabella NOTICIASMERCEDINAS.COM","twitter_card":"summary_large_image","twitter_creator":"@https:\/\/twitter.com\/NOTMERCEDINAS","twitter_site":"@notmercedinas","twitter_misc":{"Escrito por":"Cristian Falabella NOTICIASMERCEDINAS.COM","Tiempo de lectura":"2 minutos"},"schema":{"@context":"https:\/\/schema.org","@graph":[{"@type":"Article","@id":"https:\/\/noticiasmercedinas.com\/site\/2019\/02\/11\/la-defensoria-lanza-un-taller-virtual-contra-los-noviazgos-violentos\/#article","isPartOf":{"@id":"https:\/\/noticiasmercedinas.com\/site\/2019\/02\/11\/la-defensoria-lanza-un-taller-virtual-contra-los-noviazgos-violentos\/"},"author":{"name":"Cristian Falabella NOTICIASMERCEDINAS.COM","@id":"https:\/\/noticiasmercedinas.com\/site\/#\/schema\/person\/d481a9696a5feaec13a60e2bbd991a6a"},"headline":"La Defensor\u00eda lanza un taller virtual contra los noviazgos violentos","datePublished":"2019-02-11T22:39:38+00:00","dateModified":"2019-02-11T22:59:18+00:00","mainEntityOfPage":{"@id":"https:\/\/noticiasmercedinas.com\/site\/2019\/02\/11\/la-defensoria-lanza-un-taller-virtual-contra-los-noviazgos-violentos\/"},"wordCount":327,"commentCount":0,"publisher":{"@id":"https:\/\/noticiasmercedinas.com\/site\/#organization"},"image":{"@id":"https:\/\/noticiasmercedinas.com\/site\/2019\/02\/11\/la-defensoria-lanza-un-taller-virtual-contra-los-noviazgos-violentos\/#primaryimage"},"thumbnailUrl":"https:\/\/noticiasmercedinas.com\/site\/wp-content\/uploads\/2019\/02\/1549925768876675089729.png","keywords":["defensor del pueblo","noviazgos"],"articleSection":["Regionales"],"inLanguage":"es","potentialAction":[{"@type":"CommentAction","name":"Comment","target":["https:\/\/noticiasmercedinas.com\/site\/2019\/02\/11\/la-defensoria-lanza-un-taller-virtual-contra-los-noviazgos-violentos\/#respond"]}]},{"@type":"WebPage","@id":"https:\/\/noticiasmercedinas.com\/site\/2019\/02\/11\/la-defensoria-lanza-un-taller-virtual-contra-los-noviazgos-violentos\/","url":"https:\/\/noticiasmercedinas.com\/site\/2019\/02\/11\/la-defensoria-lanza-un-taller-virtual-contra-los-noviazgos-violentos\/","name":"La Defensor\u00eda lanza un taller virtual contra los noviazgos violentos","isPartOf":{"@id":"https:\/\/noticiasmercedinas.com\/site\/#website"},"primaryImageOfPage":{"@id":"https:\/\/noticiasmercedinas.com\/site\/2019\/02\/11\/la-defensoria-lanza-un-taller-virtual-contra-los-noviazgos-violentos\/#primaryimage"},"image":{"@id":"https:\/\/noticiasmercedinas.com\/site\/2019\/02\/11\/la-defensoria-lanza-un-taller-virtual-contra-los-noviazgos-violentos\/#primaryimage"},"thumbnailUrl":"https:\/\/noticiasmercedinas.com\/site\/wp-content\/uploads\/2019\/02\/1549925768876675089729.png","datePublished":"2019-02-11T22:39:38+00:00","dateModified":"2019-02-11T22:59:18+00:00","breadcrumb":{"@id":"https:\/\/noticiasmercedinas.com\/site\/2019\/02\/11\/la-defensoria-lanza-un-taller-virtual-contra-los-noviazgos-violentos\/#breadcrumb"},"inLanguage":"es","potentialAction":[{"@type":"ReadAction","target":["https:\/\/noticiasmercedinas.com\/site\/2019\/02\/11\/la-defensoria-lanza-un-taller-virtual-contra-los-noviazgos-violentos\/"]}]},{"@type":"ImageObject","inLanguage":"es","@id":"https:\/\/noticiasmercedinas.com\/site\/2019\/02\/11\/la-defensoria-lanza-un-taller-virtual-contra-los-noviazgos-violentos\/#primaryimage","url":"https:\/\/noticiasmercedinas.com\/site\/wp-content\/uploads\/2019\/02\/1549925768876675089729.png","contentUrl":"https:\/\/noticiasmercedinas.com\/site\/wp-content\/uploads\/2019\/02\/1549925768876675089729.png","width":600,"height":337},{"@type":"BreadcrumbList","@id":"https:\/\/noticiasmercedinas.com\/site\/2019\/02\/11\/la-defensoria-lanza-un-taller-virtual-contra-los-noviazgos-violentos\/#breadcrumb","itemListElement":[{"@type":"ListItem","position":1,"name":"Portada","item":"https:\/\/noticiasmercedinas.com\/site\/"},{"@type":"ListItem","position":2,"name":"La Defensor\u00eda lanza un taller virtual contra los noviazgos violentos"}]},{"@type":"WebSite","@id":"https:\/\/noticiasmercedinas.com\/site\/#website","url":"https:\/\/noticiasmercedinas.com\/site\/","name":"NOTICIASMERCEDINAS.COM","description":"Mercedes, Buenos Aires, Argentina","publisher":{"@id":"https:\/\/noticiasmercedinas.com\/site\/#organization"},"potentialAction":[{"@type":"SearchAction","target":{"@type":"EntryPoint","urlTemplate":"https:\/\/noticiasmercedinas.com\/site\/?s={search_term_string}"},"query-input":{"@type":"PropertyValueSpecification","valueRequired":true,"valueName":"search_term_string"}}],"inLanguage":"es"},{"@type":"Organization","@id":"https:\/\/noticiasmercedinas.com\/site\/#organization","name":"NOTICIASMERCEDINAS.COM","url":"https:\/\/noticiasmercedinas.com\/site\/","logo":{"@type":"ImageObject","inLanguage":"es","@id":"https:\/\/noticiasmercedinas.com\/site\/#\/schema\/logo\/image\/","url":"https:\/\/noticiasmercedinas.com\/site\/wp-content\/uploads\/2020\/06\/LOGO-512.jpg","contentUrl":"https:\/\/noticiasmercedinas.com\/site\/wp-content\/uploads\/2020\/06\/LOGO-512.jpg","width":512,"height":512,"caption":"NOTICIASMERCEDINAS.COM"},"image":{"@id":"https:\/\/noticiasmercedinas.com\/site\/#\/schema\/logo\/image\/"},"sameAs":["https:\/\/www.facebook.com\/noticiasmercedinas\/","https:\/\/x.com\/notmercedinas","https:\/\/www.instagram.com\/noticiasmercedinas\/"]},{"@type":"Person","@id":"https:\/\/noticiasmercedinas.com\/site\/#\/schema\/person\/d481a9696a5feaec13a60e2bbd991a6a","name":"Cristian Falabella NOTICIASMERCEDINAS.COM","image":{"@type":"ImageObject","inLanguage":"es","@id":"https:\/\/secure.gravatar.com\/avatar\/0dbbfc45970cc46bcd0e57766228574ff3511d6eed045b182f536f0f478c1f06?s=96&d=mm&r=g","url":"https:\/\/secure.gravatar.com\/avatar\/0dbbfc45970cc46bcd0e57766228574ff3511d6eed045b182f536f0f478c1f06?s=96&d=mm&r=g","contentUrl":"https:\/\/secure.gravatar.com\/avatar\/0dbbfc45970cc46bcd0e57766228574ff3511d6eed045b182f536f0f478c1f06?s=96&d=mm&r=g","caption":"Cristian Falabella NOTICIASMERCEDINAS.COM"},"description":"Periodista, editor de Noticias Mercedinas. Pas\u00f3 por varias redacciones y emprendimientos de prensa, en distintos formatos y \u00e9pocas. Se especializ\u00f3 --y sigue haci\u00e9ndolo-- en comunicaci\u00f3n en la web y en junio de 2006 fund\u00f3 este diario digital.","sameAs":["https:\/\/noticiasmercedinas.com","https:\/\/www.facebook.com\/cristian.falabella","https:\/\/www.instagram.com\/noticiasmercedinas\/","https:\/\/x.com\/https:\/\/twitter.com\/NOTMERCEDINAS"],"url":"https:\/\/noticiasmercedinas.com\/site\/author\/as000384\/"}]}},"amp_enabled":true,"_links":{"self":[{"href":"https:\/\/noticiasmercedinas.com\/site\/wp-json\/wp\/v2\/posts\/12183","targetHints":{"allow":["GET"]}}],"collection":[{"href":"https:\/\/noticiasmercedinas.com\/site\/wp-json\/wp\/v2\/posts"}],"about":[{"href":"https:\/\/noticiasmercedinas.com\/site\/wp-json\/wp\/v2\/types\/post"}],"author":[{"embeddable":true,"href":"https:\/\/noticiasmercedinas.com\/site\/wp-json\/wp\/v2\/users\/2"}],"replies":[{"embeddable":true,"href":"https:\/\/noticiasmercedinas.com\/site\/wp-json\/wp\/v2\/comments?post=12183"}],"version-history":[{"count":1,"href":"https:\/\/noticiasmercedinas.com\/site\/wp-json\/wp\/v2\/posts\/12183\/revisions"}],"predecessor-version":[{"id":12185,"href":"https:\/\/noticiasmercedinas.com\/site\/wp-json\/wp\/v2\/posts\/12183\/revisions\/12185"}],"wp:featuredmedia":[{"embeddable":true,"href":"https:\/\/noticiasmercedinas.com\/site\/wp-json\/wp\/v2\/media\/12184"}],"wp:attachment":[{"href":"https:\/\/noticiasmercedinas.com\/site\/wp-json\/wp\/v2\/media?parent=12183"}],"wp:term":[{"taxonomy":"category","embeddable":true,"href":"https:\/\/noticiasmercedinas.com\/site\/wp-json\/wp\/v2\/categories?post=12183"},{"taxonomy":"post_tag","embeddable":true,"href":"https:\/\/noticiasmercedinas.com\/site\/wp-json\/wp\/v2\/tags?post=12183"}],"curies":[{"name":"wp","href":"https:\/\/api.w.org\/{rel}","templated":true}]}}