{"id":121937,"date":"2023-09-02T08:18:49","date_gmt":"2023-09-02T11:18:49","guid":{"rendered":"https:\/\/noticiasmercedinas.com\/site\/?p=121937"},"modified":"2023-09-02T08:18:49","modified_gmt":"2023-09-02T11:18:49","slug":"la-unlu-celebra-el-50-aniversario-de-su-primera-clase","status":"publish","type":"post","link":"https:\/\/noticiasmercedinas.com\/site\/2023\/09\/02\/la-unlu-celebra-el-50-aniversario-de-su-primera-clase\/","title":{"rendered":"La UNLu celebra el 50\u00b0 aniversario de su primera clase"},"content":{"rendered":"<p><img loading=\"lazy\" decoding=\"async\" class=\"alignnone size-full wp-image-121938\" src=\"https:\/\/noticiasmercedinas.com\/site\/wp-content\/uploads\/2023\/09\/50AniversarioPrimeraClase_8.jpg\" alt=\"\" width=\"640\" height=\"480\" srcset=\"https:\/\/noticiasmercedinas.com\/site\/wp-content\/uploads\/2023\/09\/50AniversarioPrimeraClase_8.jpg 640w, https:\/\/noticiasmercedinas.com\/site\/wp-content\/uploads\/2023\/09\/50AniversarioPrimeraClase_8-300x225.jpg 300w, https:\/\/noticiasmercedinas.com\/site\/wp-content\/uploads\/2023\/09\/50AniversarioPrimeraClase_8-80x60.jpg 80w, https:\/\/noticiasmercedinas.com\/site\/wp-content\/uploads\/2023\/09\/50AniversarioPrimeraClase_8-160x120.jpg 160w, https:\/\/noticiasmercedinas.com\/site\/wp-content\/uploads\/2023\/09\/50AniversarioPrimeraClase_8-100x75.jpg 100w, https:\/\/noticiasmercedinas.com\/site\/wp-content\/uploads\/2023\/09\/50AniversarioPrimeraClase_8-200x150.jpg 200w, https:\/\/noticiasmercedinas.com\/site\/wp-content\/uploads\/2023\/09\/50AniversarioPrimeraClase_8-180x135.jpg 180w, https:\/\/noticiasmercedinas.com\/site\/wp-content\/uploads\/2023\/09\/50AniversarioPrimeraClase_8-360x270.jpg 360w, https:\/\/noticiasmercedinas.com\/site\/wp-content\/uploads\/2023\/09\/50AniversarioPrimeraClase_8-238x178.jpg 238w, https:\/\/noticiasmercedinas.com\/site\/wp-content\/uploads\/2023\/09\/50AniversarioPrimeraClase_8-476x356.jpg 476w\" sizes=\"auto, (max-width: 640px) 100vw, 640px\" \/><\/p>\n<p>La Universidad Nacional de Luj\u00e1n (UNLu) ha conmemorado con gran emoci\u00f3n el 50\u00b0 Aniversario del hist\u00f3rico evento que marc\u00f3 su inicio: la primera clase, que tuvo lugar en 1973 cuando la instituci\u00f3n se ubicaba en el barrio de la Hoster\u00eda San Antonio.<\/p>\n<p>La celebraci\u00f3n se llev\u00f3 a cabo en el edificio contiguo a la Biblioteca Central \u00abJaime De La Plaza\u00bb de la Sede Central Luj\u00e1n, donde se encuentra el aula 706. Este espacio emblem\u00e1tico ahora lleva el nombre de \u00ab1\u00b0 de Septiembre de 1973. Aula de los Primeros Pasos\u00bb, en honor al d\u00eda en que la UNLu dio sus primeros pasos acad\u00e9micos. Una placa conmemorativa en su entrada perpetuar\u00e1 el recuerdo de esta fecha hist\u00f3rica.<\/p>\n<p>El evento protocolar tuvo lugar en el contexto de los \u00ab40 A\u00f1os ininterrumpidos de Democracia en el pa\u00eds\u00bb y comenz\u00f3 con la entonaci\u00f3n del Himno Nacional. La Resoluci\u00f3n del Rectorado N\u00b0 207\/23 fue le\u00edda, anunciando la realizaci\u00f3n de este emotivo homenaje a todos los estudiantes, docentes y nodocentes que iniciaron su recorrido acad\u00e9mico en 1973.<\/p>\n<p>El Rector Walter Panessi destac\u00f3 en su discurso la audacia de quienes so\u00f1aron en grande en los primeros a\u00f1os de la universidad y el esfuerzo de todos aquellos que transformaron esos sue\u00f1os en aulas, laboratorios y bibliotecas. Agradeci\u00f3 a quienes contribuyeron a moldear carreras y forjar amistades duraderas, subrayando la gratitud de la instituci\u00f3n por el camino recorrido hasta el d\u00eda de hoy.<\/p>\n<p>La primera clase de hace medio siglo fue recordada con cari\u00f1o por el docente Leonardo Malacalza, profesor de Ecolog\u00eda, quien fue homenajeado en el acto. Malacalza brind\u00f3 una clase simb\u00f3lica en el aula conmemorativa, compartiendo recuerdos de los primeros a\u00f1os de la Casa de Estudios y recordando a los pioneros docentes, funcionarios y estudiantes. En la actualidad, Malacalza ostenta el t\u00edtulo de Profesor Extraordinario Em\u00e9rito y Doctor Honoris Causa de la UNLu.<\/p>\n<p>La jornada culmin\u00f3 con el corte de una torta que fue compartida entre los invitados y un brindis alusivo. Adem\u00e1s, se entreg\u00f3 un pergamino firmado por todos los presentes que formar\u00e1 parte del Aula \u00abde los Primeros Pasos\u00bb, inmortalizando este momento hist\u00f3rico.<\/p>\n<p>La UNLu celebra con orgullo sus primeros 50 a\u00f1os de existencia, recordando su humilde inicio y mirando hacia un futuro prometedor en la educaci\u00f3n superior en Argentina.<\/p>\n<p><img loading=\"lazy\" decoding=\"async\" class=\"alignnone size-full wp-image-121939\" src=\"https:\/\/noticiasmercedinas.com\/site\/wp-content\/uploads\/2023\/09\/50AniversarioPrimeraClase_4.jpg\" alt=\"\" width=\"640\" height=\"338\" srcset=\"https:\/\/noticiasmercedinas.com\/site\/wp-content\/uploads\/2023\/09\/50AniversarioPrimeraClase_4.jpg 640w, https:\/\/noticiasmercedinas.com\/site\/wp-content\/uploads\/2023\/09\/50AniversarioPrimeraClase_4-300x158.jpg 300w\" sizes=\"auto, (max-width: 640px) 100vw, 640px\" \/><\/p>\n","protected":false},"excerpt":{"rendered":"<p>La Universidad Nacional de Luj\u00e1n (UNLu) ha conmemorado con gran emoci\u00f3n el 50\u00b0 Aniversario del hist\u00f3rico evento que marc\u00f3 su inicio: la primera clase, que tuvo lugar en 1973 cuando la instituci\u00f3n se ubicaba en el barrio de la Hoster\u00eda San Antonio. La celebraci\u00f3n se llev\u00f3 a cabo en el edificio contiguo a la Biblioteca [&hellip;]<\/p>\n","protected":false},"author":16,"featured_media":121938,"comment_status":"closed","ping_status":"closed","sticky":false,"template":"","format":"standard","meta":{"footnotes":""},"categories":[15755,139],"tags":[40,116],"class_list":["post-121937","post","type-post","status-publish","format-standard","has-post-thumbnail","hentry","category-educacion","category-regionales","tag-lujan","tag-unlu"],"yoast_head":"<!-- This site is optimized with the Yoast SEO plugin v27.4 - https:\/\/yoast.com\/product\/yoast-seo-wordpress\/ -->\n<title>La UNLu celebra el 50\u00b0 aniversario de su primera clase<\/title>\n<meta name=\"robots\" content=\"index, follow, max-snippet:-1, max-image-preview:large, max-video-preview:-1\" \/>\n<link rel=\"canonical\" href=\"https:\/\/noticiasmercedinas.com\/site\/2023\/09\/02\/la-unlu-celebra-el-50-aniversario-de-su-primera-clase\/\" \/>\n<meta property=\"og:locale\" content=\"es_ES\" \/>\n<meta property=\"og:type\" content=\"article\" \/>\n<meta property=\"og:title\" content=\"La UNLu celebra el 50\u00b0 aniversario de su primera clase\" \/>\n<meta property=\"og:description\" content=\"La Universidad Nacional de Luj\u00e1n (UNLu) ha conmemorado con gran emoci\u00f3n el 50\u00b0 Aniversario del hist\u00f3rico evento que marc\u00f3 su inicio: la primera clase, que tuvo lugar en 1973 cuando la instituci\u00f3n se ubicaba en el barrio de la Hoster\u00eda San Antonio. La celebraci\u00f3n se llev\u00f3 a cabo en el edificio contiguo a la Biblioteca [&hellip;]\" \/>\n<meta property=\"og:url\" content=\"https:\/\/noticiasmercedinas.com\/site\/2023\/09\/02\/la-unlu-celebra-el-50-aniversario-de-su-primera-clase\/\" \/>\n<meta property=\"og:site_name\" content=\"NOTICIASMERCEDINAS.COM\" \/>\n<meta property=\"article:publisher\" content=\"https:\/\/www.facebook.com\/noticiasmercedinas\/\" \/>\n<meta property=\"article:published_time\" content=\"2023-09-02T11:18:49+00:00\" \/>\n<meta property=\"og:image\" content=\"https:\/\/noticiasmercedinas.com\/site\/wp-content\/uploads\/2023\/09\/50AniversarioPrimeraClase_8.jpg\" \/>\n\t<meta property=\"og:image:width\" content=\"640\" \/>\n\t<meta property=\"og:image:height\" content=\"480\" \/>\n\t<meta property=\"og:image:type\" content=\"image\/jpeg\" \/>\n<meta name=\"author\" content=\"NOTICIASMERCEDINAS.COM\" \/>\n<meta name=\"twitter:card\" content=\"summary_large_image\" \/>\n<meta name=\"twitter:creator\" content=\"@notmercedinas\" \/>\n<meta name=\"twitter:site\" content=\"@notmercedinas\" \/>\n<meta name=\"twitter:label1\" content=\"Escrito por\" \/>\n\t<meta name=\"twitter:data1\" content=\"NOTICIASMERCEDINAS.COM\" \/>\n\t<meta name=\"twitter:label2\" content=\"Tiempo de lectura\" \/>\n\t<meta name=\"twitter:data2\" content=\"3 minutos\" \/>\n<script type=\"application\/ld+json\" class=\"yoast-schema-graph\">{\"@context\":\"https:\\\/\\\/schema.org\",\"@graph\":[{\"@type\":\"Article\",\"@id\":\"https:\\\/\\\/noticiasmercedinas.com\\\/site\\\/2023\\\/09\\\/02\\\/la-unlu-celebra-el-50-aniversario-de-su-primera-clase\\\/#article\",\"isPartOf\":{\"@id\":\"https:\\\/\\\/noticiasmercedinas.com\\\/site\\\/2023\\\/09\\\/02\\\/la-unlu-celebra-el-50-aniversario-de-su-primera-clase\\\/\"},\"author\":{\"name\":\"NOTICIASMERCEDINAS.COM\",\"@id\":\"https:\\\/\\\/noticiasmercedinas.com\\\/site\\\/#\\\/schema\\\/person\\\/84b59c099c28ff2e8b77d4ceec5d8063\"},\"headline\":\"La UNLu celebra el 50\u00b0 aniversario de su primera clase\",\"datePublished\":\"2023-09-02T11:18:49+00:00\",\"mainEntityOfPage\":{\"@id\":\"https:\\\/\\\/noticiasmercedinas.com\\\/site\\\/2023\\\/09\\\/02\\\/la-unlu-celebra-el-50-aniversario-de-su-primera-clase\\\/\"},\"wordCount\":407,\"publisher\":{\"@id\":\"https:\\\/\\\/noticiasmercedinas.com\\\/site\\\/#organization\"},\"image\":{\"@id\":\"https:\\\/\\\/noticiasmercedinas.com\\\/site\\\/2023\\\/09\\\/02\\\/la-unlu-celebra-el-50-aniversario-de-su-primera-clase\\\/#primaryimage\"},\"thumbnailUrl\":\"https:\\\/\\\/noticiasmercedinas.com\\\/site\\\/wp-content\\\/uploads\\\/2023\\\/09\\\/50AniversarioPrimeraClase_8.jpg\",\"keywords\":[\"lujan\",\"unlu\"],\"articleSection\":[\"Educacion\",\"Regionales\"],\"inLanguage\":\"es\"},{\"@type\":\"WebPage\",\"@id\":\"https:\\\/\\\/noticiasmercedinas.com\\\/site\\\/2023\\\/09\\\/02\\\/la-unlu-celebra-el-50-aniversario-de-su-primera-clase\\\/\",\"url\":\"https:\\\/\\\/noticiasmercedinas.com\\\/site\\\/2023\\\/09\\\/02\\\/la-unlu-celebra-el-50-aniversario-de-su-primera-clase\\\/\",\"name\":\"La UNLu celebra el 50\u00b0 aniversario de su primera clase\",\"isPartOf\":{\"@id\":\"https:\\\/\\\/noticiasmercedinas.com\\\/site\\\/#website\"},\"primaryImageOfPage\":{\"@id\":\"https:\\\/\\\/noticiasmercedinas.com\\\/site\\\/2023\\\/09\\\/02\\\/la-unlu-celebra-el-50-aniversario-de-su-primera-clase\\\/#primaryimage\"},\"image\":{\"@id\":\"https:\\\/\\\/noticiasmercedinas.com\\\/site\\\/2023\\\/09\\\/02\\\/la-unlu-celebra-el-50-aniversario-de-su-primera-clase\\\/#primaryimage\"},\"thumbnailUrl\":\"https:\\\/\\\/noticiasmercedinas.com\\\/site\\\/wp-content\\\/uploads\\\/2023\\\/09\\\/50AniversarioPrimeraClase_8.jpg\",\"datePublished\":\"2023-09-02T11:18:49+00:00\",\"breadcrumb\":{\"@id\":\"https:\\\/\\\/noticiasmercedinas.com\\\/site\\\/2023\\\/09\\\/02\\\/la-unlu-celebra-el-50-aniversario-de-su-primera-clase\\\/#breadcrumb\"},\"inLanguage\":\"es\",\"potentialAction\":[{\"@type\":\"ReadAction\",\"target\":[\"https:\\\/\\\/noticiasmercedinas.com\\\/site\\\/2023\\\/09\\\/02\\\/la-unlu-celebra-el-50-aniversario-de-su-primera-clase\\\/\"]}]},{\"@type\":\"ImageObject\",\"inLanguage\":\"es\",\"@id\":\"https:\\\/\\\/noticiasmercedinas.com\\\/site\\\/2023\\\/09\\\/02\\\/la-unlu-celebra-el-50-aniversario-de-su-primera-clase\\\/#primaryimage\",\"url\":\"https:\\\/\\\/noticiasmercedinas.com\\\/site\\\/wp-content\\\/uploads\\\/2023\\\/09\\\/50AniversarioPrimeraClase_8.jpg\",\"contentUrl\":\"https:\\\/\\\/noticiasmercedinas.com\\\/site\\\/wp-content\\\/uploads\\\/2023\\\/09\\\/50AniversarioPrimeraClase_8.jpg\",\"width\":640,\"height\":480},{\"@type\":\"BreadcrumbList\",\"@id\":\"https:\\\/\\\/noticiasmercedinas.com\\\/site\\\/2023\\\/09\\\/02\\\/la-unlu-celebra-el-50-aniversario-de-su-primera-clase\\\/#breadcrumb\",\"itemListElement\":[{\"@type\":\"ListItem\",\"position\":1,\"name\":\"Portada\",\"item\":\"https:\\\/\\\/noticiasmercedinas.com\\\/site\\\/\"},{\"@type\":\"ListItem\",\"position\":2,\"name\":\"La UNLu celebra el 50\u00b0 aniversario de su primera clase\"}]},{\"@type\":\"WebSite\",\"@id\":\"https:\\\/\\\/noticiasmercedinas.com\\\/site\\\/#website\",\"url\":\"https:\\\/\\\/noticiasmercedinas.com\\\/site\\\/\",\"name\":\"NOTICIASMERCEDINAS.COM\",\"description\":\"Mercedes, Buenos Aires, Argentina\",\"publisher\":{\"@id\":\"https:\\\/\\\/noticiasmercedinas.com\\\/site\\\/#organization\"},\"potentialAction\":[{\"@type\":\"SearchAction\",\"target\":{\"@type\":\"EntryPoint\",\"urlTemplate\":\"https:\\\/\\\/noticiasmercedinas.com\\\/site\\\/?s={search_term_string}\"},\"query-input\":{\"@type\":\"PropertyValueSpecification\",\"valueRequired\":true,\"valueName\":\"search_term_string\"}}],\"inLanguage\":\"es\"},{\"@type\":\"Organization\",\"@id\":\"https:\\\/\\\/noticiasmercedinas.com\\\/site\\\/#organization\",\"name\":\"NOTICIASMERCEDINAS.COM\",\"url\":\"https:\\\/\\\/noticiasmercedinas.com\\\/site\\\/\",\"logo\":{\"@type\":\"ImageObject\",\"inLanguage\":\"es\",\"@id\":\"https:\\\/\\\/noticiasmercedinas.com\\\/site\\\/#\\\/schema\\\/logo\\\/image\\\/\",\"url\":\"https:\\\/\\\/noticiasmercedinas.com\\\/site\\\/wp-content\\\/uploads\\\/2020\\\/06\\\/LOGO-512.jpg\",\"contentUrl\":\"https:\\\/\\\/noticiasmercedinas.com\\\/site\\\/wp-content\\\/uploads\\\/2020\\\/06\\\/LOGO-512.jpg\",\"width\":512,\"height\":512,\"caption\":\"NOTICIASMERCEDINAS.COM\"},\"image\":{\"@id\":\"https:\\\/\\\/noticiasmercedinas.com\\\/site\\\/#\\\/schema\\\/logo\\\/image\\\/\"},\"sameAs\":[\"https:\\\/\\\/www.facebook.com\\\/noticiasmercedinas\\\/\",\"https:\\\/\\\/x.com\\\/notmercedinas\",\"https:\\\/\\\/www.instagram.com\\\/noticiasmercedinas\\\/\"]},{\"@type\":\"Person\",\"@id\":\"https:\\\/\\\/noticiasmercedinas.com\\\/site\\\/#\\\/schema\\\/person\\\/84b59c099c28ff2e8b77d4ceec5d8063\",\"name\":\"NOTICIASMERCEDINAS.COM\",\"image\":{\"@type\":\"ImageObject\",\"inLanguage\":\"es\",\"@id\":\"https:\\\/\\\/secure.gravatar.com\\\/avatar\\\/4dfbf16b4d17945bfb6341b2d19043457132fcf478a5ee04f42e959fd8f5df0a?s=96&d=mm&r=g\",\"url\":\"https:\\\/\\\/secure.gravatar.com\\\/avatar\\\/4dfbf16b4d17945bfb6341b2d19043457132fcf478a5ee04f42e959fd8f5df0a?s=96&d=mm&r=g\",\"contentUrl\":\"https:\\\/\\\/secure.gravatar.com\\\/avatar\\\/4dfbf16b4d17945bfb6341b2d19043457132fcf478a5ee04f42e959fd8f5df0a?s=96&d=mm&r=g\",\"caption\":\"NOTICIASMERCEDINAS.COM\"},\"url\":\"https:\\\/\\\/noticiasmercedinas.com\\\/site\\\/author\\\/anonimo\\\/\"}]}<\/script>\n<!-- \/ Yoast SEO plugin. -->","yoast_head_json":{"title":"La UNLu celebra el 50\u00b0 aniversario de su primera clase","robots":{"index":"index","follow":"follow","max-snippet":"max-snippet:-1","max-image-preview":"max-image-preview:large","max-video-preview":"max-video-preview:-1"},"canonical":"https:\/\/noticiasmercedinas.com\/site\/2023\/09\/02\/la-unlu-celebra-el-50-aniversario-de-su-primera-clase\/","og_locale":"es_ES","og_type":"article","og_title":"La UNLu celebra el 50\u00b0 aniversario de su primera clase","og_description":"La Universidad Nacional de Luj\u00e1n (UNLu) ha conmemorado con gran emoci\u00f3n el 50\u00b0 Aniversario del hist\u00f3rico evento que marc\u00f3 su inicio: la primera clase, que tuvo lugar en 1973 cuando la instituci\u00f3n se ubicaba en el barrio de la Hoster\u00eda San Antonio. La celebraci\u00f3n se llev\u00f3 a cabo en el edificio contiguo a la Biblioteca [&hellip;]","og_url":"https:\/\/noticiasmercedinas.com\/site\/2023\/09\/02\/la-unlu-celebra-el-50-aniversario-de-su-primera-clase\/","og_site_name":"NOTICIASMERCEDINAS.COM","article_publisher":"https:\/\/www.facebook.com\/noticiasmercedinas\/","article_published_time":"2023-09-02T11:18:49+00:00","og_image":[{"width":640,"height":480,"url":"https:\/\/noticiasmercedinas.com\/site\/wp-content\/uploads\/2023\/09\/50AniversarioPrimeraClase_8.jpg","type":"image\/jpeg"}],"author":"NOTICIASMERCEDINAS.COM","twitter_card":"summary_large_image","twitter_creator":"@notmercedinas","twitter_site":"@notmercedinas","twitter_misc":{"Escrito por":"NOTICIASMERCEDINAS.COM","Tiempo de lectura":"3 minutos"},"schema":{"@context":"https:\/\/schema.org","@graph":[{"@type":"Article","@id":"https:\/\/noticiasmercedinas.com\/site\/2023\/09\/02\/la-unlu-celebra-el-50-aniversario-de-su-primera-clase\/#article","isPartOf":{"@id":"https:\/\/noticiasmercedinas.com\/site\/2023\/09\/02\/la-unlu-celebra-el-50-aniversario-de-su-primera-clase\/"},"author":{"name":"NOTICIASMERCEDINAS.COM","@id":"https:\/\/noticiasmercedinas.com\/site\/#\/schema\/person\/84b59c099c28ff2e8b77d4ceec5d8063"},"headline":"La UNLu celebra el 50\u00b0 aniversario de su primera clase","datePublished":"2023-09-02T11:18:49+00:00","mainEntityOfPage":{"@id":"https:\/\/noticiasmercedinas.com\/site\/2023\/09\/02\/la-unlu-celebra-el-50-aniversario-de-su-primera-clase\/"},"wordCount":407,"publisher":{"@id":"https:\/\/noticiasmercedinas.com\/site\/#organization"},"image":{"@id":"https:\/\/noticiasmercedinas.com\/site\/2023\/09\/02\/la-unlu-celebra-el-50-aniversario-de-su-primera-clase\/#primaryimage"},"thumbnailUrl":"https:\/\/noticiasmercedinas.com\/site\/wp-content\/uploads\/2023\/09\/50AniversarioPrimeraClase_8.jpg","keywords":["lujan","unlu"],"articleSection":["Educacion","Regionales"],"inLanguage":"es"},{"@type":"WebPage","@id":"https:\/\/noticiasmercedinas.com\/site\/2023\/09\/02\/la-unlu-celebra-el-50-aniversario-de-su-primera-clase\/","url":"https:\/\/noticiasmercedinas.com\/site\/2023\/09\/02\/la-unlu-celebra-el-50-aniversario-de-su-primera-clase\/","name":"La UNLu celebra el 50\u00b0 aniversario de su primera clase","isPartOf":{"@id":"https:\/\/noticiasmercedinas.com\/site\/#website"},"primaryImageOfPage":{"@id":"https:\/\/noticiasmercedinas.com\/site\/2023\/09\/02\/la-unlu-celebra-el-50-aniversario-de-su-primera-clase\/#primaryimage"},"image":{"@id":"https:\/\/noticiasmercedinas.com\/site\/2023\/09\/02\/la-unlu-celebra-el-50-aniversario-de-su-primera-clase\/#primaryimage"},"thumbnailUrl":"https:\/\/noticiasmercedinas.com\/site\/wp-content\/uploads\/2023\/09\/50AniversarioPrimeraClase_8.jpg","datePublished":"2023-09-02T11:18:49+00:00","breadcrumb":{"@id":"https:\/\/noticiasmercedinas.com\/site\/2023\/09\/02\/la-unlu-celebra-el-50-aniversario-de-su-primera-clase\/#breadcrumb"},"inLanguage":"es","potentialAction":[{"@type":"ReadAction","target":["https:\/\/noticiasmercedinas.com\/site\/2023\/09\/02\/la-unlu-celebra-el-50-aniversario-de-su-primera-clase\/"]}]},{"@type":"ImageObject","inLanguage":"es","@id":"https:\/\/noticiasmercedinas.com\/site\/2023\/09\/02\/la-unlu-celebra-el-50-aniversario-de-su-primera-clase\/#primaryimage","url":"https:\/\/noticiasmercedinas.com\/site\/wp-content\/uploads\/2023\/09\/50AniversarioPrimeraClase_8.jpg","contentUrl":"https:\/\/noticiasmercedinas.com\/site\/wp-content\/uploads\/2023\/09\/50AniversarioPrimeraClase_8.jpg","width":640,"height":480},{"@type":"BreadcrumbList","@id":"https:\/\/noticiasmercedinas.com\/site\/2023\/09\/02\/la-unlu-celebra-el-50-aniversario-de-su-primera-clase\/#breadcrumb","itemListElement":[{"@type":"ListItem","position":1,"name":"Portada","item":"https:\/\/noticiasmercedinas.com\/site\/"},{"@type":"ListItem","position":2,"name":"La UNLu celebra el 50\u00b0 aniversario de su primera clase"}]},{"@type":"WebSite","@id":"https:\/\/noticiasmercedinas.com\/site\/#website","url":"https:\/\/noticiasmercedinas.com\/site\/","name":"NOTICIASMERCEDINAS.COM","description":"Mercedes, Buenos Aires, Argentina","publisher":{"@id":"https:\/\/noticiasmercedinas.com\/site\/#organization"},"potentialAction":[{"@type":"SearchAction","target":{"@type":"EntryPoint","urlTemplate":"https:\/\/noticiasmercedinas.com\/site\/?s={search_term_string}"},"query-input":{"@type":"PropertyValueSpecification","valueRequired":true,"valueName":"search_term_string"}}],"inLanguage":"es"},{"@type":"Organization","@id":"https:\/\/noticiasmercedinas.com\/site\/#organization","name":"NOTICIASMERCEDINAS.COM","url":"https:\/\/noticiasmercedinas.com\/site\/","logo":{"@type":"ImageObject","inLanguage":"es","@id":"https:\/\/noticiasmercedinas.com\/site\/#\/schema\/logo\/image\/","url":"https:\/\/noticiasmercedinas.com\/site\/wp-content\/uploads\/2020\/06\/LOGO-512.jpg","contentUrl":"https:\/\/noticiasmercedinas.com\/site\/wp-content\/uploads\/2020\/06\/LOGO-512.jpg","width":512,"height":512,"caption":"NOTICIASMERCEDINAS.COM"},"image":{"@id":"https:\/\/noticiasmercedinas.com\/site\/#\/schema\/logo\/image\/"},"sameAs":["https:\/\/www.facebook.com\/noticiasmercedinas\/","https:\/\/x.com\/notmercedinas","https:\/\/www.instagram.com\/noticiasmercedinas\/"]},{"@type":"Person","@id":"https:\/\/noticiasmercedinas.com\/site\/#\/schema\/person\/84b59c099c28ff2e8b77d4ceec5d8063","name":"NOTICIASMERCEDINAS.COM","image":{"@type":"ImageObject","inLanguage":"es","@id":"https:\/\/secure.gravatar.com\/avatar\/4dfbf16b4d17945bfb6341b2d19043457132fcf478a5ee04f42e959fd8f5df0a?s=96&d=mm&r=g","url":"https:\/\/secure.gravatar.com\/avatar\/4dfbf16b4d17945bfb6341b2d19043457132fcf478a5ee04f42e959fd8f5df0a?s=96&d=mm&r=g","contentUrl":"https:\/\/secure.gravatar.com\/avatar\/4dfbf16b4d17945bfb6341b2d19043457132fcf478a5ee04f42e959fd8f5df0a?s=96&d=mm&r=g","caption":"NOTICIASMERCEDINAS.COM"},"url":"https:\/\/noticiasmercedinas.com\/site\/author\/anonimo\/"}]}},"amp_enabled":true,"_links":{"self":[{"href":"https:\/\/noticiasmercedinas.com\/site\/wp-json\/wp\/v2\/posts\/121937","targetHints":{"allow":["GET"]}}],"collection":[{"href":"https:\/\/noticiasmercedinas.com\/site\/wp-json\/wp\/v2\/posts"}],"about":[{"href":"https:\/\/noticiasmercedinas.com\/site\/wp-json\/wp\/v2\/types\/post"}],"author":[{"embeddable":true,"href":"https:\/\/noticiasmercedinas.com\/site\/wp-json\/wp\/v2\/users\/16"}],"replies":[{"embeddable":true,"href":"https:\/\/noticiasmercedinas.com\/site\/wp-json\/wp\/v2\/comments?post=121937"}],"version-history":[{"count":1,"href":"https:\/\/noticiasmercedinas.com\/site\/wp-json\/wp\/v2\/posts\/121937\/revisions"}],"predecessor-version":[{"id":121940,"href":"https:\/\/noticiasmercedinas.com\/site\/wp-json\/wp\/v2\/posts\/121937\/revisions\/121940"}],"wp:featuredmedia":[{"embeddable":true,"href":"https:\/\/noticiasmercedinas.com\/site\/wp-json\/wp\/v2\/media\/121938"}],"wp:attachment":[{"href":"https:\/\/noticiasmercedinas.com\/site\/wp-json\/wp\/v2\/media?parent=121937"}],"wp:term":[{"taxonomy":"category","embeddable":true,"href":"https:\/\/noticiasmercedinas.com\/site\/wp-json\/wp\/v2\/categories?post=121937"},{"taxonomy":"post_tag","embeddable":true,"href":"https:\/\/noticiasmercedinas.com\/site\/wp-json\/wp\/v2\/tags?post=121937"}],"curies":[{"name":"wp","href":"https:\/\/api.w.org\/{rel}","templated":true}]}}