{"id":121983,"date":"2023-09-02T19:07:00","date_gmt":"2023-09-02T22:07:00","guid":{"rendered":"https:\/\/noticiasmercedinas.com\/site\/?p=121983"},"modified":"2023-09-02T19:09:04","modified_gmt":"2023-09-02T22:09:04","slug":"emotivos-festejos-en-el-54o-aniversario-del-hogar-villa-abrille","status":"publish","type":"post","link":"https:\/\/noticiasmercedinas.com\/site\/2023\/09\/02\/emotivos-festejos-en-el-54o-aniversario-del-hogar-villa-abrille\/","title":{"rendered":"Emotivos festejos en el 54\u00ba aniversario del Hogar Villa Abrille"},"content":{"rendered":"<p><img loading=\"lazy\" decoding=\"async\" class=\"alignnone size-large wp-image-121984\" src=\"https:\/\/noticiasmercedinas.com\/site\/wp-content\/uploads\/2023\/09\/MHM7605-1024x680.jpg\" alt=\"\" width=\"640\" height=\"425\" srcset=\"https:\/\/noticiasmercedinas.com\/site\/wp-content\/uploads\/2023\/09\/MHM7605-1024x680.jpg 1024w, https:\/\/noticiasmercedinas.com\/site\/wp-content\/uploads\/2023\/09\/MHM7605-300x199.jpg 300w, https:\/\/noticiasmercedinas.com\/site\/wp-content\/uploads\/2023\/09\/MHM7605-768x510.jpg 768w, https:\/\/noticiasmercedinas.com\/site\/wp-content\/uploads\/2023\/09\/MHM7605-640x425.jpg 640w, https:\/\/noticiasmercedinas.com\/site\/wp-content\/uploads\/2023\/09\/MHM7605-1280x850.jpg 1280w, https:\/\/noticiasmercedinas.com\/site\/wp-content\/uploads\/2023\/09\/MHM7605-681x452.jpg 681w, https:\/\/noticiasmercedinas.com\/site\/wp-content\/uploads\/2023\/09\/MHM7605.jpg 1323w\" sizes=\"auto, (max-width: 640px) 100vw, 640px\" \/><\/p>\n<p>El Hogar Villa Abrille celebr\u00f3 54 a\u00f1os de dedicaci\u00f3n y cari\u00f1o hacia los adultos mayores con un emotivo almuerzo de camarader\u00eda. El evento reuni\u00f3 a residentes, personal y distinguidos invitados que comparten invaluables momentos con los ancianos que residen en esta instituci\u00f3n.<\/p>\n<p>El intendente Juan Ignacio Ustarroz, presente en la celebraci\u00f3n, expres\u00f3 su reconocimiento al esfuerzo y la dedicaci\u00f3n del equipo de Adultos Mayores y de todo el personal del hogar. \u00abQueremos felicitar a cada trabajador y trabajadora del equipo de Adultos Mayores y de este hogar, sin duda tienen un compromiso, dedicaci\u00f3n y cari\u00f1o que se ve reflejado en el bienestar de nuestros residentes\u00bb, coment\u00f3.<\/p>\n<p>El Hogar Villa Abrille, bajo la coordinaci\u00f3n general de Mat\u00edas Tabossi, ha experimentado un continuo crecimiento en infraestructura, remodelaci\u00f3n del edificio, adopci\u00f3n de tecnolog\u00eda, aumento de personal y servicios. Tambi\u00e9n ha establecido conexiones con diversos programas y acciones de otras \u00e1reas municipales, fortaleciendo su compromiso con la comunidad.<\/p>\n<p>Durante la celebraci\u00f3n, Carmen, una de las residentes, tom\u00f3 la palabra y destac\u00f3 la importancia del amor brindado por el personal. \u00abEllos no hacen cosas solo por la salud, sino que brindan amor\u00bb, expres\u00f3 con gratitud. El evento tambi\u00e9n cont\u00f3 con un emocionante espect\u00e1culo en vivo a cargo de Mat\u00edas Navarro, que deleit\u00f3 a los presentes.<\/p>\n<p>Victoria Odel, directora de Adultos Mayores, expres\u00f3 su felicidad por la actividad significativa y agradeci\u00f3 a todo el equipo del hogar por su dedicaci\u00f3n constante para mejorar la calidad de vida de los residentes y fortalecer la instituci\u00f3n. \u00abPor supuesto, adem\u00e1s, hubo una rica torta que compartimos en el 54\u00ba aniversario de nuestra querida instituci\u00f3n\u00bb, a\u00f1adi\u00f3.<\/p>\n<p>El Hogar Villa Abrille contin\u00faa siendo un faro de atenci\u00f3n y cuidado para los adultos mayores, y este aniversario es un testimonio de su compromiso continuo con la comunidad.<\/p>\n","protected":false},"excerpt":{"rendered":"<p>\u25a0 La ocasi\u00f3n reuni\u00f3 a residentes, personal y distinguidos invitados que comparten invaluables momentos con los ancianos que residen en esta instituci\u00f3n<\/p>\n","protected":false},"author":16,"featured_media":121984,"comment_status":"closed","ping_status":"closed","sticky":false,"template":"","format":"standard","meta":{"footnotes":""},"categories":[3],"tags":[4362],"class_list":["post-121983","post","type-post","status-publish","format-standard","has-post-thumbnail","hentry","category-sociedad","tag-hogar-villa-abrille"],"yoast_head":"<!-- This site is optimized with the Yoast SEO plugin v27.5 - https:\/\/yoast.com\/product\/yoast-seo-wordpress\/ -->\n<title>Emotivos festejos en el 54\u00ba aniversario del Hogar Villa Abrille<\/title>\n<meta name=\"robots\" content=\"index, follow, max-snippet:-1, max-image-preview:large, max-video-preview:-1\" \/>\n<link rel=\"canonical\" href=\"https:\/\/noticiasmercedinas.com\/site\/2023\/09\/02\/emotivos-festejos-en-el-54o-aniversario-del-hogar-villa-abrille\/\" \/>\n<meta property=\"og:locale\" content=\"es_ES\" \/>\n<meta property=\"og:type\" content=\"article\" \/>\n<meta property=\"og:title\" content=\"Emotivos festejos en el 54\u00ba aniversario del Hogar Villa Abrille\" \/>\n<meta property=\"og:description\" content=\"\u25a0 La ocasi\u00f3n reuni\u00f3 a residentes, personal y distinguidos invitados que comparten invaluables momentos con los ancianos que residen en esta instituci\u00f3n\" \/>\n<meta property=\"og:url\" content=\"https:\/\/noticiasmercedinas.com\/site\/2023\/09\/02\/emotivos-festejos-en-el-54o-aniversario-del-hogar-villa-abrille\/\" \/>\n<meta property=\"og:site_name\" content=\"NOTICIASMERCEDINAS.COM\" \/>\n<meta property=\"article:publisher\" content=\"https:\/\/www.facebook.com\/noticiasmercedinas\/\" \/>\n<meta property=\"article:published_time\" content=\"2023-09-02T22:07:00+00:00\" \/>\n<meta property=\"article:modified_time\" content=\"2023-09-02T22:09:04+00:00\" \/>\n<meta property=\"og:image\" content=\"https:\/\/noticiasmercedinas.com\/site\/wp-content\/uploads\/2023\/09\/MHM7605.jpg\" \/>\n\t<meta property=\"og:image:width\" content=\"1323\" \/>\n\t<meta property=\"og:image:height\" content=\"879\" \/>\n\t<meta property=\"og:image:type\" content=\"image\/jpeg\" \/>\n<meta name=\"author\" content=\"NOTICIASMERCEDINAS.COM\" \/>\n<meta name=\"twitter:card\" content=\"summary_large_image\" \/>\n<meta name=\"twitter:creator\" content=\"@notmercedinas\" \/>\n<meta name=\"twitter:site\" content=\"@notmercedinas\" \/>\n<meta name=\"twitter:label1\" content=\"Escrito por\" \/>\n\t<meta name=\"twitter:data1\" content=\"NOTICIASMERCEDINAS.COM\" \/>\n\t<meta name=\"twitter:label2\" content=\"Tiempo de lectura\" \/>\n\t<meta name=\"twitter:data2\" content=\"2 minutos\" \/>\n<script type=\"application\/ld+json\" class=\"yoast-schema-graph\">{\"@context\":\"https:\\\/\\\/schema.org\",\"@graph\":[{\"@type\":\"Article\",\"@id\":\"https:\\\/\\\/noticiasmercedinas.com\\\/site\\\/2023\\\/09\\\/02\\\/emotivos-festejos-en-el-54o-aniversario-del-hogar-villa-abrille\\\/#article\",\"isPartOf\":{\"@id\":\"https:\\\/\\\/noticiasmercedinas.com\\\/site\\\/2023\\\/09\\\/02\\\/emotivos-festejos-en-el-54o-aniversario-del-hogar-villa-abrille\\\/\"},\"author\":{\"name\":\"NOTICIASMERCEDINAS.COM\",\"@id\":\"https:\\\/\\\/noticiasmercedinas.com\\\/site\\\/#\\\/schema\\\/person\\\/84b59c099c28ff2e8b77d4ceec5d8063\"},\"headline\":\"Emotivos festejos en el 54\u00ba aniversario del Hogar Villa Abrille\",\"datePublished\":\"2023-09-02T22:07:00+00:00\",\"dateModified\":\"2023-09-02T22:09:04+00:00\",\"mainEntityOfPage\":{\"@id\":\"https:\\\/\\\/noticiasmercedinas.com\\\/site\\\/2023\\\/09\\\/02\\\/emotivos-festejos-en-el-54o-aniversario-del-hogar-villa-abrille\\\/\"},\"wordCount\":328,\"publisher\":{\"@id\":\"https:\\\/\\\/noticiasmercedinas.com\\\/site\\\/#organization\"},\"image\":{\"@id\":\"https:\\\/\\\/noticiasmercedinas.com\\\/site\\\/2023\\\/09\\\/02\\\/emotivos-festejos-en-el-54o-aniversario-del-hogar-villa-abrille\\\/#primaryimage\"},\"thumbnailUrl\":\"https:\\\/\\\/noticiasmercedinas.com\\\/site\\\/wp-content\\\/uploads\\\/2023\\\/09\\\/MHM7605.jpg\",\"keywords\":[\"hogar villa abrille\"],\"articleSection\":[\"Sociedad\"],\"inLanguage\":\"es\"},{\"@type\":\"WebPage\",\"@id\":\"https:\\\/\\\/noticiasmercedinas.com\\\/site\\\/2023\\\/09\\\/02\\\/emotivos-festejos-en-el-54o-aniversario-del-hogar-villa-abrille\\\/\",\"url\":\"https:\\\/\\\/noticiasmercedinas.com\\\/site\\\/2023\\\/09\\\/02\\\/emotivos-festejos-en-el-54o-aniversario-del-hogar-villa-abrille\\\/\",\"name\":\"Emotivos festejos en el 54\u00ba aniversario del Hogar Villa Abrille\",\"isPartOf\":{\"@id\":\"https:\\\/\\\/noticiasmercedinas.com\\\/site\\\/#website\"},\"primaryImageOfPage\":{\"@id\":\"https:\\\/\\\/noticiasmercedinas.com\\\/site\\\/2023\\\/09\\\/02\\\/emotivos-festejos-en-el-54o-aniversario-del-hogar-villa-abrille\\\/#primaryimage\"},\"image\":{\"@id\":\"https:\\\/\\\/noticiasmercedinas.com\\\/site\\\/2023\\\/09\\\/02\\\/emotivos-festejos-en-el-54o-aniversario-del-hogar-villa-abrille\\\/#primaryimage\"},\"thumbnailUrl\":\"https:\\\/\\\/noticiasmercedinas.com\\\/site\\\/wp-content\\\/uploads\\\/2023\\\/09\\\/MHM7605.jpg\",\"datePublished\":\"2023-09-02T22:07:00+00:00\",\"dateModified\":\"2023-09-02T22:09:04+00:00\",\"breadcrumb\":{\"@id\":\"https:\\\/\\\/noticiasmercedinas.com\\\/site\\\/2023\\\/09\\\/02\\\/emotivos-festejos-en-el-54o-aniversario-del-hogar-villa-abrille\\\/#breadcrumb\"},\"inLanguage\":\"es\",\"potentialAction\":[{\"@type\":\"ReadAction\",\"target\":[\"https:\\\/\\\/noticiasmercedinas.com\\\/site\\\/2023\\\/09\\\/02\\\/emotivos-festejos-en-el-54o-aniversario-del-hogar-villa-abrille\\\/\"]}]},{\"@type\":\"ImageObject\",\"inLanguage\":\"es\",\"@id\":\"https:\\\/\\\/noticiasmercedinas.com\\\/site\\\/2023\\\/09\\\/02\\\/emotivos-festejos-en-el-54o-aniversario-del-hogar-villa-abrille\\\/#primaryimage\",\"url\":\"https:\\\/\\\/noticiasmercedinas.com\\\/site\\\/wp-content\\\/uploads\\\/2023\\\/09\\\/MHM7605.jpg\",\"contentUrl\":\"https:\\\/\\\/noticiasmercedinas.com\\\/site\\\/wp-content\\\/uploads\\\/2023\\\/09\\\/MHM7605.jpg\",\"width\":1323,\"height\":879},{\"@type\":\"BreadcrumbList\",\"@id\":\"https:\\\/\\\/noticiasmercedinas.com\\\/site\\\/2023\\\/09\\\/02\\\/emotivos-festejos-en-el-54o-aniversario-del-hogar-villa-abrille\\\/#breadcrumb\",\"itemListElement\":[{\"@type\":\"ListItem\",\"position\":1,\"name\":\"Portada\",\"item\":\"https:\\\/\\\/noticiasmercedinas.com\\\/site\\\/\"},{\"@type\":\"ListItem\",\"position\":2,\"name\":\"Emotivos festejos en el 54\u00ba aniversario del Hogar Villa Abrille\"}]},{\"@type\":\"WebSite\",\"@id\":\"https:\\\/\\\/noticiasmercedinas.com\\\/site\\\/#website\",\"url\":\"https:\\\/\\\/noticiasmercedinas.com\\\/site\\\/\",\"name\":\"NOTICIASMERCEDINAS.COM\",\"description\":\"Mercedes, Buenos Aires, Argentina\",\"publisher\":{\"@id\":\"https:\\\/\\\/noticiasmercedinas.com\\\/site\\\/#organization\"},\"potentialAction\":[{\"@type\":\"SearchAction\",\"target\":{\"@type\":\"EntryPoint\",\"urlTemplate\":\"https:\\\/\\\/noticiasmercedinas.com\\\/site\\\/?s={search_term_string}\"},\"query-input\":{\"@type\":\"PropertyValueSpecification\",\"valueRequired\":true,\"valueName\":\"search_term_string\"}}],\"inLanguage\":\"es\"},{\"@type\":\"Organization\",\"@id\":\"https:\\\/\\\/noticiasmercedinas.com\\\/site\\\/#organization\",\"name\":\"NOTICIASMERCEDINAS.COM\",\"url\":\"https:\\\/\\\/noticiasmercedinas.com\\\/site\\\/\",\"logo\":{\"@type\":\"ImageObject\",\"inLanguage\":\"es\",\"@id\":\"https:\\\/\\\/noticiasmercedinas.com\\\/site\\\/#\\\/schema\\\/logo\\\/image\\\/\",\"url\":\"https:\\\/\\\/noticiasmercedinas.com\\\/site\\\/wp-content\\\/uploads\\\/2020\\\/06\\\/LOGO-512.jpg\",\"contentUrl\":\"https:\\\/\\\/noticiasmercedinas.com\\\/site\\\/wp-content\\\/uploads\\\/2020\\\/06\\\/LOGO-512.jpg\",\"width\":512,\"height\":512,\"caption\":\"NOTICIASMERCEDINAS.COM\"},\"image\":{\"@id\":\"https:\\\/\\\/noticiasmercedinas.com\\\/site\\\/#\\\/schema\\\/logo\\\/image\\\/\"},\"sameAs\":[\"https:\\\/\\\/www.facebook.com\\\/noticiasmercedinas\\\/\",\"https:\\\/\\\/x.com\\\/notmercedinas\",\"https:\\\/\\\/www.instagram.com\\\/noticiasmercedinas\\\/\"]},{\"@type\":\"Person\",\"@id\":\"https:\\\/\\\/noticiasmercedinas.com\\\/site\\\/#\\\/schema\\\/person\\\/84b59c099c28ff2e8b77d4ceec5d8063\",\"name\":\"NOTICIASMERCEDINAS.COM\",\"image\":{\"@type\":\"ImageObject\",\"inLanguage\":\"es\",\"@id\":\"https:\\\/\\\/secure.gravatar.com\\\/avatar\\\/4dfbf16b4d17945bfb6341b2d19043457132fcf478a5ee04f42e959fd8f5df0a?s=96&d=mm&r=g\",\"url\":\"https:\\\/\\\/secure.gravatar.com\\\/avatar\\\/4dfbf16b4d17945bfb6341b2d19043457132fcf478a5ee04f42e959fd8f5df0a?s=96&d=mm&r=g\",\"contentUrl\":\"https:\\\/\\\/secure.gravatar.com\\\/avatar\\\/4dfbf16b4d17945bfb6341b2d19043457132fcf478a5ee04f42e959fd8f5df0a?s=96&d=mm&r=g\",\"caption\":\"NOTICIASMERCEDINAS.COM\"},\"url\":\"https:\\\/\\\/noticiasmercedinas.com\\\/site\\\/author\\\/anonimo\\\/\"}]}<\/script>\n<!-- \/ Yoast SEO plugin. -->","yoast_head_json":{"title":"Emotivos festejos en el 54\u00ba aniversario del Hogar Villa Abrille","robots":{"index":"index","follow":"follow","max-snippet":"max-snippet:-1","max-image-preview":"max-image-preview:large","max-video-preview":"max-video-preview:-1"},"canonical":"https:\/\/noticiasmercedinas.com\/site\/2023\/09\/02\/emotivos-festejos-en-el-54o-aniversario-del-hogar-villa-abrille\/","og_locale":"es_ES","og_type":"article","og_title":"Emotivos festejos en el 54\u00ba aniversario del Hogar Villa Abrille","og_description":"\u25a0 La ocasi\u00f3n reuni\u00f3 a residentes, personal y distinguidos invitados que comparten invaluables momentos con los ancianos que residen en esta instituci\u00f3n","og_url":"https:\/\/noticiasmercedinas.com\/site\/2023\/09\/02\/emotivos-festejos-en-el-54o-aniversario-del-hogar-villa-abrille\/","og_site_name":"NOTICIASMERCEDINAS.COM","article_publisher":"https:\/\/www.facebook.com\/noticiasmercedinas\/","article_published_time":"2023-09-02T22:07:00+00:00","article_modified_time":"2023-09-02T22:09:04+00:00","og_image":[{"width":1323,"height":879,"url":"https:\/\/noticiasmercedinas.com\/site\/wp-content\/uploads\/2023\/09\/MHM7605.jpg","type":"image\/jpeg"}],"author":"NOTICIASMERCEDINAS.COM","twitter_card":"summary_large_image","twitter_creator":"@notmercedinas","twitter_site":"@notmercedinas","twitter_misc":{"Escrito por":"NOTICIASMERCEDINAS.COM","Tiempo de lectura":"2 minutos"},"schema":{"@context":"https:\/\/schema.org","@graph":[{"@type":"Article","@id":"https:\/\/noticiasmercedinas.com\/site\/2023\/09\/02\/emotivos-festejos-en-el-54o-aniversario-del-hogar-villa-abrille\/#article","isPartOf":{"@id":"https:\/\/noticiasmercedinas.com\/site\/2023\/09\/02\/emotivos-festejos-en-el-54o-aniversario-del-hogar-villa-abrille\/"},"author":{"name":"NOTICIASMERCEDINAS.COM","@id":"https:\/\/noticiasmercedinas.com\/site\/#\/schema\/person\/84b59c099c28ff2e8b77d4ceec5d8063"},"headline":"Emotivos festejos en el 54\u00ba aniversario del Hogar Villa Abrille","datePublished":"2023-09-02T22:07:00+00:00","dateModified":"2023-09-02T22:09:04+00:00","mainEntityOfPage":{"@id":"https:\/\/noticiasmercedinas.com\/site\/2023\/09\/02\/emotivos-festejos-en-el-54o-aniversario-del-hogar-villa-abrille\/"},"wordCount":328,"publisher":{"@id":"https:\/\/noticiasmercedinas.com\/site\/#organization"},"image":{"@id":"https:\/\/noticiasmercedinas.com\/site\/2023\/09\/02\/emotivos-festejos-en-el-54o-aniversario-del-hogar-villa-abrille\/#primaryimage"},"thumbnailUrl":"https:\/\/noticiasmercedinas.com\/site\/wp-content\/uploads\/2023\/09\/MHM7605.jpg","keywords":["hogar villa abrille"],"articleSection":["Sociedad"],"inLanguage":"es"},{"@type":"WebPage","@id":"https:\/\/noticiasmercedinas.com\/site\/2023\/09\/02\/emotivos-festejos-en-el-54o-aniversario-del-hogar-villa-abrille\/","url":"https:\/\/noticiasmercedinas.com\/site\/2023\/09\/02\/emotivos-festejos-en-el-54o-aniversario-del-hogar-villa-abrille\/","name":"Emotivos festejos en el 54\u00ba aniversario del Hogar Villa Abrille","isPartOf":{"@id":"https:\/\/noticiasmercedinas.com\/site\/#website"},"primaryImageOfPage":{"@id":"https:\/\/noticiasmercedinas.com\/site\/2023\/09\/02\/emotivos-festejos-en-el-54o-aniversario-del-hogar-villa-abrille\/#primaryimage"},"image":{"@id":"https:\/\/noticiasmercedinas.com\/site\/2023\/09\/02\/emotivos-festejos-en-el-54o-aniversario-del-hogar-villa-abrille\/#primaryimage"},"thumbnailUrl":"https:\/\/noticiasmercedinas.com\/site\/wp-content\/uploads\/2023\/09\/MHM7605.jpg","datePublished":"2023-09-02T22:07:00+00:00","dateModified":"2023-09-02T22:09:04+00:00","breadcrumb":{"@id":"https:\/\/noticiasmercedinas.com\/site\/2023\/09\/02\/emotivos-festejos-en-el-54o-aniversario-del-hogar-villa-abrille\/#breadcrumb"},"inLanguage":"es","potentialAction":[{"@type":"ReadAction","target":["https:\/\/noticiasmercedinas.com\/site\/2023\/09\/02\/emotivos-festejos-en-el-54o-aniversario-del-hogar-villa-abrille\/"]}]},{"@type":"ImageObject","inLanguage":"es","@id":"https:\/\/noticiasmercedinas.com\/site\/2023\/09\/02\/emotivos-festejos-en-el-54o-aniversario-del-hogar-villa-abrille\/#primaryimage","url":"https:\/\/noticiasmercedinas.com\/site\/wp-content\/uploads\/2023\/09\/MHM7605.jpg","contentUrl":"https:\/\/noticiasmercedinas.com\/site\/wp-content\/uploads\/2023\/09\/MHM7605.jpg","width":1323,"height":879},{"@type":"BreadcrumbList","@id":"https:\/\/noticiasmercedinas.com\/site\/2023\/09\/02\/emotivos-festejos-en-el-54o-aniversario-del-hogar-villa-abrille\/#breadcrumb","itemListElement":[{"@type":"ListItem","position":1,"name":"Portada","item":"https:\/\/noticiasmercedinas.com\/site\/"},{"@type":"ListItem","position":2,"name":"Emotivos festejos en el 54\u00ba aniversario del Hogar Villa Abrille"}]},{"@type":"WebSite","@id":"https:\/\/noticiasmercedinas.com\/site\/#website","url":"https:\/\/noticiasmercedinas.com\/site\/","name":"NOTICIASMERCEDINAS.COM","description":"Mercedes, Buenos Aires, Argentina","publisher":{"@id":"https:\/\/noticiasmercedinas.com\/site\/#organization"},"potentialAction":[{"@type":"SearchAction","target":{"@type":"EntryPoint","urlTemplate":"https:\/\/noticiasmercedinas.com\/site\/?s={search_term_string}"},"query-input":{"@type":"PropertyValueSpecification","valueRequired":true,"valueName":"search_term_string"}}],"inLanguage":"es"},{"@type":"Organization","@id":"https:\/\/noticiasmercedinas.com\/site\/#organization","name":"NOTICIASMERCEDINAS.COM","url":"https:\/\/noticiasmercedinas.com\/site\/","logo":{"@type":"ImageObject","inLanguage":"es","@id":"https:\/\/noticiasmercedinas.com\/site\/#\/schema\/logo\/image\/","url":"https:\/\/noticiasmercedinas.com\/site\/wp-content\/uploads\/2020\/06\/LOGO-512.jpg","contentUrl":"https:\/\/noticiasmercedinas.com\/site\/wp-content\/uploads\/2020\/06\/LOGO-512.jpg","width":512,"height":512,"caption":"NOTICIASMERCEDINAS.COM"},"image":{"@id":"https:\/\/noticiasmercedinas.com\/site\/#\/schema\/logo\/image\/"},"sameAs":["https:\/\/www.facebook.com\/noticiasmercedinas\/","https:\/\/x.com\/notmercedinas","https:\/\/www.instagram.com\/noticiasmercedinas\/"]},{"@type":"Person","@id":"https:\/\/noticiasmercedinas.com\/site\/#\/schema\/person\/84b59c099c28ff2e8b77d4ceec5d8063","name":"NOTICIASMERCEDINAS.COM","image":{"@type":"ImageObject","inLanguage":"es","@id":"https:\/\/secure.gravatar.com\/avatar\/4dfbf16b4d17945bfb6341b2d19043457132fcf478a5ee04f42e959fd8f5df0a?s=96&d=mm&r=g","url":"https:\/\/secure.gravatar.com\/avatar\/4dfbf16b4d17945bfb6341b2d19043457132fcf478a5ee04f42e959fd8f5df0a?s=96&d=mm&r=g","contentUrl":"https:\/\/secure.gravatar.com\/avatar\/4dfbf16b4d17945bfb6341b2d19043457132fcf478a5ee04f42e959fd8f5df0a?s=96&d=mm&r=g","caption":"NOTICIASMERCEDINAS.COM"},"url":"https:\/\/noticiasmercedinas.com\/site\/author\/anonimo\/"}]}},"amp_enabled":true,"_links":{"self":[{"href":"https:\/\/noticiasmercedinas.com\/site\/wp-json\/wp\/v2\/posts\/121983","targetHints":{"allow":["GET"]}}],"collection":[{"href":"https:\/\/noticiasmercedinas.com\/site\/wp-json\/wp\/v2\/posts"}],"about":[{"href":"https:\/\/noticiasmercedinas.com\/site\/wp-json\/wp\/v2\/types\/post"}],"author":[{"embeddable":true,"href":"https:\/\/noticiasmercedinas.com\/site\/wp-json\/wp\/v2\/users\/16"}],"replies":[{"embeddable":true,"href":"https:\/\/noticiasmercedinas.com\/site\/wp-json\/wp\/v2\/comments?post=121983"}],"version-history":[{"count":2,"href":"https:\/\/noticiasmercedinas.com\/site\/wp-json\/wp\/v2\/posts\/121983\/revisions"}],"predecessor-version":[{"id":121986,"href":"https:\/\/noticiasmercedinas.com\/site\/wp-json\/wp\/v2\/posts\/121983\/revisions\/121986"}],"wp:featuredmedia":[{"embeddable":true,"href":"https:\/\/noticiasmercedinas.com\/site\/wp-json\/wp\/v2\/media\/121984"}],"wp:attachment":[{"href":"https:\/\/noticiasmercedinas.com\/site\/wp-json\/wp\/v2\/media?parent=121983"}],"wp:term":[{"taxonomy":"category","embeddable":true,"href":"https:\/\/noticiasmercedinas.com\/site\/wp-json\/wp\/v2\/categories?post=121983"},{"taxonomy":"post_tag","embeddable":true,"href":"https:\/\/noticiasmercedinas.com\/site\/wp-json\/wp\/v2\/tags?post=121983"}],"curies":[{"name":"wp","href":"https:\/\/api.w.org\/{rel}","templated":true}]}}