{"id":122006,"date":"2023-09-02T23:58:31","date_gmt":"2023-09-03T02:58:31","guid":{"rendered":"https:\/\/noticiasmercedinas.com\/site\/?p=122006"},"modified":"2023-09-02T23:58:31","modified_gmt":"2023-09-03T02:58:31","slug":"taller-de-teatro-y-produccion-de-la-municipalidad-de-mercedes-presenta-doble-funcion-teatral","status":"publish","type":"post","link":"https:\/\/noticiasmercedinas.com\/site\/2023\/09\/02\/taller-de-teatro-y-produccion-de-la-municipalidad-de-mercedes-presenta-doble-funcion-teatral\/","title":{"rendered":"Taller de Teatro y Producci\u00f3n de la Municipalidad de Mercedes presenta doble funci\u00f3n teatral"},"content":{"rendered":"<p><img loading=\"lazy\" decoding=\"async\" class=\"alignnone size-large wp-image-122007\" src=\"https:\/\/noticiasmercedinas.com\/site\/wp-content\/uploads\/2023\/09\/IMG-20230902-WA0020-1024x1024.jpg\" alt=\"\" width=\"640\" height=\"640\" srcset=\"https:\/\/noticiasmercedinas.com\/site\/wp-content\/uploads\/2023\/09\/IMG-20230902-WA0020-1024x1024.jpg 1024w, https:\/\/noticiasmercedinas.com\/site\/wp-content\/uploads\/2023\/09\/IMG-20230902-WA0020-300x300.jpg 300w, https:\/\/noticiasmercedinas.com\/site\/wp-content\/uploads\/2023\/09\/IMG-20230902-WA0020-150x150.jpg 150w, https:\/\/noticiasmercedinas.com\/site\/wp-content\/uploads\/2023\/09\/IMG-20230902-WA0020-768x768.jpg 768w, https:\/\/noticiasmercedinas.com\/site\/wp-content\/uploads\/2023\/09\/IMG-20230902-WA0020-640x640.jpg 640w, https:\/\/noticiasmercedinas.com\/site\/wp-content\/uploads\/2023\/09\/IMG-20230902-WA0020-681x681.jpg 681w, https:\/\/noticiasmercedinas.com\/site\/wp-content\/uploads\/2023\/09\/IMG-20230902-WA0020.jpg 1080w\" sizes=\"auto, (max-width: 640px) 100vw, 640px\" \/><\/p>\n<p>El Taller de Teatro y Producci\u00f3n de la Municipalidad de Mercedes se enorgullece en presentar una doble funci\u00f3n teatral que promete emocionar y cautivar al p\u00fablico. Las dos obras, \u00abDocentes Jubiladas y Solteronas\u00bb y \u00abPotestad\u00bb, llevar\u00e1n a los espectadores a un viaje a trav\u00e9s de la historia y las emociones.<\/p>\n<p>Docentes Jubiladas y Solteronas,\u00a0 basada en la obra de Alberto \u00abTito\u00bb Drago, nos transporta al a\u00f1o 1977. La trama gira en torno a Mecha y Tina, dos hermanas docentes jubiladas y solteronas que cuidan a su padre, \u00abTatita Juan\u00bb, en sus \u00faltimos momentos. Esta obra, un grotesco cl\u00e1sico del teatro, combina momentos crudos con situaciones disparatadas y est\u00e1 dise\u00f1ada para arrancar carcajadas, ofreciendo un alivio bienvenido en los tiempos actuales. El elenco est\u00e1 compuesto por Julia Ramos, Irma Lastrico y Pablo Sana, con la musicalizaci\u00f3n a cargo de Charly Vera y la coordinaci\u00f3n general de Fabi\u00e1n Morales.<\/p>\n<p>Por otro lado, \u00abPotestad\u00bb, escrita por Eduardo \u00abTato\u00bb Pavlovsky, es una de las obras m\u00e1s significativas de la historia del teatro argentino. La obra se centra en el genocidio y la desaparici\u00f3n de 30.000 personas, un episodio crucial en la historia del pa\u00eds. \u00abPotestad\u00bb aborda c\u00f3mo estos eventos impactaron las relaciones humanas y se mantienen latentes en la sociedad actual. El elenco est\u00e1 formado por Javier Torres, Edith C\u00f3rdova y Patricia Germen, con m\u00fasica en vivo a cargo de Charly Vera y la coordinaci\u00f3n general de Fabi\u00e1n Morales.<\/p>\n<p>Las funciones tendr\u00e1n lugar el viernes 8 de septiembre de 2023 a las 19:30 p.m. y el s\u00e1bado 9 de septiembre de 2023 a las 20:30 p.m. en el Museo de Arte Moderno Mercedes (MAMM), ubicado en la Calle 23 N\u00ba 383. La entrada es libre y gratuita, lo que brinda a todos la oportunidad de disfrutar de este excepcional evento teatral.<\/p>\n<p>El Taller de Teatro y Producci\u00f3n de la Municipalidad de Mercedes invita a la comunidad a sumergirse en estas dos poderosas obras que tocan temas importantes de la historia y la sociedad, prometiendo una buena experiencia teatral.<\/p>\n","protected":false},"excerpt":{"rendered":"<p>El Taller de Teatro y Producci\u00f3n de la Municipalidad de Mercedes se enorgullece en presentar una doble funci\u00f3n teatral que promete emocionar y cautivar al p\u00fablico. Las dos obras, \u00abDocentes Jubiladas y Solteronas\u00bb y \u00abPotestad\u00bb, llevar\u00e1n a los espectadores a un viaje a trav\u00e9s de la historia y las emociones. Docentes Jubiladas y Solteronas,\u00a0 basada [&hellip;]<\/p>\n","protected":false},"author":16,"featured_media":122007,"comment_status":"closed","ping_status":"closed","sticky":false,"template":"","format":"standard","meta":{"footnotes":""},"categories":[4],"tags":[480],"class_list":["post-122006","post","type-post","status-publish","format-standard","has-post-thumbnail","hentry","category-cultura","tag-teatro"],"yoast_head":"<!-- This site is optimized with the Yoast SEO plugin v27.5 - https:\/\/yoast.com\/product\/yoast-seo-wordpress\/ -->\n<title>Taller de Teatro y Producci\u00f3n de la Municipalidad de Mercedes presenta doble funci\u00f3n teatral<\/title>\n<meta name=\"robots\" content=\"index, follow, max-snippet:-1, max-image-preview:large, max-video-preview:-1\" \/>\n<link rel=\"canonical\" href=\"https:\/\/noticiasmercedinas.com\/site\/2023\/09\/02\/taller-de-teatro-y-produccion-de-la-municipalidad-de-mercedes-presenta-doble-funcion-teatral\/\" \/>\n<meta property=\"og:locale\" content=\"es_ES\" \/>\n<meta property=\"og:type\" content=\"article\" \/>\n<meta property=\"og:title\" content=\"Taller de Teatro y Producci\u00f3n de la Municipalidad de Mercedes presenta doble funci\u00f3n teatral\" \/>\n<meta property=\"og:description\" content=\"El Taller de Teatro y Producci\u00f3n de la Municipalidad de Mercedes se enorgullece en presentar una doble funci\u00f3n teatral que promete emocionar y cautivar al p\u00fablico. Las dos obras, \u00abDocentes Jubiladas y Solteronas\u00bb y \u00abPotestad\u00bb, llevar\u00e1n a los espectadores a un viaje a trav\u00e9s de la historia y las emociones. Docentes Jubiladas y Solteronas,\u00a0 basada [&hellip;]\" \/>\n<meta property=\"og:url\" content=\"https:\/\/noticiasmercedinas.com\/site\/2023\/09\/02\/taller-de-teatro-y-produccion-de-la-municipalidad-de-mercedes-presenta-doble-funcion-teatral\/\" \/>\n<meta property=\"og:site_name\" content=\"NOTICIASMERCEDINAS.COM\" \/>\n<meta property=\"article:publisher\" content=\"https:\/\/www.facebook.com\/noticiasmercedinas\/\" \/>\n<meta property=\"article:published_time\" content=\"2023-09-03T02:58:31+00:00\" \/>\n<meta property=\"og:image\" content=\"https:\/\/noticiasmercedinas.com\/site\/wp-content\/uploads\/2023\/09\/IMG-20230902-WA0020.jpg\" \/>\n\t<meta property=\"og:image:width\" content=\"1080\" \/>\n\t<meta property=\"og:image:height\" content=\"1080\" \/>\n\t<meta property=\"og:image:type\" content=\"image\/jpeg\" \/>\n<meta name=\"author\" content=\"NOTICIASMERCEDINAS.COM\" \/>\n<meta name=\"twitter:card\" content=\"summary_large_image\" \/>\n<meta name=\"twitter:creator\" content=\"@notmercedinas\" \/>\n<meta name=\"twitter:site\" content=\"@notmercedinas\" \/>\n<meta name=\"twitter:label1\" content=\"Escrito por\" \/>\n\t<meta name=\"twitter:data1\" content=\"NOTICIASMERCEDINAS.COM\" \/>\n\t<meta name=\"twitter:label2\" content=\"Tiempo de lectura\" \/>\n\t<meta name=\"twitter:data2\" content=\"2 minutos\" \/>\n<script type=\"application\/ld+json\" class=\"yoast-schema-graph\">{\"@context\":\"https:\\\/\\\/schema.org\",\"@graph\":[{\"@type\":\"Article\",\"@id\":\"https:\\\/\\\/noticiasmercedinas.com\\\/site\\\/2023\\\/09\\\/02\\\/taller-de-teatro-y-produccion-de-la-municipalidad-de-mercedes-presenta-doble-funcion-teatral\\\/#article\",\"isPartOf\":{\"@id\":\"https:\\\/\\\/noticiasmercedinas.com\\\/site\\\/2023\\\/09\\\/02\\\/taller-de-teatro-y-produccion-de-la-municipalidad-de-mercedes-presenta-doble-funcion-teatral\\\/\"},\"author\":{\"name\":\"NOTICIASMERCEDINAS.COM\",\"@id\":\"https:\\\/\\\/noticiasmercedinas.com\\\/site\\\/#\\\/schema\\\/person\\\/84b59c099c28ff2e8b77d4ceec5d8063\"},\"headline\":\"Taller de Teatro y Producci\u00f3n de la Municipalidad de Mercedes presenta doble funci\u00f3n teatral\",\"datePublished\":\"2023-09-03T02:58:31+00:00\",\"mainEntityOfPage\":{\"@id\":\"https:\\\/\\\/noticiasmercedinas.com\\\/site\\\/2023\\\/09\\\/02\\\/taller-de-teatro-y-produccion-de-la-municipalidad-de-mercedes-presenta-doble-funcion-teatral\\\/\"},\"wordCount\":364,\"publisher\":{\"@id\":\"https:\\\/\\\/noticiasmercedinas.com\\\/site\\\/#organization\"},\"image\":{\"@id\":\"https:\\\/\\\/noticiasmercedinas.com\\\/site\\\/2023\\\/09\\\/02\\\/taller-de-teatro-y-produccion-de-la-municipalidad-de-mercedes-presenta-doble-funcion-teatral\\\/#primaryimage\"},\"thumbnailUrl\":\"https:\\\/\\\/noticiasmercedinas.com\\\/site\\\/wp-content\\\/uploads\\\/2023\\\/09\\\/IMG-20230902-WA0020.jpg\",\"keywords\":[\"teatro\"],\"articleSection\":[\"Cultura\"],\"inLanguage\":\"es\"},{\"@type\":\"WebPage\",\"@id\":\"https:\\\/\\\/noticiasmercedinas.com\\\/site\\\/2023\\\/09\\\/02\\\/taller-de-teatro-y-produccion-de-la-municipalidad-de-mercedes-presenta-doble-funcion-teatral\\\/\",\"url\":\"https:\\\/\\\/noticiasmercedinas.com\\\/site\\\/2023\\\/09\\\/02\\\/taller-de-teatro-y-produccion-de-la-municipalidad-de-mercedes-presenta-doble-funcion-teatral\\\/\",\"name\":\"Taller de Teatro y Producci\u00f3n de la Municipalidad de Mercedes presenta doble funci\u00f3n teatral\",\"isPartOf\":{\"@id\":\"https:\\\/\\\/noticiasmercedinas.com\\\/site\\\/#website\"},\"primaryImageOfPage\":{\"@id\":\"https:\\\/\\\/noticiasmercedinas.com\\\/site\\\/2023\\\/09\\\/02\\\/taller-de-teatro-y-produccion-de-la-municipalidad-de-mercedes-presenta-doble-funcion-teatral\\\/#primaryimage\"},\"image\":{\"@id\":\"https:\\\/\\\/noticiasmercedinas.com\\\/site\\\/2023\\\/09\\\/02\\\/taller-de-teatro-y-produccion-de-la-municipalidad-de-mercedes-presenta-doble-funcion-teatral\\\/#primaryimage\"},\"thumbnailUrl\":\"https:\\\/\\\/noticiasmercedinas.com\\\/site\\\/wp-content\\\/uploads\\\/2023\\\/09\\\/IMG-20230902-WA0020.jpg\",\"datePublished\":\"2023-09-03T02:58:31+00:00\",\"breadcrumb\":{\"@id\":\"https:\\\/\\\/noticiasmercedinas.com\\\/site\\\/2023\\\/09\\\/02\\\/taller-de-teatro-y-produccion-de-la-municipalidad-de-mercedes-presenta-doble-funcion-teatral\\\/#breadcrumb\"},\"inLanguage\":\"es\",\"potentialAction\":[{\"@type\":\"ReadAction\",\"target\":[\"https:\\\/\\\/noticiasmercedinas.com\\\/site\\\/2023\\\/09\\\/02\\\/taller-de-teatro-y-produccion-de-la-municipalidad-de-mercedes-presenta-doble-funcion-teatral\\\/\"]}]},{\"@type\":\"ImageObject\",\"inLanguage\":\"es\",\"@id\":\"https:\\\/\\\/noticiasmercedinas.com\\\/site\\\/2023\\\/09\\\/02\\\/taller-de-teatro-y-produccion-de-la-municipalidad-de-mercedes-presenta-doble-funcion-teatral\\\/#primaryimage\",\"url\":\"https:\\\/\\\/noticiasmercedinas.com\\\/site\\\/wp-content\\\/uploads\\\/2023\\\/09\\\/IMG-20230902-WA0020.jpg\",\"contentUrl\":\"https:\\\/\\\/noticiasmercedinas.com\\\/site\\\/wp-content\\\/uploads\\\/2023\\\/09\\\/IMG-20230902-WA0020.jpg\",\"width\":1080,\"height\":1080},{\"@type\":\"BreadcrumbList\",\"@id\":\"https:\\\/\\\/noticiasmercedinas.com\\\/site\\\/2023\\\/09\\\/02\\\/taller-de-teatro-y-produccion-de-la-municipalidad-de-mercedes-presenta-doble-funcion-teatral\\\/#breadcrumb\",\"itemListElement\":[{\"@type\":\"ListItem\",\"position\":1,\"name\":\"Portada\",\"item\":\"https:\\\/\\\/noticiasmercedinas.com\\\/site\\\/\"},{\"@type\":\"ListItem\",\"position\":2,\"name\":\"Taller de Teatro y Producci\u00f3n de la Municipalidad de Mercedes presenta doble funci\u00f3n teatral\"}]},{\"@type\":\"WebSite\",\"@id\":\"https:\\\/\\\/noticiasmercedinas.com\\\/site\\\/#website\",\"url\":\"https:\\\/\\\/noticiasmercedinas.com\\\/site\\\/\",\"name\":\"NOTICIASMERCEDINAS.COM\",\"description\":\"Mercedes, Buenos Aires, Argentina\",\"publisher\":{\"@id\":\"https:\\\/\\\/noticiasmercedinas.com\\\/site\\\/#organization\"},\"potentialAction\":[{\"@type\":\"SearchAction\",\"target\":{\"@type\":\"EntryPoint\",\"urlTemplate\":\"https:\\\/\\\/noticiasmercedinas.com\\\/site\\\/?s={search_term_string}\"},\"query-input\":{\"@type\":\"PropertyValueSpecification\",\"valueRequired\":true,\"valueName\":\"search_term_string\"}}],\"inLanguage\":\"es\"},{\"@type\":\"Organization\",\"@id\":\"https:\\\/\\\/noticiasmercedinas.com\\\/site\\\/#organization\",\"name\":\"NOTICIASMERCEDINAS.COM\",\"url\":\"https:\\\/\\\/noticiasmercedinas.com\\\/site\\\/\",\"logo\":{\"@type\":\"ImageObject\",\"inLanguage\":\"es\",\"@id\":\"https:\\\/\\\/noticiasmercedinas.com\\\/site\\\/#\\\/schema\\\/logo\\\/image\\\/\",\"url\":\"https:\\\/\\\/noticiasmercedinas.com\\\/site\\\/wp-content\\\/uploads\\\/2020\\\/06\\\/LOGO-512.jpg\",\"contentUrl\":\"https:\\\/\\\/noticiasmercedinas.com\\\/site\\\/wp-content\\\/uploads\\\/2020\\\/06\\\/LOGO-512.jpg\",\"width\":512,\"height\":512,\"caption\":\"NOTICIASMERCEDINAS.COM\"},\"image\":{\"@id\":\"https:\\\/\\\/noticiasmercedinas.com\\\/site\\\/#\\\/schema\\\/logo\\\/image\\\/\"},\"sameAs\":[\"https:\\\/\\\/www.facebook.com\\\/noticiasmercedinas\\\/\",\"https:\\\/\\\/x.com\\\/notmercedinas\",\"https:\\\/\\\/www.instagram.com\\\/noticiasmercedinas\\\/\"]},{\"@type\":\"Person\",\"@id\":\"https:\\\/\\\/noticiasmercedinas.com\\\/site\\\/#\\\/schema\\\/person\\\/84b59c099c28ff2e8b77d4ceec5d8063\",\"name\":\"NOTICIASMERCEDINAS.COM\",\"image\":{\"@type\":\"ImageObject\",\"inLanguage\":\"es\",\"@id\":\"https:\\\/\\\/secure.gravatar.com\\\/avatar\\\/4dfbf16b4d17945bfb6341b2d19043457132fcf478a5ee04f42e959fd8f5df0a?s=96&d=mm&r=g\",\"url\":\"https:\\\/\\\/secure.gravatar.com\\\/avatar\\\/4dfbf16b4d17945bfb6341b2d19043457132fcf478a5ee04f42e959fd8f5df0a?s=96&d=mm&r=g\",\"contentUrl\":\"https:\\\/\\\/secure.gravatar.com\\\/avatar\\\/4dfbf16b4d17945bfb6341b2d19043457132fcf478a5ee04f42e959fd8f5df0a?s=96&d=mm&r=g\",\"caption\":\"NOTICIASMERCEDINAS.COM\"},\"url\":\"https:\\\/\\\/noticiasmercedinas.com\\\/site\\\/author\\\/anonimo\\\/\"}]}<\/script>\n<!-- \/ Yoast SEO plugin. -->","yoast_head_json":{"title":"Taller de Teatro y Producci\u00f3n de la Municipalidad de Mercedes presenta doble funci\u00f3n teatral","robots":{"index":"index","follow":"follow","max-snippet":"max-snippet:-1","max-image-preview":"max-image-preview:large","max-video-preview":"max-video-preview:-1"},"canonical":"https:\/\/noticiasmercedinas.com\/site\/2023\/09\/02\/taller-de-teatro-y-produccion-de-la-municipalidad-de-mercedes-presenta-doble-funcion-teatral\/","og_locale":"es_ES","og_type":"article","og_title":"Taller de Teatro y Producci\u00f3n de la Municipalidad de Mercedes presenta doble funci\u00f3n teatral","og_description":"El Taller de Teatro y Producci\u00f3n de la Municipalidad de Mercedes se enorgullece en presentar una doble funci\u00f3n teatral que promete emocionar y cautivar al p\u00fablico. Las dos obras, \u00abDocentes Jubiladas y Solteronas\u00bb y \u00abPotestad\u00bb, llevar\u00e1n a los espectadores a un viaje a trav\u00e9s de la historia y las emociones. Docentes Jubiladas y Solteronas,\u00a0 basada [&hellip;]","og_url":"https:\/\/noticiasmercedinas.com\/site\/2023\/09\/02\/taller-de-teatro-y-produccion-de-la-municipalidad-de-mercedes-presenta-doble-funcion-teatral\/","og_site_name":"NOTICIASMERCEDINAS.COM","article_publisher":"https:\/\/www.facebook.com\/noticiasmercedinas\/","article_published_time":"2023-09-03T02:58:31+00:00","og_image":[{"width":1080,"height":1080,"url":"https:\/\/noticiasmercedinas.com\/site\/wp-content\/uploads\/2023\/09\/IMG-20230902-WA0020.jpg","type":"image\/jpeg"}],"author":"NOTICIASMERCEDINAS.COM","twitter_card":"summary_large_image","twitter_creator":"@notmercedinas","twitter_site":"@notmercedinas","twitter_misc":{"Escrito por":"NOTICIASMERCEDINAS.COM","Tiempo de lectura":"2 minutos"},"schema":{"@context":"https:\/\/schema.org","@graph":[{"@type":"Article","@id":"https:\/\/noticiasmercedinas.com\/site\/2023\/09\/02\/taller-de-teatro-y-produccion-de-la-municipalidad-de-mercedes-presenta-doble-funcion-teatral\/#article","isPartOf":{"@id":"https:\/\/noticiasmercedinas.com\/site\/2023\/09\/02\/taller-de-teatro-y-produccion-de-la-municipalidad-de-mercedes-presenta-doble-funcion-teatral\/"},"author":{"name":"NOTICIASMERCEDINAS.COM","@id":"https:\/\/noticiasmercedinas.com\/site\/#\/schema\/person\/84b59c099c28ff2e8b77d4ceec5d8063"},"headline":"Taller de Teatro y Producci\u00f3n de la Municipalidad de Mercedes presenta doble funci\u00f3n teatral","datePublished":"2023-09-03T02:58:31+00:00","mainEntityOfPage":{"@id":"https:\/\/noticiasmercedinas.com\/site\/2023\/09\/02\/taller-de-teatro-y-produccion-de-la-municipalidad-de-mercedes-presenta-doble-funcion-teatral\/"},"wordCount":364,"publisher":{"@id":"https:\/\/noticiasmercedinas.com\/site\/#organization"},"image":{"@id":"https:\/\/noticiasmercedinas.com\/site\/2023\/09\/02\/taller-de-teatro-y-produccion-de-la-municipalidad-de-mercedes-presenta-doble-funcion-teatral\/#primaryimage"},"thumbnailUrl":"https:\/\/noticiasmercedinas.com\/site\/wp-content\/uploads\/2023\/09\/IMG-20230902-WA0020.jpg","keywords":["teatro"],"articleSection":["Cultura"],"inLanguage":"es"},{"@type":"WebPage","@id":"https:\/\/noticiasmercedinas.com\/site\/2023\/09\/02\/taller-de-teatro-y-produccion-de-la-municipalidad-de-mercedes-presenta-doble-funcion-teatral\/","url":"https:\/\/noticiasmercedinas.com\/site\/2023\/09\/02\/taller-de-teatro-y-produccion-de-la-municipalidad-de-mercedes-presenta-doble-funcion-teatral\/","name":"Taller de Teatro y Producci\u00f3n de la Municipalidad de Mercedes presenta doble funci\u00f3n teatral","isPartOf":{"@id":"https:\/\/noticiasmercedinas.com\/site\/#website"},"primaryImageOfPage":{"@id":"https:\/\/noticiasmercedinas.com\/site\/2023\/09\/02\/taller-de-teatro-y-produccion-de-la-municipalidad-de-mercedes-presenta-doble-funcion-teatral\/#primaryimage"},"image":{"@id":"https:\/\/noticiasmercedinas.com\/site\/2023\/09\/02\/taller-de-teatro-y-produccion-de-la-municipalidad-de-mercedes-presenta-doble-funcion-teatral\/#primaryimage"},"thumbnailUrl":"https:\/\/noticiasmercedinas.com\/site\/wp-content\/uploads\/2023\/09\/IMG-20230902-WA0020.jpg","datePublished":"2023-09-03T02:58:31+00:00","breadcrumb":{"@id":"https:\/\/noticiasmercedinas.com\/site\/2023\/09\/02\/taller-de-teatro-y-produccion-de-la-municipalidad-de-mercedes-presenta-doble-funcion-teatral\/#breadcrumb"},"inLanguage":"es","potentialAction":[{"@type":"ReadAction","target":["https:\/\/noticiasmercedinas.com\/site\/2023\/09\/02\/taller-de-teatro-y-produccion-de-la-municipalidad-de-mercedes-presenta-doble-funcion-teatral\/"]}]},{"@type":"ImageObject","inLanguage":"es","@id":"https:\/\/noticiasmercedinas.com\/site\/2023\/09\/02\/taller-de-teatro-y-produccion-de-la-municipalidad-de-mercedes-presenta-doble-funcion-teatral\/#primaryimage","url":"https:\/\/noticiasmercedinas.com\/site\/wp-content\/uploads\/2023\/09\/IMG-20230902-WA0020.jpg","contentUrl":"https:\/\/noticiasmercedinas.com\/site\/wp-content\/uploads\/2023\/09\/IMG-20230902-WA0020.jpg","width":1080,"height":1080},{"@type":"BreadcrumbList","@id":"https:\/\/noticiasmercedinas.com\/site\/2023\/09\/02\/taller-de-teatro-y-produccion-de-la-municipalidad-de-mercedes-presenta-doble-funcion-teatral\/#breadcrumb","itemListElement":[{"@type":"ListItem","position":1,"name":"Portada","item":"https:\/\/noticiasmercedinas.com\/site\/"},{"@type":"ListItem","position":2,"name":"Taller de Teatro y Producci\u00f3n de la Municipalidad de Mercedes presenta doble funci\u00f3n teatral"}]},{"@type":"WebSite","@id":"https:\/\/noticiasmercedinas.com\/site\/#website","url":"https:\/\/noticiasmercedinas.com\/site\/","name":"NOTICIASMERCEDINAS.COM","description":"Mercedes, Buenos Aires, Argentina","publisher":{"@id":"https:\/\/noticiasmercedinas.com\/site\/#organization"},"potentialAction":[{"@type":"SearchAction","target":{"@type":"EntryPoint","urlTemplate":"https:\/\/noticiasmercedinas.com\/site\/?s={search_term_string}"},"query-input":{"@type":"PropertyValueSpecification","valueRequired":true,"valueName":"search_term_string"}}],"inLanguage":"es"},{"@type":"Organization","@id":"https:\/\/noticiasmercedinas.com\/site\/#organization","name":"NOTICIASMERCEDINAS.COM","url":"https:\/\/noticiasmercedinas.com\/site\/","logo":{"@type":"ImageObject","inLanguage":"es","@id":"https:\/\/noticiasmercedinas.com\/site\/#\/schema\/logo\/image\/","url":"https:\/\/noticiasmercedinas.com\/site\/wp-content\/uploads\/2020\/06\/LOGO-512.jpg","contentUrl":"https:\/\/noticiasmercedinas.com\/site\/wp-content\/uploads\/2020\/06\/LOGO-512.jpg","width":512,"height":512,"caption":"NOTICIASMERCEDINAS.COM"},"image":{"@id":"https:\/\/noticiasmercedinas.com\/site\/#\/schema\/logo\/image\/"},"sameAs":["https:\/\/www.facebook.com\/noticiasmercedinas\/","https:\/\/x.com\/notmercedinas","https:\/\/www.instagram.com\/noticiasmercedinas\/"]},{"@type":"Person","@id":"https:\/\/noticiasmercedinas.com\/site\/#\/schema\/person\/84b59c099c28ff2e8b77d4ceec5d8063","name":"NOTICIASMERCEDINAS.COM","image":{"@type":"ImageObject","inLanguage":"es","@id":"https:\/\/secure.gravatar.com\/avatar\/4dfbf16b4d17945bfb6341b2d19043457132fcf478a5ee04f42e959fd8f5df0a?s=96&d=mm&r=g","url":"https:\/\/secure.gravatar.com\/avatar\/4dfbf16b4d17945bfb6341b2d19043457132fcf478a5ee04f42e959fd8f5df0a?s=96&d=mm&r=g","contentUrl":"https:\/\/secure.gravatar.com\/avatar\/4dfbf16b4d17945bfb6341b2d19043457132fcf478a5ee04f42e959fd8f5df0a?s=96&d=mm&r=g","caption":"NOTICIASMERCEDINAS.COM"},"url":"https:\/\/noticiasmercedinas.com\/site\/author\/anonimo\/"}]}},"amp_enabled":true,"_links":{"self":[{"href":"https:\/\/noticiasmercedinas.com\/site\/wp-json\/wp\/v2\/posts\/122006","targetHints":{"allow":["GET"]}}],"collection":[{"href":"https:\/\/noticiasmercedinas.com\/site\/wp-json\/wp\/v2\/posts"}],"about":[{"href":"https:\/\/noticiasmercedinas.com\/site\/wp-json\/wp\/v2\/types\/post"}],"author":[{"embeddable":true,"href":"https:\/\/noticiasmercedinas.com\/site\/wp-json\/wp\/v2\/users\/16"}],"replies":[{"embeddable":true,"href":"https:\/\/noticiasmercedinas.com\/site\/wp-json\/wp\/v2\/comments?post=122006"}],"version-history":[{"count":1,"href":"https:\/\/noticiasmercedinas.com\/site\/wp-json\/wp\/v2\/posts\/122006\/revisions"}],"predecessor-version":[{"id":122008,"href":"https:\/\/noticiasmercedinas.com\/site\/wp-json\/wp\/v2\/posts\/122006\/revisions\/122008"}],"wp:featuredmedia":[{"embeddable":true,"href":"https:\/\/noticiasmercedinas.com\/site\/wp-json\/wp\/v2\/media\/122007"}],"wp:attachment":[{"href":"https:\/\/noticiasmercedinas.com\/site\/wp-json\/wp\/v2\/media?parent=122006"}],"wp:term":[{"taxonomy":"category","embeddable":true,"href":"https:\/\/noticiasmercedinas.com\/site\/wp-json\/wp\/v2\/categories?post=122006"},{"taxonomy":"post_tag","embeddable":true,"href":"https:\/\/noticiasmercedinas.com\/site\/wp-json\/wp\/v2\/tags?post=122006"}],"curies":[{"name":"wp","href":"https:\/\/api.w.org\/{rel}","templated":true}]}}