{"id":122150,"date":"2023-09-05T16:30:12","date_gmt":"2023-09-05T19:30:12","guid":{"rendered":"https:\/\/noticiasmercedinas.com\/site\/?p=122150"},"modified":"2023-09-05T16:30:12","modified_gmt":"2023-09-05T19:30:12","slug":"usuarios-viales-se-unen-en-el-reclamo-ante-la-falta-de-conclusion-de-obras-en-autopista-5","status":"publish","type":"post","link":"https:\/\/noticiasmercedinas.com\/site\/2023\/09\/05\/usuarios-viales-se-unen-en-el-reclamo-ante-la-falta-de-conclusion-de-obras-en-autopista-5\/","title":{"rendered":"Usuarios Viales se unen en el reclamo ante la falta de conclusi\u00f3n de obras en Autopista 5"},"content":{"rendered":"<figure id=\"attachment_119795\" aria-describedby=\"caption-attachment-119795\" style=\"width: 640px\" class=\"wp-caption alignnone\"><img loading=\"lazy\" decoding=\"async\" class=\"wp-image-119795 size-full\" src=\"https:\/\/noticiasmercedinas.com\/site\/wp-content\/uploads\/2023\/07\/Transformacion-en-autopista-de-la-RN-5-entre-Mercedes-y-Suipacha.jpg\" alt=\"\" width=\"640\" height=\"480\" srcset=\"https:\/\/noticiasmercedinas.com\/site\/wp-content\/uploads\/2023\/07\/Transformacion-en-autopista-de-la-RN-5-entre-Mercedes-y-Suipacha.jpg 640w, https:\/\/noticiasmercedinas.com\/site\/wp-content\/uploads\/2023\/07\/Transformacion-en-autopista-de-la-RN-5-entre-Mercedes-y-Suipacha-300x225.jpg 300w, https:\/\/noticiasmercedinas.com\/site\/wp-content\/uploads\/2023\/07\/Transformacion-en-autopista-de-la-RN-5-entre-Mercedes-y-Suipacha-80x60.jpg 80w, https:\/\/noticiasmercedinas.com\/site\/wp-content\/uploads\/2023\/07\/Transformacion-en-autopista-de-la-RN-5-entre-Mercedes-y-Suipacha-160x120.jpg 160w, https:\/\/noticiasmercedinas.com\/site\/wp-content\/uploads\/2023\/07\/Transformacion-en-autopista-de-la-RN-5-entre-Mercedes-y-Suipacha-100x75.jpg 100w, https:\/\/noticiasmercedinas.com\/site\/wp-content\/uploads\/2023\/07\/Transformacion-en-autopista-de-la-RN-5-entre-Mercedes-y-Suipacha-200x150.jpg 200w, https:\/\/noticiasmercedinas.com\/site\/wp-content\/uploads\/2023\/07\/Transformacion-en-autopista-de-la-RN-5-entre-Mercedes-y-Suipacha-180x135.jpg 180w, https:\/\/noticiasmercedinas.com\/site\/wp-content\/uploads\/2023\/07\/Transformacion-en-autopista-de-la-RN-5-entre-Mercedes-y-Suipacha-360x270.jpg 360w, https:\/\/noticiasmercedinas.com\/site\/wp-content\/uploads\/2023\/07\/Transformacion-en-autopista-de-la-RN-5-entre-Mercedes-y-Suipacha-238x178.jpg 238w, https:\/\/noticiasmercedinas.com\/site\/wp-content\/uploads\/2023\/07\/Transformacion-en-autopista-de-la-RN-5-entre-Mercedes-y-Suipacha-476x356.jpg 476w\" sizes=\"auto, (max-width: 640px) 100vw, 640px\" \/><figcaption id=\"caption-attachment-119795\" class=\"wp-caption-text\">Las pocas obras que est\u00e1n en marcha vienen lentas y los accidentes se suceden<\/figcaption><\/figure>\n<p>Como una \u201ccarnicer\u00eda\u201d definen vecinos que son parte de la Uni\u00f3n de Usuarios Viales al corredor de ruta 5 entre Mercedes y Chivilcoy. Es que la falta de culminaci\u00f3n de obras de la autopista implica que haya una doble mano con mala se\u00f1alizaci\u00f3n, alto tr\u00e1nsito y obras permanentes que complican y mucho el paso vehicular. Ante este panorama, los usuarios viales accionan y reclaman en todos los concejos deliberantes de las ciudades linderas a esta ruta nacional que se act\u00fae en consecuencia.<\/p>\n<p>Tal cual coment\u00f3 <strong>Marcelo Suarez<\/strong> a este medio, en el d\u00eda de ayer participaron de una asamblea por Zoom junto con <strong>Eduardo Rando<\/strong> en la UDUV (Uni\u00f3n de Usuarios Viales). \u201cLa problem\u00e1tica es la falta de obras y los siniestros graves que ocurren en la provincia de Buenos Aires\u201d, se\u00f1al\u00f3 Su\u00e1rez.<\/p>\n<p>Lo cierto es que en la asamblea varios integrantes reclamaron por la ruta 5 que entre Mercedes y Chivilcoy. \u201cSe est\u00e1 convirtiendo en una de las rutas m\u00e1s peligrosas del pa\u00eds\u201d, dijo Suarez sin ambages. En este sentido el vecino inform\u00f3 que se propuso \u201cseguir trabajando con los Concejos Deliberantes de todo el corredor\u201d.<\/p>\n<p>En Mercedes en particular se present\u00f3 una nota en la que el Legislativo local se suma a su similar de Trenque Lauquen y exige al gobierno nacional que acelere las obras de construcci\u00f3n de la autopista entre Mercedes y Santa Rosa, La Pampa.<\/p>\n<p>\u201cSe decidi\u00f3 reiterar el pedido de reuni\u00f3n con Vialidad Nacional y Provincial y buscar a los referentes pol\u00edticos que se postulan a la presidencia para ver qu\u00e9 piensan hacer al respecto con este tema\u201d, coment\u00f3 Su\u00e1rez tras la reuni\u00f3n por Zoom que fue dirigida por <strong>Ignacio Zabaleta<\/strong>.<\/p>\n<p><img loading=\"lazy\" decoding=\"async\" class=\"alignnone size-large wp-image-122152\" src=\"https:\/\/noticiasmercedinas.com\/site\/wp-content\/uploads\/2023\/09\/7578d402-febb-42b8-bf91-24574d7e0fa1-660x1024.jpg\" alt=\"\" width=\"640\" height=\"993\" srcset=\"https:\/\/noticiasmercedinas.com\/site\/wp-content\/uploads\/2023\/09\/7578d402-febb-42b8-bf91-24574d7e0fa1-660x1024.jpg 660w, https:\/\/noticiasmercedinas.com\/site\/wp-content\/uploads\/2023\/09\/7578d402-febb-42b8-bf91-24574d7e0fa1-194x300.jpg 194w, https:\/\/noticiasmercedinas.com\/site\/wp-content\/uploads\/2023\/09\/7578d402-febb-42b8-bf91-24574d7e0fa1-768x1191.jpg 768w, https:\/\/noticiasmercedinas.com\/site\/wp-content\/uploads\/2023\/09\/7578d402-febb-42b8-bf91-24574d7e0fa1-991x1536.jpg 991w, https:\/\/noticiasmercedinas.com\/site\/wp-content\/uploads\/2023\/09\/7578d402-febb-42b8-bf91-24574d7e0fa1-640x992.jpg 640w, https:\/\/noticiasmercedinas.com\/site\/wp-content\/uploads\/2023\/09\/7578d402-febb-42b8-bf91-24574d7e0fa1-681x1056.jpg 681w, https:\/\/noticiasmercedinas.com\/site\/wp-content\/uploads\/2023\/09\/7578d402-febb-42b8-bf91-24574d7e0fa1.jpg 1032w\" sizes=\"auto, (max-width: 640px) 100vw, 640px\" \/><\/p>\n<p><img loading=\"lazy\" decoding=\"async\" class=\"alignnone size-large wp-image-122151\" src=\"https:\/\/noticiasmercedinas.com\/site\/wp-content\/uploads\/2023\/09\/ec4c1402-7c32-486b-b10a-e0488ac101c8-881x1024.jpg\" alt=\"\" width=\"640\" height=\"744\" srcset=\"https:\/\/noticiasmercedinas.com\/site\/wp-content\/uploads\/2023\/09\/ec4c1402-7c32-486b-b10a-e0488ac101c8-881x1024.jpg 881w, https:\/\/noticiasmercedinas.com\/site\/wp-content\/uploads\/2023\/09\/ec4c1402-7c32-486b-b10a-e0488ac101c8-258x300.jpg 258w, https:\/\/noticiasmercedinas.com\/site\/wp-content\/uploads\/2023\/09\/ec4c1402-7c32-486b-b10a-e0488ac101c8-768x893.jpg 768w, https:\/\/noticiasmercedinas.com\/site\/wp-content\/uploads\/2023\/09\/ec4c1402-7c32-486b-b10a-e0488ac101c8-1321x1536.jpg 1321w, https:\/\/noticiasmercedinas.com\/site\/wp-content\/uploads\/2023\/09\/ec4c1402-7c32-486b-b10a-e0488ac101c8-640x744.jpg 640w, https:\/\/noticiasmercedinas.com\/site\/wp-content\/uploads\/2023\/09\/ec4c1402-7c32-486b-b10a-e0488ac101c8-1280x1488.jpg 1280w, https:\/\/noticiasmercedinas.com\/site\/wp-content\/uploads\/2023\/09\/ec4c1402-7c32-486b-b10a-e0488ac101c8-681x792.jpg 681w, https:\/\/noticiasmercedinas.com\/site\/wp-content\/uploads\/2023\/09\/ec4c1402-7c32-486b-b10a-e0488ac101c8-1362x1584.jpg 1362w, https:\/\/noticiasmercedinas.com\/site\/wp-content\/uploads\/2023\/09\/ec4c1402-7c32-486b-b10a-e0488ac101c8.jpg 1376w\" sizes=\"auto, (max-width: 640px) 100vw, 640px\" \/><\/p>\n","protected":false},"excerpt":{"rendered":"<p>\u25a0 A trav\u00e9s de la UDUV plantean a los Concejos Deliberantes del corredor que reclamen acci\u00f3n al Gobierno Nacional. Definen como una \u201ccarnicer\u00eda\u201d al tramo entre Mercedes y Santa Rosa. Espera la prometida doble v\u00eda<\/p>\n","protected":false},"author":16,"featured_media":119795,"comment_status":"closed","ping_status":"closed","sticky":false,"template":"","format":"standard","meta":{"footnotes":""},"categories":[3],"tags":[502,1314,36,1286,665,16926,8251],"class_list":["post-122150","post","type-post","status-publish","format-standard","has-post-thumbnail","hentry","category-sociedad","tag-accidente","tag-autopista-5","tag-obras","tag-reclamo","tag-ruta-5","tag-uduv","tag-usuarios-viales"],"yoast_head":"<!-- This site is optimized with the Yoast SEO plugin v27.4 - https:\/\/yoast.com\/product\/yoast-seo-wordpress\/ -->\n<title>Usuarios Viales se unen en el reclamo ante la falta de conclusi\u00f3n de obras en Autopista 5<\/title>\n<meta name=\"robots\" content=\"index, follow, max-snippet:-1, max-image-preview:large, max-video-preview:-1\" \/>\n<link rel=\"canonical\" href=\"https:\/\/noticiasmercedinas.com\/site\/2023\/09\/05\/usuarios-viales-se-unen-en-el-reclamo-ante-la-falta-de-conclusion-de-obras-en-autopista-5\/\" \/>\n<meta property=\"og:locale\" content=\"es_ES\" \/>\n<meta property=\"og:type\" content=\"article\" \/>\n<meta property=\"og:title\" content=\"Usuarios Viales se unen en el reclamo ante la falta de conclusi\u00f3n de obras en Autopista 5\" \/>\n<meta property=\"og:description\" content=\"\u25a0 A trav\u00e9s de la UDUV plantean a los Concejos Deliberantes del corredor que reclamen acci\u00f3n al Gobierno Nacional. Definen como una \u201ccarnicer\u00eda\u201d al tramo entre Mercedes y Santa Rosa. Espera la prometida doble v\u00eda\" \/>\n<meta property=\"og:url\" content=\"https:\/\/noticiasmercedinas.com\/site\/2023\/09\/05\/usuarios-viales-se-unen-en-el-reclamo-ante-la-falta-de-conclusion-de-obras-en-autopista-5\/\" \/>\n<meta property=\"og:site_name\" content=\"NOTICIASMERCEDINAS.COM\" \/>\n<meta property=\"article:publisher\" content=\"https:\/\/www.facebook.com\/noticiasmercedinas\/\" \/>\n<meta property=\"article:published_time\" content=\"2023-09-05T19:30:12+00:00\" \/>\n<meta property=\"og:image\" content=\"https:\/\/noticiasmercedinas.com\/site\/wp-content\/uploads\/2023\/07\/Transformacion-en-autopista-de-la-RN-5-entre-Mercedes-y-Suipacha.jpg\" \/>\n\t<meta property=\"og:image:width\" content=\"640\" \/>\n\t<meta property=\"og:image:height\" content=\"480\" \/>\n\t<meta property=\"og:image:type\" content=\"image\/jpeg\" \/>\n<meta name=\"author\" content=\"NOTICIASMERCEDINAS.COM\" \/>\n<meta name=\"twitter:card\" content=\"summary_large_image\" \/>\n<meta name=\"twitter:creator\" content=\"@notmercedinas\" \/>\n<meta name=\"twitter:site\" content=\"@notmercedinas\" \/>\n<meta name=\"twitter:label1\" content=\"Escrito por\" \/>\n\t<meta name=\"twitter:data1\" content=\"NOTICIASMERCEDINAS.COM\" \/>\n\t<meta name=\"twitter:label2\" content=\"Tiempo de lectura\" \/>\n\t<meta name=\"twitter:data2\" content=\"2 minutos\" \/>\n<script type=\"application\/ld+json\" class=\"yoast-schema-graph\">{\"@context\":\"https:\\\/\\\/schema.org\",\"@graph\":[{\"@type\":\"Article\",\"@id\":\"https:\\\/\\\/noticiasmercedinas.com\\\/site\\\/2023\\\/09\\\/05\\\/usuarios-viales-se-unen-en-el-reclamo-ante-la-falta-de-conclusion-de-obras-en-autopista-5\\\/#article\",\"isPartOf\":{\"@id\":\"https:\\\/\\\/noticiasmercedinas.com\\\/site\\\/2023\\\/09\\\/05\\\/usuarios-viales-se-unen-en-el-reclamo-ante-la-falta-de-conclusion-de-obras-en-autopista-5\\\/\"},\"author\":{\"name\":\"NOTICIASMERCEDINAS.COM\",\"@id\":\"https:\\\/\\\/noticiasmercedinas.com\\\/site\\\/#\\\/schema\\\/person\\\/84b59c099c28ff2e8b77d4ceec5d8063\"},\"headline\":\"Usuarios Viales se unen en el reclamo ante la falta de conclusi\u00f3n de obras en Autopista 5\",\"datePublished\":\"2023-09-05T19:30:12+00:00\",\"mainEntityOfPage\":{\"@id\":\"https:\\\/\\\/noticiasmercedinas.com\\\/site\\\/2023\\\/09\\\/05\\\/usuarios-viales-se-unen-en-el-reclamo-ante-la-falta-de-conclusion-de-obras-en-autopista-5\\\/\"},\"wordCount\":333,\"publisher\":{\"@id\":\"https:\\\/\\\/noticiasmercedinas.com\\\/site\\\/#organization\"},\"image\":{\"@id\":\"https:\\\/\\\/noticiasmercedinas.com\\\/site\\\/2023\\\/09\\\/05\\\/usuarios-viales-se-unen-en-el-reclamo-ante-la-falta-de-conclusion-de-obras-en-autopista-5\\\/#primaryimage\"},\"thumbnailUrl\":\"https:\\\/\\\/noticiasmercedinas.com\\\/site\\\/wp-content\\\/uploads\\\/2023\\\/07\\\/Transformacion-en-autopista-de-la-RN-5-entre-Mercedes-y-Suipacha.jpg\",\"keywords\":[\"accidente\",\"autopista 5\",\"obras\",\"reclamo\",\"ruta 5\",\"uduv\",\"usuarios viales\"],\"articleSection\":[\"Sociedad\"],\"inLanguage\":\"es\"},{\"@type\":\"WebPage\",\"@id\":\"https:\\\/\\\/noticiasmercedinas.com\\\/site\\\/2023\\\/09\\\/05\\\/usuarios-viales-se-unen-en-el-reclamo-ante-la-falta-de-conclusion-de-obras-en-autopista-5\\\/\",\"url\":\"https:\\\/\\\/noticiasmercedinas.com\\\/site\\\/2023\\\/09\\\/05\\\/usuarios-viales-se-unen-en-el-reclamo-ante-la-falta-de-conclusion-de-obras-en-autopista-5\\\/\",\"name\":\"Usuarios Viales se unen en el reclamo ante la falta de conclusi\u00f3n de obras en Autopista 5\",\"isPartOf\":{\"@id\":\"https:\\\/\\\/noticiasmercedinas.com\\\/site\\\/#website\"},\"primaryImageOfPage\":{\"@id\":\"https:\\\/\\\/noticiasmercedinas.com\\\/site\\\/2023\\\/09\\\/05\\\/usuarios-viales-se-unen-en-el-reclamo-ante-la-falta-de-conclusion-de-obras-en-autopista-5\\\/#primaryimage\"},\"image\":{\"@id\":\"https:\\\/\\\/noticiasmercedinas.com\\\/site\\\/2023\\\/09\\\/05\\\/usuarios-viales-se-unen-en-el-reclamo-ante-la-falta-de-conclusion-de-obras-en-autopista-5\\\/#primaryimage\"},\"thumbnailUrl\":\"https:\\\/\\\/noticiasmercedinas.com\\\/site\\\/wp-content\\\/uploads\\\/2023\\\/07\\\/Transformacion-en-autopista-de-la-RN-5-entre-Mercedes-y-Suipacha.jpg\",\"datePublished\":\"2023-09-05T19:30:12+00:00\",\"breadcrumb\":{\"@id\":\"https:\\\/\\\/noticiasmercedinas.com\\\/site\\\/2023\\\/09\\\/05\\\/usuarios-viales-se-unen-en-el-reclamo-ante-la-falta-de-conclusion-de-obras-en-autopista-5\\\/#breadcrumb\"},\"inLanguage\":\"es\",\"potentialAction\":[{\"@type\":\"ReadAction\",\"target\":[\"https:\\\/\\\/noticiasmercedinas.com\\\/site\\\/2023\\\/09\\\/05\\\/usuarios-viales-se-unen-en-el-reclamo-ante-la-falta-de-conclusion-de-obras-en-autopista-5\\\/\"]}]},{\"@type\":\"ImageObject\",\"inLanguage\":\"es\",\"@id\":\"https:\\\/\\\/noticiasmercedinas.com\\\/site\\\/2023\\\/09\\\/05\\\/usuarios-viales-se-unen-en-el-reclamo-ante-la-falta-de-conclusion-de-obras-en-autopista-5\\\/#primaryimage\",\"url\":\"https:\\\/\\\/noticiasmercedinas.com\\\/site\\\/wp-content\\\/uploads\\\/2023\\\/07\\\/Transformacion-en-autopista-de-la-RN-5-entre-Mercedes-y-Suipacha.jpg\",\"contentUrl\":\"https:\\\/\\\/noticiasmercedinas.com\\\/site\\\/wp-content\\\/uploads\\\/2023\\\/07\\\/Transformacion-en-autopista-de-la-RN-5-entre-Mercedes-y-Suipacha.jpg\",\"width\":640,\"height\":480},{\"@type\":\"BreadcrumbList\",\"@id\":\"https:\\\/\\\/noticiasmercedinas.com\\\/site\\\/2023\\\/09\\\/05\\\/usuarios-viales-se-unen-en-el-reclamo-ante-la-falta-de-conclusion-de-obras-en-autopista-5\\\/#breadcrumb\",\"itemListElement\":[{\"@type\":\"ListItem\",\"position\":1,\"name\":\"Portada\",\"item\":\"https:\\\/\\\/noticiasmercedinas.com\\\/site\\\/\"},{\"@type\":\"ListItem\",\"position\":2,\"name\":\"Usuarios Viales se unen en el reclamo ante la falta de conclusi\u00f3n de obras en Autopista 5\"}]},{\"@type\":\"WebSite\",\"@id\":\"https:\\\/\\\/noticiasmercedinas.com\\\/site\\\/#website\",\"url\":\"https:\\\/\\\/noticiasmercedinas.com\\\/site\\\/\",\"name\":\"NOTICIASMERCEDINAS.COM\",\"description\":\"Mercedes, Buenos Aires, Argentina\",\"publisher\":{\"@id\":\"https:\\\/\\\/noticiasmercedinas.com\\\/site\\\/#organization\"},\"potentialAction\":[{\"@type\":\"SearchAction\",\"target\":{\"@type\":\"EntryPoint\",\"urlTemplate\":\"https:\\\/\\\/noticiasmercedinas.com\\\/site\\\/?s={search_term_string}\"},\"query-input\":{\"@type\":\"PropertyValueSpecification\",\"valueRequired\":true,\"valueName\":\"search_term_string\"}}],\"inLanguage\":\"es\"},{\"@type\":\"Organization\",\"@id\":\"https:\\\/\\\/noticiasmercedinas.com\\\/site\\\/#organization\",\"name\":\"NOTICIASMERCEDINAS.COM\",\"url\":\"https:\\\/\\\/noticiasmercedinas.com\\\/site\\\/\",\"logo\":{\"@type\":\"ImageObject\",\"inLanguage\":\"es\",\"@id\":\"https:\\\/\\\/noticiasmercedinas.com\\\/site\\\/#\\\/schema\\\/logo\\\/image\\\/\",\"url\":\"https:\\\/\\\/noticiasmercedinas.com\\\/site\\\/wp-content\\\/uploads\\\/2020\\\/06\\\/LOGO-512.jpg\",\"contentUrl\":\"https:\\\/\\\/noticiasmercedinas.com\\\/site\\\/wp-content\\\/uploads\\\/2020\\\/06\\\/LOGO-512.jpg\",\"width\":512,\"height\":512,\"caption\":\"NOTICIASMERCEDINAS.COM\"},\"image\":{\"@id\":\"https:\\\/\\\/noticiasmercedinas.com\\\/site\\\/#\\\/schema\\\/logo\\\/image\\\/\"},\"sameAs\":[\"https:\\\/\\\/www.facebook.com\\\/noticiasmercedinas\\\/\",\"https:\\\/\\\/x.com\\\/notmercedinas\",\"https:\\\/\\\/www.instagram.com\\\/noticiasmercedinas\\\/\"]},{\"@type\":\"Person\",\"@id\":\"https:\\\/\\\/noticiasmercedinas.com\\\/site\\\/#\\\/schema\\\/person\\\/84b59c099c28ff2e8b77d4ceec5d8063\",\"name\":\"NOTICIASMERCEDINAS.COM\",\"image\":{\"@type\":\"ImageObject\",\"inLanguage\":\"es\",\"@id\":\"https:\\\/\\\/secure.gravatar.com\\\/avatar\\\/4dfbf16b4d17945bfb6341b2d19043457132fcf478a5ee04f42e959fd8f5df0a?s=96&d=mm&r=g\",\"url\":\"https:\\\/\\\/secure.gravatar.com\\\/avatar\\\/4dfbf16b4d17945bfb6341b2d19043457132fcf478a5ee04f42e959fd8f5df0a?s=96&d=mm&r=g\",\"contentUrl\":\"https:\\\/\\\/secure.gravatar.com\\\/avatar\\\/4dfbf16b4d17945bfb6341b2d19043457132fcf478a5ee04f42e959fd8f5df0a?s=96&d=mm&r=g\",\"caption\":\"NOTICIASMERCEDINAS.COM\"},\"url\":\"https:\\\/\\\/noticiasmercedinas.com\\\/site\\\/author\\\/anonimo\\\/\"}]}<\/script>\n<!-- \/ Yoast SEO plugin. -->","yoast_head_json":{"title":"Usuarios Viales se unen en el reclamo ante la falta de conclusi\u00f3n de obras en Autopista 5","robots":{"index":"index","follow":"follow","max-snippet":"max-snippet:-1","max-image-preview":"max-image-preview:large","max-video-preview":"max-video-preview:-1"},"canonical":"https:\/\/noticiasmercedinas.com\/site\/2023\/09\/05\/usuarios-viales-se-unen-en-el-reclamo-ante-la-falta-de-conclusion-de-obras-en-autopista-5\/","og_locale":"es_ES","og_type":"article","og_title":"Usuarios Viales se unen en el reclamo ante la falta de conclusi\u00f3n de obras en Autopista 5","og_description":"\u25a0 A trav\u00e9s de la UDUV plantean a los Concejos Deliberantes del corredor que reclamen acci\u00f3n al Gobierno Nacional. Definen como una \u201ccarnicer\u00eda\u201d al tramo entre Mercedes y Santa Rosa. Espera la prometida doble v\u00eda","og_url":"https:\/\/noticiasmercedinas.com\/site\/2023\/09\/05\/usuarios-viales-se-unen-en-el-reclamo-ante-la-falta-de-conclusion-de-obras-en-autopista-5\/","og_site_name":"NOTICIASMERCEDINAS.COM","article_publisher":"https:\/\/www.facebook.com\/noticiasmercedinas\/","article_published_time":"2023-09-05T19:30:12+00:00","og_image":[{"width":640,"height":480,"url":"https:\/\/noticiasmercedinas.com\/site\/wp-content\/uploads\/2023\/07\/Transformacion-en-autopista-de-la-RN-5-entre-Mercedes-y-Suipacha.jpg","type":"image\/jpeg"}],"author":"NOTICIASMERCEDINAS.COM","twitter_card":"summary_large_image","twitter_creator":"@notmercedinas","twitter_site":"@notmercedinas","twitter_misc":{"Escrito por":"NOTICIASMERCEDINAS.COM","Tiempo de lectura":"2 minutos"},"schema":{"@context":"https:\/\/schema.org","@graph":[{"@type":"Article","@id":"https:\/\/noticiasmercedinas.com\/site\/2023\/09\/05\/usuarios-viales-se-unen-en-el-reclamo-ante-la-falta-de-conclusion-de-obras-en-autopista-5\/#article","isPartOf":{"@id":"https:\/\/noticiasmercedinas.com\/site\/2023\/09\/05\/usuarios-viales-se-unen-en-el-reclamo-ante-la-falta-de-conclusion-de-obras-en-autopista-5\/"},"author":{"name":"NOTICIASMERCEDINAS.COM","@id":"https:\/\/noticiasmercedinas.com\/site\/#\/schema\/person\/84b59c099c28ff2e8b77d4ceec5d8063"},"headline":"Usuarios Viales se unen en el reclamo ante la falta de conclusi\u00f3n de obras en Autopista 5","datePublished":"2023-09-05T19:30:12+00:00","mainEntityOfPage":{"@id":"https:\/\/noticiasmercedinas.com\/site\/2023\/09\/05\/usuarios-viales-se-unen-en-el-reclamo-ante-la-falta-de-conclusion-de-obras-en-autopista-5\/"},"wordCount":333,"publisher":{"@id":"https:\/\/noticiasmercedinas.com\/site\/#organization"},"image":{"@id":"https:\/\/noticiasmercedinas.com\/site\/2023\/09\/05\/usuarios-viales-se-unen-en-el-reclamo-ante-la-falta-de-conclusion-de-obras-en-autopista-5\/#primaryimage"},"thumbnailUrl":"https:\/\/noticiasmercedinas.com\/site\/wp-content\/uploads\/2023\/07\/Transformacion-en-autopista-de-la-RN-5-entre-Mercedes-y-Suipacha.jpg","keywords":["accidente","autopista 5","obras","reclamo","ruta 5","uduv","usuarios viales"],"articleSection":["Sociedad"],"inLanguage":"es"},{"@type":"WebPage","@id":"https:\/\/noticiasmercedinas.com\/site\/2023\/09\/05\/usuarios-viales-se-unen-en-el-reclamo-ante-la-falta-de-conclusion-de-obras-en-autopista-5\/","url":"https:\/\/noticiasmercedinas.com\/site\/2023\/09\/05\/usuarios-viales-se-unen-en-el-reclamo-ante-la-falta-de-conclusion-de-obras-en-autopista-5\/","name":"Usuarios Viales se unen en el reclamo ante la falta de conclusi\u00f3n de obras en Autopista 5","isPartOf":{"@id":"https:\/\/noticiasmercedinas.com\/site\/#website"},"primaryImageOfPage":{"@id":"https:\/\/noticiasmercedinas.com\/site\/2023\/09\/05\/usuarios-viales-se-unen-en-el-reclamo-ante-la-falta-de-conclusion-de-obras-en-autopista-5\/#primaryimage"},"image":{"@id":"https:\/\/noticiasmercedinas.com\/site\/2023\/09\/05\/usuarios-viales-se-unen-en-el-reclamo-ante-la-falta-de-conclusion-de-obras-en-autopista-5\/#primaryimage"},"thumbnailUrl":"https:\/\/noticiasmercedinas.com\/site\/wp-content\/uploads\/2023\/07\/Transformacion-en-autopista-de-la-RN-5-entre-Mercedes-y-Suipacha.jpg","datePublished":"2023-09-05T19:30:12+00:00","breadcrumb":{"@id":"https:\/\/noticiasmercedinas.com\/site\/2023\/09\/05\/usuarios-viales-se-unen-en-el-reclamo-ante-la-falta-de-conclusion-de-obras-en-autopista-5\/#breadcrumb"},"inLanguage":"es","potentialAction":[{"@type":"ReadAction","target":["https:\/\/noticiasmercedinas.com\/site\/2023\/09\/05\/usuarios-viales-se-unen-en-el-reclamo-ante-la-falta-de-conclusion-de-obras-en-autopista-5\/"]}]},{"@type":"ImageObject","inLanguage":"es","@id":"https:\/\/noticiasmercedinas.com\/site\/2023\/09\/05\/usuarios-viales-se-unen-en-el-reclamo-ante-la-falta-de-conclusion-de-obras-en-autopista-5\/#primaryimage","url":"https:\/\/noticiasmercedinas.com\/site\/wp-content\/uploads\/2023\/07\/Transformacion-en-autopista-de-la-RN-5-entre-Mercedes-y-Suipacha.jpg","contentUrl":"https:\/\/noticiasmercedinas.com\/site\/wp-content\/uploads\/2023\/07\/Transformacion-en-autopista-de-la-RN-5-entre-Mercedes-y-Suipacha.jpg","width":640,"height":480},{"@type":"BreadcrumbList","@id":"https:\/\/noticiasmercedinas.com\/site\/2023\/09\/05\/usuarios-viales-se-unen-en-el-reclamo-ante-la-falta-de-conclusion-de-obras-en-autopista-5\/#breadcrumb","itemListElement":[{"@type":"ListItem","position":1,"name":"Portada","item":"https:\/\/noticiasmercedinas.com\/site\/"},{"@type":"ListItem","position":2,"name":"Usuarios Viales se unen en el reclamo ante la falta de conclusi\u00f3n de obras en Autopista 5"}]},{"@type":"WebSite","@id":"https:\/\/noticiasmercedinas.com\/site\/#website","url":"https:\/\/noticiasmercedinas.com\/site\/","name":"NOTICIASMERCEDINAS.COM","description":"Mercedes, Buenos Aires, Argentina","publisher":{"@id":"https:\/\/noticiasmercedinas.com\/site\/#organization"},"potentialAction":[{"@type":"SearchAction","target":{"@type":"EntryPoint","urlTemplate":"https:\/\/noticiasmercedinas.com\/site\/?s={search_term_string}"},"query-input":{"@type":"PropertyValueSpecification","valueRequired":true,"valueName":"search_term_string"}}],"inLanguage":"es"},{"@type":"Organization","@id":"https:\/\/noticiasmercedinas.com\/site\/#organization","name":"NOTICIASMERCEDINAS.COM","url":"https:\/\/noticiasmercedinas.com\/site\/","logo":{"@type":"ImageObject","inLanguage":"es","@id":"https:\/\/noticiasmercedinas.com\/site\/#\/schema\/logo\/image\/","url":"https:\/\/noticiasmercedinas.com\/site\/wp-content\/uploads\/2020\/06\/LOGO-512.jpg","contentUrl":"https:\/\/noticiasmercedinas.com\/site\/wp-content\/uploads\/2020\/06\/LOGO-512.jpg","width":512,"height":512,"caption":"NOTICIASMERCEDINAS.COM"},"image":{"@id":"https:\/\/noticiasmercedinas.com\/site\/#\/schema\/logo\/image\/"},"sameAs":["https:\/\/www.facebook.com\/noticiasmercedinas\/","https:\/\/x.com\/notmercedinas","https:\/\/www.instagram.com\/noticiasmercedinas\/"]},{"@type":"Person","@id":"https:\/\/noticiasmercedinas.com\/site\/#\/schema\/person\/84b59c099c28ff2e8b77d4ceec5d8063","name":"NOTICIASMERCEDINAS.COM","image":{"@type":"ImageObject","inLanguage":"es","@id":"https:\/\/secure.gravatar.com\/avatar\/4dfbf16b4d17945bfb6341b2d19043457132fcf478a5ee04f42e959fd8f5df0a?s=96&d=mm&r=g","url":"https:\/\/secure.gravatar.com\/avatar\/4dfbf16b4d17945bfb6341b2d19043457132fcf478a5ee04f42e959fd8f5df0a?s=96&d=mm&r=g","contentUrl":"https:\/\/secure.gravatar.com\/avatar\/4dfbf16b4d17945bfb6341b2d19043457132fcf478a5ee04f42e959fd8f5df0a?s=96&d=mm&r=g","caption":"NOTICIASMERCEDINAS.COM"},"url":"https:\/\/noticiasmercedinas.com\/site\/author\/anonimo\/"}]}},"amp_enabled":true,"_links":{"self":[{"href":"https:\/\/noticiasmercedinas.com\/site\/wp-json\/wp\/v2\/posts\/122150","targetHints":{"allow":["GET"]}}],"collection":[{"href":"https:\/\/noticiasmercedinas.com\/site\/wp-json\/wp\/v2\/posts"}],"about":[{"href":"https:\/\/noticiasmercedinas.com\/site\/wp-json\/wp\/v2\/types\/post"}],"author":[{"embeddable":true,"href":"https:\/\/noticiasmercedinas.com\/site\/wp-json\/wp\/v2\/users\/16"}],"replies":[{"embeddable":true,"href":"https:\/\/noticiasmercedinas.com\/site\/wp-json\/wp\/v2\/comments?post=122150"}],"version-history":[{"count":1,"href":"https:\/\/noticiasmercedinas.com\/site\/wp-json\/wp\/v2\/posts\/122150\/revisions"}],"predecessor-version":[{"id":122153,"href":"https:\/\/noticiasmercedinas.com\/site\/wp-json\/wp\/v2\/posts\/122150\/revisions\/122153"}],"wp:featuredmedia":[{"embeddable":true,"href":"https:\/\/noticiasmercedinas.com\/site\/wp-json\/wp\/v2\/media\/119795"}],"wp:attachment":[{"href":"https:\/\/noticiasmercedinas.com\/site\/wp-json\/wp\/v2\/media?parent=122150"}],"wp:term":[{"taxonomy":"category","embeddable":true,"href":"https:\/\/noticiasmercedinas.com\/site\/wp-json\/wp\/v2\/categories?post=122150"},{"taxonomy":"post_tag","embeddable":true,"href":"https:\/\/noticiasmercedinas.com\/site\/wp-json\/wp\/v2\/tags?post=122150"}],"curies":[{"name":"wp","href":"https:\/\/api.w.org\/{rel}","templated":true}]}}