{"id":12216,"date":"2019-02-13T10:32:31","date_gmt":"2019-02-13T13:32:31","guid":{"rendered":"https:\/\/noticiasmercedinas.com\/site\/?p=12216"},"modified":"2019-02-13T10:32:31","modified_gmt":"2019-02-13T13:32:31","slug":"municipio-adquirio-ecografo-para-el-cic","status":"publish","type":"post","link":"https:\/\/noticiasmercedinas.com\/site\/2019\/02\/13\/municipio-adquirio-ecografo-para-el-cic\/","title":{"rendered":"Municipio adquiri\u00f3 ec\u00f3grafo para el CIC"},"content":{"rendered":"<p><b>El aparato de alta complejidad permitir\u00e1 realizar estudios de importancia en el control del embarazo, en el marco del programa \u201cMil D\u00edas\u201d. Se incorpor\u00f3 nuevo profesional al \u00e1rea.<\/b><\/p>\n<p><a href=\"https:\/\/noticiasmercedinas.com\/site\/wp-content\/uploads\/2019\/02\/ustarroz_cic.jpg\"><img loading=\"lazy\" decoding=\"async\" class=\"alignnone size-full wp-image-12217\" src=\"https:\/\/noticiasmercedinas.com\/site\/wp-content\/uploads\/2019\/02\/ustarroz_cic.jpg\" alt=\"\" width=\"640\" height=\"311\" srcset=\"https:\/\/noticiasmercedinas.com\/site\/wp-content\/uploads\/2019\/02\/ustarroz_cic.jpg 640w, https:\/\/noticiasmercedinas.com\/site\/wp-content\/uploads\/2019\/02\/ustarroz_cic-300x146.jpg 300w\" sizes=\"auto, (max-width: 640px) 100vw, 640px\" \/><\/a><\/p>\n<p>El Municipio adquiri\u00f3 un ec\u00f3grafo para el Centro Integrador Comunitario (CIC), \u201caparatolog\u00eda de alta complejidad que permite incorporar a la salud p\u00fablica una mayor cobertura, hasta ahora no comprendida por el sistema en nuestra ciudad\u201d.<\/p>\n<p>Adem\u00e1s, el intendente Juan Ignacio Ustarroz present\u00f3 a un nuevo profesional del equipo de trabajo de Salud que se desempe\u00f1a en el CIC, el doctor Miguel Agostini, quien se se encuentra abocado a estudios en el marco del programa \u201cMil D\u00edas\u201d.<\/p>\n<p>En la oportunidad, la licenciada Emilia Marf\u00eda, directora APS, detall\u00f3 que Agostini se encuentra abocado a \u201cestudios muy importantes en el control del embarazo que es translucencia nucal y el scan fetal\u201d.<\/p>\n<p>Ustarroz felicit\u00f3 \u201ca todo el equipo de salud que viene trabajando much\u00edsimo\u201d y le dio la bienvenida a Agostini: \u201cPara nosotros es un honor seguir sumando profesionales de una gran trayectoria. Y a todos ellos darles las herramientas necesarias para desempe\u00f1ar su tarea\u201d, se\u00f1al\u00f3.<\/p>\n<p>\u201cEstamos contentos de seguir invirtiendo en salud, que nuestra ciudad no tenga recortes y que contemos con ampliaci\u00f3n de derechos, creo que es el camino correcto y del cual todos nos sentimos orgullosos, y hacemos nuestro aporte para poder hacer de esta ciudad una ciudad mejor\u201d, destac\u00f3 el jefe comunal.<\/p>\n","protected":false},"excerpt":{"rendered":"<p>El aparato de alta complejidad permitir\u00e1 realizar estudios de importancia en el control del embarazo, en el marco del programa \u201cMil D\u00edas\u201d. Se incorpor\u00f3 nuevo profesional al \u00e1rea. El Municipio adquiri\u00f3 un ec\u00f3grafo para el Centro Integrador Comunitario (CIC), \u201caparatolog\u00eda de alta complejidad que permite incorporar a la salud p\u00fablica una mayor cobertura, hasta ahora [&hellip;]<\/p>\n","protected":false},"author":16,"featured_media":12217,"comment_status":"open","ping_status":"open","sticky":false,"template":"","format":"standard","meta":{"footnotes":""},"categories":[3],"tags":[3534,3535,266],"class_list":["post-12216","post","type-post","status-publish","format-standard","has-post-thumbnail","hentry","category-sociedad","tag-centro-integrador-comunitario","tag-ecografo","tag-juan-ignacio-ustarroz"],"yoast_head":"<!-- This site is optimized with the Yoast SEO plugin v27.4 - https:\/\/yoast.com\/product\/yoast-seo-wordpress\/ -->\n<title>Municipio adquiri\u00f3 ec\u00f3grafo para el CIC<\/title>\n<meta name=\"robots\" content=\"index, follow, max-snippet:-1, max-image-preview:large, max-video-preview:-1\" \/>\n<link rel=\"canonical\" href=\"https:\/\/noticiasmercedinas.com\/site\/2019\/02\/13\/municipio-adquirio-ecografo-para-el-cic\/\" \/>\n<meta property=\"og:locale\" content=\"es_ES\" \/>\n<meta property=\"og:type\" content=\"article\" \/>\n<meta property=\"og:title\" content=\"Municipio adquiri\u00f3 ec\u00f3grafo para el CIC\" \/>\n<meta property=\"og:description\" content=\"El aparato de alta complejidad permitir\u00e1 realizar estudios de importancia en el control del embarazo, en el marco del programa \u201cMil D\u00edas\u201d. Se incorpor\u00f3 nuevo profesional al \u00e1rea. El Municipio adquiri\u00f3 un ec\u00f3grafo para el Centro Integrador Comunitario (CIC), \u201caparatolog\u00eda de alta complejidad que permite incorporar a la salud p\u00fablica una mayor cobertura, hasta ahora [&hellip;]\" \/>\n<meta property=\"og:url\" content=\"https:\/\/noticiasmercedinas.com\/site\/2019\/02\/13\/municipio-adquirio-ecografo-para-el-cic\/\" \/>\n<meta property=\"og:site_name\" content=\"NOTICIASMERCEDINAS.COM\" \/>\n<meta property=\"article:publisher\" content=\"https:\/\/www.facebook.com\/noticiasmercedinas\/\" \/>\n<meta property=\"article:published_time\" content=\"2019-02-13T13:32:31+00:00\" \/>\n<meta property=\"og:image\" content=\"https:\/\/noticiasmercedinas.com\/site\/wp-content\/uploads\/2019\/02\/ustarroz_cic.jpg\" \/>\n\t<meta property=\"og:image:width\" content=\"640\" \/>\n\t<meta property=\"og:image:height\" content=\"311\" \/>\n\t<meta property=\"og:image:type\" content=\"image\/jpeg\" \/>\n<meta name=\"author\" content=\"NOTICIASMERCEDINAS.COM\" \/>\n<meta name=\"twitter:card\" content=\"summary_large_image\" \/>\n<meta name=\"twitter:creator\" content=\"@notmercedinas\" \/>\n<meta name=\"twitter:site\" content=\"@notmercedinas\" \/>\n<meta name=\"twitter:label1\" content=\"Escrito por\" \/>\n\t<meta name=\"twitter:data1\" content=\"NOTICIASMERCEDINAS.COM\" \/>\n\t<meta name=\"twitter:label2\" content=\"Tiempo de lectura\" \/>\n\t<meta name=\"twitter:data2\" content=\"1 minuto\" \/>\n<script type=\"application\/ld+json\" class=\"yoast-schema-graph\">{\"@context\":\"https:\\\/\\\/schema.org\",\"@graph\":[{\"@type\":\"Article\",\"@id\":\"https:\\\/\\\/noticiasmercedinas.com\\\/site\\\/2019\\\/02\\\/13\\\/municipio-adquirio-ecografo-para-el-cic\\\/#article\",\"isPartOf\":{\"@id\":\"https:\\\/\\\/noticiasmercedinas.com\\\/site\\\/2019\\\/02\\\/13\\\/municipio-adquirio-ecografo-para-el-cic\\\/\"},\"author\":{\"name\":\"NOTICIASMERCEDINAS.COM\",\"@id\":\"https:\\\/\\\/noticiasmercedinas.com\\\/site\\\/#\\\/schema\\\/person\\\/84b59c099c28ff2e8b77d4ceec5d8063\"},\"headline\":\"Municipio adquiri\u00f3 ec\u00f3grafo para el CIC\",\"datePublished\":\"2019-02-13T13:32:31+00:00\",\"mainEntityOfPage\":{\"@id\":\"https:\\\/\\\/noticiasmercedinas.com\\\/site\\\/2019\\\/02\\\/13\\\/municipio-adquirio-ecografo-para-el-cic\\\/\"},\"wordCount\":249,\"commentCount\":0,\"publisher\":{\"@id\":\"https:\\\/\\\/noticiasmercedinas.com\\\/site\\\/#organization\"},\"image\":{\"@id\":\"https:\\\/\\\/noticiasmercedinas.com\\\/site\\\/2019\\\/02\\\/13\\\/municipio-adquirio-ecografo-para-el-cic\\\/#primaryimage\"},\"thumbnailUrl\":\"https:\\\/\\\/noticiasmercedinas.com\\\/site\\\/wp-content\\\/uploads\\\/2019\\\/02\\\/ustarroz_cic.jpg\",\"keywords\":[\"Centro Integrador Comunitario\",\"Ec\u00f3grafo\",\"juan ignacio ustarroz\"],\"articleSection\":[\"Sociedad\"],\"inLanguage\":\"es\",\"potentialAction\":[{\"@type\":\"CommentAction\",\"name\":\"Comment\",\"target\":[\"https:\\\/\\\/noticiasmercedinas.com\\\/site\\\/2019\\\/02\\\/13\\\/municipio-adquirio-ecografo-para-el-cic\\\/#respond\"]}]},{\"@type\":\"WebPage\",\"@id\":\"https:\\\/\\\/noticiasmercedinas.com\\\/site\\\/2019\\\/02\\\/13\\\/municipio-adquirio-ecografo-para-el-cic\\\/\",\"url\":\"https:\\\/\\\/noticiasmercedinas.com\\\/site\\\/2019\\\/02\\\/13\\\/municipio-adquirio-ecografo-para-el-cic\\\/\",\"name\":\"Municipio adquiri\u00f3 ec\u00f3grafo para el CIC\",\"isPartOf\":{\"@id\":\"https:\\\/\\\/noticiasmercedinas.com\\\/site\\\/#website\"},\"primaryImageOfPage\":{\"@id\":\"https:\\\/\\\/noticiasmercedinas.com\\\/site\\\/2019\\\/02\\\/13\\\/municipio-adquirio-ecografo-para-el-cic\\\/#primaryimage\"},\"image\":{\"@id\":\"https:\\\/\\\/noticiasmercedinas.com\\\/site\\\/2019\\\/02\\\/13\\\/municipio-adquirio-ecografo-para-el-cic\\\/#primaryimage\"},\"thumbnailUrl\":\"https:\\\/\\\/noticiasmercedinas.com\\\/site\\\/wp-content\\\/uploads\\\/2019\\\/02\\\/ustarroz_cic.jpg\",\"datePublished\":\"2019-02-13T13:32:31+00:00\",\"breadcrumb\":{\"@id\":\"https:\\\/\\\/noticiasmercedinas.com\\\/site\\\/2019\\\/02\\\/13\\\/municipio-adquirio-ecografo-para-el-cic\\\/#breadcrumb\"},\"inLanguage\":\"es\",\"potentialAction\":[{\"@type\":\"ReadAction\",\"target\":[\"https:\\\/\\\/noticiasmercedinas.com\\\/site\\\/2019\\\/02\\\/13\\\/municipio-adquirio-ecografo-para-el-cic\\\/\"]}]},{\"@type\":\"ImageObject\",\"inLanguage\":\"es\",\"@id\":\"https:\\\/\\\/noticiasmercedinas.com\\\/site\\\/2019\\\/02\\\/13\\\/municipio-adquirio-ecografo-para-el-cic\\\/#primaryimage\",\"url\":\"https:\\\/\\\/noticiasmercedinas.com\\\/site\\\/wp-content\\\/uploads\\\/2019\\\/02\\\/ustarroz_cic.jpg\",\"contentUrl\":\"https:\\\/\\\/noticiasmercedinas.com\\\/site\\\/wp-content\\\/uploads\\\/2019\\\/02\\\/ustarroz_cic.jpg\",\"width\":640,\"height\":311},{\"@type\":\"BreadcrumbList\",\"@id\":\"https:\\\/\\\/noticiasmercedinas.com\\\/site\\\/2019\\\/02\\\/13\\\/municipio-adquirio-ecografo-para-el-cic\\\/#breadcrumb\",\"itemListElement\":[{\"@type\":\"ListItem\",\"position\":1,\"name\":\"Portada\",\"item\":\"https:\\\/\\\/noticiasmercedinas.com\\\/site\\\/\"},{\"@type\":\"ListItem\",\"position\":2,\"name\":\"Municipio adquiri\u00f3 ec\u00f3grafo para el CIC\"}]},{\"@type\":\"WebSite\",\"@id\":\"https:\\\/\\\/noticiasmercedinas.com\\\/site\\\/#website\",\"url\":\"https:\\\/\\\/noticiasmercedinas.com\\\/site\\\/\",\"name\":\"NOTICIASMERCEDINAS.COM\",\"description\":\"Mercedes, Buenos Aires, Argentina\",\"publisher\":{\"@id\":\"https:\\\/\\\/noticiasmercedinas.com\\\/site\\\/#organization\"},\"potentialAction\":[{\"@type\":\"SearchAction\",\"target\":{\"@type\":\"EntryPoint\",\"urlTemplate\":\"https:\\\/\\\/noticiasmercedinas.com\\\/site\\\/?s={search_term_string}\"},\"query-input\":{\"@type\":\"PropertyValueSpecification\",\"valueRequired\":true,\"valueName\":\"search_term_string\"}}],\"inLanguage\":\"es\"},{\"@type\":\"Organization\",\"@id\":\"https:\\\/\\\/noticiasmercedinas.com\\\/site\\\/#organization\",\"name\":\"NOTICIASMERCEDINAS.COM\",\"url\":\"https:\\\/\\\/noticiasmercedinas.com\\\/site\\\/\",\"logo\":{\"@type\":\"ImageObject\",\"inLanguage\":\"es\",\"@id\":\"https:\\\/\\\/noticiasmercedinas.com\\\/site\\\/#\\\/schema\\\/logo\\\/image\\\/\",\"url\":\"https:\\\/\\\/noticiasmercedinas.com\\\/site\\\/wp-content\\\/uploads\\\/2020\\\/06\\\/LOGO-512.jpg\",\"contentUrl\":\"https:\\\/\\\/noticiasmercedinas.com\\\/site\\\/wp-content\\\/uploads\\\/2020\\\/06\\\/LOGO-512.jpg\",\"width\":512,\"height\":512,\"caption\":\"NOTICIASMERCEDINAS.COM\"},\"image\":{\"@id\":\"https:\\\/\\\/noticiasmercedinas.com\\\/site\\\/#\\\/schema\\\/logo\\\/image\\\/\"},\"sameAs\":[\"https:\\\/\\\/www.facebook.com\\\/noticiasmercedinas\\\/\",\"https:\\\/\\\/x.com\\\/notmercedinas\",\"https:\\\/\\\/www.instagram.com\\\/noticiasmercedinas\\\/\"]},{\"@type\":\"Person\",\"@id\":\"https:\\\/\\\/noticiasmercedinas.com\\\/site\\\/#\\\/schema\\\/person\\\/84b59c099c28ff2e8b77d4ceec5d8063\",\"name\":\"NOTICIASMERCEDINAS.COM\",\"image\":{\"@type\":\"ImageObject\",\"inLanguage\":\"es\",\"@id\":\"https:\\\/\\\/secure.gravatar.com\\\/avatar\\\/4dfbf16b4d17945bfb6341b2d19043457132fcf478a5ee04f42e959fd8f5df0a?s=96&d=mm&r=g\",\"url\":\"https:\\\/\\\/secure.gravatar.com\\\/avatar\\\/4dfbf16b4d17945bfb6341b2d19043457132fcf478a5ee04f42e959fd8f5df0a?s=96&d=mm&r=g\",\"contentUrl\":\"https:\\\/\\\/secure.gravatar.com\\\/avatar\\\/4dfbf16b4d17945bfb6341b2d19043457132fcf478a5ee04f42e959fd8f5df0a?s=96&d=mm&r=g\",\"caption\":\"NOTICIASMERCEDINAS.COM\"},\"url\":\"https:\\\/\\\/noticiasmercedinas.com\\\/site\\\/author\\\/anonimo\\\/\"}]}<\/script>\n<!-- \/ Yoast SEO plugin. -->","yoast_head_json":{"title":"Municipio adquiri\u00f3 ec\u00f3grafo para el CIC","robots":{"index":"index","follow":"follow","max-snippet":"max-snippet:-1","max-image-preview":"max-image-preview:large","max-video-preview":"max-video-preview:-1"},"canonical":"https:\/\/noticiasmercedinas.com\/site\/2019\/02\/13\/municipio-adquirio-ecografo-para-el-cic\/","og_locale":"es_ES","og_type":"article","og_title":"Municipio adquiri\u00f3 ec\u00f3grafo para el CIC","og_description":"El aparato de alta complejidad permitir\u00e1 realizar estudios de importancia en el control del embarazo, en el marco del programa \u201cMil D\u00edas\u201d. Se incorpor\u00f3 nuevo profesional al \u00e1rea. El Municipio adquiri\u00f3 un ec\u00f3grafo para el Centro Integrador Comunitario (CIC), \u201caparatolog\u00eda de alta complejidad que permite incorporar a la salud p\u00fablica una mayor cobertura, hasta ahora [&hellip;]","og_url":"https:\/\/noticiasmercedinas.com\/site\/2019\/02\/13\/municipio-adquirio-ecografo-para-el-cic\/","og_site_name":"NOTICIASMERCEDINAS.COM","article_publisher":"https:\/\/www.facebook.com\/noticiasmercedinas\/","article_published_time":"2019-02-13T13:32:31+00:00","og_image":[{"width":640,"height":311,"url":"https:\/\/noticiasmercedinas.com\/site\/wp-content\/uploads\/2019\/02\/ustarroz_cic.jpg","type":"image\/jpeg"}],"author":"NOTICIASMERCEDINAS.COM","twitter_card":"summary_large_image","twitter_creator":"@notmercedinas","twitter_site":"@notmercedinas","twitter_misc":{"Escrito por":"NOTICIASMERCEDINAS.COM","Tiempo de lectura":"1 minuto"},"schema":{"@context":"https:\/\/schema.org","@graph":[{"@type":"Article","@id":"https:\/\/noticiasmercedinas.com\/site\/2019\/02\/13\/municipio-adquirio-ecografo-para-el-cic\/#article","isPartOf":{"@id":"https:\/\/noticiasmercedinas.com\/site\/2019\/02\/13\/municipio-adquirio-ecografo-para-el-cic\/"},"author":{"name":"NOTICIASMERCEDINAS.COM","@id":"https:\/\/noticiasmercedinas.com\/site\/#\/schema\/person\/84b59c099c28ff2e8b77d4ceec5d8063"},"headline":"Municipio adquiri\u00f3 ec\u00f3grafo para el CIC","datePublished":"2019-02-13T13:32:31+00:00","mainEntityOfPage":{"@id":"https:\/\/noticiasmercedinas.com\/site\/2019\/02\/13\/municipio-adquirio-ecografo-para-el-cic\/"},"wordCount":249,"commentCount":0,"publisher":{"@id":"https:\/\/noticiasmercedinas.com\/site\/#organization"},"image":{"@id":"https:\/\/noticiasmercedinas.com\/site\/2019\/02\/13\/municipio-adquirio-ecografo-para-el-cic\/#primaryimage"},"thumbnailUrl":"https:\/\/noticiasmercedinas.com\/site\/wp-content\/uploads\/2019\/02\/ustarroz_cic.jpg","keywords":["Centro Integrador Comunitario","Ec\u00f3grafo","juan ignacio ustarroz"],"articleSection":["Sociedad"],"inLanguage":"es","potentialAction":[{"@type":"CommentAction","name":"Comment","target":["https:\/\/noticiasmercedinas.com\/site\/2019\/02\/13\/municipio-adquirio-ecografo-para-el-cic\/#respond"]}]},{"@type":"WebPage","@id":"https:\/\/noticiasmercedinas.com\/site\/2019\/02\/13\/municipio-adquirio-ecografo-para-el-cic\/","url":"https:\/\/noticiasmercedinas.com\/site\/2019\/02\/13\/municipio-adquirio-ecografo-para-el-cic\/","name":"Municipio adquiri\u00f3 ec\u00f3grafo para el CIC","isPartOf":{"@id":"https:\/\/noticiasmercedinas.com\/site\/#website"},"primaryImageOfPage":{"@id":"https:\/\/noticiasmercedinas.com\/site\/2019\/02\/13\/municipio-adquirio-ecografo-para-el-cic\/#primaryimage"},"image":{"@id":"https:\/\/noticiasmercedinas.com\/site\/2019\/02\/13\/municipio-adquirio-ecografo-para-el-cic\/#primaryimage"},"thumbnailUrl":"https:\/\/noticiasmercedinas.com\/site\/wp-content\/uploads\/2019\/02\/ustarroz_cic.jpg","datePublished":"2019-02-13T13:32:31+00:00","breadcrumb":{"@id":"https:\/\/noticiasmercedinas.com\/site\/2019\/02\/13\/municipio-adquirio-ecografo-para-el-cic\/#breadcrumb"},"inLanguage":"es","potentialAction":[{"@type":"ReadAction","target":["https:\/\/noticiasmercedinas.com\/site\/2019\/02\/13\/municipio-adquirio-ecografo-para-el-cic\/"]}]},{"@type":"ImageObject","inLanguage":"es","@id":"https:\/\/noticiasmercedinas.com\/site\/2019\/02\/13\/municipio-adquirio-ecografo-para-el-cic\/#primaryimage","url":"https:\/\/noticiasmercedinas.com\/site\/wp-content\/uploads\/2019\/02\/ustarroz_cic.jpg","contentUrl":"https:\/\/noticiasmercedinas.com\/site\/wp-content\/uploads\/2019\/02\/ustarroz_cic.jpg","width":640,"height":311},{"@type":"BreadcrumbList","@id":"https:\/\/noticiasmercedinas.com\/site\/2019\/02\/13\/municipio-adquirio-ecografo-para-el-cic\/#breadcrumb","itemListElement":[{"@type":"ListItem","position":1,"name":"Portada","item":"https:\/\/noticiasmercedinas.com\/site\/"},{"@type":"ListItem","position":2,"name":"Municipio adquiri\u00f3 ec\u00f3grafo para el CIC"}]},{"@type":"WebSite","@id":"https:\/\/noticiasmercedinas.com\/site\/#website","url":"https:\/\/noticiasmercedinas.com\/site\/","name":"NOTICIASMERCEDINAS.COM","description":"Mercedes, Buenos Aires, Argentina","publisher":{"@id":"https:\/\/noticiasmercedinas.com\/site\/#organization"},"potentialAction":[{"@type":"SearchAction","target":{"@type":"EntryPoint","urlTemplate":"https:\/\/noticiasmercedinas.com\/site\/?s={search_term_string}"},"query-input":{"@type":"PropertyValueSpecification","valueRequired":true,"valueName":"search_term_string"}}],"inLanguage":"es"},{"@type":"Organization","@id":"https:\/\/noticiasmercedinas.com\/site\/#organization","name":"NOTICIASMERCEDINAS.COM","url":"https:\/\/noticiasmercedinas.com\/site\/","logo":{"@type":"ImageObject","inLanguage":"es","@id":"https:\/\/noticiasmercedinas.com\/site\/#\/schema\/logo\/image\/","url":"https:\/\/noticiasmercedinas.com\/site\/wp-content\/uploads\/2020\/06\/LOGO-512.jpg","contentUrl":"https:\/\/noticiasmercedinas.com\/site\/wp-content\/uploads\/2020\/06\/LOGO-512.jpg","width":512,"height":512,"caption":"NOTICIASMERCEDINAS.COM"},"image":{"@id":"https:\/\/noticiasmercedinas.com\/site\/#\/schema\/logo\/image\/"},"sameAs":["https:\/\/www.facebook.com\/noticiasmercedinas\/","https:\/\/x.com\/notmercedinas","https:\/\/www.instagram.com\/noticiasmercedinas\/"]},{"@type":"Person","@id":"https:\/\/noticiasmercedinas.com\/site\/#\/schema\/person\/84b59c099c28ff2e8b77d4ceec5d8063","name":"NOTICIASMERCEDINAS.COM","image":{"@type":"ImageObject","inLanguage":"es","@id":"https:\/\/secure.gravatar.com\/avatar\/4dfbf16b4d17945bfb6341b2d19043457132fcf478a5ee04f42e959fd8f5df0a?s=96&d=mm&r=g","url":"https:\/\/secure.gravatar.com\/avatar\/4dfbf16b4d17945bfb6341b2d19043457132fcf478a5ee04f42e959fd8f5df0a?s=96&d=mm&r=g","contentUrl":"https:\/\/secure.gravatar.com\/avatar\/4dfbf16b4d17945bfb6341b2d19043457132fcf478a5ee04f42e959fd8f5df0a?s=96&d=mm&r=g","caption":"NOTICIASMERCEDINAS.COM"},"url":"https:\/\/noticiasmercedinas.com\/site\/author\/anonimo\/"}]}},"amp_enabled":true,"_links":{"self":[{"href":"https:\/\/noticiasmercedinas.com\/site\/wp-json\/wp\/v2\/posts\/12216","targetHints":{"allow":["GET"]}}],"collection":[{"href":"https:\/\/noticiasmercedinas.com\/site\/wp-json\/wp\/v2\/posts"}],"about":[{"href":"https:\/\/noticiasmercedinas.com\/site\/wp-json\/wp\/v2\/types\/post"}],"author":[{"embeddable":true,"href":"https:\/\/noticiasmercedinas.com\/site\/wp-json\/wp\/v2\/users\/16"}],"replies":[{"embeddable":true,"href":"https:\/\/noticiasmercedinas.com\/site\/wp-json\/wp\/v2\/comments?post=12216"}],"version-history":[{"count":2,"href":"https:\/\/noticiasmercedinas.com\/site\/wp-json\/wp\/v2\/posts\/12216\/revisions"}],"predecessor-version":[{"id":12219,"href":"https:\/\/noticiasmercedinas.com\/site\/wp-json\/wp\/v2\/posts\/12216\/revisions\/12219"}],"wp:featuredmedia":[{"embeddable":true,"href":"https:\/\/noticiasmercedinas.com\/site\/wp-json\/wp\/v2\/media\/12217"}],"wp:attachment":[{"href":"https:\/\/noticiasmercedinas.com\/site\/wp-json\/wp\/v2\/media?parent=12216"}],"wp:term":[{"taxonomy":"category","embeddable":true,"href":"https:\/\/noticiasmercedinas.com\/site\/wp-json\/wp\/v2\/categories?post=12216"},{"taxonomy":"post_tag","embeddable":true,"href":"https:\/\/noticiasmercedinas.com\/site\/wp-json\/wp\/v2\/tags?post=12216"}],"curies":[{"name":"wp","href":"https:\/\/api.w.org\/{rel}","templated":true}]}}