{"id":122247,"date":"2023-09-07T10:16:03","date_gmt":"2023-09-07T13:16:03","guid":{"rendered":"https:\/\/noticiasmercedinas.com\/site\/?p=122247"},"modified":"2023-09-07T10:17:53","modified_gmt":"2023-09-07T13:17:53","slug":"memoria-carlos-selva-presidente-de-la-biblioteca-del-congreso-firma-importante-convenio","status":"publish","type":"post","link":"https:\/\/noticiasmercedinas.com\/site\/2023\/09\/07\/memoria-carlos-selva-presidente-de-la-biblioteca-del-congreso-firma-importante-convenio\/","title":{"rendered":"Memoria: Carlos Selva, presidente de la Biblioteca del Congreso, firma importante convenio"},"content":{"rendered":"<p><img loading=\"lazy\" decoding=\"async\" class=\"alignnone size-full wp-image-122250\" src=\"https:\/\/noticiasmercedinas.com\/site\/wp-content\/uploads\/2023\/09\/SELVA1.jpg\" alt=\"\" width=\"749\" height=\"498\" srcset=\"https:\/\/noticiasmercedinas.com\/site\/wp-content\/uploads\/2023\/09\/SELVA1.jpg 749w, https:\/\/noticiasmercedinas.com\/site\/wp-content\/uploads\/2023\/09\/SELVA1-300x199.jpg 300w, https:\/\/noticiasmercedinas.com\/site\/wp-content\/uploads\/2023\/09\/SELVA1-640x426.jpg 640w, https:\/\/noticiasmercedinas.com\/site\/wp-content\/uploads\/2023\/09\/SELVA1-681x453.jpg 681w\" sizes=\"auto, (max-width: 749px) 100vw, 749px\" \/><\/p>\n<p>En un evento significativo para la cultura y la memoria hist\u00f3rica de Argentina, el presidente de la Biblioteca del Congreso de la Naci\u00f3n, diputado <strong>Carlos Am\u00e9rico Selva<\/strong>, fue parte de la firma de un relevante convenio en la localidad de Paran\u00e1, Entre R\u00edos.<\/p>\n<p>La firma del convenio de cooperaci\u00f3n tuvo lugar en la biblioteca de Paran\u00e1, donde el presidente de la Comisi\u00f3n Bicameral que administra la Biblioteca del Congreso Nacional, Carlos Selva, se hizo presente para concretar este acuerdo entre la editorial Aguara, originaria de la provincia de Entre R\u00edos, y la Biblioteca del Congreso Nacional (BCN).<\/p>\n<p>El convenio tiene como objetivo principal la impresi\u00f3n de la obra titulada \u00abMadre Clarita\u00bb, una historieta que narra la vida de Clara Atelman de Fink, una de las madres de Plaza de Mayo. Este libro es parte de una colecci\u00f3n que rescata y re\u00fane las historias de hijos de desaparecidos, madres y otros personajes relevantes en la lucha por los derechos humanos en Argentina.<\/p>\n<p><img loading=\"lazy\" decoding=\"async\" class=\"alignnone size-large wp-image-122248\" src=\"https:\/\/noticiasmercedinas.com\/site\/wp-content\/uploads\/2023\/09\/9aea725c-b5dc-4890-8bb6-12d2a93fc367-1024x768.jpg\" alt=\"\" width=\"640\" height=\"480\" srcset=\"https:\/\/noticiasmercedinas.com\/site\/wp-content\/uploads\/2023\/09\/9aea725c-b5dc-4890-8bb6-12d2a93fc367-1024x768.jpg 1024w, https:\/\/noticiasmercedinas.com\/site\/wp-content\/uploads\/2023\/09\/9aea725c-b5dc-4890-8bb6-12d2a93fc367-300x225.jpg 300w, https:\/\/noticiasmercedinas.com\/site\/wp-content\/uploads\/2023\/09\/9aea725c-b5dc-4890-8bb6-12d2a93fc367-768x576.jpg 768w, https:\/\/noticiasmercedinas.com\/site\/wp-content\/uploads\/2023\/09\/9aea725c-b5dc-4890-8bb6-12d2a93fc367-1536x1152.jpg 1536w, https:\/\/noticiasmercedinas.com\/site\/wp-content\/uploads\/2023\/09\/9aea725c-b5dc-4890-8bb6-12d2a93fc367-80x60.jpg 80w, https:\/\/noticiasmercedinas.com\/site\/wp-content\/uploads\/2023\/09\/9aea725c-b5dc-4890-8bb6-12d2a93fc367-160x120.jpg 160w, https:\/\/noticiasmercedinas.com\/site\/wp-content\/uploads\/2023\/09\/9aea725c-b5dc-4890-8bb6-12d2a93fc367-100x75.jpg 100w, https:\/\/noticiasmercedinas.com\/site\/wp-content\/uploads\/2023\/09\/9aea725c-b5dc-4890-8bb6-12d2a93fc367-200x150.jpg 200w, https:\/\/noticiasmercedinas.com\/site\/wp-content\/uploads\/2023\/09\/9aea725c-b5dc-4890-8bb6-12d2a93fc367-180x135.jpg 180w, https:\/\/noticiasmercedinas.com\/site\/wp-content\/uploads\/2023\/09\/9aea725c-b5dc-4890-8bb6-12d2a93fc367-360x270.jpg 360w, https:\/\/noticiasmercedinas.com\/site\/wp-content\/uploads\/2023\/09\/9aea725c-b5dc-4890-8bb6-12d2a93fc367-238x178.jpg 238w, https:\/\/noticiasmercedinas.com\/site\/wp-content\/uploads\/2023\/09\/9aea725c-b5dc-4890-8bb6-12d2a93fc367-476x356.jpg 476w, https:\/\/noticiasmercedinas.com\/site\/wp-content\/uploads\/2023\/09\/9aea725c-b5dc-4890-8bb6-12d2a93fc367-640x480.jpg 640w, https:\/\/noticiasmercedinas.com\/site\/wp-content\/uploads\/2023\/09\/9aea725c-b5dc-4890-8bb6-12d2a93fc367-1280x960.jpg 1280w, https:\/\/noticiasmercedinas.com\/site\/wp-content\/uploads\/2023\/09\/9aea725c-b5dc-4890-8bb6-12d2a93fc367-681x511.jpg 681w, https:\/\/noticiasmercedinas.com\/site\/wp-content\/uploads\/2023\/09\/9aea725c-b5dc-4890-8bb6-12d2a93fc367-1362x1022.jpg 1362w, https:\/\/noticiasmercedinas.com\/site\/wp-content\/uploads\/2023\/09\/9aea725c-b5dc-4890-8bb6-12d2a93fc367.jpg 1600w\" sizes=\"auto, (max-width: 640px) 100vw, 640px\" \/><\/p>\n<p>La editorial Aguara, que aglutina a un conjunto de editoriales, se ha unido a trav\u00e9s de este convenio para llevar a cabo la impresi\u00f3n de esta obra sobre la vida de una madre de Plaza de Mayo originaria de la ciudad de Paran\u00e1, Entre R\u00edos.<\/p>\n<p>La propuesta de esta editorial se centra en contar las historias de personas cuyos derechos fueron vulnerados y que convirtieron sus experiencias en luchas colectivas, generando material que puede acercarse a un p\u00fablico m\u00e1s amplio a trav\u00e9s del formato de historieta.<\/p>\n<p>El presidente Carlos Selva, a trav\u00e9s de su participaci\u00f3n en esta firma de convenio, subraya la importancia de preservar y difundir la memoria hist\u00f3rica de Argentina, as\u00ed como de reconocer el valor de quienes lucharon por la defensa de los derechos humanos en el pa\u00eds. Este acuerdo representa un paso significativo en la promoci\u00f3n de la cultura y la memoria en Paran\u00e1 y en todo el pa\u00eds.<\/p>\n<p>La colaboraci\u00f3n entre la Biblioteca del Congreso de la Naci\u00f3n y la editorial Aguara destaca el compromiso constante con la preservaci\u00f3n de la historia y la promoci\u00f3n de la justicia social a trav\u00e9s de la literatura y la cultura.<\/p>\n<p><img loading=\"lazy\" decoding=\"async\" class=\"alignnone size-full wp-image-122249\" src=\"https:\/\/noticiasmercedinas.com\/site\/wp-content\/uploads\/2023\/09\/aguara-clara-finkjpg.webp\" alt=\"\" width=\"642\" height=\"361\" srcset=\"https:\/\/noticiasmercedinas.com\/site\/wp-content\/uploads\/2023\/09\/aguara-clara-finkjpg.webp 642w, https:\/\/noticiasmercedinas.com\/site\/wp-content\/uploads\/2023\/09\/aguara-clara-finkjpg-300x169.webp 300w, https:\/\/noticiasmercedinas.com\/site\/wp-content\/uploads\/2023\/09\/aguara-clara-finkjpg-640x360.webp 640w\" sizes=\"auto, (max-width: 642px) 100vw, 642px\" \/><\/p>\n","protected":false},"excerpt":{"rendered":"<p>\u25a0 El convenio tiene como objetivo principal la impresi\u00f3n de la obra titulada \u00abMadre Clarita\u00bb, una historieta que narra la vida de Clara Atelman de Fink, una de las madres de Plaza de Mayo<\/p>\n","protected":false},"author":16,"featured_media":122250,"comment_status":"closed","ping_status":"closed","sticky":false,"template":"","format":"standard","meta":{"footnotes":""},"categories":[16],"tags":[318,430,15827,699],"class_list":["post-122247","post","type-post","status-publish","format-standard","has-post-thumbnail","hentry","category-politica","tag-carlos-selva","tag-convenio","tag-madres-de-plaza-de-mayo","tag-memoria"],"yoast_head":"<!-- This site is optimized with the Yoast SEO plugin v27.5 - https:\/\/yoast.com\/product\/yoast-seo-wordpress\/ -->\n<title>Memoria: Carlos Selva, presidente de la Biblioteca del Congreso, firma importante convenio<\/title>\n<meta name=\"robots\" content=\"index, follow, max-snippet:-1, max-image-preview:large, max-video-preview:-1\" \/>\n<link rel=\"canonical\" href=\"https:\/\/noticiasmercedinas.com\/site\/2023\/09\/07\/memoria-carlos-selva-presidente-de-la-biblioteca-del-congreso-firma-importante-convenio\/\" \/>\n<meta property=\"og:locale\" content=\"es_ES\" \/>\n<meta property=\"og:type\" content=\"article\" \/>\n<meta property=\"og:title\" content=\"Memoria: Carlos Selva, presidente de la Biblioteca del Congreso, firma importante convenio\" \/>\n<meta property=\"og:description\" content=\"\u25a0 El convenio tiene como objetivo principal la impresi\u00f3n de la obra titulada &quot;Madre Clarita&quot;, una historieta que narra la vida de Clara Atelman de Fink, una de las madres de Plaza de Mayo\" \/>\n<meta property=\"og:url\" content=\"https:\/\/noticiasmercedinas.com\/site\/2023\/09\/07\/memoria-carlos-selva-presidente-de-la-biblioteca-del-congreso-firma-importante-convenio\/\" \/>\n<meta property=\"og:site_name\" content=\"NOTICIASMERCEDINAS.COM\" \/>\n<meta property=\"article:publisher\" content=\"https:\/\/www.facebook.com\/noticiasmercedinas\/\" \/>\n<meta property=\"article:published_time\" content=\"2023-09-07T13:16:03+00:00\" \/>\n<meta property=\"article:modified_time\" content=\"2023-09-07T13:17:53+00:00\" \/>\n<meta property=\"og:image\" content=\"https:\/\/noticiasmercedinas.com\/site\/wp-content\/uploads\/2023\/09\/SELVA1.jpg\" \/>\n\t<meta property=\"og:image:width\" content=\"749\" \/>\n\t<meta property=\"og:image:height\" content=\"498\" \/>\n\t<meta property=\"og:image:type\" content=\"image\/jpeg\" \/>\n<meta name=\"author\" content=\"NOTICIASMERCEDINAS.COM\" \/>\n<meta name=\"twitter:card\" content=\"summary_large_image\" \/>\n<meta name=\"twitter:creator\" content=\"@notmercedinas\" \/>\n<meta name=\"twitter:site\" content=\"@notmercedinas\" \/>\n<meta name=\"twitter:label1\" content=\"Escrito por\" \/>\n\t<meta name=\"twitter:data1\" content=\"NOTICIASMERCEDINAS.COM\" \/>\n\t<meta name=\"twitter:label2\" content=\"Tiempo de lectura\" \/>\n\t<meta name=\"twitter:data2\" content=\"3 minutos\" \/>\n<script type=\"application\/ld+json\" class=\"yoast-schema-graph\">{\"@context\":\"https:\\\/\\\/schema.org\",\"@graph\":[{\"@type\":\"Article\",\"@id\":\"https:\\\/\\\/noticiasmercedinas.com\\\/site\\\/2023\\\/09\\\/07\\\/memoria-carlos-selva-presidente-de-la-biblioteca-del-congreso-firma-importante-convenio\\\/#article\",\"isPartOf\":{\"@id\":\"https:\\\/\\\/noticiasmercedinas.com\\\/site\\\/2023\\\/09\\\/07\\\/memoria-carlos-selva-presidente-de-la-biblioteca-del-congreso-firma-importante-convenio\\\/\"},\"author\":{\"name\":\"NOTICIASMERCEDINAS.COM\",\"@id\":\"https:\\\/\\\/noticiasmercedinas.com\\\/site\\\/#\\\/schema\\\/person\\\/84b59c099c28ff2e8b77d4ceec5d8063\"},\"headline\":\"Memoria: Carlos Selva, presidente de la Biblioteca del Congreso, firma importante convenio\",\"datePublished\":\"2023-09-07T13:16:03+00:00\",\"dateModified\":\"2023-09-07T13:17:53+00:00\",\"mainEntityOfPage\":{\"@id\":\"https:\\\/\\\/noticiasmercedinas.com\\\/site\\\/2023\\\/09\\\/07\\\/memoria-carlos-selva-presidente-de-la-biblioteca-del-congreso-firma-importante-convenio\\\/\"},\"wordCount\":392,\"publisher\":{\"@id\":\"https:\\\/\\\/noticiasmercedinas.com\\\/site\\\/#organization\"},\"image\":{\"@id\":\"https:\\\/\\\/noticiasmercedinas.com\\\/site\\\/2023\\\/09\\\/07\\\/memoria-carlos-selva-presidente-de-la-biblioteca-del-congreso-firma-importante-convenio\\\/#primaryimage\"},\"thumbnailUrl\":\"https:\\\/\\\/noticiasmercedinas.com\\\/site\\\/wp-content\\\/uploads\\\/2023\\\/09\\\/SELVA1.jpg\",\"keywords\":[\"carlos selva\",\"convenio\",\"Madres de Plaza de Mayo\",\"memoria\"],\"articleSection\":[\"Politica\"],\"inLanguage\":\"es\"},{\"@type\":\"WebPage\",\"@id\":\"https:\\\/\\\/noticiasmercedinas.com\\\/site\\\/2023\\\/09\\\/07\\\/memoria-carlos-selva-presidente-de-la-biblioteca-del-congreso-firma-importante-convenio\\\/\",\"url\":\"https:\\\/\\\/noticiasmercedinas.com\\\/site\\\/2023\\\/09\\\/07\\\/memoria-carlos-selva-presidente-de-la-biblioteca-del-congreso-firma-importante-convenio\\\/\",\"name\":\"Memoria: Carlos Selva, presidente de la Biblioteca del Congreso, firma importante convenio\",\"isPartOf\":{\"@id\":\"https:\\\/\\\/noticiasmercedinas.com\\\/site\\\/#website\"},\"primaryImageOfPage\":{\"@id\":\"https:\\\/\\\/noticiasmercedinas.com\\\/site\\\/2023\\\/09\\\/07\\\/memoria-carlos-selva-presidente-de-la-biblioteca-del-congreso-firma-importante-convenio\\\/#primaryimage\"},\"image\":{\"@id\":\"https:\\\/\\\/noticiasmercedinas.com\\\/site\\\/2023\\\/09\\\/07\\\/memoria-carlos-selva-presidente-de-la-biblioteca-del-congreso-firma-importante-convenio\\\/#primaryimage\"},\"thumbnailUrl\":\"https:\\\/\\\/noticiasmercedinas.com\\\/site\\\/wp-content\\\/uploads\\\/2023\\\/09\\\/SELVA1.jpg\",\"datePublished\":\"2023-09-07T13:16:03+00:00\",\"dateModified\":\"2023-09-07T13:17:53+00:00\",\"breadcrumb\":{\"@id\":\"https:\\\/\\\/noticiasmercedinas.com\\\/site\\\/2023\\\/09\\\/07\\\/memoria-carlos-selva-presidente-de-la-biblioteca-del-congreso-firma-importante-convenio\\\/#breadcrumb\"},\"inLanguage\":\"es\",\"potentialAction\":[{\"@type\":\"ReadAction\",\"target\":[\"https:\\\/\\\/noticiasmercedinas.com\\\/site\\\/2023\\\/09\\\/07\\\/memoria-carlos-selva-presidente-de-la-biblioteca-del-congreso-firma-importante-convenio\\\/\"]}]},{\"@type\":\"ImageObject\",\"inLanguage\":\"es\",\"@id\":\"https:\\\/\\\/noticiasmercedinas.com\\\/site\\\/2023\\\/09\\\/07\\\/memoria-carlos-selva-presidente-de-la-biblioteca-del-congreso-firma-importante-convenio\\\/#primaryimage\",\"url\":\"https:\\\/\\\/noticiasmercedinas.com\\\/site\\\/wp-content\\\/uploads\\\/2023\\\/09\\\/SELVA1.jpg\",\"contentUrl\":\"https:\\\/\\\/noticiasmercedinas.com\\\/site\\\/wp-content\\\/uploads\\\/2023\\\/09\\\/SELVA1.jpg\",\"width\":749,\"height\":498},{\"@type\":\"BreadcrumbList\",\"@id\":\"https:\\\/\\\/noticiasmercedinas.com\\\/site\\\/2023\\\/09\\\/07\\\/memoria-carlos-selva-presidente-de-la-biblioteca-del-congreso-firma-importante-convenio\\\/#breadcrumb\",\"itemListElement\":[{\"@type\":\"ListItem\",\"position\":1,\"name\":\"Portada\",\"item\":\"https:\\\/\\\/noticiasmercedinas.com\\\/site\\\/\"},{\"@type\":\"ListItem\",\"position\":2,\"name\":\"Memoria: Carlos Selva, presidente de la Biblioteca del Congreso, firma importante convenio\"}]},{\"@type\":\"WebSite\",\"@id\":\"https:\\\/\\\/noticiasmercedinas.com\\\/site\\\/#website\",\"url\":\"https:\\\/\\\/noticiasmercedinas.com\\\/site\\\/\",\"name\":\"NOTICIASMERCEDINAS.COM\",\"description\":\"Mercedes, Buenos Aires, Argentina\",\"publisher\":{\"@id\":\"https:\\\/\\\/noticiasmercedinas.com\\\/site\\\/#organization\"},\"potentialAction\":[{\"@type\":\"SearchAction\",\"target\":{\"@type\":\"EntryPoint\",\"urlTemplate\":\"https:\\\/\\\/noticiasmercedinas.com\\\/site\\\/?s={search_term_string}\"},\"query-input\":{\"@type\":\"PropertyValueSpecification\",\"valueRequired\":true,\"valueName\":\"search_term_string\"}}],\"inLanguage\":\"es\"},{\"@type\":\"Organization\",\"@id\":\"https:\\\/\\\/noticiasmercedinas.com\\\/site\\\/#organization\",\"name\":\"NOTICIASMERCEDINAS.COM\",\"url\":\"https:\\\/\\\/noticiasmercedinas.com\\\/site\\\/\",\"logo\":{\"@type\":\"ImageObject\",\"inLanguage\":\"es\",\"@id\":\"https:\\\/\\\/noticiasmercedinas.com\\\/site\\\/#\\\/schema\\\/logo\\\/image\\\/\",\"url\":\"https:\\\/\\\/noticiasmercedinas.com\\\/site\\\/wp-content\\\/uploads\\\/2020\\\/06\\\/LOGO-512.jpg\",\"contentUrl\":\"https:\\\/\\\/noticiasmercedinas.com\\\/site\\\/wp-content\\\/uploads\\\/2020\\\/06\\\/LOGO-512.jpg\",\"width\":512,\"height\":512,\"caption\":\"NOTICIASMERCEDINAS.COM\"},\"image\":{\"@id\":\"https:\\\/\\\/noticiasmercedinas.com\\\/site\\\/#\\\/schema\\\/logo\\\/image\\\/\"},\"sameAs\":[\"https:\\\/\\\/www.facebook.com\\\/noticiasmercedinas\\\/\",\"https:\\\/\\\/x.com\\\/notmercedinas\",\"https:\\\/\\\/www.instagram.com\\\/noticiasmercedinas\\\/\"]},{\"@type\":\"Person\",\"@id\":\"https:\\\/\\\/noticiasmercedinas.com\\\/site\\\/#\\\/schema\\\/person\\\/84b59c099c28ff2e8b77d4ceec5d8063\",\"name\":\"NOTICIASMERCEDINAS.COM\",\"image\":{\"@type\":\"ImageObject\",\"inLanguage\":\"es\",\"@id\":\"https:\\\/\\\/secure.gravatar.com\\\/avatar\\\/4dfbf16b4d17945bfb6341b2d19043457132fcf478a5ee04f42e959fd8f5df0a?s=96&d=mm&r=g\",\"url\":\"https:\\\/\\\/secure.gravatar.com\\\/avatar\\\/4dfbf16b4d17945bfb6341b2d19043457132fcf478a5ee04f42e959fd8f5df0a?s=96&d=mm&r=g\",\"contentUrl\":\"https:\\\/\\\/secure.gravatar.com\\\/avatar\\\/4dfbf16b4d17945bfb6341b2d19043457132fcf478a5ee04f42e959fd8f5df0a?s=96&d=mm&r=g\",\"caption\":\"NOTICIASMERCEDINAS.COM\"},\"url\":\"https:\\\/\\\/noticiasmercedinas.com\\\/site\\\/author\\\/anonimo\\\/\"}]}<\/script>\n<!-- \/ Yoast SEO plugin. -->","yoast_head_json":{"title":"Memoria: Carlos Selva, presidente de la Biblioteca del Congreso, firma importante convenio","robots":{"index":"index","follow":"follow","max-snippet":"max-snippet:-1","max-image-preview":"max-image-preview:large","max-video-preview":"max-video-preview:-1"},"canonical":"https:\/\/noticiasmercedinas.com\/site\/2023\/09\/07\/memoria-carlos-selva-presidente-de-la-biblioteca-del-congreso-firma-importante-convenio\/","og_locale":"es_ES","og_type":"article","og_title":"Memoria: Carlos Selva, presidente de la Biblioteca del Congreso, firma importante convenio","og_description":"\u25a0 El convenio tiene como objetivo principal la impresi\u00f3n de la obra titulada \"Madre Clarita\", una historieta que narra la vida de Clara Atelman de Fink, una de las madres de Plaza de Mayo","og_url":"https:\/\/noticiasmercedinas.com\/site\/2023\/09\/07\/memoria-carlos-selva-presidente-de-la-biblioteca-del-congreso-firma-importante-convenio\/","og_site_name":"NOTICIASMERCEDINAS.COM","article_publisher":"https:\/\/www.facebook.com\/noticiasmercedinas\/","article_published_time":"2023-09-07T13:16:03+00:00","article_modified_time":"2023-09-07T13:17:53+00:00","og_image":[{"width":749,"height":498,"url":"https:\/\/noticiasmercedinas.com\/site\/wp-content\/uploads\/2023\/09\/SELVA1.jpg","type":"image\/jpeg"}],"author":"NOTICIASMERCEDINAS.COM","twitter_card":"summary_large_image","twitter_creator":"@notmercedinas","twitter_site":"@notmercedinas","twitter_misc":{"Escrito por":"NOTICIASMERCEDINAS.COM","Tiempo de lectura":"3 minutos"},"schema":{"@context":"https:\/\/schema.org","@graph":[{"@type":"Article","@id":"https:\/\/noticiasmercedinas.com\/site\/2023\/09\/07\/memoria-carlos-selva-presidente-de-la-biblioteca-del-congreso-firma-importante-convenio\/#article","isPartOf":{"@id":"https:\/\/noticiasmercedinas.com\/site\/2023\/09\/07\/memoria-carlos-selva-presidente-de-la-biblioteca-del-congreso-firma-importante-convenio\/"},"author":{"name":"NOTICIASMERCEDINAS.COM","@id":"https:\/\/noticiasmercedinas.com\/site\/#\/schema\/person\/84b59c099c28ff2e8b77d4ceec5d8063"},"headline":"Memoria: Carlos Selva, presidente de la Biblioteca del Congreso, firma importante convenio","datePublished":"2023-09-07T13:16:03+00:00","dateModified":"2023-09-07T13:17:53+00:00","mainEntityOfPage":{"@id":"https:\/\/noticiasmercedinas.com\/site\/2023\/09\/07\/memoria-carlos-selva-presidente-de-la-biblioteca-del-congreso-firma-importante-convenio\/"},"wordCount":392,"publisher":{"@id":"https:\/\/noticiasmercedinas.com\/site\/#organization"},"image":{"@id":"https:\/\/noticiasmercedinas.com\/site\/2023\/09\/07\/memoria-carlos-selva-presidente-de-la-biblioteca-del-congreso-firma-importante-convenio\/#primaryimage"},"thumbnailUrl":"https:\/\/noticiasmercedinas.com\/site\/wp-content\/uploads\/2023\/09\/SELVA1.jpg","keywords":["carlos selva","convenio","Madres de Plaza de Mayo","memoria"],"articleSection":["Politica"],"inLanguage":"es"},{"@type":"WebPage","@id":"https:\/\/noticiasmercedinas.com\/site\/2023\/09\/07\/memoria-carlos-selva-presidente-de-la-biblioteca-del-congreso-firma-importante-convenio\/","url":"https:\/\/noticiasmercedinas.com\/site\/2023\/09\/07\/memoria-carlos-selva-presidente-de-la-biblioteca-del-congreso-firma-importante-convenio\/","name":"Memoria: Carlos Selva, presidente de la Biblioteca del Congreso, firma importante convenio","isPartOf":{"@id":"https:\/\/noticiasmercedinas.com\/site\/#website"},"primaryImageOfPage":{"@id":"https:\/\/noticiasmercedinas.com\/site\/2023\/09\/07\/memoria-carlos-selva-presidente-de-la-biblioteca-del-congreso-firma-importante-convenio\/#primaryimage"},"image":{"@id":"https:\/\/noticiasmercedinas.com\/site\/2023\/09\/07\/memoria-carlos-selva-presidente-de-la-biblioteca-del-congreso-firma-importante-convenio\/#primaryimage"},"thumbnailUrl":"https:\/\/noticiasmercedinas.com\/site\/wp-content\/uploads\/2023\/09\/SELVA1.jpg","datePublished":"2023-09-07T13:16:03+00:00","dateModified":"2023-09-07T13:17:53+00:00","breadcrumb":{"@id":"https:\/\/noticiasmercedinas.com\/site\/2023\/09\/07\/memoria-carlos-selva-presidente-de-la-biblioteca-del-congreso-firma-importante-convenio\/#breadcrumb"},"inLanguage":"es","potentialAction":[{"@type":"ReadAction","target":["https:\/\/noticiasmercedinas.com\/site\/2023\/09\/07\/memoria-carlos-selva-presidente-de-la-biblioteca-del-congreso-firma-importante-convenio\/"]}]},{"@type":"ImageObject","inLanguage":"es","@id":"https:\/\/noticiasmercedinas.com\/site\/2023\/09\/07\/memoria-carlos-selva-presidente-de-la-biblioteca-del-congreso-firma-importante-convenio\/#primaryimage","url":"https:\/\/noticiasmercedinas.com\/site\/wp-content\/uploads\/2023\/09\/SELVA1.jpg","contentUrl":"https:\/\/noticiasmercedinas.com\/site\/wp-content\/uploads\/2023\/09\/SELVA1.jpg","width":749,"height":498},{"@type":"BreadcrumbList","@id":"https:\/\/noticiasmercedinas.com\/site\/2023\/09\/07\/memoria-carlos-selva-presidente-de-la-biblioteca-del-congreso-firma-importante-convenio\/#breadcrumb","itemListElement":[{"@type":"ListItem","position":1,"name":"Portada","item":"https:\/\/noticiasmercedinas.com\/site\/"},{"@type":"ListItem","position":2,"name":"Memoria: Carlos Selva, presidente de la Biblioteca del Congreso, firma importante convenio"}]},{"@type":"WebSite","@id":"https:\/\/noticiasmercedinas.com\/site\/#website","url":"https:\/\/noticiasmercedinas.com\/site\/","name":"NOTICIASMERCEDINAS.COM","description":"Mercedes, Buenos Aires, Argentina","publisher":{"@id":"https:\/\/noticiasmercedinas.com\/site\/#organization"},"potentialAction":[{"@type":"SearchAction","target":{"@type":"EntryPoint","urlTemplate":"https:\/\/noticiasmercedinas.com\/site\/?s={search_term_string}"},"query-input":{"@type":"PropertyValueSpecification","valueRequired":true,"valueName":"search_term_string"}}],"inLanguage":"es"},{"@type":"Organization","@id":"https:\/\/noticiasmercedinas.com\/site\/#organization","name":"NOTICIASMERCEDINAS.COM","url":"https:\/\/noticiasmercedinas.com\/site\/","logo":{"@type":"ImageObject","inLanguage":"es","@id":"https:\/\/noticiasmercedinas.com\/site\/#\/schema\/logo\/image\/","url":"https:\/\/noticiasmercedinas.com\/site\/wp-content\/uploads\/2020\/06\/LOGO-512.jpg","contentUrl":"https:\/\/noticiasmercedinas.com\/site\/wp-content\/uploads\/2020\/06\/LOGO-512.jpg","width":512,"height":512,"caption":"NOTICIASMERCEDINAS.COM"},"image":{"@id":"https:\/\/noticiasmercedinas.com\/site\/#\/schema\/logo\/image\/"},"sameAs":["https:\/\/www.facebook.com\/noticiasmercedinas\/","https:\/\/x.com\/notmercedinas","https:\/\/www.instagram.com\/noticiasmercedinas\/"]},{"@type":"Person","@id":"https:\/\/noticiasmercedinas.com\/site\/#\/schema\/person\/84b59c099c28ff2e8b77d4ceec5d8063","name":"NOTICIASMERCEDINAS.COM","image":{"@type":"ImageObject","inLanguage":"es","@id":"https:\/\/secure.gravatar.com\/avatar\/4dfbf16b4d17945bfb6341b2d19043457132fcf478a5ee04f42e959fd8f5df0a?s=96&d=mm&r=g","url":"https:\/\/secure.gravatar.com\/avatar\/4dfbf16b4d17945bfb6341b2d19043457132fcf478a5ee04f42e959fd8f5df0a?s=96&d=mm&r=g","contentUrl":"https:\/\/secure.gravatar.com\/avatar\/4dfbf16b4d17945bfb6341b2d19043457132fcf478a5ee04f42e959fd8f5df0a?s=96&d=mm&r=g","caption":"NOTICIASMERCEDINAS.COM"},"url":"https:\/\/noticiasmercedinas.com\/site\/author\/anonimo\/"}]}},"amp_enabled":true,"_links":{"self":[{"href":"https:\/\/noticiasmercedinas.com\/site\/wp-json\/wp\/v2\/posts\/122247","targetHints":{"allow":["GET"]}}],"collection":[{"href":"https:\/\/noticiasmercedinas.com\/site\/wp-json\/wp\/v2\/posts"}],"about":[{"href":"https:\/\/noticiasmercedinas.com\/site\/wp-json\/wp\/v2\/types\/post"}],"author":[{"embeddable":true,"href":"https:\/\/noticiasmercedinas.com\/site\/wp-json\/wp\/v2\/users\/16"}],"replies":[{"embeddable":true,"href":"https:\/\/noticiasmercedinas.com\/site\/wp-json\/wp\/v2\/comments?post=122247"}],"version-history":[{"count":1,"href":"https:\/\/noticiasmercedinas.com\/site\/wp-json\/wp\/v2\/posts\/122247\/revisions"}],"predecessor-version":[{"id":122251,"href":"https:\/\/noticiasmercedinas.com\/site\/wp-json\/wp\/v2\/posts\/122247\/revisions\/122251"}],"wp:featuredmedia":[{"embeddable":true,"href":"https:\/\/noticiasmercedinas.com\/site\/wp-json\/wp\/v2\/media\/122250"}],"wp:attachment":[{"href":"https:\/\/noticiasmercedinas.com\/site\/wp-json\/wp\/v2\/media?parent=122247"}],"wp:term":[{"taxonomy":"category","embeddable":true,"href":"https:\/\/noticiasmercedinas.com\/site\/wp-json\/wp\/v2\/categories?post=122247"},{"taxonomy":"post_tag","embeddable":true,"href":"https:\/\/noticiasmercedinas.com\/site\/wp-json\/wp\/v2\/tags?post=122247"}],"curies":[{"name":"wp","href":"https:\/\/api.w.org\/{rel}","templated":true}]}}