{"id":122270,"date":"2023-09-07T16:50:18","date_gmt":"2023-09-07T19:50:18","guid":{"rendered":"https:\/\/noticiasmercedinas.com\/site\/?p=122270"},"modified":"2023-09-07T16:50:18","modified_gmt":"2023-09-07T19:50:18","slug":"gran-convocatoria-para-evento-deportivo-del-colegio-de-abogados-mas-de-100-inscriptos","status":"publish","type":"post","link":"https:\/\/noticiasmercedinas.com\/site\/2023\/09\/07\/gran-convocatoria-para-evento-deportivo-del-colegio-de-abogados-mas-de-100-inscriptos\/","title":{"rendered":"Gran convocatoria para evento deportivo del Colegio de Abogados: m\u00e1s de 100 inscriptos\u00a0"},"content":{"rendered":"<p><img loading=\"lazy\" decoding=\"async\" class=\"alignnone size-full wp-image-122271\" src=\"https:\/\/noticiasmercedinas.com\/site\/wp-content\/uploads\/2023\/09\/uno4.jpg\" alt=\"\" width=\"640\" height=\"423\" srcset=\"https:\/\/noticiasmercedinas.com\/site\/wp-content\/uploads\/2023\/09\/uno4.jpg 640w, https:\/\/noticiasmercedinas.com\/site\/wp-content\/uploads\/2023\/09\/uno4-300x198.jpg 300w\" sizes=\"auto, (max-width: 640px) 100vw, 640px\" \/><\/p>\n<p>Este s\u00e1bado, 9 de septiembre, Mercedes se convertir\u00e1 en el epicentro de la actividad deportiva del Colegio de Abogados, como parte de las preparaciones para las Jornadas Deportivas que se llevar\u00e1n a cabo en Mar del Plata del 8 al 11 de noviembre.<\/p>\n<p>El llamado a participantes ha sido un rotundo \u00e9xito, con un total de 103 inscriptos en seis disciplinas deportivas diferentes. Lo m\u00e1s destacado es la participaci\u00f3n de 52 colegas procedentes de otros Colegios de Abogados de la provincia, lo que resalta el car\u00e1cter regional y competitivo del evento.<\/p>\n<p>Entre las disciplinas que se llevar\u00e1n a cabo se encuentra el F\u00fatbol Femenino, que cuenta con una destacada participaci\u00f3n de colegiados de diversos puntos de la provincia. Cabe mencionar que, en caso de condiciones clim\u00e1ticas adversas, todas las actividades ser\u00e1n suspendidas, excepto el B\u00e1squet Masculino y el F\u00fatbol Femenino, que se realizar\u00e1n en instalaciones cubiertas.<\/p>\n<p>Las actividades tendr\u00e1n lugar en diferentes lugares de la ciudad de Mercedes, lo que promete un d\u00eda lleno de deporte y camarader\u00eda:<\/p>\n<p>&#8211; F\u00fatbol Femenino: La Brava Villa Deportiva, ubicada en la Calle 29 N\u00ba 2700.<br \/>\n&#8211; Voley Masculino: Parque Municipal Martin Rodriguez, en la Calle 5 1-148.<br \/>\n&#8211; B\u00e1squet Masculino: Club Atl\u00e9tico Estudiantes, en la Calle 31 N\u00ba 335.<br \/>\n&#8211; Paddle Mixto: Lo del Vasco Paddle &#8211; 9H7V+5J.<br \/>\n&#8211; Tenis Mixto: Canchas Ateneo (LPF) &#8211; Calle 11 y 114.<br \/>\n&#8211; Running: Salida y llegada en La Brava Villa Deportiva.<\/p>\n<p>Este evento deportivo no solo promueve la actividad f\u00edsica y el esp\u00edritu competitivo entre los abogados, sino que tambi\u00e9n fomenta la camarader\u00eda y el intercambio entre colegas de diferentes localidades de la provincia. Es un ejemplo de c\u00f3mo el deporte puede unir a las comunidades y fortalecer los lazos entre profesionales de diversas \u00e1reas.<\/p>\n<p>El Colegio de Abogados de Mercedes espera que este sea un d\u00eda memorable para todos los participantes y que siente las bases para un emocionante evento en Mar del Plata en noviembre.<\/p>\n","protected":false},"excerpt":{"rendered":"<p>\u25a0 Las actividades tendr\u00e1n lugar este s\u00e1bado en diferentes lugares de la ciudad de Mercedes, lo que promete un d\u00eda lleno de deporte y camarader\u00eda.<\/p>\n","protected":false},"author":16,"featured_media":122271,"comment_status":"closed","ping_status":"closed","sticky":false,"template":"","format":"standard","meta":{"footnotes":""},"categories":[5],"tags":[560,751,2704,2823,17311,216],"class_list":["post-122270","post","type-post","status-publish","format-standard","has-post-thumbnail","hentry","category-deportes","tag-colegio-de-abogados","tag-futbol-femenino","tag-paddle","tag-running","tag-tenis-mixto","tag-voley"],"yoast_head":"<!-- This site is optimized with the Yoast SEO plugin v27.5 - https:\/\/yoast.com\/product\/yoast-seo-wordpress\/ -->\n<title>Gran convocatoria para evento deportivo del Colegio de Abogados: m\u00e1s de 100 inscriptos\u00a0<\/title>\n<meta name=\"robots\" content=\"index, follow, max-snippet:-1, max-image-preview:large, max-video-preview:-1\" \/>\n<link rel=\"canonical\" href=\"https:\/\/noticiasmercedinas.com\/site\/2023\/09\/07\/gran-convocatoria-para-evento-deportivo-del-colegio-de-abogados-mas-de-100-inscriptos\/\" \/>\n<meta property=\"og:locale\" content=\"es_ES\" \/>\n<meta property=\"og:type\" content=\"article\" \/>\n<meta property=\"og:title\" content=\"Gran convocatoria para evento deportivo del Colegio de Abogados: m\u00e1s de 100 inscriptos\u00a0\" \/>\n<meta property=\"og:description\" content=\"\u25a0 Las actividades tendr\u00e1n lugar este s\u00e1bado en diferentes lugares de la ciudad de Mercedes, lo que promete un d\u00eda lleno de deporte y camarader\u00eda.\" \/>\n<meta property=\"og:url\" content=\"https:\/\/noticiasmercedinas.com\/site\/2023\/09\/07\/gran-convocatoria-para-evento-deportivo-del-colegio-de-abogados-mas-de-100-inscriptos\/\" \/>\n<meta property=\"og:site_name\" content=\"NOTICIASMERCEDINAS.COM\" \/>\n<meta property=\"article:publisher\" content=\"https:\/\/www.facebook.com\/noticiasmercedinas\/\" \/>\n<meta property=\"article:published_time\" content=\"2023-09-07T19:50:18+00:00\" \/>\n<meta property=\"og:image\" content=\"https:\/\/noticiasmercedinas.com\/site\/wp-content\/uploads\/2023\/09\/uno4.jpg\" \/>\n\t<meta property=\"og:image:width\" content=\"640\" \/>\n\t<meta property=\"og:image:height\" content=\"423\" \/>\n\t<meta property=\"og:image:type\" content=\"image\/jpeg\" \/>\n<meta name=\"author\" content=\"NOTICIASMERCEDINAS.COM\" \/>\n<meta name=\"twitter:card\" content=\"summary_large_image\" \/>\n<meta name=\"twitter:creator\" content=\"@notmercedinas\" \/>\n<meta name=\"twitter:site\" content=\"@notmercedinas\" \/>\n<meta name=\"twitter:label1\" content=\"Escrito por\" \/>\n\t<meta name=\"twitter:data1\" content=\"NOTICIASMERCEDINAS.COM\" \/>\n\t<meta name=\"twitter:label2\" content=\"Tiempo de lectura\" \/>\n\t<meta name=\"twitter:data2\" content=\"2 minutos\" \/>\n<script type=\"application\/ld+json\" class=\"yoast-schema-graph\">{\"@context\":\"https:\\\/\\\/schema.org\",\"@graph\":[{\"@type\":\"Article\",\"@id\":\"https:\\\/\\\/noticiasmercedinas.com\\\/site\\\/2023\\\/09\\\/07\\\/gran-convocatoria-para-evento-deportivo-del-colegio-de-abogados-mas-de-100-inscriptos\\\/#article\",\"isPartOf\":{\"@id\":\"https:\\\/\\\/noticiasmercedinas.com\\\/site\\\/2023\\\/09\\\/07\\\/gran-convocatoria-para-evento-deportivo-del-colegio-de-abogados-mas-de-100-inscriptos\\\/\"},\"author\":{\"name\":\"NOTICIASMERCEDINAS.COM\",\"@id\":\"https:\\\/\\\/noticiasmercedinas.com\\\/site\\\/#\\\/schema\\\/person\\\/84b59c099c28ff2e8b77d4ceec5d8063\"},\"headline\":\"Gran convocatoria para evento deportivo del Colegio de Abogados: m\u00e1s de 100 inscriptos\u00a0\",\"datePublished\":\"2023-09-07T19:50:18+00:00\",\"mainEntityOfPage\":{\"@id\":\"https:\\\/\\\/noticiasmercedinas.com\\\/site\\\/2023\\\/09\\\/07\\\/gran-convocatoria-para-evento-deportivo-del-colegio-de-abogados-mas-de-100-inscriptos\\\/\"},\"wordCount\":350,\"publisher\":{\"@id\":\"https:\\\/\\\/noticiasmercedinas.com\\\/site\\\/#organization\"},\"image\":{\"@id\":\"https:\\\/\\\/noticiasmercedinas.com\\\/site\\\/2023\\\/09\\\/07\\\/gran-convocatoria-para-evento-deportivo-del-colegio-de-abogados-mas-de-100-inscriptos\\\/#primaryimage\"},\"thumbnailUrl\":\"https:\\\/\\\/noticiasmercedinas.com\\\/site\\\/wp-content\\\/uploads\\\/2023\\\/09\\\/uno4.jpg\",\"keywords\":[\"colegio de abogados\",\"f\u00fatbol femenino\",\"paddle\",\"running\",\"tenis mixto\",\"voley\"],\"articleSection\":[\"Deportes\"],\"inLanguage\":\"es\"},{\"@type\":\"WebPage\",\"@id\":\"https:\\\/\\\/noticiasmercedinas.com\\\/site\\\/2023\\\/09\\\/07\\\/gran-convocatoria-para-evento-deportivo-del-colegio-de-abogados-mas-de-100-inscriptos\\\/\",\"url\":\"https:\\\/\\\/noticiasmercedinas.com\\\/site\\\/2023\\\/09\\\/07\\\/gran-convocatoria-para-evento-deportivo-del-colegio-de-abogados-mas-de-100-inscriptos\\\/\",\"name\":\"Gran convocatoria para evento deportivo del Colegio de Abogados: m\u00e1s de 100 inscriptos\u00a0\",\"isPartOf\":{\"@id\":\"https:\\\/\\\/noticiasmercedinas.com\\\/site\\\/#website\"},\"primaryImageOfPage\":{\"@id\":\"https:\\\/\\\/noticiasmercedinas.com\\\/site\\\/2023\\\/09\\\/07\\\/gran-convocatoria-para-evento-deportivo-del-colegio-de-abogados-mas-de-100-inscriptos\\\/#primaryimage\"},\"image\":{\"@id\":\"https:\\\/\\\/noticiasmercedinas.com\\\/site\\\/2023\\\/09\\\/07\\\/gran-convocatoria-para-evento-deportivo-del-colegio-de-abogados-mas-de-100-inscriptos\\\/#primaryimage\"},\"thumbnailUrl\":\"https:\\\/\\\/noticiasmercedinas.com\\\/site\\\/wp-content\\\/uploads\\\/2023\\\/09\\\/uno4.jpg\",\"datePublished\":\"2023-09-07T19:50:18+00:00\",\"breadcrumb\":{\"@id\":\"https:\\\/\\\/noticiasmercedinas.com\\\/site\\\/2023\\\/09\\\/07\\\/gran-convocatoria-para-evento-deportivo-del-colegio-de-abogados-mas-de-100-inscriptos\\\/#breadcrumb\"},\"inLanguage\":\"es\",\"potentialAction\":[{\"@type\":\"ReadAction\",\"target\":[\"https:\\\/\\\/noticiasmercedinas.com\\\/site\\\/2023\\\/09\\\/07\\\/gran-convocatoria-para-evento-deportivo-del-colegio-de-abogados-mas-de-100-inscriptos\\\/\"]}]},{\"@type\":\"ImageObject\",\"inLanguage\":\"es\",\"@id\":\"https:\\\/\\\/noticiasmercedinas.com\\\/site\\\/2023\\\/09\\\/07\\\/gran-convocatoria-para-evento-deportivo-del-colegio-de-abogados-mas-de-100-inscriptos\\\/#primaryimage\",\"url\":\"https:\\\/\\\/noticiasmercedinas.com\\\/site\\\/wp-content\\\/uploads\\\/2023\\\/09\\\/uno4.jpg\",\"contentUrl\":\"https:\\\/\\\/noticiasmercedinas.com\\\/site\\\/wp-content\\\/uploads\\\/2023\\\/09\\\/uno4.jpg\",\"width\":640,\"height\":423},{\"@type\":\"BreadcrumbList\",\"@id\":\"https:\\\/\\\/noticiasmercedinas.com\\\/site\\\/2023\\\/09\\\/07\\\/gran-convocatoria-para-evento-deportivo-del-colegio-de-abogados-mas-de-100-inscriptos\\\/#breadcrumb\",\"itemListElement\":[{\"@type\":\"ListItem\",\"position\":1,\"name\":\"Portada\",\"item\":\"https:\\\/\\\/noticiasmercedinas.com\\\/site\\\/\"},{\"@type\":\"ListItem\",\"position\":2,\"name\":\"Gran convocatoria para evento deportivo del Colegio de Abogados: m\u00e1s de 100 inscriptos\u00a0\"}]},{\"@type\":\"WebSite\",\"@id\":\"https:\\\/\\\/noticiasmercedinas.com\\\/site\\\/#website\",\"url\":\"https:\\\/\\\/noticiasmercedinas.com\\\/site\\\/\",\"name\":\"NOTICIASMERCEDINAS.COM\",\"description\":\"Mercedes, Buenos Aires, Argentina\",\"publisher\":{\"@id\":\"https:\\\/\\\/noticiasmercedinas.com\\\/site\\\/#organization\"},\"potentialAction\":[{\"@type\":\"SearchAction\",\"target\":{\"@type\":\"EntryPoint\",\"urlTemplate\":\"https:\\\/\\\/noticiasmercedinas.com\\\/site\\\/?s={search_term_string}\"},\"query-input\":{\"@type\":\"PropertyValueSpecification\",\"valueRequired\":true,\"valueName\":\"search_term_string\"}}],\"inLanguage\":\"es\"},{\"@type\":\"Organization\",\"@id\":\"https:\\\/\\\/noticiasmercedinas.com\\\/site\\\/#organization\",\"name\":\"NOTICIASMERCEDINAS.COM\",\"url\":\"https:\\\/\\\/noticiasmercedinas.com\\\/site\\\/\",\"logo\":{\"@type\":\"ImageObject\",\"inLanguage\":\"es\",\"@id\":\"https:\\\/\\\/noticiasmercedinas.com\\\/site\\\/#\\\/schema\\\/logo\\\/image\\\/\",\"url\":\"https:\\\/\\\/noticiasmercedinas.com\\\/site\\\/wp-content\\\/uploads\\\/2020\\\/06\\\/LOGO-512.jpg\",\"contentUrl\":\"https:\\\/\\\/noticiasmercedinas.com\\\/site\\\/wp-content\\\/uploads\\\/2020\\\/06\\\/LOGO-512.jpg\",\"width\":512,\"height\":512,\"caption\":\"NOTICIASMERCEDINAS.COM\"},\"image\":{\"@id\":\"https:\\\/\\\/noticiasmercedinas.com\\\/site\\\/#\\\/schema\\\/logo\\\/image\\\/\"},\"sameAs\":[\"https:\\\/\\\/www.facebook.com\\\/noticiasmercedinas\\\/\",\"https:\\\/\\\/x.com\\\/notmercedinas\",\"https:\\\/\\\/www.instagram.com\\\/noticiasmercedinas\\\/\"]},{\"@type\":\"Person\",\"@id\":\"https:\\\/\\\/noticiasmercedinas.com\\\/site\\\/#\\\/schema\\\/person\\\/84b59c099c28ff2e8b77d4ceec5d8063\",\"name\":\"NOTICIASMERCEDINAS.COM\",\"image\":{\"@type\":\"ImageObject\",\"inLanguage\":\"es\",\"@id\":\"https:\\\/\\\/secure.gravatar.com\\\/avatar\\\/4dfbf16b4d17945bfb6341b2d19043457132fcf478a5ee04f42e959fd8f5df0a?s=96&d=mm&r=g\",\"url\":\"https:\\\/\\\/secure.gravatar.com\\\/avatar\\\/4dfbf16b4d17945bfb6341b2d19043457132fcf478a5ee04f42e959fd8f5df0a?s=96&d=mm&r=g\",\"contentUrl\":\"https:\\\/\\\/secure.gravatar.com\\\/avatar\\\/4dfbf16b4d17945bfb6341b2d19043457132fcf478a5ee04f42e959fd8f5df0a?s=96&d=mm&r=g\",\"caption\":\"NOTICIASMERCEDINAS.COM\"},\"url\":\"https:\\\/\\\/noticiasmercedinas.com\\\/site\\\/author\\\/anonimo\\\/\"}]}<\/script>\n<!-- \/ Yoast SEO plugin. -->","yoast_head_json":{"title":"Gran convocatoria para evento deportivo del Colegio de Abogados: m\u00e1s de 100 inscriptos\u00a0","robots":{"index":"index","follow":"follow","max-snippet":"max-snippet:-1","max-image-preview":"max-image-preview:large","max-video-preview":"max-video-preview:-1"},"canonical":"https:\/\/noticiasmercedinas.com\/site\/2023\/09\/07\/gran-convocatoria-para-evento-deportivo-del-colegio-de-abogados-mas-de-100-inscriptos\/","og_locale":"es_ES","og_type":"article","og_title":"Gran convocatoria para evento deportivo del Colegio de Abogados: m\u00e1s de 100 inscriptos\u00a0","og_description":"\u25a0 Las actividades tendr\u00e1n lugar este s\u00e1bado en diferentes lugares de la ciudad de Mercedes, lo que promete un d\u00eda lleno de deporte y camarader\u00eda.","og_url":"https:\/\/noticiasmercedinas.com\/site\/2023\/09\/07\/gran-convocatoria-para-evento-deportivo-del-colegio-de-abogados-mas-de-100-inscriptos\/","og_site_name":"NOTICIASMERCEDINAS.COM","article_publisher":"https:\/\/www.facebook.com\/noticiasmercedinas\/","article_published_time":"2023-09-07T19:50:18+00:00","og_image":[{"width":640,"height":423,"url":"https:\/\/noticiasmercedinas.com\/site\/wp-content\/uploads\/2023\/09\/uno4.jpg","type":"image\/jpeg"}],"author":"NOTICIASMERCEDINAS.COM","twitter_card":"summary_large_image","twitter_creator":"@notmercedinas","twitter_site":"@notmercedinas","twitter_misc":{"Escrito por":"NOTICIASMERCEDINAS.COM","Tiempo de lectura":"2 minutos"},"schema":{"@context":"https:\/\/schema.org","@graph":[{"@type":"Article","@id":"https:\/\/noticiasmercedinas.com\/site\/2023\/09\/07\/gran-convocatoria-para-evento-deportivo-del-colegio-de-abogados-mas-de-100-inscriptos\/#article","isPartOf":{"@id":"https:\/\/noticiasmercedinas.com\/site\/2023\/09\/07\/gran-convocatoria-para-evento-deportivo-del-colegio-de-abogados-mas-de-100-inscriptos\/"},"author":{"name":"NOTICIASMERCEDINAS.COM","@id":"https:\/\/noticiasmercedinas.com\/site\/#\/schema\/person\/84b59c099c28ff2e8b77d4ceec5d8063"},"headline":"Gran convocatoria para evento deportivo del Colegio de Abogados: m\u00e1s de 100 inscriptos\u00a0","datePublished":"2023-09-07T19:50:18+00:00","mainEntityOfPage":{"@id":"https:\/\/noticiasmercedinas.com\/site\/2023\/09\/07\/gran-convocatoria-para-evento-deportivo-del-colegio-de-abogados-mas-de-100-inscriptos\/"},"wordCount":350,"publisher":{"@id":"https:\/\/noticiasmercedinas.com\/site\/#organization"},"image":{"@id":"https:\/\/noticiasmercedinas.com\/site\/2023\/09\/07\/gran-convocatoria-para-evento-deportivo-del-colegio-de-abogados-mas-de-100-inscriptos\/#primaryimage"},"thumbnailUrl":"https:\/\/noticiasmercedinas.com\/site\/wp-content\/uploads\/2023\/09\/uno4.jpg","keywords":["colegio de abogados","f\u00fatbol femenino","paddle","running","tenis mixto","voley"],"articleSection":["Deportes"],"inLanguage":"es"},{"@type":"WebPage","@id":"https:\/\/noticiasmercedinas.com\/site\/2023\/09\/07\/gran-convocatoria-para-evento-deportivo-del-colegio-de-abogados-mas-de-100-inscriptos\/","url":"https:\/\/noticiasmercedinas.com\/site\/2023\/09\/07\/gran-convocatoria-para-evento-deportivo-del-colegio-de-abogados-mas-de-100-inscriptos\/","name":"Gran convocatoria para evento deportivo del Colegio de Abogados: m\u00e1s de 100 inscriptos\u00a0","isPartOf":{"@id":"https:\/\/noticiasmercedinas.com\/site\/#website"},"primaryImageOfPage":{"@id":"https:\/\/noticiasmercedinas.com\/site\/2023\/09\/07\/gran-convocatoria-para-evento-deportivo-del-colegio-de-abogados-mas-de-100-inscriptos\/#primaryimage"},"image":{"@id":"https:\/\/noticiasmercedinas.com\/site\/2023\/09\/07\/gran-convocatoria-para-evento-deportivo-del-colegio-de-abogados-mas-de-100-inscriptos\/#primaryimage"},"thumbnailUrl":"https:\/\/noticiasmercedinas.com\/site\/wp-content\/uploads\/2023\/09\/uno4.jpg","datePublished":"2023-09-07T19:50:18+00:00","breadcrumb":{"@id":"https:\/\/noticiasmercedinas.com\/site\/2023\/09\/07\/gran-convocatoria-para-evento-deportivo-del-colegio-de-abogados-mas-de-100-inscriptos\/#breadcrumb"},"inLanguage":"es","potentialAction":[{"@type":"ReadAction","target":["https:\/\/noticiasmercedinas.com\/site\/2023\/09\/07\/gran-convocatoria-para-evento-deportivo-del-colegio-de-abogados-mas-de-100-inscriptos\/"]}]},{"@type":"ImageObject","inLanguage":"es","@id":"https:\/\/noticiasmercedinas.com\/site\/2023\/09\/07\/gran-convocatoria-para-evento-deportivo-del-colegio-de-abogados-mas-de-100-inscriptos\/#primaryimage","url":"https:\/\/noticiasmercedinas.com\/site\/wp-content\/uploads\/2023\/09\/uno4.jpg","contentUrl":"https:\/\/noticiasmercedinas.com\/site\/wp-content\/uploads\/2023\/09\/uno4.jpg","width":640,"height":423},{"@type":"BreadcrumbList","@id":"https:\/\/noticiasmercedinas.com\/site\/2023\/09\/07\/gran-convocatoria-para-evento-deportivo-del-colegio-de-abogados-mas-de-100-inscriptos\/#breadcrumb","itemListElement":[{"@type":"ListItem","position":1,"name":"Portada","item":"https:\/\/noticiasmercedinas.com\/site\/"},{"@type":"ListItem","position":2,"name":"Gran convocatoria para evento deportivo del Colegio de Abogados: m\u00e1s de 100 inscriptos\u00a0"}]},{"@type":"WebSite","@id":"https:\/\/noticiasmercedinas.com\/site\/#website","url":"https:\/\/noticiasmercedinas.com\/site\/","name":"NOTICIASMERCEDINAS.COM","description":"Mercedes, Buenos Aires, Argentina","publisher":{"@id":"https:\/\/noticiasmercedinas.com\/site\/#organization"},"potentialAction":[{"@type":"SearchAction","target":{"@type":"EntryPoint","urlTemplate":"https:\/\/noticiasmercedinas.com\/site\/?s={search_term_string}"},"query-input":{"@type":"PropertyValueSpecification","valueRequired":true,"valueName":"search_term_string"}}],"inLanguage":"es"},{"@type":"Organization","@id":"https:\/\/noticiasmercedinas.com\/site\/#organization","name":"NOTICIASMERCEDINAS.COM","url":"https:\/\/noticiasmercedinas.com\/site\/","logo":{"@type":"ImageObject","inLanguage":"es","@id":"https:\/\/noticiasmercedinas.com\/site\/#\/schema\/logo\/image\/","url":"https:\/\/noticiasmercedinas.com\/site\/wp-content\/uploads\/2020\/06\/LOGO-512.jpg","contentUrl":"https:\/\/noticiasmercedinas.com\/site\/wp-content\/uploads\/2020\/06\/LOGO-512.jpg","width":512,"height":512,"caption":"NOTICIASMERCEDINAS.COM"},"image":{"@id":"https:\/\/noticiasmercedinas.com\/site\/#\/schema\/logo\/image\/"},"sameAs":["https:\/\/www.facebook.com\/noticiasmercedinas\/","https:\/\/x.com\/notmercedinas","https:\/\/www.instagram.com\/noticiasmercedinas\/"]},{"@type":"Person","@id":"https:\/\/noticiasmercedinas.com\/site\/#\/schema\/person\/84b59c099c28ff2e8b77d4ceec5d8063","name":"NOTICIASMERCEDINAS.COM","image":{"@type":"ImageObject","inLanguage":"es","@id":"https:\/\/secure.gravatar.com\/avatar\/4dfbf16b4d17945bfb6341b2d19043457132fcf478a5ee04f42e959fd8f5df0a?s=96&d=mm&r=g","url":"https:\/\/secure.gravatar.com\/avatar\/4dfbf16b4d17945bfb6341b2d19043457132fcf478a5ee04f42e959fd8f5df0a?s=96&d=mm&r=g","contentUrl":"https:\/\/secure.gravatar.com\/avatar\/4dfbf16b4d17945bfb6341b2d19043457132fcf478a5ee04f42e959fd8f5df0a?s=96&d=mm&r=g","caption":"NOTICIASMERCEDINAS.COM"},"url":"https:\/\/noticiasmercedinas.com\/site\/author\/anonimo\/"}]}},"amp_enabled":true,"_links":{"self":[{"href":"https:\/\/noticiasmercedinas.com\/site\/wp-json\/wp\/v2\/posts\/122270","targetHints":{"allow":["GET"]}}],"collection":[{"href":"https:\/\/noticiasmercedinas.com\/site\/wp-json\/wp\/v2\/posts"}],"about":[{"href":"https:\/\/noticiasmercedinas.com\/site\/wp-json\/wp\/v2\/types\/post"}],"author":[{"embeddable":true,"href":"https:\/\/noticiasmercedinas.com\/site\/wp-json\/wp\/v2\/users\/16"}],"replies":[{"embeddable":true,"href":"https:\/\/noticiasmercedinas.com\/site\/wp-json\/wp\/v2\/comments?post=122270"}],"version-history":[{"count":1,"href":"https:\/\/noticiasmercedinas.com\/site\/wp-json\/wp\/v2\/posts\/122270\/revisions"}],"predecessor-version":[{"id":122272,"href":"https:\/\/noticiasmercedinas.com\/site\/wp-json\/wp\/v2\/posts\/122270\/revisions\/122272"}],"wp:featuredmedia":[{"embeddable":true,"href":"https:\/\/noticiasmercedinas.com\/site\/wp-json\/wp\/v2\/media\/122271"}],"wp:attachment":[{"href":"https:\/\/noticiasmercedinas.com\/site\/wp-json\/wp\/v2\/media?parent=122270"}],"wp:term":[{"taxonomy":"category","embeddable":true,"href":"https:\/\/noticiasmercedinas.com\/site\/wp-json\/wp\/v2\/categories?post=122270"},{"taxonomy":"post_tag","embeddable":true,"href":"https:\/\/noticiasmercedinas.com\/site\/wp-json\/wp\/v2\/tags?post=122270"}],"curies":[{"name":"wp","href":"https:\/\/api.w.org\/{rel}","templated":true}]}}