{"id":122317,"date":"2023-09-08T08:49:14","date_gmt":"2023-09-08T11:49:14","guid":{"rendered":"https:\/\/noticiasmercedinas.com\/site\/?p=122317"},"modified":"2023-09-08T08:49:14","modified_gmt":"2023-09-08T11:49:14","slug":"convocan-a-elecciones-de-comision-directiva-en-la-union-de-educadores-bonaerenses-de-mercedes","status":"publish","type":"post","link":"https:\/\/noticiasmercedinas.com\/site\/2023\/09\/08\/convocan-a-elecciones-de-comision-directiva-en-la-union-de-educadores-bonaerenses-de-mercedes\/","title":{"rendered":"Convocan a elecciones de Comisi\u00f3n Directiva en la Uni\u00f3n de Educadores Bonaerenses de Mercedes"},"content":{"rendered":"<p><img loading=\"lazy\" decoding=\"async\" class=\"alignnone size-full wp-image-122318\" src=\"https:\/\/noticiasmercedinas.com\/site\/wp-content\/uploads\/2023\/09\/UEB.jpg\" alt=\"\" width=\"640\" height=\"428\" srcset=\"https:\/\/noticiasmercedinas.com\/site\/wp-content\/uploads\/2023\/09\/UEB.jpg 640w, https:\/\/noticiasmercedinas.com\/site\/wp-content\/uploads\/2023\/09\/UEB-300x201.jpg 300w, https:\/\/noticiasmercedinas.com\/site\/wp-content\/uploads\/2023\/09\/UEB-537x360.jpg 537w\" sizes=\"auto, (max-width: 640px) 100vw, 640px\" \/><\/p>\n<p>La Comisi\u00f3n Directiva de la Uni\u00f3n de Educadores Bonaerenses de Distrito Mercedes, con Personer\u00eda Gremial N\u00b0 477, anunci\u00f3 oficialmente la convocatoria a elecciones para la renovaci\u00f3n de su Comisi\u00f3n Directiva.<\/p>\n<p>Este proceso electoral brinda a los afiliados la oportunidad de participar activamente en la direcci\u00f3n y representaci\u00f3n de su entidad gremial. La entidad actualmente tiene en el cargo de secretario general a <strong>Mar\u00eda Amalia de Marco<\/strong>, y a <strong>Paulina Luna<\/strong> como secretaria administrativa.<\/p>\n<p>Seg\u00fan se inform\u00f3, en estas elecciones, se llevar\u00e1 a cabo la selecci\u00f3n de los siguientes cargos:<\/p>\n<p>1. Secretario General (1 cargo).<br \/>\n2. Secretario Adjunto (1 cargo).<br \/>\n3. Secretario Administrativo (1 cargo).<br \/>\n4. Secretario Gremial (1 cargo).<br \/>\n5. Secretario de Finanzas (1 cargo).<br \/>\n6. Cinco (5) vocales titulares.<br \/>\n7. Cinco (5) vocales suplentes.<br \/>\n8. Tres (3) Revisores de Cuenta Titulares.<br \/>\n9. Tres (3) Revisores de Cuenta Suplentes.<\/p>\n<p>La jornada electoral se celebrar\u00e1 en la Sede Gremial ubicada en la calle 31 N\u00b0392 de Mercedes, el d\u00eda 9 de noviembre de 2023, durante un horario comprendido entre las 8:00 y las 20:00 horas, permitiendo a los afiliados ejercer su voto de manera secreta y directa.<\/p>\n<blockquote><p>Las listas de candidatos deber\u00e1n ser presentadas antes de las 19:00 horas del d\u00eda 15 de septiembre de 2023 en la Sede de la Junta Electoral, garantizando que todos los candidatos cumplan con los requisitos establecidos para su postulaci\u00f3n, que incluyen ser mayor de edad, no tener inhibiciones civiles ni penales, contar con al menos dos a\u00f1os de afiliaci\u00f3n y haber ejercido actividades docentes durante un per\u00edodo de dos a\u00f1os<\/p><\/blockquote>\n<p>La Junta Electoral, conformada por los miembros <strong>Gladys Eugeni<\/strong>,<strong> Silvia Garbarino <\/strong>y<strong> Liliana Canepa<\/strong>, se reunir\u00e1 en la Sede Gremial de la calle 31 N\u00b0392 de Mercedes. Estas sesiones se llevar\u00e1n a cabo los lunes de 10:00 a 12:00 horas y los viernes de 18:00 a 19:00 horas.<\/p>\n<p>Las listas de candidatos deber\u00e1n ser presentadas antes de las 19:00 horas del d\u00eda 15 de septiembre de 2023 en la Sede de la Junta Electoral, garantizando que todos los candidatos cumplan con los requisitos establecidos para su postulaci\u00f3n, que incluyen ser mayor de edad, no tener inhibiciones civiles ni penales, contar con al menos dos a\u00f1os de afiliaci\u00f3n y haber ejercido actividades docentes durante un per\u00edodo de dos a\u00f1os.<\/p>\n<p>Es fundamental que los afiliados que deseen ejercer su derecho a voto se acrediten con su Documento Nacional de Identidad.<\/p>\n<p>La Comisi\u00f3n Directiva de la Uni\u00f3n de Educadores Bonaerenses de Distrito Mercedes alienta a todos sus afiliados a participar activamente en este proceso electoral, eligiendo a los l\u00edderes que representar\u00e1n sus intereses y preocupaciones en el \u00e1mbito gremial. La transparencia y la participaci\u00f3n son pilares fundamentales de la democracia sindical.<\/p>\n","protected":false},"excerpt":{"rendered":"<p>\u25a0 La jornada electoral para afiliados se celebrar\u00e1 en la Sede Gremial ubicada en la calle 31 N\u00b0392 de Mercedes, el d\u00eda 9 de noviembre. Hay tiempo de presentar listas hasta el 15 de septiembre<\/p>\n","protected":false},"author":16,"featured_media":122318,"comment_status":"closed","ping_status":"closed","sticky":false,"template":"","format":"standard","meta":{"footnotes":""},"categories":[3],"tags":[115,17315,17316,259],"class_list":["post-122317","post","type-post","status-publish","format-standard","has-post-thumbnail","hentry","category-sociedad","tag-elecciones","tag-maria-amalia-de-marco","tag-paulina-luna","tag-ueb"],"yoast_head":"<!-- This site is optimized with the Yoast SEO plugin v27.4 - https:\/\/yoast.com\/product\/yoast-seo-wordpress\/ -->\n<title>Convocan a elecciones de Comisi\u00f3n Directiva en la Uni\u00f3n de Educadores Bonaerenses de Mercedes<\/title>\n<meta name=\"robots\" content=\"index, follow, max-snippet:-1, max-image-preview:large, max-video-preview:-1\" \/>\n<link rel=\"canonical\" href=\"https:\/\/noticiasmercedinas.com\/site\/2023\/09\/08\/convocan-a-elecciones-de-comision-directiva-en-la-union-de-educadores-bonaerenses-de-mercedes\/\" \/>\n<meta property=\"og:locale\" content=\"es_ES\" \/>\n<meta property=\"og:type\" content=\"article\" \/>\n<meta property=\"og:title\" content=\"Convocan a elecciones de Comisi\u00f3n Directiva en la Uni\u00f3n de Educadores Bonaerenses de Mercedes\" \/>\n<meta property=\"og:description\" content=\"\u25a0 La jornada electoral para afiliados se celebrar\u00e1 en la Sede Gremial ubicada en la calle 31 N\u00b0392 de Mercedes, el d\u00eda 9 de noviembre. Hay tiempo de presentar listas hasta el 15 de septiembre\" \/>\n<meta property=\"og:url\" content=\"https:\/\/noticiasmercedinas.com\/site\/2023\/09\/08\/convocan-a-elecciones-de-comision-directiva-en-la-union-de-educadores-bonaerenses-de-mercedes\/\" \/>\n<meta property=\"og:site_name\" content=\"NOTICIASMERCEDINAS.COM\" \/>\n<meta property=\"article:publisher\" content=\"https:\/\/www.facebook.com\/noticiasmercedinas\/\" \/>\n<meta property=\"article:published_time\" content=\"2023-09-08T11:49:14+00:00\" \/>\n<meta property=\"og:image\" content=\"https:\/\/noticiasmercedinas.com\/site\/wp-content\/uploads\/2023\/09\/UEB.jpg\" \/>\n\t<meta property=\"og:image:width\" content=\"640\" \/>\n\t<meta property=\"og:image:height\" content=\"428\" \/>\n\t<meta property=\"og:image:type\" content=\"image\/jpeg\" \/>\n<meta name=\"author\" content=\"NOTICIASMERCEDINAS.COM\" \/>\n<meta name=\"twitter:card\" content=\"summary_large_image\" \/>\n<meta name=\"twitter:creator\" content=\"@notmercedinas\" \/>\n<meta name=\"twitter:site\" content=\"@notmercedinas\" \/>\n<meta name=\"twitter:label1\" content=\"Escrito por\" \/>\n\t<meta name=\"twitter:data1\" content=\"NOTICIASMERCEDINAS.COM\" \/>\n\t<meta name=\"twitter:label2\" content=\"Tiempo de lectura\" \/>\n\t<meta name=\"twitter:data2\" content=\"2 minutos\" \/>\n<script type=\"application\/ld+json\" class=\"yoast-schema-graph\">{\"@context\":\"https:\\\/\\\/schema.org\",\"@graph\":[{\"@type\":\"Article\",\"@id\":\"https:\\\/\\\/noticiasmercedinas.com\\\/site\\\/2023\\\/09\\\/08\\\/convocan-a-elecciones-de-comision-directiva-en-la-union-de-educadores-bonaerenses-de-mercedes\\\/#article\",\"isPartOf\":{\"@id\":\"https:\\\/\\\/noticiasmercedinas.com\\\/site\\\/2023\\\/09\\\/08\\\/convocan-a-elecciones-de-comision-directiva-en-la-union-de-educadores-bonaerenses-de-mercedes\\\/\"},\"author\":{\"name\":\"NOTICIASMERCEDINAS.COM\",\"@id\":\"https:\\\/\\\/noticiasmercedinas.com\\\/site\\\/#\\\/schema\\\/person\\\/84b59c099c28ff2e8b77d4ceec5d8063\"},\"headline\":\"Convocan a elecciones de Comisi\u00f3n Directiva en la Uni\u00f3n de Educadores Bonaerenses de Mercedes\",\"datePublished\":\"2023-09-08T11:49:14+00:00\",\"mainEntityOfPage\":{\"@id\":\"https:\\\/\\\/noticiasmercedinas.com\\\/site\\\/2023\\\/09\\\/08\\\/convocan-a-elecciones-de-comision-directiva-en-la-union-de-educadores-bonaerenses-de-mercedes\\\/\"},\"wordCount\":456,\"publisher\":{\"@id\":\"https:\\\/\\\/noticiasmercedinas.com\\\/site\\\/#organization\"},\"image\":{\"@id\":\"https:\\\/\\\/noticiasmercedinas.com\\\/site\\\/2023\\\/09\\\/08\\\/convocan-a-elecciones-de-comision-directiva-en-la-union-de-educadores-bonaerenses-de-mercedes\\\/#primaryimage\"},\"thumbnailUrl\":\"https:\\\/\\\/noticiasmercedinas.com\\\/site\\\/wp-content\\\/uploads\\\/2023\\\/09\\\/UEB.jpg\",\"keywords\":[\"elecciones\",\"Mar\u00eda Amalia de Marco\",\"Paulina Luna\",\"ueb\"],\"articleSection\":[\"Sociedad\"],\"inLanguage\":\"es\"},{\"@type\":\"WebPage\",\"@id\":\"https:\\\/\\\/noticiasmercedinas.com\\\/site\\\/2023\\\/09\\\/08\\\/convocan-a-elecciones-de-comision-directiva-en-la-union-de-educadores-bonaerenses-de-mercedes\\\/\",\"url\":\"https:\\\/\\\/noticiasmercedinas.com\\\/site\\\/2023\\\/09\\\/08\\\/convocan-a-elecciones-de-comision-directiva-en-la-union-de-educadores-bonaerenses-de-mercedes\\\/\",\"name\":\"Convocan a elecciones de Comisi\u00f3n Directiva en la Uni\u00f3n de Educadores Bonaerenses de Mercedes\",\"isPartOf\":{\"@id\":\"https:\\\/\\\/noticiasmercedinas.com\\\/site\\\/#website\"},\"primaryImageOfPage\":{\"@id\":\"https:\\\/\\\/noticiasmercedinas.com\\\/site\\\/2023\\\/09\\\/08\\\/convocan-a-elecciones-de-comision-directiva-en-la-union-de-educadores-bonaerenses-de-mercedes\\\/#primaryimage\"},\"image\":{\"@id\":\"https:\\\/\\\/noticiasmercedinas.com\\\/site\\\/2023\\\/09\\\/08\\\/convocan-a-elecciones-de-comision-directiva-en-la-union-de-educadores-bonaerenses-de-mercedes\\\/#primaryimage\"},\"thumbnailUrl\":\"https:\\\/\\\/noticiasmercedinas.com\\\/site\\\/wp-content\\\/uploads\\\/2023\\\/09\\\/UEB.jpg\",\"datePublished\":\"2023-09-08T11:49:14+00:00\",\"breadcrumb\":{\"@id\":\"https:\\\/\\\/noticiasmercedinas.com\\\/site\\\/2023\\\/09\\\/08\\\/convocan-a-elecciones-de-comision-directiva-en-la-union-de-educadores-bonaerenses-de-mercedes\\\/#breadcrumb\"},\"inLanguage\":\"es\",\"potentialAction\":[{\"@type\":\"ReadAction\",\"target\":[\"https:\\\/\\\/noticiasmercedinas.com\\\/site\\\/2023\\\/09\\\/08\\\/convocan-a-elecciones-de-comision-directiva-en-la-union-de-educadores-bonaerenses-de-mercedes\\\/\"]}]},{\"@type\":\"ImageObject\",\"inLanguage\":\"es\",\"@id\":\"https:\\\/\\\/noticiasmercedinas.com\\\/site\\\/2023\\\/09\\\/08\\\/convocan-a-elecciones-de-comision-directiva-en-la-union-de-educadores-bonaerenses-de-mercedes\\\/#primaryimage\",\"url\":\"https:\\\/\\\/noticiasmercedinas.com\\\/site\\\/wp-content\\\/uploads\\\/2023\\\/09\\\/UEB.jpg\",\"contentUrl\":\"https:\\\/\\\/noticiasmercedinas.com\\\/site\\\/wp-content\\\/uploads\\\/2023\\\/09\\\/UEB.jpg\",\"width\":640,\"height\":428},{\"@type\":\"BreadcrumbList\",\"@id\":\"https:\\\/\\\/noticiasmercedinas.com\\\/site\\\/2023\\\/09\\\/08\\\/convocan-a-elecciones-de-comision-directiva-en-la-union-de-educadores-bonaerenses-de-mercedes\\\/#breadcrumb\",\"itemListElement\":[{\"@type\":\"ListItem\",\"position\":1,\"name\":\"Portada\",\"item\":\"https:\\\/\\\/noticiasmercedinas.com\\\/site\\\/\"},{\"@type\":\"ListItem\",\"position\":2,\"name\":\"Convocan a elecciones de Comisi\u00f3n Directiva en la Uni\u00f3n de Educadores Bonaerenses de Mercedes\"}]},{\"@type\":\"WebSite\",\"@id\":\"https:\\\/\\\/noticiasmercedinas.com\\\/site\\\/#website\",\"url\":\"https:\\\/\\\/noticiasmercedinas.com\\\/site\\\/\",\"name\":\"NOTICIASMERCEDINAS.COM\",\"description\":\"Mercedes, Buenos Aires, Argentina\",\"publisher\":{\"@id\":\"https:\\\/\\\/noticiasmercedinas.com\\\/site\\\/#organization\"},\"potentialAction\":[{\"@type\":\"SearchAction\",\"target\":{\"@type\":\"EntryPoint\",\"urlTemplate\":\"https:\\\/\\\/noticiasmercedinas.com\\\/site\\\/?s={search_term_string}\"},\"query-input\":{\"@type\":\"PropertyValueSpecification\",\"valueRequired\":true,\"valueName\":\"search_term_string\"}}],\"inLanguage\":\"es\"},{\"@type\":\"Organization\",\"@id\":\"https:\\\/\\\/noticiasmercedinas.com\\\/site\\\/#organization\",\"name\":\"NOTICIASMERCEDINAS.COM\",\"url\":\"https:\\\/\\\/noticiasmercedinas.com\\\/site\\\/\",\"logo\":{\"@type\":\"ImageObject\",\"inLanguage\":\"es\",\"@id\":\"https:\\\/\\\/noticiasmercedinas.com\\\/site\\\/#\\\/schema\\\/logo\\\/image\\\/\",\"url\":\"https:\\\/\\\/noticiasmercedinas.com\\\/site\\\/wp-content\\\/uploads\\\/2020\\\/06\\\/LOGO-512.jpg\",\"contentUrl\":\"https:\\\/\\\/noticiasmercedinas.com\\\/site\\\/wp-content\\\/uploads\\\/2020\\\/06\\\/LOGO-512.jpg\",\"width\":512,\"height\":512,\"caption\":\"NOTICIASMERCEDINAS.COM\"},\"image\":{\"@id\":\"https:\\\/\\\/noticiasmercedinas.com\\\/site\\\/#\\\/schema\\\/logo\\\/image\\\/\"},\"sameAs\":[\"https:\\\/\\\/www.facebook.com\\\/noticiasmercedinas\\\/\",\"https:\\\/\\\/x.com\\\/notmercedinas\",\"https:\\\/\\\/www.instagram.com\\\/noticiasmercedinas\\\/\"]},{\"@type\":\"Person\",\"@id\":\"https:\\\/\\\/noticiasmercedinas.com\\\/site\\\/#\\\/schema\\\/person\\\/84b59c099c28ff2e8b77d4ceec5d8063\",\"name\":\"NOTICIASMERCEDINAS.COM\",\"image\":{\"@type\":\"ImageObject\",\"inLanguage\":\"es\",\"@id\":\"https:\\\/\\\/secure.gravatar.com\\\/avatar\\\/4dfbf16b4d17945bfb6341b2d19043457132fcf478a5ee04f42e959fd8f5df0a?s=96&d=mm&r=g\",\"url\":\"https:\\\/\\\/secure.gravatar.com\\\/avatar\\\/4dfbf16b4d17945bfb6341b2d19043457132fcf478a5ee04f42e959fd8f5df0a?s=96&d=mm&r=g\",\"contentUrl\":\"https:\\\/\\\/secure.gravatar.com\\\/avatar\\\/4dfbf16b4d17945bfb6341b2d19043457132fcf478a5ee04f42e959fd8f5df0a?s=96&d=mm&r=g\",\"caption\":\"NOTICIASMERCEDINAS.COM\"},\"url\":\"https:\\\/\\\/noticiasmercedinas.com\\\/site\\\/author\\\/anonimo\\\/\"}]}<\/script>\n<!-- \/ Yoast SEO plugin. -->","yoast_head_json":{"title":"Convocan a elecciones de Comisi\u00f3n Directiva en la Uni\u00f3n de Educadores Bonaerenses de Mercedes","robots":{"index":"index","follow":"follow","max-snippet":"max-snippet:-1","max-image-preview":"max-image-preview:large","max-video-preview":"max-video-preview:-1"},"canonical":"https:\/\/noticiasmercedinas.com\/site\/2023\/09\/08\/convocan-a-elecciones-de-comision-directiva-en-la-union-de-educadores-bonaerenses-de-mercedes\/","og_locale":"es_ES","og_type":"article","og_title":"Convocan a elecciones de Comisi\u00f3n Directiva en la Uni\u00f3n de Educadores Bonaerenses de Mercedes","og_description":"\u25a0 La jornada electoral para afiliados se celebrar\u00e1 en la Sede Gremial ubicada en la calle 31 N\u00b0392 de Mercedes, el d\u00eda 9 de noviembre. Hay tiempo de presentar listas hasta el 15 de septiembre","og_url":"https:\/\/noticiasmercedinas.com\/site\/2023\/09\/08\/convocan-a-elecciones-de-comision-directiva-en-la-union-de-educadores-bonaerenses-de-mercedes\/","og_site_name":"NOTICIASMERCEDINAS.COM","article_publisher":"https:\/\/www.facebook.com\/noticiasmercedinas\/","article_published_time":"2023-09-08T11:49:14+00:00","og_image":[{"width":640,"height":428,"url":"https:\/\/noticiasmercedinas.com\/site\/wp-content\/uploads\/2023\/09\/UEB.jpg","type":"image\/jpeg"}],"author":"NOTICIASMERCEDINAS.COM","twitter_card":"summary_large_image","twitter_creator":"@notmercedinas","twitter_site":"@notmercedinas","twitter_misc":{"Escrito por":"NOTICIASMERCEDINAS.COM","Tiempo de lectura":"2 minutos"},"schema":{"@context":"https:\/\/schema.org","@graph":[{"@type":"Article","@id":"https:\/\/noticiasmercedinas.com\/site\/2023\/09\/08\/convocan-a-elecciones-de-comision-directiva-en-la-union-de-educadores-bonaerenses-de-mercedes\/#article","isPartOf":{"@id":"https:\/\/noticiasmercedinas.com\/site\/2023\/09\/08\/convocan-a-elecciones-de-comision-directiva-en-la-union-de-educadores-bonaerenses-de-mercedes\/"},"author":{"name":"NOTICIASMERCEDINAS.COM","@id":"https:\/\/noticiasmercedinas.com\/site\/#\/schema\/person\/84b59c099c28ff2e8b77d4ceec5d8063"},"headline":"Convocan a elecciones de Comisi\u00f3n Directiva en la Uni\u00f3n de Educadores Bonaerenses de Mercedes","datePublished":"2023-09-08T11:49:14+00:00","mainEntityOfPage":{"@id":"https:\/\/noticiasmercedinas.com\/site\/2023\/09\/08\/convocan-a-elecciones-de-comision-directiva-en-la-union-de-educadores-bonaerenses-de-mercedes\/"},"wordCount":456,"publisher":{"@id":"https:\/\/noticiasmercedinas.com\/site\/#organization"},"image":{"@id":"https:\/\/noticiasmercedinas.com\/site\/2023\/09\/08\/convocan-a-elecciones-de-comision-directiva-en-la-union-de-educadores-bonaerenses-de-mercedes\/#primaryimage"},"thumbnailUrl":"https:\/\/noticiasmercedinas.com\/site\/wp-content\/uploads\/2023\/09\/UEB.jpg","keywords":["elecciones","Mar\u00eda Amalia de Marco","Paulina Luna","ueb"],"articleSection":["Sociedad"],"inLanguage":"es"},{"@type":"WebPage","@id":"https:\/\/noticiasmercedinas.com\/site\/2023\/09\/08\/convocan-a-elecciones-de-comision-directiva-en-la-union-de-educadores-bonaerenses-de-mercedes\/","url":"https:\/\/noticiasmercedinas.com\/site\/2023\/09\/08\/convocan-a-elecciones-de-comision-directiva-en-la-union-de-educadores-bonaerenses-de-mercedes\/","name":"Convocan a elecciones de Comisi\u00f3n Directiva en la Uni\u00f3n de Educadores Bonaerenses de Mercedes","isPartOf":{"@id":"https:\/\/noticiasmercedinas.com\/site\/#website"},"primaryImageOfPage":{"@id":"https:\/\/noticiasmercedinas.com\/site\/2023\/09\/08\/convocan-a-elecciones-de-comision-directiva-en-la-union-de-educadores-bonaerenses-de-mercedes\/#primaryimage"},"image":{"@id":"https:\/\/noticiasmercedinas.com\/site\/2023\/09\/08\/convocan-a-elecciones-de-comision-directiva-en-la-union-de-educadores-bonaerenses-de-mercedes\/#primaryimage"},"thumbnailUrl":"https:\/\/noticiasmercedinas.com\/site\/wp-content\/uploads\/2023\/09\/UEB.jpg","datePublished":"2023-09-08T11:49:14+00:00","breadcrumb":{"@id":"https:\/\/noticiasmercedinas.com\/site\/2023\/09\/08\/convocan-a-elecciones-de-comision-directiva-en-la-union-de-educadores-bonaerenses-de-mercedes\/#breadcrumb"},"inLanguage":"es","potentialAction":[{"@type":"ReadAction","target":["https:\/\/noticiasmercedinas.com\/site\/2023\/09\/08\/convocan-a-elecciones-de-comision-directiva-en-la-union-de-educadores-bonaerenses-de-mercedes\/"]}]},{"@type":"ImageObject","inLanguage":"es","@id":"https:\/\/noticiasmercedinas.com\/site\/2023\/09\/08\/convocan-a-elecciones-de-comision-directiva-en-la-union-de-educadores-bonaerenses-de-mercedes\/#primaryimage","url":"https:\/\/noticiasmercedinas.com\/site\/wp-content\/uploads\/2023\/09\/UEB.jpg","contentUrl":"https:\/\/noticiasmercedinas.com\/site\/wp-content\/uploads\/2023\/09\/UEB.jpg","width":640,"height":428},{"@type":"BreadcrumbList","@id":"https:\/\/noticiasmercedinas.com\/site\/2023\/09\/08\/convocan-a-elecciones-de-comision-directiva-en-la-union-de-educadores-bonaerenses-de-mercedes\/#breadcrumb","itemListElement":[{"@type":"ListItem","position":1,"name":"Portada","item":"https:\/\/noticiasmercedinas.com\/site\/"},{"@type":"ListItem","position":2,"name":"Convocan a elecciones de Comisi\u00f3n Directiva en la Uni\u00f3n de Educadores Bonaerenses de Mercedes"}]},{"@type":"WebSite","@id":"https:\/\/noticiasmercedinas.com\/site\/#website","url":"https:\/\/noticiasmercedinas.com\/site\/","name":"NOTICIASMERCEDINAS.COM","description":"Mercedes, Buenos Aires, Argentina","publisher":{"@id":"https:\/\/noticiasmercedinas.com\/site\/#organization"},"potentialAction":[{"@type":"SearchAction","target":{"@type":"EntryPoint","urlTemplate":"https:\/\/noticiasmercedinas.com\/site\/?s={search_term_string}"},"query-input":{"@type":"PropertyValueSpecification","valueRequired":true,"valueName":"search_term_string"}}],"inLanguage":"es"},{"@type":"Organization","@id":"https:\/\/noticiasmercedinas.com\/site\/#organization","name":"NOTICIASMERCEDINAS.COM","url":"https:\/\/noticiasmercedinas.com\/site\/","logo":{"@type":"ImageObject","inLanguage":"es","@id":"https:\/\/noticiasmercedinas.com\/site\/#\/schema\/logo\/image\/","url":"https:\/\/noticiasmercedinas.com\/site\/wp-content\/uploads\/2020\/06\/LOGO-512.jpg","contentUrl":"https:\/\/noticiasmercedinas.com\/site\/wp-content\/uploads\/2020\/06\/LOGO-512.jpg","width":512,"height":512,"caption":"NOTICIASMERCEDINAS.COM"},"image":{"@id":"https:\/\/noticiasmercedinas.com\/site\/#\/schema\/logo\/image\/"},"sameAs":["https:\/\/www.facebook.com\/noticiasmercedinas\/","https:\/\/x.com\/notmercedinas","https:\/\/www.instagram.com\/noticiasmercedinas\/"]},{"@type":"Person","@id":"https:\/\/noticiasmercedinas.com\/site\/#\/schema\/person\/84b59c099c28ff2e8b77d4ceec5d8063","name":"NOTICIASMERCEDINAS.COM","image":{"@type":"ImageObject","inLanguage":"es","@id":"https:\/\/secure.gravatar.com\/avatar\/4dfbf16b4d17945bfb6341b2d19043457132fcf478a5ee04f42e959fd8f5df0a?s=96&d=mm&r=g","url":"https:\/\/secure.gravatar.com\/avatar\/4dfbf16b4d17945bfb6341b2d19043457132fcf478a5ee04f42e959fd8f5df0a?s=96&d=mm&r=g","contentUrl":"https:\/\/secure.gravatar.com\/avatar\/4dfbf16b4d17945bfb6341b2d19043457132fcf478a5ee04f42e959fd8f5df0a?s=96&d=mm&r=g","caption":"NOTICIASMERCEDINAS.COM"},"url":"https:\/\/noticiasmercedinas.com\/site\/author\/anonimo\/"}]}},"amp_enabled":true,"_links":{"self":[{"href":"https:\/\/noticiasmercedinas.com\/site\/wp-json\/wp\/v2\/posts\/122317","targetHints":{"allow":["GET"]}}],"collection":[{"href":"https:\/\/noticiasmercedinas.com\/site\/wp-json\/wp\/v2\/posts"}],"about":[{"href":"https:\/\/noticiasmercedinas.com\/site\/wp-json\/wp\/v2\/types\/post"}],"author":[{"embeddable":true,"href":"https:\/\/noticiasmercedinas.com\/site\/wp-json\/wp\/v2\/users\/16"}],"replies":[{"embeddable":true,"href":"https:\/\/noticiasmercedinas.com\/site\/wp-json\/wp\/v2\/comments?post=122317"}],"version-history":[{"count":1,"href":"https:\/\/noticiasmercedinas.com\/site\/wp-json\/wp\/v2\/posts\/122317\/revisions"}],"predecessor-version":[{"id":122319,"href":"https:\/\/noticiasmercedinas.com\/site\/wp-json\/wp\/v2\/posts\/122317\/revisions\/122319"}],"wp:featuredmedia":[{"embeddable":true,"href":"https:\/\/noticiasmercedinas.com\/site\/wp-json\/wp\/v2\/media\/122318"}],"wp:attachment":[{"href":"https:\/\/noticiasmercedinas.com\/site\/wp-json\/wp\/v2\/media?parent=122317"}],"wp:term":[{"taxonomy":"category","embeddable":true,"href":"https:\/\/noticiasmercedinas.com\/site\/wp-json\/wp\/v2\/categories?post=122317"},{"taxonomy":"post_tag","embeddable":true,"href":"https:\/\/noticiasmercedinas.com\/site\/wp-json\/wp\/v2\/tags?post=122317"}],"curies":[{"name":"wp","href":"https:\/\/api.w.org\/{rel}","templated":true}]}}