{"id":122525,"date":"2023-09-11T12:24:20","date_gmt":"2023-09-11T15:24:20","guid":{"rendered":"https:\/\/noticiasmercedinas.com\/site\/?p=122525"},"modified":"2023-09-11T12:24:20","modified_gmt":"2023-09-11T15:24:20","slug":"valentino-vitetta-se-suma-al-calangianus-1905","status":"publish","type":"post","link":"https:\/\/noticiasmercedinas.com\/site\/2023\/09\/11\/valentino-vitetta-se-suma-al-calangianus-1905\/","title":{"rendered":"Valentino Vitetta se suma al Calangianus 1905"},"content":{"rendered":"<figure id=\"attachment_122526\" aria-describedby=\"caption-attachment-122526\" style=\"width: 640px\" class=\"wp-caption alignnone\"><img loading=\"lazy\" decoding=\"async\" class=\"wp-image-122526 size-full\" src=\"https:\/\/noticiasmercedinas.com\/site\/wp-content\/uploads\/2023\/09\/vitetta.jpg\" alt=\"\" width=\"640\" height=\"431\" srcset=\"https:\/\/noticiasmercedinas.com\/site\/wp-content\/uploads\/2023\/09\/vitetta.jpg 640w, https:\/\/noticiasmercedinas.com\/site\/wp-content\/uploads\/2023\/09\/vitetta-300x202.jpg 300w\" sizes=\"auto, (max-width: 640px) 100vw, 640px\" \/><figcaption id=\"caption-attachment-122526\" class=\"wp-caption-text\">Valentino Vitetta.<\/figcaption><\/figure>\n<p>El futbolista nacido en Mercedes, Valentino Vitetta (20), contin\u00faa su carrera en el Calangianus 1905 que es parte de la Eccelenza Sardegna, certamen que da el ascenso a la Serie D en Italia. El volante central viene se jugar en esa divisi\u00f3n en el Campodarsego y d\u00edas atr\u00e1s fue presentado en su nuevo club.<\/p>\n<p>Ayer, fue el debut en el torneo como visitante ante el Ghialarza con triunfo de los locales por 2 a 0 en el Comunale Walter Frau de Ghialarza, estando entre los relevos del Calangianus, Vitetta. Un conjunto que a la vez afronta la Copa Italia con buenos resultados.<\/p>\n<p>Mientras tanto el venidero domingo 17 en el Signora Chiara la visita ser\u00e1 el Ilavamaddalena 1903 ya por la segunda jornada de la Eccelenza Sardegna por la temporada 2023-24. El sitio donde se encuentra el Calangianus es un municipio situado en el territorio de la provincia de S\u00e1cer, en Cerde\u00f1a (Italia).<\/p>\n","protected":false},"excerpt":{"rendered":"<p>\u25a0 Es parte de la Eccelenza Sardegna que lleva a la Serie D. Fue presentado en el centenario club de la isla de Cerde\u00f1a donde el domingo se jug\u00f3 la primera fecha.<\/p>\n","protected":false},"author":6,"featured_media":122526,"comment_status":"closed","ping_status":"closed","sticky":false,"template":"","format":"standard","meta":{"footnotes":""},"categories":[5],"tags":[2163,11353],"class_list":["post-122525","post","type-post","status-publish","format-standard","has-post-thumbnail","hentry","category-deportes","tag-legion-mercedina","tag-valentino-vitetta"],"yoast_head":"<!-- This site is optimized with the Yoast SEO plugin v27.4 - https:\/\/yoast.com\/product\/yoast-seo-wordpress\/ -->\n<title>Valentino Vitetta se suma al Calangianus 1905<\/title>\n<meta name=\"robots\" content=\"index, follow, max-snippet:-1, max-image-preview:large, max-video-preview:-1\" \/>\n<link rel=\"canonical\" href=\"https:\/\/noticiasmercedinas.com\/site\/2023\/09\/11\/valentino-vitetta-se-suma-al-calangianus-1905\/\" \/>\n<meta property=\"og:locale\" content=\"es_ES\" \/>\n<meta property=\"og:type\" content=\"article\" \/>\n<meta property=\"og:title\" content=\"Valentino Vitetta se suma al Calangianus 1905\" \/>\n<meta property=\"og:description\" content=\"\u25a0 Es parte de la Eccelenza Sardegna que lleva a la Serie D. Fue presentado en el centenario club de la isla de Cerde\u00f1a donde el domingo se jug\u00f3 la primera fecha.\" \/>\n<meta property=\"og:url\" content=\"https:\/\/noticiasmercedinas.com\/site\/2023\/09\/11\/valentino-vitetta-se-suma-al-calangianus-1905\/\" \/>\n<meta property=\"og:site_name\" content=\"NOTICIASMERCEDINAS.COM\" \/>\n<meta property=\"article:publisher\" content=\"https:\/\/www.facebook.com\/noticiasmercedinas\/\" \/>\n<meta property=\"article:published_time\" content=\"2023-09-11T15:24:20+00:00\" \/>\n<meta property=\"og:image\" content=\"https:\/\/noticiasmercedinas.com\/site\/wp-content\/uploads\/2023\/09\/vitetta.jpg\" \/>\n\t<meta property=\"og:image:width\" content=\"640\" \/>\n\t<meta property=\"og:image:height\" content=\"431\" \/>\n\t<meta property=\"og:image:type\" content=\"image\/jpeg\" \/>\n<meta name=\"author\" content=\"Juan Dagnino NOTICIASMERCEDINAS.COM\" \/>\n<meta name=\"twitter:card\" content=\"summary_large_image\" \/>\n<meta name=\"twitter:creator\" content=\"@notmercedinas\" \/>\n<meta name=\"twitter:site\" content=\"@notmercedinas\" \/>\n<meta name=\"twitter:label1\" content=\"Escrito por\" \/>\n\t<meta name=\"twitter:data1\" content=\"Juan Dagnino NOTICIASMERCEDINAS.COM\" \/>\n\t<meta name=\"twitter:label2\" content=\"Tiempo de lectura\" \/>\n\t<meta name=\"twitter:data2\" content=\"1 minuto\" \/>\n<script type=\"application\/ld+json\" class=\"yoast-schema-graph\">{\"@context\":\"https:\\\/\\\/schema.org\",\"@graph\":[{\"@type\":\"Article\",\"@id\":\"https:\\\/\\\/noticiasmercedinas.com\\\/site\\\/2023\\\/09\\\/11\\\/valentino-vitetta-se-suma-al-calangianus-1905\\\/#article\",\"isPartOf\":{\"@id\":\"https:\\\/\\\/noticiasmercedinas.com\\\/site\\\/2023\\\/09\\\/11\\\/valentino-vitetta-se-suma-al-calangianus-1905\\\/\"},\"author\":{\"name\":\"Juan Dagnino NOTICIASMERCEDINAS.COM\",\"@id\":\"https:\\\/\\\/noticiasmercedinas.com\\\/site\\\/#\\\/schema\\\/person\\\/8f2f09d666ef40986eba4a5e6f2a06f9\"},\"headline\":\"Valentino Vitetta se suma al Calangianus 1905\",\"datePublished\":\"2023-09-11T15:24:20+00:00\",\"mainEntityOfPage\":{\"@id\":\"https:\\\/\\\/noticiasmercedinas.com\\\/site\\\/2023\\\/09\\\/11\\\/valentino-vitetta-se-suma-al-calangianus-1905\\\/\"},\"wordCount\":168,\"publisher\":{\"@id\":\"https:\\\/\\\/noticiasmercedinas.com\\\/site\\\/#organization\"},\"image\":{\"@id\":\"https:\\\/\\\/noticiasmercedinas.com\\\/site\\\/2023\\\/09\\\/11\\\/valentino-vitetta-se-suma-al-calangianus-1905\\\/#primaryimage\"},\"thumbnailUrl\":\"https:\\\/\\\/noticiasmercedinas.com\\\/site\\\/wp-content\\\/uploads\\\/2023\\\/09\\\/vitetta.jpg\",\"keywords\":[\"legion mercedina\",\"valentino vitetta\"],\"articleSection\":[\"Deportes\"],\"inLanguage\":\"es\"},{\"@type\":\"WebPage\",\"@id\":\"https:\\\/\\\/noticiasmercedinas.com\\\/site\\\/2023\\\/09\\\/11\\\/valentino-vitetta-se-suma-al-calangianus-1905\\\/\",\"url\":\"https:\\\/\\\/noticiasmercedinas.com\\\/site\\\/2023\\\/09\\\/11\\\/valentino-vitetta-se-suma-al-calangianus-1905\\\/\",\"name\":\"Valentino Vitetta se suma al Calangianus 1905\",\"isPartOf\":{\"@id\":\"https:\\\/\\\/noticiasmercedinas.com\\\/site\\\/#website\"},\"primaryImageOfPage\":{\"@id\":\"https:\\\/\\\/noticiasmercedinas.com\\\/site\\\/2023\\\/09\\\/11\\\/valentino-vitetta-se-suma-al-calangianus-1905\\\/#primaryimage\"},\"image\":{\"@id\":\"https:\\\/\\\/noticiasmercedinas.com\\\/site\\\/2023\\\/09\\\/11\\\/valentino-vitetta-se-suma-al-calangianus-1905\\\/#primaryimage\"},\"thumbnailUrl\":\"https:\\\/\\\/noticiasmercedinas.com\\\/site\\\/wp-content\\\/uploads\\\/2023\\\/09\\\/vitetta.jpg\",\"datePublished\":\"2023-09-11T15:24:20+00:00\",\"breadcrumb\":{\"@id\":\"https:\\\/\\\/noticiasmercedinas.com\\\/site\\\/2023\\\/09\\\/11\\\/valentino-vitetta-se-suma-al-calangianus-1905\\\/#breadcrumb\"},\"inLanguage\":\"es\",\"potentialAction\":[{\"@type\":\"ReadAction\",\"target\":[\"https:\\\/\\\/noticiasmercedinas.com\\\/site\\\/2023\\\/09\\\/11\\\/valentino-vitetta-se-suma-al-calangianus-1905\\\/\"]}]},{\"@type\":\"ImageObject\",\"inLanguage\":\"es\",\"@id\":\"https:\\\/\\\/noticiasmercedinas.com\\\/site\\\/2023\\\/09\\\/11\\\/valentino-vitetta-se-suma-al-calangianus-1905\\\/#primaryimage\",\"url\":\"https:\\\/\\\/noticiasmercedinas.com\\\/site\\\/wp-content\\\/uploads\\\/2023\\\/09\\\/vitetta.jpg\",\"contentUrl\":\"https:\\\/\\\/noticiasmercedinas.com\\\/site\\\/wp-content\\\/uploads\\\/2023\\\/09\\\/vitetta.jpg\",\"width\":640,\"height\":431},{\"@type\":\"BreadcrumbList\",\"@id\":\"https:\\\/\\\/noticiasmercedinas.com\\\/site\\\/2023\\\/09\\\/11\\\/valentino-vitetta-se-suma-al-calangianus-1905\\\/#breadcrumb\",\"itemListElement\":[{\"@type\":\"ListItem\",\"position\":1,\"name\":\"Portada\",\"item\":\"https:\\\/\\\/noticiasmercedinas.com\\\/site\\\/\"},{\"@type\":\"ListItem\",\"position\":2,\"name\":\"Valentino Vitetta se suma al Calangianus 1905\"}]},{\"@type\":\"WebSite\",\"@id\":\"https:\\\/\\\/noticiasmercedinas.com\\\/site\\\/#website\",\"url\":\"https:\\\/\\\/noticiasmercedinas.com\\\/site\\\/\",\"name\":\"NOTICIASMERCEDINAS.COM\",\"description\":\"Mercedes, Buenos Aires, Argentina\",\"publisher\":{\"@id\":\"https:\\\/\\\/noticiasmercedinas.com\\\/site\\\/#organization\"},\"potentialAction\":[{\"@type\":\"SearchAction\",\"target\":{\"@type\":\"EntryPoint\",\"urlTemplate\":\"https:\\\/\\\/noticiasmercedinas.com\\\/site\\\/?s={search_term_string}\"},\"query-input\":{\"@type\":\"PropertyValueSpecification\",\"valueRequired\":true,\"valueName\":\"search_term_string\"}}],\"inLanguage\":\"es\"},{\"@type\":\"Organization\",\"@id\":\"https:\\\/\\\/noticiasmercedinas.com\\\/site\\\/#organization\",\"name\":\"NOTICIASMERCEDINAS.COM\",\"url\":\"https:\\\/\\\/noticiasmercedinas.com\\\/site\\\/\",\"logo\":{\"@type\":\"ImageObject\",\"inLanguage\":\"es\",\"@id\":\"https:\\\/\\\/noticiasmercedinas.com\\\/site\\\/#\\\/schema\\\/logo\\\/image\\\/\",\"url\":\"https:\\\/\\\/noticiasmercedinas.com\\\/site\\\/wp-content\\\/uploads\\\/2020\\\/06\\\/LOGO-512.jpg\",\"contentUrl\":\"https:\\\/\\\/noticiasmercedinas.com\\\/site\\\/wp-content\\\/uploads\\\/2020\\\/06\\\/LOGO-512.jpg\",\"width\":512,\"height\":512,\"caption\":\"NOTICIASMERCEDINAS.COM\"},\"image\":{\"@id\":\"https:\\\/\\\/noticiasmercedinas.com\\\/site\\\/#\\\/schema\\\/logo\\\/image\\\/\"},\"sameAs\":[\"https:\\\/\\\/www.facebook.com\\\/noticiasmercedinas\\\/\",\"https:\\\/\\\/x.com\\\/notmercedinas\",\"https:\\\/\\\/www.instagram.com\\\/noticiasmercedinas\\\/\"]},{\"@type\":\"Person\",\"@id\":\"https:\\\/\\\/noticiasmercedinas.com\\\/site\\\/#\\\/schema\\\/person\\\/8f2f09d666ef40986eba4a5e6f2a06f9\",\"name\":\"Juan Dagnino NOTICIASMERCEDINAS.COM\",\"image\":{\"@type\":\"ImageObject\",\"inLanguage\":\"es\",\"@id\":\"https:\\\/\\\/secure.gravatar.com\\\/avatar\\\/fc7059a769f5a3cae65fadb228a3e4accf3a64b4b2305020d0a27e6d5333c91b?s=96&d=mm&r=g\",\"url\":\"https:\\\/\\\/secure.gravatar.com\\\/avatar\\\/fc7059a769f5a3cae65fadb228a3e4accf3a64b4b2305020d0a27e6d5333c91b?s=96&d=mm&r=g\",\"contentUrl\":\"https:\\\/\\\/secure.gravatar.com\\\/avatar\\\/fc7059a769f5a3cae65fadb228a3e4accf3a64b4b2305020d0a27e6d5333c91b?s=96&d=mm&r=g\",\"caption\":\"Juan Dagnino NOTICIASMERCEDINAS.COM\"},\"url\":\"https:\\\/\\\/noticiasmercedinas.com\\\/site\\\/author\\\/juandagnino\\\/\"}]}<\/script>\n<!-- \/ Yoast SEO plugin. -->","yoast_head_json":{"title":"Valentino Vitetta se suma al Calangianus 1905","robots":{"index":"index","follow":"follow","max-snippet":"max-snippet:-1","max-image-preview":"max-image-preview:large","max-video-preview":"max-video-preview:-1"},"canonical":"https:\/\/noticiasmercedinas.com\/site\/2023\/09\/11\/valentino-vitetta-se-suma-al-calangianus-1905\/","og_locale":"es_ES","og_type":"article","og_title":"Valentino Vitetta se suma al Calangianus 1905","og_description":"\u25a0 Es parte de la Eccelenza Sardegna que lleva a la Serie D. Fue presentado en el centenario club de la isla de Cerde\u00f1a donde el domingo se jug\u00f3 la primera fecha.","og_url":"https:\/\/noticiasmercedinas.com\/site\/2023\/09\/11\/valentino-vitetta-se-suma-al-calangianus-1905\/","og_site_name":"NOTICIASMERCEDINAS.COM","article_publisher":"https:\/\/www.facebook.com\/noticiasmercedinas\/","article_published_time":"2023-09-11T15:24:20+00:00","og_image":[{"width":640,"height":431,"url":"https:\/\/noticiasmercedinas.com\/site\/wp-content\/uploads\/2023\/09\/vitetta.jpg","type":"image\/jpeg"}],"author":"Juan Dagnino NOTICIASMERCEDINAS.COM","twitter_card":"summary_large_image","twitter_creator":"@notmercedinas","twitter_site":"@notmercedinas","twitter_misc":{"Escrito por":"Juan Dagnino NOTICIASMERCEDINAS.COM","Tiempo de lectura":"1 minuto"},"schema":{"@context":"https:\/\/schema.org","@graph":[{"@type":"Article","@id":"https:\/\/noticiasmercedinas.com\/site\/2023\/09\/11\/valentino-vitetta-se-suma-al-calangianus-1905\/#article","isPartOf":{"@id":"https:\/\/noticiasmercedinas.com\/site\/2023\/09\/11\/valentino-vitetta-se-suma-al-calangianus-1905\/"},"author":{"name":"Juan Dagnino NOTICIASMERCEDINAS.COM","@id":"https:\/\/noticiasmercedinas.com\/site\/#\/schema\/person\/8f2f09d666ef40986eba4a5e6f2a06f9"},"headline":"Valentino Vitetta se suma al Calangianus 1905","datePublished":"2023-09-11T15:24:20+00:00","mainEntityOfPage":{"@id":"https:\/\/noticiasmercedinas.com\/site\/2023\/09\/11\/valentino-vitetta-se-suma-al-calangianus-1905\/"},"wordCount":168,"publisher":{"@id":"https:\/\/noticiasmercedinas.com\/site\/#organization"},"image":{"@id":"https:\/\/noticiasmercedinas.com\/site\/2023\/09\/11\/valentino-vitetta-se-suma-al-calangianus-1905\/#primaryimage"},"thumbnailUrl":"https:\/\/noticiasmercedinas.com\/site\/wp-content\/uploads\/2023\/09\/vitetta.jpg","keywords":["legion mercedina","valentino vitetta"],"articleSection":["Deportes"],"inLanguage":"es"},{"@type":"WebPage","@id":"https:\/\/noticiasmercedinas.com\/site\/2023\/09\/11\/valentino-vitetta-se-suma-al-calangianus-1905\/","url":"https:\/\/noticiasmercedinas.com\/site\/2023\/09\/11\/valentino-vitetta-se-suma-al-calangianus-1905\/","name":"Valentino Vitetta se suma al Calangianus 1905","isPartOf":{"@id":"https:\/\/noticiasmercedinas.com\/site\/#website"},"primaryImageOfPage":{"@id":"https:\/\/noticiasmercedinas.com\/site\/2023\/09\/11\/valentino-vitetta-se-suma-al-calangianus-1905\/#primaryimage"},"image":{"@id":"https:\/\/noticiasmercedinas.com\/site\/2023\/09\/11\/valentino-vitetta-se-suma-al-calangianus-1905\/#primaryimage"},"thumbnailUrl":"https:\/\/noticiasmercedinas.com\/site\/wp-content\/uploads\/2023\/09\/vitetta.jpg","datePublished":"2023-09-11T15:24:20+00:00","breadcrumb":{"@id":"https:\/\/noticiasmercedinas.com\/site\/2023\/09\/11\/valentino-vitetta-se-suma-al-calangianus-1905\/#breadcrumb"},"inLanguage":"es","potentialAction":[{"@type":"ReadAction","target":["https:\/\/noticiasmercedinas.com\/site\/2023\/09\/11\/valentino-vitetta-se-suma-al-calangianus-1905\/"]}]},{"@type":"ImageObject","inLanguage":"es","@id":"https:\/\/noticiasmercedinas.com\/site\/2023\/09\/11\/valentino-vitetta-se-suma-al-calangianus-1905\/#primaryimage","url":"https:\/\/noticiasmercedinas.com\/site\/wp-content\/uploads\/2023\/09\/vitetta.jpg","contentUrl":"https:\/\/noticiasmercedinas.com\/site\/wp-content\/uploads\/2023\/09\/vitetta.jpg","width":640,"height":431},{"@type":"BreadcrumbList","@id":"https:\/\/noticiasmercedinas.com\/site\/2023\/09\/11\/valentino-vitetta-se-suma-al-calangianus-1905\/#breadcrumb","itemListElement":[{"@type":"ListItem","position":1,"name":"Portada","item":"https:\/\/noticiasmercedinas.com\/site\/"},{"@type":"ListItem","position":2,"name":"Valentino Vitetta se suma al Calangianus 1905"}]},{"@type":"WebSite","@id":"https:\/\/noticiasmercedinas.com\/site\/#website","url":"https:\/\/noticiasmercedinas.com\/site\/","name":"NOTICIASMERCEDINAS.COM","description":"Mercedes, Buenos Aires, Argentina","publisher":{"@id":"https:\/\/noticiasmercedinas.com\/site\/#organization"},"potentialAction":[{"@type":"SearchAction","target":{"@type":"EntryPoint","urlTemplate":"https:\/\/noticiasmercedinas.com\/site\/?s={search_term_string}"},"query-input":{"@type":"PropertyValueSpecification","valueRequired":true,"valueName":"search_term_string"}}],"inLanguage":"es"},{"@type":"Organization","@id":"https:\/\/noticiasmercedinas.com\/site\/#organization","name":"NOTICIASMERCEDINAS.COM","url":"https:\/\/noticiasmercedinas.com\/site\/","logo":{"@type":"ImageObject","inLanguage":"es","@id":"https:\/\/noticiasmercedinas.com\/site\/#\/schema\/logo\/image\/","url":"https:\/\/noticiasmercedinas.com\/site\/wp-content\/uploads\/2020\/06\/LOGO-512.jpg","contentUrl":"https:\/\/noticiasmercedinas.com\/site\/wp-content\/uploads\/2020\/06\/LOGO-512.jpg","width":512,"height":512,"caption":"NOTICIASMERCEDINAS.COM"},"image":{"@id":"https:\/\/noticiasmercedinas.com\/site\/#\/schema\/logo\/image\/"},"sameAs":["https:\/\/www.facebook.com\/noticiasmercedinas\/","https:\/\/x.com\/notmercedinas","https:\/\/www.instagram.com\/noticiasmercedinas\/"]},{"@type":"Person","@id":"https:\/\/noticiasmercedinas.com\/site\/#\/schema\/person\/8f2f09d666ef40986eba4a5e6f2a06f9","name":"Juan Dagnino NOTICIASMERCEDINAS.COM","image":{"@type":"ImageObject","inLanguage":"es","@id":"https:\/\/secure.gravatar.com\/avatar\/fc7059a769f5a3cae65fadb228a3e4accf3a64b4b2305020d0a27e6d5333c91b?s=96&d=mm&r=g","url":"https:\/\/secure.gravatar.com\/avatar\/fc7059a769f5a3cae65fadb228a3e4accf3a64b4b2305020d0a27e6d5333c91b?s=96&d=mm&r=g","contentUrl":"https:\/\/secure.gravatar.com\/avatar\/fc7059a769f5a3cae65fadb228a3e4accf3a64b4b2305020d0a27e6d5333c91b?s=96&d=mm&r=g","caption":"Juan Dagnino NOTICIASMERCEDINAS.COM"},"url":"https:\/\/noticiasmercedinas.com\/site\/author\/juandagnino\/"}]}},"amp_enabled":true,"_links":{"self":[{"href":"https:\/\/noticiasmercedinas.com\/site\/wp-json\/wp\/v2\/posts\/122525","targetHints":{"allow":["GET"]}}],"collection":[{"href":"https:\/\/noticiasmercedinas.com\/site\/wp-json\/wp\/v2\/posts"}],"about":[{"href":"https:\/\/noticiasmercedinas.com\/site\/wp-json\/wp\/v2\/types\/post"}],"author":[{"embeddable":true,"href":"https:\/\/noticiasmercedinas.com\/site\/wp-json\/wp\/v2\/users\/6"}],"replies":[{"embeddable":true,"href":"https:\/\/noticiasmercedinas.com\/site\/wp-json\/wp\/v2\/comments?post=122525"}],"version-history":[{"count":1,"href":"https:\/\/noticiasmercedinas.com\/site\/wp-json\/wp\/v2\/posts\/122525\/revisions"}],"predecessor-version":[{"id":122527,"href":"https:\/\/noticiasmercedinas.com\/site\/wp-json\/wp\/v2\/posts\/122525\/revisions\/122527"}],"wp:featuredmedia":[{"embeddable":true,"href":"https:\/\/noticiasmercedinas.com\/site\/wp-json\/wp\/v2\/media\/122526"}],"wp:attachment":[{"href":"https:\/\/noticiasmercedinas.com\/site\/wp-json\/wp\/v2\/media?parent=122525"}],"wp:term":[{"taxonomy":"category","embeddable":true,"href":"https:\/\/noticiasmercedinas.com\/site\/wp-json\/wp\/v2\/categories?post=122525"},{"taxonomy":"post_tag","embeddable":true,"href":"https:\/\/noticiasmercedinas.com\/site\/wp-json\/wp\/v2\/tags?post=122525"}],"curies":[{"name":"wp","href":"https:\/\/api.w.org\/{rel}","templated":true}]}}