{"id":122619,"date":"2023-09-12T21:02:37","date_gmt":"2023-09-13T00:02:37","guid":{"rendered":"https:\/\/noticiasmercedinas.com\/site\/?p=122619"},"modified":"2023-09-12T21:02:37","modified_gmt":"2023-09-13T00:02:37","slug":"se-inauguro-una-nueva-oficina-del-registro-de-las-personas-en-open-door","status":"publish","type":"post","link":"https:\/\/noticiasmercedinas.com\/site\/2023\/09\/12\/se-inauguro-una-nueva-oficina-del-registro-de-las-personas-en-open-door\/","title":{"rendered":"Se inaugur\u00f3 una nueva oficina del Registro de las Personas en Open Door"},"content":{"rendered":"<p><img loading=\"lazy\" decoding=\"async\" class=\"alignnone size-full wp-image-122620\" src=\"https:\/\/noticiasmercedinas.com\/site\/wp-content\/uploads\/2023\/09\/WhatsApp-Image-2023-09-12-at-12.10.17-1.jpeg\" alt=\"\" width=\"743\" height=\"530\" srcset=\"https:\/\/noticiasmercedinas.com\/site\/wp-content\/uploads\/2023\/09\/WhatsApp-Image-2023-09-12-at-12.10.17-1.jpeg 743w, https:\/\/noticiasmercedinas.com\/site\/wp-content\/uploads\/2023\/09\/WhatsApp-Image-2023-09-12-at-12.10.17-1-300x214.jpeg 300w, https:\/\/noticiasmercedinas.com\/site\/wp-content\/uploads\/2023\/09\/WhatsApp-Image-2023-09-12-at-12.10.17-1-640x457.jpeg 640w, https:\/\/noticiasmercedinas.com\/site\/wp-content\/uploads\/2023\/09\/WhatsApp-Image-2023-09-12-at-12.10.17-1-681x486.jpeg 681w\" sizes=\"auto, (max-width: 743px) 100vw, 743px\" \/><\/p>\n<p>La ministra de Gobierno bonaerense, Cristina Alvarez Rodr\u00edguez, inaugur\u00f3 este martes una nueva oficina descentralizada del Registro de las Personas en Open Door, municipio de Luj\u00e1n, junto al intendente, Leonardo Boto; y el director provincial del Registro de las Personas, Mariano R\u00edos Ordo\u00f1ez.<\/p>\n<p>Al respecto, la Ministra de Gobierno manifest\u00f3 que \u201ccon la apertura de esta oficina no solo buscamos garantizar el derecho a la identidad, sino que todos los vecinos y vecinas puedan tramitar sus documentos de manera \u00e1gil, en muy poco tiempo\u201d, al tiempo que agradeci\u00f3 \u201ca los trabajadores y trabajadores del Registro Provincial de las Personas, y a Leo por so\u00f1ar y construir juntos un Luj\u00e1n y una Provincia con m\u00e1s derechos para todos los bonaerenses\u201d.<\/p>\n<p>\u201cEstamos inaugurando esta nueva oficina en un edificio que construy\u00f3 la propia Provincia, en un barrio que creci\u00f3 much\u00edsimo y necesitaba una base material para los diferentes servicios que hoy se est\u00e1n poniendo en marcha, de acuerdo a la pol\u00edtica de descentralizaci\u00f3n administrativa que impulsamos desde que asumimos la gesti\u00f3n. Hoy los vecinos y vecinas de Open Door tienen el Estado m\u00e1s cerca\u201d, expres\u00f3 por su parte el intendente Boto.<\/p>\n<p>La nueva sede funciona en el Centro Comunitario ubicado en el barrio Luchetti, y permitir\u00e1 que los vecinos y vecinas de Open Door puedan realizar tr\u00e1mites vinculados al DNI, Pasaporte, Declaraci\u00f3n Jurada de domicilios, Nacimientos, Defunciones, Casamientos, Extrav\u00edos y Uniones Civiles, entre otras gestiones.<\/p>\n<p>Tambi\u00e9n participaron del acto el secretario general de la Intendencia, Abel Rausch; el secretario de Desarrollo Humano municipal, Federico Vanin; y el secretario de Gobierno y Participaci\u00f3n Ciudadana local, Silvio Martini.<\/p>\n","protected":false},"excerpt":{"rendered":"<p>\u25a0 La ministra Alvarez Rodr\u00edguez y el intendente Boto inauguraron el nuevo espacio ubicado en el centro comunitario de la localidad.<\/p>\n","protected":false},"author":16,"featured_media":122620,"comment_status":"closed","ping_status":"closed","sticky":false,"template":"","format":"standard","meta":{"footnotes":""},"categories":[139],"tags":[6018,40,6075,5483],"class_list":["post-122619","post","type-post","status-publish","format-standard","has-post-thumbnail","hentry","category-regionales","tag-leo-boto","tag-lujan","tag-open-door","tag-registro-de-las-personas"],"yoast_head":"<!-- This site is optimized with the Yoast SEO plugin v27.4 - https:\/\/yoast.com\/product\/yoast-seo-wordpress\/ -->\n<title>Se inaugur\u00f3 una nueva oficina del Registro de las Personas en Open Door<\/title>\n<meta name=\"robots\" content=\"index, follow, max-snippet:-1, max-image-preview:large, max-video-preview:-1\" \/>\n<link rel=\"canonical\" href=\"https:\/\/noticiasmercedinas.com\/site\/2023\/09\/12\/se-inauguro-una-nueva-oficina-del-registro-de-las-personas-en-open-door\/\" \/>\n<meta property=\"og:locale\" content=\"es_ES\" \/>\n<meta property=\"og:type\" content=\"article\" \/>\n<meta property=\"og:title\" content=\"Se inaugur\u00f3 una nueva oficina del Registro de las Personas en Open Door\" \/>\n<meta property=\"og:description\" content=\"\u25a0 La ministra Alvarez Rodr\u00edguez y el intendente Boto inauguraron el nuevo espacio ubicado en el centro comunitario de la localidad.\" \/>\n<meta property=\"og:url\" content=\"https:\/\/noticiasmercedinas.com\/site\/2023\/09\/12\/se-inauguro-una-nueva-oficina-del-registro-de-las-personas-en-open-door\/\" \/>\n<meta property=\"og:site_name\" content=\"NOTICIASMERCEDINAS.COM\" \/>\n<meta property=\"article:publisher\" content=\"https:\/\/www.facebook.com\/noticiasmercedinas\/\" \/>\n<meta property=\"article:published_time\" content=\"2023-09-13T00:02:37+00:00\" \/>\n<meta property=\"og:image\" content=\"https:\/\/noticiasmercedinas.com\/site\/wp-content\/uploads\/2023\/09\/WhatsApp-Image-2023-09-12-at-12.10.17-1.jpeg\" \/>\n\t<meta property=\"og:image:width\" content=\"743\" \/>\n\t<meta property=\"og:image:height\" content=\"530\" \/>\n\t<meta property=\"og:image:type\" content=\"image\/jpeg\" \/>\n<meta name=\"author\" content=\"NOTICIASMERCEDINAS.COM\" \/>\n<meta name=\"twitter:card\" content=\"summary_large_image\" \/>\n<meta name=\"twitter:creator\" content=\"@notmercedinas\" \/>\n<meta name=\"twitter:site\" content=\"@notmercedinas\" \/>\n<meta name=\"twitter:label1\" content=\"Escrito por\" \/>\n\t<meta name=\"twitter:data1\" content=\"NOTICIASMERCEDINAS.COM\" \/>\n\t<meta name=\"twitter:label2\" content=\"Tiempo de lectura\" \/>\n\t<meta name=\"twitter:data2\" content=\"2 minutos\" \/>\n<script type=\"application\/ld+json\" class=\"yoast-schema-graph\">{\"@context\":\"https:\\\/\\\/schema.org\",\"@graph\":[{\"@type\":\"Article\",\"@id\":\"https:\\\/\\\/noticiasmercedinas.com\\\/site\\\/2023\\\/09\\\/12\\\/se-inauguro-una-nueva-oficina-del-registro-de-las-personas-en-open-door\\\/#article\",\"isPartOf\":{\"@id\":\"https:\\\/\\\/noticiasmercedinas.com\\\/site\\\/2023\\\/09\\\/12\\\/se-inauguro-una-nueva-oficina-del-registro-de-las-personas-en-open-door\\\/\"},\"author\":{\"name\":\"NOTICIASMERCEDINAS.COM\",\"@id\":\"https:\\\/\\\/noticiasmercedinas.com\\\/site\\\/#\\\/schema\\\/person\\\/84b59c099c28ff2e8b77d4ceec5d8063\"},\"headline\":\"Se inaugur\u00f3 una nueva oficina del Registro de las Personas en Open Door\",\"datePublished\":\"2023-09-13T00:02:37+00:00\",\"mainEntityOfPage\":{\"@id\":\"https:\\\/\\\/noticiasmercedinas.com\\\/site\\\/2023\\\/09\\\/12\\\/se-inauguro-una-nueva-oficina-del-registro-de-las-personas-en-open-door\\\/\"},\"wordCount\":295,\"publisher\":{\"@id\":\"https:\\\/\\\/noticiasmercedinas.com\\\/site\\\/#organization\"},\"image\":{\"@id\":\"https:\\\/\\\/noticiasmercedinas.com\\\/site\\\/2023\\\/09\\\/12\\\/se-inauguro-una-nueva-oficina-del-registro-de-las-personas-en-open-door\\\/#primaryimage\"},\"thumbnailUrl\":\"https:\\\/\\\/noticiasmercedinas.com\\\/site\\\/wp-content\\\/uploads\\\/2023\\\/09\\\/WhatsApp-Image-2023-09-12-at-12.10.17-1.jpeg\",\"keywords\":[\"Leo Boto\",\"lujan\",\"Open Door\",\"registro de las personas\"],\"articleSection\":[\"Regionales\"],\"inLanguage\":\"es\"},{\"@type\":\"WebPage\",\"@id\":\"https:\\\/\\\/noticiasmercedinas.com\\\/site\\\/2023\\\/09\\\/12\\\/se-inauguro-una-nueva-oficina-del-registro-de-las-personas-en-open-door\\\/\",\"url\":\"https:\\\/\\\/noticiasmercedinas.com\\\/site\\\/2023\\\/09\\\/12\\\/se-inauguro-una-nueva-oficina-del-registro-de-las-personas-en-open-door\\\/\",\"name\":\"Se inaugur\u00f3 una nueva oficina del Registro de las Personas en Open Door\",\"isPartOf\":{\"@id\":\"https:\\\/\\\/noticiasmercedinas.com\\\/site\\\/#website\"},\"primaryImageOfPage\":{\"@id\":\"https:\\\/\\\/noticiasmercedinas.com\\\/site\\\/2023\\\/09\\\/12\\\/se-inauguro-una-nueva-oficina-del-registro-de-las-personas-en-open-door\\\/#primaryimage\"},\"image\":{\"@id\":\"https:\\\/\\\/noticiasmercedinas.com\\\/site\\\/2023\\\/09\\\/12\\\/se-inauguro-una-nueva-oficina-del-registro-de-las-personas-en-open-door\\\/#primaryimage\"},\"thumbnailUrl\":\"https:\\\/\\\/noticiasmercedinas.com\\\/site\\\/wp-content\\\/uploads\\\/2023\\\/09\\\/WhatsApp-Image-2023-09-12-at-12.10.17-1.jpeg\",\"datePublished\":\"2023-09-13T00:02:37+00:00\",\"breadcrumb\":{\"@id\":\"https:\\\/\\\/noticiasmercedinas.com\\\/site\\\/2023\\\/09\\\/12\\\/se-inauguro-una-nueva-oficina-del-registro-de-las-personas-en-open-door\\\/#breadcrumb\"},\"inLanguage\":\"es\",\"potentialAction\":[{\"@type\":\"ReadAction\",\"target\":[\"https:\\\/\\\/noticiasmercedinas.com\\\/site\\\/2023\\\/09\\\/12\\\/se-inauguro-una-nueva-oficina-del-registro-de-las-personas-en-open-door\\\/\"]}]},{\"@type\":\"ImageObject\",\"inLanguage\":\"es\",\"@id\":\"https:\\\/\\\/noticiasmercedinas.com\\\/site\\\/2023\\\/09\\\/12\\\/se-inauguro-una-nueva-oficina-del-registro-de-las-personas-en-open-door\\\/#primaryimage\",\"url\":\"https:\\\/\\\/noticiasmercedinas.com\\\/site\\\/wp-content\\\/uploads\\\/2023\\\/09\\\/WhatsApp-Image-2023-09-12-at-12.10.17-1.jpeg\",\"contentUrl\":\"https:\\\/\\\/noticiasmercedinas.com\\\/site\\\/wp-content\\\/uploads\\\/2023\\\/09\\\/WhatsApp-Image-2023-09-12-at-12.10.17-1.jpeg\",\"width\":743,\"height\":530},{\"@type\":\"BreadcrumbList\",\"@id\":\"https:\\\/\\\/noticiasmercedinas.com\\\/site\\\/2023\\\/09\\\/12\\\/se-inauguro-una-nueva-oficina-del-registro-de-las-personas-en-open-door\\\/#breadcrumb\",\"itemListElement\":[{\"@type\":\"ListItem\",\"position\":1,\"name\":\"Portada\",\"item\":\"https:\\\/\\\/noticiasmercedinas.com\\\/site\\\/\"},{\"@type\":\"ListItem\",\"position\":2,\"name\":\"Se inaugur\u00f3 una nueva oficina del Registro de las Personas en Open Door\"}]},{\"@type\":\"WebSite\",\"@id\":\"https:\\\/\\\/noticiasmercedinas.com\\\/site\\\/#website\",\"url\":\"https:\\\/\\\/noticiasmercedinas.com\\\/site\\\/\",\"name\":\"NOTICIASMERCEDINAS.COM\",\"description\":\"Mercedes, Buenos Aires, Argentina\",\"publisher\":{\"@id\":\"https:\\\/\\\/noticiasmercedinas.com\\\/site\\\/#organization\"},\"potentialAction\":[{\"@type\":\"SearchAction\",\"target\":{\"@type\":\"EntryPoint\",\"urlTemplate\":\"https:\\\/\\\/noticiasmercedinas.com\\\/site\\\/?s={search_term_string}\"},\"query-input\":{\"@type\":\"PropertyValueSpecification\",\"valueRequired\":true,\"valueName\":\"search_term_string\"}}],\"inLanguage\":\"es\"},{\"@type\":\"Organization\",\"@id\":\"https:\\\/\\\/noticiasmercedinas.com\\\/site\\\/#organization\",\"name\":\"NOTICIASMERCEDINAS.COM\",\"url\":\"https:\\\/\\\/noticiasmercedinas.com\\\/site\\\/\",\"logo\":{\"@type\":\"ImageObject\",\"inLanguage\":\"es\",\"@id\":\"https:\\\/\\\/noticiasmercedinas.com\\\/site\\\/#\\\/schema\\\/logo\\\/image\\\/\",\"url\":\"https:\\\/\\\/noticiasmercedinas.com\\\/site\\\/wp-content\\\/uploads\\\/2020\\\/06\\\/LOGO-512.jpg\",\"contentUrl\":\"https:\\\/\\\/noticiasmercedinas.com\\\/site\\\/wp-content\\\/uploads\\\/2020\\\/06\\\/LOGO-512.jpg\",\"width\":512,\"height\":512,\"caption\":\"NOTICIASMERCEDINAS.COM\"},\"image\":{\"@id\":\"https:\\\/\\\/noticiasmercedinas.com\\\/site\\\/#\\\/schema\\\/logo\\\/image\\\/\"},\"sameAs\":[\"https:\\\/\\\/www.facebook.com\\\/noticiasmercedinas\\\/\",\"https:\\\/\\\/x.com\\\/notmercedinas\",\"https:\\\/\\\/www.instagram.com\\\/noticiasmercedinas\\\/\"]},{\"@type\":\"Person\",\"@id\":\"https:\\\/\\\/noticiasmercedinas.com\\\/site\\\/#\\\/schema\\\/person\\\/84b59c099c28ff2e8b77d4ceec5d8063\",\"name\":\"NOTICIASMERCEDINAS.COM\",\"image\":{\"@type\":\"ImageObject\",\"inLanguage\":\"es\",\"@id\":\"https:\\\/\\\/secure.gravatar.com\\\/avatar\\\/4dfbf16b4d17945bfb6341b2d19043457132fcf478a5ee04f42e959fd8f5df0a?s=96&d=mm&r=g\",\"url\":\"https:\\\/\\\/secure.gravatar.com\\\/avatar\\\/4dfbf16b4d17945bfb6341b2d19043457132fcf478a5ee04f42e959fd8f5df0a?s=96&d=mm&r=g\",\"contentUrl\":\"https:\\\/\\\/secure.gravatar.com\\\/avatar\\\/4dfbf16b4d17945bfb6341b2d19043457132fcf478a5ee04f42e959fd8f5df0a?s=96&d=mm&r=g\",\"caption\":\"NOTICIASMERCEDINAS.COM\"},\"url\":\"https:\\\/\\\/noticiasmercedinas.com\\\/site\\\/author\\\/anonimo\\\/\"}]}<\/script>\n<!-- \/ Yoast SEO plugin. -->","yoast_head_json":{"title":"Se inaugur\u00f3 una nueva oficina del Registro de las Personas en Open Door","robots":{"index":"index","follow":"follow","max-snippet":"max-snippet:-1","max-image-preview":"max-image-preview:large","max-video-preview":"max-video-preview:-1"},"canonical":"https:\/\/noticiasmercedinas.com\/site\/2023\/09\/12\/se-inauguro-una-nueva-oficina-del-registro-de-las-personas-en-open-door\/","og_locale":"es_ES","og_type":"article","og_title":"Se inaugur\u00f3 una nueva oficina del Registro de las Personas en Open Door","og_description":"\u25a0 La ministra Alvarez Rodr\u00edguez y el intendente Boto inauguraron el nuevo espacio ubicado en el centro comunitario de la localidad.","og_url":"https:\/\/noticiasmercedinas.com\/site\/2023\/09\/12\/se-inauguro-una-nueva-oficina-del-registro-de-las-personas-en-open-door\/","og_site_name":"NOTICIASMERCEDINAS.COM","article_publisher":"https:\/\/www.facebook.com\/noticiasmercedinas\/","article_published_time":"2023-09-13T00:02:37+00:00","og_image":[{"width":743,"height":530,"url":"https:\/\/noticiasmercedinas.com\/site\/wp-content\/uploads\/2023\/09\/WhatsApp-Image-2023-09-12-at-12.10.17-1.jpeg","type":"image\/jpeg"}],"author":"NOTICIASMERCEDINAS.COM","twitter_card":"summary_large_image","twitter_creator":"@notmercedinas","twitter_site":"@notmercedinas","twitter_misc":{"Escrito por":"NOTICIASMERCEDINAS.COM","Tiempo de lectura":"2 minutos"},"schema":{"@context":"https:\/\/schema.org","@graph":[{"@type":"Article","@id":"https:\/\/noticiasmercedinas.com\/site\/2023\/09\/12\/se-inauguro-una-nueva-oficina-del-registro-de-las-personas-en-open-door\/#article","isPartOf":{"@id":"https:\/\/noticiasmercedinas.com\/site\/2023\/09\/12\/se-inauguro-una-nueva-oficina-del-registro-de-las-personas-en-open-door\/"},"author":{"name":"NOTICIASMERCEDINAS.COM","@id":"https:\/\/noticiasmercedinas.com\/site\/#\/schema\/person\/84b59c099c28ff2e8b77d4ceec5d8063"},"headline":"Se inaugur\u00f3 una nueva oficina del Registro de las Personas en Open Door","datePublished":"2023-09-13T00:02:37+00:00","mainEntityOfPage":{"@id":"https:\/\/noticiasmercedinas.com\/site\/2023\/09\/12\/se-inauguro-una-nueva-oficina-del-registro-de-las-personas-en-open-door\/"},"wordCount":295,"publisher":{"@id":"https:\/\/noticiasmercedinas.com\/site\/#organization"},"image":{"@id":"https:\/\/noticiasmercedinas.com\/site\/2023\/09\/12\/se-inauguro-una-nueva-oficina-del-registro-de-las-personas-en-open-door\/#primaryimage"},"thumbnailUrl":"https:\/\/noticiasmercedinas.com\/site\/wp-content\/uploads\/2023\/09\/WhatsApp-Image-2023-09-12-at-12.10.17-1.jpeg","keywords":["Leo Boto","lujan","Open Door","registro de las personas"],"articleSection":["Regionales"],"inLanguage":"es"},{"@type":"WebPage","@id":"https:\/\/noticiasmercedinas.com\/site\/2023\/09\/12\/se-inauguro-una-nueva-oficina-del-registro-de-las-personas-en-open-door\/","url":"https:\/\/noticiasmercedinas.com\/site\/2023\/09\/12\/se-inauguro-una-nueva-oficina-del-registro-de-las-personas-en-open-door\/","name":"Se inaugur\u00f3 una nueva oficina del Registro de las Personas en Open Door","isPartOf":{"@id":"https:\/\/noticiasmercedinas.com\/site\/#website"},"primaryImageOfPage":{"@id":"https:\/\/noticiasmercedinas.com\/site\/2023\/09\/12\/se-inauguro-una-nueva-oficina-del-registro-de-las-personas-en-open-door\/#primaryimage"},"image":{"@id":"https:\/\/noticiasmercedinas.com\/site\/2023\/09\/12\/se-inauguro-una-nueva-oficina-del-registro-de-las-personas-en-open-door\/#primaryimage"},"thumbnailUrl":"https:\/\/noticiasmercedinas.com\/site\/wp-content\/uploads\/2023\/09\/WhatsApp-Image-2023-09-12-at-12.10.17-1.jpeg","datePublished":"2023-09-13T00:02:37+00:00","breadcrumb":{"@id":"https:\/\/noticiasmercedinas.com\/site\/2023\/09\/12\/se-inauguro-una-nueva-oficina-del-registro-de-las-personas-en-open-door\/#breadcrumb"},"inLanguage":"es","potentialAction":[{"@type":"ReadAction","target":["https:\/\/noticiasmercedinas.com\/site\/2023\/09\/12\/se-inauguro-una-nueva-oficina-del-registro-de-las-personas-en-open-door\/"]}]},{"@type":"ImageObject","inLanguage":"es","@id":"https:\/\/noticiasmercedinas.com\/site\/2023\/09\/12\/se-inauguro-una-nueva-oficina-del-registro-de-las-personas-en-open-door\/#primaryimage","url":"https:\/\/noticiasmercedinas.com\/site\/wp-content\/uploads\/2023\/09\/WhatsApp-Image-2023-09-12-at-12.10.17-1.jpeg","contentUrl":"https:\/\/noticiasmercedinas.com\/site\/wp-content\/uploads\/2023\/09\/WhatsApp-Image-2023-09-12-at-12.10.17-1.jpeg","width":743,"height":530},{"@type":"BreadcrumbList","@id":"https:\/\/noticiasmercedinas.com\/site\/2023\/09\/12\/se-inauguro-una-nueva-oficina-del-registro-de-las-personas-en-open-door\/#breadcrumb","itemListElement":[{"@type":"ListItem","position":1,"name":"Portada","item":"https:\/\/noticiasmercedinas.com\/site\/"},{"@type":"ListItem","position":2,"name":"Se inaugur\u00f3 una nueva oficina del Registro de las Personas en Open Door"}]},{"@type":"WebSite","@id":"https:\/\/noticiasmercedinas.com\/site\/#website","url":"https:\/\/noticiasmercedinas.com\/site\/","name":"NOTICIASMERCEDINAS.COM","description":"Mercedes, Buenos Aires, Argentina","publisher":{"@id":"https:\/\/noticiasmercedinas.com\/site\/#organization"},"potentialAction":[{"@type":"SearchAction","target":{"@type":"EntryPoint","urlTemplate":"https:\/\/noticiasmercedinas.com\/site\/?s={search_term_string}"},"query-input":{"@type":"PropertyValueSpecification","valueRequired":true,"valueName":"search_term_string"}}],"inLanguage":"es"},{"@type":"Organization","@id":"https:\/\/noticiasmercedinas.com\/site\/#organization","name":"NOTICIASMERCEDINAS.COM","url":"https:\/\/noticiasmercedinas.com\/site\/","logo":{"@type":"ImageObject","inLanguage":"es","@id":"https:\/\/noticiasmercedinas.com\/site\/#\/schema\/logo\/image\/","url":"https:\/\/noticiasmercedinas.com\/site\/wp-content\/uploads\/2020\/06\/LOGO-512.jpg","contentUrl":"https:\/\/noticiasmercedinas.com\/site\/wp-content\/uploads\/2020\/06\/LOGO-512.jpg","width":512,"height":512,"caption":"NOTICIASMERCEDINAS.COM"},"image":{"@id":"https:\/\/noticiasmercedinas.com\/site\/#\/schema\/logo\/image\/"},"sameAs":["https:\/\/www.facebook.com\/noticiasmercedinas\/","https:\/\/x.com\/notmercedinas","https:\/\/www.instagram.com\/noticiasmercedinas\/"]},{"@type":"Person","@id":"https:\/\/noticiasmercedinas.com\/site\/#\/schema\/person\/84b59c099c28ff2e8b77d4ceec5d8063","name":"NOTICIASMERCEDINAS.COM","image":{"@type":"ImageObject","inLanguage":"es","@id":"https:\/\/secure.gravatar.com\/avatar\/4dfbf16b4d17945bfb6341b2d19043457132fcf478a5ee04f42e959fd8f5df0a?s=96&d=mm&r=g","url":"https:\/\/secure.gravatar.com\/avatar\/4dfbf16b4d17945bfb6341b2d19043457132fcf478a5ee04f42e959fd8f5df0a?s=96&d=mm&r=g","contentUrl":"https:\/\/secure.gravatar.com\/avatar\/4dfbf16b4d17945bfb6341b2d19043457132fcf478a5ee04f42e959fd8f5df0a?s=96&d=mm&r=g","caption":"NOTICIASMERCEDINAS.COM"},"url":"https:\/\/noticiasmercedinas.com\/site\/author\/anonimo\/"}]}},"amp_enabled":true,"_links":{"self":[{"href":"https:\/\/noticiasmercedinas.com\/site\/wp-json\/wp\/v2\/posts\/122619","targetHints":{"allow":["GET"]}}],"collection":[{"href":"https:\/\/noticiasmercedinas.com\/site\/wp-json\/wp\/v2\/posts"}],"about":[{"href":"https:\/\/noticiasmercedinas.com\/site\/wp-json\/wp\/v2\/types\/post"}],"author":[{"embeddable":true,"href":"https:\/\/noticiasmercedinas.com\/site\/wp-json\/wp\/v2\/users\/16"}],"replies":[{"embeddable":true,"href":"https:\/\/noticiasmercedinas.com\/site\/wp-json\/wp\/v2\/comments?post=122619"}],"version-history":[{"count":1,"href":"https:\/\/noticiasmercedinas.com\/site\/wp-json\/wp\/v2\/posts\/122619\/revisions"}],"predecessor-version":[{"id":122621,"href":"https:\/\/noticiasmercedinas.com\/site\/wp-json\/wp\/v2\/posts\/122619\/revisions\/122621"}],"wp:featuredmedia":[{"embeddable":true,"href":"https:\/\/noticiasmercedinas.com\/site\/wp-json\/wp\/v2\/media\/122620"}],"wp:attachment":[{"href":"https:\/\/noticiasmercedinas.com\/site\/wp-json\/wp\/v2\/media?parent=122619"}],"wp:term":[{"taxonomy":"category","embeddable":true,"href":"https:\/\/noticiasmercedinas.com\/site\/wp-json\/wp\/v2\/categories?post=122619"},{"taxonomy":"post_tag","embeddable":true,"href":"https:\/\/noticiasmercedinas.com\/site\/wp-json\/wp\/v2\/tags?post=122619"}],"curies":[{"name":"wp","href":"https:\/\/api.w.org\/{rel}","templated":true}]}}