{"id":122633,"date":"2023-09-13T08:56:04","date_gmt":"2023-09-13T11:56:04","guid":{"rendered":"https:\/\/noticiasmercedinas.com\/site\/?p=122633"},"modified":"2023-09-13T08:56:04","modified_gmt":"2023-09-13T11:56:04","slug":"joaquin-de-la-torre-regresa-a-mercedes-en-apoyo-a-evangelina-cabral-rumbo-a-las-elecciones-de-octubre","status":"publish","type":"post","link":"https:\/\/noticiasmercedinas.com\/site\/2023\/09\/13\/joaquin-de-la-torre-regresa-a-mercedes-en-apoyo-a-evangelina-cabral-rumbo-a-las-elecciones-de-octubre\/","title":{"rendered":"Joaqu\u00edn de la Torre regresa a Mercedes en apoyo a Evangelina Cabral rumbo a las elecciones de octubre"},"content":{"rendered":"<p><img loading=\"lazy\" decoding=\"async\" class=\"alignnone size-full wp-image-122635\" src=\"https:\/\/noticiasmercedinas.com\/site\/wp-content\/uploads\/2023\/09\/JDLT.jpg\" alt=\"\" width=\"640\" height=\"459\" srcset=\"https:\/\/noticiasmercedinas.com\/site\/wp-content\/uploads\/2023\/09\/JDLT.jpg 640w, https:\/\/noticiasmercedinas.com\/site\/wp-content\/uploads\/2023\/09\/JDLT-300x215.jpg 300w\" sizes=\"auto, (max-width: 640px) 100vw, 640px\" \/><\/p>\n<p>El destacado dirigente <strong>Joaqu\u00edn de la Torre<\/strong> retorna a la ciudad de Mercedes para respaldar la candidatura de <strong>Evangelina Cabral<\/strong>, quien busca la intendencia de la ciudad en las elecciones generales que tendr\u00e1n lugar este pr\u00f3ximo mes de octubre. El encuentro se llevar\u00e1 a cabo este mi\u00e9rcoles, y el dirigente estar\u00e1 presente para reunirse con referentes de Juntos por el Cambio y fortalecer el apoyo a la lista local.<\/p>\n<p>La llegada de Joaqu\u00edn de la Torre est\u00e1 programada para las 16:00 horas en la ciudad, donde se llevar\u00e1 a cabo una reuni\u00f3n con militantes de Juntos por el Cambio en el local ubicado en la calle 27, entre 14 y 16, que se ha convertido en el epicentro pol\u00edtico de la campa\u00f1a de Evangelina Cabral.<\/p>\n<p>De la Torre, quien actualmente se desempe\u00f1a como senador provincial por la Provincia de Buenos Aires, cuenta con una destacada trayectoria pol\u00edtica en la regi\u00f3n. Anteriormente, fue intendente del partido bonaerense de San Miguel y ocup\u00f3 los cargos de Ministro de Producci\u00f3n y de Gobierno durante el mandato de <strong>Mar\u00eda Eugenia Vidal<\/strong> en la Provincia de Buenos Aires.<\/p>\n<p>Este a\u00f1o, Joaqu\u00edn de la Torre ha visitado Mercedes en varias ocasiones en apoyo a Cabral y a los candidatos locales, demostrando su compromiso con el proyecto pol\u00edtico de Juntos por el Cambio. Uno de los momentos m\u00e1s destacados fue su visita en compa\u00f1\u00eda de la candidata a presidenta del espacio,<strong> Patricia Bullrich.<\/strong><\/p>\n<p>La presencia de Joaqu\u00edn de la Torre en Mercedes subraya la importancia de las elecciones de octubre y el apoyo decidido a la candidatura de Evangelina Cabral en un proyecto pol\u00edtico que busca llevar adelante un cambio significativo en la ciudad y continuar trabajando en pos de un futuro mejor.<\/p>\n<p><img loading=\"lazy\" decoding=\"async\" class=\"alignnone wp-image-122634\" src=\"https:\/\/noticiasmercedinas.com\/site\/wp-content\/uploads\/2023\/09\/JOAQUIN.jpg\" alt=\"\" width=\"640\" height=\"1138\" srcset=\"https:\/\/noticiasmercedinas.com\/site\/wp-content\/uploads\/2023\/09\/JOAQUIN.jpg 576w, https:\/\/noticiasmercedinas.com\/site\/wp-content\/uploads\/2023\/09\/JOAQUIN-169x300.jpg 169w\" sizes=\"auto, (max-width: 640px) 100vw, 640px\" \/><\/p>\n","protected":false},"excerpt":{"rendered":"<p>\u25a0 El encuentro se llevar\u00e1 a cabo este mi\u00e9rcoles, a las 16.00 horas. El dirigente estar\u00e1 presente para reunirse con referentes de Juntos por el Cambio y fortalecer el apoyo a la lista local.<\/p>\n","protected":false},"author":16,"featured_media":122635,"comment_status":"closed","ping_status":"closed","sticky":false,"template":"","format":"standard","meta":{"footnotes":""},"categories":[16],"tags":[14662,517,17328],"class_list":["post-122633","post","type-post","status-publish","format-standard","has-post-thumbnail","hentry","category-politica","tag-elecciones-2023","tag-evangelina-cabral","tag-joaquin-d-ela-torre"],"yoast_head":"<!-- This site is optimized with the Yoast SEO plugin v27.5 - https:\/\/yoast.com\/product\/yoast-seo-wordpress\/ -->\n<title>Joaqu\u00edn de la Torre regresa a Mercedes en apoyo a Evangelina Cabral rumbo a las elecciones de octubre<\/title>\n<meta name=\"robots\" content=\"index, follow, max-snippet:-1, max-image-preview:large, max-video-preview:-1\" \/>\n<link rel=\"canonical\" href=\"https:\/\/noticiasmercedinas.com\/site\/2023\/09\/13\/joaquin-de-la-torre-regresa-a-mercedes-en-apoyo-a-evangelina-cabral-rumbo-a-las-elecciones-de-octubre\/\" \/>\n<meta property=\"og:locale\" content=\"es_ES\" \/>\n<meta property=\"og:type\" content=\"article\" \/>\n<meta property=\"og:title\" content=\"Joaqu\u00edn de la Torre regresa a Mercedes en apoyo a Evangelina Cabral rumbo a las elecciones de octubre\" \/>\n<meta property=\"og:description\" content=\"\u25a0 El encuentro se llevar\u00e1 a cabo este mi\u00e9rcoles, a las 16.00 horas. El dirigente estar\u00e1 presente para reunirse con referentes de Juntos por el Cambio y fortalecer el apoyo a la lista local.\" \/>\n<meta property=\"og:url\" content=\"https:\/\/noticiasmercedinas.com\/site\/2023\/09\/13\/joaquin-de-la-torre-regresa-a-mercedes-en-apoyo-a-evangelina-cabral-rumbo-a-las-elecciones-de-octubre\/\" \/>\n<meta property=\"og:site_name\" content=\"NOTICIASMERCEDINAS.COM\" \/>\n<meta property=\"article:publisher\" content=\"https:\/\/www.facebook.com\/noticiasmercedinas\/\" \/>\n<meta property=\"article:published_time\" content=\"2023-09-13T11:56:04+00:00\" \/>\n<meta property=\"og:image\" content=\"https:\/\/noticiasmercedinas.com\/site\/wp-content\/uploads\/2023\/09\/JDLT.jpg\" \/>\n\t<meta property=\"og:image:width\" content=\"640\" \/>\n\t<meta property=\"og:image:height\" content=\"459\" \/>\n\t<meta property=\"og:image:type\" content=\"image\/jpeg\" \/>\n<meta name=\"author\" content=\"NOTICIASMERCEDINAS.COM\" \/>\n<meta name=\"twitter:card\" content=\"summary_large_image\" \/>\n<meta name=\"twitter:creator\" content=\"@notmercedinas\" \/>\n<meta name=\"twitter:site\" content=\"@notmercedinas\" \/>\n<meta name=\"twitter:label1\" content=\"Escrito por\" \/>\n\t<meta name=\"twitter:data1\" content=\"NOTICIASMERCEDINAS.COM\" \/>\n\t<meta name=\"twitter:label2\" content=\"Tiempo de lectura\" \/>\n\t<meta name=\"twitter:data2\" content=\"2 minutos\" \/>\n<script type=\"application\/ld+json\" class=\"yoast-schema-graph\">{\"@context\":\"https:\\\/\\\/schema.org\",\"@graph\":[{\"@type\":\"Article\",\"@id\":\"https:\\\/\\\/noticiasmercedinas.com\\\/site\\\/2023\\\/09\\\/13\\\/joaquin-de-la-torre-regresa-a-mercedes-en-apoyo-a-evangelina-cabral-rumbo-a-las-elecciones-de-octubre\\\/#article\",\"isPartOf\":{\"@id\":\"https:\\\/\\\/noticiasmercedinas.com\\\/site\\\/2023\\\/09\\\/13\\\/joaquin-de-la-torre-regresa-a-mercedes-en-apoyo-a-evangelina-cabral-rumbo-a-las-elecciones-de-octubre\\\/\"},\"author\":{\"name\":\"NOTICIASMERCEDINAS.COM\",\"@id\":\"https:\\\/\\\/noticiasmercedinas.com\\\/site\\\/#\\\/schema\\\/person\\\/84b59c099c28ff2e8b77d4ceec5d8063\"},\"headline\":\"Joaqu\u00edn de la Torre regresa a Mercedes en apoyo a Evangelina Cabral rumbo a las elecciones de octubre\",\"datePublished\":\"2023-09-13T11:56:04+00:00\",\"mainEntityOfPage\":{\"@id\":\"https:\\\/\\\/noticiasmercedinas.com\\\/site\\\/2023\\\/09\\\/13\\\/joaquin-de-la-torre-regresa-a-mercedes-en-apoyo-a-evangelina-cabral-rumbo-a-las-elecciones-de-octubre\\\/\"},\"wordCount\":321,\"publisher\":{\"@id\":\"https:\\\/\\\/noticiasmercedinas.com\\\/site\\\/#organization\"},\"image\":{\"@id\":\"https:\\\/\\\/noticiasmercedinas.com\\\/site\\\/2023\\\/09\\\/13\\\/joaquin-de-la-torre-regresa-a-mercedes-en-apoyo-a-evangelina-cabral-rumbo-a-las-elecciones-de-octubre\\\/#primaryimage\"},\"thumbnailUrl\":\"https:\\\/\\\/noticiasmercedinas.com\\\/site\\\/wp-content\\\/uploads\\\/2023\\\/09\\\/JDLT.jpg\",\"keywords\":[\"elecciones 2023\",\"evangelina cabral\",\"joaquin d ela torre\"],\"articleSection\":[\"Politica\"],\"inLanguage\":\"es\"},{\"@type\":\"WebPage\",\"@id\":\"https:\\\/\\\/noticiasmercedinas.com\\\/site\\\/2023\\\/09\\\/13\\\/joaquin-de-la-torre-regresa-a-mercedes-en-apoyo-a-evangelina-cabral-rumbo-a-las-elecciones-de-octubre\\\/\",\"url\":\"https:\\\/\\\/noticiasmercedinas.com\\\/site\\\/2023\\\/09\\\/13\\\/joaquin-de-la-torre-regresa-a-mercedes-en-apoyo-a-evangelina-cabral-rumbo-a-las-elecciones-de-octubre\\\/\",\"name\":\"Joaqu\u00edn de la Torre regresa a Mercedes en apoyo a Evangelina Cabral rumbo a las elecciones de octubre\",\"isPartOf\":{\"@id\":\"https:\\\/\\\/noticiasmercedinas.com\\\/site\\\/#website\"},\"primaryImageOfPage\":{\"@id\":\"https:\\\/\\\/noticiasmercedinas.com\\\/site\\\/2023\\\/09\\\/13\\\/joaquin-de-la-torre-regresa-a-mercedes-en-apoyo-a-evangelina-cabral-rumbo-a-las-elecciones-de-octubre\\\/#primaryimage\"},\"image\":{\"@id\":\"https:\\\/\\\/noticiasmercedinas.com\\\/site\\\/2023\\\/09\\\/13\\\/joaquin-de-la-torre-regresa-a-mercedes-en-apoyo-a-evangelina-cabral-rumbo-a-las-elecciones-de-octubre\\\/#primaryimage\"},\"thumbnailUrl\":\"https:\\\/\\\/noticiasmercedinas.com\\\/site\\\/wp-content\\\/uploads\\\/2023\\\/09\\\/JDLT.jpg\",\"datePublished\":\"2023-09-13T11:56:04+00:00\",\"breadcrumb\":{\"@id\":\"https:\\\/\\\/noticiasmercedinas.com\\\/site\\\/2023\\\/09\\\/13\\\/joaquin-de-la-torre-regresa-a-mercedes-en-apoyo-a-evangelina-cabral-rumbo-a-las-elecciones-de-octubre\\\/#breadcrumb\"},\"inLanguage\":\"es\",\"potentialAction\":[{\"@type\":\"ReadAction\",\"target\":[\"https:\\\/\\\/noticiasmercedinas.com\\\/site\\\/2023\\\/09\\\/13\\\/joaquin-de-la-torre-regresa-a-mercedes-en-apoyo-a-evangelina-cabral-rumbo-a-las-elecciones-de-octubre\\\/\"]}]},{\"@type\":\"ImageObject\",\"inLanguage\":\"es\",\"@id\":\"https:\\\/\\\/noticiasmercedinas.com\\\/site\\\/2023\\\/09\\\/13\\\/joaquin-de-la-torre-regresa-a-mercedes-en-apoyo-a-evangelina-cabral-rumbo-a-las-elecciones-de-octubre\\\/#primaryimage\",\"url\":\"https:\\\/\\\/noticiasmercedinas.com\\\/site\\\/wp-content\\\/uploads\\\/2023\\\/09\\\/JDLT.jpg\",\"contentUrl\":\"https:\\\/\\\/noticiasmercedinas.com\\\/site\\\/wp-content\\\/uploads\\\/2023\\\/09\\\/JDLT.jpg\",\"width\":640,\"height\":459},{\"@type\":\"BreadcrumbList\",\"@id\":\"https:\\\/\\\/noticiasmercedinas.com\\\/site\\\/2023\\\/09\\\/13\\\/joaquin-de-la-torre-regresa-a-mercedes-en-apoyo-a-evangelina-cabral-rumbo-a-las-elecciones-de-octubre\\\/#breadcrumb\",\"itemListElement\":[{\"@type\":\"ListItem\",\"position\":1,\"name\":\"Portada\",\"item\":\"https:\\\/\\\/noticiasmercedinas.com\\\/site\\\/\"},{\"@type\":\"ListItem\",\"position\":2,\"name\":\"Joaqu\u00edn de la Torre regresa a Mercedes en apoyo a Evangelina Cabral rumbo a las elecciones de octubre\"}]},{\"@type\":\"WebSite\",\"@id\":\"https:\\\/\\\/noticiasmercedinas.com\\\/site\\\/#website\",\"url\":\"https:\\\/\\\/noticiasmercedinas.com\\\/site\\\/\",\"name\":\"NOTICIASMERCEDINAS.COM\",\"description\":\"Mercedes, Buenos Aires, Argentina\",\"publisher\":{\"@id\":\"https:\\\/\\\/noticiasmercedinas.com\\\/site\\\/#organization\"},\"potentialAction\":[{\"@type\":\"SearchAction\",\"target\":{\"@type\":\"EntryPoint\",\"urlTemplate\":\"https:\\\/\\\/noticiasmercedinas.com\\\/site\\\/?s={search_term_string}\"},\"query-input\":{\"@type\":\"PropertyValueSpecification\",\"valueRequired\":true,\"valueName\":\"search_term_string\"}}],\"inLanguage\":\"es\"},{\"@type\":\"Organization\",\"@id\":\"https:\\\/\\\/noticiasmercedinas.com\\\/site\\\/#organization\",\"name\":\"NOTICIASMERCEDINAS.COM\",\"url\":\"https:\\\/\\\/noticiasmercedinas.com\\\/site\\\/\",\"logo\":{\"@type\":\"ImageObject\",\"inLanguage\":\"es\",\"@id\":\"https:\\\/\\\/noticiasmercedinas.com\\\/site\\\/#\\\/schema\\\/logo\\\/image\\\/\",\"url\":\"https:\\\/\\\/noticiasmercedinas.com\\\/site\\\/wp-content\\\/uploads\\\/2020\\\/06\\\/LOGO-512.jpg\",\"contentUrl\":\"https:\\\/\\\/noticiasmercedinas.com\\\/site\\\/wp-content\\\/uploads\\\/2020\\\/06\\\/LOGO-512.jpg\",\"width\":512,\"height\":512,\"caption\":\"NOTICIASMERCEDINAS.COM\"},\"image\":{\"@id\":\"https:\\\/\\\/noticiasmercedinas.com\\\/site\\\/#\\\/schema\\\/logo\\\/image\\\/\"},\"sameAs\":[\"https:\\\/\\\/www.facebook.com\\\/noticiasmercedinas\\\/\",\"https:\\\/\\\/x.com\\\/notmercedinas\",\"https:\\\/\\\/www.instagram.com\\\/noticiasmercedinas\\\/\"]},{\"@type\":\"Person\",\"@id\":\"https:\\\/\\\/noticiasmercedinas.com\\\/site\\\/#\\\/schema\\\/person\\\/84b59c099c28ff2e8b77d4ceec5d8063\",\"name\":\"NOTICIASMERCEDINAS.COM\",\"image\":{\"@type\":\"ImageObject\",\"inLanguage\":\"es\",\"@id\":\"https:\\\/\\\/secure.gravatar.com\\\/avatar\\\/4dfbf16b4d17945bfb6341b2d19043457132fcf478a5ee04f42e959fd8f5df0a?s=96&d=mm&r=g\",\"url\":\"https:\\\/\\\/secure.gravatar.com\\\/avatar\\\/4dfbf16b4d17945bfb6341b2d19043457132fcf478a5ee04f42e959fd8f5df0a?s=96&d=mm&r=g\",\"contentUrl\":\"https:\\\/\\\/secure.gravatar.com\\\/avatar\\\/4dfbf16b4d17945bfb6341b2d19043457132fcf478a5ee04f42e959fd8f5df0a?s=96&d=mm&r=g\",\"caption\":\"NOTICIASMERCEDINAS.COM\"},\"url\":\"https:\\\/\\\/noticiasmercedinas.com\\\/site\\\/author\\\/anonimo\\\/\"}]}<\/script>\n<!-- \/ Yoast SEO plugin. -->","yoast_head_json":{"title":"Joaqu\u00edn de la Torre regresa a Mercedes en apoyo a Evangelina Cabral rumbo a las elecciones de octubre","robots":{"index":"index","follow":"follow","max-snippet":"max-snippet:-1","max-image-preview":"max-image-preview:large","max-video-preview":"max-video-preview:-1"},"canonical":"https:\/\/noticiasmercedinas.com\/site\/2023\/09\/13\/joaquin-de-la-torre-regresa-a-mercedes-en-apoyo-a-evangelina-cabral-rumbo-a-las-elecciones-de-octubre\/","og_locale":"es_ES","og_type":"article","og_title":"Joaqu\u00edn de la Torre regresa a Mercedes en apoyo a Evangelina Cabral rumbo a las elecciones de octubre","og_description":"\u25a0 El encuentro se llevar\u00e1 a cabo este mi\u00e9rcoles, a las 16.00 horas. El dirigente estar\u00e1 presente para reunirse con referentes de Juntos por el Cambio y fortalecer el apoyo a la lista local.","og_url":"https:\/\/noticiasmercedinas.com\/site\/2023\/09\/13\/joaquin-de-la-torre-regresa-a-mercedes-en-apoyo-a-evangelina-cabral-rumbo-a-las-elecciones-de-octubre\/","og_site_name":"NOTICIASMERCEDINAS.COM","article_publisher":"https:\/\/www.facebook.com\/noticiasmercedinas\/","article_published_time":"2023-09-13T11:56:04+00:00","og_image":[{"width":640,"height":459,"url":"https:\/\/noticiasmercedinas.com\/site\/wp-content\/uploads\/2023\/09\/JDLT.jpg","type":"image\/jpeg"}],"author":"NOTICIASMERCEDINAS.COM","twitter_card":"summary_large_image","twitter_creator":"@notmercedinas","twitter_site":"@notmercedinas","twitter_misc":{"Escrito por":"NOTICIASMERCEDINAS.COM","Tiempo de lectura":"2 minutos"},"schema":{"@context":"https:\/\/schema.org","@graph":[{"@type":"Article","@id":"https:\/\/noticiasmercedinas.com\/site\/2023\/09\/13\/joaquin-de-la-torre-regresa-a-mercedes-en-apoyo-a-evangelina-cabral-rumbo-a-las-elecciones-de-octubre\/#article","isPartOf":{"@id":"https:\/\/noticiasmercedinas.com\/site\/2023\/09\/13\/joaquin-de-la-torre-regresa-a-mercedes-en-apoyo-a-evangelina-cabral-rumbo-a-las-elecciones-de-octubre\/"},"author":{"name":"NOTICIASMERCEDINAS.COM","@id":"https:\/\/noticiasmercedinas.com\/site\/#\/schema\/person\/84b59c099c28ff2e8b77d4ceec5d8063"},"headline":"Joaqu\u00edn de la Torre regresa a Mercedes en apoyo a Evangelina Cabral rumbo a las elecciones de octubre","datePublished":"2023-09-13T11:56:04+00:00","mainEntityOfPage":{"@id":"https:\/\/noticiasmercedinas.com\/site\/2023\/09\/13\/joaquin-de-la-torre-regresa-a-mercedes-en-apoyo-a-evangelina-cabral-rumbo-a-las-elecciones-de-octubre\/"},"wordCount":321,"publisher":{"@id":"https:\/\/noticiasmercedinas.com\/site\/#organization"},"image":{"@id":"https:\/\/noticiasmercedinas.com\/site\/2023\/09\/13\/joaquin-de-la-torre-regresa-a-mercedes-en-apoyo-a-evangelina-cabral-rumbo-a-las-elecciones-de-octubre\/#primaryimage"},"thumbnailUrl":"https:\/\/noticiasmercedinas.com\/site\/wp-content\/uploads\/2023\/09\/JDLT.jpg","keywords":["elecciones 2023","evangelina cabral","joaquin d ela torre"],"articleSection":["Politica"],"inLanguage":"es"},{"@type":"WebPage","@id":"https:\/\/noticiasmercedinas.com\/site\/2023\/09\/13\/joaquin-de-la-torre-regresa-a-mercedes-en-apoyo-a-evangelina-cabral-rumbo-a-las-elecciones-de-octubre\/","url":"https:\/\/noticiasmercedinas.com\/site\/2023\/09\/13\/joaquin-de-la-torre-regresa-a-mercedes-en-apoyo-a-evangelina-cabral-rumbo-a-las-elecciones-de-octubre\/","name":"Joaqu\u00edn de la Torre regresa a Mercedes en apoyo a Evangelina Cabral rumbo a las elecciones de octubre","isPartOf":{"@id":"https:\/\/noticiasmercedinas.com\/site\/#website"},"primaryImageOfPage":{"@id":"https:\/\/noticiasmercedinas.com\/site\/2023\/09\/13\/joaquin-de-la-torre-regresa-a-mercedes-en-apoyo-a-evangelina-cabral-rumbo-a-las-elecciones-de-octubre\/#primaryimage"},"image":{"@id":"https:\/\/noticiasmercedinas.com\/site\/2023\/09\/13\/joaquin-de-la-torre-regresa-a-mercedes-en-apoyo-a-evangelina-cabral-rumbo-a-las-elecciones-de-octubre\/#primaryimage"},"thumbnailUrl":"https:\/\/noticiasmercedinas.com\/site\/wp-content\/uploads\/2023\/09\/JDLT.jpg","datePublished":"2023-09-13T11:56:04+00:00","breadcrumb":{"@id":"https:\/\/noticiasmercedinas.com\/site\/2023\/09\/13\/joaquin-de-la-torre-regresa-a-mercedes-en-apoyo-a-evangelina-cabral-rumbo-a-las-elecciones-de-octubre\/#breadcrumb"},"inLanguage":"es","potentialAction":[{"@type":"ReadAction","target":["https:\/\/noticiasmercedinas.com\/site\/2023\/09\/13\/joaquin-de-la-torre-regresa-a-mercedes-en-apoyo-a-evangelina-cabral-rumbo-a-las-elecciones-de-octubre\/"]}]},{"@type":"ImageObject","inLanguage":"es","@id":"https:\/\/noticiasmercedinas.com\/site\/2023\/09\/13\/joaquin-de-la-torre-regresa-a-mercedes-en-apoyo-a-evangelina-cabral-rumbo-a-las-elecciones-de-octubre\/#primaryimage","url":"https:\/\/noticiasmercedinas.com\/site\/wp-content\/uploads\/2023\/09\/JDLT.jpg","contentUrl":"https:\/\/noticiasmercedinas.com\/site\/wp-content\/uploads\/2023\/09\/JDLT.jpg","width":640,"height":459},{"@type":"BreadcrumbList","@id":"https:\/\/noticiasmercedinas.com\/site\/2023\/09\/13\/joaquin-de-la-torre-regresa-a-mercedes-en-apoyo-a-evangelina-cabral-rumbo-a-las-elecciones-de-octubre\/#breadcrumb","itemListElement":[{"@type":"ListItem","position":1,"name":"Portada","item":"https:\/\/noticiasmercedinas.com\/site\/"},{"@type":"ListItem","position":2,"name":"Joaqu\u00edn de la Torre regresa a Mercedes en apoyo a Evangelina Cabral rumbo a las elecciones de octubre"}]},{"@type":"WebSite","@id":"https:\/\/noticiasmercedinas.com\/site\/#website","url":"https:\/\/noticiasmercedinas.com\/site\/","name":"NOTICIASMERCEDINAS.COM","description":"Mercedes, Buenos Aires, Argentina","publisher":{"@id":"https:\/\/noticiasmercedinas.com\/site\/#organization"},"potentialAction":[{"@type":"SearchAction","target":{"@type":"EntryPoint","urlTemplate":"https:\/\/noticiasmercedinas.com\/site\/?s={search_term_string}"},"query-input":{"@type":"PropertyValueSpecification","valueRequired":true,"valueName":"search_term_string"}}],"inLanguage":"es"},{"@type":"Organization","@id":"https:\/\/noticiasmercedinas.com\/site\/#organization","name":"NOTICIASMERCEDINAS.COM","url":"https:\/\/noticiasmercedinas.com\/site\/","logo":{"@type":"ImageObject","inLanguage":"es","@id":"https:\/\/noticiasmercedinas.com\/site\/#\/schema\/logo\/image\/","url":"https:\/\/noticiasmercedinas.com\/site\/wp-content\/uploads\/2020\/06\/LOGO-512.jpg","contentUrl":"https:\/\/noticiasmercedinas.com\/site\/wp-content\/uploads\/2020\/06\/LOGO-512.jpg","width":512,"height":512,"caption":"NOTICIASMERCEDINAS.COM"},"image":{"@id":"https:\/\/noticiasmercedinas.com\/site\/#\/schema\/logo\/image\/"},"sameAs":["https:\/\/www.facebook.com\/noticiasmercedinas\/","https:\/\/x.com\/notmercedinas","https:\/\/www.instagram.com\/noticiasmercedinas\/"]},{"@type":"Person","@id":"https:\/\/noticiasmercedinas.com\/site\/#\/schema\/person\/84b59c099c28ff2e8b77d4ceec5d8063","name":"NOTICIASMERCEDINAS.COM","image":{"@type":"ImageObject","inLanguage":"es","@id":"https:\/\/secure.gravatar.com\/avatar\/4dfbf16b4d17945bfb6341b2d19043457132fcf478a5ee04f42e959fd8f5df0a?s=96&d=mm&r=g","url":"https:\/\/secure.gravatar.com\/avatar\/4dfbf16b4d17945bfb6341b2d19043457132fcf478a5ee04f42e959fd8f5df0a?s=96&d=mm&r=g","contentUrl":"https:\/\/secure.gravatar.com\/avatar\/4dfbf16b4d17945bfb6341b2d19043457132fcf478a5ee04f42e959fd8f5df0a?s=96&d=mm&r=g","caption":"NOTICIASMERCEDINAS.COM"},"url":"https:\/\/noticiasmercedinas.com\/site\/author\/anonimo\/"}]}},"amp_enabled":true,"_links":{"self":[{"href":"https:\/\/noticiasmercedinas.com\/site\/wp-json\/wp\/v2\/posts\/122633","targetHints":{"allow":["GET"]}}],"collection":[{"href":"https:\/\/noticiasmercedinas.com\/site\/wp-json\/wp\/v2\/posts"}],"about":[{"href":"https:\/\/noticiasmercedinas.com\/site\/wp-json\/wp\/v2\/types\/post"}],"author":[{"embeddable":true,"href":"https:\/\/noticiasmercedinas.com\/site\/wp-json\/wp\/v2\/users\/16"}],"replies":[{"embeddable":true,"href":"https:\/\/noticiasmercedinas.com\/site\/wp-json\/wp\/v2\/comments?post=122633"}],"version-history":[{"count":1,"href":"https:\/\/noticiasmercedinas.com\/site\/wp-json\/wp\/v2\/posts\/122633\/revisions"}],"predecessor-version":[{"id":122636,"href":"https:\/\/noticiasmercedinas.com\/site\/wp-json\/wp\/v2\/posts\/122633\/revisions\/122636"}],"wp:featuredmedia":[{"embeddable":true,"href":"https:\/\/noticiasmercedinas.com\/site\/wp-json\/wp\/v2\/media\/122635"}],"wp:attachment":[{"href":"https:\/\/noticiasmercedinas.com\/site\/wp-json\/wp\/v2\/media?parent=122633"}],"wp:term":[{"taxonomy":"category","embeddable":true,"href":"https:\/\/noticiasmercedinas.com\/site\/wp-json\/wp\/v2\/categories?post=122633"},{"taxonomy":"post_tag","embeddable":true,"href":"https:\/\/noticiasmercedinas.com\/site\/wp-json\/wp\/v2\/tags?post=122633"}],"curies":[{"name":"wp","href":"https:\/\/api.w.org\/{rel}","templated":true}]}}