{"id":122643,"date":"2023-09-13T09:35:06","date_gmt":"2023-09-13T12:35:06","guid":{"rendered":"https:\/\/noticiasmercedinas.com\/site\/?p=122643"},"modified":"2023-09-13T09:35:06","modified_gmt":"2023-09-13T12:35:06","slug":"tragedia-en-la-ruta-41-joven-de-29-anos-pierde-la-vida-en-san-andres-de-giles","status":"publish","type":"post","link":"https:\/\/noticiasmercedinas.com\/site\/2023\/09\/13\/tragedia-en-la-ruta-41-joven-de-29-anos-pierde-la-vida-en-san-andres-de-giles\/","title":{"rendered":"Tragedia en la Ruta 41: joven de 29 a\u00f1os pierde la vida en San Andr\u00e9s de Giles"},"content":{"rendered":"<p><img loading=\"lazy\" decoding=\"async\" class=\"alignnone size-full wp-image-122644\" src=\"https:\/\/noticiasmercedinas.com\/site\/wp-content\/uploads\/2023\/09\/GILES.webp\" alt=\"\" width=\"696\" height=\"498\" srcset=\"https:\/\/noticiasmercedinas.com\/site\/wp-content\/uploads\/2023\/09\/GILES.webp 696w, https:\/\/noticiasmercedinas.com\/site\/wp-content\/uploads\/2023\/09\/GILES-300x215.webp 300w, https:\/\/noticiasmercedinas.com\/site\/wp-content\/uploads\/2023\/09\/GILES-640x458.webp 640w, https:\/\/noticiasmercedinas.com\/site\/wp-content\/uploads\/2023\/09\/GILES-681x487.webp 681w\" sizes=\"auto, (max-width: 696px) 100vw, 696px\" \/><\/p>\n<p>Una tr\u00e1gica colisi\u00f3n en la Ruta Provincial 41, a la altura del distrito de San Andr\u00e9s de Giles, dej\u00f3 como saldo el fallecimiento de un joven de 29 a\u00f1os en un accidente que involucr\u00f3 a un autom\u00f3vil y un cami\u00f3n.<\/p>\n<p>El fat\u00eddico suceso tuvo lugar la tarde de este lunes en el cruce de la Ruta 41 con la calle Rawson. En ese punto, se produjo una colisi\u00f3n entre un veh\u00edculo de pasajeros, que era conducido por un joven residente de Arrecifes, de tan solo 29 a\u00f1os, y un cami\u00f3n de mayor porte.<\/p>\n<p>Seg\u00fan informes de testigos presenciales, el impacto fue de tal magnitud que el autom\u00f3vil termin\u00f3 posicionado sobre la ruta tras el choque. Desafortunadamente, el conductor del veh\u00edculo de menor tama\u00f1o perdi\u00f3 la vida a consecuencia de las lesiones sufridas en el accidente.<\/p>\n<p>La tragedia provoc\u00f3 la interrupci\u00f3n del tr\u00e1nsito en la zona, lo que llev\u00f3 a la r\u00e1pida respuesta de los bomberos voluntarios, agentes de la Polic\u00eda Comunal y personal del SAME (Servicio de Atenci\u00f3n M\u00e9dica de Emergencia). Adem\u00e1s, el fiscal de turno del Departamento Judicial de Mercedes se hizo presente en el lugar para llevar a cabo las investigaciones correspondientes.<\/p>\n","protected":false},"excerpt":{"rendered":"<p>\u25a0 El fat\u00eddico suceso tuvo lugar la tarde de este lunes en el cruce de la Ruta 41 con la calle Rawson. Peque\u00f1o veh\u00edculo choc\u00f3 contra un cami\u00f3n en la tarde del lunes.<\/p>\n","protected":false},"author":16,"featured_media":122644,"comment_status":"closed","ping_status":"closed","sticky":false,"template":"","format":"standard","meta":{"footnotes":""},"categories":[7],"tags":[6413,185,1656],"class_list":["post-122643","post","type-post","status-publish","format-standard","has-post-thumbnail","hentry","category-policiales","tag-choque","tag-ruta-41","tag-san-andres-de-giles"],"yoast_head":"<!-- This site is optimized with the Yoast SEO plugin v27.5 - https:\/\/yoast.com\/product\/yoast-seo-wordpress\/ -->\n<title>Tragedia en la Ruta 41: joven de 29 a\u00f1os pierde la vida en San Andr\u00e9s de Giles<\/title>\n<meta name=\"robots\" content=\"index, follow, max-snippet:-1, max-image-preview:large, max-video-preview:-1\" \/>\n<link rel=\"canonical\" href=\"https:\/\/noticiasmercedinas.com\/site\/2023\/09\/13\/tragedia-en-la-ruta-41-joven-de-29-anos-pierde-la-vida-en-san-andres-de-giles\/\" \/>\n<meta property=\"og:locale\" content=\"es_ES\" \/>\n<meta property=\"og:type\" content=\"article\" \/>\n<meta property=\"og:title\" content=\"Tragedia en la Ruta 41: joven de 29 a\u00f1os pierde la vida en San Andr\u00e9s de Giles\" \/>\n<meta property=\"og:description\" content=\"\u25a0 El fat\u00eddico suceso tuvo lugar la tarde de este lunes en el cruce de la Ruta 41 con la calle Rawson. Peque\u00f1o veh\u00edculo choc\u00f3 contra un cami\u00f3n en la tarde del lunes.\" \/>\n<meta property=\"og:url\" content=\"https:\/\/noticiasmercedinas.com\/site\/2023\/09\/13\/tragedia-en-la-ruta-41-joven-de-29-anos-pierde-la-vida-en-san-andres-de-giles\/\" \/>\n<meta property=\"og:site_name\" content=\"NOTICIASMERCEDINAS.COM\" \/>\n<meta property=\"article:publisher\" content=\"https:\/\/www.facebook.com\/noticiasmercedinas\/\" \/>\n<meta property=\"article:published_time\" content=\"2023-09-13T12:35:06+00:00\" \/>\n<meta property=\"og:image\" content=\"https:\/\/noticiasmercedinas.com\/site\/wp-content\/uploads\/2023\/09\/GILES.webp\" \/>\n\t<meta property=\"og:image:width\" content=\"696\" \/>\n\t<meta property=\"og:image:height\" content=\"498\" \/>\n\t<meta property=\"og:image:type\" content=\"image\/webp\" \/>\n<meta name=\"author\" content=\"NOTICIASMERCEDINAS.COM\" \/>\n<meta name=\"twitter:card\" content=\"summary_large_image\" \/>\n<meta name=\"twitter:creator\" content=\"@notmercedinas\" \/>\n<meta name=\"twitter:site\" content=\"@notmercedinas\" \/>\n<meta name=\"twitter:label1\" content=\"Escrito por\" \/>\n\t<meta name=\"twitter:data1\" content=\"NOTICIASMERCEDINAS.COM\" \/>\n\t<meta name=\"twitter:label2\" content=\"Tiempo de lectura\" \/>\n\t<meta name=\"twitter:data2\" content=\"2 minutos\" \/>\n<script type=\"application\/ld+json\" class=\"yoast-schema-graph\">{\"@context\":\"https:\\\/\\\/schema.org\",\"@graph\":[{\"@type\":\"Article\",\"@id\":\"https:\\\/\\\/noticiasmercedinas.com\\\/site\\\/2023\\\/09\\\/13\\\/tragedia-en-la-ruta-41-joven-de-29-anos-pierde-la-vida-en-san-andres-de-giles\\\/#article\",\"isPartOf\":{\"@id\":\"https:\\\/\\\/noticiasmercedinas.com\\\/site\\\/2023\\\/09\\\/13\\\/tragedia-en-la-ruta-41-joven-de-29-anos-pierde-la-vida-en-san-andres-de-giles\\\/\"},\"author\":{\"name\":\"NOTICIASMERCEDINAS.COM\",\"@id\":\"https:\\\/\\\/noticiasmercedinas.com\\\/site\\\/#\\\/schema\\\/person\\\/84b59c099c28ff2e8b77d4ceec5d8063\"},\"headline\":\"Tragedia en la Ruta 41: joven de 29 a\u00f1os pierde la vida en San Andr\u00e9s de Giles\",\"datePublished\":\"2023-09-13T12:35:06+00:00\",\"mainEntityOfPage\":{\"@id\":\"https:\\\/\\\/noticiasmercedinas.com\\\/site\\\/2023\\\/09\\\/13\\\/tragedia-en-la-ruta-41-joven-de-29-anos-pierde-la-vida-en-san-andres-de-giles\\\/\"},\"wordCount\":229,\"publisher\":{\"@id\":\"https:\\\/\\\/noticiasmercedinas.com\\\/site\\\/#organization\"},\"image\":{\"@id\":\"https:\\\/\\\/noticiasmercedinas.com\\\/site\\\/2023\\\/09\\\/13\\\/tragedia-en-la-ruta-41-joven-de-29-anos-pierde-la-vida-en-san-andres-de-giles\\\/#primaryimage\"},\"thumbnailUrl\":\"https:\\\/\\\/noticiasmercedinas.com\\\/site\\\/wp-content\\\/uploads\\\/2023\\\/09\\\/GILES.webp\",\"keywords\":[\"choque\",\"ruta 41\",\"san andres de giles\"],\"articleSection\":[\"Seguridad\"],\"inLanguage\":\"es\"},{\"@type\":\"WebPage\",\"@id\":\"https:\\\/\\\/noticiasmercedinas.com\\\/site\\\/2023\\\/09\\\/13\\\/tragedia-en-la-ruta-41-joven-de-29-anos-pierde-la-vida-en-san-andres-de-giles\\\/\",\"url\":\"https:\\\/\\\/noticiasmercedinas.com\\\/site\\\/2023\\\/09\\\/13\\\/tragedia-en-la-ruta-41-joven-de-29-anos-pierde-la-vida-en-san-andres-de-giles\\\/\",\"name\":\"Tragedia en la Ruta 41: joven de 29 a\u00f1os pierde la vida en San Andr\u00e9s de Giles\",\"isPartOf\":{\"@id\":\"https:\\\/\\\/noticiasmercedinas.com\\\/site\\\/#website\"},\"primaryImageOfPage\":{\"@id\":\"https:\\\/\\\/noticiasmercedinas.com\\\/site\\\/2023\\\/09\\\/13\\\/tragedia-en-la-ruta-41-joven-de-29-anos-pierde-la-vida-en-san-andres-de-giles\\\/#primaryimage\"},\"image\":{\"@id\":\"https:\\\/\\\/noticiasmercedinas.com\\\/site\\\/2023\\\/09\\\/13\\\/tragedia-en-la-ruta-41-joven-de-29-anos-pierde-la-vida-en-san-andres-de-giles\\\/#primaryimage\"},\"thumbnailUrl\":\"https:\\\/\\\/noticiasmercedinas.com\\\/site\\\/wp-content\\\/uploads\\\/2023\\\/09\\\/GILES.webp\",\"datePublished\":\"2023-09-13T12:35:06+00:00\",\"breadcrumb\":{\"@id\":\"https:\\\/\\\/noticiasmercedinas.com\\\/site\\\/2023\\\/09\\\/13\\\/tragedia-en-la-ruta-41-joven-de-29-anos-pierde-la-vida-en-san-andres-de-giles\\\/#breadcrumb\"},\"inLanguage\":\"es\",\"potentialAction\":[{\"@type\":\"ReadAction\",\"target\":[\"https:\\\/\\\/noticiasmercedinas.com\\\/site\\\/2023\\\/09\\\/13\\\/tragedia-en-la-ruta-41-joven-de-29-anos-pierde-la-vida-en-san-andres-de-giles\\\/\"]}]},{\"@type\":\"ImageObject\",\"inLanguage\":\"es\",\"@id\":\"https:\\\/\\\/noticiasmercedinas.com\\\/site\\\/2023\\\/09\\\/13\\\/tragedia-en-la-ruta-41-joven-de-29-anos-pierde-la-vida-en-san-andres-de-giles\\\/#primaryimage\",\"url\":\"https:\\\/\\\/noticiasmercedinas.com\\\/site\\\/wp-content\\\/uploads\\\/2023\\\/09\\\/GILES.webp\",\"contentUrl\":\"https:\\\/\\\/noticiasmercedinas.com\\\/site\\\/wp-content\\\/uploads\\\/2023\\\/09\\\/GILES.webp\",\"width\":696,\"height\":498},{\"@type\":\"BreadcrumbList\",\"@id\":\"https:\\\/\\\/noticiasmercedinas.com\\\/site\\\/2023\\\/09\\\/13\\\/tragedia-en-la-ruta-41-joven-de-29-anos-pierde-la-vida-en-san-andres-de-giles\\\/#breadcrumb\",\"itemListElement\":[{\"@type\":\"ListItem\",\"position\":1,\"name\":\"Portada\",\"item\":\"https:\\\/\\\/noticiasmercedinas.com\\\/site\\\/\"},{\"@type\":\"ListItem\",\"position\":2,\"name\":\"Tragedia en la Ruta 41: joven de 29 a\u00f1os pierde la vida en San Andr\u00e9s de Giles\"}]},{\"@type\":\"WebSite\",\"@id\":\"https:\\\/\\\/noticiasmercedinas.com\\\/site\\\/#website\",\"url\":\"https:\\\/\\\/noticiasmercedinas.com\\\/site\\\/\",\"name\":\"NOTICIASMERCEDINAS.COM\",\"description\":\"Mercedes, Buenos Aires, Argentina\",\"publisher\":{\"@id\":\"https:\\\/\\\/noticiasmercedinas.com\\\/site\\\/#organization\"},\"potentialAction\":[{\"@type\":\"SearchAction\",\"target\":{\"@type\":\"EntryPoint\",\"urlTemplate\":\"https:\\\/\\\/noticiasmercedinas.com\\\/site\\\/?s={search_term_string}\"},\"query-input\":{\"@type\":\"PropertyValueSpecification\",\"valueRequired\":true,\"valueName\":\"search_term_string\"}}],\"inLanguage\":\"es\"},{\"@type\":\"Organization\",\"@id\":\"https:\\\/\\\/noticiasmercedinas.com\\\/site\\\/#organization\",\"name\":\"NOTICIASMERCEDINAS.COM\",\"url\":\"https:\\\/\\\/noticiasmercedinas.com\\\/site\\\/\",\"logo\":{\"@type\":\"ImageObject\",\"inLanguage\":\"es\",\"@id\":\"https:\\\/\\\/noticiasmercedinas.com\\\/site\\\/#\\\/schema\\\/logo\\\/image\\\/\",\"url\":\"https:\\\/\\\/noticiasmercedinas.com\\\/site\\\/wp-content\\\/uploads\\\/2020\\\/06\\\/LOGO-512.jpg\",\"contentUrl\":\"https:\\\/\\\/noticiasmercedinas.com\\\/site\\\/wp-content\\\/uploads\\\/2020\\\/06\\\/LOGO-512.jpg\",\"width\":512,\"height\":512,\"caption\":\"NOTICIASMERCEDINAS.COM\"},\"image\":{\"@id\":\"https:\\\/\\\/noticiasmercedinas.com\\\/site\\\/#\\\/schema\\\/logo\\\/image\\\/\"},\"sameAs\":[\"https:\\\/\\\/www.facebook.com\\\/noticiasmercedinas\\\/\",\"https:\\\/\\\/x.com\\\/notmercedinas\",\"https:\\\/\\\/www.instagram.com\\\/noticiasmercedinas\\\/\"]},{\"@type\":\"Person\",\"@id\":\"https:\\\/\\\/noticiasmercedinas.com\\\/site\\\/#\\\/schema\\\/person\\\/84b59c099c28ff2e8b77d4ceec5d8063\",\"name\":\"NOTICIASMERCEDINAS.COM\",\"image\":{\"@type\":\"ImageObject\",\"inLanguage\":\"es\",\"@id\":\"https:\\\/\\\/secure.gravatar.com\\\/avatar\\\/4dfbf16b4d17945bfb6341b2d19043457132fcf478a5ee04f42e959fd8f5df0a?s=96&d=mm&r=g\",\"url\":\"https:\\\/\\\/secure.gravatar.com\\\/avatar\\\/4dfbf16b4d17945bfb6341b2d19043457132fcf478a5ee04f42e959fd8f5df0a?s=96&d=mm&r=g\",\"contentUrl\":\"https:\\\/\\\/secure.gravatar.com\\\/avatar\\\/4dfbf16b4d17945bfb6341b2d19043457132fcf478a5ee04f42e959fd8f5df0a?s=96&d=mm&r=g\",\"caption\":\"NOTICIASMERCEDINAS.COM\"},\"url\":\"https:\\\/\\\/noticiasmercedinas.com\\\/site\\\/author\\\/anonimo\\\/\"}]}<\/script>\n<!-- \/ Yoast SEO plugin. -->","yoast_head_json":{"title":"Tragedia en la Ruta 41: joven de 29 a\u00f1os pierde la vida en San Andr\u00e9s de Giles","robots":{"index":"index","follow":"follow","max-snippet":"max-snippet:-1","max-image-preview":"max-image-preview:large","max-video-preview":"max-video-preview:-1"},"canonical":"https:\/\/noticiasmercedinas.com\/site\/2023\/09\/13\/tragedia-en-la-ruta-41-joven-de-29-anos-pierde-la-vida-en-san-andres-de-giles\/","og_locale":"es_ES","og_type":"article","og_title":"Tragedia en la Ruta 41: joven de 29 a\u00f1os pierde la vida en San Andr\u00e9s de Giles","og_description":"\u25a0 El fat\u00eddico suceso tuvo lugar la tarde de este lunes en el cruce de la Ruta 41 con la calle Rawson. Peque\u00f1o veh\u00edculo choc\u00f3 contra un cami\u00f3n en la tarde del lunes.","og_url":"https:\/\/noticiasmercedinas.com\/site\/2023\/09\/13\/tragedia-en-la-ruta-41-joven-de-29-anos-pierde-la-vida-en-san-andres-de-giles\/","og_site_name":"NOTICIASMERCEDINAS.COM","article_publisher":"https:\/\/www.facebook.com\/noticiasmercedinas\/","article_published_time":"2023-09-13T12:35:06+00:00","og_image":[{"width":696,"height":498,"url":"https:\/\/noticiasmercedinas.com\/site\/wp-content\/uploads\/2023\/09\/GILES.webp","type":"image\/webp"}],"author":"NOTICIASMERCEDINAS.COM","twitter_card":"summary_large_image","twitter_creator":"@notmercedinas","twitter_site":"@notmercedinas","twitter_misc":{"Escrito por":"NOTICIASMERCEDINAS.COM","Tiempo de lectura":"2 minutos"},"schema":{"@context":"https:\/\/schema.org","@graph":[{"@type":"Article","@id":"https:\/\/noticiasmercedinas.com\/site\/2023\/09\/13\/tragedia-en-la-ruta-41-joven-de-29-anos-pierde-la-vida-en-san-andres-de-giles\/#article","isPartOf":{"@id":"https:\/\/noticiasmercedinas.com\/site\/2023\/09\/13\/tragedia-en-la-ruta-41-joven-de-29-anos-pierde-la-vida-en-san-andres-de-giles\/"},"author":{"name":"NOTICIASMERCEDINAS.COM","@id":"https:\/\/noticiasmercedinas.com\/site\/#\/schema\/person\/84b59c099c28ff2e8b77d4ceec5d8063"},"headline":"Tragedia en la Ruta 41: joven de 29 a\u00f1os pierde la vida en San Andr\u00e9s de Giles","datePublished":"2023-09-13T12:35:06+00:00","mainEntityOfPage":{"@id":"https:\/\/noticiasmercedinas.com\/site\/2023\/09\/13\/tragedia-en-la-ruta-41-joven-de-29-anos-pierde-la-vida-en-san-andres-de-giles\/"},"wordCount":229,"publisher":{"@id":"https:\/\/noticiasmercedinas.com\/site\/#organization"},"image":{"@id":"https:\/\/noticiasmercedinas.com\/site\/2023\/09\/13\/tragedia-en-la-ruta-41-joven-de-29-anos-pierde-la-vida-en-san-andres-de-giles\/#primaryimage"},"thumbnailUrl":"https:\/\/noticiasmercedinas.com\/site\/wp-content\/uploads\/2023\/09\/GILES.webp","keywords":["choque","ruta 41","san andres de giles"],"articleSection":["Seguridad"],"inLanguage":"es"},{"@type":"WebPage","@id":"https:\/\/noticiasmercedinas.com\/site\/2023\/09\/13\/tragedia-en-la-ruta-41-joven-de-29-anos-pierde-la-vida-en-san-andres-de-giles\/","url":"https:\/\/noticiasmercedinas.com\/site\/2023\/09\/13\/tragedia-en-la-ruta-41-joven-de-29-anos-pierde-la-vida-en-san-andres-de-giles\/","name":"Tragedia en la Ruta 41: joven de 29 a\u00f1os pierde la vida en San Andr\u00e9s de Giles","isPartOf":{"@id":"https:\/\/noticiasmercedinas.com\/site\/#website"},"primaryImageOfPage":{"@id":"https:\/\/noticiasmercedinas.com\/site\/2023\/09\/13\/tragedia-en-la-ruta-41-joven-de-29-anos-pierde-la-vida-en-san-andres-de-giles\/#primaryimage"},"image":{"@id":"https:\/\/noticiasmercedinas.com\/site\/2023\/09\/13\/tragedia-en-la-ruta-41-joven-de-29-anos-pierde-la-vida-en-san-andres-de-giles\/#primaryimage"},"thumbnailUrl":"https:\/\/noticiasmercedinas.com\/site\/wp-content\/uploads\/2023\/09\/GILES.webp","datePublished":"2023-09-13T12:35:06+00:00","breadcrumb":{"@id":"https:\/\/noticiasmercedinas.com\/site\/2023\/09\/13\/tragedia-en-la-ruta-41-joven-de-29-anos-pierde-la-vida-en-san-andres-de-giles\/#breadcrumb"},"inLanguage":"es","potentialAction":[{"@type":"ReadAction","target":["https:\/\/noticiasmercedinas.com\/site\/2023\/09\/13\/tragedia-en-la-ruta-41-joven-de-29-anos-pierde-la-vida-en-san-andres-de-giles\/"]}]},{"@type":"ImageObject","inLanguage":"es","@id":"https:\/\/noticiasmercedinas.com\/site\/2023\/09\/13\/tragedia-en-la-ruta-41-joven-de-29-anos-pierde-la-vida-en-san-andres-de-giles\/#primaryimage","url":"https:\/\/noticiasmercedinas.com\/site\/wp-content\/uploads\/2023\/09\/GILES.webp","contentUrl":"https:\/\/noticiasmercedinas.com\/site\/wp-content\/uploads\/2023\/09\/GILES.webp","width":696,"height":498},{"@type":"BreadcrumbList","@id":"https:\/\/noticiasmercedinas.com\/site\/2023\/09\/13\/tragedia-en-la-ruta-41-joven-de-29-anos-pierde-la-vida-en-san-andres-de-giles\/#breadcrumb","itemListElement":[{"@type":"ListItem","position":1,"name":"Portada","item":"https:\/\/noticiasmercedinas.com\/site\/"},{"@type":"ListItem","position":2,"name":"Tragedia en la Ruta 41: joven de 29 a\u00f1os pierde la vida en San Andr\u00e9s de Giles"}]},{"@type":"WebSite","@id":"https:\/\/noticiasmercedinas.com\/site\/#website","url":"https:\/\/noticiasmercedinas.com\/site\/","name":"NOTICIASMERCEDINAS.COM","description":"Mercedes, Buenos Aires, Argentina","publisher":{"@id":"https:\/\/noticiasmercedinas.com\/site\/#organization"},"potentialAction":[{"@type":"SearchAction","target":{"@type":"EntryPoint","urlTemplate":"https:\/\/noticiasmercedinas.com\/site\/?s={search_term_string}"},"query-input":{"@type":"PropertyValueSpecification","valueRequired":true,"valueName":"search_term_string"}}],"inLanguage":"es"},{"@type":"Organization","@id":"https:\/\/noticiasmercedinas.com\/site\/#organization","name":"NOTICIASMERCEDINAS.COM","url":"https:\/\/noticiasmercedinas.com\/site\/","logo":{"@type":"ImageObject","inLanguage":"es","@id":"https:\/\/noticiasmercedinas.com\/site\/#\/schema\/logo\/image\/","url":"https:\/\/noticiasmercedinas.com\/site\/wp-content\/uploads\/2020\/06\/LOGO-512.jpg","contentUrl":"https:\/\/noticiasmercedinas.com\/site\/wp-content\/uploads\/2020\/06\/LOGO-512.jpg","width":512,"height":512,"caption":"NOTICIASMERCEDINAS.COM"},"image":{"@id":"https:\/\/noticiasmercedinas.com\/site\/#\/schema\/logo\/image\/"},"sameAs":["https:\/\/www.facebook.com\/noticiasmercedinas\/","https:\/\/x.com\/notmercedinas","https:\/\/www.instagram.com\/noticiasmercedinas\/"]},{"@type":"Person","@id":"https:\/\/noticiasmercedinas.com\/site\/#\/schema\/person\/84b59c099c28ff2e8b77d4ceec5d8063","name":"NOTICIASMERCEDINAS.COM","image":{"@type":"ImageObject","inLanguage":"es","@id":"https:\/\/secure.gravatar.com\/avatar\/4dfbf16b4d17945bfb6341b2d19043457132fcf478a5ee04f42e959fd8f5df0a?s=96&d=mm&r=g","url":"https:\/\/secure.gravatar.com\/avatar\/4dfbf16b4d17945bfb6341b2d19043457132fcf478a5ee04f42e959fd8f5df0a?s=96&d=mm&r=g","contentUrl":"https:\/\/secure.gravatar.com\/avatar\/4dfbf16b4d17945bfb6341b2d19043457132fcf478a5ee04f42e959fd8f5df0a?s=96&d=mm&r=g","caption":"NOTICIASMERCEDINAS.COM"},"url":"https:\/\/noticiasmercedinas.com\/site\/author\/anonimo\/"}]}},"amp_enabled":true,"_links":{"self":[{"href":"https:\/\/noticiasmercedinas.com\/site\/wp-json\/wp\/v2\/posts\/122643","targetHints":{"allow":["GET"]}}],"collection":[{"href":"https:\/\/noticiasmercedinas.com\/site\/wp-json\/wp\/v2\/posts"}],"about":[{"href":"https:\/\/noticiasmercedinas.com\/site\/wp-json\/wp\/v2\/types\/post"}],"author":[{"embeddable":true,"href":"https:\/\/noticiasmercedinas.com\/site\/wp-json\/wp\/v2\/users\/16"}],"replies":[{"embeddable":true,"href":"https:\/\/noticiasmercedinas.com\/site\/wp-json\/wp\/v2\/comments?post=122643"}],"version-history":[{"count":1,"href":"https:\/\/noticiasmercedinas.com\/site\/wp-json\/wp\/v2\/posts\/122643\/revisions"}],"predecessor-version":[{"id":122645,"href":"https:\/\/noticiasmercedinas.com\/site\/wp-json\/wp\/v2\/posts\/122643\/revisions\/122645"}],"wp:featuredmedia":[{"embeddable":true,"href":"https:\/\/noticiasmercedinas.com\/site\/wp-json\/wp\/v2\/media\/122644"}],"wp:attachment":[{"href":"https:\/\/noticiasmercedinas.com\/site\/wp-json\/wp\/v2\/media?parent=122643"}],"wp:term":[{"taxonomy":"category","embeddable":true,"href":"https:\/\/noticiasmercedinas.com\/site\/wp-json\/wp\/v2\/categories?post=122643"},{"taxonomy":"post_tag","embeddable":true,"href":"https:\/\/noticiasmercedinas.com\/site\/wp-json\/wp\/v2\/tags?post=122643"}],"curies":[{"name":"wp","href":"https:\/\/api.w.org\/{rel}","templated":true}]}}