{"id":122817,"date":"2023-09-16T09:45:20","date_gmt":"2023-09-16T12:45:20","guid":{"rendered":"https:\/\/noticiasmercedinas.com\/site\/?p=122817"},"modified":"2023-09-16T09:45:20","modified_gmt":"2023-09-16T12:45:20","slug":"nuevas-rutas-ferroviarias-plantean-que-mercedes-y-navarro-esten-conectadas-por-tren","status":"publish","type":"post","link":"https:\/\/noticiasmercedinas.com\/site\/2023\/09\/16\/nuevas-rutas-ferroviarias-plantean-que-mercedes-y-navarro-esten-conectadas-por-tren\/","title":{"rendered":"Nuevas rutas ferroviarias: plantean que Mercedes y Navarro est\u00e9n conectadas por tren"},"content":{"rendered":"<p><img loading=\"lazy\" decoding=\"async\" class=\"alignnone size-large wp-image-115666\" src=\"https:\/\/noticiasmercedinas.com\/site\/wp-content\/uploads\/2023\/05\/Tren11-1024x682.jpg\" alt=\"\" width=\"640\" height=\"426\" srcset=\"https:\/\/noticiasmercedinas.com\/site\/wp-content\/uploads\/2023\/05\/Tren11-1024x682.jpg 1024w, https:\/\/noticiasmercedinas.com\/site\/wp-content\/uploads\/2023\/05\/Tren11-300x200.jpg 300w, https:\/\/noticiasmercedinas.com\/site\/wp-content\/uploads\/2023\/05\/Tren11-768x512.jpg 768w, https:\/\/noticiasmercedinas.com\/site\/wp-content\/uploads\/2023\/05\/Tren11-640x427.jpg 640w, https:\/\/noticiasmercedinas.com\/site\/wp-content\/uploads\/2023\/05\/Tren11-1280x853.jpg 1280w, https:\/\/noticiasmercedinas.com\/site\/wp-content\/uploads\/2023\/05\/Tren11-681x454.jpg 681w, https:\/\/noticiasmercedinas.com\/site\/wp-content\/uploads\/2023\/05\/Tren11.jpg 1319w\" sizes=\"auto, (max-width: 640px) 100vw, 640px\" \/><\/p>\n<p>El Ministerio de Transporte de la Naci\u00f3n ha emitido la <a href=\"https:\/\/www.boletinoficial.gob.ar\/detalleAviso\/primera\/294139\/20230914\">Resoluci\u00f3n 515\/2023<\/a>, que tiene el potencial de transformar el panorama del transporte en la provincia de Buenos Aires.<\/p>\n<p>Esta medida asigna a la Operadora Ferroviaria Sociedad del Estado la operaci\u00f3n de un servicio experimental de transporte ferroviario de pasajeros que conectar\u00e1 las estaciones Gonz\u00e1lez Cat\u00e1n y Mercedes, as\u00ed como Gonz\u00e1lez Cat\u00e1n y Navarro, en la L\u00ednea Belgrano Sur.<\/p>\n<p>La decisi\u00f3n del Ministerio de Transporte tiene un alcance significativo, ya que busca cumplir con los objetivos trazados por la Ley Nacional de Reordenamiento de la Actividad Ferroviaria N\u00b0 26.352, que promueve la reactivaci\u00f3n de los ferrocarriles de pasajeros y de cargas, la renovaci\u00f3n de la infraestructura ferroviaria y la modernizaci\u00f3n del sistema de transporte p\u00fablico ferroviario.<\/p>\n<p>Entre los principales cambios que se esperan con esta medida se encuentran:<\/p>\n<ol>\n<li><strong>Mayor Conectividad:<\/strong> La nueva l\u00ednea ferroviaria proporcionar\u00e1 a los habitantes de Gonz\u00e1lez Cat\u00e1n, Mercedes y Navarro una opci\u00f3n de transporte eficiente y econ\u00f3mica para desplazarse entre estas localidades y la Ciudad Aut\u00f3noma de Buenos Aires. En particular, se destacan los beneficios para los m\u00e1s de 76,000 habitantes de los Partidos de Marcos Paz y General Las Heras.<\/li>\n<li><strong>Est\u00edmulo al Turismo:<\/strong> La regi\u00f3n entre Mercedes y Jofre cuenta con atractivos tur\u00edsticos propios, incluyendo una variada oferta gastron\u00f3mica en las cercan\u00edas de las estaciones \u00abTom\u00e1s Jofr\u00e9\u00bb y \u00abMercedes.\u00bb La llegada del servicio ferroviario tiene el potencial de impulsar el turismo y atraer a m\u00e1s visitantes durante los fines de semana.<\/li>\n<li><strong>Alternativa al Tr\u00e1fico Automotor:<\/strong> En \u00e1reas donde el tr\u00e1fico automotor tiende a sobrecargarse en las rutas existentes, la reactivaci\u00f3n del servicio ferroviario ofrece una soluci\u00f3n de movilidad m\u00e1s eficiente, contribuyendo a aliviar la congesti\u00f3n vehicular.<\/li>\n<li><strong>Tarifas Asequibles:<\/strong> Se ha establecido una tarifa tur\u00edstica plana de referencia de PESOS TRESCIENTOS ($300) para los servicios ferroviarios en el sector mencionado. Adem\u00e1s, se autoriza a la OPERADORA FERROVIARIA SOCIEDAD DEL ESTADO a aplicar tarifas menores o mayores dentro de un rango del 50% en funci\u00f3n de la demanda y otros factores.<\/li>\n<\/ol>\n<p>La medida se implementar\u00e1 inicialmente de manera experimental por un per\u00edodo de 12 meses, durante los cuales se recopilar\u00e1n datos para su an\u00e1lisis y posterior ajuste. Adem\u00e1s, se contempla la posibilidad de ampliar los servicios, incluyendo los s\u00e1bados, en funci\u00f3n de la demanda.<\/p>\n<blockquote><p>La medida se implementar\u00e1 inicialmente de manera experimental por un per\u00edodo de 12 meses, durante los cuales se recopilar\u00e1n datos para su an\u00e1lisis y posterior ajuste.<\/p><\/blockquote>\n<p>Esta Resoluci\u00f3n Ministerial representa un hito en la revitalizaci\u00f3n del sistema ferroviario y promete cambiar significativamente la movilidad y la conectividad en la provincia de Buenos Aires.<\/p>\n<p>Con la implementaci\u00f3n de estos servicios ferroviarios, se espera brindar a los ciudadanos una alternativa m\u00e1s eficiente y sostenible para sus desplazamientos diarios, as\u00ed como impulsar el desarrollo econ\u00f3mico y tur\u00edstico en la regi\u00f3n.<\/p>\n","protected":false},"excerpt":{"rendered":"<p>\u25a0 Transporte asign\u00f3 la operaci\u00f3n de un servicio experimental de pasajeros entre las estaciones Gonz\u00e1lez Cat\u00e1n y Mercedes, y entre Gonz\u00e1lez Cat\u00e1n y Navarro. Busca mejorar la conectividad e impulsar el turismo.<\/p>\n","protected":false},"author":16,"featured_media":115666,"comment_status":"closed","ping_status":"closed","sticky":false,"template":"","format":"standard","meta":{"footnotes":""},"categories":[3],"tags":[17335,6468,23,253,1116],"class_list":["post-122817","post","type-post","status-publish","format-standard","has-post-thumbnail","hentry","category-sociedad","tag-belgrano-sur","tag-gonzalez-catan","tag-mercedes","tag-navarro","tag-tren"],"yoast_head":"<!-- This site is optimized with the Yoast SEO plugin v27.4 - https:\/\/yoast.com\/product\/yoast-seo-wordpress\/ -->\n<title>Nuevas rutas ferroviarias: plantean que Mercedes y Navarro est\u00e9n conectadas por tren<\/title>\n<meta name=\"robots\" content=\"index, follow, max-snippet:-1, max-image-preview:large, max-video-preview:-1\" \/>\n<link rel=\"canonical\" href=\"https:\/\/noticiasmercedinas.com\/site\/2023\/09\/16\/nuevas-rutas-ferroviarias-plantean-que-mercedes-y-navarro-esten-conectadas-por-tren\/\" \/>\n<meta property=\"og:locale\" content=\"es_ES\" \/>\n<meta property=\"og:type\" content=\"article\" \/>\n<meta property=\"og:title\" content=\"Nuevas rutas ferroviarias: plantean que Mercedes y Navarro est\u00e9n conectadas por tren\" \/>\n<meta property=\"og:description\" content=\"\u25a0 Transporte asign\u00f3 la operaci\u00f3n de un servicio experimental de pasajeros entre las estaciones Gonz\u00e1lez Cat\u00e1n y Mercedes, y entre Gonz\u00e1lez Cat\u00e1n y Navarro. Busca mejorar la conectividad e impulsar el turismo.\" \/>\n<meta property=\"og:url\" content=\"https:\/\/noticiasmercedinas.com\/site\/2023\/09\/16\/nuevas-rutas-ferroviarias-plantean-que-mercedes-y-navarro-esten-conectadas-por-tren\/\" \/>\n<meta property=\"og:site_name\" content=\"NOTICIASMERCEDINAS.COM\" \/>\n<meta property=\"article:publisher\" content=\"https:\/\/www.facebook.com\/noticiasmercedinas\/\" \/>\n<meta property=\"article:published_time\" content=\"2023-09-16T12:45:20+00:00\" \/>\n<meta property=\"og:image\" content=\"https:\/\/noticiasmercedinas.com\/site\/wp-content\/uploads\/2023\/05\/Tren11.jpg\" \/>\n\t<meta property=\"og:image:width\" content=\"1319\" \/>\n\t<meta property=\"og:image:height\" content=\"879\" \/>\n\t<meta property=\"og:image:type\" content=\"image\/jpeg\" \/>\n<meta name=\"author\" content=\"NOTICIASMERCEDINAS.COM\" \/>\n<meta name=\"twitter:card\" content=\"summary_large_image\" \/>\n<meta name=\"twitter:creator\" content=\"@notmercedinas\" \/>\n<meta name=\"twitter:site\" content=\"@notmercedinas\" \/>\n<meta name=\"twitter:label1\" content=\"Escrito por\" \/>\n\t<meta name=\"twitter:data1\" content=\"NOTICIASMERCEDINAS.COM\" \/>\n\t<meta name=\"twitter:label2\" content=\"Tiempo de lectura\" \/>\n\t<meta name=\"twitter:data2\" content=\"3 minutos\" \/>\n<script type=\"application\/ld+json\" class=\"yoast-schema-graph\">{\"@context\":\"https:\\\/\\\/schema.org\",\"@graph\":[{\"@type\":\"Article\",\"@id\":\"https:\\\/\\\/noticiasmercedinas.com\\\/site\\\/2023\\\/09\\\/16\\\/nuevas-rutas-ferroviarias-plantean-que-mercedes-y-navarro-esten-conectadas-por-tren\\\/#article\",\"isPartOf\":{\"@id\":\"https:\\\/\\\/noticiasmercedinas.com\\\/site\\\/2023\\\/09\\\/16\\\/nuevas-rutas-ferroviarias-plantean-que-mercedes-y-navarro-esten-conectadas-por-tren\\\/\"},\"author\":{\"name\":\"NOTICIASMERCEDINAS.COM\",\"@id\":\"https:\\\/\\\/noticiasmercedinas.com\\\/site\\\/#\\\/schema\\\/person\\\/84b59c099c28ff2e8b77d4ceec5d8063\"},\"headline\":\"Nuevas rutas ferroviarias: plantean que Mercedes y Navarro est\u00e9n conectadas por tren\",\"datePublished\":\"2023-09-16T12:45:20+00:00\",\"mainEntityOfPage\":{\"@id\":\"https:\\\/\\\/noticiasmercedinas.com\\\/site\\\/2023\\\/09\\\/16\\\/nuevas-rutas-ferroviarias-plantean-que-mercedes-y-navarro-esten-conectadas-por-tren\\\/\"},\"wordCount\":521,\"publisher\":{\"@id\":\"https:\\\/\\\/noticiasmercedinas.com\\\/site\\\/#organization\"},\"image\":{\"@id\":\"https:\\\/\\\/noticiasmercedinas.com\\\/site\\\/2023\\\/09\\\/16\\\/nuevas-rutas-ferroviarias-plantean-que-mercedes-y-navarro-esten-conectadas-por-tren\\\/#primaryimage\"},\"thumbnailUrl\":\"https:\\\/\\\/noticiasmercedinas.com\\\/site\\\/wp-content\\\/uploads\\\/2023\\\/05\\\/Tren11.jpg\",\"keywords\":[\"belgrano sur\",\"Gonz\u00e1lez Cat\u00e1n\",\"mercedes\",\"navarro\",\"Tren\"],\"articleSection\":[\"Sociedad\"],\"inLanguage\":\"es\"},{\"@type\":\"WebPage\",\"@id\":\"https:\\\/\\\/noticiasmercedinas.com\\\/site\\\/2023\\\/09\\\/16\\\/nuevas-rutas-ferroviarias-plantean-que-mercedes-y-navarro-esten-conectadas-por-tren\\\/\",\"url\":\"https:\\\/\\\/noticiasmercedinas.com\\\/site\\\/2023\\\/09\\\/16\\\/nuevas-rutas-ferroviarias-plantean-que-mercedes-y-navarro-esten-conectadas-por-tren\\\/\",\"name\":\"Nuevas rutas ferroviarias: plantean que Mercedes y Navarro est\u00e9n conectadas por tren\",\"isPartOf\":{\"@id\":\"https:\\\/\\\/noticiasmercedinas.com\\\/site\\\/#website\"},\"primaryImageOfPage\":{\"@id\":\"https:\\\/\\\/noticiasmercedinas.com\\\/site\\\/2023\\\/09\\\/16\\\/nuevas-rutas-ferroviarias-plantean-que-mercedes-y-navarro-esten-conectadas-por-tren\\\/#primaryimage\"},\"image\":{\"@id\":\"https:\\\/\\\/noticiasmercedinas.com\\\/site\\\/2023\\\/09\\\/16\\\/nuevas-rutas-ferroviarias-plantean-que-mercedes-y-navarro-esten-conectadas-por-tren\\\/#primaryimage\"},\"thumbnailUrl\":\"https:\\\/\\\/noticiasmercedinas.com\\\/site\\\/wp-content\\\/uploads\\\/2023\\\/05\\\/Tren11.jpg\",\"datePublished\":\"2023-09-16T12:45:20+00:00\",\"breadcrumb\":{\"@id\":\"https:\\\/\\\/noticiasmercedinas.com\\\/site\\\/2023\\\/09\\\/16\\\/nuevas-rutas-ferroviarias-plantean-que-mercedes-y-navarro-esten-conectadas-por-tren\\\/#breadcrumb\"},\"inLanguage\":\"es\",\"potentialAction\":[{\"@type\":\"ReadAction\",\"target\":[\"https:\\\/\\\/noticiasmercedinas.com\\\/site\\\/2023\\\/09\\\/16\\\/nuevas-rutas-ferroviarias-plantean-que-mercedes-y-navarro-esten-conectadas-por-tren\\\/\"]}]},{\"@type\":\"ImageObject\",\"inLanguage\":\"es\",\"@id\":\"https:\\\/\\\/noticiasmercedinas.com\\\/site\\\/2023\\\/09\\\/16\\\/nuevas-rutas-ferroviarias-plantean-que-mercedes-y-navarro-esten-conectadas-por-tren\\\/#primaryimage\",\"url\":\"https:\\\/\\\/noticiasmercedinas.com\\\/site\\\/wp-content\\\/uploads\\\/2023\\\/05\\\/Tren11.jpg\",\"contentUrl\":\"https:\\\/\\\/noticiasmercedinas.com\\\/site\\\/wp-content\\\/uploads\\\/2023\\\/05\\\/Tren11.jpg\",\"width\":1319,\"height\":879},{\"@type\":\"BreadcrumbList\",\"@id\":\"https:\\\/\\\/noticiasmercedinas.com\\\/site\\\/2023\\\/09\\\/16\\\/nuevas-rutas-ferroviarias-plantean-que-mercedes-y-navarro-esten-conectadas-por-tren\\\/#breadcrumb\",\"itemListElement\":[{\"@type\":\"ListItem\",\"position\":1,\"name\":\"Portada\",\"item\":\"https:\\\/\\\/noticiasmercedinas.com\\\/site\\\/\"},{\"@type\":\"ListItem\",\"position\":2,\"name\":\"Nuevas rutas ferroviarias: plantean que Mercedes y Navarro est\u00e9n conectadas por tren\"}]},{\"@type\":\"WebSite\",\"@id\":\"https:\\\/\\\/noticiasmercedinas.com\\\/site\\\/#website\",\"url\":\"https:\\\/\\\/noticiasmercedinas.com\\\/site\\\/\",\"name\":\"NOTICIASMERCEDINAS.COM\",\"description\":\"Mercedes, Buenos Aires, Argentina\",\"publisher\":{\"@id\":\"https:\\\/\\\/noticiasmercedinas.com\\\/site\\\/#organization\"},\"potentialAction\":[{\"@type\":\"SearchAction\",\"target\":{\"@type\":\"EntryPoint\",\"urlTemplate\":\"https:\\\/\\\/noticiasmercedinas.com\\\/site\\\/?s={search_term_string}\"},\"query-input\":{\"@type\":\"PropertyValueSpecification\",\"valueRequired\":true,\"valueName\":\"search_term_string\"}}],\"inLanguage\":\"es\"},{\"@type\":\"Organization\",\"@id\":\"https:\\\/\\\/noticiasmercedinas.com\\\/site\\\/#organization\",\"name\":\"NOTICIASMERCEDINAS.COM\",\"url\":\"https:\\\/\\\/noticiasmercedinas.com\\\/site\\\/\",\"logo\":{\"@type\":\"ImageObject\",\"inLanguage\":\"es\",\"@id\":\"https:\\\/\\\/noticiasmercedinas.com\\\/site\\\/#\\\/schema\\\/logo\\\/image\\\/\",\"url\":\"https:\\\/\\\/noticiasmercedinas.com\\\/site\\\/wp-content\\\/uploads\\\/2020\\\/06\\\/LOGO-512.jpg\",\"contentUrl\":\"https:\\\/\\\/noticiasmercedinas.com\\\/site\\\/wp-content\\\/uploads\\\/2020\\\/06\\\/LOGO-512.jpg\",\"width\":512,\"height\":512,\"caption\":\"NOTICIASMERCEDINAS.COM\"},\"image\":{\"@id\":\"https:\\\/\\\/noticiasmercedinas.com\\\/site\\\/#\\\/schema\\\/logo\\\/image\\\/\"},\"sameAs\":[\"https:\\\/\\\/www.facebook.com\\\/noticiasmercedinas\\\/\",\"https:\\\/\\\/x.com\\\/notmercedinas\",\"https:\\\/\\\/www.instagram.com\\\/noticiasmercedinas\\\/\"]},{\"@type\":\"Person\",\"@id\":\"https:\\\/\\\/noticiasmercedinas.com\\\/site\\\/#\\\/schema\\\/person\\\/84b59c099c28ff2e8b77d4ceec5d8063\",\"name\":\"NOTICIASMERCEDINAS.COM\",\"image\":{\"@type\":\"ImageObject\",\"inLanguage\":\"es\",\"@id\":\"https:\\\/\\\/secure.gravatar.com\\\/avatar\\\/4dfbf16b4d17945bfb6341b2d19043457132fcf478a5ee04f42e959fd8f5df0a?s=96&d=mm&r=g\",\"url\":\"https:\\\/\\\/secure.gravatar.com\\\/avatar\\\/4dfbf16b4d17945bfb6341b2d19043457132fcf478a5ee04f42e959fd8f5df0a?s=96&d=mm&r=g\",\"contentUrl\":\"https:\\\/\\\/secure.gravatar.com\\\/avatar\\\/4dfbf16b4d17945bfb6341b2d19043457132fcf478a5ee04f42e959fd8f5df0a?s=96&d=mm&r=g\",\"caption\":\"NOTICIASMERCEDINAS.COM\"},\"url\":\"https:\\\/\\\/noticiasmercedinas.com\\\/site\\\/author\\\/anonimo\\\/\"}]}<\/script>\n<!-- \/ Yoast SEO plugin. -->","yoast_head_json":{"title":"Nuevas rutas ferroviarias: plantean que Mercedes y Navarro est\u00e9n conectadas por tren","robots":{"index":"index","follow":"follow","max-snippet":"max-snippet:-1","max-image-preview":"max-image-preview:large","max-video-preview":"max-video-preview:-1"},"canonical":"https:\/\/noticiasmercedinas.com\/site\/2023\/09\/16\/nuevas-rutas-ferroviarias-plantean-que-mercedes-y-navarro-esten-conectadas-por-tren\/","og_locale":"es_ES","og_type":"article","og_title":"Nuevas rutas ferroviarias: plantean que Mercedes y Navarro est\u00e9n conectadas por tren","og_description":"\u25a0 Transporte asign\u00f3 la operaci\u00f3n de un servicio experimental de pasajeros entre las estaciones Gonz\u00e1lez Cat\u00e1n y Mercedes, y entre Gonz\u00e1lez Cat\u00e1n y Navarro. Busca mejorar la conectividad e impulsar el turismo.","og_url":"https:\/\/noticiasmercedinas.com\/site\/2023\/09\/16\/nuevas-rutas-ferroviarias-plantean-que-mercedes-y-navarro-esten-conectadas-por-tren\/","og_site_name":"NOTICIASMERCEDINAS.COM","article_publisher":"https:\/\/www.facebook.com\/noticiasmercedinas\/","article_published_time":"2023-09-16T12:45:20+00:00","og_image":[{"width":1319,"height":879,"url":"https:\/\/noticiasmercedinas.com\/site\/wp-content\/uploads\/2023\/05\/Tren11.jpg","type":"image\/jpeg"}],"author":"NOTICIASMERCEDINAS.COM","twitter_card":"summary_large_image","twitter_creator":"@notmercedinas","twitter_site":"@notmercedinas","twitter_misc":{"Escrito por":"NOTICIASMERCEDINAS.COM","Tiempo de lectura":"3 minutos"},"schema":{"@context":"https:\/\/schema.org","@graph":[{"@type":"Article","@id":"https:\/\/noticiasmercedinas.com\/site\/2023\/09\/16\/nuevas-rutas-ferroviarias-plantean-que-mercedes-y-navarro-esten-conectadas-por-tren\/#article","isPartOf":{"@id":"https:\/\/noticiasmercedinas.com\/site\/2023\/09\/16\/nuevas-rutas-ferroviarias-plantean-que-mercedes-y-navarro-esten-conectadas-por-tren\/"},"author":{"name":"NOTICIASMERCEDINAS.COM","@id":"https:\/\/noticiasmercedinas.com\/site\/#\/schema\/person\/84b59c099c28ff2e8b77d4ceec5d8063"},"headline":"Nuevas rutas ferroviarias: plantean que Mercedes y Navarro est\u00e9n conectadas por tren","datePublished":"2023-09-16T12:45:20+00:00","mainEntityOfPage":{"@id":"https:\/\/noticiasmercedinas.com\/site\/2023\/09\/16\/nuevas-rutas-ferroviarias-plantean-que-mercedes-y-navarro-esten-conectadas-por-tren\/"},"wordCount":521,"publisher":{"@id":"https:\/\/noticiasmercedinas.com\/site\/#organization"},"image":{"@id":"https:\/\/noticiasmercedinas.com\/site\/2023\/09\/16\/nuevas-rutas-ferroviarias-plantean-que-mercedes-y-navarro-esten-conectadas-por-tren\/#primaryimage"},"thumbnailUrl":"https:\/\/noticiasmercedinas.com\/site\/wp-content\/uploads\/2023\/05\/Tren11.jpg","keywords":["belgrano sur","Gonz\u00e1lez Cat\u00e1n","mercedes","navarro","Tren"],"articleSection":["Sociedad"],"inLanguage":"es"},{"@type":"WebPage","@id":"https:\/\/noticiasmercedinas.com\/site\/2023\/09\/16\/nuevas-rutas-ferroviarias-plantean-que-mercedes-y-navarro-esten-conectadas-por-tren\/","url":"https:\/\/noticiasmercedinas.com\/site\/2023\/09\/16\/nuevas-rutas-ferroviarias-plantean-que-mercedes-y-navarro-esten-conectadas-por-tren\/","name":"Nuevas rutas ferroviarias: plantean que Mercedes y Navarro est\u00e9n conectadas por tren","isPartOf":{"@id":"https:\/\/noticiasmercedinas.com\/site\/#website"},"primaryImageOfPage":{"@id":"https:\/\/noticiasmercedinas.com\/site\/2023\/09\/16\/nuevas-rutas-ferroviarias-plantean-que-mercedes-y-navarro-esten-conectadas-por-tren\/#primaryimage"},"image":{"@id":"https:\/\/noticiasmercedinas.com\/site\/2023\/09\/16\/nuevas-rutas-ferroviarias-plantean-que-mercedes-y-navarro-esten-conectadas-por-tren\/#primaryimage"},"thumbnailUrl":"https:\/\/noticiasmercedinas.com\/site\/wp-content\/uploads\/2023\/05\/Tren11.jpg","datePublished":"2023-09-16T12:45:20+00:00","breadcrumb":{"@id":"https:\/\/noticiasmercedinas.com\/site\/2023\/09\/16\/nuevas-rutas-ferroviarias-plantean-que-mercedes-y-navarro-esten-conectadas-por-tren\/#breadcrumb"},"inLanguage":"es","potentialAction":[{"@type":"ReadAction","target":["https:\/\/noticiasmercedinas.com\/site\/2023\/09\/16\/nuevas-rutas-ferroviarias-plantean-que-mercedes-y-navarro-esten-conectadas-por-tren\/"]}]},{"@type":"ImageObject","inLanguage":"es","@id":"https:\/\/noticiasmercedinas.com\/site\/2023\/09\/16\/nuevas-rutas-ferroviarias-plantean-que-mercedes-y-navarro-esten-conectadas-por-tren\/#primaryimage","url":"https:\/\/noticiasmercedinas.com\/site\/wp-content\/uploads\/2023\/05\/Tren11.jpg","contentUrl":"https:\/\/noticiasmercedinas.com\/site\/wp-content\/uploads\/2023\/05\/Tren11.jpg","width":1319,"height":879},{"@type":"BreadcrumbList","@id":"https:\/\/noticiasmercedinas.com\/site\/2023\/09\/16\/nuevas-rutas-ferroviarias-plantean-que-mercedes-y-navarro-esten-conectadas-por-tren\/#breadcrumb","itemListElement":[{"@type":"ListItem","position":1,"name":"Portada","item":"https:\/\/noticiasmercedinas.com\/site\/"},{"@type":"ListItem","position":2,"name":"Nuevas rutas ferroviarias: plantean que Mercedes y Navarro est\u00e9n conectadas por tren"}]},{"@type":"WebSite","@id":"https:\/\/noticiasmercedinas.com\/site\/#website","url":"https:\/\/noticiasmercedinas.com\/site\/","name":"NOTICIASMERCEDINAS.COM","description":"Mercedes, Buenos Aires, Argentina","publisher":{"@id":"https:\/\/noticiasmercedinas.com\/site\/#organization"},"potentialAction":[{"@type":"SearchAction","target":{"@type":"EntryPoint","urlTemplate":"https:\/\/noticiasmercedinas.com\/site\/?s={search_term_string}"},"query-input":{"@type":"PropertyValueSpecification","valueRequired":true,"valueName":"search_term_string"}}],"inLanguage":"es"},{"@type":"Organization","@id":"https:\/\/noticiasmercedinas.com\/site\/#organization","name":"NOTICIASMERCEDINAS.COM","url":"https:\/\/noticiasmercedinas.com\/site\/","logo":{"@type":"ImageObject","inLanguage":"es","@id":"https:\/\/noticiasmercedinas.com\/site\/#\/schema\/logo\/image\/","url":"https:\/\/noticiasmercedinas.com\/site\/wp-content\/uploads\/2020\/06\/LOGO-512.jpg","contentUrl":"https:\/\/noticiasmercedinas.com\/site\/wp-content\/uploads\/2020\/06\/LOGO-512.jpg","width":512,"height":512,"caption":"NOTICIASMERCEDINAS.COM"},"image":{"@id":"https:\/\/noticiasmercedinas.com\/site\/#\/schema\/logo\/image\/"},"sameAs":["https:\/\/www.facebook.com\/noticiasmercedinas\/","https:\/\/x.com\/notmercedinas","https:\/\/www.instagram.com\/noticiasmercedinas\/"]},{"@type":"Person","@id":"https:\/\/noticiasmercedinas.com\/site\/#\/schema\/person\/84b59c099c28ff2e8b77d4ceec5d8063","name":"NOTICIASMERCEDINAS.COM","image":{"@type":"ImageObject","inLanguage":"es","@id":"https:\/\/secure.gravatar.com\/avatar\/4dfbf16b4d17945bfb6341b2d19043457132fcf478a5ee04f42e959fd8f5df0a?s=96&d=mm&r=g","url":"https:\/\/secure.gravatar.com\/avatar\/4dfbf16b4d17945bfb6341b2d19043457132fcf478a5ee04f42e959fd8f5df0a?s=96&d=mm&r=g","contentUrl":"https:\/\/secure.gravatar.com\/avatar\/4dfbf16b4d17945bfb6341b2d19043457132fcf478a5ee04f42e959fd8f5df0a?s=96&d=mm&r=g","caption":"NOTICIASMERCEDINAS.COM"},"url":"https:\/\/noticiasmercedinas.com\/site\/author\/anonimo\/"}]}},"amp_enabled":true,"_links":{"self":[{"href":"https:\/\/noticiasmercedinas.com\/site\/wp-json\/wp\/v2\/posts\/122817","targetHints":{"allow":["GET"]}}],"collection":[{"href":"https:\/\/noticiasmercedinas.com\/site\/wp-json\/wp\/v2\/posts"}],"about":[{"href":"https:\/\/noticiasmercedinas.com\/site\/wp-json\/wp\/v2\/types\/post"}],"author":[{"embeddable":true,"href":"https:\/\/noticiasmercedinas.com\/site\/wp-json\/wp\/v2\/users\/16"}],"replies":[{"embeddable":true,"href":"https:\/\/noticiasmercedinas.com\/site\/wp-json\/wp\/v2\/comments?post=122817"}],"version-history":[{"count":1,"href":"https:\/\/noticiasmercedinas.com\/site\/wp-json\/wp\/v2\/posts\/122817\/revisions"}],"predecessor-version":[{"id":122818,"href":"https:\/\/noticiasmercedinas.com\/site\/wp-json\/wp\/v2\/posts\/122817\/revisions\/122818"}],"wp:featuredmedia":[{"embeddable":true,"href":"https:\/\/noticiasmercedinas.com\/site\/wp-json\/wp\/v2\/media\/115666"}],"wp:attachment":[{"href":"https:\/\/noticiasmercedinas.com\/site\/wp-json\/wp\/v2\/media?parent=122817"}],"wp:term":[{"taxonomy":"category","embeddable":true,"href":"https:\/\/noticiasmercedinas.com\/site\/wp-json\/wp\/v2\/categories?post=122817"},{"taxonomy":"post_tag","embeddable":true,"href":"https:\/\/noticiasmercedinas.com\/site\/wp-json\/wp\/v2\/tags?post=122817"}],"curies":[{"name":"wp","href":"https:\/\/api.w.org\/{rel}","templated":true}]}}