{"id":123070,"date":"2023-09-20T09:16:33","date_gmt":"2023-09-20T12:16:33","guid":{"rendered":"https:\/\/noticiasmercedinas.com\/site\/?p=123070"},"modified":"2023-09-20T09:16:46","modified_gmt":"2023-09-20T12:16:46","slug":"alimentacion-intuitiva-dejar-de-luchar-con-la-comida-y-empezar-a-disfrutarla","status":"publish","type":"post","link":"https:\/\/noticiasmercedinas.com\/site\/2023\/09\/20\/alimentacion-intuitiva-dejar-de-luchar-con-la-comida-y-empezar-a-disfrutarla\/","title":{"rendered":"Alimentaci\u00f3n intuitiva: dejar de luchar con la comida y empezar a disfrutarla"},"content":{"rendered":"<p><img loading=\"lazy\" decoding=\"async\" class=\"alignnone size-full wp-image-123071\" src=\"https:\/\/noticiasmercedinas.com\/site\/wp-content\/uploads\/2023\/09\/alimentacion_intuitiva_1.jpg\" alt=\"\" width=\"640\" height=\"427\" srcset=\"https:\/\/noticiasmercedinas.com\/site\/wp-content\/uploads\/2023\/09\/alimentacion_intuitiva_1.jpg 640w, https:\/\/noticiasmercedinas.com\/site\/wp-content\/uploads\/2023\/09\/alimentacion_intuitiva_1-300x200.jpg 300w\" sizes=\"auto, (max-width: 640px) 100vw, 640px\" \/><\/p>\n<p>Vivir en un mundo saturado de est\u00edmulos, en una sociedad que condiciona a las personas a trav\u00e9s de dietas, normas, reglas y prohibiciones, puede ser dif\u00edcil \u201cescuchar\u201d al cuerpo, conectarse con lo que est\u00e1 necesitando y comer de manera intuitiva. Pero \u00bfY si nuestro cuerpo ya sabe lo que necesita? La alimentaci\u00f3n intuitiva es un camino para aprender a escuchar al cuerpo y a entender lo que realmente necesita.<\/p>\n<p>La alimentaci\u00f3n intuitiva es un m\u00e9todo creado por dos nutricionistas estadounidenses, Evelyn Tribole y Elyse Resch, en 1995. Este m\u00e9todo, basado en evidencia cient\u00edfica y compuesto por 10 principios, promueve la reconexi\u00f3n con la intuici\u00f3n interna y con las se\u00f1ales del cuerpo, rompiendo con el c\u00edrculo de dietas cr\u00f3nicas y sanando la relaci\u00f3n con la comida. Su objetivo es recuperar la autonom\u00eda alimentaria y lograr satisfacer, as\u00ed, las necesidades f\u00edsicas, psicol\u00f3gicas, mentales y vinculares.<\/p>\n<p>B\u00e1sicamente, la alimentaci\u00f3n intuitiva se puede resumir en cuatro caracter\u00edsticas:<\/p>\n<p>1. Promueve comer por razones f\u00edsicas en lugar de emocionales: esto significa, aprender a comer principalmente por hambre biol\u00f3gica y saber discernir cuando la comida est\u00e1 cumpliendo la funci\u00f3n de regulaci\u00f3n emocional.<\/p>\n<p>2. Darse el permiso incondicional para comer: esto refleja la capacidad de comer los alimentos deseados cuando se tiene hambre, as\u00ed como evitar etiquetar los alimentos como prohibidos o malos.<\/p>\n<p>3. Sintoniza con las se\u00f1ales de hambre y saciedad: comer se basa en sintonizar con el hambre interno y reconocer las se\u00f1ales de saciedad que gu\u00edan las necesidades de nuestro cuerpo.<\/p>\n<p>4. Congruencia de la elecci\u00f3n de los alimentos con el cuerpo: esto refleja la medida en que una persona combina sus opciones alimentarias con las necesidades del cuerpo y en c\u00f3mo \u00e9ste se siente luego de toda la experiencia alimentaria.<\/p>\n<p>\u201cConsideramos a la alimentaci\u00f3n intuitiva como la conducta alimentaria natural y saludable, en la que los profesionales de salud, especialmente de la nutrici\u00f3n, deber\u00edamos aspirar en nuestros consultantes\u201d, sostuvo la licenciada en nutrici\u00f3n, Ana Gadze.<\/p>\n<p>Gadze explic\u00f3 que \u201clos estudios nos muestran m\u00faltiples beneficios al abordar la conducta alimentaria desde la alimentaci\u00f3n intuitiva\u201d y detall\u00f3 algunos de ellos: \u201cMayor apreciaci\u00f3n corporal y satisfacci\u00f3n general de la vida; relaci\u00f3n con el cuerpo desde el autocuidado y no desde el control; mayor motivaci\u00f3n y adherencia para hacer ejercicio; y mejora de los valores de laboratorio y de la calidad alimentaria\u201d.<\/p>\n<p>La alimentaci\u00f3n intuitiva est\u00e1 inversamente relacionada con el trastorno de la alimentaci\u00f3n, la dieta, la mala conciencia interoceptiva y la internalizaci\u00f3n del ideal de delgadez. \u201cSolemos pensar que los trastornos alimentarios son enfermedades raras que les suceden a pocas personas\u201d, advirti\u00f3 la nutricionista.<\/p>\n<p>Sin embargo, un estudio de este a\u00f1o que reuni\u00f3 resultados de distintos pa\u00edses revel\u00f3 que la prevalencia de des\u00f3rdenes alimentarios en infancias y adolescencia era del 22%. Los des\u00f3rdenes alimentarios se definen como aquellas conductas alimentarias que no cumplen los criterios de los Trastornos de la Conducta Alimentaria (TCA), pero en quienes los desarrollan presentan un impacto f\u00edsico, mental y emocional, repercutiendo en la calidad de vida de esa persona.<\/p>\n<p>Seg\u00fan una publicaci\u00f3n de la Academia de Nutrici\u00f3n y Diet\u00e9tica de Estados Unidos, \u201clos licenciados en nutrici\u00f3n son vitales para la detecci\u00f3n y el tratamiento de los des\u00f3rdenes alimentarios. A menudo, los pacientes remitidos a los nutricionistas no son conscientes de que sus patrones alimentarios son problem\u00e1ticos o perjudiciales. Trabajar con un profesional con experiencia en el abordaje de los trastornos alimentarios es un paso importante para tratar dichos des\u00f3rdenes, evitar que se conviertan en un trastorno alimentario y mejorar la calidad de vida\u201d.<\/p>\n<p>De esta manera, Gadze se\u00f1al\u00f3 la importancia de \u201cconocer, profundizar y abordar a los consultantes desde el enfoque intuitivo, ya que aquellas personas que tienen m\u00e1s probabilidades de ser guiadas por sus se\u00f1ales internas de hambre y saciedad son menos propensas a expresar preocupaci\u00f3n por el peso o el tama\u00f1o de su cuerpo, comprar ideales sociales con respecto a la apariencia y desarrollar des\u00f3rdenes o trastornos del comer como, por ejemplo, la presencia de atracones\u201d.<\/p>\n<p>Para comenzar con la alimentaci\u00f3n intuitiva, el Colegio de Nutricionistas de la Provincia de Buenos Aires recomienda:<\/p>\n<p>&#x25aa; Buscar ayuda profesional: Un o una nutricionista que puedan acompa\u00f1ar el desarrollo de una relaci\u00f3n saludable con la comida.<\/p>\n<p>&#x25aa; Escuchar al cuerpo: prestar atenci\u00f3n a las se\u00f1ales de hambre y saciedad.<\/p>\n<p>&#x25aa; Eliminar los alimentos prohibidos: todos los alimentos son aptos para la alimentaci\u00f3n intuitiva, siempre y cuando se consuman con moderaci\u00f3n.<\/p>\n<p>&#x25aa; Comer con atenci\u00f3n plena: disfrutar de los alimentos y concentrarse en la experiencia de comer.<\/p>\n<p>La alimentaci\u00f3n intuitiva, entonces, no se trata de una moda y va m\u00e1s all\u00e1 de los nutrientes: quienes son comedores intuitivos tienen m\u00e1s probabilidades de reportar una mejor salud mental y bienestar, una mayor satisfacci\u00f3n con la vida y ser m\u00e1s propensos a tratarse a s\u00ed mismos y a su cuerpo con amabilidad y respeto.<\/p>\n<hr \/>\n<p><strong><em>Colegio de Nutricionistas PBA<\/em><\/strong><\/p>\n","protected":false},"excerpt":{"rendered":"<p>\u25a0\u00a0La alimentaci\u00f3n intuitiva es un enfoque que se basa en escuchar las se\u00f1ales de hambre y saciedad del cuerpo.<\/p>\n","protected":false},"author":16,"featured_media":123071,"comment_status":"closed","ping_status":"closed","sticky":false,"template":"","format":"standard","meta":{"footnotes":""},"categories":[8992],"tags":[3465,1504],"class_list":["post-123070","post","type-post","status-publish","format-standard","has-post-thumbnail","hentry","category-bienestar","tag-alimentacion","tag-colegio-de-nutricionistas-de-la-provincia-de-buenos-aires"],"yoast_head":"<!-- This site is optimized with the Yoast SEO plugin v27.4 - https:\/\/yoast.com\/product\/yoast-seo-wordpress\/ -->\n<title>Alimentaci\u00f3n intuitiva: dejar de luchar con la comida y empezar a disfrutarla<\/title>\n<meta name=\"robots\" content=\"index, follow, max-snippet:-1, max-image-preview:large, max-video-preview:-1\" \/>\n<link rel=\"canonical\" href=\"https:\/\/noticiasmercedinas.com\/site\/2023\/09\/20\/alimentacion-intuitiva-dejar-de-luchar-con-la-comida-y-empezar-a-disfrutarla\/\" \/>\n<meta property=\"og:locale\" content=\"es_ES\" \/>\n<meta property=\"og:type\" content=\"article\" \/>\n<meta property=\"og:title\" content=\"Alimentaci\u00f3n intuitiva: dejar de luchar con la comida y empezar a disfrutarla\" \/>\n<meta property=\"og:description\" content=\"\u25a0\u00a0La alimentaci\u00f3n intuitiva es un enfoque que se basa en escuchar las se\u00f1ales de hambre y saciedad del cuerpo.\" \/>\n<meta property=\"og:url\" content=\"https:\/\/noticiasmercedinas.com\/site\/2023\/09\/20\/alimentacion-intuitiva-dejar-de-luchar-con-la-comida-y-empezar-a-disfrutarla\/\" \/>\n<meta property=\"og:site_name\" content=\"NOTICIASMERCEDINAS.COM\" \/>\n<meta property=\"article:publisher\" content=\"https:\/\/www.facebook.com\/noticiasmercedinas\/\" \/>\n<meta property=\"article:published_time\" content=\"2023-09-20T12:16:33+00:00\" \/>\n<meta property=\"article:modified_time\" content=\"2023-09-20T12:16:46+00:00\" \/>\n<meta property=\"og:image\" content=\"https:\/\/noticiasmercedinas.com\/site\/wp-content\/uploads\/2023\/09\/alimentacion_intuitiva_1.jpg\" \/>\n\t<meta property=\"og:image:width\" content=\"640\" \/>\n\t<meta property=\"og:image:height\" content=\"427\" \/>\n\t<meta property=\"og:image:type\" content=\"image\/jpeg\" \/>\n<meta name=\"author\" content=\"NOTICIASMERCEDINAS.COM\" \/>\n<meta name=\"twitter:card\" content=\"summary_large_image\" \/>\n<meta name=\"twitter:creator\" content=\"@notmercedinas\" \/>\n<meta name=\"twitter:site\" content=\"@notmercedinas\" \/>\n<meta name=\"twitter:label1\" content=\"Escrito por\" \/>\n\t<meta name=\"twitter:data1\" content=\"NOTICIASMERCEDINAS.COM\" \/>\n\t<meta name=\"twitter:label2\" content=\"Tiempo de lectura\" \/>\n\t<meta name=\"twitter:data2\" content=\"4 minutos\" \/>\n<script type=\"application\/ld+json\" class=\"yoast-schema-graph\">{\"@context\":\"https:\\\/\\\/schema.org\",\"@graph\":[{\"@type\":\"Article\",\"@id\":\"https:\\\/\\\/noticiasmercedinas.com\\\/site\\\/2023\\\/09\\\/20\\\/alimentacion-intuitiva-dejar-de-luchar-con-la-comida-y-empezar-a-disfrutarla\\\/#article\",\"isPartOf\":{\"@id\":\"https:\\\/\\\/noticiasmercedinas.com\\\/site\\\/2023\\\/09\\\/20\\\/alimentacion-intuitiva-dejar-de-luchar-con-la-comida-y-empezar-a-disfrutarla\\\/\"},\"author\":{\"name\":\"NOTICIASMERCEDINAS.COM\",\"@id\":\"https:\\\/\\\/noticiasmercedinas.com\\\/site\\\/#\\\/schema\\\/person\\\/84b59c099c28ff2e8b77d4ceec5d8063\"},\"headline\":\"Alimentaci\u00f3n intuitiva: dejar de luchar con la comida y empezar a disfrutarla\",\"datePublished\":\"2023-09-20T12:16:33+00:00\",\"dateModified\":\"2023-09-20T12:16:46+00:00\",\"mainEntityOfPage\":{\"@id\":\"https:\\\/\\\/noticiasmercedinas.com\\\/site\\\/2023\\\/09\\\/20\\\/alimentacion-intuitiva-dejar-de-luchar-con-la-comida-y-empezar-a-disfrutarla\\\/\"},\"wordCount\":887,\"publisher\":{\"@id\":\"https:\\\/\\\/noticiasmercedinas.com\\\/site\\\/#organization\"},\"image\":{\"@id\":\"https:\\\/\\\/noticiasmercedinas.com\\\/site\\\/2023\\\/09\\\/20\\\/alimentacion-intuitiva-dejar-de-luchar-con-la-comida-y-empezar-a-disfrutarla\\\/#primaryimage\"},\"thumbnailUrl\":\"https:\\\/\\\/noticiasmercedinas.com\\\/site\\\/wp-content\\\/uploads\\\/2023\\\/09\\\/alimentacion_intuitiva_1.jpg\",\"keywords\":[\"alimentacion\",\"Colegio de Nutricionistas de la Provincia de Buenos Aires\"],\"articleSection\":[\"Bienestar\"],\"inLanguage\":\"es\"},{\"@type\":\"WebPage\",\"@id\":\"https:\\\/\\\/noticiasmercedinas.com\\\/site\\\/2023\\\/09\\\/20\\\/alimentacion-intuitiva-dejar-de-luchar-con-la-comida-y-empezar-a-disfrutarla\\\/\",\"url\":\"https:\\\/\\\/noticiasmercedinas.com\\\/site\\\/2023\\\/09\\\/20\\\/alimentacion-intuitiva-dejar-de-luchar-con-la-comida-y-empezar-a-disfrutarla\\\/\",\"name\":\"Alimentaci\u00f3n intuitiva: dejar de luchar con la comida y empezar a disfrutarla\",\"isPartOf\":{\"@id\":\"https:\\\/\\\/noticiasmercedinas.com\\\/site\\\/#website\"},\"primaryImageOfPage\":{\"@id\":\"https:\\\/\\\/noticiasmercedinas.com\\\/site\\\/2023\\\/09\\\/20\\\/alimentacion-intuitiva-dejar-de-luchar-con-la-comida-y-empezar-a-disfrutarla\\\/#primaryimage\"},\"image\":{\"@id\":\"https:\\\/\\\/noticiasmercedinas.com\\\/site\\\/2023\\\/09\\\/20\\\/alimentacion-intuitiva-dejar-de-luchar-con-la-comida-y-empezar-a-disfrutarla\\\/#primaryimage\"},\"thumbnailUrl\":\"https:\\\/\\\/noticiasmercedinas.com\\\/site\\\/wp-content\\\/uploads\\\/2023\\\/09\\\/alimentacion_intuitiva_1.jpg\",\"datePublished\":\"2023-09-20T12:16:33+00:00\",\"dateModified\":\"2023-09-20T12:16:46+00:00\",\"breadcrumb\":{\"@id\":\"https:\\\/\\\/noticiasmercedinas.com\\\/site\\\/2023\\\/09\\\/20\\\/alimentacion-intuitiva-dejar-de-luchar-con-la-comida-y-empezar-a-disfrutarla\\\/#breadcrumb\"},\"inLanguage\":\"es\",\"potentialAction\":[{\"@type\":\"ReadAction\",\"target\":[\"https:\\\/\\\/noticiasmercedinas.com\\\/site\\\/2023\\\/09\\\/20\\\/alimentacion-intuitiva-dejar-de-luchar-con-la-comida-y-empezar-a-disfrutarla\\\/\"]}]},{\"@type\":\"ImageObject\",\"inLanguage\":\"es\",\"@id\":\"https:\\\/\\\/noticiasmercedinas.com\\\/site\\\/2023\\\/09\\\/20\\\/alimentacion-intuitiva-dejar-de-luchar-con-la-comida-y-empezar-a-disfrutarla\\\/#primaryimage\",\"url\":\"https:\\\/\\\/noticiasmercedinas.com\\\/site\\\/wp-content\\\/uploads\\\/2023\\\/09\\\/alimentacion_intuitiva_1.jpg\",\"contentUrl\":\"https:\\\/\\\/noticiasmercedinas.com\\\/site\\\/wp-content\\\/uploads\\\/2023\\\/09\\\/alimentacion_intuitiva_1.jpg\",\"width\":640,\"height\":427},{\"@type\":\"BreadcrumbList\",\"@id\":\"https:\\\/\\\/noticiasmercedinas.com\\\/site\\\/2023\\\/09\\\/20\\\/alimentacion-intuitiva-dejar-de-luchar-con-la-comida-y-empezar-a-disfrutarla\\\/#breadcrumb\",\"itemListElement\":[{\"@type\":\"ListItem\",\"position\":1,\"name\":\"Portada\",\"item\":\"https:\\\/\\\/noticiasmercedinas.com\\\/site\\\/\"},{\"@type\":\"ListItem\",\"position\":2,\"name\":\"Alimentaci\u00f3n intuitiva: dejar de luchar con la comida y empezar a disfrutarla\"}]},{\"@type\":\"WebSite\",\"@id\":\"https:\\\/\\\/noticiasmercedinas.com\\\/site\\\/#website\",\"url\":\"https:\\\/\\\/noticiasmercedinas.com\\\/site\\\/\",\"name\":\"NOTICIASMERCEDINAS.COM\",\"description\":\"Mercedes, Buenos Aires, Argentina\",\"publisher\":{\"@id\":\"https:\\\/\\\/noticiasmercedinas.com\\\/site\\\/#organization\"},\"potentialAction\":[{\"@type\":\"SearchAction\",\"target\":{\"@type\":\"EntryPoint\",\"urlTemplate\":\"https:\\\/\\\/noticiasmercedinas.com\\\/site\\\/?s={search_term_string}\"},\"query-input\":{\"@type\":\"PropertyValueSpecification\",\"valueRequired\":true,\"valueName\":\"search_term_string\"}}],\"inLanguage\":\"es\"},{\"@type\":\"Organization\",\"@id\":\"https:\\\/\\\/noticiasmercedinas.com\\\/site\\\/#organization\",\"name\":\"NOTICIASMERCEDINAS.COM\",\"url\":\"https:\\\/\\\/noticiasmercedinas.com\\\/site\\\/\",\"logo\":{\"@type\":\"ImageObject\",\"inLanguage\":\"es\",\"@id\":\"https:\\\/\\\/noticiasmercedinas.com\\\/site\\\/#\\\/schema\\\/logo\\\/image\\\/\",\"url\":\"https:\\\/\\\/noticiasmercedinas.com\\\/site\\\/wp-content\\\/uploads\\\/2020\\\/06\\\/LOGO-512.jpg\",\"contentUrl\":\"https:\\\/\\\/noticiasmercedinas.com\\\/site\\\/wp-content\\\/uploads\\\/2020\\\/06\\\/LOGO-512.jpg\",\"width\":512,\"height\":512,\"caption\":\"NOTICIASMERCEDINAS.COM\"},\"image\":{\"@id\":\"https:\\\/\\\/noticiasmercedinas.com\\\/site\\\/#\\\/schema\\\/logo\\\/image\\\/\"},\"sameAs\":[\"https:\\\/\\\/www.facebook.com\\\/noticiasmercedinas\\\/\",\"https:\\\/\\\/x.com\\\/notmercedinas\",\"https:\\\/\\\/www.instagram.com\\\/noticiasmercedinas\\\/\"]},{\"@type\":\"Person\",\"@id\":\"https:\\\/\\\/noticiasmercedinas.com\\\/site\\\/#\\\/schema\\\/person\\\/84b59c099c28ff2e8b77d4ceec5d8063\",\"name\":\"NOTICIASMERCEDINAS.COM\",\"image\":{\"@type\":\"ImageObject\",\"inLanguage\":\"es\",\"@id\":\"https:\\\/\\\/secure.gravatar.com\\\/avatar\\\/4dfbf16b4d17945bfb6341b2d19043457132fcf478a5ee04f42e959fd8f5df0a?s=96&d=mm&r=g\",\"url\":\"https:\\\/\\\/secure.gravatar.com\\\/avatar\\\/4dfbf16b4d17945bfb6341b2d19043457132fcf478a5ee04f42e959fd8f5df0a?s=96&d=mm&r=g\",\"contentUrl\":\"https:\\\/\\\/secure.gravatar.com\\\/avatar\\\/4dfbf16b4d17945bfb6341b2d19043457132fcf478a5ee04f42e959fd8f5df0a?s=96&d=mm&r=g\",\"caption\":\"NOTICIASMERCEDINAS.COM\"},\"url\":\"https:\\\/\\\/noticiasmercedinas.com\\\/site\\\/author\\\/anonimo\\\/\"}]}<\/script>\n<!-- \/ Yoast SEO plugin. -->","yoast_head_json":{"title":"Alimentaci\u00f3n intuitiva: dejar de luchar con la comida y empezar a disfrutarla","robots":{"index":"index","follow":"follow","max-snippet":"max-snippet:-1","max-image-preview":"max-image-preview:large","max-video-preview":"max-video-preview:-1"},"canonical":"https:\/\/noticiasmercedinas.com\/site\/2023\/09\/20\/alimentacion-intuitiva-dejar-de-luchar-con-la-comida-y-empezar-a-disfrutarla\/","og_locale":"es_ES","og_type":"article","og_title":"Alimentaci\u00f3n intuitiva: dejar de luchar con la comida y empezar a disfrutarla","og_description":"\u25a0\u00a0La alimentaci\u00f3n intuitiva es un enfoque que se basa en escuchar las se\u00f1ales de hambre y saciedad del cuerpo.","og_url":"https:\/\/noticiasmercedinas.com\/site\/2023\/09\/20\/alimentacion-intuitiva-dejar-de-luchar-con-la-comida-y-empezar-a-disfrutarla\/","og_site_name":"NOTICIASMERCEDINAS.COM","article_publisher":"https:\/\/www.facebook.com\/noticiasmercedinas\/","article_published_time":"2023-09-20T12:16:33+00:00","article_modified_time":"2023-09-20T12:16:46+00:00","og_image":[{"width":640,"height":427,"url":"https:\/\/noticiasmercedinas.com\/site\/wp-content\/uploads\/2023\/09\/alimentacion_intuitiva_1.jpg","type":"image\/jpeg"}],"author":"NOTICIASMERCEDINAS.COM","twitter_card":"summary_large_image","twitter_creator":"@notmercedinas","twitter_site":"@notmercedinas","twitter_misc":{"Escrito por":"NOTICIASMERCEDINAS.COM","Tiempo de lectura":"4 minutos"},"schema":{"@context":"https:\/\/schema.org","@graph":[{"@type":"Article","@id":"https:\/\/noticiasmercedinas.com\/site\/2023\/09\/20\/alimentacion-intuitiva-dejar-de-luchar-con-la-comida-y-empezar-a-disfrutarla\/#article","isPartOf":{"@id":"https:\/\/noticiasmercedinas.com\/site\/2023\/09\/20\/alimentacion-intuitiva-dejar-de-luchar-con-la-comida-y-empezar-a-disfrutarla\/"},"author":{"name":"NOTICIASMERCEDINAS.COM","@id":"https:\/\/noticiasmercedinas.com\/site\/#\/schema\/person\/84b59c099c28ff2e8b77d4ceec5d8063"},"headline":"Alimentaci\u00f3n intuitiva: dejar de luchar con la comida y empezar a disfrutarla","datePublished":"2023-09-20T12:16:33+00:00","dateModified":"2023-09-20T12:16:46+00:00","mainEntityOfPage":{"@id":"https:\/\/noticiasmercedinas.com\/site\/2023\/09\/20\/alimentacion-intuitiva-dejar-de-luchar-con-la-comida-y-empezar-a-disfrutarla\/"},"wordCount":887,"publisher":{"@id":"https:\/\/noticiasmercedinas.com\/site\/#organization"},"image":{"@id":"https:\/\/noticiasmercedinas.com\/site\/2023\/09\/20\/alimentacion-intuitiva-dejar-de-luchar-con-la-comida-y-empezar-a-disfrutarla\/#primaryimage"},"thumbnailUrl":"https:\/\/noticiasmercedinas.com\/site\/wp-content\/uploads\/2023\/09\/alimentacion_intuitiva_1.jpg","keywords":["alimentacion","Colegio de Nutricionistas de la Provincia de Buenos Aires"],"articleSection":["Bienestar"],"inLanguage":"es"},{"@type":"WebPage","@id":"https:\/\/noticiasmercedinas.com\/site\/2023\/09\/20\/alimentacion-intuitiva-dejar-de-luchar-con-la-comida-y-empezar-a-disfrutarla\/","url":"https:\/\/noticiasmercedinas.com\/site\/2023\/09\/20\/alimentacion-intuitiva-dejar-de-luchar-con-la-comida-y-empezar-a-disfrutarla\/","name":"Alimentaci\u00f3n intuitiva: dejar de luchar con la comida y empezar a disfrutarla","isPartOf":{"@id":"https:\/\/noticiasmercedinas.com\/site\/#website"},"primaryImageOfPage":{"@id":"https:\/\/noticiasmercedinas.com\/site\/2023\/09\/20\/alimentacion-intuitiva-dejar-de-luchar-con-la-comida-y-empezar-a-disfrutarla\/#primaryimage"},"image":{"@id":"https:\/\/noticiasmercedinas.com\/site\/2023\/09\/20\/alimentacion-intuitiva-dejar-de-luchar-con-la-comida-y-empezar-a-disfrutarla\/#primaryimage"},"thumbnailUrl":"https:\/\/noticiasmercedinas.com\/site\/wp-content\/uploads\/2023\/09\/alimentacion_intuitiva_1.jpg","datePublished":"2023-09-20T12:16:33+00:00","dateModified":"2023-09-20T12:16:46+00:00","breadcrumb":{"@id":"https:\/\/noticiasmercedinas.com\/site\/2023\/09\/20\/alimentacion-intuitiva-dejar-de-luchar-con-la-comida-y-empezar-a-disfrutarla\/#breadcrumb"},"inLanguage":"es","potentialAction":[{"@type":"ReadAction","target":["https:\/\/noticiasmercedinas.com\/site\/2023\/09\/20\/alimentacion-intuitiva-dejar-de-luchar-con-la-comida-y-empezar-a-disfrutarla\/"]}]},{"@type":"ImageObject","inLanguage":"es","@id":"https:\/\/noticiasmercedinas.com\/site\/2023\/09\/20\/alimentacion-intuitiva-dejar-de-luchar-con-la-comida-y-empezar-a-disfrutarla\/#primaryimage","url":"https:\/\/noticiasmercedinas.com\/site\/wp-content\/uploads\/2023\/09\/alimentacion_intuitiva_1.jpg","contentUrl":"https:\/\/noticiasmercedinas.com\/site\/wp-content\/uploads\/2023\/09\/alimentacion_intuitiva_1.jpg","width":640,"height":427},{"@type":"BreadcrumbList","@id":"https:\/\/noticiasmercedinas.com\/site\/2023\/09\/20\/alimentacion-intuitiva-dejar-de-luchar-con-la-comida-y-empezar-a-disfrutarla\/#breadcrumb","itemListElement":[{"@type":"ListItem","position":1,"name":"Portada","item":"https:\/\/noticiasmercedinas.com\/site\/"},{"@type":"ListItem","position":2,"name":"Alimentaci\u00f3n intuitiva: dejar de luchar con la comida y empezar a disfrutarla"}]},{"@type":"WebSite","@id":"https:\/\/noticiasmercedinas.com\/site\/#website","url":"https:\/\/noticiasmercedinas.com\/site\/","name":"NOTICIASMERCEDINAS.COM","description":"Mercedes, Buenos Aires, Argentina","publisher":{"@id":"https:\/\/noticiasmercedinas.com\/site\/#organization"},"potentialAction":[{"@type":"SearchAction","target":{"@type":"EntryPoint","urlTemplate":"https:\/\/noticiasmercedinas.com\/site\/?s={search_term_string}"},"query-input":{"@type":"PropertyValueSpecification","valueRequired":true,"valueName":"search_term_string"}}],"inLanguage":"es"},{"@type":"Organization","@id":"https:\/\/noticiasmercedinas.com\/site\/#organization","name":"NOTICIASMERCEDINAS.COM","url":"https:\/\/noticiasmercedinas.com\/site\/","logo":{"@type":"ImageObject","inLanguage":"es","@id":"https:\/\/noticiasmercedinas.com\/site\/#\/schema\/logo\/image\/","url":"https:\/\/noticiasmercedinas.com\/site\/wp-content\/uploads\/2020\/06\/LOGO-512.jpg","contentUrl":"https:\/\/noticiasmercedinas.com\/site\/wp-content\/uploads\/2020\/06\/LOGO-512.jpg","width":512,"height":512,"caption":"NOTICIASMERCEDINAS.COM"},"image":{"@id":"https:\/\/noticiasmercedinas.com\/site\/#\/schema\/logo\/image\/"},"sameAs":["https:\/\/www.facebook.com\/noticiasmercedinas\/","https:\/\/x.com\/notmercedinas","https:\/\/www.instagram.com\/noticiasmercedinas\/"]},{"@type":"Person","@id":"https:\/\/noticiasmercedinas.com\/site\/#\/schema\/person\/84b59c099c28ff2e8b77d4ceec5d8063","name":"NOTICIASMERCEDINAS.COM","image":{"@type":"ImageObject","inLanguage":"es","@id":"https:\/\/secure.gravatar.com\/avatar\/4dfbf16b4d17945bfb6341b2d19043457132fcf478a5ee04f42e959fd8f5df0a?s=96&d=mm&r=g","url":"https:\/\/secure.gravatar.com\/avatar\/4dfbf16b4d17945bfb6341b2d19043457132fcf478a5ee04f42e959fd8f5df0a?s=96&d=mm&r=g","contentUrl":"https:\/\/secure.gravatar.com\/avatar\/4dfbf16b4d17945bfb6341b2d19043457132fcf478a5ee04f42e959fd8f5df0a?s=96&d=mm&r=g","caption":"NOTICIASMERCEDINAS.COM"},"url":"https:\/\/noticiasmercedinas.com\/site\/author\/anonimo\/"}]}},"amp_enabled":true,"_links":{"self":[{"href":"https:\/\/noticiasmercedinas.com\/site\/wp-json\/wp\/v2\/posts\/123070","targetHints":{"allow":["GET"]}}],"collection":[{"href":"https:\/\/noticiasmercedinas.com\/site\/wp-json\/wp\/v2\/posts"}],"about":[{"href":"https:\/\/noticiasmercedinas.com\/site\/wp-json\/wp\/v2\/types\/post"}],"author":[{"embeddable":true,"href":"https:\/\/noticiasmercedinas.com\/site\/wp-json\/wp\/v2\/users\/16"}],"replies":[{"embeddable":true,"href":"https:\/\/noticiasmercedinas.com\/site\/wp-json\/wp\/v2\/comments?post=123070"}],"version-history":[{"count":1,"href":"https:\/\/noticiasmercedinas.com\/site\/wp-json\/wp\/v2\/posts\/123070\/revisions"}],"predecessor-version":[{"id":123072,"href":"https:\/\/noticiasmercedinas.com\/site\/wp-json\/wp\/v2\/posts\/123070\/revisions\/123072"}],"wp:featuredmedia":[{"embeddable":true,"href":"https:\/\/noticiasmercedinas.com\/site\/wp-json\/wp\/v2\/media\/123071"}],"wp:attachment":[{"href":"https:\/\/noticiasmercedinas.com\/site\/wp-json\/wp\/v2\/media?parent=123070"}],"wp:term":[{"taxonomy":"category","embeddable":true,"href":"https:\/\/noticiasmercedinas.com\/site\/wp-json\/wp\/v2\/categories?post=123070"},{"taxonomy":"post_tag","embeddable":true,"href":"https:\/\/noticiasmercedinas.com\/site\/wp-json\/wp\/v2\/tags?post=123070"}],"curies":[{"name":"wp","href":"https:\/\/api.w.org\/{rel}","templated":true}]}}