{"id":123073,"date":"2023-09-20T09:22:15","date_gmt":"2023-09-20T12:22:15","guid":{"rendered":"https:\/\/noticiasmercedinas.com\/site\/?p=123073"},"modified":"2023-09-20T09:22:15","modified_gmt":"2023-09-20T12:22:15","slug":"municipio-y-banco-nacion-presentaron-nuevas-lineas-de-credito-y-apoyo","status":"publish","type":"post","link":"https:\/\/noticiasmercedinas.com\/site\/2023\/09\/20\/municipio-y-banco-nacion-presentaron-nuevas-lineas-de-credito-y-apoyo\/","title":{"rendered":"Municipio y Banco Naci\u00f3n presentaron nuevas l\u00edneas de cr\u00e9dito y apoyo"},"content":{"rendered":"<p><img loading=\"lazy\" decoding=\"async\" class=\"alignnone size-full wp-image-123074\" src=\"https:\/\/noticiasmercedinas.com\/site\/wp-content\/uploads\/2023\/09\/Ustarroz-Strada.jpg\" alt=\"\" width=\"640\" height=\"427\" srcset=\"https:\/\/noticiasmercedinas.com\/site\/wp-content\/uploads\/2023\/09\/Ustarroz-Strada.jpg 640w, https:\/\/noticiasmercedinas.com\/site\/wp-content\/uploads\/2023\/09\/Ustarroz-Strada-300x200.jpg 300w\" sizes=\"auto, (max-width: 640px) 100vw, 640px\" \/><\/p>\n<p>En un esfuerzo conjunto por impulsar el desarrollo industrial, comercial y de las peque\u00f1as y medianas empresas (Pymes), el Intendente Dr. Juan Ignacio Ustarroz se uni\u00f3 a la Dra. Julia Strada, Directora del Banco Naci\u00f3n, para presentar una serie de l\u00edneas de cr\u00e9dito, programas y apoyos destinados a fortalecer el tejido empresarial de Mercedes.<\/p>\n<p>Durante el evento, tambi\u00e9n se destac\u00f3 el perfil productivo de la ciudad, resultado de una investigaci\u00f3n comunal exhaustiva.<\/p>\n<p>El Intendente Juan Ignacio Ustarroz agradeci\u00f3 la participaci\u00f3n de todos los presentes, incluyendo a la Dra. Julia Strada y al Banco Naci\u00f3n, la C\u00e1mara Econ\u00f3mica, y el Consorcio del Sector Industrial Planificado. Destac\u00f3 la importancia de comprender en profundidad las necesidades y desaf\u00edos del sector empresarial para planificar pol\u00edticas p\u00fablicas efectivas.<\/p>\n<p>\u00abEs muy importante tener un buen diagn\u00f3stico y un mayor conocimiento para poder planificar las pol\u00edticas p\u00fablicas necesarias y as\u00ed impulsar el sector\u00bb, afirm\u00f3 el Intendente.<\/p>\n<p><strong>Un Estado emprendedor<br \/>\n<\/strong>El Dr. Ustarroz reiter\u00f3 su compromiso con un Estado emprendedor que apoye y acompa\u00f1e a los empresarios locales. Se\u00f1al\u00f3 la importancia de generar condiciones y oportunidades para el crecimiento de los emprendimientos y la mejora de la calidad de vida de la poblaci\u00f3n.<\/p>\n<p>El Intendente enfatiz\u00f3 la colaboraci\u00f3n entre el sector p\u00fablico y privado, destacando la necesidad de reglas claras y un diagn\u00f3stico participativo y continuo. Hizo hincapi\u00e9 en la importancia de crear una agenda de futuro a partir del encuentro y la confianza, fomentando la generaci\u00f3n de ideas de trabajo para beneficio de la comunidad.<\/p>\n<p><strong>Oportunidades del Banco Naci\u00f3n<br \/>\n<\/strong>Julia Strada, Directora del Banco Naci\u00f3n, present\u00f3 detalladamente los beneficios y programas a los que pueden acceder los productores, industriales, comerciantes y emprendedores locales a trav\u00e9s del banco. La presentaci\u00f3n incluy\u00f3 informaci\u00f3n sobre opciones comerciales y crediticias.<\/p>\n<p>Gabriel Su\u00e1rez Lissi, Gerente Zonal del Banco Naci\u00f3n, destac\u00f3 el compromiso de la entidad bancaria para mejorar la eficiencia de los procesos y simplificar la burocracia. Tambi\u00e9n resalt\u00f3 el apoyo en t\u00e9rminos de inversiones y financiamiento para empresas locales.<\/p>\n<p><strong>Fortalecimiento de la producci\u00f3n local<br \/>\n<\/strong>Carolina Galeano, del \u00e1rea de Producci\u00f3n de la Municipalidad, salud\u00f3 a todas las empresas presentes y destac\u00f3 la importancia del programa Mercedes Produce, dise\u00f1ado para fortalecer las unidades productivas de la ciudad.<\/p>\n<p>La exposici\u00f3n revel\u00f3 los resultados del censo productivo realizado por la municipalidad, subrayando el compromiso de Mercedes con su crecimiento econ\u00f3mico y desarrollo sostenible<\/p>\n<p><img loading=\"lazy\" decoding=\"async\" class=\"alignnone size-full wp-image-123075\" src=\"https:\/\/noticiasmercedinas.com\/site\/wp-content\/uploads\/2023\/09\/Ustarroz-Strada.2.jpg\" alt=\"\" width=\"640\" height=\"427\" srcset=\"https:\/\/noticiasmercedinas.com\/site\/wp-content\/uploads\/2023\/09\/Ustarroz-Strada.2.jpg 640w, https:\/\/noticiasmercedinas.com\/site\/wp-content\/uploads\/2023\/09\/Ustarroz-Strada.2-300x200.jpg 300w\" sizes=\"auto, (max-width: 640px) 100vw, 640px\" \/><\/p>\n","protected":false},"excerpt":{"rendered":"<p>En un esfuerzo conjunto por impulsar el desarrollo industrial, comercial y de las peque\u00f1as y medianas empresas (Pymes), el Intendente Dr. Juan Ignacio Ustarroz se uni\u00f3 a la Dra. Julia Strada, Directora del Banco Naci\u00f3n, para presentar una serie de l\u00edneas de cr\u00e9dito, programas y apoyos destinados a fortalecer el tejido empresarial de Mercedes. Durante [&hellip;]<\/p>\n","protected":false},"author":16,"featured_media":123074,"comment_status":"closed","ping_status":"closed","sticky":false,"template":"","format":"standard","meta":{"footnotes":""},"categories":[74],"tags":[2354,2167,32],"class_list":["post-123073","post","type-post","status-publish","format-standard","has-post-thumbnail","hentry","category-emprendimientos","tag-banco-nacion","tag-credito","tag-produccion"],"yoast_head":"<!-- This site is optimized with the Yoast SEO plugin v27.4 - https:\/\/yoast.com\/product\/yoast-seo-wordpress\/ -->\n<title>Municipio y Banco Naci\u00f3n presentaron nuevas l\u00edneas de cr\u00e9dito y apoyo<\/title>\n<meta name=\"robots\" content=\"index, follow, max-snippet:-1, max-image-preview:large, max-video-preview:-1\" \/>\n<link rel=\"canonical\" href=\"https:\/\/noticiasmercedinas.com\/site\/2023\/09\/20\/municipio-y-banco-nacion-presentaron-nuevas-lineas-de-credito-y-apoyo\/\" \/>\n<meta property=\"og:locale\" content=\"es_ES\" \/>\n<meta property=\"og:type\" content=\"article\" \/>\n<meta property=\"og:title\" content=\"Municipio y Banco Naci\u00f3n presentaron nuevas l\u00edneas de cr\u00e9dito y apoyo\" \/>\n<meta property=\"og:description\" content=\"En un esfuerzo conjunto por impulsar el desarrollo industrial, comercial y de las peque\u00f1as y medianas empresas (Pymes), el Intendente Dr. Juan Ignacio Ustarroz se uni\u00f3 a la Dra. Julia Strada, Directora del Banco Naci\u00f3n, para presentar una serie de l\u00edneas de cr\u00e9dito, programas y apoyos destinados a fortalecer el tejido empresarial de Mercedes. Durante [&hellip;]\" \/>\n<meta property=\"og:url\" content=\"https:\/\/noticiasmercedinas.com\/site\/2023\/09\/20\/municipio-y-banco-nacion-presentaron-nuevas-lineas-de-credito-y-apoyo\/\" \/>\n<meta property=\"og:site_name\" content=\"NOTICIASMERCEDINAS.COM\" \/>\n<meta property=\"article:publisher\" content=\"https:\/\/www.facebook.com\/noticiasmercedinas\/\" \/>\n<meta property=\"article:published_time\" content=\"2023-09-20T12:22:15+00:00\" \/>\n<meta property=\"og:image\" content=\"https:\/\/noticiasmercedinas.com\/site\/wp-content\/uploads\/2023\/09\/Ustarroz-Strada.jpg\" \/>\n\t<meta property=\"og:image:width\" content=\"640\" \/>\n\t<meta property=\"og:image:height\" content=\"427\" \/>\n\t<meta property=\"og:image:type\" content=\"image\/jpeg\" \/>\n<meta name=\"author\" content=\"NOTICIASMERCEDINAS.COM\" \/>\n<meta name=\"twitter:card\" content=\"summary_large_image\" \/>\n<meta name=\"twitter:creator\" content=\"@notmercedinas\" \/>\n<meta name=\"twitter:site\" content=\"@notmercedinas\" \/>\n<meta name=\"twitter:label1\" content=\"Escrito por\" \/>\n\t<meta name=\"twitter:data1\" content=\"NOTICIASMERCEDINAS.COM\" \/>\n\t<meta name=\"twitter:label2\" content=\"Tiempo de lectura\" \/>\n\t<meta name=\"twitter:data2\" content=\"3 minutos\" \/>\n<script type=\"application\/ld+json\" class=\"yoast-schema-graph\">{\"@context\":\"https:\\\/\\\/schema.org\",\"@graph\":[{\"@type\":\"Article\",\"@id\":\"https:\\\/\\\/noticiasmercedinas.com\\\/site\\\/2023\\\/09\\\/20\\\/municipio-y-banco-nacion-presentaron-nuevas-lineas-de-credito-y-apoyo\\\/#article\",\"isPartOf\":{\"@id\":\"https:\\\/\\\/noticiasmercedinas.com\\\/site\\\/2023\\\/09\\\/20\\\/municipio-y-banco-nacion-presentaron-nuevas-lineas-de-credito-y-apoyo\\\/\"},\"author\":{\"name\":\"NOTICIASMERCEDINAS.COM\",\"@id\":\"https:\\\/\\\/noticiasmercedinas.com\\\/site\\\/#\\\/schema\\\/person\\\/84b59c099c28ff2e8b77d4ceec5d8063\"},\"headline\":\"Municipio y Banco Naci\u00f3n presentaron nuevas l\u00edneas de cr\u00e9dito y apoyo\",\"datePublished\":\"2023-09-20T12:22:15+00:00\",\"mainEntityOfPage\":{\"@id\":\"https:\\\/\\\/noticiasmercedinas.com\\\/site\\\/2023\\\/09\\\/20\\\/municipio-y-banco-nacion-presentaron-nuevas-lineas-de-credito-y-apoyo\\\/\"},\"wordCount\":440,\"publisher\":{\"@id\":\"https:\\\/\\\/noticiasmercedinas.com\\\/site\\\/#organization\"},\"image\":{\"@id\":\"https:\\\/\\\/noticiasmercedinas.com\\\/site\\\/2023\\\/09\\\/20\\\/municipio-y-banco-nacion-presentaron-nuevas-lineas-de-credito-y-apoyo\\\/#primaryimage\"},\"thumbnailUrl\":\"https:\\\/\\\/noticiasmercedinas.com\\\/site\\\/wp-content\\\/uploads\\\/2023\\\/09\\\/Ustarroz-Strada.jpg\",\"keywords\":[\"banco nacion\",\"credito\",\"produccion\"],\"articleSection\":[\"Emprendimientos\"],\"inLanguage\":\"es\"},{\"@type\":\"WebPage\",\"@id\":\"https:\\\/\\\/noticiasmercedinas.com\\\/site\\\/2023\\\/09\\\/20\\\/municipio-y-banco-nacion-presentaron-nuevas-lineas-de-credito-y-apoyo\\\/\",\"url\":\"https:\\\/\\\/noticiasmercedinas.com\\\/site\\\/2023\\\/09\\\/20\\\/municipio-y-banco-nacion-presentaron-nuevas-lineas-de-credito-y-apoyo\\\/\",\"name\":\"Municipio y Banco Naci\u00f3n presentaron nuevas l\u00edneas de cr\u00e9dito y apoyo\",\"isPartOf\":{\"@id\":\"https:\\\/\\\/noticiasmercedinas.com\\\/site\\\/#website\"},\"primaryImageOfPage\":{\"@id\":\"https:\\\/\\\/noticiasmercedinas.com\\\/site\\\/2023\\\/09\\\/20\\\/municipio-y-banco-nacion-presentaron-nuevas-lineas-de-credito-y-apoyo\\\/#primaryimage\"},\"image\":{\"@id\":\"https:\\\/\\\/noticiasmercedinas.com\\\/site\\\/2023\\\/09\\\/20\\\/municipio-y-banco-nacion-presentaron-nuevas-lineas-de-credito-y-apoyo\\\/#primaryimage\"},\"thumbnailUrl\":\"https:\\\/\\\/noticiasmercedinas.com\\\/site\\\/wp-content\\\/uploads\\\/2023\\\/09\\\/Ustarroz-Strada.jpg\",\"datePublished\":\"2023-09-20T12:22:15+00:00\",\"breadcrumb\":{\"@id\":\"https:\\\/\\\/noticiasmercedinas.com\\\/site\\\/2023\\\/09\\\/20\\\/municipio-y-banco-nacion-presentaron-nuevas-lineas-de-credito-y-apoyo\\\/#breadcrumb\"},\"inLanguage\":\"es\",\"potentialAction\":[{\"@type\":\"ReadAction\",\"target\":[\"https:\\\/\\\/noticiasmercedinas.com\\\/site\\\/2023\\\/09\\\/20\\\/municipio-y-banco-nacion-presentaron-nuevas-lineas-de-credito-y-apoyo\\\/\"]}]},{\"@type\":\"ImageObject\",\"inLanguage\":\"es\",\"@id\":\"https:\\\/\\\/noticiasmercedinas.com\\\/site\\\/2023\\\/09\\\/20\\\/municipio-y-banco-nacion-presentaron-nuevas-lineas-de-credito-y-apoyo\\\/#primaryimage\",\"url\":\"https:\\\/\\\/noticiasmercedinas.com\\\/site\\\/wp-content\\\/uploads\\\/2023\\\/09\\\/Ustarroz-Strada.jpg\",\"contentUrl\":\"https:\\\/\\\/noticiasmercedinas.com\\\/site\\\/wp-content\\\/uploads\\\/2023\\\/09\\\/Ustarroz-Strada.jpg\",\"width\":640,\"height\":427},{\"@type\":\"BreadcrumbList\",\"@id\":\"https:\\\/\\\/noticiasmercedinas.com\\\/site\\\/2023\\\/09\\\/20\\\/municipio-y-banco-nacion-presentaron-nuevas-lineas-de-credito-y-apoyo\\\/#breadcrumb\",\"itemListElement\":[{\"@type\":\"ListItem\",\"position\":1,\"name\":\"Portada\",\"item\":\"https:\\\/\\\/noticiasmercedinas.com\\\/site\\\/\"},{\"@type\":\"ListItem\",\"position\":2,\"name\":\"Municipio y Banco Naci\u00f3n presentaron nuevas l\u00edneas de cr\u00e9dito y apoyo\"}]},{\"@type\":\"WebSite\",\"@id\":\"https:\\\/\\\/noticiasmercedinas.com\\\/site\\\/#website\",\"url\":\"https:\\\/\\\/noticiasmercedinas.com\\\/site\\\/\",\"name\":\"NOTICIASMERCEDINAS.COM\",\"description\":\"Mercedes, Buenos Aires, Argentina\",\"publisher\":{\"@id\":\"https:\\\/\\\/noticiasmercedinas.com\\\/site\\\/#organization\"},\"potentialAction\":[{\"@type\":\"SearchAction\",\"target\":{\"@type\":\"EntryPoint\",\"urlTemplate\":\"https:\\\/\\\/noticiasmercedinas.com\\\/site\\\/?s={search_term_string}\"},\"query-input\":{\"@type\":\"PropertyValueSpecification\",\"valueRequired\":true,\"valueName\":\"search_term_string\"}}],\"inLanguage\":\"es\"},{\"@type\":\"Organization\",\"@id\":\"https:\\\/\\\/noticiasmercedinas.com\\\/site\\\/#organization\",\"name\":\"NOTICIASMERCEDINAS.COM\",\"url\":\"https:\\\/\\\/noticiasmercedinas.com\\\/site\\\/\",\"logo\":{\"@type\":\"ImageObject\",\"inLanguage\":\"es\",\"@id\":\"https:\\\/\\\/noticiasmercedinas.com\\\/site\\\/#\\\/schema\\\/logo\\\/image\\\/\",\"url\":\"https:\\\/\\\/noticiasmercedinas.com\\\/site\\\/wp-content\\\/uploads\\\/2020\\\/06\\\/LOGO-512.jpg\",\"contentUrl\":\"https:\\\/\\\/noticiasmercedinas.com\\\/site\\\/wp-content\\\/uploads\\\/2020\\\/06\\\/LOGO-512.jpg\",\"width\":512,\"height\":512,\"caption\":\"NOTICIASMERCEDINAS.COM\"},\"image\":{\"@id\":\"https:\\\/\\\/noticiasmercedinas.com\\\/site\\\/#\\\/schema\\\/logo\\\/image\\\/\"},\"sameAs\":[\"https:\\\/\\\/www.facebook.com\\\/noticiasmercedinas\\\/\",\"https:\\\/\\\/x.com\\\/notmercedinas\",\"https:\\\/\\\/www.instagram.com\\\/noticiasmercedinas\\\/\"]},{\"@type\":\"Person\",\"@id\":\"https:\\\/\\\/noticiasmercedinas.com\\\/site\\\/#\\\/schema\\\/person\\\/84b59c099c28ff2e8b77d4ceec5d8063\",\"name\":\"NOTICIASMERCEDINAS.COM\",\"image\":{\"@type\":\"ImageObject\",\"inLanguage\":\"es\",\"@id\":\"https:\\\/\\\/secure.gravatar.com\\\/avatar\\\/4dfbf16b4d17945bfb6341b2d19043457132fcf478a5ee04f42e959fd8f5df0a?s=96&d=mm&r=g\",\"url\":\"https:\\\/\\\/secure.gravatar.com\\\/avatar\\\/4dfbf16b4d17945bfb6341b2d19043457132fcf478a5ee04f42e959fd8f5df0a?s=96&d=mm&r=g\",\"contentUrl\":\"https:\\\/\\\/secure.gravatar.com\\\/avatar\\\/4dfbf16b4d17945bfb6341b2d19043457132fcf478a5ee04f42e959fd8f5df0a?s=96&d=mm&r=g\",\"caption\":\"NOTICIASMERCEDINAS.COM\"},\"url\":\"https:\\\/\\\/noticiasmercedinas.com\\\/site\\\/author\\\/anonimo\\\/\"}]}<\/script>\n<!-- \/ Yoast SEO plugin. -->","yoast_head_json":{"title":"Municipio y Banco Naci\u00f3n presentaron nuevas l\u00edneas de cr\u00e9dito y apoyo","robots":{"index":"index","follow":"follow","max-snippet":"max-snippet:-1","max-image-preview":"max-image-preview:large","max-video-preview":"max-video-preview:-1"},"canonical":"https:\/\/noticiasmercedinas.com\/site\/2023\/09\/20\/municipio-y-banco-nacion-presentaron-nuevas-lineas-de-credito-y-apoyo\/","og_locale":"es_ES","og_type":"article","og_title":"Municipio y Banco Naci\u00f3n presentaron nuevas l\u00edneas de cr\u00e9dito y apoyo","og_description":"En un esfuerzo conjunto por impulsar el desarrollo industrial, comercial y de las peque\u00f1as y medianas empresas (Pymes), el Intendente Dr. Juan Ignacio Ustarroz se uni\u00f3 a la Dra. Julia Strada, Directora del Banco Naci\u00f3n, para presentar una serie de l\u00edneas de cr\u00e9dito, programas y apoyos destinados a fortalecer el tejido empresarial de Mercedes. Durante [&hellip;]","og_url":"https:\/\/noticiasmercedinas.com\/site\/2023\/09\/20\/municipio-y-banco-nacion-presentaron-nuevas-lineas-de-credito-y-apoyo\/","og_site_name":"NOTICIASMERCEDINAS.COM","article_publisher":"https:\/\/www.facebook.com\/noticiasmercedinas\/","article_published_time":"2023-09-20T12:22:15+00:00","og_image":[{"width":640,"height":427,"url":"https:\/\/noticiasmercedinas.com\/site\/wp-content\/uploads\/2023\/09\/Ustarroz-Strada.jpg","type":"image\/jpeg"}],"author":"NOTICIASMERCEDINAS.COM","twitter_card":"summary_large_image","twitter_creator":"@notmercedinas","twitter_site":"@notmercedinas","twitter_misc":{"Escrito por":"NOTICIASMERCEDINAS.COM","Tiempo de lectura":"3 minutos"},"schema":{"@context":"https:\/\/schema.org","@graph":[{"@type":"Article","@id":"https:\/\/noticiasmercedinas.com\/site\/2023\/09\/20\/municipio-y-banco-nacion-presentaron-nuevas-lineas-de-credito-y-apoyo\/#article","isPartOf":{"@id":"https:\/\/noticiasmercedinas.com\/site\/2023\/09\/20\/municipio-y-banco-nacion-presentaron-nuevas-lineas-de-credito-y-apoyo\/"},"author":{"name":"NOTICIASMERCEDINAS.COM","@id":"https:\/\/noticiasmercedinas.com\/site\/#\/schema\/person\/84b59c099c28ff2e8b77d4ceec5d8063"},"headline":"Municipio y Banco Naci\u00f3n presentaron nuevas l\u00edneas de cr\u00e9dito y apoyo","datePublished":"2023-09-20T12:22:15+00:00","mainEntityOfPage":{"@id":"https:\/\/noticiasmercedinas.com\/site\/2023\/09\/20\/municipio-y-banco-nacion-presentaron-nuevas-lineas-de-credito-y-apoyo\/"},"wordCount":440,"publisher":{"@id":"https:\/\/noticiasmercedinas.com\/site\/#organization"},"image":{"@id":"https:\/\/noticiasmercedinas.com\/site\/2023\/09\/20\/municipio-y-banco-nacion-presentaron-nuevas-lineas-de-credito-y-apoyo\/#primaryimage"},"thumbnailUrl":"https:\/\/noticiasmercedinas.com\/site\/wp-content\/uploads\/2023\/09\/Ustarroz-Strada.jpg","keywords":["banco nacion","credito","produccion"],"articleSection":["Emprendimientos"],"inLanguage":"es"},{"@type":"WebPage","@id":"https:\/\/noticiasmercedinas.com\/site\/2023\/09\/20\/municipio-y-banco-nacion-presentaron-nuevas-lineas-de-credito-y-apoyo\/","url":"https:\/\/noticiasmercedinas.com\/site\/2023\/09\/20\/municipio-y-banco-nacion-presentaron-nuevas-lineas-de-credito-y-apoyo\/","name":"Municipio y Banco Naci\u00f3n presentaron nuevas l\u00edneas de cr\u00e9dito y apoyo","isPartOf":{"@id":"https:\/\/noticiasmercedinas.com\/site\/#website"},"primaryImageOfPage":{"@id":"https:\/\/noticiasmercedinas.com\/site\/2023\/09\/20\/municipio-y-banco-nacion-presentaron-nuevas-lineas-de-credito-y-apoyo\/#primaryimage"},"image":{"@id":"https:\/\/noticiasmercedinas.com\/site\/2023\/09\/20\/municipio-y-banco-nacion-presentaron-nuevas-lineas-de-credito-y-apoyo\/#primaryimage"},"thumbnailUrl":"https:\/\/noticiasmercedinas.com\/site\/wp-content\/uploads\/2023\/09\/Ustarroz-Strada.jpg","datePublished":"2023-09-20T12:22:15+00:00","breadcrumb":{"@id":"https:\/\/noticiasmercedinas.com\/site\/2023\/09\/20\/municipio-y-banco-nacion-presentaron-nuevas-lineas-de-credito-y-apoyo\/#breadcrumb"},"inLanguage":"es","potentialAction":[{"@type":"ReadAction","target":["https:\/\/noticiasmercedinas.com\/site\/2023\/09\/20\/municipio-y-banco-nacion-presentaron-nuevas-lineas-de-credito-y-apoyo\/"]}]},{"@type":"ImageObject","inLanguage":"es","@id":"https:\/\/noticiasmercedinas.com\/site\/2023\/09\/20\/municipio-y-banco-nacion-presentaron-nuevas-lineas-de-credito-y-apoyo\/#primaryimage","url":"https:\/\/noticiasmercedinas.com\/site\/wp-content\/uploads\/2023\/09\/Ustarroz-Strada.jpg","contentUrl":"https:\/\/noticiasmercedinas.com\/site\/wp-content\/uploads\/2023\/09\/Ustarroz-Strada.jpg","width":640,"height":427},{"@type":"BreadcrumbList","@id":"https:\/\/noticiasmercedinas.com\/site\/2023\/09\/20\/municipio-y-banco-nacion-presentaron-nuevas-lineas-de-credito-y-apoyo\/#breadcrumb","itemListElement":[{"@type":"ListItem","position":1,"name":"Portada","item":"https:\/\/noticiasmercedinas.com\/site\/"},{"@type":"ListItem","position":2,"name":"Municipio y Banco Naci\u00f3n presentaron nuevas l\u00edneas de cr\u00e9dito y apoyo"}]},{"@type":"WebSite","@id":"https:\/\/noticiasmercedinas.com\/site\/#website","url":"https:\/\/noticiasmercedinas.com\/site\/","name":"NOTICIASMERCEDINAS.COM","description":"Mercedes, Buenos Aires, Argentina","publisher":{"@id":"https:\/\/noticiasmercedinas.com\/site\/#organization"},"potentialAction":[{"@type":"SearchAction","target":{"@type":"EntryPoint","urlTemplate":"https:\/\/noticiasmercedinas.com\/site\/?s={search_term_string}"},"query-input":{"@type":"PropertyValueSpecification","valueRequired":true,"valueName":"search_term_string"}}],"inLanguage":"es"},{"@type":"Organization","@id":"https:\/\/noticiasmercedinas.com\/site\/#organization","name":"NOTICIASMERCEDINAS.COM","url":"https:\/\/noticiasmercedinas.com\/site\/","logo":{"@type":"ImageObject","inLanguage":"es","@id":"https:\/\/noticiasmercedinas.com\/site\/#\/schema\/logo\/image\/","url":"https:\/\/noticiasmercedinas.com\/site\/wp-content\/uploads\/2020\/06\/LOGO-512.jpg","contentUrl":"https:\/\/noticiasmercedinas.com\/site\/wp-content\/uploads\/2020\/06\/LOGO-512.jpg","width":512,"height":512,"caption":"NOTICIASMERCEDINAS.COM"},"image":{"@id":"https:\/\/noticiasmercedinas.com\/site\/#\/schema\/logo\/image\/"},"sameAs":["https:\/\/www.facebook.com\/noticiasmercedinas\/","https:\/\/x.com\/notmercedinas","https:\/\/www.instagram.com\/noticiasmercedinas\/"]},{"@type":"Person","@id":"https:\/\/noticiasmercedinas.com\/site\/#\/schema\/person\/84b59c099c28ff2e8b77d4ceec5d8063","name":"NOTICIASMERCEDINAS.COM","image":{"@type":"ImageObject","inLanguage":"es","@id":"https:\/\/secure.gravatar.com\/avatar\/4dfbf16b4d17945bfb6341b2d19043457132fcf478a5ee04f42e959fd8f5df0a?s=96&d=mm&r=g","url":"https:\/\/secure.gravatar.com\/avatar\/4dfbf16b4d17945bfb6341b2d19043457132fcf478a5ee04f42e959fd8f5df0a?s=96&d=mm&r=g","contentUrl":"https:\/\/secure.gravatar.com\/avatar\/4dfbf16b4d17945bfb6341b2d19043457132fcf478a5ee04f42e959fd8f5df0a?s=96&d=mm&r=g","caption":"NOTICIASMERCEDINAS.COM"},"url":"https:\/\/noticiasmercedinas.com\/site\/author\/anonimo\/"}]}},"amp_enabled":true,"_links":{"self":[{"href":"https:\/\/noticiasmercedinas.com\/site\/wp-json\/wp\/v2\/posts\/123073","targetHints":{"allow":["GET"]}}],"collection":[{"href":"https:\/\/noticiasmercedinas.com\/site\/wp-json\/wp\/v2\/posts"}],"about":[{"href":"https:\/\/noticiasmercedinas.com\/site\/wp-json\/wp\/v2\/types\/post"}],"author":[{"embeddable":true,"href":"https:\/\/noticiasmercedinas.com\/site\/wp-json\/wp\/v2\/users\/16"}],"replies":[{"embeddable":true,"href":"https:\/\/noticiasmercedinas.com\/site\/wp-json\/wp\/v2\/comments?post=123073"}],"version-history":[{"count":1,"href":"https:\/\/noticiasmercedinas.com\/site\/wp-json\/wp\/v2\/posts\/123073\/revisions"}],"predecessor-version":[{"id":123076,"href":"https:\/\/noticiasmercedinas.com\/site\/wp-json\/wp\/v2\/posts\/123073\/revisions\/123076"}],"wp:featuredmedia":[{"embeddable":true,"href":"https:\/\/noticiasmercedinas.com\/site\/wp-json\/wp\/v2\/media\/123074"}],"wp:attachment":[{"href":"https:\/\/noticiasmercedinas.com\/site\/wp-json\/wp\/v2\/media?parent=123073"}],"wp:term":[{"taxonomy":"category","embeddable":true,"href":"https:\/\/noticiasmercedinas.com\/site\/wp-json\/wp\/v2\/categories?post=123073"},{"taxonomy":"post_tag","embeddable":true,"href":"https:\/\/noticiasmercedinas.com\/site\/wp-json\/wp\/v2\/tags?post=123073"}],"curies":[{"name":"wp","href":"https:\/\/api.w.org\/{rel}","templated":true}]}}