{"id":123096,"date":"2023-09-20T12:47:39","date_gmt":"2023-09-20T15:47:39","guid":{"rendered":"https:\/\/noticiasmercedinas.com\/site\/?p=123096"},"modified":"2023-09-20T12:47:39","modified_gmt":"2023-09-20T15:47:39","slug":"diputado-carlos-selva-dimos-un-gran-paso-para-los-trabajadores","status":"publish","type":"post","link":"https:\/\/noticiasmercedinas.com\/site\/2023\/09\/20\/diputado-carlos-selva-dimos-un-gran-paso-para-los-trabajadores\/","title":{"rendered":"Diputado Carlos Selva: \u00abDimos un gran paso para los trabajadores\u00bb\u00a0"},"content":{"rendered":"<p><img loading=\"lazy\" decoding=\"async\" class=\"alignnone size-large wp-image-123097\" src=\"https:\/\/noticiasmercedinas.com\/site\/wp-content\/uploads\/2023\/09\/309862267_510676604209681_7626408363978818589_n-e1695224772277-1024x627.jpg\" alt=\"\" width=\"640\" height=\"392\" srcset=\"https:\/\/noticiasmercedinas.com\/site\/wp-content\/uploads\/2023\/09\/309862267_510676604209681_7626408363978818589_n-e1695224772277-1024x627.jpg 1024w, https:\/\/noticiasmercedinas.com\/site\/wp-content\/uploads\/2023\/09\/309862267_510676604209681_7626408363978818589_n-e1695224772277-300x184.jpg 300w, https:\/\/noticiasmercedinas.com\/site\/wp-content\/uploads\/2023\/09\/309862267_510676604209681_7626408363978818589_n-e1695224772277-768x470.jpg 768w, https:\/\/noticiasmercedinas.com\/site\/wp-content\/uploads\/2023\/09\/309862267_510676604209681_7626408363978818589_n-e1695224772277-640x392.jpg 640w, https:\/\/noticiasmercedinas.com\/site\/wp-content\/uploads\/2023\/09\/309862267_510676604209681_7626408363978818589_n-e1695224772277-681x417.jpg 681w, https:\/\/noticiasmercedinas.com\/site\/wp-content\/uploads\/2023\/09\/309862267_510676604209681_7626408363978818589_n-e1695224772277.jpg 1202w\" sizes=\"auto, (max-width: 640px) 100vw, 640px\" \/><\/p>\n<p>La C\u00e1mara de Diputados de Argentina vivi\u00f3 una jornada hist\u00f3rica al aprobar con 135 votos a favor, 103 en contra y ninguna abstenci\u00f3n, el proyecto de ley que propone eliminar el impuesto a las ganancias para m\u00e1s de 800 mil trabajadores y jubilados. La iniciativa, impulsada por el Ministro de Econom\u00eda <strong>Sergio Massa<\/strong>, recibi\u00f3 una amplia adhesi\u00f3n y se espera que el Senado le d\u00e9 continuidad.<\/p>\n<p>El diputado <strong>Carlos Selva<\/strong>, tras el debate, expres\u00f3: \u00abLo que tiene que saber cualquier laburante es que de ac\u00e1 a fin de a\u00f1o ya no paga Impuesto a las Ganancias. Dimos un gran paso para los trabajadores, para poder llegar a una ley que definitivamente termine con este Impuesto\u00bb.<\/p>\n<p>El proyecto de ley elimina la cuarta categor\u00eda del impuesto a las Ganancias y fue enviado al Congreso en medio de la campa\u00f1a electoral. Durante el debate, la bancada oficialista, junto a algunos diputados de otros bloques, vot\u00f3 a favor de esta medida que busca aliviar la carga fiscal de los trabajadores y jubilados argentinos.<\/p>\n<p>Tambi\u00e9n se destac\u00f3 la presencia de algunos representantes de la oposici\u00f3n, como los tres libertarios Javier Milei, Victoria Villarruel y Carolina P\u00edparo, quienes respaldaron la iniciativa. Asimismo, diputados del Frente de Izquierda y del interbloque Federal se sumaron al apoyo.<\/p>\n<p>No obstante, la bancada de Juntos por el Cambio, con 100 votos negativos, se opuso a la medida y expres\u00f3 preocupaci\u00f3n por el d\u00e9ficit fiscal y la inflaci\u00f3n que consideran que podr\u00eda generar esta y otras medidas econ\u00f3micas anunciadas por el Gobierno.<\/p>\n<blockquote><p>La bancada de Juntos por el Cambio, con 100 votos negativos, se opuso a la medida y expres\u00f3 preocupaci\u00f3n por el d\u00e9ficit fiscal<\/p><\/blockquote>\n<p>El costo fiscal de la eliminaci\u00f3n del impuesto a las Ganancias se estima en un bill\u00f3n de pesos, por lo que se prev\u00e9 una compensaci\u00f3n a las provincias, dado que Ganancias es un tributo coparticipable. Adem\u00e1s, se plantea la distribuci\u00f3n del 30% de lo recaudado por el impuesto al cheque entre las jurisdicciones.<\/p>\n<p>El debate en la C\u00e1mara de Diputados fue seguido de cerca por la CGT y la CTA, que se manifestaron en las afueras del Congreso, y por dirigentes sindicales presentes en el recinto. La aprobaci\u00f3n del proyecto marca un importante paso en la reforma fiscal y el alivio financiero para los trabajadores y jubilados en Argentina.<\/p>\n<p><img loading=\"lazy\" decoding=\"async\" class=\"alignnone size-large wp-image-123098\" src=\"https:\/\/noticiasmercedinas.com\/site\/wp-content\/uploads\/2023\/09\/380660717_715870737023599_1850255346248468773_n-1024x683.jpg\" alt=\"\" width=\"640\" height=\"427\" srcset=\"https:\/\/noticiasmercedinas.com\/site\/wp-content\/uploads\/2023\/09\/380660717_715870737023599_1850255346248468773_n-1024x683.jpg 1024w, https:\/\/noticiasmercedinas.com\/site\/wp-content\/uploads\/2023\/09\/380660717_715870737023599_1850255346248468773_n-300x200.jpg 300w, https:\/\/noticiasmercedinas.com\/site\/wp-content\/uploads\/2023\/09\/380660717_715870737023599_1850255346248468773_n-768x512.jpg 768w, https:\/\/noticiasmercedinas.com\/site\/wp-content\/uploads\/2023\/09\/380660717_715870737023599_1850255346248468773_n-640x427.jpg 640w, https:\/\/noticiasmercedinas.com\/site\/wp-content\/uploads\/2023\/09\/380660717_715870737023599_1850255346248468773_n-681x454.jpg 681w, https:\/\/noticiasmercedinas.com\/site\/wp-content\/uploads\/2023\/09\/380660717_715870737023599_1850255346248468773_n.jpg 1080w\" sizes=\"auto, (max-width: 640px) 100vw, 640px\" \/><\/p>\n","protected":false},"excerpt":{"rendered":"<p>\u25a0 Los legisladores dieron media Sanci\u00f3n a la eliminaci\u00f3n del Impuesto a las Ganancias para m\u00e1s de 800 mil trabajadores y jubilados en a Argentina.<\/p>\n","protected":false},"author":16,"featured_media":123097,"comment_status":"closed","ping_status":"closed","sticky":false,"template":"","format":"standard","meta":{"footnotes":""},"categories":[16],"tags":[318,174,11296],"class_list":["post-123096","post","type-post","status-publish","format-standard","has-post-thumbnail","hentry","category-politica","tag-carlos-selva","tag-diputados","tag-impuesto-a-las-ganancias"],"yoast_head":"<!-- This site is optimized with the Yoast SEO plugin v27.4 - https:\/\/yoast.com\/product\/yoast-seo-wordpress\/ -->\n<title>Diputado Carlos Selva: &quot;Dimos un gran paso para los trabajadores&quot;\u00a0<\/title>\n<meta name=\"robots\" content=\"index, follow, max-snippet:-1, max-image-preview:large, max-video-preview:-1\" \/>\n<link rel=\"canonical\" href=\"https:\/\/noticiasmercedinas.com\/site\/2023\/09\/20\/diputado-carlos-selva-dimos-un-gran-paso-para-los-trabajadores\/\" \/>\n<meta property=\"og:locale\" content=\"es_ES\" \/>\n<meta property=\"og:type\" content=\"article\" \/>\n<meta property=\"og:title\" content=\"Diputado Carlos Selva: &quot;Dimos un gran paso para los trabajadores&quot;\u00a0\" \/>\n<meta property=\"og:description\" content=\"\u25a0 Los legisladores dieron media Sanci\u00f3n a la eliminaci\u00f3n del Impuesto a las Ganancias para m\u00e1s de 800 mil trabajadores y jubilados en a Argentina.\" \/>\n<meta property=\"og:url\" content=\"https:\/\/noticiasmercedinas.com\/site\/2023\/09\/20\/diputado-carlos-selva-dimos-un-gran-paso-para-los-trabajadores\/\" \/>\n<meta property=\"og:site_name\" content=\"NOTICIASMERCEDINAS.COM\" \/>\n<meta property=\"article:publisher\" content=\"https:\/\/www.facebook.com\/noticiasmercedinas\/\" \/>\n<meta property=\"article:published_time\" content=\"2023-09-20T15:47:39+00:00\" \/>\n<meta property=\"og:image\" content=\"https:\/\/noticiasmercedinas.com\/site\/wp-content\/uploads\/2023\/09\/309862267_510676604209681_7626408363978818589_n-e1695224772277.jpg\" \/>\n\t<meta property=\"og:image:width\" content=\"1202\" \/>\n\t<meta property=\"og:image:height\" content=\"736\" \/>\n\t<meta property=\"og:image:type\" content=\"image\/jpeg\" \/>\n<meta name=\"author\" content=\"NOTICIASMERCEDINAS.COM\" \/>\n<meta name=\"twitter:card\" content=\"summary_large_image\" \/>\n<meta name=\"twitter:creator\" content=\"@notmercedinas\" \/>\n<meta name=\"twitter:site\" content=\"@notmercedinas\" \/>\n<meta name=\"twitter:label1\" content=\"Escrito por\" \/>\n\t<meta name=\"twitter:data1\" content=\"NOTICIASMERCEDINAS.COM\" \/>\n\t<meta name=\"twitter:label2\" content=\"Tiempo de lectura\" \/>\n\t<meta name=\"twitter:data2\" content=\"3 minutos\" \/>\n<script type=\"application\/ld+json\" class=\"yoast-schema-graph\">{\"@context\":\"https:\\\/\\\/schema.org\",\"@graph\":[{\"@type\":\"Article\",\"@id\":\"https:\\\/\\\/noticiasmercedinas.com\\\/site\\\/2023\\\/09\\\/20\\\/diputado-carlos-selva-dimos-un-gran-paso-para-los-trabajadores\\\/#article\",\"isPartOf\":{\"@id\":\"https:\\\/\\\/noticiasmercedinas.com\\\/site\\\/2023\\\/09\\\/20\\\/diputado-carlos-selva-dimos-un-gran-paso-para-los-trabajadores\\\/\"},\"author\":{\"name\":\"NOTICIASMERCEDINAS.COM\",\"@id\":\"https:\\\/\\\/noticiasmercedinas.com\\\/site\\\/#\\\/schema\\\/person\\\/84b59c099c28ff2e8b77d4ceec5d8063\"},\"headline\":\"Diputado Carlos Selva: \u00abDimos un gran paso para los trabajadores\u00bb\u00a0\",\"datePublished\":\"2023-09-20T15:47:39+00:00\",\"mainEntityOfPage\":{\"@id\":\"https:\\\/\\\/noticiasmercedinas.com\\\/site\\\/2023\\\/09\\\/20\\\/diputado-carlos-selva-dimos-un-gran-paso-para-los-trabajadores\\\/\"},\"wordCount\":414,\"publisher\":{\"@id\":\"https:\\\/\\\/noticiasmercedinas.com\\\/site\\\/#organization\"},\"image\":{\"@id\":\"https:\\\/\\\/noticiasmercedinas.com\\\/site\\\/2023\\\/09\\\/20\\\/diputado-carlos-selva-dimos-un-gran-paso-para-los-trabajadores\\\/#primaryimage\"},\"thumbnailUrl\":\"https:\\\/\\\/noticiasmercedinas.com\\\/site\\\/wp-content\\\/uploads\\\/2023\\\/09\\\/309862267_510676604209681_7626408363978818589_n-e1695224772277.jpg\",\"keywords\":[\"carlos selva\",\"diputados\",\"impuesto a las Ganancias\"],\"articleSection\":[\"Politica\"],\"inLanguage\":\"es\"},{\"@type\":\"WebPage\",\"@id\":\"https:\\\/\\\/noticiasmercedinas.com\\\/site\\\/2023\\\/09\\\/20\\\/diputado-carlos-selva-dimos-un-gran-paso-para-los-trabajadores\\\/\",\"url\":\"https:\\\/\\\/noticiasmercedinas.com\\\/site\\\/2023\\\/09\\\/20\\\/diputado-carlos-selva-dimos-un-gran-paso-para-los-trabajadores\\\/\",\"name\":\"Diputado Carlos Selva: \\\"Dimos un gran paso para los trabajadores\\\"\u00a0\",\"isPartOf\":{\"@id\":\"https:\\\/\\\/noticiasmercedinas.com\\\/site\\\/#website\"},\"primaryImageOfPage\":{\"@id\":\"https:\\\/\\\/noticiasmercedinas.com\\\/site\\\/2023\\\/09\\\/20\\\/diputado-carlos-selva-dimos-un-gran-paso-para-los-trabajadores\\\/#primaryimage\"},\"image\":{\"@id\":\"https:\\\/\\\/noticiasmercedinas.com\\\/site\\\/2023\\\/09\\\/20\\\/diputado-carlos-selva-dimos-un-gran-paso-para-los-trabajadores\\\/#primaryimage\"},\"thumbnailUrl\":\"https:\\\/\\\/noticiasmercedinas.com\\\/site\\\/wp-content\\\/uploads\\\/2023\\\/09\\\/309862267_510676604209681_7626408363978818589_n-e1695224772277.jpg\",\"datePublished\":\"2023-09-20T15:47:39+00:00\",\"breadcrumb\":{\"@id\":\"https:\\\/\\\/noticiasmercedinas.com\\\/site\\\/2023\\\/09\\\/20\\\/diputado-carlos-selva-dimos-un-gran-paso-para-los-trabajadores\\\/#breadcrumb\"},\"inLanguage\":\"es\",\"potentialAction\":[{\"@type\":\"ReadAction\",\"target\":[\"https:\\\/\\\/noticiasmercedinas.com\\\/site\\\/2023\\\/09\\\/20\\\/diputado-carlos-selva-dimos-un-gran-paso-para-los-trabajadores\\\/\"]}]},{\"@type\":\"ImageObject\",\"inLanguage\":\"es\",\"@id\":\"https:\\\/\\\/noticiasmercedinas.com\\\/site\\\/2023\\\/09\\\/20\\\/diputado-carlos-selva-dimos-un-gran-paso-para-los-trabajadores\\\/#primaryimage\",\"url\":\"https:\\\/\\\/noticiasmercedinas.com\\\/site\\\/wp-content\\\/uploads\\\/2023\\\/09\\\/309862267_510676604209681_7626408363978818589_n-e1695224772277.jpg\",\"contentUrl\":\"https:\\\/\\\/noticiasmercedinas.com\\\/site\\\/wp-content\\\/uploads\\\/2023\\\/09\\\/309862267_510676604209681_7626408363978818589_n-e1695224772277.jpg\",\"width\":1202,\"height\":736},{\"@type\":\"BreadcrumbList\",\"@id\":\"https:\\\/\\\/noticiasmercedinas.com\\\/site\\\/2023\\\/09\\\/20\\\/diputado-carlos-selva-dimos-un-gran-paso-para-los-trabajadores\\\/#breadcrumb\",\"itemListElement\":[{\"@type\":\"ListItem\",\"position\":1,\"name\":\"Portada\",\"item\":\"https:\\\/\\\/noticiasmercedinas.com\\\/site\\\/\"},{\"@type\":\"ListItem\",\"position\":2,\"name\":\"Diputado Carlos Selva: \u00abDimos un gran paso para los trabajadores\u00bb\u00a0\"}]},{\"@type\":\"WebSite\",\"@id\":\"https:\\\/\\\/noticiasmercedinas.com\\\/site\\\/#website\",\"url\":\"https:\\\/\\\/noticiasmercedinas.com\\\/site\\\/\",\"name\":\"NOTICIASMERCEDINAS.COM\",\"description\":\"Mercedes, Buenos Aires, Argentina\",\"publisher\":{\"@id\":\"https:\\\/\\\/noticiasmercedinas.com\\\/site\\\/#organization\"},\"potentialAction\":[{\"@type\":\"SearchAction\",\"target\":{\"@type\":\"EntryPoint\",\"urlTemplate\":\"https:\\\/\\\/noticiasmercedinas.com\\\/site\\\/?s={search_term_string}\"},\"query-input\":{\"@type\":\"PropertyValueSpecification\",\"valueRequired\":true,\"valueName\":\"search_term_string\"}}],\"inLanguage\":\"es\"},{\"@type\":\"Organization\",\"@id\":\"https:\\\/\\\/noticiasmercedinas.com\\\/site\\\/#organization\",\"name\":\"NOTICIASMERCEDINAS.COM\",\"url\":\"https:\\\/\\\/noticiasmercedinas.com\\\/site\\\/\",\"logo\":{\"@type\":\"ImageObject\",\"inLanguage\":\"es\",\"@id\":\"https:\\\/\\\/noticiasmercedinas.com\\\/site\\\/#\\\/schema\\\/logo\\\/image\\\/\",\"url\":\"https:\\\/\\\/noticiasmercedinas.com\\\/site\\\/wp-content\\\/uploads\\\/2020\\\/06\\\/LOGO-512.jpg\",\"contentUrl\":\"https:\\\/\\\/noticiasmercedinas.com\\\/site\\\/wp-content\\\/uploads\\\/2020\\\/06\\\/LOGO-512.jpg\",\"width\":512,\"height\":512,\"caption\":\"NOTICIASMERCEDINAS.COM\"},\"image\":{\"@id\":\"https:\\\/\\\/noticiasmercedinas.com\\\/site\\\/#\\\/schema\\\/logo\\\/image\\\/\"},\"sameAs\":[\"https:\\\/\\\/www.facebook.com\\\/noticiasmercedinas\\\/\",\"https:\\\/\\\/x.com\\\/notmercedinas\",\"https:\\\/\\\/www.instagram.com\\\/noticiasmercedinas\\\/\"]},{\"@type\":\"Person\",\"@id\":\"https:\\\/\\\/noticiasmercedinas.com\\\/site\\\/#\\\/schema\\\/person\\\/84b59c099c28ff2e8b77d4ceec5d8063\",\"name\":\"NOTICIASMERCEDINAS.COM\",\"image\":{\"@type\":\"ImageObject\",\"inLanguage\":\"es\",\"@id\":\"https:\\\/\\\/secure.gravatar.com\\\/avatar\\\/4dfbf16b4d17945bfb6341b2d19043457132fcf478a5ee04f42e959fd8f5df0a?s=96&d=mm&r=g\",\"url\":\"https:\\\/\\\/secure.gravatar.com\\\/avatar\\\/4dfbf16b4d17945bfb6341b2d19043457132fcf478a5ee04f42e959fd8f5df0a?s=96&d=mm&r=g\",\"contentUrl\":\"https:\\\/\\\/secure.gravatar.com\\\/avatar\\\/4dfbf16b4d17945bfb6341b2d19043457132fcf478a5ee04f42e959fd8f5df0a?s=96&d=mm&r=g\",\"caption\":\"NOTICIASMERCEDINAS.COM\"},\"url\":\"https:\\\/\\\/noticiasmercedinas.com\\\/site\\\/author\\\/anonimo\\\/\"}]}<\/script>\n<!-- \/ Yoast SEO plugin. -->","yoast_head_json":{"title":"Diputado Carlos Selva: \"Dimos un gran paso para los trabajadores\"\u00a0","robots":{"index":"index","follow":"follow","max-snippet":"max-snippet:-1","max-image-preview":"max-image-preview:large","max-video-preview":"max-video-preview:-1"},"canonical":"https:\/\/noticiasmercedinas.com\/site\/2023\/09\/20\/diputado-carlos-selva-dimos-un-gran-paso-para-los-trabajadores\/","og_locale":"es_ES","og_type":"article","og_title":"Diputado Carlos Selva: \"Dimos un gran paso para los trabajadores\"\u00a0","og_description":"\u25a0 Los legisladores dieron media Sanci\u00f3n a la eliminaci\u00f3n del Impuesto a las Ganancias para m\u00e1s de 800 mil trabajadores y jubilados en a Argentina.","og_url":"https:\/\/noticiasmercedinas.com\/site\/2023\/09\/20\/diputado-carlos-selva-dimos-un-gran-paso-para-los-trabajadores\/","og_site_name":"NOTICIASMERCEDINAS.COM","article_publisher":"https:\/\/www.facebook.com\/noticiasmercedinas\/","article_published_time":"2023-09-20T15:47:39+00:00","og_image":[{"width":1202,"height":736,"url":"https:\/\/noticiasmercedinas.com\/site\/wp-content\/uploads\/2023\/09\/309862267_510676604209681_7626408363978818589_n-e1695224772277.jpg","type":"image\/jpeg"}],"author":"NOTICIASMERCEDINAS.COM","twitter_card":"summary_large_image","twitter_creator":"@notmercedinas","twitter_site":"@notmercedinas","twitter_misc":{"Escrito por":"NOTICIASMERCEDINAS.COM","Tiempo de lectura":"3 minutos"},"schema":{"@context":"https:\/\/schema.org","@graph":[{"@type":"Article","@id":"https:\/\/noticiasmercedinas.com\/site\/2023\/09\/20\/diputado-carlos-selva-dimos-un-gran-paso-para-los-trabajadores\/#article","isPartOf":{"@id":"https:\/\/noticiasmercedinas.com\/site\/2023\/09\/20\/diputado-carlos-selva-dimos-un-gran-paso-para-los-trabajadores\/"},"author":{"name":"NOTICIASMERCEDINAS.COM","@id":"https:\/\/noticiasmercedinas.com\/site\/#\/schema\/person\/84b59c099c28ff2e8b77d4ceec5d8063"},"headline":"Diputado Carlos Selva: \u00abDimos un gran paso para los trabajadores\u00bb\u00a0","datePublished":"2023-09-20T15:47:39+00:00","mainEntityOfPage":{"@id":"https:\/\/noticiasmercedinas.com\/site\/2023\/09\/20\/diputado-carlos-selva-dimos-un-gran-paso-para-los-trabajadores\/"},"wordCount":414,"publisher":{"@id":"https:\/\/noticiasmercedinas.com\/site\/#organization"},"image":{"@id":"https:\/\/noticiasmercedinas.com\/site\/2023\/09\/20\/diputado-carlos-selva-dimos-un-gran-paso-para-los-trabajadores\/#primaryimage"},"thumbnailUrl":"https:\/\/noticiasmercedinas.com\/site\/wp-content\/uploads\/2023\/09\/309862267_510676604209681_7626408363978818589_n-e1695224772277.jpg","keywords":["carlos selva","diputados","impuesto a las Ganancias"],"articleSection":["Politica"],"inLanguage":"es"},{"@type":"WebPage","@id":"https:\/\/noticiasmercedinas.com\/site\/2023\/09\/20\/diputado-carlos-selva-dimos-un-gran-paso-para-los-trabajadores\/","url":"https:\/\/noticiasmercedinas.com\/site\/2023\/09\/20\/diputado-carlos-selva-dimos-un-gran-paso-para-los-trabajadores\/","name":"Diputado Carlos Selva: \"Dimos un gran paso para los trabajadores\"\u00a0","isPartOf":{"@id":"https:\/\/noticiasmercedinas.com\/site\/#website"},"primaryImageOfPage":{"@id":"https:\/\/noticiasmercedinas.com\/site\/2023\/09\/20\/diputado-carlos-selva-dimos-un-gran-paso-para-los-trabajadores\/#primaryimage"},"image":{"@id":"https:\/\/noticiasmercedinas.com\/site\/2023\/09\/20\/diputado-carlos-selva-dimos-un-gran-paso-para-los-trabajadores\/#primaryimage"},"thumbnailUrl":"https:\/\/noticiasmercedinas.com\/site\/wp-content\/uploads\/2023\/09\/309862267_510676604209681_7626408363978818589_n-e1695224772277.jpg","datePublished":"2023-09-20T15:47:39+00:00","breadcrumb":{"@id":"https:\/\/noticiasmercedinas.com\/site\/2023\/09\/20\/diputado-carlos-selva-dimos-un-gran-paso-para-los-trabajadores\/#breadcrumb"},"inLanguage":"es","potentialAction":[{"@type":"ReadAction","target":["https:\/\/noticiasmercedinas.com\/site\/2023\/09\/20\/diputado-carlos-selva-dimos-un-gran-paso-para-los-trabajadores\/"]}]},{"@type":"ImageObject","inLanguage":"es","@id":"https:\/\/noticiasmercedinas.com\/site\/2023\/09\/20\/diputado-carlos-selva-dimos-un-gran-paso-para-los-trabajadores\/#primaryimage","url":"https:\/\/noticiasmercedinas.com\/site\/wp-content\/uploads\/2023\/09\/309862267_510676604209681_7626408363978818589_n-e1695224772277.jpg","contentUrl":"https:\/\/noticiasmercedinas.com\/site\/wp-content\/uploads\/2023\/09\/309862267_510676604209681_7626408363978818589_n-e1695224772277.jpg","width":1202,"height":736},{"@type":"BreadcrumbList","@id":"https:\/\/noticiasmercedinas.com\/site\/2023\/09\/20\/diputado-carlos-selva-dimos-un-gran-paso-para-los-trabajadores\/#breadcrumb","itemListElement":[{"@type":"ListItem","position":1,"name":"Portada","item":"https:\/\/noticiasmercedinas.com\/site\/"},{"@type":"ListItem","position":2,"name":"Diputado Carlos Selva: \u00abDimos un gran paso para los trabajadores\u00bb\u00a0"}]},{"@type":"WebSite","@id":"https:\/\/noticiasmercedinas.com\/site\/#website","url":"https:\/\/noticiasmercedinas.com\/site\/","name":"NOTICIASMERCEDINAS.COM","description":"Mercedes, Buenos Aires, Argentina","publisher":{"@id":"https:\/\/noticiasmercedinas.com\/site\/#organization"},"potentialAction":[{"@type":"SearchAction","target":{"@type":"EntryPoint","urlTemplate":"https:\/\/noticiasmercedinas.com\/site\/?s={search_term_string}"},"query-input":{"@type":"PropertyValueSpecification","valueRequired":true,"valueName":"search_term_string"}}],"inLanguage":"es"},{"@type":"Organization","@id":"https:\/\/noticiasmercedinas.com\/site\/#organization","name":"NOTICIASMERCEDINAS.COM","url":"https:\/\/noticiasmercedinas.com\/site\/","logo":{"@type":"ImageObject","inLanguage":"es","@id":"https:\/\/noticiasmercedinas.com\/site\/#\/schema\/logo\/image\/","url":"https:\/\/noticiasmercedinas.com\/site\/wp-content\/uploads\/2020\/06\/LOGO-512.jpg","contentUrl":"https:\/\/noticiasmercedinas.com\/site\/wp-content\/uploads\/2020\/06\/LOGO-512.jpg","width":512,"height":512,"caption":"NOTICIASMERCEDINAS.COM"},"image":{"@id":"https:\/\/noticiasmercedinas.com\/site\/#\/schema\/logo\/image\/"},"sameAs":["https:\/\/www.facebook.com\/noticiasmercedinas\/","https:\/\/x.com\/notmercedinas","https:\/\/www.instagram.com\/noticiasmercedinas\/"]},{"@type":"Person","@id":"https:\/\/noticiasmercedinas.com\/site\/#\/schema\/person\/84b59c099c28ff2e8b77d4ceec5d8063","name":"NOTICIASMERCEDINAS.COM","image":{"@type":"ImageObject","inLanguage":"es","@id":"https:\/\/secure.gravatar.com\/avatar\/4dfbf16b4d17945bfb6341b2d19043457132fcf478a5ee04f42e959fd8f5df0a?s=96&d=mm&r=g","url":"https:\/\/secure.gravatar.com\/avatar\/4dfbf16b4d17945bfb6341b2d19043457132fcf478a5ee04f42e959fd8f5df0a?s=96&d=mm&r=g","contentUrl":"https:\/\/secure.gravatar.com\/avatar\/4dfbf16b4d17945bfb6341b2d19043457132fcf478a5ee04f42e959fd8f5df0a?s=96&d=mm&r=g","caption":"NOTICIASMERCEDINAS.COM"},"url":"https:\/\/noticiasmercedinas.com\/site\/author\/anonimo\/"}]}},"amp_enabled":true,"_links":{"self":[{"href":"https:\/\/noticiasmercedinas.com\/site\/wp-json\/wp\/v2\/posts\/123096","targetHints":{"allow":["GET"]}}],"collection":[{"href":"https:\/\/noticiasmercedinas.com\/site\/wp-json\/wp\/v2\/posts"}],"about":[{"href":"https:\/\/noticiasmercedinas.com\/site\/wp-json\/wp\/v2\/types\/post"}],"author":[{"embeddable":true,"href":"https:\/\/noticiasmercedinas.com\/site\/wp-json\/wp\/v2\/users\/16"}],"replies":[{"embeddable":true,"href":"https:\/\/noticiasmercedinas.com\/site\/wp-json\/wp\/v2\/comments?post=123096"}],"version-history":[{"count":1,"href":"https:\/\/noticiasmercedinas.com\/site\/wp-json\/wp\/v2\/posts\/123096\/revisions"}],"predecessor-version":[{"id":123099,"href":"https:\/\/noticiasmercedinas.com\/site\/wp-json\/wp\/v2\/posts\/123096\/revisions\/123099"}],"wp:featuredmedia":[{"embeddable":true,"href":"https:\/\/noticiasmercedinas.com\/site\/wp-json\/wp\/v2\/media\/123097"}],"wp:attachment":[{"href":"https:\/\/noticiasmercedinas.com\/site\/wp-json\/wp\/v2\/media?parent=123096"}],"wp:term":[{"taxonomy":"category","embeddable":true,"href":"https:\/\/noticiasmercedinas.com\/site\/wp-json\/wp\/v2\/categories?post=123096"},{"taxonomy":"post_tag","embeddable":true,"href":"https:\/\/noticiasmercedinas.com\/site\/wp-json\/wp\/v2\/tags?post=123096"}],"curies":[{"name":"wp","href":"https:\/\/api.w.org\/{rel}","templated":true}]}}