{"id":123100,"date":"2023-09-20T14:05:59","date_gmt":"2023-09-20T17:05:59","guid":{"rendered":"https:\/\/noticiasmercedinas.com\/site\/?p=123100"},"modified":"2023-09-20T14:05:59","modified_gmt":"2023-09-20T17:05:59","slug":"mas-escuelas-se-suman-a-la-campana-juguemos-en-el-recreo","status":"publish","type":"post","link":"https:\/\/noticiasmercedinas.com\/site\/2023\/09\/20\/mas-escuelas-se-suman-a-la-campana-juguemos-en-el-recreo\/","title":{"rendered":"M\u00e1s escuelas se suman a la Campa\u00f1a \u00abJuguemos en el Recreo\u00bb"},"content":{"rendered":"<p><img loading=\"lazy\" decoding=\"async\" class=\"alignnone size-full wp-image-123101\" src=\"https:\/\/noticiasmercedinas.com\/site\/wp-content\/uploads\/2023\/09\/nines.jpg\" alt=\"\" width=\"654\" height=\"343\" srcset=\"https:\/\/noticiasmercedinas.com\/site\/wp-content\/uploads\/2023\/09\/nines.jpg 654w, https:\/\/noticiasmercedinas.com\/site\/wp-content\/uploads\/2023\/09\/nines-300x157.jpg 300w, https:\/\/noticiasmercedinas.com\/site\/wp-content\/uploads\/2023\/09\/nines-640x336.jpg 640w\" sizes=\"auto, (max-width: 654px) 100vw, 654px\" \/><\/p>\n<p>En el marco del Programa \u00abMercedes, Ciudad de las Ni\u00f1as y los Ni\u00f1os,\u00bb la Direcci\u00f3n de Ni\u00f1ez y Adolescencia contin\u00faa con su campa\u00f1a \u00abJuguemos en el Recreo\u00bb para promover el derecho al juego, la recreaci\u00f3n y la participaci\u00f3n infantil. En esta ocasi\u00f3n, la Escuela Primaria N\u00b07 de Mercedes se uni\u00f3 a la iniciativa, abriendo sus puertas para una jornada llena de diversi\u00f3n y juegos para los ni\u00f1os y ni\u00f1as.<\/p>\n<p>Esta campa\u00f1a busca crear espacios de juego inclusivos y fomentar el desarrollo integral de los m\u00e1s j\u00f3venes. La actividad en la Escuela Primaria N\u00b07 fue todo un \u00e9xito, con ni\u00f1os y ni\u00f1as disfrutando de momentos de esparcimiento y aprendizaje en un ambiente seguro y acogedor.<\/p>\n<p>Desde la Direcci\u00f3n de Ni\u00f1ez y Adolescencia expresaron que con esta campa\u00f1a se busca \u00abpromover el derecho al juego, la recreaci\u00f3n y la participaci\u00f3n infantil\u00bb. \u00abJuguemos juntos, aprendamos juntos, y construyamos un patio donde cada ni\u00f1o y ni\u00f1a pueda ser feliz y desarrollar su potencial al m\u00e1ximo\u00bb, sintetizaron.<\/p>\n<p>El concepto \u00abMercedes, Ciudad de las Ni\u00f1as y los Ni\u00f1os\u00bb se enfoca en la creaci\u00f3n de espacios inclusivos para la ni\u00f1ez y la promoci\u00f3n de sus derechos. La incorporaci\u00f3n de m\u00e1s escuelas a la campa\u00f1a \u00abJuguemos en el Recreo\u00bb es un paso importante hacia la construcci\u00f3n de una comunidad que valore y celebre la infancia.<\/p>\n<p>La Direcci\u00f3n de Ni\u00f1ez y Adolescencia sigue trabajando para garantizar que todos los ni\u00f1os y ni\u00f1as tengan la oportunidad de crecer y desarrollarse en un entorno seguro y propicio para su bienestar.<\/p>\n","protected":false},"excerpt":{"rendered":"<p>\u25a0 Desde la Direcci\u00f3n de Ni\u00f1ez y Adolescencia de Mercedes estuvieron en la Escuela Primaria 7.\u00a0<\/p>\n","protected":false},"author":16,"featured_media":123101,"comment_status":"closed","ping_status":"closed","sticky":false,"template":"","format":"standard","meta":{"footnotes":""},"categories":[8992,15755],"tags":[10033,10776],"class_list":["post-123100","post","type-post","status-publish","format-standard","has-post-thumbnail","hentry","category-bienestar","category-educacion","tag-infancias","tag-ninez-y-adolescencia"],"yoast_head":"<!-- This site is optimized with the Yoast SEO plugin v27.4 - https:\/\/yoast.com\/product\/yoast-seo-wordpress\/ -->\n<title>M\u00e1s escuelas se suman a la Campa\u00f1a &quot;Juguemos en el Recreo&quot;<\/title>\n<meta name=\"robots\" content=\"index, follow, max-snippet:-1, max-image-preview:large, max-video-preview:-1\" \/>\n<link rel=\"canonical\" href=\"https:\/\/noticiasmercedinas.com\/site\/2023\/09\/20\/mas-escuelas-se-suman-a-la-campana-juguemos-en-el-recreo\/\" \/>\n<meta property=\"og:locale\" content=\"es_ES\" \/>\n<meta property=\"og:type\" content=\"article\" \/>\n<meta property=\"og:title\" content=\"M\u00e1s escuelas se suman a la Campa\u00f1a &quot;Juguemos en el Recreo&quot;\" \/>\n<meta property=\"og:description\" content=\"\u25a0 Desde la Direcci\u00f3n de Ni\u00f1ez y Adolescencia de Mercedes estuvieron en la Escuela Primaria 7.\u00a0\" \/>\n<meta property=\"og:url\" content=\"https:\/\/noticiasmercedinas.com\/site\/2023\/09\/20\/mas-escuelas-se-suman-a-la-campana-juguemos-en-el-recreo\/\" \/>\n<meta property=\"og:site_name\" content=\"NOTICIASMERCEDINAS.COM\" \/>\n<meta property=\"article:publisher\" content=\"https:\/\/www.facebook.com\/noticiasmercedinas\/\" \/>\n<meta property=\"article:published_time\" content=\"2023-09-20T17:05:59+00:00\" \/>\n<meta property=\"og:image\" content=\"https:\/\/noticiasmercedinas.com\/site\/wp-content\/uploads\/2023\/09\/nines.jpg\" \/>\n\t<meta property=\"og:image:width\" content=\"654\" \/>\n\t<meta property=\"og:image:height\" content=\"343\" \/>\n\t<meta property=\"og:image:type\" content=\"image\/jpeg\" \/>\n<meta name=\"author\" content=\"NOTICIASMERCEDINAS.COM\" \/>\n<meta name=\"twitter:card\" content=\"summary_large_image\" \/>\n<meta name=\"twitter:creator\" content=\"@notmercedinas\" \/>\n<meta name=\"twitter:site\" content=\"@notmercedinas\" \/>\n<meta name=\"twitter:label1\" content=\"Escrito por\" \/>\n\t<meta name=\"twitter:data1\" content=\"NOTICIASMERCEDINAS.COM\" \/>\n\t<meta name=\"twitter:label2\" content=\"Tiempo de lectura\" \/>\n\t<meta name=\"twitter:data2\" content=\"2 minutos\" \/>\n<script type=\"application\/ld+json\" class=\"yoast-schema-graph\">{\"@context\":\"https:\\\/\\\/schema.org\",\"@graph\":[{\"@type\":\"Article\",\"@id\":\"https:\\\/\\\/noticiasmercedinas.com\\\/site\\\/2023\\\/09\\\/20\\\/mas-escuelas-se-suman-a-la-campana-juguemos-en-el-recreo\\\/#article\",\"isPartOf\":{\"@id\":\"https:\\\/\\\/noticiasmercedinas.com\\\/site\\\/2023\\\/09\\\/20\\\/mas-escuelas-se-suman-a-la-campana-juguemos-en-el-recreo\\\/\"},\"author\":{\"name\":\"NOTICIASMERCEDINAS.COM\",\"@id\":\"https:\\\/\\\/noticiasmercedinas.com\\\/site\\\/#\\\/schema\\\/person\\\/84b59c099c28ff2e8b77d4ceec5d8063\"},\"headline\":\"M\u00e1s escuelas se suman a la Campa\u00f1a \u00abJuguemos en el Recreo\u00bb\",\"datePublished\":\"2023-09-20T17:05:59+00:00\",\"mainEntityOfPage\":{\"@id\":\"https:\\\/\\\/noticiasmercedinas.com\\\/site\\\/2023\\\/09\\\/20\\\/mas-escuelas-se-suman-a-la-campana-juguemos-en-el-recreo\\\/\"},\"wordCount\":300,\"publisher\":{\"@id\":\"https:\\\/\\\/noticiasmercedinas.com\\\/site\\\/#organization\"},\"image\":{\"@id\":\"https:\\\/\\\/noticiasmercedinas.com\\\/site\\\/2023\\\/09\\\/20\\\/mas-escuelas-se-suman-a-la-campana-juguemos-en-el-recreo\\\/#primaryimage\"},\"thumbnailUrl\":\"https:\\\/\\\/noticiasmercedinas.com\\\/site\\\/wp-content\\\/uploads\\\/2023\\\/09\\\/nines.jpg\",\"keywords\":[\"infancias\",\"ni\u00f1ez y adolescencia\"],\"articleSection\":[\"Bienestar\",\"Educacion\"],\"inLanguage\":\"es\"},{\"@type\":\"WebPage\",\"@id\":\"https:\\\/\\\/noticiasmercedinas.com\\\/site\\\/2023\\\/09\\\/20\\\/mas-escuelas-se-suman-a-la-campana-juguemos-en-el-recreo\\\/\",\"url\":\"https:\\\/\\\/noticiasmercedinas.com\\\/site\\\/2023\\\/09\\\/20\\\/mas-escuelas-se-suman-a-la-campana-juguemos-en-el-recreo\\\/\",\"name\":\"M\u00e1s escuelas se suman a la Campa\u00f1a \\\"Juguemos en el Recreo\\\"\",\"isPartOf\":{\"@id\":\"https:\\\/\\\/noticiasmercedinas.com\\\/site\\\/#website\"},\"primaryImageOfPage\":{\"@id\":\"https:\\\/\\\/noticiasmercedinas.com\\\/site\\\/2023\\\/09\\\/20\\\/mas-escuelas-se-suman-a-la-campana-juguemos-en-el-recreo\\\/#primaryimage\"},\"image\":{\"@id\":\"https:\\\/\\\/noticiasmercedinas.com\\\/site\\\/2023\\\/09\\\/20\\\/mas-escuelas-se-suman-a-la-campana-juguemos-en-el-recreo\\\/#primaryimage\"},\"thumbnailUrl\":\"https:\\\/\\\/noticiasmercedinas.com\\\/site\\\/wp-content\\\/uploads\\\/2023\\\/09\\\/nines.jpg\",\"datePublished\":\"2023-09-20T17:05:59+00:00\",\"breadcrumb\":{\"@id\":\"https:\\\/\\\/noticiasmercedinas.com\\\/site\\\/2023\\\/09\\\/20\\\/mas-escuelas-se-suman-a-la-campana-juguemos-en-el-recreo\\\/#breadcrumb\"},\"inLanguage\":\"es\",\"potentialAction\":[{\"@type\":\"ReadAction\",\"target\":[\"https:\\\/\\\/noticiasmercedinas.com\\\/site\\\/2023\\\/09\\\/20\\\/mas-escuelas-se-suman-a-la-campana-juguemos-en-el-recreo\\\/\"]}]},{\"@type\":\"ImageObject\",\"inLanguage\":\"es\",\"@id\":\"https:\\\/\\\/noticiasmercedinas.com\\\/site\\\/2023\\\/09\\\/20\\\/mas-escuelas-se-suman-a-la-campana-juguemos-en-el-recreo\\\/#primaryimage\",\"url\":\"https:\\\/\\\/noticiasmercedinas.com\\\/site\\\/wp-content\\\/uploads\\\/2023\\\/09\\\/nines.jpg\",\"contentUrl\":\"https:\\\/\\\/noticiasmercedinas.com\\\/site\\\/wp-content\\\/uploads\\\/2023\\\/09\\\/nines.jpg\",\"width\":654,\"height\":343},{\"@type\":\"BreadcrumbList\",\"@id\":\"https:\\\/\\\/noticiasmercedinas.com\\\/site\\\/2023\\\/09\\\/20\\\/mas-escuelas-se-suman-a-la-campana-juguemos-en-el-recreo\\\/#breadcrumb\",\"itemListElement\":[{\"@type\":\"ListItem\",\"position\":1,\"name\":\"Portada\",\"item\":\"https:\\\/\\\/noticiasmercedinas.com\\\/site\\\/\"},{\"@type\":\"ListItem\",\"position\":2,\"name\":\"M\u00e1s escuelas se suman a la Campa\u00f1a \u00abJuguemos en el Recreo\u00bb\"}]},{\"@type\":\"WebSite\",\"@id\":\"https:\\\/\\\/noticiasmercedinas.com\\\/site\\\/#website\",\"url\":\"https:\\\/\\\/noticiasmercedinas.com\\\/site\\\/\",\"name\":\"NOTICIASMERCEDINAS.COM\",\"description\":\"Mercedes, Buenos Aires, Argentina\",\"publisher\":{\"@id\":\"https:\\\/\\\/noticiasmercedinas.com\\\/site\\\/#organization\"},\"potentialAction\":[{\"@type\":\"SearchAction\",\"target\":{\"@type\":\"EntryPoint\",\"urlTemplate\":\"https:\\\/\\\/noticiasmercedinas.com\\\/site\\\/?s={search_term_string}\"},\"query-input\":{\"@type\":\"PropertyValueSpecification\",\"valueRequired\":true,\"valueName\":\"search_term_string\"}}],\"inLanguage\":\"es\"},{\"@type\":\"Organization\",\"@id\":\"https:\\\/\\\/noticiasmercedinas.com\\\/site\\\/#organization\",\"name\":\"NOTICIASMERCEDINAS.COM\",\"url\":\"https:\\\/\\\/noticiasmercedinas.com\\\/site\\\/\",\"logo\":{\"@type\":\"ImageObject\",\"inLanguage\":\"es\",\"@id\":\"https:\\\/\\\/noticiasmercedinas.com\\\/site\\\/#\\\/schema\\\/logo\\\/image\\\/\",\"url\":\"https:\\\/\\\/noticiasmercedinas.com\\\/site\\\/wp-content\\\/uploads\\\/2020\\\/06\\\/LOGO-512.jpg\",\"contentUrl\":\"https:\\\/\\\/noticiasmercedinas.com\\\/site\\\/wp-content\\\/uploads\\\/2020\\\/06\\\/LOGO-512.jpg\",\"width\":512,\"height\":512,\"caption\":\"NOTICIASMERCEDINAS.COM\"},\"image\":{\"@id\":\"https:\\\/\\\/noticiasmercedinas.com\\\/site\\\/#\\\/schema\\\/logo\\\/image\\\/\"},\"sameAs\":[\"https:\\\/\\\/www.facebook.com\\\/noticiasmercedinas\\\/\",\"https:\\\/\\\/x.com\\\/notmercedinas\",\"https:\\\/\\\/www.instagram.com\\\/noticiasmercedinas\\\/\"]},{\"@type\":\"Person\",\"@id\":\"https:\\\/\\\/noticiasmercedinas.com\\\/site\\\/#\\\/schema\\\/person\\\/84b59c099c28ff2e8b77d4ceec5d8063\",\"name\":\"NOTICIASMERCEDINAS.COM\",\"image\":{\"@type\":\"ImageObject\",\"inLanguage\":\"es\",\"@id\":\"https:\\\/\\\/secure.gravatar.com\\\/avatar\\\/4dfbf16b4d17945bfb6341b2d19043457132fcf478a5ee04f42e959fd8f5df0a?s=96&d=mm&r=g\",\"url\":\"https:\\\/\\\/secure.gravatar.com\\\/avatar\\\/4dfbf16b4d17945bfb6341b2d19043457132fcf478a5ee04f42e959fd8f5df0a?s=96&d=mm&r=g\",\"contentUrl\":\"https:\\\/\\\/secure.gravatar.com\\\/avatar\\\/4dfbf16b4d17945bfb6341b2d19043457132fcf478a5ee04f42e959fd8f5df0a?s=96&d=mm&r=g\",\"caption\":\"NOTICIASMERCEDINAS.COM\"},\"url\":\"https:\\\/\\\/noticiasmercedinas.com\\\/site\\\/author\\\/anonimo\\\/\"}]}<\/script>\n<!-- \/ Yoast SEO plugin. -->","yoast_head_json":{"title":"M\u00e1s escuelas se suman a la Campa\u00f1a \"Juguemos en el Recreo\"","robots":{"index":"index","follow":"follow","max-snippet":"max-snippet:-1","max-image-preview":"max-image-preview:large","max-video-preview":"max-video-preview:-1"},"canonical":"https:\/\/noticiasmercedinas.com\/site\/2023\/09\/20\/mas-escuelas-se-suman-a-la-campana-juguemos-en-el-recreo\/","og_locale":"es_ES","og_type":"article","og_title":"M\u00e1s escuelas se suman a la Campa\u00f1a \"Juguemos en el Recreo\"","og_description":"\u25a0 Desde la Direcci\u00f3n de Ni\u00f1ez y Adolescencia de Mercedes estuvieron en la Escuela Primaria 7.\u00a0","og_url":"https:\/\/noticiasmercedinas.com\/site\/2023\/09\/20\/mas-escuelas-se-suman-a-la-campana-juguemos-en-el-recreo\/","og_site_name":"NOTICIASMERCEDINAS.COM","article_publisher":"https:\/\/www.facebook.com\/noticiasmercedinas\/","article_published_time":"2023-09-20T17:05:59+00:00","og_image":[{"width":654,"height":343,"url":"https:\/\/noticiasmercedinas.com\/site\/wp-content\/uploads\/2023\/09\/nines.jpg","type":"image\/jpeg"}],"author":"NOTICIASMERCEDINAS.COM","twitter_card":"summary_large_image","twitter_creator":"@notmercedinas","twitter_site":"@notmercedinas","twitter_misc":{"Escrito por":"NOTICIASMERCEDINAS.COM","Tiempo de lectura":"2 minutos"},"schema":{"@context":"https:\/\/schema.org","@graph":[{"@type":"Article","@id":"https:\/\/noticiasmercedinas.com\/site\/2023\/09\/20\/mas-escuelas-se-suman-a-la-campana-juguemos-en-el-recreo\/#article","isPartOf":{"@id":"https:\/\/noticiasmercedinas.com\/site\/2023\/09\/20\/mas-escuelas-se-suman-a-la-campana-juguemos-en-el-recreo\/"},"author":{"name":"NOTICIASMERCEDINAS.COM","@id":"https:\/\/noticiasmercedinas.com\/site\/#\/schema\/person\/84b59c099c28ff2e8b77d4ceec5d8063"},"headline":"M\u00e1s escuelas se suman a la Campa\u00f1a \u00abJuguemos en el Recreo\u00bb","datePublished":"2023-09-20T17:05:59+00:00","mainEntityOfPage":{"@id":"https:\/\/noticiasmercedinas.com\/site\/2023\/09\/20\/mas-escuelas-se-suman-a-la-campana-juguemos-en-el-recreo\/"},"wordCount":300,"publisher":{"@id":"https:\/\/noticiasmercedinas.com\/site\/#organization"},"image":{"@id":"https:\/\/noticiasmercedinas.com\/site\/2023\/09\/20\/mas-escuelas-se-suman-a-la-campana-juguemos-en-el-recreo\/#primaryimage"},"thumbnailUrl":"https:\/\/noticiasmercedinas.com\/site\/wp-content\/uploads\/2023\/09\/nines.jpg","keywords":["infancias","ni\u00f1ez y adolescencia"],"articleSection":["Bienestar","Educacion"],"inLanguage":"es"},{"@type":"WebPage","@id":"https:\/\/noticiasmercedinas.com\/site\/2023\/09\/20\/mas-escuelas-se-suman-a-la-campana-juguemos-en-el-recreo\/","url":"https:\/\/noticiasmercedinas.com\/site\/2023\/09\/20\/mas-escuelas-se-suman-a-la-campana-juguemos-en-el-recreo\/","name":"M\u00e1s escuelas se suman a la Campa\u00f1a \"Juguemos en el Recreo\"","isPartOf":{"@id":"https:\/\/noticiasmercedinas.com\/site\/#website"},"primaryImageOfPage":{"@id":"https:\/\/noticiasmercedinas.com\/site\/2023\/09\/20\/mas-escuelas-se-suman-a-la-campana-juguemos-en-el-recreo\/#primaryimage"},"image":{"@id":"https:\/\/noticiasmercedinas.com\/site\/2023\/09\/20\/mas-escuelas-se-suman-a-la-campana-juguemos-en-el-recreo\/#primaryimage"},"thumbnailUrl":"https:\/\/noticiasmercedinas.com\/site\/wp-content\/uploads\/2023\/09\/nines.jpg","datePublished":"2023-09-20T17:05:59+00:00","breadcrumb":{"@id":"https:\/\/noticiasmercedinas.com\/site\/2023\/09\/20\/mas-escuelas-se-suman-a-la-campana-juguemos-en-el-recreo\/#breadcrumb"},"inLanguage":"es","potentialAction":[{"@type":"ReadAction","target":["https:\/\/noticiasmercedinas.com\/site\/2023\/09\/20\/mas-escuelas-se-suman-a-la-campana-juguemos-en-el-recreo\/"]}]},{"@type":"ImageObject","inLanguage":"es","@id":"https:\/\/noticiasmercedinas.com\/site\/2023\/09\/20\/mas-escuelas-se-suman-a-la-campana-juguemos-en-el-recreo\/#primaryimage","url":"https:\/\/noticiasmercedinas.com\/site\/wp-content\/uploads\/2023\/09\/nines.jpg","contentUrl":"https:\/\/noticiasmercedinas.com\/site\/wp-content\/uploads\/2023\/09\/nines.jpg","width":654,"height":343},{"@type":"BreadcrumbList","@id":"https:\/\/noticiasmercedinas.com\/site\/2023\/09\/20\/mas-escuelas-se-suman-a-la-campana-juguemos-en-el-recreo\/#breadcrumb","itemListElement":[{"@type":"ListItem","position":1,"name":"Portada","item":"https:\/\/noticiasmercedinas.com\/site\/"},{"@type":"ListItem","position":2,"name":"M\u00e1s escuelas se suman a la Campa\u00f1a \u00abJuguemos en el Recreo\u00bb"}]},{"@type":"WebSite","@id":"https:\/\/noticiasmercedinas.com\/site\/#website","url":"https:\/\/noticiasmercedinas.com\/site\/","name":"NOTICIASMERCEDINAS.COM","description":"Mercedes, Buenos Aires, Argentina","publisher":{"@id":"https:\/\/noticiasmercedinas.com\/site\/#organization"},"potentialAction":[{"@type":"SearchAction","target":{"@type":"EntryPoint","urlTemplate":"https:\/\/noticiasmercedinas.com\/site\/?s={search_term_string}"},"query-input":{"@type":"PropertyValueSpecification","valueRequired":true,"valueName":"search_term_string"}}],"inLanguage":"es"},{"@type":"Organization","@id":"https:\/\/noticiasmercedinas.com\/site\/#organization","name":"NOTICIASMERCEDINAS.COM","url":"https:\/\/noticiasmercedinas.com\/site\/","logo":{"@type":"ImageObject","inLanguage":"es","@id":"https:\/\/noticiasmercedinas.com\/site\/#\/schema\/logo\/image\/","url":"https:\/\/noticiasmercedinas.com\/site\/wp-content\/uploads\/2020\/06\/LOGO-512.jpg","contentUrl":"https:\/\/noticiasmercedinas.com\/site\/wp-content\/uploads\/2020\/06\/LOGO-512.jpg","width":512,"height":512,"caption":"NOTICIASMERCEDINAS.COM"},"image":{"@id":"https:\/\/noticiasmercedinas.com\/site\/#\/schema\/logo\/image\/"},"sameAs":["https:\/\/www.facebook.com\/noticiasmercedinas\/","https:\/\/x.com\/notmercedinas","https:\/\/www.instagram.com\/noticiasmercedinas\/"]},{"@type":"Person","@id":"https:\/\/noticiasmercedinas.com\/site\/#\/schema\/person\/84b59c099c28ff2e8b77d4ceec5d8063","name":"NOTICIASMERCEDINAS.COM","image":{"@type":"ImageObject","inLanguage":"es","@id":"https:\/\/secure.gravatar.com\/avatar\/4dfbf16b4d17945bfb6341b2d19043457132fcf478a5ee04f42e959fd8f5df0a?s=96&d=mm&r=g","url":"https:\/\/secure.gravatar.com\/avatar\/4dfbf16b4d17945bfb6341b2d19043457132fcf478a5ee04f42e959fd8f5df0a?s=96&d=mm&r=g","contentUrl":"https:\/\/secure.gravatar.com\/avatar\/4dfbf16b4d17945bfb6341b2d19043457132fcf478a5ee04f42e959fd8f5df0a?s=96&d=mm&r=g","caption":"NOTICIASMERCEDINAS.COM"},"url":"https:\/\/noticiasmercedinas.com\/site\/author\/anonimo\/"}]}},"amp_enabled":true,"_links":{"self":[{"href":"https:\/\/noticiasmercedinas.com\/site\/wp-json\/wp\/v2\/posts\/123100","targetHints":{"allow":["GET"]}}],"collection":[{"href":"https:\/\/noticiasmercedinas.com\/site\/wp-json\/wp\/v2\/posts"}],"about":[{"href":"https:\/\/noticiasmercedinas.com\/site\/wp-json\/wp\/v2\/types\/post"}],"author":[{"embeddable":true,"href":"https:\/\/noticiasmercedinas.com\/site\/wp-json\/wp\/v2\/users\/16"}],"replies":[{"embeddable":true,"href":"https:\/\/noticiasmercedinas.com\/site\/wp-json\/wp\/v2\/comments?post=123100"}],"version-history":[{"count":1,"href":"https:\/\/noticiasmercedinas.com\/site\/wp-json\/wp\/v2\/posts\/123100\/revisions"}],"predecessor-version":[{"id":123102,"href":"https:\/\/noticiasmercedinas.com\/site\/wp-json\/wp\/v2\/posts\/123100\/revisions\/123102"}],"wp:featuredmedia":[{"embeddable":true,"href":"https:\/\/noticiasmercedinas.com\/site\/wp-json\/wp\/v2\/media\/123101"}],"wp:attachment":[{"href":"https:\/\/noticiasmercedinas.com\/site\/wp-json\/wp\/v2\/media?parent=123100"}],"wp:term":[{"taxonomy":"category","embeddable":true,"href":"https:\/\/noticiasmercedinas.com\/site\/wp-json\/wp\/v2\/categories?post=123100"},{"taxonomy":"post_tag","embeddable":true,"href":"https:\/\/noticiasmercedinas.com\/site\/wp-json\/wp\/v2\/tags?post=123100"}],"curies":[{"name":"wp","href":"https:\/\/api.w.org\/{rel}","templated":true}]}}