{"id":123179,"date":"2023-09-21T17:14:01","date_gmt":"2023-09-21T20:14:01","guid":{"rendered":"https:\/\/noticiasmercedinas.com\/site\/?p=123179"},"modified":"2023-09-21T17:14:01","modified_gmt":"2023-09-21T20:14:01","slug":"desde-evolucion-radical-preocupados-por-el-consumo-de-alcohol-este-21","status":"publish","type":"post","link":"https:\/\/noticiasmercedinas.com\/site\/2023\/09\/21\/desde-evolucion-radical-preocupados-por-el-consumo-de-alcohol-este-21\/","title":{"rendered":"Desde Evoluci\u00f3n Radical, preocupados por el consumo de alcohol este 21"},"content":{"rendered":"<p><img loading=\"lazy\" decoding=\"async\" class=\"alignnone size-full wp-image-123183\" src=\"https:\/\/noticiasmercedinas.com\/site\/wp-content\/uploads\/2023\/09\/ALC.jpg\" alt=\"\" width=\"640\" height=\"422\" srcset=\"https:\/\/noticiasmercedinas.com\/site\/wp-content\/uploads\/2023\/09\/ALC.jpg 640w, https:\/\/noticiasmercedinas.com\/site\/wp-content\/uploads\/2023\/09\/ALC-300x198.jpg 300w\" sizes=\"auto, (max-width: 640px) 100vw, 640px\" \/><\/p>\n<p>Desde <strong>Evoluci\u00f3n Radical<\/strong>, una agrupaci\u00f3n pol\u00edtica que forma parte de la coalici\u00f3n <strong>Juntos<\/strong>, se han manifestado preocupados por el consumo de alcohol en el marco de este 21 de septiembre, una fecha que tradicionalmente re\u00fane a j\u00f3venes en todo el pa\u00eds para celebrar el D\u00eda del Estudiante y el inicio de la primavera.<\/p>\n<p>A trav\u00e9s de sus redes sociales y con el objetivo de llegar a los j\u00f3venes, Evoluci\u00f3n Radical\u00a0lanz\u00f3 una campa\u00f1a de concientizaci\u00f3n en la que resalta la importancia de disfrutar de estas festividades de manera responsable, evitando el consumo excesivo de alcohol y promoviendo la seguridad y el respeto entre los participantes.<\/p>\n<p>El mensaje principal de la campa\u00f1a es claro: \u00abNo es conveniente consumir alcohol, pero si decides hacerlo, hazlo de manera responsable\u00bb. Evoluci\u00f3n Radical enfatiza la necesidad de mantenerse hidratado durante la celebraci\u00f3n y de estar atentos a los amigos que puedan estar en situaci\u00f3n de vulnerabilidad debido al consumo de alcohol.<\/p>\n<p>Adem\u00e1s, la agrupaci\u00f3n pol\u00edtica hace hincapi\u00e9 en la importancia del consentimiento en cualquier situaci\u00f3n y recuerda que \u00abel no siempre es no\u00bb. Si alguien presencia una situaci\u00f3n inc\u00f3moda o que requiere intervenci\u00f3n, se alienta a llamar a los servicios de emergencia como el 144 o el 911 para recibir ayuda adecuada y oportuna.<\/p>\n<p>Esta iniciativa de Evoluci\u00f3n Radical forma parte de su compromiso por promover pr\u00e1cticas responsables entre los j\u00f3venes y concientizar sobre los riesgos asociados al consumo excesivo de alcohol en eventos festivos.<\/p>\n<p>La campa\u00f1a se ha difundido ampliamente en las redes sociales y ha recibido una respuesta positiva por parte de la comunidad, especialmente de j\u00f3venes que valoran la importancia de celebrar de manera segura y respetuosa.<\/p>\n<p>En un momento en que la seguridad y el bienestar de los j\u00f3venes son temas de preocupaci\u00f3n para la sociedad en su conjunto, Evoluci\u00f3n Radical busca contribuir a un ambiente festivo en el que la diversi\u00f3n vaya de la mano con el cuidado y el respeto hacia uno mismo y los dem\u00e1s.<\/p>\n\r\n                <style type=\"text\/css\">\r\n                    \r\n                    #td_uid_1_69ef2a0b999df  .td-doubleSlider-2 .td-item1 {\r\n                        background: url(https:\/\/noticiasmercedinas.com\/site\/wp-content\/uploads\/2023\/09\/75fbbaaa-446b-4221-9030-0fdd85eb6926-160x120.jpg) 0 0 no-repeat;\r\n                    }\r\n                    #td_uid_1_69ef2a0b999df  .td-doubleSlider-2 .td-item2 {\r\n                        background: url(https:\/\/noticiasmercedinas.com\/site\/wp-content\/uploads\/2023\/09\/9a6c6eb9-8bcf-4bf9-a44b-ee639ed4e9e9-160x120.jpg) 0 0 no-repeat;\r\n                    }\r\n                    #td_uid_1_69ef2a0b999df  .td-doubleSlider-2 .td-item3 {\r\n                        background: url(https:\/\/noticiasmercedinas.com\/site\/wp-content\/uploads\/2023\/09\/df467375-9e05-4550-926f-3c4626832ddb-160x120.jpg) 0 0 no-repeat;\r\n                    }\r\n                <\/style>\r\n\r\n                <div id=\"td_uid_1_69ef2a0b999df\" class=\"td-gallery td-slide-on-2-columns\">\r\n                    <div class=\"post_td_gallery\">\r\n                        <div class=\"td-gallery-slide-top\">\r\n                           <div class=\"td-gallery-title\"><\/div>\r\n\r\n                            <div class=\"td-gallery-controls-wrapper\">\r\n                                <div class=\"td-gallery-slide-count\"><span class=\"td-gallery-slide-item-focus\">1<\/span> de 3<\/div>\r\n                                <div class=\"td-gallery-slide-prev-next-but\">\r\n                                    <i class = \"td-icon-left doubleSliderPrevButton\"><\/i>\r\n                                    <i class = \"td-icon-right doubleSliderNextButton\"><\/i>\r\n                                <\/div>\r\n                            <\/div>\r\n                        <\/div>\r\n\r\n                        <div class = \"td-doubleSlider-1 \">\r\n                            <div class = \"td-slider\">\r\n                                \r\n                    <div class = \"td-slide-item td-item1\">\r\n                        <figure class=\"td-slide-galery-figure td-slide-popup-gallery\">\r\n                            <a class=\"slide-gallery-image-link\" href=\"https:\/\/noticiasmercedinas.com\/site\/wp-content\/uploads\/2023\/09\/75fbbaaa-446b-4221-9030-0fdd85eb6926.jpg\" title=\"75fbbaaa-446b-4221-9030-0fdd85eb6926\"  data-caption=\"\"  data-description=\"\">\r\n                                <img decoding=\"async\" src=\"https:\/\/noticiasmercedinas.com\/site\/wp-content\/uploads\/2023\/09\/75fbbaaa-446b-4221-9030-0fdd85eb6926.jpg\" srcset=\"https:\/\/noticiasmercedinas.com\/site\/wp-content\/uploads\/2023\/09\/75fbbaaa-446b-4221-9030-0fdd85eb6926.jpg 720w, https:\/\/noticiasmercedinas.com\/site\/wp-content\/uploads\/2023\/09\/75fbbaaa-446b-4221-9030-0fdd85eb6926-240x300.jpg 240w, https:\/\/noticiasmercedinas.com\/site\/wp-content\/uploads\/2023\/09\/75fbbaaa-446b-4221-9030-0fdd85eb6926-640x800.jpg 640w, https:\/\/noticiasmercedinas.com\/site\/wp-content\/uploads\/2023\/09\/75fbbaaa-446b-4221-9030-0fdd85eb6926-681x851.jpg 681w\" sizes=\"(max-width: 720px) 100vw, 720px\" alt=\"\">\r\n                            <\/a>\r\n                            \r\n                        <\/figure>\r\n                    <\/div>\r\n                    <div class = \"td-slide-item td-item2\">\r\n                        <figure class=\"td-slide-galery-figure td-slide-popup-gallery\">\r\n                            <a class=\"slide-gallery-image-link\" href=\"https:\/\/noticiasmercedinas.com\/site\/wp-content\/uploads\/2023\/09\/9a6c6eb9-8bcf-4bf9-a44b-ee639ed4e9e9.jpg\" title=\"9a6c6eb9-8bcf-4bf9-a44b-ee639ed4e9e9\"  data-caption=\"\"  data-description=\"\">\r\n                                <img decoding=\"async\" src=\"https:\/\/noticiasmercedinas.com\/site\/wp-content\/uploads\/2023\/09\/9a6c6eb9-8bcf-4bf9-a44b-ee639ed4e9e9.jpg\" srcset=\"https:\/\/noticiasmercedinas.com\/site\/wp-content\/uploads\/2023\/09\/9a6c6eb9-8bcf-4bf9-a44b-ee639ed4e9e9.jpg 720w, https:\/\/noticiasmercedinas.com\/site\/wp-content\/uploads\/2023\/09\/9a6c6eb9-8bcf-4bf9-a44b-ee639ed4e9e9-240x300.jpg 240w, https:\/\/noticiasmercedinas.com\/site\/wp-content\/uploads\/2023\/09\/9a6c6eb9-8bcf-4bf9-a44b-ee639ed4e9e9-640x800.jpg 640w, https:\/\/noticiasmercedinas.com\/site\/wp-content\/uploads\/2023\/09\/9a6c6eb9-8bcf-4bf9-a44b-ee639ed4e9e9-681x851.jpg 681w\" sizes=\"(max-width: 720px) 100vw, 720px\" alt=\"\">\r\n                            <\/a>\r\n                            \r\n                        <\/figure>\r\n                    <\/div>\r\n                    <div class = \"td-slide-item td-item3\">\r\n                        <figure class=\"td-slide-galery-figure td-slide-popup-gallery\">\r\n                            <a class=\"slide-gallery-image-link\" href=\"https:\/\/noticiasmercedinas.com\/site\/wp-content\/uploads\/2023\/09\/df467375-9e05-4550-926f-3c4626832ddb.jpg\" title=\"df467375-9e05-4550-926f-3c4626832ddb\"  data-caption=\"\"  data-description=\"\">\r\n                                <img decoding=\"async\" src=\"https:\/\/noticiasmercedinas.com\/site\/wp-content\/uploads\/2023\/09\/df467375-9e05-4550-926f-3c4626832ddb.jpg\" srcset=\"https:\/\/noticiasmercedinas.com\/site\/wp-content\/uploads\/2023\/09\/df467375-9e05-4550-926f-3c4626832ddb.jpg 720w, https:\/\/noticiasmercedinas.com\/site\/wp-content\/uploads\/2023\/09\/df467375-9e05-4550-926f-3c4626832ddb-240x300.jpg 240w, https:\/\/noticiasmercedinas.com\/site\/wp-content\/uploads\/2023\/09\/df467375-9e05-4550-926f-3c4626832ddb-640x800.jpg 640w, https:\/\/noticiasmercedinas.com\/site\/wp-content\/uploads\/2023\/09\/df467375-9e05-4550-926f-3c4626832ddb-681x851.jpg 681w\" sizes=\"(max-width: 720px) 100vw, 720px\" alt=\"\">\r\n                            <\/a>\r\n                            \r\n                        <\/figure>\r\n                    <\/div>\r\n                            <\/div>\r\n                        <\/div>\r\n\r\n                        <div class = \"td-doubleSlider-2\">\r\n                            <div class = \"td-slider\">\r\n                                \r\n                    <div class = \"td-button td-item1\">\r\n                        <div class = \"td-border\"><\/div>\r\n                    <\/div>\r\n                    <div class = \"td-button td-item2\">\r\n                        <div class = \"td-border\"><\/div>\r\n                    <\/div>\r\n                    <div class = \"td-button td-item3\">\r\n                        <div class = \"td-border\"><\/div>\r\n                    <\/div>\r\n                            <\/div>\r\n                        <\/div>\r\n\r\n                    <\/div>\r\n\r\n                <\/div>\r\n                \n","protected":false},"excerpt":{"rendered":"<p>\u25a0 Promueven desde las redes sociales un festejo responsable en el D\u00eda del Estudiante y la Primavera. Buscan contribuir a un ambiente festivo en el que la diversi\u00f3n vaya de la mano con el cuidado y el respeto<\/p>\n","protected":false},"author":16,"featured_media":123183,"comment_status":"closed","ping_status":"closed","sticky":false,"template":"","format":"standard","meta":{"footnotes":""},"categories":[16],"tags":[13093,10779,154,17351],"class_list":["post-123179","post","type-post","status-publish","format-standard","has-post-thumbnail","hentry","category-politica","tag-alcohol","tag-evolucion-radical","tag-juventud","tag-primevera"],"yoast_head":"<!-- This site is optimized with the Yoast SEO plugin v27.4 - https:\/\/yoast.com\/product\/yoast-seo-wordpress\/ -->\n<title>Desde Evoluci\u00f3n Radical, preocupados por el consumo de alcohol este 21<\/title>\n<meta name=\"robots\" content=\"index, follow, max-snippet:-1, max-image-preview:large, max-video-preview:-1\" \/>\n<link rel=\"canonical\" href=\"https:\/\/noticiasmercedinas.com\/site\/2023\/09\/21\/desde-evolucion-radical-preocupados-por-el-consumo-de-alcohol-este-21\/\" \/>\n<meta property=\"og:locale\" content=\"es_ES\" \/>\n<meta property=\"og:type\" content=\"article\" \/>\n<meta property=\"og:title\" content=\"Desde Evoluci\u00f3n Radical, preocupados por el consumo de alcohol este 21\" \/>\n<meta property=\"og:description\" content=\"\u25a0 Promueven desde las redes sociales un festejo responsable en el D\u00eda del Estudiante y la Primavera. Buscan contribuir a un ambiente festivo en el que la diversi\u00f3n vaya de la mano con el cuidado y el respeto\" \/>\n<meta property=\"og:url\" content=\"https:\/\/noticiasmercedinas.com\/site\/2023\/09\/21\/desde-evolucion-radical-preocupados-por-el-consumo-de-alcohol-este-21\/\" \/>\n<meta property=\"og:site_name\" content=\"NOTICIASMERCEDINAS.COM\" \/>\n<meta property=\"article:publisher\" content=\"https:\/\/www.facebook.com\/noticiasmercedinas\/\" \/>\n<meta property=\"article:published_time\" content=\"2023-09-21T20:14:01+00:00\" \/>\n<meta property=\"og:image\" content=\"https:\/\/noticiasmercedinas.com\/site\/wp-content\/uploads\/2023\/09\/ALC.jpg\" \/>\n\t<meta property=\"og:image:width\" content=\"640\" \/>\n\t<meta property=\"og:image:height\" content=\"422\" \/>\n\t<meta property=\"og:image:type\" content=\"image\/jpeg\" \/>\n<meta name=\"author\" content=\"NOTICIASMERCEDINAS.COM\" \/>\n<meta name=\"twitter:card\" content=\"summary_large_image\" \/>\n<meta name=\"twitter:creator\" content=\"@notmercedinas\" \/>\n<meta name=\"twitter:site\" content=\"@notmercedinas\" \/>\n<meta name=\"twitter:label1\" content=\"Escrito por\" \/>\n\t<meta name=\"twitter:data1\" content=\"NOTICIASMERCEDINAS.COM\" \/>\n\t<meta name=\"twitter:label2\" content=\"Tiempo de lectura\" \/>\n\t<meta name=\"twitter:data2\" content=\"2 minutos\" \/>\n<script type=\"application\/ld+json\" class=\"yoast-schema-graph\">{\"@context\":\"https:\\\/\\\/schema.org\",\"@graph\":[{\"@type\":\"Article\",\"@id\":\"https:\\\/\\\/noticiasmercedinas.com\\\/site\\\/2023\\\/09\\\/21\\\/desde-evolucion-radical-preocupados-por-el-consumo-de-alcohol-este-21\\\/#article\",\"isPartOf\":{\"@id\":\"https:\\\/\\\/noticiasmercedinas.com\\\/site\\\/2023\\\/09\\\/21\\\/desde-evolucion-radical-preocupados-por-el-consumo-de-alcohol-este-21\\\/\"},\"author\":{\"name\":\"NOTICIASMERCEDINAS.COM\",\"@id\":\"https:\\\/\\\/noticiasmercedinas.com\\\/site\\\/#\\\/schema\\\/person\\\/84b59c099c28ff2e8b77d4ceec5d8063\"},\"headline\":\"Desde Evoluci\u00f3n Radical, preocupados por el consumo de alcohol este 21\",\"datePublished\":\"2023-09-21T20:14:01+00:00\",\"mainEntityOfPage\":{\"@id\":\"https:\\\/\\\/noticiasmercedinas.com\\\/site\\\/2023\\\/09\\\/21\\\/desde-evolucion-radical-preocupados-por-el-consumo-de-alcohol-este-21\\\/\"},\"wordCount\":380,\"publisher\":{\"@id\":\"https:\\\/\\\/noticiasmercedinas.com\\\/site\\\/#organization\"},\"image\":{\"@id\":\"https:\\\/\\\/noticiasmercedinas.com\\\/site\\\/2023\\\/09\\\/21\\\/desde-evolucion-radical-preocupados-por-el-consumo-de-alcohol-este-21\\\/#primaryimage\"},\"thumbnailUrl\":\"https:\\\/\\\/noticiasmercedinas.com\\\/site\\\/wp-content\\\/uploads\\\/2023\\\/09\\\/ALC.jpg\",\"keywords\":[\"alcohol\",\"Evoluci\u00f3n Radical\",\"juventud\",\"primevera\"],\"articleSection\":[\"Politica\"],\"inLanguage\":\"es\"},{\"@type\":\"WebPage\",\"@id\":\"https:\\\/\\\/noticiasmercedinas.com\\\/site\\\/2023\\\/09\\\/21\\\/desde-evolucion-radical-preocupados-por-el-consumo-de-alcohol-este-21\\\/\",\"url\":\"https:\\\/\\\/noticiasmercedinas.com\\\/site\\\/2023\\\/09\\\/21\\\/desde-evolucion-radical-preocupados-por-el-consumo-de-alcohol-este-21\\\/\",\"name\":\"Desde Evoluci\u00f3n Radical, preocupados por el consumo de alcohol este 21\",\"isPartOf\":{\"@id\":\"https:\\\/\\\/noticiasmercedinas.com\\\/site\\\/#website\"},\"primaryImageOfPage\":{\"@id\":\"https:\\\/\\\/noticiasmercedinas.com\\\/site\\\/2023\\\/09\\\/21\\\/desde-evolucion-radical-preocupados-por-el-consumo-de-alcohol-este-21\\\/#primaryimage\"},\"image\":{\"@id\":\"https:\\\/\\\/noticiasmercedinas.com\\\/site\\\/2023\\\/09\\\/21\\\/desde-evolucion-radical-preocupados-por-el-consumo-de-alcohol-este-21\\\/#primaryimage\"},\"thumbnailUrl\":\"https:\\\/\\\/noticiasmercedinas.com\\\/site\\\/wp-content\\\/uploads\\\/2023\\\/09\\\/ALC.jpg\",\"datePublished\":\"2023-09-21T20:14:01+00:00\",\"breadcrumb\":{\"@id\":\"https:\\\/\\\/noticiasmercedinas.com\\\/site\\\/2023\\\/09\\\/21\\\/desde-evolucion-radical-preocupados-por-el-consumo-de-alcohol-este-21\\\/#breadcrumb\"},\"inLanguage\":\"es\",\"potentialAction\":[{\"@type\":\"ReadAction\",\"target\":[\"https:\\\/\\\/noticiasmercedinas.com\\\/site\\\/2023\\\/09\\\/21\\\/desde-evolucion-radical-preocupados-por-el-consumo-de-alcohol-este-21\\\/\"]}]},{\"@type\":\"ImageObject\",\"inLanguage\":\"es\",\"@id\":\"https:\\\/\\\/noticiasmercedinas.com\\\/site\\\/2023\\\/09\\\/21\\\/desde-evolucion-radical-preocupados-por-el-consumo-de-alcohol-este-21\\\/#primaryimage\",\"url\":\"https:\\\/\\\/noticiasmercedinas.com\\\/site\\\/wp-content\\\/uploads\\\/2023\\\/09\\\/ALC.jpg\",\"contentUrl\":\"https:\\\/\\\/noticiasmercedinas.com\\\/site\\\/wp-content\\\/uploads\\\/2023\\\/09\\\/ALC.jpg\",\"width\":640,\"height\":422},{\"@type\":\"BreadcrumbList\",\"@id\":\"https:\\\/\\\/noticiasmercedinas.com\\\/site\\\/2023\\\/09\\\/21\\\/desde-evolucion-radical-preocupados-por-el-consumo-de-alcohol-este-21\\\/#breadcrumb\",\"itemListElement\":[{\"@type\":\"ListItem\",\"position\":1,\"name\":\"Portada\",\"item\":\"https:\\\/\\\/noticiasmercedinas.com\\\/site\\\/\"},{\"@type\":\"ListItem\",\"position\":2,\"name\":\"Desde Evoluci\u00f3n Radical, preocupados por el consumo de alcohol este 21\"}]},{\"@type\":\"WebSite\",\"@id\":\"https:\\\/\\\/noticiasmercedinas.com\\\/site\\\/#website\",\"url\":\"https:\\\/\\\/noticiasmercedinas.com\\\/site\\\/\",\"name\":\"NOTICIASMERCEDINAS.COM\",\"description\":\"Mercedes, Buenos Aires, Argentina\",\"publisher\":{\"@id\":\"https:\\\/\\\/noticiasmercedinas.com\\\/site\\\/#organization\"},\"potentialAction\":[{\"@type\":\"SearchAction\",\"target\":{\"@type\":\"EntryPoint\",\"urlTemplate\":\"https:\\\/\\\/noticiasmercedinas.com\\\/site\\\/?s={search_term_string}\"},\"query-input\":{\"@type\":\"PropertyValueSpecification\",\"valueRequired\":true,\"valueName\":\"search_term_string\"}}],\"inLanguage\":\"es\"},{\"@type\":\"Organization\",\"@id\":\"https:\\\/\\\/noticiasmercedinas.com\\\/site\\\/#organization\",\"name\":\"NOTICIASMERCEDINAS.COM\",\"url\":\"https:\\\/\\\/noticiasmercedinas.com\\\/site\\\/\",\"logo\":{\"@type\":\"ImageObject\",\"inLanguage\":\"es\",\"@id\":\"https:\\\/\\\/noticiasmercedinas.com\\\/site\\\/#\\\/schema\\\/logo\\\/image\\\/\",\"url\":\"https:\\\/\\\/noticiasmercedinas.com\\\/site\\\/wp-content\\\/uploads\\\/2020\\\/06\\\/LOGO-512.jpg\",\"contentUrl\":\"https:\\\/\\\/noticiasmercedinas.com\\\/site\\\/wp-content\\\/uploads\\\/2020\\\/06\\\/LOGO-512.jpg\",\"width\":512,\"height\":512,\"caption\":\"NOTICIASMERCEDINAS.COM\"},\"image\":{\"@id\":\"https:\\\/\\\/noticiasmercedinas.com\\\/site\\\/#\\\/schema\\\/logo\\\/image\\\/\"},\"sameAs\":[\"https:\\\/\\\/www.facebook.com\\\/noticiasmercedinas\\\/\",\"https:\\\/\\\/x.com\\\/notmercedinas\",\"https:\\\/\\\/www.instagram.com\\\/noticiasmercedinas\\\/\"]},{\"@type\":\"Person\",\"@id\":\"https:\\\/\\\/noticiasmercedinas.com\\\/site\\\/#\\\/schema\\\/person\\\/84b59c099c28ff2e8b77d4ceec5d8063\",\"name\":\"NOTICIASMERCEDINAS.COM\",\"image\":{\"@type\":\"ImageObject\",\"inLanguage\":\"es\",\"@id\":\"https:\\\/\\\/secure.gravatar.com\\\/avatar\\\/4dfbf16b4d17945bfb6341b2d19043457132fcf478a5ee04f42e959fd8f5df0a?s=96&d=mm&r=g\",\"url\":\"https:\\\/\\\/secure.gravatar.com\\\/avatar\\\/4dfbf16b4d17945bfb6341b2d19043457132fcf478a5ee04f42e959fd8f5df0a?s=96&d=mm&r=g\",\"contentUrl\":\"https:\\\/\\\/secure.gravatar.com\\\/avatar\\\/4dfbf16b4d17945bfb6341b2d19043457132fcf478a5ee04f42e959fd8f5df0a?s=96&d=mm&r=g\",\"caption\":\"NOTICIASMERCEDINAS.COM\"},\"url\":\"https:\\\/\\\/noticiasmercedinas.com\\\/site\\\/author\\\/anonimo\\\/\"}]}<\/script>\n<!-- \/ Yoast SEO plugin. -->","yoast_head_json":{"title":"Desde Evoluci\u00f3n Radical, preocupados por el consumo de alcohol este 21","robots":{"index":"index","follow":"follow","max-snippet":"max-snippet:-1","max-image-preview":"max-image-preview:large","max-video-preview":"max-video-preview:-1"},"canonical":"https:\/\/noticiasmercedinas.com\/site\/2023\/09\/21\/desde-evolucion-radical-preocupados-por-el-consumo-de-alcohol-este-21\/","og_locale":"es_ES","og_type":"article","og_title":"Desde Evoluci\u00f3n Radical, preocupados por el consumo de alcohol este 21","og_description":"\u25a0 Promueven desde las redes sociales un festejo responsable en el D\u00eda del Estudiante y la Primavera. Buscan contribuir a un ambiente festivo en el que la diversi\u00f3n vaya de la mano con el cuidado y el respeto","og_url":"https:\/\/noticiasmercedinas.com\/site\/2023\/09\/21\/desde-evolucion-radical-preocupados-por-el-consumo-de-alcohol-este-21\/","og_site_name":"NOTICIASMERCEDINAS.COM","article_publisher":"https:\/\/www.facebook.com\/noticiasmercedinas\/","article_published_time":"2023-09-21T20:14:01+00:00","og_image":[{"width":640,"height":422,"url":"https:\/\/noticiasmercedinas.com\/site\/wp-content\/uploads\/2023\/09\/ALC.jpg","type":"image\/jpeg"}],"author":"NOTICIASMERCEDINAS.COM","twitter_card":"summary_large_image","twitter_creator":"@notmercedinas","twitter_site":"@notmercedinas","twitter_misc":{"Escrito por":"NOTICIASMERCEDINAS.COM","Tiempo de lectura":"2 minutos"},"schema":{"@context":"https:\/\/schema.org","@graph":[{"@type":"Article","@id":"https:\/\/noticiasmercedinas.com\/site\/2023\/09\/21\/desde-evolucion-radical-preocupados-por-el-consumo-de-alcohol-este-21\/#article","isPartOf":{"@id":"https:\/\/noticiasmercedinas.com\/site\/2023\/09\/21\/desde-evolucion-radical-preocupados-por-el-consumo-de-alcohol-este-21\/"},"author":{"name":"NOTICIASMERCEDINAS.COM","@id":"https:\/\/noticiasmercedinas.com\/site\/#\/schema\/person\/84b59c099c28ff2e8b77d4ceec5d8063"},"headline":"Desde Evoluci\u00f3n Radical, preocupados por el consumo de alcohol este 21","datePublished":"2023-09-21T20:14:01+00:00","mainEntityOfPage":{"@id":"https:\/\/noticiasmercedinas.com\/site\/2023\/09\/21\/desde-evolucion-radical-preocupados-por-el-consumo-de-alcohol-este-21\/"},"wordCount":380,"publisher":{"@id":"https:\/\/noticiasmercedinas.com\/site\/#organization"},"image":{"@id":"https:\/\/noticiasmercedinas.com\/site\/2023\/09\/21\/desde-evolucion-radical-preocupados-por-el-consumo-de-alcohol-este-21\/#primaryimage"},"thumbnailUrl":"https:\/\/noticiasmercedinas.com\/site\/wp-content\/uploads\/2023\/09\/ALC.jpg","keywords":["alcohol","Evoluci\u00f3n Radical","juventud","primevera"],"articleSection":["Politica"],"inLanguage":"es"},{"@type":"WebPage","@id":"https:\/\/noticiasmercedinas.com\/site\/2023\/09\/21\/desde-evolucion-radical-preocupados-por-el-consumo-de-alcohol-este-21\/","url":"https:\/\/noticiasmercedinas.com\/site\/2023\/09\/21\/desde-evolucion-radical-preocupados-por-el-consumo-de-alcohol-este-21\/","name":"Desde Evoluci\u00f3n Radical, preocupados por el consumo de alcohol este 21","isPartOf":{"@id":"https:\/\/noticiasmercedinas.com\/site\/#website"},"primaryImageOfPage":{"@id":"https:\/\/noticiasmercedinas.com\/site\/2023\/09\/21\/desde-evolucion-radical-preocupados-por-el-consumo-de-alcohol-este-21\/#primaryimage"},"image":{"@id":"https:\/\/noticiasmercedinas.com\/site\/2023\/09\/21\/desde-evolucion-radical-preocupados-por-el-consumo-de-alcohol-este-21\/#primaryimage"},"thumbnailUrl":"https:\/\/noticiasmercedinas.com\/site\/wp-content\/uploads\/2023\/09\/ALC.jpg","datePublished":"2023-09-21T20:14:01+00:00","breadcrumb":{"@id":"https:\/\/noticiasmercedinas.com\/site\/2023\/09\/21\/desde-evolucion-radical-preocupados-por-el-consumo-de-alcohol-este-21\/#breadcrumb"},"inLanguage":"es","potentialAction":[{"@type":"ReadAction","target":["https:\/\/noticiasmercedinas.com\/site\/2023\/09\/21\/desde-evolucion-radical-preocupados-por-el-consumo-de-alcohol-este-21\/"]}]},{"@type":"ImageObject","inLanguage":"es","@id":"https:\/\/noticiasmercedinas.com\/site\/2023\/09\/21\/desde-evolucion-radical-preocupados-por-el-consumo-de-alcohol-este-21\/#primaryimage","url":"https:\/\/noticiasmercedinas.com\/site\/wp-content\/uploads\/2023\/09\/ALC.jpg","contentUrl":"https:\/\/noticiasmercedinas.com\/site\/wp-content\/uploads\/2023\/09\/ALC.jpg","width":640,"height":422},{"@type":"BreadcrumbList","@id":"https:\/\/noticiasmercedinas.com\/site\/2023\/09\/21\/desde-evolucion-radical-preocupados-por-el-consumo-de-alcohol-este-21\/#breadcrumb","itemListElement":[{"@type":"ListItem","position":1,"name":"Portada","item":"https:\/\/noticiasmercedinas.com\/site\/"},{"@type":"ListItem","position":2,"name":"Desde Evoluci\u00f3n Radical, preocupados por el consumo de alcohol este 21"}]},{"@type":"WebSite","@id":"https:\/\/noticiasmercedinas.com\/site\/#website","url":"https:\/\/noticiasmercedinas.com\/site\/","name":"NOTICIASMERCEDINAS.COM","description":"Mercedes, Buenos Aires, Argentina","publisher":{"@id":"https:\/\/noticiasmercedinas.com\/site\/#organization"},"potentialAction":[{"@type":"SearchAction","target":{"@type":"EntryPoint","urlTemplate":"https:\/\/noticiasmercedinas.com\/site\/?s={search_term_string}"},"query-input":{"@type":"PropertyValueSpecification","valueRequired":true,"valueName":"search_term_string"}}],"inLanguage":"es"},{"@type":"Organization","@id":"https:\/\/noticiasmercedinas.com\/site\/#organization","name":"NOTICIASMERCEDINAS.COM","url":"https:\/\/noticiasmercedinas.com\/site\/","logo":{"@type":"ImageObject","inLanguage":"es","@id":"https:\/\/noticiasmercedinas.com\/site\/#\/schema\/logo\/image\/","url":"https:\/\/noticiasmercedinas.com\/site\/wp-content\/uploads\/2020\/06\/LOGO-512.jpg","contentUrl":"https:\/\/noticiasmercedinas.com\/site\/wp-content\/uploads\/2020\/06\/LOGO-512.jpg","width":512,"height":512,"caption":"NOTICIASMERCEDINAS.COM"},"image":{"@id":"https:\/\/noticiasmercedinas.com\/site\/#\/schema\/logo\/image\/"},"sameAs":["https:\/\/www.facebook.com\/noticiasmercedinas\/","https:\/\/x.com\/notmercedinas","https:\/\/www.instagram.com\/noticiasmercedinas\/"]},{"@type":"Person","@id":"https:\/\/noticiasmercedinas.com\/site\/#\/schema\/person\/84b59c099c28ff2e8b77d4ceec5d8063","name":"NOTICIASMERCEDINAS.COM","image":{"@type":"ImageObject","inLanguage":"es","@id":"https:\/\/secure.gravatar.com\/avatar\/4dfbf16b4d17945bfb6341b2d19043457132fcf478a5ee04f42e959fd8f5df0a?s=96&d=mm&r=g","url":"https:\/\/secure.gravatar.com\/avatar\/4dfbf16b4d17945bfb6341b2d19043457132fcf478a5ee04f42e959fd8f5df0a?s=96&d=mm&r=g","contentUrl":"https:\/\/secure.gravatar.com\/avatar\/4dfbf16b4d17945bfb6341b2d19043457132fcf478a5ee04f42e959fd8f5df0a?s=96&d=mm&r=g","caption":"NOTICIASMERCEDINAS.COM"},"url":"https:\/\/noticiasmercedinas.com\/site\/author\/anonimo\/"}]}},"amp_enabled":true,"_links":{"self":[{"href":"https:\/\/noticiasmercedinas.com\/site\/wp-json\/wp\/v2\/posts\/123179","targetHints":{"allow":["GET"]}}],"collection":[{"href":"https:\/\/noticiasmercedinas.com\/site\/wp-json\/wp\/v2\/posts"}],"about":[{"href":"https:\/\/noticiasmercedinas.com\/site\/wp-json\/wp\/v2\/types\/post"}],"author":[{"embeddable":true,"href":"https:\/\/noticiasmercedinas.com\/site\/wp-json\/wp\/v2\/users\/16"}],"replies":[{"embeddable":true,"href":"https:\/\/noticiasmercedinas.com\/site\/wp-json\/wp\/v2\/comments?post=123179"}],"version-history":[{"count":1,"href":"https:\/\/noticiasmercedinas.com\/site\/wp-json\/wp\/v2\/posts\/123179\/revisions"}],"predecessor-version":[{"id":123184,"href":"https:\/\/noticiasmercedinas.com\/site\/wp-json\/wp\/v2\/posts\/123179\/revisions\/123184"}],"wp:featuredmedia":[{"embeddable":true,"href":"https:\/\/noticiasmercedinas.com\/site\/wp-json\/wp\/v2\/media\/123183"}],"wp:attachment":[{"href":"https:\/\/noticiasmercedinas.com\/site\/wp-json\/wp\/v2\/media?parent=123179"}],"wp:term":[{"taxonomy":"category","embeddable":true,"href":"https:\/\/noticiasmercedinas.com\/site\/wp-json\/wp\/v2\/categories?post=123179"},{"taxonomy":"post_tag","embeddable":true,"href":"https:\/\/noticiasmercedinas.com\/site\/wp-json\/wp\/v2\/tags?post=123179"}],"curies":[{"name":"wp","href":"https:\/\/api.w.org\/{rel}","templated":true}]}}