{"id":123204,"date":"2023-09-21T21:15:46","date_gmt":"2023-09-22T00:15:46","guid":{"rendered":"https:\/\/noticiasmercedinas.com\/site\/?p=123204"},"modified":"2023-09-21T21:15:46","modified_gmt":"2023-09-22T00:15:46","slug":"entregan-computadoras-y-respiradores-para-fortalecer-el-sistema-de-salud-de-mercedes","status":"publish","type":"post","link":"https:\/\/noticiasmercedinas.com\/site\/2023\/09\/21\/entregan-computadoras-y-respiradores-para-fortalecer-el-sistema-de-salud-de-mercedes\/","title":{"rendered":"Entregan computadoras y respiradores para fortalecer el sistema de salud de Mercedes"},"content":{"rendered":"<p><img loading=\"lazy\" decoding=\"async\" class=\"alignnone size-large wp-image-123205\" src=\"https:\/\/noticiasmercedinas.com\/site\/wp-content\/uploads\/2023\/09\/Aportes-de-Salud-1024x682.jpg\" alt=\"\" width=\"640\" height=\"426\" srcset=\"https:\/\/noticiasmercedinas.com\/site\/wp-content\/uploads\/2023\/09\/Aportes-de-Salud-1024x682.jpg 1024w, https:\/\/noticiasmercedinas.com\/site\/wp-content\/uploads\/2023\/09\/Aportes-de-Salud-300x200.jpg 300w, https:\/\/noticiasmercedinas.com\/site\/wp-content\/uploads\/2023\/09\/Aportes-de-Salud-768x512.jpg 768w, https:\/\/noticiasmercedinas.com\/site\/wp-content\/uploads\/2023\/09\/Aportes-de-Salud-640x427.jpg 640w, https:\/\/noticiasmercedinas.com\/site\/wp-content\/uploads\/2023\/09\/Aportes-de-Salud-1280x853.jpg 1280w, https:\/\/noticiasmercedinas.com\/site\/wp-content\/uploads\/2023\/09\/Aportes-de-Salud-681x454.jpg 681w, https:\/\/noticiasmercedinas.com\/site\/wp-content\/uploads\/2023\/09\/Aportes-de-Salud.jpg 1319w\" sizes=\"auto, (max-width: 640px) 100vw, 640px\" \/><\/p>\n<p>En una acci\u00f3n conjunta entre el Municipio de Mercedes y la Provincia de Buenos Aires, la ciudad recibi\u00f3 un valioso aporte para el sector de la salud. Un total de 20 computadoras y 3 respiradores llegaron a la ciudad, destinados a mejorar significativamente el servicio integral de salud. De estas, 10 computadoras y los respiradores se entregar\u00e1n al Hospital Blas L. Dubarry, mientras que las 10 restantes se incorporar\u00e1n a la Secretar\u00eda de Salud Municipal.<\/p>\n<p>El intendente <strong>Juan Ignacio Ustarroz<\/strong> expres\u00f3 su agradecimiento por este importante apoyo: \u00abAgradecemos este nuevo aporte a la ciudad de Mercedes, tanto para el Municipio en su atenci\u00f3n primaria de la salud como para el hospital Blas Dubarry\u00bb. Adem\u00e1s, felicit\u00f3 a la Secretar\u00eda de Salud por su destacado trabajo, resaltando que Mercedes fue uno de los primeros 8 municipios de los 135 de la provincia en implementar la historia cl\u00ednica municipal. Esta implementaci\u00f3n no solo requiere de las computadoras, sino tambi\u00e9n de una reorganizaci\u00f3n de todos los dispositivos de salud.<\/p>\n<p>Ustarroz enfatiz\u00f3 el compromiso del personal de salud: \u00abGracias al compromiso de los trabajadores de la salud, logramos dar un importante paso que beneficia directamente a los pacientes, as\u00ed como a las estad\u00edsticas y la implementaci\u00f3n de pol\u00edticas de salud. Todo esto se logra con el respaldo del Gobierno Provincial y Nacional, mientras que el Municipio suma infraestructura para mejorar la atenci\u00f3n sanitaria para todos los ciudadanos\u00bb.<\/p>\n<p><strong>N\u00e9stor Pisapia<\/strong>, Secretario de Salud, agradeci\u00f3 el apoyo constante del Gobierno Provincial y destac\u00f3 el fortalecimiento del primer y segundo nivel de atenci\u00f3n en salud. Pisapia tambi\u00e9n resalt\u00f3 la gesti\u00f3n del intendente Ustarroz, que impulsa nuevas propuestas para el sector y recibe respuestas y suministros en consecuencia.<\/p>\n<p>Por su parte, <strong>Carolina Dinapoli<\/strong>, responsable de la regi\u00f3n sanitaria X, elogi\u00f3 a Mercedes por ser el primer distrito en tener completamente implementada la historia cl\u00ednica digital. Este fortalecimiento incluye la entrega de computadoras para generar una red integral en los Centros de Atenci\u00f3n Primaria de la Salud (CAPS), en coordinaci\u00f3n con el hospital y toda la red de derivaciones de la provincia de Buenos Aires. Dinapoli resalt\u00f3 el esfuerzo para fortalecer la red de salud de la provincia y entreg\u00f3 insumos y equipamiento, una iniciativa impulsada por el Gobernador <strong>Axel Kicillof<\/strong><\/p>\n","protected":false},"excerpt":{"rendered":"<p>\u25a0 Desde la Provincia, un total de 20 computadoras y 3 respiradores llegaron a la ciudad, destinados a mejorar significativamente el servicio integral de salud.<\/p>\n","protected":false},"author":16,"featured_media":123205,"comment_status":"closed","ping_status":"closed","sticky":false,"template":"","format":"standard","meta":{"footnotes":""},"categories":[3],"tags":[224,71],"class_list":["post-123204","post","type-post","status-publish","format-standard","has-post-thumbnail","hentry","category-sociedad","tag-hospital","tag-salud"],"yoast_head":"<!-- This site is optimized with the Yoast SEO plugin v27.5 - https:\/\/yoast.com\/product\/yoast-seo-wordpress\/ -->\n<title>Entregan computadoras y respiradores para fortalecer el sistema de salud de Mercedes<\/title>\n<meta name=\"robots\" content=\"index, follow, max-snippet:-1, max-image-preview:large, max-video-preview:-1\" \/>\n<link rel=\"canonical\" href=\"https:\/\/noticiasmercedinas.com\/site\/2023\/09\/21\/entregan-computadoras-y-respiradores-para-fortalecer-el-sistema-de-salud-de-mercedes\/\" \/>\n<meta property=\"og:locale\" content=\"es_ES\" \/>\n<meta property=\"og:type\" content=\"article\" \/>\n<meta property=\"og:title\" content=\"Entregan computadoras y respiradores para fortalecer el sistema de salud de Mercedes\" \/>\n<meta property=\"og:description\" content=\"\u25a0 Desde la Provincia, un total de 20 computadoras y 3 respiradores llegaron a la ciudad, destinados a mejorar significativamente el servicio integral de salud.\" \/>\n<meta property=\"og:url\" content=\"https:\/\/noticiasmercedinas.com\/site\/2023\/09\/21\/entregan-computadoras-y-respiradores-para-fortalecer-el-sistema-de-salud-de-mercedes\/\" \/>\n<meta property=\"og:site_name\" content=\"NOTICIASMERCEDINAS.COM\" \/>\n<meta property=\"article:publisher\" content=\"https:\/\/www.facebook.com\/noticiasmercedinas\/\" \/>\n<meta property=\"article:published_time\" content=\"2023-09-22T00:15:46+00:00\" \/>\n<meta property=\"og:image\" content=\"https:\/\/noticiasmercedinas.com\/site\/wp-content\/uploads\/2023\/09\/Aportes-de-Salud.jpg\" \/>\n\t<meta property=\"og:image:width\" content=\"1319\" \/>\n\t<meta property=\"og:image:height\" content=\"879\" \/>\n\t<meta property=\"og:image:type\" content=\"image\/jpeg\" \/>\n<meta name=\"author\" content=\"NOTICIASMERCEDINAS.COM\" \/>\n<meta name=\"twitter:card\" content=\"summary_large_image\" \/>\n<meta name=\"twitter:creator\" content=\"@notmercedinas\" \/>\n<meta name=\"twitter:site\" content=\"@notmercedinas\" \/>\n<meta name=\"twitter:label1\" content=\"Escrito por\" \/>\n\t<meta name=\"twitter:data1\" content=\"NOTICIASMERCEDINAS.COM\" \/>\n\t<meta name=\"twitter:label2\" content=\"Tiempo de lectura\" \/>\n\t<meta name=\"twitter:data2\" content=\"2 minutos\" \/>\n<script type=\"application\/ld+json\" class=\"yoast-schema-graph\">{\"@context\":\"https:\\\/\\\/schema.org\",\"@graph\":[{\"@type\":\"Article\",\"@id\":\"https:\\\/\\\/noticiasmercedinas.com\\\/site\\\/2023\\\/09\\\/21\\\/entregan-computadoras-y-respiradores-para-fortalecer-el-sistema-de-salud-de-mercedes\\\/#article\",\"isPartOf\":{\"@id\":\"https:\\\/\\\/noticiasmercedinas.com\\\/site\\\/2023\\\/09\\\/21\\\/entregan-computadoras-y-respiradores-para-fortalecer-el-sistema-de-salud-de-mercedes\\\/\"},\"author\":{\"name\":\"NOTICIASMERCEDINAS.COM\",\"@id\":\"https:\\\/\\\/noticiasmercedinas.com\\\/site\\\/#\\\/schema\\\/person\\\/84b59c099c28ff2e8b77d4ceec5d8063\"},\"headline\":\"Entregan computadoras y respiradores para fortalecer el sistema de salud de Mercedes\",\"datePublished\":\"2023-09-22T00:15:46+00:00\",\"mainEntityOfPage\":{\"@id\":\"https:\\\/\\\/noticiasmercedinas.com\\\/site\\\/2023\\\/09\\\/21\\\/entregan-computadoras-y-respiradores-para-fortalecer-el-sistema-de-salud-de-mercedes\\\/\"},\"wordCount\":400,\"publisher\":{\"@id\":\"https:\\\/\\\/noticiasmercedinas.com\\\/site\\\/#organization\"},\"image\":{\"@id\":\"https:\\\/\\\/noticiasmercedinas.com\\\/site\\\/2023\\\/09\\\/21\\\/entregan-computadoras-y-respiradores-para-fortalecer-el-sistema-de-salud-de-mercedes\\\/#primaryimage\"},\"thumbnailUrl\":\"https:\\\/\\\/noticiasmercedinas.com\\\/site\\\/wp-content\\\/uploads\\\/2023\\\/09\\\/Aportes-de-Salud.jpg\",\"keywords\":[\"hospital\",\"salud\"],\"articleSection\":[\"Sociedad\"],\"inLanguage\":\"es\"},{\"@type\":\"WebPage\",\"@id\":\"https:\\\/\\\/noticiasmercedinas.com\\\/site\\\/2023\\\/09\\\/21\\\/entregan-computadoras-y-respiradores-para-fortalecer-el-sistema-de-salud-de-mercedes\\\/\",\"url\":\"https:\\\/\\\/noticiasmercedinas.com\\\/site\\\/2023\\\/09\\\/21\\\/entregan-computadoras-y-respiradores-para-fortalecer-el-sistema-de-salud-de-mercedes\\\/\",\"name\":\"Entregan computadoras y respiradores para fortalecer el sistema de salud de Mercedes\",\"isPartOf\":{\"@id\":\"https:\\\/\\\/noticiasmercedinas.com\\\/site\\\/#website\"},\"primaryImageOfPage\":{\"@id\":\"https:\\\/\\\/noticiasmercedinas.com\\\/site\\\/2023\\\/09\\\/21\\\/entregan-computadoras-y-respiradores-para-fortalecer-el-sistema-de-salud-de-mercedes\\\/#primaryimage\"},\"image\":{\"@id\":\"https:\\\/\\\/noticiasmercedinas.com\\\/site\\\/2023\\\/09\\\/21\\\/entregan-computadoras-y-respiradores-para-fortalecer-el-sistema-de-salud-de-mercedes\\\/#primaryimage\"},\"thumbnailUrl\":\"https:\\\/\\\/noticiasmercedinas.com\\\/site\\\/wp-content\\\/uploads\\\/2023\\\/09\\\/Aportes-de-Salud.jpg\",\"datePublished\":\"2023-09-22T00:15:46+00:00\",\"breadcrumb\":{\"@id\":\"https:\\\/\\\/noticiasmercedinas.com\\\/site\\\/2023\\\/09\\\/21\\\/entregan-computadoras-y-respiradores-para-fortalecer-el-sistema-de-salud-de-mercedes\\\/#breadcrumb\"},\"inLanguage\":\"es\",\"potentialAction\":[{\"@type\":\"ReadAction\",\"target\":[\"https:\\\/\\\/noticiasmercedinas.com\\\/site\\\/2023\\\/09\\\/21\\\/entregan-computadoras-y-respiradores-para-fortalecer-el-sistema-de-salud-de-mercedes\\\/\"]}]},{\"@type\":\"ImageObject\",\"inLanguage\":\"es\",\"@id\":\"https:\\\/\\\/noticiasmercedinas.com\\\/site\\\/2023\\\/09\\\/21\\\/entregan-computadoras-y-respiradores-para-fortalecer-el-sistema-de-salud-de-mercedes\\\/#primaryimage\",\"url\":\"https:\\\/\\\/noticiasmercedinas.com\\\/site\\\/wp-content\\\/uploads\\\/2023\\\/09\\\/Aportes-de-Salud.jpg\",\"contentUrl\":\"https:\\\/\\\/noticiasmercedinas.com\\\/site\\\/wp-content\\\/uploads\\\/2023\\\/09\\\/Aportes-de-Salud.jpg\",\"width\":1319,\"height\":879},{\"@type\":\"BreadcrumbList\",\"@id\":\"https:\\\/\\\/noticiasmercedinas.com\\\/site\\\/2023\\\/09\\\/21\\\/entregan-computadoras-y-respiradores-para-fortalecer-el-sistema-de-salud-de-mercedes\\\/#breadcrumb\",\"itemListElement\":[{\"@type\":\"ListItem\",\"position\":1,\"name\":\"Portada\",\"item\":\"https:\\\/\\\/noticiasmercedinas.com\\\/site\\\/\"},{\"@type\":\"ListItem\",\"position\":2,\"name\":\"Entregan computadoras y respiradores para fortalecer el sistema de salud de Mercedes\"}]},{\"@type\":\"WebSite\",\"@id\":\"https:\\\/\\\/noticiasmercedinas.com\\\/site\\\/#website\",\"url\":\"https:\\\/\\\/noticiasmercedinas.com\\\/site\\\/\",\"name\":\"NOTICIASMERCEDINAS.COM\",\"description\":\"Mercedes, Buenos Aires, Argentina\",\"publisher\":{\"@id\":\"https:\\\/\\\/noticiasmercedinas.com\\\/site\\\/#organization\"},\"potentialAction\":[{\"@type\":\"SearchAction\",\"target\":{\"@type\":\"EntryPoint\",\"urlTemplate\":\"https:\\\/\\\/noticiasmercedinas.com\\\/site\\\/?s={search_term_string}\"},\"query-input\":{\"@type\":\"PropertyValueSpecification\",\"valueRequired\":true,\"valueName\":\"search_term_string\"}}],\"inLanguage\":\"es\"},{\"@type\":\"Organization\",\"@id\":\"https:\\\/\\\/noticiasmercedinas.com\\\/site\\\/#organization\",\"name\":\"NOTICIASMERCEDINAS.COM\",\"url\":\"https:\\\/\\\/noticiasmercedinas.com\\\/site\\\/\",\"logo\":{\"@type\":\"ImageObject\",\"inLanguage\":\"es\",\"@id\":\"https:\\\/\\\/noticiasmercedinas.com\\\/site\\\/#\\\/schema\\\/logo\\\/image\\\/\",\"url\":\"https:\\\/\\\/noticiasmercedinas.com\\\/site\\\/wp-content\\\/uploads\\\/2020\\\/06\\\/LOGO-512.jpg\",\"contentUrl\":\"https:\\\/\\\/noticiasmercedinas.com\\\/site\\\/wp-content\\\/uploads\\\/2020\\\/06\\\/LOGO-512.jpg\",\"width\":512,\"height\":512,\"caption\":\"NOTICIASMERCEDINAS.COM\"},\"image\":{\"@id\":\"https:\\\/\\\/noticiasmercedinas.com\\\/site\\\/#\\\/schema\\\/logo\\\/image\\\/\"},\"sameAs\":[\"https:\\\/\\\/www.facebook.com\\\/noticiasmercedinas\\\/\",\"https:\\\/\\\/x.com\\\/notmercedinas\",\"https:\\\/\\\/www.instagram.com\\\/noticiasmercedinas\\\/\"]},{\"@type\":\"Person\",\"@id\":\"https:\\\/\\\/noticiasmercedinas.com\\\/site\\\/#\\\/schema\\\/person\\\/84b59c099c28ff2e8b77d4ceec5d8063\",\"name\":\"NOTICIASMERCEDINAS.COM\",\"image\":{\"@type\":\"ImageObject\",\"inLanguage\":\"es\",\"@id\":\"https:\\\/\\\/secure.gravatar.com\\\/avatar\\\/4dfbf16b4d17945bfb6341b2d19043457132fcf478a5ee04f42e959fd8f5df0a?s=96&d=mm&r=g\",\"url\":\"https:\\\/\\\/secure.gravatar.com\\\/avatar\\\/4dfbf16b4d17945bfb6341b2d19043457132fcf478a5ee04f42e959fd8f5df0a?s=96&d=mm&r=g\",\"contentUrl\":\"https:\\\/\\\/secure.gravatar.com\\\/avatar\\\/4dfbf16b4d17945bfb6341b2d19043457132fcf478a5ee04f42e959fd8f5df0a?s=96&d=mm&r=g\",\"caption\":\"NOTICIASMERCEDINAS.COM\"},\"url\":\"https:\\\/\\\/noticiasmercedinas.com\\\/site\\\/author\\\/anonimo\\\/\"}]}<\/script>\n<!-- \/ Yoast SEO plugin. -->","yoast_head_json":{"title":"Entregan computadoras y respiradores para fortalecer el sistema de salud de Mercedes","robots":{"index":"index","follow":"follow","max-snippet":"max-snippet:-1","max-image-preview":"max-image-preview:large","max-video-preview":"max-video-preview:-1"},"canonical":"https:\/\/noticiasmercedinas.com\/site\/2023\/09\/21\/entregan-computadoras-y-respiradores-para-fortalecer-el-sistema-de-salud-de-mercedes\/","og_locale":"es_ES","og_type":"article","og_title":"Entregan computadoras y respiradores para fortalecer el sistema de salud de Mercedes","og_description":"\u25a0 Desde la Provincia, un total de 20 computadoras y 3 respiradores llegaron a la ciudad, destinados a mejorar significativamente el servicio integral de salud.","og_url":"https:\/\/noticiasmercedinas.com\/site\/2023\/09\/21\/entregan-computadoras-y-respiradores-para-fortalecer-el-sistema-de-salud-de-mercedes\/","og_site_name":"NOTICIASMERCEDINAS.COM","article_publisher":"https:\/\/www.facebook.com\/noticiasmercedinas\/","article_published_time":"2023-09-22T00:15:46+00:00","og_image":[{"width":1319,"height":879,"url":"https:\/\/noticiasmercedinas.com\/site\/wp-content\/uploads\/2023\/09\/Aportes-de-Salud.jpg","type":"image\/jpeg"}],"author":"NOTICIASMERCEDINAS.COM","twitter_card":"summary_large_image","twitter_creator":"@notmercedinas","twitter_site":"@notmercedinas","twitter_misc":{"Escrito por":"NOTICIASMERCEDINAS.COM","Tiempo de lectura":"2 minutos"},"schema":{"@context":"https:\/\/schema.org","@graph":[{"@type":"Article","@id":"https:\/\/noticiasmercedinas.com\/site\/2023\/09\/21\/entregan-computadoras-y-respiradores-para-fortalecer-el-sistema-de-salud-de-mercedes\/#article","isPartOf":{"@id":"https:\/\/noticiasmercedinas.com\/site\/2023\/09\/21\/entregan-computadoras-y-respiradores-para-fortalecer-el-sistema-de-salud-de-mercedes\/"},"author":{"name":"NOTICIASMERCEDINAS.COM","@id":"https:\/\/noticiasmercedinas.com\/site\/#\/schema\/person\/84b59c099c28ff2e8b77d4ceec5d8063"},"headline":"Entregan computadoras y respiradores para fortalecer el sistema de salud de Mercedes","datePublished":"2023-09-22T00:15:46+00:00","mainEntityOfPage":{"@id":"https:\/\/noticiasmercedinas.com\/site\/2023\/09\/21\/entregan-computadoras-y-respiradores-para-fortalecer-el-sistema-de-salud-de-mercedes\/"},"wordCount":400,"publisher":{"@id":"https:\/\/noticiasmercedinas.com\/site\/#organization"},"image":{"@id":"https:\/\/noticiasmercedinas.com\/site\/2023\/09\/21\/entregan-computadoras-y-respiradores-para-fortalecer-el-sistema-de-salud-de-mercedes\/#primaryimage"},"thumbnailUrl":"https:\/\/noticiasmercedinas.com\/site\/wp-content\/uploads\/2023\/09\/Aportes-de-Salud.jpg","keywords":["hospital","salud"],"articleSection":["Sociedad"],"inLanguage":"es"},{"@type":"WebPage","@id":"https:\/\/noticiasmercedinas.com\/site\/2023\/09\/21\/entregan-computadoras-y-respiradores-para-fortalecer-el-sistema-de-salud-de-mercedes\/","url":"https:\/\/noticiasmercedinas.com\/site\/2023\/09\/21\/entregan-computadoras-y-respiradores-para-fortalecer-el-sistema-de-salud-de-mercedes\/","name":"Entregan computadoras y respiradores para fortalecer el sistema de salud de Mercedes","isPartOf":{"@id":"https:\/\/noticiasmercedinas.com\/site\/#website"},"primaryImageOfPage":{"@id":"https:\/\/noticiasmercedinas.com\/site\/2023\/09\/21\/entregan-computadoras-y-respiradores-para-fortalecer-el-sistema-de-salud-de-mercedes\/#primaryimage"},"image":{"@id":"https:\/\/noticiasmercedinas.com\/site\/2023\/09\/21\/entregan-computadoras-y-respiradores-para-fortalecer-el-sistema-de-salud-de-mercedes\/#primaryimage"},"thumbnailUrl":"https:\/\/noticiasmercedinas.com\/site\/wp-content\/uploads\/2023\/09\/Aportes-de-Salud.jpg","datePublished":"2023-09-22T00:15:46+00:00","breadcrumb":{"@id":"https:\/\/noticiasmercedinas.com\/site\/2023\/09\/21\/entregan-computadoras-y-respiradores-para-fortalecer-el-sistema-de-salud-de-mercedes\/#breadcrumb"},"inLanguage":"es","potentialAction":[{"@type":"ReadAction","target":["https:\/\/noticiasmercedinas.com\/site\/2023\/09\/21\/entregan-computadoras-y-respiradores-para-fortalecer-el-sistema-de-salud-de-mercedes\/"]}]},{"@type":"ImageObject","inLanguage":"es","@id":"https:\/\/noticiasmercedinas.com\/site\/2023\/09\/21\/entregan-computadoras-y-respiradores-para-fortalecer-el-sistema-de-salud-de-mercedes\/#primaryimage","url":"https:\/\/noticiasmercedinas.com\/site\/wp-content\/uploads\/2023\/09\/Aportes-de-Salud.jpg","contentUrl":"https:\/\/noticiasmercedinas.com\/site\/wp-content\/uploads\/2023\/09\/Aportes-de-Salud.jpg","width":1319,"height":879},{"@type":"BreadcrumbList","@id":"https:\/\/noticiasmercedinas.com\/site\/2023\/09\/21\/entregan-computadoras-y-respiradores-para-fortalecer-el-sistema-de-salud-de-mercedes\/#breadcrumb","itemListElement":[{"@type":"ListItem","position":1,"name":"Portada","item":"https:\/\/noticiasmercedinas.com\/site\/"},{"@type":"ListItem","position":2,"name":"Entregan computadoras y respiradores para fortalecer el sistema de salud de Mercedes"}]},{"@type":"WebSite","@id":"https:\/\/noticiasmercedinas.com\/site\/#website","url":"https:\/\/noticiasmercedinas.com\/site\/","name":"NOTICIASMERCEDINAS.COM","description":"Mercedes, Buenos Aires, Argentina","publisher":{"@id":"https:\/\/noticiasmercedinas.com\/site\/#organization"},"potentialAction":[{"@type":"SearchAction","target":{"@type":"EntryPoint","urlTemplate":"https:\/\/noticiasmercedinas.com\/site\/?s={search_term_string}"},"query-input":{"@type":"PropertyValueSpecification","valueRequired":true,"valueName":"search_term_string"}}],"inLanguage":"es"},{"@type":"Organization","@id":"https:\/\/noticiasmercedinas.com\/site\/#organization","name":"NOTICIASMERCEDINAS.COM","url":"https:\/\/noticiasmercedinas.com\/site\/","logo":{"@type":"ImageObject","inLanguage":"es","@id":"https:\/\/noticiasmercedinas.com\/site\/#\/schema\/logo\/image\/","url":"https:\/\/noticiasmercedinas.com\/site\/wp-content\/uploads\/2020\/06\/LOGO-512.jpg","contentUrl":"https:\/\/noticiasmercedinas.com\/site\/wp-content\/uploads\/2020\/06\/LOGO-512.jpg","width":512,"height":512,"caption":"NOTICIASMERCEDINAS.COM"},"image":{"@id":"https:\/\/noticiasmercedinas.com\/site\/#\/schema\/logo\/image\/"},"sameAs":["https:\/\/www.facebook.com\/noticiasmercedinas\/","https:\/\/x.com\/notmercedinas","https:\/\/www.instagram.com\/noticiasmercedinas\/"]},{"@type":"Person","@id":"https:\/\/noticiasmercedinas.com\/site\/#\/schema\/person\/84b59c099c28ff2e8b77d4ceec5d8063","name":"NOTICIASMERCEDINAS.COM","image":{"@type":"ImageObject","inLanguage":"es","@id":"https:\/\/secure.gravatar.com\/avatar\/4dfbf16b4d17945bfb6341b2d19043457132fcf478a5ee04f42e959fd8f5df0a?s=96&d=mm&r=g","url":"https:\/\/secure.gravatar.com\/avatar\/4dfbf16b4d17945bfb6341b2d19043457132fcf478a5ee04f42e959fd8f5df0a?s=96&d=mm&r=g","contentUrl":"https:\/\/secure.gravatar.com\/avatar\/4dfbf16b4d17945bfb6341b2d19043457132fcf478a5ee04f42e959fd8f5df0a?s=96&d=mm&r=g","caption":"NOTICIASMERCEDINAS.COM"},"url":"https:\/\/noticiasmercedinas.com\/site\/author\/anonimo\/"}]}},"amp_enabled":true,"_links":{"self":[{"href":"https:\/\/noticiasmercedinas.com\/site\/wp-json\/wp\/v2\/posts\/123204","targetHints":{"allow":["GET"]}}],"collection":[{"href":"https:\/\/noticiasmercedinas.com\/site\/wp-json\/wp\/v2\/posts"}],"about":[{"href":"https:\/\/noticiasmercedinas.com\/site\/wp-json\/wp\/v2\/types\/post"}],"author":[{"embeddable":true,"href":"https:\/\/noticiasmercedinas.com\/site\/wp-json\/wp\/v2\/users\/16"}],"replies":[{"embeddable":true,"href":"https:\/\/noticiasmercedinas.com\/site\/wp-json\/wp\/v2\/comments?post=123204"}],"version-history":[{"count":1,"href":"https:\/\/noticiasmercedinas.com\/site\/wp-json\/wp\/v2\/posts\/123204\/revisions"}],"predecessor-version":[{"id":123206,"href":"https:\/\/noticiasmercedinas.com\/site\/wp-json\/wp\/v2\/posts\/123204\/revisions\/123206"}],"wp:featuredmedia":[{"embeddable":true,"href":"https:\/\/noticiasmercedinas.com\/site\/wp-json\/wp\/v2\/media\/123205"}],"wp:attachment":[{"href":"https:\/\/noticiasmercedinas.com\/site\/wp-json\/wp\/v2\/media?parent=123204"}],"wp:term":[{"taxonomy":"category","embeddable":true,"href":"https:\/\/noticiasmercedinas.com\/site\/wp-json\/wp\/v2\/categories?post=123204"},{"taxonomy":"post_tag","embeddable":true,"href":"https:\/\/noticiasmercedinas.com\/site\/wp-json\/wp\/v2\/tags?post=123204"}],"curies":[{"name":"wp","href":"https:\/\/api.w.org\/{rel}","templated":true}]}}