{"id":123267,"date":"2023-09-22T20:23:37","date_gmt":"2023-09-22T23:23:37","guid":{"rendered":"https:\/\/noticiasmercedinas.com\/site\/?p=123267"},"modified":"2023-09-22T20:58:58","modified_gmt":"2023-09-22T23:58:58","slug":"aefip-charla-y-festejos-por-el-dia-de-la-y-el-jubilado","status":"publish","type":"post","link":"https:\/\/noticiasmercedinas.com\/site\/2023\/09\/22\/aefip-charla-y-festejos-por-el-dia-de-la-y-el-jubilado\/","title":{"rendered":"AEFIP: charla y festejos por el d\u00eda de la y el jubilado"},"content":{"rendered":"<p><img loading=\"lazy\" decoding=\"async\" class=\"alignnone size-large wp-image-123268\" src=\"https:\/\/noticiasmercedinas.com\/site\/wp-content\/uploads\/2023\/09\/La-Charla-estuvo-a-cargo-de-una-Dra.-de-la-Mesa-Directiva-Nacional-1024x768.jpeg\" alt=\"\" width=\"640\" height=\"480\" srcset=\"https:\/\/noticiasmercedinas.com\/site\/wp-content\/uploads\/2023\/09\/La-Charla-estuvo-a-cargo-de-una-Dra.-de-la-Mesa-Directiva-Nacional-1024x768.jpeg 1024w, https:\/\/noticiasmercedinas.com\/site\/wp-content\/uploads\/2023\/09\/La-Charla-estuvo-a-cargo-de-una-Dra.-de-la-Mesa-Directiva-Nacional-300x225.jpeg 300w, https:\/\/noticiasmercedinas.com\/site\/wp-content\/uploads\/2023\/09\/La-Charla-estuvo-a-cargo-de-una-Dra.-de-la-Mesa-Directiva-Nacional-768x576.jpeg 768w, https:\/\/noticiasmercedinas.com\/site\/wp-content\/uploads\/2023\/09\/La-Charla-estuvo-a-cargo-de-una-Dra.-de-la-Mesa-Directiva-Nacional-1536x1152.jpeg 1536w, https:\/\/noticiasmercedinas.com\/site\/wp-content\/uploads\/2023\/09\/La-Charla-estuvo-a-cargo-de-una-Dra.-de-la-Mesa-Directiva-Nacional-80x60.jpeg 80w, https:\/\/noticiasmercedinas.com\/site\/wp-content\/uploads\/2023\/09\/La-Charla-estuvo-a-cargo-de-una-Dra.-de-la-Mesa-Directiva-Nacional-160x120.jpeg 160w, https:\/\/noticiasmercedinas.com\/site\/wp-content\/uploads\/2023\/09\/La-Charla-estuvo-a-cargo-de-una-Dra.-de-la-Mesa-Directiva-Nacional-100x75.jpeg 100w, https:\/\/noticiasmercedinas.com\/site\/wp-content\/uploads\/2023\/09\/La-Charla-estuvo-a-cargo-de-una-Dra.-de-la-Mesa-Directiva-Nacional-200x150.jpeg 200w, https:\/\/noticiasmercedinas.com\/site\/wp-content\/uploads\/2023\/09\/La-Charla-estuvo-a-cargo-de-una-Dra.-de-la-Mesa-Directiva-Nacional-180x135.jpeg 180w, https:\/\/noticiasmercedinas.com\/site\/wp-content\/uploads\/2023\/09\/La-Charla-estuvo-a-cargo-de-una-Dra.-de-la-Mesa-Directiva-Nacional-360x270.jpeg 360w, https:\/\/noticiasmercedinas.com\/site\/wp-content\/uploads\/2023\/09\/La-Charla-estuvo-a-cargo-de-una-Dra.-de-la-Mesa-Directiva-Nacional-238x178.jpeg 238w, https:\/\/noticiasmercedinas.com\/site\/wp-content\/uploads\/2023\/09\/La-Charla-estuvo-a-cargo-de-una-Dra.-de-la-Mesa-Directiva-Nacional-476x356.jpeg 476w, https:\/\/noticiasmercedinas.com\/site\/wp-content\/uploads\/2023\/09\/La-Charla-estuvo-a-cargo-de-una-Dra.-de-la-Mesa-Directiva-Nacional-640x480.jpeg 640w, https:\/\/noticiasmercedinas.com\/site\/wp-content\/uploads\/2023\/09\/La-Charla-estuvo-a-cargo-de-una-Dra.-de-la-Mesa-Directiva-Nacional-1280x960.jpeg 1280w, https:\/\/noticiasmercedinas.com\/site\/wp-content\/uploads\/2023\/09\/La-Charla-estuvo-a-cargo-de-una-Dra.-de-la-Mesa-Directiva-Nacional-681x511.jpeg 681w, https:\/\/noticiasmercedinas.com\/site\/wp-content\/uploads\/2023\/09\/La-Charla-estuvo-a-cargo-de-una-Dra.-de-la-Mesa-Directiva-Nacional-1362x1022.jpeg 1362w, https:\/\/noticiasmercedinas.com\/site\/wp-content\/uploads\/2023\/09\/La-Charla-estuvo-a-cargo-de-una-Dra.-de-la-Mesa-Directiva-Nacional.jpeg 1600w\" sizes=\"auto, (max-width: 640px) 100vw, 640px\" \/><\/p>\n<p>El pasado 20 de septiembre con motivo de celebrarse el d\u00eda de la y el jubilado, desde la Comisi\u00f3n Directiva de la Seccional AEFIP Mercedes, como todos los a\u00f1os, se organiz\u00f3 un almuerzo en La Quinta Eventos.<\/p>\n<p>Participaron del evento afiliados y afiliadas jubiladas del \u00e1mbito de toda la Seccional, pertenecientes a varias localidades que comprende la Seccional, como Mercedes, Bragado, Chivilcoy, Luj\u00e1n, Pilar, Escobar, Z\u00e1rate, San Pedro, San Nicol\u00e1s y Pergamino. \u201cLo que permiti\u00f3 que sea un gran encuentro donde compa\u00f1eros y compa\u00f1eras pudieron disfrutar de un hermoso encuentro lleno de an\u00e9cdotas y recuerdos en base a caminos recorridos\u201d se\u00f1alaron desde la Seccional.<\/p>\n<p>El almuerzo cont\u00f3 con un gran Show musical de la reconocida artista mercedina Fernanda Ottolini, quien brind\u00f3 un espect\u00e1culo en los cuales recorri\u00f3 varios ritmos musicales e invit\u00f3 a que todos bailen al comp\u00e1s de sus temas.<\/p>\n<p>El Secretario General de AEFIP Seccional Mercedes, Juan Mart\u00edn Andr\u00e9s agradeci\u00f3 a todos\/as los\/as que forman parte del equipo de organizaci\u00f3n del evento, indicando tambi\u00e9n que como Seccional se tiene \u201cla decisi\u00f3n pol\u00edtica de que el d\u00eda de la y el Jubilado se festeje y que en cada evento que se realice siempre sean parte\u201d. Tambi\u00e9n, Andr\u00e9s sostuvo: \u201cNos reconocemos en un camino en el cual nos han trazado y tratamos de seguir adelante las tareas en la manera en la que muchos de ustedes, a trav\u00e9s de su conocimiento nos fueron brindando cuando fuimos ingresando\u201d.<\/p>\n<p>\u201cLo que tenemos todos aqu\u00ed en conjunto como grupo humano es el sentimiento de pertenencia al organismo, de que somos la actividad fiscal y eso es lo que defendemos a capa y espada. La idea es siempre afianzar el v\u00ednculo y por sobre todas las cosas seguir siendo una familia fiscal\u201d finaliz\u00f3 Juan Mart\u00edn Andr\u00e9s.<\/p>\n<p><strong>Reuni\u00f3n Comisi\u00f3n Directiva y Cuerpo de Delegados<\/strong><\/p>\n<p>Antes del evento se realiz\u00f3 una reuni\u00f3n de Comisi\u00f3n y Delegados, en la cual se trataron muchos temas de relevancia propia de las y los trabajadores, donde se expresaron las inquietudes respecto al marco electoral nacional. \u201cDespu\u00e9s de la reuni\u00f3n todos agasajaron a los\/as jubilados\/as en su d\u00eda marcando una solidaridad y un respeto interrelacionar\u201d comunicaron desde la Seccional.<\/p>\n<p><strong>Charla informativa sobre haberes<\/strong><\/p>\n<p>Tambi\u00e9n se realiz\u00f3 en el sal\u00f3n principal de La Quinta Eventos una charla informativa sobre Haberes jubilatorios y reajustes, a cargo de la Dra. Daiana Zagania, abogada de la Mesa Directiva Nacional.<\/p>\n<p><img loading=\"lazy\" decoding=\"async\" class=\"alignnone size-large wp-image-123271\" src=\"https:\/\/noticiasmercedinas.com\/site\/wp-content\/uploads\/2023\/09\/Andres-brindo-unas-palabras-sobre-el-cierre-del-evento-1024x768.jpeg\" alt=\"\" width=\"640\" height=\"480\" srcset=\"https:\/\/noticiasmercedinas.com\/site\/wp-content\/uploads\/2023\/09\/Andres-brindo-unas-palabras-sobre-el-cierre-del-evento-1024x768.jpeg 1024w, https:\/\/noticiasmercedinas.com\/site\/wp-content\/uploads\/2023\/09\/Andres-brindo-unas-palabras-sobre-el-cierre-del-evento-300x225.jpeg 300w, https:\/\/noticiasmercedinas.com\/site\/wp-content\/uploads\/2023\/09\/Andres-brindo-unas-palabras-sobre-el-cierre-del-evento-768x576.jpeg 768w, https:\/\/noticiasmercedinas.com\/site\/wp-content\/uploads\/2023\/09\/Andres-brindo-unas-palabras-sobre-el-cierre-del-evento-80x60.jpeg 80w, https:\/\/noticiasmercedinas.com\/site\/wp-content\/uploads\/2023\/09\/Andres-brindo-unas-palabras-sobre-el-cierre-del-evento-160x120.jpeg 160w, https:\/\/noticiasmercedinas.com\/site\/wp-content\/uploads\/2023\/09\/Andres-brindo-unas-palabras-sobre-el-cierre-del-evento-100x75.jpeg 100w, https:\/\/noticiasmercedinas.com\/site\/wp-content\/uploads\/2023\/09\/Andres-brindo-unas-palabras-sobre-el-cierre-del-evento-200x150.jpeg 200w, https:\/\/noticiasmercedinas.com\/site\/wp-content\/uploads\/2023\/09\/Andres-brindo-unas-palabras-sobre-el-cierre-del-evento-180x135.jpeg 180w, https:\/\/noticiasmercedinas.com\/site\/wp-content\/uploads\/2023\/09\/Andres-brindo-unas-palabras-sobre-el-cierre-del-evento-360x270.jpeg 360w, https:\/\/noticiasmercedinas.com\/site\/wp-content\/uploads\/2023\/09\/Andres-brindo-unas-palabras-sobre-el-cierre-del-evento-238x178.jpeg 238w, https:\/\/noticiasmercedinas.com\/site\/wp-content\/uploads\/2023\/09\/Andres-brindo-unas-palabras-sobre-el-cierre-del-evento-476x356.jpeg 476w, https:\/\/noticiasmercedinas.com\/site\/wp-content\/uploads\/2023\/09\/Andres-brindo-unas-palabras-sobre-el-cierre-del-evento-640x480.jpeg 640w, https:\/\/noticiasmercedinas.com\/site\/wp-content\/uploads\/2023\/09\/Andres-brindo-unas-palabras-sobre-el-cierre-del-evento-681x511.jpeg 681w, https:\/\/noticiasmercedinas.com\/site\/wp-content\/uploads\/2023\/09\/Andres-brindo-unas-palabras-sobre-el-cierre-del-evento.jpeg 1280w\" sizes=\"auto, (max-width: 640px) 100vw, 640px\" \/><\/p>\n","protected":false},"excerpt":{"rendered":"<p>\u25a0 Se realiz\u00f3 en La Quinta eventos. Se brind\u00f3 antes del encuentro, una Charla sobre Haberes jubilatorios y reajustes. Adem\u00e1s, se efectu\u00f3 una reuni\u00f3n de Comisi\u00f3n Directiva y Cuerpo de Delegados.<\/p>\n","protected":false},"author":16,"featured_media":123268,"comment_status":"closed","ping_status":"closed","sticky":false,"template":"","format":"standard","meta":{"footnotes":""},"categories":[3],"tags":[355,160],"class_list":["post-123267","post","type-post","status-publish","format-standard","has-post-thumbnail","hentry","category-sociedad","tag-aefip","tag-jubilados"],"yoast_head":"<!-- This site is optimized with the Yoast SEO plugin v27.4 - https:\/\/yoast.com\/product\/yoast-seo-wordpress\/ -->\n<title>AEFIP: charla y festejos por el d\u00eda de la y el jubilado<\/title>\n<meta name=\"robots\" content=\"index, follow, max-snippet:-1, max-image-preview:large, max-video-preview:-1\" \/>\n<link rel=\"canonical\" href=\"https:\/\/noticiasmercedinas.com\/site\/2023\/09\/22\/aefip-charla-y-festejos-por-el-dia-de-la-y-el-jubilado\/\" \/>\n<meta property=\"og:locale\" content=\"es_ES\" \/>\n<meta property=\"og:type\" content=\"article\" \/>\n<meta property=\"og:title\" content=\"AEFIP: charla y festejos por el d\u00eda de la y el jubilado\" \/>\n<meta property=\"og:description\" content=\"\u25a0 Se realiz\u00f3 en La Quinta eventos. Se brind\u00f3 antes del encuentro, una Charla sobre Haberes jubilatorios y reajustes. Adem\u00e1s, se efectu\u00f3 una reuni\u00f3n de Comisi\u00f3n Directiva y Cuerpo de Delegados.\" \/>\n<meta property=\"og:url\" content=\"https:\/\/noticiasmercedinas.com\/site\/2023\/09\/22\/aefip-charla-y-festejos-por-el-dia-de-la-y-el-jubilado\/\" \/>\n<meta property=\"og:site_name\" content=\"NOTICIASMERCEDINAS.COM\" \/>\n<meta property=\"article:publisher\" content=\"https:\/\/www.facebook.com\/noticiasmercedinas\/\" \/>\n<meta property=\"article:published_time\" content=\"2023-09-22T23:23:37+00:00\" \/>\n<meta property=\"article:modified_time\" content=\"2023-09-22T23:58:58+00:00\" \/>\n<meta property=\"og:image\" content=\"https:\/\/noticiasmercedinas.com\/site\/wp-content\/uploads\/2023\/09\/La-Charla-estuvo-a-cargo-de-una-Dra.-de-la-Mesa-Directiva-Nacional.jpeg\" \/>\n\t<meta property=\"og:image:width\" content=\"1600\" \/>\n\t<meta property=\"og:image:height\" content=\"1200\" \/>\n\t<meta property=\"og:image:type\" content=\"image\/jpeg\" \/>\n<meta name=\"author\" content=\"NOTICIASMERCEDINAS.COM\" \/>\n<meta name=\"twitter:card\" content=\"summary_large_image\" \/>\n<meta name=\"twitter:creator\" content=\"@notmercedinas\" \/>\n<meta name=\"twitter:site\" content=\"@notmercedinas\" \/>\n<meta name=\"twitter:label1\" content=\"Escrito por\" \/>\n\t<meta name=\"twitter:data1\" content=\"NOTICIASMERCEDINAS.COM\" \/>\n\t<meta name=\"twitter:label2\" content=\"Tiempo de lectura\" \/>\n\t<meta name=\"twitter:data2\" content=\"3 minutos\" \/>\n<script type=\"application\/ld+json\" class=\"yoast-schema-graph\">{\"@context\":\"https:\\\/\\\/schema.org\",\"@graph\":[{\"@type\":\"Article\",\"@id\":\"https:\\\/\\\/noticiasmercedinas.com\\\/site\\\/2023\\\/09\\\/22\\\/aefip-charla-y-festejos-por-el-dia-de-la-y-el-jubilado\\\/#article\",\"isPartOf\":{\"@id\":\"https:\\\/\\\/noticiasmercedinas.com\\\/site\\\/2023\\\/09\\\/22\\\/aefip-charla-y-festejos-por-el-dia-de-la-y-el-jubilado\\\/\"},\"author\":{\"name\":\"NOTICIASMERCEDINAS.COM\",\"@id\":\"https:\\\/\\\/noticiasmercedinas.com\\\/site\\\/#\\\/schema\\\/person\\\/84b59c099c28ff2e8b77d4ceec5d8063\"},\"headline\":\"AEFIP: charla y festejos por el d\u00eda de la y el jubilado\",\"datePublished\":\"2023-09-22T23:23:37+00:00\",\"dateModified\":\"2023-09-22T23:58:58+00:00\",\"mainEntityOfPage\":{\"@id\":\"https:\\\/\\\/noticiasmercedinas.com\\\/site\\\/2023\\\/09\\\/22\\\/aefip-charla-y-festejos-por-el-dia-de-la-y-el-jubilado\\\/\"},\"wordCount\":444,\"publisher\":{\"@id\":\"https:\\\/\\\/noticiasmercedinas.com\\\/site\\\/#organization\"},\"image\":{\"@id\":\"https:\\\/\\\/noticiasmercedinas.com\\\/site\\\/2023\\\/09\\\/22\\\/aefip-charla-y-festejos-por-el-dia-de-la-y-el-jubilado\\\/#primaryimage\"},\"thumbnailUrl\":\"https:\\\/\\\/noticiasmercedinas.com\\\/site\\\/wp-content\\\/uploads\\\/2023\\\/09\\\/La-Charla-estuvo-a-cargo-de-una-Dra.-de-la-Mesa-Directiva-Nacional.jpeg\",\"keywords\":[\"aefip\",\"jubilados\"],\"articleSection\":[\"Sociedad\"],\"inLanguage\":\"es\"},{\"@type\":\"WebPage\",\"@id\":\"https:\\\/\\\/noticiasmercedinas.com\\\/site\\\/2023\\\/09\\\/22\\\/aefip-charla-y-festejos-por-el-dia-de-la-y-el-jubilado\\\/\",\"url\":\"https:\\\/\\\/noticiasmercedinas.com\\\/site\\\/2023\\\/09\\\/22\\\/aefip-charla-y-festejos-por-el-dia-de-la-y-el-jubilado\\\/\",\"name\":\"AEFIP: charla y festejos por el d\u00eda de la y el jubilado\",\"isPartOf\":{\"@id\":\"https:\\\/\\\/noticiasmercedinas.com\\\/site\\\/#website\"},\"primaryImageOfPage\":{\"@id\":\"https:\\\/\\\/noticiasmercedinas.com\\\/site\\\/2023\\\/09\\\/22\\\/aefip-charla-y-festejos-por-el-dia-de-la-y-el-jubilado\\\/#primaryimage\"},\"image\":{\"@id\":\"https:\\\/\\\/noticiasmercedinas.com\\\/site\\\/2023\\\/09\\\/22\\\/aefip-charla-y-festejos-por-el-dia-de-la-y-el-jubilado\\\/#primaryimage\"},\"thumbnailUrl\":\"https:\\\/\\\/noticiasmercedinas.com\\\/site\\\/wp-content\\\/uploads\\\/2023\\\/09\\\/La-Charla-estuvo-a-cargo-de-una-Dra.-de-la-Mesa-Directiva-Nacional.jpeg\",\"datePublished\":\"2023-09-22T23:23:37+00:00\",\"dateModified\":\"2023-09-22T23:58:58+00:00\",\"breadcrumb\":{\"@id\":\"https:\\\/\\\/noticiasmercedinas.com\\\/site\\\/2023\\\/09\\\/22\\\/aefip-charla-y-festejos-por-el-dia-de-la-y-el-jubilado\\\/#breadcrumb\"},\"inLanguage\":\"es\",\"potentialAction\":[{\"@type\":\"ReadAction\",\"target\":[\"https:\\\/\\\/noticiasmercedinas.com\\\/site\\\/2023\\\/09\\\/22\\\/aefip-charla-y-festejos-por-el-dia-de-la-y-el-jubilado\\\/\"]}]},{\"@type\":\"ImageObject\",\"inLanguage\":\"es\",\"@id\":\"https:\\\/\\\/noticiasmercedinas.com\\\/site\\\/2023\\\/09\\\/22\\\/aefip-charla-y-festejos-por-el-dia-de-la-y-el-jubilado\\\/#primaryimage\",\"url\":\"https:\\\/\\\/noticiasmercedinas.com\\\/site\\\/wp-content\\\/uploads\\\/2023\\\/09\\\/La-Charla-estuvo-a-cargo-de-una-Dra.-de-la-Mesa-Directiva-Nacional.jpeg\",\"contentUrl\":\"https:\\\/\\\/noticiasmercedinas.com\\\/site\\\/wp-content\\\/uploads\\\/2023\\\/09\\\/La-Charla-estuvo-a-cargo-de-una-Dra.-de-la-Mesa-Directiva-Nacional.jpeg\",\"width\":1600,\"height\":1200},{\"@type\":\"BreadcrumbList\",\"@id\":\"https:\\\/\\\/noticiasmercedinas.com\\\/site\\\/2023\\\/09\\\/22\\\/aefip-charla-y-festejos-por-el-dia-de-la-y-el-jubilado\\\/#breadcrumb\",\"itemListElement\":[{\"@type\":\"ListItem\",\"position\":1,\"name\":\"Portada\",\"item\":\"https:\\\/\\\/noticiasmercedinas.com\\\/site\\\/\"},{\"@type\":\"ListItem\",\"position\":2,\"name\":\"AEFIP: charla y festejos por el d\u00eda de la y el jubilado\"}]},{\"@type\":\"WebSite\",\"@id\":\"https:\\\/\\\/noticiasmercedinas.com\\\/site\\\/#website\",\"url\":\"https:\\\/\\\/noticiasmercedinas.com\\\/site\\\/\",\"name\":\"NOTICIASMERCEDINAS.COM\",\"description\":\"Mercedes, Buenos Aires, Argentina\",\"publisher\":{\"@id\":\"https:\\\/\\\/noticiasmercedinas.com\\\/site\\\/#organization\"},\"potentialAction\":[{\"@type\":\"SearchAction\",\"target\":{\"@type\":\"EntryPoint\",\"urlTemplate\":\"https:\\\/\\\/noticiasmercedinas.com\\\/site\\\/?s={search_term_string}\"},\"query-input\":{\"@type\":\"PropertyValueSpecification\",\"valueRequired\":true,\"valueName\":\"search_term_string\"}}],\"inLanguage\":\"es\"},{\"@type\":\"Organization\",\"@id\":\"https:\\\/\\\/noticiasmercedinas.com\\\/site\\\/#organization\",\"name\":\"NOTICIASMERCEDINAS.COM\",\"url\":\"https:\\\/\\\/noticiasmercedinas.com\\\/site\\\/\",\"logo\":{\"@type\":\"ImageObject\",\"inLanguage\":\"es\",\"@id\":\"https:\\\/\\\/noticiasmercedinas.com\\\/site\\\/#\\\/schema\\\/logo\\\/image\\\/\",\"url\":\"https:\\\/\\\/noticiasmercedinas.com\\\/site\\\/wp-content\\\/uploads\\\/2020\\\/06\\\/LOGO-512.jpg\",\"contentUrl\":\"https:\\\/\\\/noticiasmercedinas.com\\\/site\\\/wp-content\\\/uploads\\\/2020\\\/06\\\/LOGO-512.jpg\",\"width\":512,\"height\":512,\"caption\":\"NOTICIASMERCEDINAS.COM\"},\"image\":{\"@id\":\"https:\\\/\\\/noticiasmercedinas.com\\\/site\\\/#\\\/schema\\\/logo\\\/image\\\/\"},\"sameAs\":[\"https:\\\/\\\/www.facebook.com\\\/noticiasmercedinas\\\/\",\"https:\\\/\\\/x.com\\\/notmercedinas\",\"https:\\\/\\\/www.instagram.com\\\/noticiasmercedinas\\\/\"]},{\"@type\":\"Person\",\"@id\":\"https:\\\/\\\/noticiasmercedinas.com\\\/site\\\/#\\\/schema\\\/person\\\/84b59c099c28ff2e8b77d4ceec5d8063\",\"name\":\"NOTICIASMERCEDINAS.COM\",\"image\":{\"@type\":\"ImageObject\",\"inLanguage\":\"es\",\"@id\":\"https:\\\/\\\/secure.gravatar.com\\\/avatar\\\/4dfbf16b4d17945bfb6341b2d19043457132fcf478a5ee04f42e959fd8f5df0a?s=96&d=mm&r=g\",\"url\":\"https:\\\/\\\/secure.gravatar.com\\\/avatar\\\/4dfbf16b4d17945bfb6341b2d19043457132fcf478a5ee04f42e959fd8f5df0a?s=96&d=mm&r=g\",\"contentUrl\":\"https:\\\/\\\/secure.gravatar.com\\\/avatar\\\/4dfbf16b4d17945bfb6341b2d19043457132fcf478a5ee04f42e959fd8f5df0a?s=96&d=mm&r=g\",\"caption\":\"NOTICIASMERCEDINAS.COM\"},\"url\":\"https:\\\/\\\/noticiasmercedinas.com\\\/site\\\/author\\\/anonimo\\\/\"}]}<\/script>\n<!-- \/ Yoast SEO plugin. -->","yoast_head_json":{"title":"AEFIP: charla y festejos por el d\u00eda de la y el jubilado","robots":{"index":"index","follow":"follow","max-snippet":"max-snippet:-1","max-image-preview":"max-image-preview:large","max-video-preview":"max-video-preview:-1"},"canonical":"https:\/\/noticiasmercedinas.com\/site\/2023\/09\/22\/aefip-charla-y-festejos-por-el-dia-de-la-y-el-jubilado\/","og_locale":"es_ES","og_type":"article","og_title":"AEFIP: charla y festejos por el d\u00eda de la y el jubilado","og_description":"\u25a0 Se realiz\u00f3 en La Quinta eventos. Se brind\u00f3 antes del encuentro, una Charla sobre Haberes jubilatorios y reajustes. Adem\u00e1s, se efectu\u00f3 una reuni\u00f3n de Comisi\u00f3n Directiva y Cuerpo de Delegados.","og_url":"https:\/\/noticiasmercedinas.com\/site\/2023\/09\/22\/aefip-charla-y-festejos-por-el-dia-de-la-y-el-jubilado\/","og_site_name":"NOTICIASMERCEDINAS.COM","article_publisher":"https:\/\/www.facebook.com\/noticiasmercedinas\/","article_published_time":"2023-09-22T23:23:37+00:00","article_modified_time":"2023-09-22T23:58:58+00:00","og_image":[{"width":1600,"height":1200,"url":"https:\/\/noticiasmercedinas.com\/site\/wp-content\/uploads\/2023\/09\/La-Charla-estuvo-a-cargo-de-una-Dra.-de-la-Mesa-Directiva-Nacional.jpeg","type":"image\/jpeg"}],"author":"NOTICIASMERCEDINAS.COM","twitter_card":"summary_large_image","twitter_creator":"@notmercedinas","twitter_site":"@notmercedinas","twitter_misc":{"Escrito por":"NOTICIASMERCEDINAS.COM","Tiempo de lectura":"3 minutos"},"schema":{"@context":"https:\/\/schema.org","@graph":[{"@type":"Article","@id":"https:\/\/noticiasmercedinas.com\/site\/2023\/09\/22\/aefip-charla-y-festejos-por-el-dia-de-la-y-el-jubilado\/#article","isPartOf":{"@id":"https:\/\/noticiasmercedinas.com\/site\/2023\/09\/22\/aefip-charla-y-festejos-por-el-dia-de-la-y-el-jubilado\/"},"author":{"name":"NOTICIASMERCEDINAS.COM","@id":"https:\/\/noticiasmercedinas.com\/site\/#\/schema\/person\/84b59c099c28ff2e8b77d4ceec5d8063"},"headline":"AEFIP: charla y festejos por el d\u00eda de la y el jubilado","datePublished":"2023-09-22T23:23:37+00:00","dateModified":"2023-09-22T23:58:58+00:00","mainEntityOfPage":{"@id":"https:\/\/noticiasmercedinas.com\/site\/2023\/09\/22\/aefip-charla-y-festejos-por-el-dia-de-la-y-el-jubilado\/"},"wordCount":444,"publisher":{"@id":"https:\/\/noticiasmercedinas.com\/site\/#organization"},"image":{"@id":"https:\/\/noticiasmercedinas.com\/site\/2023\/09\/22\/aefip-charla-y-festejos-por-el-dia-de-la-y-el-jubilado\/#primaryimage"},"thumbnailUrl":"https:\/\/noticiasmercedinas.com\/site\/wp-content\/uploads\/2023\/09\/La-Charla-estuvo-a-cargo-de-una-Dra.-de-la-Mesa-Directiva-Nacional.jpeg","keywords":["aefip","jubilados"],"articleSection":["Sociedad"],"inLanguage":"es"},{"@type":"WebPage","@id":"https:\/\/noticiasmercedinas.com\/site\/2023\/09\/22\/aefip-charla-y-festejos-por-el-dia-de-la-y-el-jubilado\/","url":"https:\/\/noticiasmercedinas.com\/site\/2023\/09\/22\/aefip-charla-y-festejos-por-el-dia-de-la-y-el-jubilado\/","name":"AEFIP: charla y festejos por el d\u00eda de la y el jubilado","isPartOf":{"@id":"https:\/\/noticiasmercedinas.com\/site\/#website"},"primaryImageOfPage":{"@id":"https:\/\/noticiasmercedinas.com\/site\/2023\/09\/22\/aefip-charla-y-festejos-por-el-dia-de-la-y-el-jubilado\/#primaryimage"},"image":{"@id":"https:\/\/noticiasmercedinas.com\/site\/2023\/09\/22\/aefip-charla-y-festejos-por-el-dia-de-la-y-el-jubilado\/#primaryimage"},"thumbnailUrl":"https:\/\/noticiasmercedinas.com\/site\/wp-content\/uploads\/2023\/09\/La-Charla-estuvo-a-cargo-de-una-Dra.-de-la-Mesa-Directiva-Nacional.jpeg","datePublished":"2023-09-22T23:23:37+00:00","dateModified":"2023-09-22T23:58:58+00:00","breadcrumb":{"@id":"https:\/\/noticiasmercedinas.com\/site\/2023\/09\/22\/aefip-charla-y-festejos-por-el-dia-de-la-y-el-jubilado\/#breadcrumb"},"inLanguage":"es","potentialAction":[{"@type":"ReadAction","target":["https:\/\/noticiasmercedinas.com\/site\/2023\/09\/22\/aefip-charla-y-festejos-por-el-dia-de-la-y-el-jubilado\/"]}]},{"@type":"ImageObject","inLanguage":"es","@id":"https:\/\/noticiasmercedinas.com\/site\/2023\/09\/22\/aefip-charla-y-festejos-por-el-dia-de-la-y-el-jubilado\/#primaryimage","url":"https:\/\/noticiasmercedinas.com\/site\/wp-content\/uploads\/2023\/09\/La-Charla-estuvo-a-cargo-de-una-Dra.-de-la-Mesa-Directiva-Nacional.jpeg","contentUrl":"https:\/\/noticiasmercedinas.com\/site\/wp-content\/uploads\/2023\/09\/La-Charla-estuvo-a-cargo-de-una-Dra.-de-la-Mesa-Directiva-Nacional.jpeg","width":1600,"height":1200},{"@type":"BreadcrumbList","@id":"https:\/\/noticiasmercedinas.com\/site\/2023\/09\/22\/aefip-charla-y-festejos-por-el-dia-de-la-y-el-jubilado\/#breadcrumb","itemListElement":[{"@type":"ListItem","position":1,"name":"Portada","item":"https:\/\/noticiasmercedinas.com\/site\/"},{"@type":"ListItem","position":2,"name":"AEFIP: charla y festejos por el d\u00eda de la y el jubilado"}]},{"@type":"WebSite","@id":"https:\/\/noticiasmercedinas.com\/site\/#website","url":"https:\/\/noticiasmercedinas.com\/site\/","name":"NOTICIASMERCEDINAS.COM","description":"Mercedes, Buenos Aires, Argentina","publisher":{"@id":"https:\/\/noticiasmercedinas.com\/site\/#organization"},"potentialAction":[{"@type":"SearchAction","target":{"@type":"EntryPoint","urlTemplate":"https:\/\/noticiasmercedinas.com\/site\/?s={search_term_string}"},"query-input":{"@type":"PropertyValueSpecification","valueRequired":true,"valueName":"search_term_string"}}],"inLanguage":"es"},{"@type":"Organization","@id":"https:\/\/noticiasmercedinas.com\/site\/#organization","name":"NOTICIASMERCEDINAS.COM","url":"https:\/\/noticiasmercedinas.com\/site\/","logo":{"@type":"ImageObject","inLanguage":"es","@id":"https:\/\/noticiasmercedinas.com\/site\/#\/schema\/logo\/image\/","url":"https:\/\/noticiasmercedinas.com\/site\/wp-content\/uploads\/2020\/06\/LOGO-512.jpg","contentUrl":"https:\/\/noticiasmercedinas.com\/site\/wp-content\/uploads\/2020\/06\/LOGO-512.jpg","width":512,"height":512,"caption":"NOTICIASMERCEDINAS.COM"},"image":{"@id":"https:\/\/noticiasmercedinas.com\/site\/#\/schema\/logo\/image\/"},"sameAs":["https:\/\/www.facebook.com\/noticiasmercedinas\/","https:\/\/x.com\/notmercedinas","https:\/\/www.instagram.com\/noticiasmercedinas\/"]},{"@type":"Person","@id":"https:\/\/noticiasmercedinas.com\/site\/#\/schema\/person\/84b59c099c28ff2e8b77d4ceec5d8063","name":"NOTICIASMERCEDINAS.COM","image":{"@type":"ImageObject","inLanguage":"es","@id":"https:\/\/secure.gravatar.com\/avatar\/4dfbf16b4d17945bfb6341b2d19043457132fcf478a5ee04f42e959fd8f5df0a?s=96&d=mm&r=g","url":"https:\/\/secure.gravatar.com\/avatar\/4dfbf16b4d17945bfb6341b2d19043457132fcf478a5ee04f42e959fd8f5df0a?s=96&d=mm&r=g","contentUrl":"https:\/\/secure.gravatar.com\/avatar\/4dfbf16b4d17945bfb6341b2d19043457132fcf478a5ee04f42e959fd8f5df0a?s=96&d=mm&r=g","caption":"NOTICIASMERCEDINAS.COM"},"url":"https:\/\/noticiasmercedinas.com\/site\/author\/anonimo\/"}]}},"amp_enabled":true,"_links":{"self":[{"href":"https:\/\/noticiasmercedinas.com\/site\/wp-json\/wp\/v2\/posts\/123267","targetHints":{"allow":["GET"]}}],"collection":[{"href":"https:\/\/noticiasmercedinas.com\/site\/wp-json\/wp\/v2\/posts"}],"about":[{"href":"https:\/\/noticiasmercedinas.com\/site\/wp-json\/wp\/v2\/types\/post"}],"author":[{"embeddable":true,"href":"https:\/\/noticiasmercedinas.com\/site\/wp-json\/wp\/v2\/users\/16"}],"replies":[{"embeddable":true,"href":"https:\/\/noticiasmercedinas.com\/site\/wp-json\/wp\/v2\/comments?post=123267"}],"version-history":[{"count":3,"href":"https:\/\/noticiasmercedinas.com\/site\/wp-json\/wp\/v2\/posts\/123267\/revisions"}],"predecessor-version":[{"id":123274,"href":"https:\/\/noticiasmercedinas.com\/site\/wp-json\/wp\/v2\/posts\/123267\/revisions\/123274"}],"wp:featuredmedia":[{"embeddable":true,"href":"https:\/\/noticiasmercedinas.com\/site\/wp-json\/wp\/v2\/media\/123268"}],"wp:attachment":[{"href":"https:\/\/noticiasmercedinas.com\/site\/wp-json\/wp\/v2\/media?parent=123267"}],"wp:term":[{"taxonomy":"category","embeddable":true,"href":"https:\/\/noticiasmercedinas.com\/site\/wp-json\/wp\/v2\/categories?post=123267"},{"taxonomy":"post_tag","embeddable":true,"href":"https:\/\/noticiasmercedinas.com\/site\/wp-json\/wp\/v2\/tags?post=123267"}],"curies":[{"name":"wp","href":"https:\/\/api.w.org\/{rel}","templated":true}]}}