{"id":123301,"date":"2023-09-23T20:13:39","date_gmt":"2023-09-23T23:13:39","guid":{"rendered":"https:\/\/noticiasmercedinas.com\/site\/?p=123301"},"modified":"2023-09-23T20:14:21","modified_gmt":"2023-09-23T23:14:21","slug":"gano-seijas-y-greve-sigue-liderando","status":"publish","type":"post","link":"https:\/\/noticiasmercedinas.com\/site\/2023\/09\/23\/gano-seijas-y-greve-sigue-liderando\/","title":{"rendered":"Gan\u00f3 Seijas y Greve sigue liderando"},"content":{"rendered":"<figure id=\"attachment_123302\" aria-describedby=\"caption-attachment-123302\" style=\"width: 640px\" class=\"wp-caption alignnone\"><img loading=\"lazy\" decoding=\"async\" class=\"wp-image-123302 size-full\" src=\"https:\/\/noticiasmercedinas.com\/site\/wp-content\/uploads\/2023\/09\/Llegada-2-1082.jpg\" alt=\"\" width=\"640\" height=\"427\" srcset=\"https:\/\/noticiasmercedinas.com\/site\/wp-content\/uploads\/2023\/09\/Llegada-2-1082.jpg 640w, https:\/\/noticiasmercedinas.com\/site\/wp-content\/uploads\/2023\/09\/Llegada-2-1082-300x200.jpg 300w\" sizes=\"auto, (max-width: 640px) 100vw, 640px\" \/><figcaption id=\"caption-attachment-123302\" class=\"wp-caption-text\">Ana Seijas gan\u00f3 en Bragado. (Foto Prensa Doble Bragado).<\/figcaption><\/figure>\n<p>Este s\u00e1bado desde Chivilcoy pasando por 25 de mayo y finalizando en Bragado se cumpli\u00f3 con la segunda etapa de la Doble Bragado Femenina que atraviesa su primera edici\u00f3n. Como el viernes, la carrera tuvo una fuga con las favoritas para quedar por detr\u00e1s un lote que luch\u00f3 por recortar diferencia en un d\u00eda donde el clima no acompa\u00f1\u00f3.<\/p>\n<p>El final de etapa fue en la ciudad que le pone el nombre a la carrera, organizada por el Club Ciclista Naci\u00f3n que cuenta con el apoyo de los municipios de Chivilcoy y Bragado. De la escapada sobre sali\u00f3 la uruguaya Ana Seijas que se qued\u00f3 con la victoria, segunda se ubic\u00f3 la l\u00edder Cristian Greve (Rower) que sigue al frente de la clasificaci\u00f3n.<\/p>\n<p>La carrera viene teniendo la participaci\u00f3n de Valeria G\u00f3mez en el equipo Raleigh, dirigido por Dar\u00edo Oliva. Este domingo 24 ser\u00e1 el final con al CRI de 9 km por la ma\u00f1ana desde la 9 y en horas de la tarde desde las 14 la etapa en pelot\u00f3n de 75 km. De esta manera se conocer\u00e1 a la primera ganadora de la Bragado Femenina.<br \/>\n<strong><br \/>\n<img loading=\"lazy\" decoding=\"async\" class=\"alignnone size-full wp-image-123303\" src=\"https:\/\/noticiasmercedinas.com\/site\/wp-content\/uploads\/2023\/09\/Podio-2-1231.jpg\" alt=\"\" width=\"640\" height=\"427\" srcset=\"https:\/\/noticiasmercedinas.com\/site\/wp-content\/uploads\/2023\/09\/Podio-2-1231.jpg 640w, https:\/\/noticiasmercedinas.com\/site\/wp-content\/uploads\/2023\/09\/Podio-2-1231-300x200.jpg 300w\" sizes=\"auto, (max-width: 640px) 100vw, 640px\" \/><\/strong><\/p>\n<p><strong>Meta Sprint (25 de Mayo)<\/strong><br \/>\n1\u00b0 Ana Claudia Seijas (Braguette Colla).<br \/>\n2\u00b0 Cristina Greve (Rower).<br \/>\n3\u00b0 Marina Arce (Rower).<\/p>\n<p><strong>Segunda Etapa \u2013 Chivilcoy \u2013 Bragado 130 km<\/strong><br \/>\n1\u00b0 Ana Claudia Seijas (Braghette Colla) 3 19m 29s<br \/>\n2\u00b0 Cristina Greve (Rower).<br \/>\n3\u00b0 Eliana Tocha (Ladies Power).<\/p>\n<p><img loading=\"lazy\" decoding=\"async\" class=\"alignnone size-full wp-image-123304\" src=\"https:\/\/noticiasmercedinas.com\/site\/wp-content\/uploads\/2023\/09\/421d3c56-e8ef-4222-8598-7405d519aff3.jpg\" alt=\"\" width=\"640\" height=\"512\" srcset=\"https:\/\/noticiasmercedinas.com\/site\/wp-content\/uploads\/2023\/09\/421d3c56-e8ef-4222-8598-7405d519aff3.jpg 640w, https:\/\/noticiasmercedinas.com\/site\/wp-content\/uploads\/2023\/09\/421d3c56-e8ef-4222-8598-7405d519aff3-300x240.jpg 300w\" sizes=\"auto, (max-width: 640px) 100vw, 640px\" \/><\/p>\n<p><a href=\"https:\/\/noticiasmercedinas.com\/site\/wp-content\/uploads\/2023\/09\/Etapa-2.pdf\">Etapa 2<\/a><br \/>\n<a href=\"https:\/\/noticiasmercedinas.com\/site\/wp-content\/uploads\/2023\/09\/Etapa-2-General.pdf\">Etapa 2 &#8211; General<\/a><br \/>\n<a href=\"https:\/\/noticiasmercedinas.com\/site\/wp-content\/uploads\/2023\/09\/Etapa-2-General-40.pdf\">Etapa 2 &#8211; General + 40<\/a><br \/>\n<a href=\"https:\/\/noticiasmercedinas.com\/site\/wp-content\/uploads\/2023\/09\/Etapa-2-General-Sub23.pdf\">Etapa 2 &#8211; General Sub23<\/a><br \/>\n<a href=\"https:\/\/noticiasmercedinas.com\/site\/wp-content\/uploads\/2023\/09\/Etapa-2-General-Meta-Sprint.pdf\">Etapa 2 &#8211; General Meta Sprint<\/a><br \/>\n<a href=\"https:\/\/noticiasmercedinas.com\/site\/wp-content\/uploads\/2023\/09\/Etapa-2-General-por-equipos.pdf\">Etapa 2 &#8211; General por equipos<\/a><br \/>\n<a href=\"https:\/\/noticiasmercedinas.com\/site\/wp-content\/uploads\/2023\/09\/Orden-largada-etapa-3-CRI.pdf\">Orden largada etapa 3 &#8211; CRI<\/a><\/p>\n","protected":false},"excerpt":{"rendered":"<p>\u25a0 La ciclista uruguaya del Braguette Colla se impuso en la llegada a Bragado. Segunda result\u00f3 la l\u00edder Cristian Greve (Rower) que se mantiene al frente de la General. El domingo habr\u00e1 CRI y pelot\u00f3n para finalizar la versi\u00f3n femenina.<\/p>\n","protected":false},"author":6,"featured_media":123302,"comment_status":"closed","ping_status":"closed","sticky":false,"template":"","format":"standard","meta":{"footnotes":""},"categories":[5],"tags":[108,17349,4256,3859],"class_list":["post-123301","post","type-post","status-publish","format-standard","has-post-thumbnail","hentry","category-deportes","tag-ciclismo","tag-doble-bragado-femenina","tag-raleigh","tag-valeria-gomez"],"yoast_head":"<!-- This site is optimized with the Yoast SEO plugin v27.5 - https:\/\/yoast.com\/product\/yoast-seo-wordpress\/ -->\n<title>Gan\u00f3 Seijas y Greve sigue liderando<\/title>\n<meta name=\"robots\" content=\"index, follow, max-snippet:-1, max-image-preview:large, max-video-preview:-1\" \/>\n<link rel=\"canonical\" href=\"https:\/\/noticiasmercedinas.com\/site\/2023\/09\/23\/gano-seijas-y-greve-sigue-liderando\/\" \/>\n<meta property=\"og:locale\" content=\"es_ES\" \/>\n<meta property=\"og:type\" content=\"article\" \/>\n<meta property=\"og:title\" content=\"Gan\u00f3 Seijas y Greve sigue liderando\" \/>\n<meta property=\"og:description\" content=\"\u25a0 La ciclista uruguaya del Braguette Colla se impuso en la llegada a Bragado. Segunda result\u00f3 la l\u00edder Cristian Greve (Rower) que se mantiene al frente de la General. El domingo habr\u00e1 CRI y pelot\u00f3n para finalizar la versi\u00f3n femenina.\" \/>\n<meta property=\"og:url\" content=\"https:\/\/noticiasmercedinas.com\/site\/2023\/09\/23\/gano-seijas-y-greve-sigue-liderando\/\" \/>\n<meta property=\"og:site_name\" content=\"NOTICIASMERCEDINAS.COM\" \/>\n<meta property=\"article:publisher\" content=\"https:\/\/www.facebook.com\/noticiasmercedinas\/\" \/>\n<meta property=\"article:published_time\" content=\"2023-09-23T23:13:39+00:00\" \/>\n<meta property=\"article:modified_time\" content=\"2023-09-23T23:14:21+00:00\" \/>\n<meta property=\"og:image\" content=\"https:\/\/noticiasmercedinas.com\/site\/wp-content\/uploads\/2023\/09\/Llegada-2-1082.jpg\" \/>\n\t<meta property=\"og:image:width\" content=\"640\" \/>\n\t<meta property=\"og:image:height\" content=\"427\" \/>\n\t<meta property=\"og:image:type\" content=\"image\/jpeg\" \/>\n<meta name=\"author\" content=\"Juan Dagnino NOTICIASMERCEDINAS.COM\" \/>\n<meta name=\"twitter:card\" content=\"summary_large_image\" \/>\n<meta name=\"twitter:creator\" content=\"@notmercedinas\" \/>\n<meta name=\"twitter:site\" content=\"@notmercedinas\" \/>\n<meta name=\"twitter:label1\" content=\"Escrito por\" \/>\n\t<meta name=\"twitter:data1\" content=\"Juan Dagnino NOTICIASMERCEDINAS.COM\" \/>\n\t<meta name=\"twitter:label2\" content=\"Tiempo de lectura\" \/>\n\t<meta name=\"twitter:data2\" content=\"2 minutos\" \/>\n<script type=\"application\/ld+json\" class=\"yoast-schema-graph\">{\"@context\":\"https:\\\/\\\/schema.org\",\"@graph\":[{\"@type\":\"Article\",\"@id\":\"https:\\\/\\\/noticiasmercedinas.com\\\/site\\\/2023\\\/09\\\/23\\\/gano-seijas-y-greve-sigue-liderando\\\/#article\",\"isPartOf\":{\"@id\":\"https:\\\/\\\/noticiasmercedinas.com\\\/site\\\/2023\\\/09\\\/23\\\/gano-seijas-y-greve-sigue-liderando\\\/\"},\"author\":{\"name\":\"Juan Dagnino NOTICIASMERCEDINAS.COM\",\"@id\":\"https:\\\/\\\/noticiasmercedinas.com\\\/site\\\/#\\\/schema\\\/person\\\/8f2f09d666ef40986eba4a5e6f2a06f9\"},\"headline\":\"Gan\u00f3 Seijas y Greve sigue liderando\",\"datePublished\":\"2023-09-23T23:13:39+00:00\",\"dateModified\":\"2023-09-23T23:14:21+00:00\",\"mainEntityOfPage\":{\"@id\":\"https:\\\/\\\/noticiasmercedinas.com\\\/site\\\/2023\\\/09\\\/23\\\/gano-seijas-y-greve-sigue-liderando\\\/\"},\"wordCount\":275,\"publisher\":{\"@id\":\"https:\\\/\\\/noticiasmercedinas.com\\\/site\\\/#organization\"},\"image\":{\"@id\":\"https:\\\/\\\/noticiasmercedinas.com\\\/site\\\/2023\\\/09\\\/23\\\/gano-seijas-y-greve-sigue-liderando\\\/#primaryimage\"},\"thumbnailUrl\":\"https:\\\/\\\/noticiasmercedinas.com\\\/site\\\/wp-content\\\/uploads\\\/2023\\\/09\\\/Llegada-2-1082.jpg\",\"keywords\":[\"ciclismo\",\"doble bragado femenina\",\"Raleigh\",\"Valeria G\u00f3mez\"],\"articleSection\":[\"Deportes\"],\"inLanguage\":\"es\"},{\"@type\":\"WebPage\",\"@id\":\"https:\\\/\\\/noticiasmercedinas.com\\\/site\\\/2023\\\/09\\\/23\\\/gano-seijas-y-greve-sigue-liderando\\\/\",\"url\":\"https:\\\/\\\/noticiasmercedinas.com\\\/site\\\/2023\\\/09\\\/23\\\/gano-seijas-y-greve-sigue-liderando\\\/\",\"name\":\"Gan\u00f3 Seijas y Greve sigue liderando\",\"isPartOf\":{\"@id\":\"https:\\\/\\\/noticiasmercedinas.com\\\/site\\\/#website\"},\"primaryImageOfPage\":{\"@id\":\"https:\\\/\\\/noticiasmercedinas.com\\\/site\\\/2023\\\/09\\\/23\\\/gano-seijas-y-greve-sigue-liderando\\\/#primaryimage\"},\"image\":{\"@id\":\"https:\\\/\\\/noticiasmercedinas.com\\\/site\\\/2023\\\/09\\\/23\\\/gano-seijas-y-greve-sigue-liderando\\\/#primaryimage\"},\"thumbnailUrl\":\"https:\\\/\\\/noticiasmercedinas.com\\\/site\\\/wp-content\\\/uploads\\\/2023\\\/09\\\/Llegada-2-1082.jpg\",\"datePublished\":\"2023-09-23T23:13:39+00:00\",\"dateModified\":\"2023-09-23T23:14:21+00:00\",\"breadcrumb\":{\"@id\":\"https:\\\/\\\/noticiasmercedinas.com\\\/site\\\/2023\\\/09\\\/23\\\/gano-seijas-y-greve-sigue-liderando\\\/#breadcrumb\"},\"inLanguage\":\"es\",\"potentialAction\":[{\"@type\":\"ReadAction\",\"target\":[\"https:\\\/\\\/noticiasmercedinas.com\\\/site\\\/2023\\\/09\\\/23\\\/gano-seijas-y-greve-sigue-liderando\\\/\"]}]},{\"@type\":\"ImageObject\",\"inLanguage\":\"es\",\"@id\":\"https:\\\/\\\/noticiasmercedinas.com\\\/site\\\/2023\\\/09\\\/23\\\/gano-seijas-y-greve-sigue-liderando\\\/#primaryimage\",\"url\":\"https:\\\/\\\/noticiasmercedinas.com\\\/site\\\/wp-content\\\/uploads\\\/2023\\\/09\\\/Llegada-2-1082.jpg\",\"contentUrl\":\"https:\\\/\\\/noticiasmercedinas.com\\\/site\\\/wp-content\\\/uploads\\\/2023\\\/09\\\/Llegada-2-1082.jpg\",\"width\":640,\"height\":427},{\"@type\":\"BreadcrumbList\",\"@id\":\"https:\\\/\\\/noticiasmercedinas.com\\\/site\\\/2023\\\/09\\\/23\\\/gano-seijas-y-greve-sigue-liderando\\\/#breadcrumb\",\"itemListElement\":[{\"@type\":\"ListItem\",\"position\":1,\"name\":\"Portada\",\"item\":\"https:\\\/\\\/noticiasmercedinas.com\\\/site\\\/\"},{\"@type\":\"ListItem\",\"position\":2,\"name\":\"Gan\u00f3 Seijas y Greve sigue liderando\"}]},{\"@type\":\"WebSite\",\"@id\":\"https:\\\/\\\/noticiasmercedinas.com\\\/site\\\/#website\",\"url\":\"https:\\\/\\\/noticiasmercedinas.com\\\/site\\\/\",\"name\":\"NOTICIASMERCEDINAS.COM\",\"description\":\"Mercedes, Buenos Aires, Argentina\",\"publisher\":{\"@id\":\"https:\\\/\\\/noticiasmercedinas.com\\\/site\\\/#organization\"},\"potentialAction\":[{\"@type\":\"SearchAction\",\"target\":{\"@type\":\"EntryPoint\",\"urlTemplate\":\"https:\\\/\\\/noticiasmercedinas.com\\\/site\\\/?s={search_term_string}\"},\"query-input\":{\"@type\":\"PropertyValueSpecification\",\"valueRequired\":true,\"valueName\":\"search_term_string\"}}],\"inLanguage\":\"es\"},{\"@type\":\"Organization\",\"@id\":\"https:\\\/\\\/noticiasmercedinas.com\\\/site\\\/#organization\",\"name\":\"NOTICIASMERCEDINAS.COM\",\"url\":\"https:\\\/\\\/noticiasmercedinas.com\\\/site\\\/\",\"logo\":{\"@type\":\"ImageObject\",\"inLanguage\":\"es\",\"@id\":\"https:\\\/\\\/noticiasmercedinas.com\\\/site\\\/#\\\/schema\\\/logo\\\/image\\\/\",\"url\":\"https:\\\/\\\/noticiasmercedinas.com\\\/site\\\/wp-content\\\/uploads\\\/2020\\\/06\\\/LOGO-512.jpg\",\"contentUrl\":\"https:\\\/\\\/noticiasmercedinas.com\\\/site\\\/wp-content\\\/uploads\\\/2020\\\/06\\\/LOGO-512.jpg\",\"width\":512,\"height\":512,\"caption\":\"NOTICIASMERCEDINAS.COM\"},\"image\":{\"@id\":\"https:\\\/\\\/noticiasmercedinas.com\\\/site\\\/#\\\/schema\\\/logo\\\/image\\\/\"},\"sameAs\":[\"https:\\\/\\\/www.facebook.com\\\/noticiasmercedinas\\\/\",\"https:\\\/\\\/x.com\\\/notmercedinas\",\"https:\\\/\\\/www.instagram.com\\\/noticiasmercedinas\\\/\"]},{\"@type\":\"Person\",\"@id\":\"https:\\\/\\\/noticiasmercedinas.com\\\/site\\\/#\\\/schema\\\/person\\\/8f2f09d666ef40986eba4a5e6f2a06f9\",\"name\":\"Juan Dagnino NOTICIASMERCEDINAS.COM\",\"image\":{\"@type\":\"ImageObject\",\"inLanguage\":\"es\",\"@id\":\"https:\\\/\\\/secure.gravatar.com\\\/avatar\\\/fc7059a769f5a3cae65fadb228a3e4accf3a64b4b2305020d0a27e6d5333c91b?s=96&d=mm&r=g\",\"url\":\"https:\\\/\\\/secure.gravatar.com\\\/avatar\\\/fc7059a769f5a3cae65fadb228a3e4accf3a64b4b2305020d0a27e6d5333c91b?s=96&d=mm&r=g\",\"contentUrl\":\"https:\\\/\\\/secure.gravatar.com\\\/avatar\\\/fc7059a769f5a3cae65fadb228a3e4accf3a64b4b2305020d0a27e6d5333c91b?s=96&d=mm&r=g\",\"caption\":\"Juan Dagnino NOTICIASMERCEDINAS.COM\"},\"url\":\"https:\\\/\\\/noticiasmercedinas.com\\\/site\\\/author\\\/juandagnino\\\/\"}]}<\/script>\n<!-- \/ Yoast SEO plugin. -->","yoast_head_json":{"title":"Gan\u00f3 Seijas y Greve sigue liderando","robots":{"index":"index","follow":"follow","max-snippet":"max-snippet:-1","max-image-preview":"max-image-preview:large","max-video-preview":"max-video-preview:-1"},"canonical":"https:\/\/noticiasmercedinas.com\/site\/2023\/09\/23\/gano-seijas-y-greve-sigue-liderando\/","og_locale":"es_ES","og_type":"article","og_title":"Gan\u00f3 Seijas y Greve sigue liderando","og_description":"\u25a0 La ciclista uruguaya del Braguette Colla se impuso en la llegada a Bragado. Segunda result\u00f3 la l\u00edder Cristian Greve (Rower) que se mantiene al frente de la General. El domingo habr\u00e1 CRI y pelot\u00f3n para finalizar la versi\u00f3n femenina.","og_url":"https:\/\/noticiasmercedinas.com\/site\/2023\/09\/23\/gano-seijas-y-greve-sigue-liderando\/","og_site_name":"NOTICIASMERCEDINAS.COM","article_publisher":"https:\/\/www.facebook.com\/noticiasmercedinas\/","article_published_time":"2023-09-23T23:13:39+00:00","article_modified_time":"2023-09-23T23:14:21+00:00","og_image":[{"width":640,"height":427,"url":"https:\/\/noticiasmercedinas.com\/site\/wp-content\/uploads\/2023\/09\/Llegada-2-1082.jpg","type":"image\/jpeg"}],"author":"Juan Dagnino NOTICIASMERCEDINAS.COM","twitter_card":"summary_large_image","twitter_creator":"@notmercedinas","twitter_site":"@notmercedinas","twitter_misc":{"Escrito por":"Juan Dagnino NOTICIASMERCEDINAS.COM","Tiempo de lectura":"2 minutos"},"schema":{"@context":"https:\/\/schema.org","@graph":[{"@type":"Article","@id":"https:\/\/noticiasmercedinas.com\/site\/2023\/09\/23\/gano-seijas-y-greve-sigue-liderando\/#article","isPartOf":{"@id":"https:\/\/noticiasmercedinas.com\/site\/2023\/09\/23\/gano-seijas-y-greve-sigue-liderando\/"},"author":{"name":"Juan Dagnino NOTICIASMERCEDINAS.COM","@id":"https:\/\/noticiasmercedinas.com\/site\/#\/schema\/person\/8f2f09d666ef40986eba4a5e6f2a06f9"},"headline":"Gan\u00f3 Seijas y Greve sigue liderando","datePublished":"2023-09-23T23:13:39+00:00","dateModified":"2023-09-23T23:14:21+00:00","mainEntityOfPage":{"@id":"https:\/\/noticiasmercedinas.com\/site\/2023\/09\/23\/gano-seijas-y-greve-sigue-liderando\/"},"wordCount":275,"publisher":{"@id":"https:\/\/noticiasmercedinas.com\/site\/#organization"},"image":{"@id":"https:\/\/noticiasmercedinas.com\/site\/2023\/09\/23\/gano-seijas-y-greve-sigue-liderando\/#primaryimage"},"thumbnailUrl":"https:\/\/noticiasmercedinas.com\/site\/wp-content\/uploads\/2023\/09\/Llegada-2-1082.jpg","keywords":["ciclismo","doble bragado femenina","Raleigh","Valeria G\u00f3mez"],"articleSection":["Deportes"],"inLanguage":"es"},{"@type":"WebPage","@id":"https:\/\/noticiasmercedinas.com\/site\/2023\/09\/23\/gano-seijas-y-greve-sigue-liderando\/","url":"https:\/\/noticiasmercedinas.com\/site\/2023\/09\/23\/gano-seijas-y-greve-sigue-liderando\/","name":"Gan\u00f3 Seijas y Greve sigue liderando","isPartOf":{"@id":"https:\/\/noticiasmercedinas.com\/site\/#website"},"primaryImageOfPage":{"@id":"https:\/\/noticiasmercedinas.com\/site\/2023\/09\/23\/gano-seijas-y-greve-sigue-liderando\/#primaryimage"},"image":{"@id":"https:\/\/noticiasmercedinas.com\/site\/2023\/09\/23\/gano-seijas-y-greve-sigue-liderando\/#primaryimage"},"thumbnailUrl":"https:\/\/noticiasmercedinas.com\/site\/wp-content\/uploads\/2023\/09\/Llegada-2-1082.jpg","datePublished":"2023-09-23T23:13:39+00:00","dateModified":"2023-09-23T23:14:21+00:00","breadcrumb":{"@id":"https:\/\/noticiasmercedinas.com\/site\/2023\/09\/23\/gano-seijas-y-greve-sigue-liderando\/#breadcrumb"},"inLanguage":"es","potentialAction":[{"@type":"ReadAction","target":["https:\/\/noticiasmercedinas.com\/site\/2023\/09\/23\/gano-seijas-y-greve-sigue-liderando\/"]}]},{"@type":"ImageObject","inLanguage":"es","@id":"https:\/\/noticiasmercedinas.com\/site\/2023\/09\/23\/gano-seijas-y-greve-sigue-liderando\/#primaryimage","url":"https:\/\/noticiasmercedinas.com\/site\/wp-content\/uploads\/2023\/09\/Llegada-2-1082.jpg","contentUrl":"https:\/\/noticiasmercedinas.com\/site\/wp-content\/uploads\/2023\/09\/Llegada-2-1082.jpg","width":640,"height":427},{"@type":"BreadcrumbList","@id":"https:\/\/noticiasmercedinas.com\/site\/2023\/09\/23\/gano-seijas-y-greve-sigue-liderando\/#breadcrumb","itemListElement":[{"@type":"ListItem","position":1,"name":"Portada","item":"https:\/\/noticiasmercedinas.com\/site\/"},{"@type":"ListItem","position":2,"name":"Gan\u00f3 Seijas y Greve sigue liderando"}]},{"@type":"WebSite","@id":"https:\/\/noticiasmercedinas.com\/site\/#website","url":"https:\/\/noticiasmercedinas.com\/site\/","name":"NOTICIASMERCEDINAS.COM","description":"Mercedes, Buenos Aires, Argentina","publisher":{"@id":"https:\/\/noticiasmercedinas.com\/site\/#organization"},"potentialAction":[{"@type":"SearchAction","target":{"@type":"EntryPoint","urlTemplate":"https:\/\/noticiasmercedinas.com\/site\/?s={search_term_string}"},"query-input":{"@type":"PropertyValueSpecification","valueRequired":true,"valueName":"search_term_string"}}],"inLanguage":"es"},{"@type":"Organization","@id":"https:\/\/noticiasmercedinas.com\/site\/#organization","name":"NOTICIASMERCEDINAS.COM","url":"https:\/\/noticiasmercedinas.com\/site\/","logo":{"@type":"ImageObject","inLanguage":"es","@id":"https:\/\/noticiasmercedinas.com\/site\/#\/schema\/logo\/image\/","url":"https:\/\/noticiasmercedinas.com\/site\/wp-content\/uploads\/2020\/06\/LOGO-512.jpg","contentUrl":"https:\/\/noticiasmercedinas.com\/site\/wp-content\/uploads\/2020\/06\/LOGO-512.jpg","width":512,"height":512,"caption":"NOTICIASMERCEDINAS.COM"},"image":{"@id":"https:\/\/noticiasmercedinas.com\/site\/#\/schema\/logo\/image\/"},"sameAs":["https:\/\/www.facebook.com\/noticiasmercedinas\/","https:\/\/x.com\/notmercedinas","https:\/\/www.instagram.com\/noticiasmercedinas\/"]},{"@type":"Person","@id":"https:\/\/noticiasmercedinas.com\/site\/#\/schema\/person\/8f2f09d666ef40986eba4a5e6f2a06f9","name":"Juan Dagnino NOTICIASMERCEDINAS.COM","image":{"@type":"ImageObject","inLanguage":"es","@id":"https:\/\/secure.gravatar.com\/avatar\/fc7059a769f5a3cae65fadb228a3e4accf3a64b4b2305020d0a27e6d5333c91b?s=96&d=mm&r=g","url":"https:\/\/secure.gravatar.com\/avatar\/fc7059a769f5a3cae65fadb228a3e4accf3a64b4b2305020d0a27e6d5333c91b?s=96&d=mm&r=g","contentUrl":"https:\/\/secure.gravatar.com\/avatar\/fc7059a769f5a3cae65fadb228a3e4accf3a64b4b2305020d0a27e6d5333c91b?s=96&d=mm&r=g","caption":"Juan Dagnino NOTICIASMERCEDINAS.COM"},"url":"https:\/\/noticiasmercedinas.com\/site\/author\/juandagnino\/"}]}},"amp_enabled":true,"_links":{"self":[{"href":"https:\/\/noticiasmercedinas.com\/site\/wp-json\/wp\/v2\/posts\/123301","targetHints":{"allow":["GET"]}}],"collection":[{"href":"https:\/\/noticiasmercedinas.com\/site\/wp-json\/wp\/v2\/posts"}],"about":[{"href":"https:\/\/noticiasmercedinas.com\/site\/wp-json\/wp\/v2\/types\/post"}],"author":[{"embeddable":true,"href":"https:\/\/noticiasmercedinas.com\/site\/wp-json\/wp\/v2\/users\/6"}],"replies":[{"embeddable":true,"href":"https:\/\/noticiasmercedinas.com\/site\/wp-json\/wp\/v2\/comments?post=123301"}],"version-history":[{"count":2,"href":"https:\/\/noticiasmercedinas.com\/site\/wp-json\/wp\/v2\/posts\/123301\/revisions"}],"predecessor-version":[{"id":123313,"href":"https:\/\/noticiasmercedinas.com\/site\/wp-json\/wp\/v2\/posts\/123301\/revisions\/123313"}],"wp:featuredmedia":[{"embeddable":true,"href":"https:\/\/noticiasmercedinas.com\/site\/wp-json\/wp\/v2\/media\/123302"}],"wp:attachment":[{"href":"https:\/\/noticiasmercedinas.com\/site\/wp-json\/wp\/v2\/media?parent=123301"}],"wp:term":[{"taxonomy":"category","embeddable":true,"href":"https:\/\/noticiasmercedinas.com\/site\/wp-json\/wp\/v2\/categories?post=123301"},{"taxonomy":"post_tag","embeddable":true,"href":"https:\/\/noticiasmercedinas.com\/site\/wp-json\/wp\/v2\/tags?post=123301"}],"curies":[{"name":"wp","href":"https:\/\/api.w.org\/{rel}","templated":true}]}}