{"id":123451,"date":"2023-09-25T12:22:15","date_gmt":"2023-09-25T15:22:15","guid":{"rendered":"https:\/\/noticiasmercedinas.com\/site\/?p=123451"},"modified":"2023-09-25T12:22:15","modified_gmt":"2023-09-25T15:22:15","slug":"mercedes-se-vistio-de-gala-para-recibir-el-cuarto-torneo-nacional-fatema","status":"publish","type":"post","link":"https:\/\/noticiasmercedinas.com\/site\/2023\/09\/25\/mercedes-se-vistio-de-gala-para-recibir-el-cuarto-torneo-nacional-fatema\/","title":{"rendered":"Mercedes se visti\u00f3 de gala para recibir el cuarto torneo Nacional FATEMA"},"content":{"rendered":"<figure id=\"attachment_123452\" aria-describedby=\"caption-attachment-123452\" style=\"width: 640px\" class=\"wp-caption alignnone\"><img loading=\"lazy\" decoding=\"async\" class=\"wp-image-123452 size-full\" src=\"https:\/\/noticiasmercedinas.com\/site\/wp-content\/uploads\/2023\/09\/a6f48011-1b4f-4a1a-8fd8-037c559a1994.jpg\" alt=\"\" width=\"640\" height=\"440\" srcset=\"https:\/\/noticiasmercedinas.com\/site\/wp-content\/uploads\/2023\/09\/a6f48011-1b4f-4a1a-8fd8-037c559a1994.jpg 640w, https:\/\/noticiasmercedinas.com\/site\/wp-content\/uploads\/2023\/09\/a6f48011-1b4f-4a1a-8fd8-037c559a1994-300x206.jpg 300w\" sizes=\"auto, (max-width: 640px) 100vw, 640px\" \/><figcaption id=\"caption-attachment-123452\" class=\"wp-caption-text\">En el CEF fue el certamen de tenis de mesa.<\/figcaption><\/figure>\n<p>En el transcurso del s\u00e1bado, el Polideportivo CEF N\u00b0 40 cont\u00f3 con m\u00e1s de 10 mesas para recibir al tenis de mesa en el orden nacional. En una fecha que impuls\u00f3 con el respaldo de la Federaci\u00f3n el instructor de la ciudad Alejandro Russo, en v\u00edsperas a la realizaci\u00f3n de la Copa Tango el 6, 7 y 8 de octubre.<\/p>\n<p>La disputada fue en una fecha puntuable para el Ranking Nacional que se actualizar\u00e1 este lunes, fue entonces que diversas categor\u00edas del tenis de mesa adaptado se dieron cita en Mercedes, donde tambi\u00e9n estuvo presente el tinte paral\u00edmpico con qui\u00e9nes ya tienen su lugar asegurado del 20 al 26 de noviembre en las mesas chilenas con serias chances de medalla.<\/p>\n<p>Se destac\u00f3 la presencia de Giselle Mu\u00f1oz, Constanza Garrone, Mauro de Pergola, Gabriel Coppola entre otros, que se inscriben a estos cert\u00e1menes a modo de preparaci\u00f3n tras d\u00edas de entrenamientos en la cuna del deporte de Alto Rendimiento, el CENARD.<\/p>\n<p>Los Juegos Parapanamericanos se desarrollar\u00e1n en Santiago del 17 al 26 de noviembre, la mayor\u00eda de la elite cumplir\u00e1 en Chile su tercera competencia paral\u00edmpica.<\/p>\n\r\n                <style type=\"text\/css\">\r\n                    \r\n                    #td_uid_1_69f090c58d028  .td-doubleSlider-2 .td-item1 {\r\n                        background: url(https:\/\/noticiasmercedinas.com\/site\/wp-content\/uploads\/2023\/09\/0daefa29-2af0-4361-b406-123d9ae43fb1-160x120.jpg) 0 0 no-repeat;\r\n                    }\r\n                    #td_uid_1_69f090c58d028  .td-doubleSlider-2 .td-item2 {\r\n                        background: url(https:\/\/noticiasmercedinas.com\/site\/wp-content\/uploads\/2023\/09\/4f361b53-a85d-47bc-9c0f-3a348ae0bf98-160x120.jpg) 0 0 no-repeat;\r\n                    }\r\n                    #td_uid_1_69f090c58d028  .td-doubleSlider-2 .td-item3 {\r\n                        background: url(https:\/\/noticiasmercedinas.com\/site\/wp-content\/uploads\/2023\/09\/9c2595b2-8936-4a64-9b88-7a035a179e79-160x120.jpg) 0 0 no-repeat;\r\n                    }\r\n                    #td_uid_1_69f090c58d028  .td-doubleSlider-2 .td-item4 {\r\n                        background: url(https:\/\/noticiasmercedinas.com\/site\/wp-content\/uploads\/2023\/09\/48c6b070-63f0-40b5-adba-0ea994803232-160x120.jpg) 0 0 no-repeat;\r\n                    }\r\n                    #td_uid_1_69f090c58d028  .td-doubleSlider-2 .td-item5 {\r\n                        background: url(https:\/\/noticiasmercedinas.com\/site\/wp-content\/uploads\/2023\/09\/b65b7adb-d835-4b93-9e13-ba7e6e152ce1-160x120.jpg) 0 0 no-repeat;\r\n                    }\r\n                    #td_uid_1_69f090c58d028  .td-doubleSlider-2 .td-item6 {\r\n                        background: url(https:\/\/noticiasmercedinas.com\/site\/wp-content\/uploads\/2023\/09\/e80bc9a6-bac9-4aa4-b30a-5278d7cbb7d8-160x120.jpg) 0 0 no-repeat;\r\n                    }\r\n                <\/style>\r\n\r\n                <div id=\"td_uid_1_69f090c58d028\" class=\"td-gallery td-slide-on-2-columns\">\r\n                    <div class=\"post_td_gallery\">\r\n                        <div class=\"td-gallery-slide-top\">\r\n                           <div class=\"td-gallery-title\">Tenis de Mesa<\/div>\r\n\r\n                            <div class=\"td-gallery-controls-wrapper\">\r\n                                <div class=\"td-gallery-slide-count\"><span class=\"td-gallery-slide-item-focus\">1<\/span> de 6<\/div>\r\n                                <div class=\"td-gallery-slide-prev-next-but\">\r\n                                    <i class = \"td-icon-left doubleSliderPrevButton\"><\/i>\r\n                                    <i class = \"td-icon-right doubleSliderNextButton\"><\/i>\r\n                                <\/div>\r\n                            <\/div>\r\n                        <\/div>\r\n\r\n                        <div class = \"td-doubleSlider-1 \">\r\n                            <div class = \"td-slider\">\r\n                                \r\n                    <div class = \"td-slide-item td-item1\">\r\n                        <figure class=\"td-slide-galery-figure td-slide-popup-gallery\">\r\n                            <a class=\"slide-gallery-image-link\" href=\"https:\/\/noticiasmercedinas.com\/site\/wp-content\/uploads\/2023\/09\/0daefa29-2af0-4361-b406-123d9ae43fb1.jpg\" title=\"0daefa29-2af0-4361-b406-123d9ae43fb1\"  data-caption=\"\"  data-description=\"\">\r\n                                <img decoding=\"async\" src=\"https:\/\/noticiasmercedinas.com\/site\/wp-content\/uploads\/2023\/09\/0daefa29-2af0-4361-b406-123d9ae43fb1.jpg\" srcset=\"https:\/\/noticiasmercedinas.com\/site\/wp-content\/uploads\/2023\/09\/0daefa29-2af0-4361-b406-123d9ae43fb1.jpg 640w, https:\/\/noticiasmercedinas.com\/site\/wp-content\/uploads\/2023\/09\/0daefa29-2af0-4361-b406-123d9ae43fb1-300x169.jpg 300w\" sizes=\"(max-width: 640px) 100vw, 640px\" alt=\"\">\r\n                            <\/a>\r\n                            \r\n                        <\/figure>\r\n                    <\/div>\r\n                    <div class = \"td-slide-item td-item2\">\r\n                        <figure class=\"td-slide-galery-figure td-slide-popup-gallery\">\r\n                            <a class=\"slide-gallery-image-link\" href=\"https:\/\/noticiasmercedinas.com\/site\/wp-content\/uploads\/2023\/09\/4f361b53-a85d-47bc-9c0f-3a348ae0bf98.jpg\" title=\"4f361b53-a85d-47bc-9c0f-3a348ae0bf98\"  data-caption=\"\"  data-description=\"\">\r\n                                <img decoding=\"async\" src=\"https:\/\/noticiasmercedinas.com\/site\/wp-content\/uploads\/2023\/09\/4f361b53-a85d-47bc-9c0f-3a348ae0bf98.jpg\" srcset=\"https:\/\/noticiasmercedinas.com\/site\/wp-content\/uploads\/2023\/09\/4f361b53-a85d-47bc-9c0f-3a348ae0bf98.jpg 640w, https:\/\/noticiasmercedinas.com\/site\/wp-content\/uploads\/2023\/09\/4f361b53-a85d-47bc-9c0f-3a348ae0bf98-231x300.jpg 231w\" sizes=\"(max-width: 640px) 100vw, 640px\" alt=\"\">\r\n                            <\/a>\r\n                            \r\n                        <\/figure>\r\n                    <\/div>\r\n                    <div class = \"td-slide-item td-item3\">\r\n                        <figure class=\"td-slide-galery-figure td-slide-popup-gallery\">\r\n                            <a class=\"slide-gallery-image-link\" href=\"https:\/\/noticiasmercedinas.com\/site\/wp-content\/uploads\/2023\/09\/9c2595b2-8936-4a64-9b88-7a035a179e79.jpg\" title=\"9c2595b2-8936-4a64-9b88-7a035a179e79\"  data-caption=\"\"  data-description=\"\">\r\n                                <img decoding=\"async\" src=\"https:\/\/noticiasmercedinas.com\/site\/wp-content\/uploads\/2023\/09\/9c2595b2-8936-4a64-9b88-7a035a179e79.jpg\" srcset=\"https:\/\/noticiasmercedinas.com\/site\/wp-content\/uploads\/2023\/09\/9c2595b2-8936-4a64-9b88-7a035a179e79.jpg 640w, https:\/\/noticiasmercedinas.com\/site\/wp-content\/uploads\/2023\/09\/9c2595b2-8936-4a64-9b88-7a035a179e79-225x300.jpg 225w\" sizes=\"(max-width: 640px) 100vw, 640px\" alt=\"\">\r\n                            <\/a>\r\n                            \r\n                        <\/figure>\r\n                    <\/div>\r\n                    <div class = \"td-slide-item td-item4\">\r\n                        <figure class=\"td-slide-galery-figure td-slide-popup-gallery\">\r\n                            <a class=\"slide-gallery-image-link\" href=\"https:\/\/noticiasmercedinas.com\/site\/wp-content\/uploads\/2023\/09\/48c6b070-63f0-40b5-adba-0ea994803232.jpg\" title=\"48c6b070-63f0-40b5-adba-0ea994803232\"  data-caption=\"\"  data-description=\"\">\r\n                                <img decoding=\"async\" src=\"https:\/\/noticiasmercedinas.com\/site\/wp-content\/uploads\/2023\/09\/48c6b070-63f0-40b5-adba-0ea994803232.jpg\" srcset=\"https:\/\/noticiasmercedinas.com\/site\/wp-content\/uploads\/2023\/09\/48c6b070-63f0-40b5-adba-0ea994803232.jpg 640w, https:\/\/noticiasmercedinas.com\/site\/wp-content\/uploads\/2023\/09\/48c6b070-63f0-40b5-adba-0ea994803232-300x169.jpg 300w\" sizes=\"(max-width: 640px) 100vw, 640px\" alt=\"\">\r\n                            <\/a>\r\n                            \r\n                        <\/figure>\r\n                    <\/div>\r\n                    <div class = \"td-slide-item td-item5\">\r\n                        <figure class=\"td-slide-galery-figure td-slide-popup-gallery\">\r\n                            <a class=\"slide-gallery-image-link\" href=\"https:\/\/noticiasmercedinas.com\/site\/wp-content\/uploads\/2023\/09\/b65b7adb-d835-4b93-9e13-ba7e6e152ce1.jpg\" title=\"b65b7adb-d835-4b93-9e13-ba7e6e152ce1\"  data-caption=\"\"  data-description=\"\">\r\n                                <img decoding=\"async\" src=\"https:\/\/noticiasmercedinas.com\/site\/wp-content\/uploads\/2023\/09\/b65b7adb-d835-4b93-9e13-ba7e6e152ce1.jpg\" srcset=\"https:\/\/noticiasmercedinas.com\/site\/wp-content\/uploads\/2023\/09\/b65b7adb-d835-4b93-9e13-ba7e6e152ce1.jpg 640w, https:\/\/noticiasmercedinas.com\/site\/wp-content\/uploads\/2023\/09\/b65b7adb-d835-4b93-9e13-ba7e6e152ce1-300x174.jpg 300w\" sizes=\"(max-width: 640px) 100vw, 640px\" alt=\"\">\r\n                            <\/a>\r\n                            \r\n                        <\/figure>\r\n                    <\/div>\r\n                    <div class = \"td-slide-item td-item6\">\r\n                        <figure class=\"td-slide-galery-figure td-slide-popup-gallery\">\r\n                            <a class=\"slide-gallery-image-link\" href=\"https:\/\/noticiasmercedinas.com\/site\/wp-content\/uploads\/2023\/09\/e80bc9a6-bac9-4aa4-b30a-5278d7cbb7d8.jpg\" title=\"e80bc9a6-bac9-4aa4-b30a-5278d7cbb7d8\"  data-caption=\"\"  data-description=\"\">\r\n                                <img decoding=\"async\" src=\"https:\/\/noticiasmercedinas.com\/site\/wp-content\/uploads\/2023\/09\/e80bc9a6-bac9-4aa4-b30a-5278d7cbb7d8.jpg\" srcset=\"https:\/\/noticiasmercedinas.com\/site\/wp-content\/uploads\/2023\/09\/e80bc9a6-bac9-4aa4-b30a-5278d7cbb7d8.jpg 640w, https:\/\/noticiasmercedinas.com\/site\/wp-content\/uploads\/2023\/09\/e80bc9a6-bac9-4aa4-b30a-5278d7cbb7d8-259x300.jpg 259w\" sizes=\"(max-width: 640px) 100vw, 640px\" alt=\"\">\r\n                            <\/a>\r\n                            \r\n                        <\/figure>\r\n                    <\/div>\r\n                            <\/div>\r\n                        <\/div>\r\n\r\n                        <div class = \"td-doubleSlider-2\">\r\n                            <div class = \"td-slider\">\r\n                                \r\n                    <div class = \"td-button td-item1\">\r\n                        <div class = \"td-border\"><\/div>\r\n                    <\/div>\r\n                    <div class = \"td-button td-item2\">\r\n                        <div class = \"td-border\"><\/div>\r\n                    <\/div>\r\n                    <div class = \"td-button td-item3\">\r\n                        <div class = \"td-border\"><\/div>\r\n                    <\/div>\r\n                    <div class = \"td-button td-item4\">\r\n                        <div class = \"td-border\"><\/div>\r\n                    <\/div>\r\n                    <div class = \"td-button td-item5\">\r\n                        <div class = \"td-border\"><\/div>\r\n                    <\/div>\r\n                    <div class = \"td-button td-item6\">\r\n                        <div class = \"td-border\"><\/div>\r\n                    <\/div>\r\n                            <\/div>\r\n                        <\/div>\r\n\r\n                    <\/div>\r\n\r\n                <\/div>\r\n                \n","protected":false},"excerpt":{"rendered":"<p>\u25a0 Se desarroll\u00f3 en el CEF N\u00b0 40 donde se llegaron referentes del tenis de mesa adaptado. La organizaci\u00f3n corri\u00f3 por parte de Alejandro Russo con el apoyo de la Federaci\u00f3n.<\/p>\n","protected":false},"author":16,"featured_media":123452,"comment_status":"closed","ping_status":"closed","sticky":false,"template":"","format":"standard","meta":{"footnotes":""},"categories":[5],"tags":[8629,14134,111],"class_list":["post-123451","post","type-post","status-publish","format-standard","has-post-thumbnail","hentry","category-deportes","tag-alejandro-russo","tag-fatema","tag-tenis-de-mesa"],"yoast_head":"<!-- This site is optimized with the Yoast SEO plugin v27.4 - https:\/\/yoast.com\/product\/yoast-seo-wordpress\/ -->\n<title>Mercedes se visti\u00f3 de gala para recibir el cuarto torneo Nacional FATEMA<\/title>\n<meta name=\"robots\" content=\"index, follow, max-snippet:-1, max-image-preview:large, max-video-preview:-1\" \/>\n<link rel=\"canonical\" href=\"https:\/\/noticiasmercedinas.com\/site\/2023\/09\/25\/mercedes-se-vistio-de-gala-para-recibir-el-cuarto-torneo-nacional-fatema\/\" \/>\n<meta property=\"og:locale\" content=\"es_ES\" \/>\n<meta property=\"og:type\" content=\"article\" \/>\n<meta property=\"og:title\" content=\"Mercedes se visti\u00f3 de gala para recibir el cuarto torneo Nacional FATEMA\" \/>\n<meta property=\"og:description\" content=\"\u25a0 Se desarroll\u00f3 en el CEF N\u00b0 40 donde se llegaron referentes del tenis de mesa adaptado. La organizaci\u00f3n corri\u00f3 por parte de Alejandro Russo con el apoyo de la Federaci\u00f3n.\" \/>\n<meta property=\"og:url\" content=\"https:\/\/noticiasmercedinas.com\/site\/2023\/09\/25\/mercedes-se-vistio-de-gala-para-recibir-el-cuarto-torneo-nacional-fatema\/\" \/>\n<meta property=\"og:site_name\" content=\"NOTICIASMERCEDINAS.COM\" \/>\n<meta property=\"article:publisher\" content=\"https:\/\/www.facebook.com\/noticiasmercedinas\/\" \/>\n<meta property=\"article:published_time\" content=\"2023-09-25T15:22:15+00:00\" \/>\n<meta property=\"og:image\" content=\"https:\/\/noticiasmercedinas.com\/site\/wp-content\/uploads\/2023\/09\/a6f48011-1b4f-4a1a-8fd8-037c559a1994.jpg\" \/>\n\t<meta property=\"og:image:width\" content=\"640\" \/>\n\t<meta property=\"og:image:height\" content=\"440\" \/>\n\t<meta property=\"og:image:type\" content=\"image\/jpeg\" \/>\n<meta name=\"author\" content=\"NOTICIASMERCEDINAS.COM\" \/>\n<meta name=\"twitter:card\" content=\"summary_large_image\" \/>\n<meta name=\"twitter:creator\" content=\"@notmercedinas\" \/>\n<meta name=\"twitter:site\" content=\"@notmercedinas\" \/>\n<meta name=\"twitter:label1\" content=\"Escrito por\" \/>\n\t<meta name=\"twitter:data1\" content=\"NOTICIASMERCEDINAS.COM\" \/>\n\t<meta name=\"twitter:label2\" content=\"Tiempo de lectura\" \/>\n\t<meta name=\"twitter:data2\" content=\"2 minutos\" \/>\n<script type=\"application\/ld+json\" class=\"yoast-schema-graph\">{\"@context\":\"https:\\\/\\\/schema.org\",\"@graph\":[{\"@type\":\"Article\",\"@id\":\"https:\\\/\\\/noticiasmercedinas.com\\\/site\\\/2023\\\/09\\\/25\\\/mercedes-se-vistio-de-gala-para-recibir-el-cuarto-torneo-nacional-fatema\\\/#article\",\"isPartOf\":{\"@id\":\"https:\\\/\\\/noticiasmercedinas.com\\\/site\\\/2023\\\/09\\\/25\\\/mercedes-se-vistio-de-gala-para-recibir-el-cuarto-torneo-nacional-fatema\\\/\"},\"author\":{\"name\":\"NOTICIASMERCEDINAS.COM\",\"@id\":\"https:\\\/\\\/noticiasmercedinas.com\\\/site\\\/#\\\/schema\\\/person\\\/84b59c099c28ff2e8b77d4ceec5d8063\"},\"headline\":\"Mercedes se visti\u00f3 de gala para recibir el cuarto torneo Nacional FATEMA\",\"datePublished\":\"2023-09-25T15:22:15+00:00\",\"mainEntityOfPage\":{\"@id\":\"https:\\\/\\\/noticiasmercedinas.com\\\/site\\\/2023\\\/09\\\/25\\\/mercedes-se-vistio-de-gala-para-recibir-el-cuarto-torneo-nacional-fatema\\\/\"},\"wordCount\":237,\"publisher\":{\"@id\":\"https:\\\/\\\/noticiasmercedinas.com\\\/site\\\/#organization\"},\"image\":{\"@id\":\"https:\\\/\\\/noticiasmercedinas.com\\\/site\\\/2023\\\/09\\\/25\\\/mercedes-se-vistio-de-gala-para-recibir-el-cuarto-torneo-nacional-fatema\\\/#primaryimage\"},\"thumbnailUrl\":\"https:\\\/\\\/noticiasmercedinas.com\\\/site\\\/wp-content\\\/uploads\\\/2023\\\/09\\\/a6f48011-1b4f-4a1a-8fd8-037c559a1994.jpg\",\"keywords\":[\"Alejandro Russo\",\"fatema\",\"tenis de mesa\"],\"articleSection\":[\"Deportes\"],\"inLanguage\":\"es\"},{\"@type\":\"WebPage\",\"@id\":\"https:\\\/\\\/noticiasmercedinas.com\\\/site\\\/2023\\\/09\\\/25\\\/mercedes-se-vistio-de-gala-para-recibir-el-cuarto-torneo-nacional-fatema\\\/\",\"url\":\"https:\\\/\\\/noticiasmercedinas.com\\\/site\\\/2023\\\/09\\\/25\\\/mercedes-se-vistio-de-gala-para-recibir-el-cuarto-torneo-nacional-fatema\\\/\",\"name\":\"Mercedes se visti\u00f3 de gala para recibir el cuarto torneo Nacional FATEMA\",\"isPartOf\":{\"@id\":\"https:\\\/\\\/noticiasmercedinas.com\\\/site\\\/#website\"},\"primaryImageOfPage\":{\"@id\":\"https:\\\/\\\/noticiasmercedinas.com\\\/site\\\/2023\\\/09\\\/25\\\/mercedes-se-vistio-de-gala-para-recibir-el-cuarto-torneo-nacional-fatema\\\/#primaryimage\"},\"image\":{\"@id\":\"https:\\\/\\\/noticiasmercedinas.com\\\/site\\\/2023\\\/09\\\/25\\\/mercedes-se-vistio-de-gala-para-recibir-el-cuarto-torneo-nacional-fatema\\\/#primaryimage\"},\"thumbnailUrl\":\"https:\\\/\\\/noticiasmercedinas.com\\\/site\\\/wp-content\\\/uploads\\\/2023\\\/09\\\/a6f48011-1b4f-4a1a-8fd8-037c559a1994.jpg\",\"datePublished\":\"2023-09-25T15:22:15+00:00\",\"breadcrumb\":{\"@id\":\"https:\\\/\\\/noticiasmercedinas.com\\\/site\\\/2023\\\/09\\\/25\\\/mercedes-se-vistio-de-gala-para-recibir-el-cuarto-torneo-nacional-fatema\\\/#breadcrumb\"},\"inLanguage\":\"es\",\"potentialAction\":[{\"@type\":\"ReadAction\",\"target\":[\"https:\\\/\\\/noticiasmercedinas.com\\\/site\\\/2023\\\/09\\\/25\\\/mercedes-se-vistio-de-gala-para-recibir-el-cuarto-torneo-nacional-fatema\\\/\"]}]},{\"@type\":\"ImageObject\",\"inLanguage\":\"es\",\"@id\":\"https:\\\/\\\/noticiasmercedinas.com\\\/site\\\/2023\\\/09\\\/25\\\/mercedes-se-vistio-de-gala-para-recibir-el-cuarto-torneo-nacional-fatema\\\/#primaryimage\",\"url\":\"https:\\\/\\\/noticiasmercedinas.com\\\/site\\\/wp-content\\\/uploads\\\/2023\\\/09\\\/a6f48011-1b4f-4a1a-8fd8-037c559a1994.jpg\",\"contentUrl\":\"https:\\\/\\\/noticiasmercedinas.com\\\/site\\\/wp-content\\\/uploads\\\/2023\\\/09\\\/a6f48011-1b4f-4a1a-8fd8-037c559a1994.jpg\",\"width\":640,\"height\":440},{\"@type\":\"BreadcrumbList\",\"@id\":\"https:\\\/\\\/noticiasmercedinas.com\\\/site\\\/2023\\\/09\\\/25\\\/mercedes-se-vistio-de-gala-para-recibir-el-cuarto-torneo-nacional-fatema\\\/#breadcrumb\",\"itemListElement\":[{\"@type\":\"ListItem\",\"position\":1,\"name\":\"Portada\",\"item\":\"https:\\\/\\\/noticiasmercedinas.com\\\/site\\\/\"},{\"@type\":\"ListItem\",\"position\":2,\"name\":\"Mercedes se visti\u00f3 de gala para recibir el cuarto torneo Nacional FATEMA\"}]},{\"@type\":\"WebSite\",\"@id\":\"https:\\\/\\\/noticiasmercedinas.com\\\/site\\\/#website\",\"url\":\"https:\\\/\\\/noticiasmercedinas.com\\\/site\\\/\",\"name\":\"NOTICIASMERCEDINAS.COM\",\"description\":\"Mercedes, Buenos Aires, Argentina\",\"publisher\":{\"@id\":\"https:\\\/\\\/noticiasmercedinas.com\\\/site\\\/#organization\"},\"potentialAction\":[{\"@type\":\"SearchAction\",\"target\":{\"@type\":\"EntryPoint\",\"urlTemplate\":\"https:\\\/\\\/noticiasmercedinas.com\\\/site\\\/?s={search_term_string}\"},\"query-input\":{\"@type\":\"PropertyValueSpecification\",\"valueRequired\":true,\"valueName\":\"search_term_string\"}}],\"inLanguage\":\"es\"},{\"@type\":\"Organization\",\"@id\":\"https:\\\/\\\/noticiasmercedinas.com\\\/site\\\/#organization\",\"name\":\"NOTICIASMERCEDINAS.COM\",\"url\":\"https:\\\/\\\/noticiasmercedinas.com\\\/site\\\/\",\"logo\":{\"@type\":\"ImageObject\",\"inLanguage\":\"es\",\"@id\":\"https:\\\/\\\/noticiasmercedinas.com\\\/site\\\/#\\\/schema\\\/logo\\\/image\\\/\",\"url\":\"https:\\\/\\\/noticiasmercedinas.com\\\/site\\\/wp-content\\\/uploads\\\/2020\\\/06\\\/LOGO-512.jpg\",\"contentUrl\":\"https:\\\/\\\/noticiasmercedinas.com\\\/site\\\/wp-content\\\/uploads\\\/2020\\\/06\\\/LOGO-512.jpg\",\"width\":512,\"height\":512,\"caption\":\"NOTICIASMERCEDINAS.COM\"},\"image\":{\"@id\":\"https:\\\/\\\/noticiasmercedinas.com\\\/site\\\/#\\\/schema\\\/logo\\\/image\\\/\"},\"sameAs\":[\"https:\\\/\\\/www.facebook.com\\\/noticiasmercedinas\\\/\",\"https:\\\/\\\/x.com\\\/notmercedinas\",\"https:\\\/\\\/www.instagram.com\\\/noticiasmercedinas\\\/\"]},{\"@type\":\"Person\",\"@id\":\"https:\\\/\\\/noticiasmercedinas.com\\\/site\\\/#\\\/schema\\\/person\\\/84b59c099c28ff2e8b77d4ceec5d8063\",\"name\":\"NOTICIASMERCEDINAS.COM\",\"image\":{\"@type\":\"ImageObject\",\"inLanguage\":\"es\",\"@id\":\"https:\\\/\\\/secure.gravatar.com\\\/avatar\\\/4dfbf16b4d17945bfb6341b2d19043457132fcf478a5ee04f42e959fd8f5df0a?s=96&d=mm&r=g\",\"url\":\"https:\\\/\\\/secure.gravatar.com\\\/avatar\\\/4dfbf16b4d17945bfb6341b2d19043457132fcf478a5ee04f42e959fd8f5df0a?s=96&d=mm&r=g\",\"contentUrl\":\"https:\\\/\\\/secure.gravatar.com\\\/avatar\\\/4dfbf16b4d17945bfb6341b2d19043457132fcf478a5ee04f42e959fd8f5df0a?s=96&d=mm&r=g\",\"caption\":\"NOTICIASMERCEDINAS.COM\"},\"url\":\"https:\\\/\\\/noticiasmercedinas.com\\\/site\\\/author\\\/anonimo\\\/\"}]}<\/script>\n<!-- \/ Yoast SEO plugin. -->","yoast_head_json":{"title":"Mercedes se visti\u00f3 de gala para recibir el cuarto torneo Nacional FATEMA","robots":{"index":"index","follow":"follow","max-snippet":"max-snippet:-1","max-image-preview":"max-image-preview:large","max-video-preview":"max-video-preview:-1"},"canonical":"https:\/\/noticiasmercedinas.com\/site\/2023\/09\/25\/mercedes-se-vistio-de-gala-para-recibir-el-cuarto-torneo-nacional-fatema\/","og_locale":"es_ES","og_type":"article","og_title":"Mercedes se visti\u00f3 de gala para recibir el cuarto torneo Nacional FATEMA","og_description":"\u25a0 Se desarroll\u00f3 en el CEF N\u00b0 40 donde se llegaron referentes del tenis de mesa adaptado. La organizaci\u00f3n corri\u00f3 por parte de Alejandro Russo con el apoyo de la Federaci\u00f3n.","og_url":"https:\/\/noticiasmercedinas.com\/site\/2023\/09\/25\/mercedes-se-vistio-de-gala-para-recibir-el-cuarto-torneo-nacional-fatema\/","og_site_name":"NOTICIASMERCEDINAS.COM","article_publisher":"https:\/\/www.facebook.com\/noticiasmercedinas\/","article_published_time":"2023-09-25T15:22:15+00:00","og_image":[{"width":640,"height":440,"url":"https:\/\/noticiasmercedinas.com\/site\/wp-content\/uploads\/2023\/09\/a6f48011-1b4f-4a1a-8fd8-037c559a1994.jpg","type":"image\/jpeg"}],"author":"NOTICIASMERCEDINAS.COM","twitter_card":"summary_large_image","twitter_creator":"@notmercedinas","twitter_site":"@notmercedinas","twitter_misc":{"Escrito por":"NOTICIASMERCEDINAS.COM","Tiempo de lectura":"2 minutos"},"schema":{"@context":"https:\/\/schema.org","@graph":[{"@type":"Article","@id":"https:\/\/noticiasmercedinas.com\/site\/2023\/09\/25\/mercedes-se-vistio-de-gala-para-recibir-el-cuarto-torneo-nacional-fatema\/#article","isPartOf":{"@id":"https:\/\/noticiasmercedinas.com\/site\/2023\/09\/25\/mercedes-se-vistio-de-gala-para-recibir-el-cuarto-torneo-nacional-fatema\/"},"author":{"name":"NOTICIASMERCEDINAS.COM","@id":"https:\/\/noticiasmercedinas.com\/site\/#\/schema\/person\/84b59c099c28ff2e8b77d4ceec5d8063"},"headline":"Mercedes se visti\u00f3 de gala para recibir el cuarto torneo Nacional FATEMA","datePublished":"2023-09-25T15:22:15+00:00","mainEntityOfPage":{"@id":"https:\/\/noticiasmercedinas.com\/site\/2023\/09\/25\/mercedes-se-vistio-de-gala-para-recibir-el-cuarto-torneo-nacional-fatema\/"},"wordCount":237,"publisher":{"@id":"https:\/\/noticiasmercedinas.com\/site\/#organization"},"image":{"@id":"https:\/\/noticiasmercedinas.com\/site\/2023\/09\/25\/mercedes-se-vistio-de-gala-para-recibir-el-cuarto-torneo-nacional-fatema\/#primaryimage"},"thumbnailUrl":"https:\/\/noticiasmercedinas.com\/site\/wp-content\/uploads\/2023\/09\/a6f48011-1b4f-4a1a-8fd8-037c559a1994.jpg","keywords":["Alejandro Russo","fatema","tenis de mesa"],"articleSection":["Deportes"],"inLanguage":"es"},{"@type":"WebPage","@id":"https:\/\/noticiasmercedinas.com\/site\/2023\/09\/25\/mercedes-se-vistio-de-gala-para-recibir-el-cuarto-torneo-nacional-fatema\/","url":"https:\/\/noticiasmercedinas.com\/site\/2023\/09\/25\/mercedes-se-vistio-de-gala-para-recibir-el-cuarto-torneo-nacional-fatema\/","name":"Mercedes se visti\u00f3 de gala para recibir el cuarto torneo Nacional FATEMA","isPartOf":{"@id":"https:\/\/noticiasmercedinas.com\/site\/#website"},"primaryImageOfPage":{"@id":"https:\/\/noticiasmercedinas.com\/site\/2023\/09\/25\/mercedes-se-vistio-de-gala-para-recibir-el-cuarto-torneo-nacional-fatema\/#primaryimage"},"image":{"@id":"https:\/\/noticiasmercedinas.com\/site\/2023\/09\/25\/mercedes-se-vistio-de-gala-para-recibir-el-cuarto-torneo-nacional-fatema\/#primaryimage"},"thumbnailUrl":"https:\/\/noticiasmercedinas.com\/site\/wp-content\/uploads\/2023\/09\/a6f48011-1b4f-4a1a-8fd8-037c559a1994.jpg","datePublished":"2023-09-25T15:22:15+00:00","breadcrumb":{"@id":"https:\/\/noticiasmercedinas.com\/site\/2023\/09\/25\/mercedes-se-vistio-de-gala-para-recibir-el-cuarto-torneo-nacional-fatema\/#breadcrumb"},"inLanguage":"es","potentialAction":[{"@type":"ReadAction","target":["https:\/\/noticiasmercedinas.com\/site\/2023\/09\/25\/mercedes-se-vistio-de-gala-para-recibir-el-cuarto-torneo-nacional-fatema\/"]}]},{"@type":"ImageObject","inLanguage":"es","@id":"https:\/\/noticiasmercedinas.com\/site\/2023\/09\/25\/mercedes-se-vistio-de-gala-para-recibir-el-cuarto-torneo-nacional-fatema\/#primaryimage","url":"https:\/\/noticiasmercedinas.com\/site\/wp-content\/uploads\/2023\/09\/a6f48011-1b4f-4a1a-8fd8-037c559a1994.jpg","contentUrl":"https:\/\/noticiasmercedinas.com\/site\/wp-content\/uploads\/2023\/09\/a6f48011-1b4f-4a1a-8fd8-037c559a1994.jpg","width":640,"height":440},{"@type":"BreadcrumbList","@id":"https:\/\/noticiasmercedinas.com\/site\/2023\/09\/25\/mercedes-se-vistio-de-gala-para-recibir-el-cuarto-torneo-nacional-fatema\/#breadcrumb","itemListElement":[{"@type":"ListItem","position":1,"name":"Portada","item":"https:\/\/noticiasmercedinas.com\/site\/"},{"@type":"ListItem","position":2,"name":"Mercedes se visti\u00f3 de gala para recibir el cuarto torneo Nacional FATEMA"}]},{"@type":"WebSite","@id":"https:\/\/noticiasmercedinas.com\/site\/#website","url":"https:\/\/noticiasmercedinas.com\/site\/","name":"NOTICIASMERCEDINAS.COM","description":"Mercedes, Buenos Aires, Argentina","publisher":{"@id":"https:\/\/noticiasmercedinas.com\/site\/#organization"},"potentialAction":[{"@type":"SearchAction","target":{"@type":"EntryPoint","urlTemplate":"https:\/\/noticiasmercedinas.com\/site\/?s={search_term_string}"},"query-input":{"@type":"PropertyValueSpecification","valueRequired":true,"valueName":"search_term_string"}}],"inLanguage":"es"},{"@type":"Organization","@id":"https:\/\/noticiasmercedinas.com\/site\/#organization","name":"NOTICIASMERCEDINAS.COM","url":"https:\/\/noticiasmercedinas.com\/site\/","logo":{"@type":"ImageObject","inLanguage":"es","@id":"https:\/\/noticiasmercedinas.com\/site\/#\/schema\/logo\/image\/","url":"https:\/\/noticiasmercedinas.com\/site\/wp-content\/uploads\/2020\/06\/LOGO-512.jpg","contentUrl":"https:\/\/noticiasmercedinas.com\/site\/wp-content\/uploads\/2020\/06\/LOGO-512.jpg","width":512,"height":512,"caption":"NOTICIASMERCEDINAS.COM"},"image":{"@id":"https:\/\/noticiasmercedinas.com\/site\/#\/schema\/logo\/image\/"},"sameAs":["https:\/\/www.facebook.com\/noticiasmercedinas\/","https:\/\/x.com\/notmercedinas","https:\/\/www.instagram.com\/noticiasmercedinas\/"]},{"@type":"Person","@id":"https:\/\/noticiasmercedinas.com\/site\/#\/schema\/person\/84b59c099c28ff2e8b77d4ceec5d8063","name":"NOTICIASMERCEDINAS.COM","image":{"@type":"ImageObject","inLanguage":"es","@id":"https:\/\/secure.gravatar.com\/avatar\/4dfbf16b4d17945bfb6341b2d19043457132fcf478a5ee04f42e959fd8f5df0a?s=96&d=mm&r=g","url":"https:\/\/secure.gravatar.com\/avatar\/4dfbf16b4d17945bfb6341b2d19043457132fcf478a5ee04f42e959fd8f5df0a?s=96&d=mm&r=g","contentUrl":"https:\/\/secure.gravatar.com\/avatar\/4dfbf16b4d17945bfb6341b2d19043457132fcf478a5ee04f42e959fd8f5df0a?s=96&d=mm&r=g","caption":"NOTICIASMERCEDINAS.COM"},"url":"https:\/\/noticiasmercedinas.com\/site\/author\/anonimo\/"}]}},"amp_enabled":true,"_links":{"self":[{"href":"https:\/\/noticiasmercedinas.com\/site\/wp-json\/wp\/v2\/posts\/123451","targetHints":{"allow":["GET"]}}],"collection":[{"href":"https:\/\/noticiasmercedinas.com\/site\/wp-json\/wp\/v2\/posts"}],"about":[{"href":"https:\/\/noticiasmercedinas.com\/site\/wp-json\/wp\/v2\/types\/post"}],"author":[{"embeddable":true,"href":"https:\/\/noticiasmercedinas.com\/site\/wp-json\/wp\/v2\/users\/16"}],"replies":[{"embeddable":true,"href":"https:\/\/noticiasmercedinas.com\/site\/wp-json\/wp\/v2\/comments?post=123451"}],"version-history":[{"count":1,"href":"https:\/\/noticiasmercedinas.com\/site\/wp-json\/wp\/v2\/posts\/123451\/revisions"}],"predecessor-version":[{"id":123459,"href":"https:\/\/noticiasmercedinas.com\/site\/wp-json\/wp\/v2\/posts\/123451\/revisions\/123459"}],"wp:featuredmedia":[{"embeddable":true,"href":"https:\/\/noticiasmercedinas.com\/site\/wp-json\/wp\/v2\/media\/123452"}],"wp:attachment":[{"href":"https:\/\/noticiasmercedinas.com\/site\/wp-json\/wp\/v2\/media?parent=123451"}],"wp:term":[{"taxonomy":"category","embeddable":true,"href":"https:\/\/noticiasmercedinas.com\/site\/wp-json\/wp\/v2\/categories?post=123451"},{"taxonomy":"post_tag","embeddable":true,"href":"https:\/\/noticiasmercedinas.com\/site\/wp-json\/wp\/v2\/tags?post=123451"}],"curies":[{"name":"wp","href":"https:\/\/api.w.org\/{rel}","templated":true}]}}