{"id":123543,"date":"2023-09-26T09:59:23","date_gmt":"2023-09-26T12:59:23","guid":{"rendered":"https:\/\/noticiasmercedinas.com\/site\/?p=123543"},"modified":"2023-09-26T09:59:23","modified_gmt":"2023-09-26T12:59:23","slug":"jovenes-de-la-filial-de-lujan-de-aldeas-infantiles-sos-argentina-impulsan-una-ingeniosa-iniciativa","status":"publish","type":"post","link":"https:\/\/noticiasmercedinas.com\/site\/2023\/09\/26\/jovenes-de-la-filial-de-lujan-de-aldeas-infantiles-sos-argentina-impulsan-una-ingeniosa-iniciativa\/","title":{"rendered":"J\u00f3venes de la filial de Luj\u00e1n de Aldeas Infantiles SOS Argentina impulsan una ingeniosa iniciativa"},"content":{"rendered":"<p><img loading=\"lazy\" decoding=\"async\" class=\"alignnone size-full wp-image-123544\" src=\"https:\/\/noticiasmercedinas.com\/site\/wp-content\/uploads\/2023\/09\/Jovenes-de-Lujan-impulsan-una-ingeniosa-iniciativa-para-mejorar-el-barrio-2.jpg\" alt=\"\" width=\"640\" height=\"480\" srcset=\"https:\/\/noticiasmercedinas.com\/site\/wp-content\/uploads\/2023\/09\/Jovenes-de-Lujan-impulsan-una-ingeniosa-iniciativa-para-mejorar-el-barrio-2.jpg 640w, https:\/\/noticiasmercedinas.com\/site\/wp-content\/uploads\/2023\/09\/Jovenes-de-Lujan-impulsan-una-ingeniosa-iniciativa-para-mejorar-el-barrio-2-300x225.jpg 300w, https:\/\/noticiasmercedinas.com\/site\/wp-content\/uploads\/2023\/09\/Jovenes-de-Lujan-impulsan-una-ingeniosa-iniciativa-para-mejorar-el-barrio-2-80x60.jpg 80w, https:\/\/noticiasmercedinas.com\/site\/wp-content\/uploads\/2023\/09\/Jovenes-de-Lujan-impulsan-una-ingeniosa-iniciativa-para-mejorar-el-barrio-2-160x120.jpg 160w, https:\/\/noticiasmercedinas.com\/site\/wp-content\/uploads\/2023\/09\/Jovenes-de-Lujan-impulsan-una-ingeniosa-iniciativa-para-mejorar-el-barrio-2-100x75.jpg 100w, https:\/\/noticiasmercedinas.com\/site\/wp-content\/uploads\/2023\/09\/Jovenes-de-Lujan-impulsan-una-ingeniosa-iniciativa-para-mejorar-el-barrio-2-200x150.jpg 200w, https:\/\/noticiasmercedinas.com\/site\/wp-content\/uploads\/2023\/09\/Jovenes-de-Lujan-impulsan-una-ingeniosa-iniciativa-para-mejorar-el-barrio-2-180x135.jpg 180w, https:\/\/noticiasmercedinas.com\/site\/wp-content\/uploads\/2023\/09\/Jovenes-de-Lujan-impulsan-una-ingeniosa-iniciativa-para-mejorar-el-barrio-2-360x270.jpg 360w, https:\/\/noticiasmercedinas.com\/site\/wp-content\/uploads\/2023\/09\/Jovenes-de-Lujan-impulsan-una-ingeniosa-iniciativa-para-mejorar-el-barrio-2-238x178.jpg 238w, https:\/\/noticiasmercedinas.com\/site\/wp-content\/uploads\/2023\/09\/Jovenes-de-Lujan-impulsan-una-ingeniosa-iniciativa-para-mejorar-el-barrio-2-476x356.jpg 476w\" sizes=\"auto, (max-width: 640px) 100vw, 640px\" \/><\/p>\n<p>Aldeas Infantiles SOS Argentina, organizaci\u00f3n referente en atenci\u00f3n directa y personalizada a la ni\u00f1ez, anuncia con orgullo que como parte del trabajo conjunto que lleva adelante con la provincia de Buenos Aires, los j\u00f3venes de la filial de Luj\u00e1n han desarrollado una propuesta que busca recuperar la Plaza del Barrio Ameghino como punto de encuentro y recreaci\u00f3n para la comunidad.<\/p>\n<p>A partir del programa provincial Decisi\u00f3n Ni\u00f1ez y en articulaci\u00f3n con ENVI\u00d3N \u2013convenio pensado desde una perspectiva integral de derechos, para j\u00f3venes de entre 12 y 21 a\u00f1os\u2013 se propuso a los\/as adolescentes participar en una iniciativa que les brinda la oportunidad de dar forma a intereses y necesidades propias. A partir de esta posibilidad, pensaron en impulsar la revitalizaci\u00f3n de la Plaza del Barrio Ameghino.<\/p>\n<p>La idea tom\u00f3 cuerpo a partir de las demandas expresadas por los\/as j\u00f3venes que se unieron durante las recorridas y asambleas realizadas.<\/p>\n<p>La iniciativa se encuentra en competencia con otras propuestas similares de diferentes puntos de la provincia de Buenos Aires. En caso de ser seleccionada, esta propuesta se convertir\u00e1 en una realidad que beneficiar\u00e1 a toda la comunidad todos los miembros de la comunidad, priorizando las necesidades e intereses de aquellos que hacen uso del espacio.<\/p>\n<p>En Aldeas Infantiles SOS Argentina, creemos firmemente en la capacidad de los j\u00f3venes para impulsar un cambio significativo en sus comunidades. Este proyecto ejemplifica c\u00f3mo la colaboraci\u00f3n, el trabajo en equipo y el compromiso pueden generar valiosos aportes para el bienestar de la sociedad.<\/p>\n<p><img loading=\"lazy\" decoding=\"async\" class=\"alignnone size-large wp-image-123545\" src=\"https:\/\/noticiasmercedinas.com\/site\/wp-content\/uploads\/2023\/09\/Jovenes-de-Lujan-impulsan-una-ingeniosa-iniciativa-para-mejorar-el-barrio.jpg\" alt=\"\" width=\"640\" height=\"480\" srcset=\"https:\/\/noticiasmercedinas.com\/site\/wp-content\/uploads\/2023\/09\/Jovenes-de-Lujan-impulsan-una-ingeniosa-iniciativa-para-mejorar-el-barrio.jpg 640w, https:\/\/noticiasmercedinas.com\/site\/wp-content\/uploads\/2023\/09\/Jovenes-de-Lujan-impulsan-una-ingeniosa-iniciativa-para-mejorar-el-barrio-300x225.jpg 300w, https:\/\/noticiasmercedinas.com\/site\/wp-content\/uploads\/2023\/09\/Jovenes-de-Lujan-impulsan-una-ingeniosa-iniciativa-para-mejorar-el-barrio-80x60.jpg 80w, https:\/\/noticiasmercedinas.com\/site\/wp-content\/uploads\/2023\/09\/Jovenes-de-Lujan-impulsan-una-ingeniosa-iniciativa-para-mejorar-el-barrio-160x120.jpg 160w, https:\/\/noticiasmercedinas.com\/site\/wp-content\/uploads\/2023\/09\/Jovenes-de-Lujan-impulsan-una-ingeniosa-iniciativa-para-mejorar-el-barrio-100x75.jpg 100w, https:\/\/noticiasmercedinas.com\/site\/wp-content\/uploads\/2023\/09\/Jovenes-de-Lujan-impulsan-una-ingeniosa-iniciativa-para-mejorar-el-barrio-200x150.jpg 200w, https:\/\/noticiasmercedinas.com\/site\/wp-content\/uploads\/2023\/09\/Jovenes-de-Lujan-impulsan-una-ingeniosa-iniciativa-para-mejorar-el-barrio-180x135.jpg 180w, https:\/\/noticiasmercedinas.com\/site\/wp-content\/uploads\/2023\/09\/Jovenes-de-Lujan-impulsan-una-ingeniosa-iniciativa-para-mejorar-el-barrio-360x270.jpg 360w, https:\/\/noticiasmercedinas.com\/site\/wp-content\/uploads\/2023\/09\/Jovenes-de-Lujan-impulsan-una-ingeniosa-iniciativa-para-mejorar-el-barrio-238x178.jpg 238w, https:\/\/noticiasmercedinas.com\/site\/wp-content\/uploads\/2023\/09\/Jovenes-de-Lujan-impulsan-una-ingeniosa-iniciativa-para-mejorar-el-barrio-476x356.jpg 476w\" sizes=\"auto, (max-width: 640px) 100vw, 640px\" \/><\/p>\n<p><strong>Acerca de Aldeas Infantiles SOS Argentina<\/strong><\/p>\n<p>Aldeas Infantiles SOS es una organizaci\u00f3n social independiente y sin fines de lucro que trabaja hace m\u00e1s de 40 a\u00f1os en Argentina. Acompa\u00f1a a las familias para que puedan cumplir un rol protector y asegurar el ejercicio de derechos de los ni\u00f1os bajo su cuidado. Adem\u00e1s, recibe en Cuidado Alternativo a ni\u00f1os\/as privados del cuidado de sus familias y les ofrece un entorno protector y afectivo donde desarrollarse de manera integral. Actualmente m\u00e1s de 7.000 ni\u00f1os, ni\u00f1as, adolescentes, j\u00f3venes y sus familias participan de sus programas en Rosario, Mar del Plata, Ober\u00e1, Luj\u00e1n, C\u00f3rdoba, Santa Fe y CABA.<\/p>\n","protected":false},"excerpt":{"rendered":"<p>\u25a0 Para mejorar el Barrio Ameghino, se llev\u00f3 a cabo en el marco del programa provincial \u00abDecisi\u00f3n Ni\u00f1ez\u00bb y ha sido posible gracias a la colaboraci\u00f3n de ENVI\u00d3N, un convenio dise\u00f1ado desde una perspectiva integral de derechos para j\u00f3venes de entre 12 y 21 a\u00f1os.<\/p>\n","protected":false},"author":16,"featured_media":123544,"comment_status":"closed","ping_status":"closed","sticky":false,"template":"","format":"standard","meta":{"footnotes":""},"categories":[139],"tags":[6785,40],"class_list":["post-123543","post","type-post","status-publish","format-standard","has-post-thumbnail","hentry","category-regionales","tag-aldeas-infantiles-sos-argentina","tag-lujan"],"yoast_head":"<!-- This site is optimized with the Yoast SEO plugin v27.4 - https:\/\/yoast.com\/product\/yoast-seo-wordpress\/ -->\n<title>J\u00f3venes de la filial de Luj\u00e1n de Aldeas Infantiles SOS Argentina impulsan una ingeniosa iniciativa<\/title>\n<meta name=\"robots\" content=\"index, follow, max-snippet:-1, max-image-preview:large, max-video-preview:-1\" \/>\n<link rel=\"canonical\" href=\"https:\/\/noticiasmercedinas.com\/site\/2023\/09\/26\/jovenes-de-la-filial-de-lujan-de-aldeas-infantiles-sos-argentina-impulsan-una-ingeniosa-iniciativa\/\" \/>\n<meta property=\"og:locale\" content=\"es_ES\" \/>\n<meta property=\"og:type\" content=\"article\" \/>\n<meta property=\"og:title\" content=\"J\u00f3venes de la filial de Luj\u00e1n de Aldeas Infantiles SOS Argentina impulsan una ingeniosa iniciativa\" \/>\n<meta property=\"og:description\" content=\"\u25a0 Para mejorar el Barrio Ameghino, se llev\u00f3 a cabo en el marco del programa provincial &quot;Decisi\u00f3n Ni\u00f1ez&quot; y ha sido posible gracias a la colaboraci\u00f3n de ENVI\u00d3N, un convenio dise\u00f1ado desde una perspectiva integral de derechos para j\u00f3venes de entre 12 y 21 a\u00f1os.\" \/>\n<meta property=\"og:url\" content=\"https:\/\/noticiasmercedinas.com\/site\/2023\/09\/26\/jovenes-de-la-filial-de-lujan-de-aldeas-infantiles-sos-argentina-impulsan-una-ingeniosa-iniciativa\/\" \/>\n<meta property=\"og:site_name\" content=\"NOTICIASMERCEDINAS.COM\" \/>\n<meta property=\"article:publisher\" content=\"https:\/\/www.facebook.com\/noticiasmercedinas\/\" \/>\n<meta property=\"article:published_time\" content=\"2023-09-26T12:59:23+00:00\" \/>\n<meta property=\"og:image\" content=\"https:\/\/noticiasmercedinas.com\/site\/wp-content\/uploads\/2023\/09\/Jovenes-de-Lujan-impulsan-una-ingeniosa-iniciativa-para-mejorar-el-barrio-2.jpg\" \/>\n\t<meta property=\"og:image:width\" content=\"640\" \/>\n\t<meta property=\"og:image:height\" content=\"480\" \/>\n\t<meta property=\"og:image:type\" content=\"image\/jpeg\" \/>\n<meta name=\"author\" content=\"NOTICIASMERCEDINAS.COM\" \/>\n<meta name=\"twitter:card\" content=\"summary_large_image\" \/>\n<meta name=\"twitter:creator\" content=\"@notmercedinas\" \/>\n<meta name=\"twitter:site\" content=\"@notmercedinas\" \/>\n<meta name=\"twitter:label1\" content=\"Escrito por\" \/>\n\t<meta name=\"twitter:data1\" content=\"NOTICIASMERCEDINAS.COM\" \/>\n\t<meta name=\"twitter:label2\" content=\"Tiempo de lectura\" \/>\n\t<meta name=\"twitter:data2\" content=\"3 minutos\" \/>\n<script type=\"application\/ld+json\" class=\"yoast-schema-graph\">{\"@context\":\"https:\\\/\\\/schema.org\",\"@graph\":[{\"@type\":\"Article\",\"@id\":\"https:\\\/\\\/noticiasmercedinas.com\\\/site\\\/2023\\\/09\\\/26\\\/jovenes-de-la-filial-de-lujan-de-aldeas-infantiles-sos-argentina-impulsan-una-ingeniosa-iniciativa\\\/#article\",\"isPartOf\":{\"@id\":\"https:\\\/\\\/noticiasmercedinas.com\\\/site\\\/2023\\\/09\\\/26\\\/jovenes-de-la-filial-de-lujan-de-aldeas-infantiles-sos-argentina-impulsan-una-ingeniosa-iniciativa\\\/\"},\"author\":{\"name\":\"NOTICIASMERCEDINAS.COM\",\"@id\":\"https:\\\/\\\/noticiasmercedinas.com\\\/site\\\/#\\\/schema\\\/person\\\/84b59c099c28ff2e8b77d4ceec5d8063\"},\"headline\":\"J\u00f3venes de la filial de Luj\u00e1n de Aldeas Infantiles SOS Argentina impulsan una ingeniosa iniciativa\",\"datePublished\":\"2023-09-26T12:59:23+00:00\",\"mainEntityOfPage\":{\"@id\":\"https:\\\/\\\/noticiasmercedinas.com\\\/site\\\/2023\\\/09\\\/26\\\/jovenes-de-la-filial-de-lujan-de-aldeas-infantiles-sos-argentina-impulsan-una-ingeniosa-iniciativa\\\/\"},\"wordCount\":397,\"publisher\":{\"@id\":\"https:\\\/\\\/noticiasmercedinas.com\\\/site\\\/#organization\"},\"image\":{\"@id\":\"https:\\\/\\\/noticiasmercedinas.com\\\/site\\\/2023\\\/09\\\/26\\\/jovenes-de-la-filial-de-lujan-de-aldeas-infantiles-sos-argentina-impulsan-una-ingeniosa-iniciativa\\\/#primaryimage\"},\"thumbnailUrl\":\"https:\\\/\\\/noticiasmercedinas.com\\\/site\\\/wp-content\\\/uploads\\\/2023\\\/09\\\/Jovenes-de-Lujan-impulsan-una-ingeniosa-iniciativa-para-mejorar-el-barrio-2.jpg\",\"keywords\":[\"Aldeas Infantiles SOS Argentina\",\"lujan\"],\"articleSection\":[\"Regionales\"],\"inLanguage\":\"es\"},{\"@type\":\"WebPage\",\"@id\":\"https:\\\/\\\/noticiasmercedinas.com\\\/site\\\/2023\\\/09\\\/26\\\/jovenes-de-la-filial-de-lujan-de-aldeas-infantiles-sos-argentina-impulsan-una-ingeniosa-iniciativa\\\/\",\"url\":\"https:\\\/\\\/noticiasmercedinas.com\\\/site\\\/2023\\\/09\\\/26\\\/jovenes-de-la-filial-de-lujan-de-aldeas-infantiles-sos-argentina-impulsan-una-ingeniosa-iniciativa\\\/\",\"name\":\"J\u00f3venes de la filial de Luj\u00e1n de Aldeas Infantiles SOS Argentina impulsan una ingeniosa iniciativa\",\"isPartOf\":{\"@id\":\"https:\\\/\\\/noticiasmercedinas.com\\\/site\\\/#website\"},\"primaryImageOfPage\":{\"@id\":\"https:\\\/\\\/noticiasmercedinas.com\\\/site\\\/2023\\\/09\\\/26\\\/jovenes-de-la-filial-de-lujan-de-aldeas-infantiles-sos-argentina-impulsan-una-ingeniosa-iniciativa\\\/#primaryimage\"},\"image\":{\"@id\":\"https:\\\/\\\/noticiasmercedinas.com\\\/site\\\/2023\\\/09\\\/26\\\/jovenes-de-la-filial-de-lujan-de-aldeas-infantiles-sos-argentina-impulsan-una-ingeniosa-iniciativa\\\/#primaryimage\"},\"thumbnailUrl\":\"https:\\\/\\\/noticiasmercedinas.com\\\/site\\\/wp-content\\\/uploads\\\/2023\\\/09\\\/Jovenes-de-Lujan-impulsan-una-ingeniosa-iniciativa-para-mejorar-el-barrio-2.jpg\",\"datePublished\":\"2023-09-26T12:59:23+00:00\",\"breadcrumb\":{\"@id\":\"https:\\\/\\\/noticiasmercedinas.com\\\/site\\\/2023\\\/09\\\/26\\\/jovenes-de-la-filial-de-lujan-de-aldeas-infantiles-sos-argentina-impulsan-una-ingeniosa-iniciativa\\\/#breadcrumb\"},\"inLanguage\":\"es\",\"potentialAction\":[{\"@type\":\"ReadAction\",\"target\":[\"https:\\\/\\\/noticiasmercedinas.com\\\/site\\\/2023\\\/09\\\/26\\\/jovenes-de-la-filial-de-lujan-de-aldeas-infantiles-sos-argentina-impulsan-una-ingeniosa-iniciativa\\\/\"]}]},{\"@type\":\"ImageObject\",\"inLanguage\":\"es\",\"@id\":\"https:\\\/\\\/noticiasmercedinas.com\\\/site\\\/2023\\\/09\\\/26\\\/jovenes-de-la-filial-de-lujan-de-aldeas-infantiles-sos-argentina-impulsan-una-ingeniosa-iniciativa\\\/#primaryimage\",\"url\":\"https:\\\/\\\/noticiasmercedinas.com\\\/site\\\/wp-content\\\/uploads\\\/2023\\\/09\\\/Jovenes-de-Lujan-impulsan-una-ingeniosa-iniciativa-para-mejorar-el-barrio-2.jpg\",\"contentUrl\":\"https:\\\/\\\/noticiasmercedinas.com\\\/site\\\/wp-content\\\/uploads\\\/2023\\\/09\\\/Jovenes-de-Lujan-impulsan-una-ingeniosa-iniciativa-para-mejorar-el-barrio-2.jpg\",\"width\":640,\"height\":480},{\"@type\":\"BreadcrumbList\",\"@id\":\"https:\\\/\\\/noticiasmercedinas.com\\\/site\\\/2023\\\/09\\\/26\\\/jovenes-de-la-filial-de-lujan-de-aldeas-infantiles-sos-argentina-impulsan-una-ingeniosa-iniciativa\\\/#breadcrumb\",\"itemListElement\":[{\"@type\":\"ListItem\",\"position\":1,\"name\":\"Portada\",\"item\":\"https:\\\/\\\/noticiasmercedinas.com\\\/site\\\/\"},{\"@type\":\"ListItem\",\"position\":2,\"name\":\"J\u00f3venes de la filial de Luj\u00e1n de Aldeas Infantiles SOS Argentina impulsan una ingeniosa iniciativa\"}]},{\"@type\":\"WebSite\",\"@id\":\"https:\\\/\\\/noticiasmercedinas.com\\\/site\\\/#website\",\"url\":\"https:\\\/\\\/noticiasmercedinas.com\\\/site\\\/\",\"name\":\"NOTICIASMERCEDINAS.COM\",\"description\":\"Mercedes, Buenos Aires, Argentina\",\"publisher\":{\"@id\":\"https:\\\/\\\/noticiasmercedinas.com\\\/site\\\/#organization\"},\"potentialAction\":[{\"@type\":\"SearchAction\",\"target\":{\"@type\":\"EntryPoint\",\"urlTemplate\":\"https:\\\/\\\/noticiasmercedinas.com\\\/site\\\/?s={search_term_string}\"},\"query-input\":{\"@type\":\"PropertyValueSpecification\",\"valueRequired\":true,\"valueName\":\"search_term_string\"}}],\"inLanguage\":\"es\"},{\"@type\":\"Organization\",\"@id\":\"https:\\\/\\\/noticiasmercedinas.com\\\/site\\\/#organization\",\"name\":\"NOTICIASMERCEDINAS.COM\",\"url\":\"https:\\\/\\\/noticiasmercedinas.com\\\/site\\\/\",\"logo\":{\"@type\":\"ImageObject\",\"inLanguage\":\"es\",\"@id\":\"https:\\\/\\\/noticiasmercedinas.com\\\/site\\\/#\\\/schema\\\/logo\\\/image\\\/\",\"url\":\"https:\\\/\\\/noticiasmercedinas.com\\\/site\\\/wp-content\\\/uploads\\\/2020\\\/06\\\/LOGO-512.jpg\",\"contentUrl\":\"https:\\\/\\\/noticiasmercedinas.com\\\/site\\\/wp-content\\\/uploads\\\/2020\\\/06\\\/LOGO-512.jpg\",\"width\":512,\"height\":512,\"caption\":\"NOTICIASMERCEDINAS.COM\"},\"image\":{\"@id\":\"https:\\\/\\\/noticiasmercedinas.com\\\/site\\\/#\\\/schema\\\/logo\\\/image\\\/\"},\"sameAs\":[\"https:\\\/\\\/www.facebook.com\\\/noticiasmercedinas\\\/\",\"https:\\\/\\\/x.com\\\/notmercedinas\",\"https:\\\/\\\/www.instagram.com\\\/noticiasmercedinas\\\/\"]},{\"@type\":\"Person\",\"@id\":\"https:\\\/\\\/noticiasmercedinas.com\\\/site\\\/#\\\/schema\\\/person\\\/84b59c099c28ff2e8b77d4ceec5d8063\",\"name\":\"NOTICIASMERCEDINAS.COM\",\"image\":{\"@type\":\"ImageObject\",\"inLanguage\":\"es\",\"@id\":\"https:\\\/\\\/secure.gravatar.com\\\/avatar\\\/4dfbf16b4d17945bfb6341b2d19043457132fcf478a5ee04f42e959fd8f5df0a?s=96&d=mm&r=g\",\"url\":\"https:\\\/\\\/secure.gravatar.com\\\/avatar\\\/4dfbf16b4d17945bfb6341b2d19043457132fcf478a5ee04f42e959fd8f5df0a?s=96&d=mm&r=g\",\"contentUrl\":\"https:\\\/\\\/secure.gravatar.com\\\/avatar\\\/4dfbf16b4d17945bfb6341b2d19043457132fcf478a5ee04f42e959fd8f5df0a?s=96&d=mm&r=g\",\"caption\":\"NOTICIASMERCEDINAS.COM\"},\"url\":\"https:\\\/\\\/noticiasmercedinas.com\\\/site\\\/author\\\/anonimo\\\/\"}]}<\/script>\n<!-- \/ Yoast SEO plugin. -->","yoast_head_json":{"title":"J\u00f3venes de la filial de Luj\u00e1n de Aldeas Infantiles SOS Argentina impulsan una ingeniosa iniciativa","robots":{"index":"index","follow":"follow","max-snippet":"max-snippet:-1","max-image-preview":"max-image-preview:large","max-video-preview":"max-video-preview:-1"},"canonical":"https:\/\/noticiasmercedinas.com\/site\/2023\/09\/26\/jovenes-de-la-filial-de-lujan-de-aldeas-infantiles-sos-argentina-impulsan-una-ingeniosa-iniciativa\/","og_locale":"es_ES","og_type":"article","og_title":"J\u00f3venes de la filial de Luj\u00e1n de Aldeas Infantiles SOS Argentina impulsan una ingeniosa iniciativa","og_description":"\u25a0 Para mejorar el Barrio Ameghino, se llev\u00f3 a cabo en el marco del programa provincial \"Decisi\u00f3n Ni\u00f1ez\" y ha sido posible gracias a la colaboraci\u00f3n de ENVI\u00d3N, un convenio dise\u00f1ado desde una perspectiva integral de derechos para j\u00f3venes de entre 12 y 21 a\u00f1os.","og_url":"https:\/\/noticiasmercedinas.com\/site\/2023\/09\/26\/jovenes-de-la-filial-de-lujan-de-aldeas-infantiles-sos-argentina-impulsan-una-ingeniosa-iniciativa\/","og_site_name":"NOTICIASMERCEDINAS.COM","article_publisher":"https:\/\/www.facebook.com\/noticiasmercedinas\/","article_published_time":"2023-09-26T12:59:23+00:00","og_image":[{"width":640,"height":480,"url":"https:\/\/noticiasmercedinas.com\/site\/wp-content\/uploads\/2023\/09\/Jovenes-de-Lujan-impulsan-una-ingeniosa-iniciativa-para-mejorar-el-barrio-2.jpg","type":"image\/jpeg"}],"author":"NOTICIASMERCEDINAS.COM","twitter_card":"summary_large_image","twitter_creator":"@notmercedinas","twitter_site":"@notmercedinas","twitter_misc":{"Escrito por":"NOTICIASMERCEDINAS.COM","Tiempo de lectura":"3 minutos"},"schema":{"@context":"https:\/\/schema.org","@graph":[{"@type":"Article","@id":"https:\/\/noticiasmercedinas.com\/site\/2023\/09\/26\/jovenes-de-la-filial-de-lujan-de-aldeas-infantiles-sos-argentina-impulsan-una-ingeniosa-iniciativa\/#article","isPartOf":{"@id":"https:\/\/noticiasmercedinas.com\/site\/2023\/09\/26\/jovenes-de-la-filial-de-lujan-de-aldeas-infantiles-sos-argentina-impulsan-una-ingeniosa-iniciativa\/"},"author":{"name":"NOTICIASMERCEDINAS.COM","@id":"https:\/\/noticiasmercedinas.com\/site\/#\/schema\/person\/84b59c099c28ff2e8b77d4ceec5d8063"},"headline":"J\u00f3venes de la filial de Luj\u00e1n de Aldeas Infantiles SOS Argentina impulsan una ingeniosa iniciativa","datePublished":"2023-09-26T12:59:23+00:00","mainEntityOfPage":{"@id":"https:\/\/noticiasmercedinas.com\/site\/2023\/09\/26\/jovenes-de-la-filial-de-lujan-de-aldeas-infantiles-sos-argentina-impulsan-una-ingeniosa-iniciativa\/"},"wordCount":397,"publisher":{"@id":"https:\/\/noticiasmercedinas.com\/site\/#organization"},"image":{"@id":"https:\/\/noticiasmercedinas.com\/site\/2023\/09\/26\/jovenes-de-la-filial-de-lujan-de-aldeas-infantiles-sos-argentina-impulsan-una-ingeniosa-iniciativa\/#primaryimage"},"thumbnailUrl":"https:\/\/noticiasmercedinas.com\/site\/wp-content\/uploads\/2023\/09\/Jovenes-de-Lujan-impulsan-una-ingeniosa-iniciativa-para-mejorar-el-barrio-2.jpg","keywords":["Aldeas Infantiles SOS Argentina","lujan"],"articleSection":["Regionales"],"inLanguage":"es"},{"@type":"WebPage","@id":"https:\/\/noticiasmercedinas.com\/site\/2023\/09\/26\/jovenes-de-la-filial-de-lujan-de-aldeas-infantiles-sos-argentina-impulsan-una-ingeniosa-iniciativa\/","url":"https:\/\/noticiasmercedinas.com\/site\/2023\/09\/26\/jovenes-de-la-filial-de-lujan-de-aldeas-infantiles-sos-argentina-impulsan-una-ingeniosa-iniciativa\/","name":"J\u00f3venes de la filial de Luj\u00e1n de Aldeas Infantiles SOS Argentina impulsan una ingeniosa iniciativa","isPartOf":{"@id":"https:\/\/noticiasmercedinas.com\/site\/#website"},"primaryImageOfPage":{"@id":"https:\/\/noticiasmercedinas.com\/site\/2023\/09\/26\/jovenes-de-la-filial-de-lujan-de-aldeas-infantiles-sos-argentina-impulsan-una-ingeniosa-iniciativa\/#primaryimage"},"image":{"@id":"https:\/\/noticiasmercedinas.com\/site\/2023\/09\/26\/jovenes-de-la-filial-de-lujan-de-aldeas-infantiles-sos-argentina-impulsan-una-ingeniosa-iniciativa\/#primaryimage"},"thumbnailUrl":"https:\/\/noticiasmercedinas.com\/site\/wp-content\/uploads\/2023\/09\/Jovenes-de-Lujan-impulsan-una-ingeniosa-iniciativa-para-mejorar-el-barrio-2.jpg","datePublished":"2023-09-26T12:59:23+00:00","breadcrumb":{"@id":"https:\/\/noticiasmercedinas.com\/site\/2023\/09\/26\/jovenes-de-la-filial-de-lujan-de-aldeas-infantiles-sos-argentina-impulsan-una-ingeniosa-iniciativa\/#breadcrumb"},"inLanguage":"es","potentialAction":[{"@type":"ReadAction","target":["https:\/\/noticiasmercedinas.com\/site\/2023\/09\/26\/jovenes-de-la-filial-de-lujan-de-aldeas-infantiles-sos-argentina-impulsan-una-ingeniosa-iniciativa\/"]}]},{"@type":"ImageObject","inLanguage":"es","@id":"https:\/\/noticiasmercedinas.com\/site\/2023\/09\/26\/jovenes-de-la-filial-de-lujan-de-aldeas-infantiles-sos-argentina-impulsan-una-ingeniosa-iniciativa\/#primaryimage","url":"https:\/\/noticiasmercedinas.com\/site\/wp-content\/uploads\/2023\/09\/Jovenes-de-Lujan-impulsan-una-ingeniosa-iniciativa-para-mejorar-el-barrio-2.jpg","contentUrl":"https:\/\/noticiasmercedinas.com\/site\/wp-content\/uploads\/2023\/09\/Jovenes-de-Lujan-impulsan-una-ingeniosa-iniciativa-para-mejorar-el-barrio-2.jpg","width":640,"height":480},{"@type":"BreadcrumbList","@id":"https:\/\/noticiasmercedinas.com\/site\/2023\/09\/26\/jovenes-de-la-filial-de-lujan-de-aldeas-infantiles-sos-argentina-impulsan-una-ingeniosa-iniciativa\/#breadcrumb","itemListElement":[{"@type":"ListItem","position":1,"name":"Portada","item":"https:\/\/noticiasmercedinas.com\/site\/"},{"@type":"ListItem","position":2,"name":"J\u00f3venes de la filial de Luj\u00e1n de Aldeas Infantiles SOS Argentina impulsan una ingeniosa iniciativa"}]},{"@type":"WebSite","@id":"https:\/\/noticiasmercedinas.com\/site\/#website","url":"https:\/\/noticiasmercedinas.com\/site\/","name":"NOTICIASMERCEDINAS.COM","description":"Mercedes, Buenos Aires, Argentina","publisher":{"@id":"https:\/\/noticiasmercedinas.com\/site\/#organization"},"potentialAction":[{"@type":"SearchAction","target":{"@type":"EntryPoint","urlTemplate":"https:\/\/noticiasmercedinas.com\/site\/?s={search_term_string}"},"query-input":{"@type":"PropertyValueSpecification","valueRequired":true,"valueName":"search_term_string"}}],"inLanguage":"es"},{"@type":"Organization","@id":"https:\/\/noticiasmercedinas.com\/site\/#organization","name":"NOTICIASMERCEDINAS.COM","url":"https:\/\/noticiasmercedinas.com\/site\/","logo":{"@type":"ImageObject","inLanguage":"es","@id":"https:\/\/noticiasmercedinas.com\/site\/#\/schema\/logo\/image\/","url":"https:\/\/noticiasmercedinas.com\/site\/wp-content\/uploads\/2020\/06\/LOGO-512.jpg","contentUrl":"https:\/\/noticiasmercedinas.com\/site\/wp-content\/uploads\/2020\/06\/LOGO-512.jpg","width":512,"height":512,"caption":"NOTICIASMERCEDINAS.COM"},"image":{"@id":"https:\/\/noticiasmercedinas.com\/site\/#\/schema\/logo\/image\/"},"sameAs":["https:\/\/www.facebook.com\/noticiasmercedinas\/","https:\/\/x.com\/notmercedinas","https:\/\/www.instagram.com\/noticiasmercedinas\/"]},{"@type":"Person","@id":"https:\/\/noticiasmercedinas.com\/site\/#\/schema\/person\/84b59c099c28ff2e8b77d4ceec5d8063","name":"NOTICIASMERCEDINAS.COM","image":{"@type":"ImageObject","inLanguage":"es","@id":"https:\/\/secure.gravatar.com\/avatar\/4dfbf16b4d17945bfb6341b2d19043457132fcf478a5ee04f42e959fd8f5df0a?s=96&d=mm&r=g","url":"https:\/\/secure.gravatar.com\/avatar\/4dfbf16b4d17945bfb6341b2d19043457132fcf478a5ee04f42e959fd8f5df0a?s=96&d=mm&r=g","contentUrl":"https:\/\/secure.gravatar.com\/avatar\/4dfbf16b4d17945bfb6341b2d19043457132fcf478a5ee04f42e959fd8f5df0a?s=96&d=mm&r=g","caption":"NOTICIASMERCEDINAS.COM"},"url":"https:\/\/noticiasmercedinas.com\/site\/author\/anonimo\/"}]}},"amp_enabled":true,"_links":{"self":[{"href":"https:\/\/noticiasmercedinas.com\/site\/wp-json\/wp\/v2\/posts\/123543","targetHints":{"allow":["GET"]}}],"collection":[{"href":"https:\/\/noticiasmercedinas.com\/site\/wp-json\/wp\/v2\/posts"}],"about":[{"href":"https:\/\/noticiasmercedinas.com\/site\/wp-json\/wp\/v2\/types\/post"}],"author":[{"embeddable":true,"href":"https:\/\/noticiasmercedinas.com\/site\/wp-json\/wp\/v2\/users\/16"}],"replies":[{"embeddable":true,"href":"https:\/\/noticiasmercedinas.com\/site\/wp-json\/wp\/v2\/comments?post=123543"}],"version-history":[{"count":1,"href":"https:\/\/noticiasmercedinas.com\/site\/wp-json\/wp\/v2\/posts\/123543\/revisions"}],"predecessor-version":[{"id":123546,"href":"https:\/\/noticiasmercedinas.com\/site\/wp-json\/wp\/v2\/posts\/123543\/revisions\/123546"}],"wp:featuredmedia":[{"embeddable":true,"href":"https:\/\/noticiasmercedinas.com\/site\/wp-json\/wp\/v2\/media\/123544"}],"wp:attachment":[{"href":"https:\/\/noticiasmercedinas.com\/site\/wp-json\/wp\/v2\/media?parent=123543"}],"wp:term":[{"taxonomy":"category","embeddable":true,"href":"https:\/\/noticiasmercedinas.com\/site\/wp-json\/wp\/v2\/categories?post=123543"},{"taxonomy":"post_tag","embeddable":true,"href":"https:\/\/noticiasmercedinas.com\/site\/wp-json\/wp\/v2\/tags?post=123543"}],"curies":[{"name":"wp","href":"https:\/\/api.w.org\/{rel}","templated":true}]}}