{"id":123677,"date":"2023-09-27T21:15:51","date_gmt":"2023-09-28T00:15:51","guid":{"rendered":"https:\/\/noticiasmercedinas.com\/site\/?p=123677"},"modified":"2023-09-27T21:47:19","modified_gmt":"2023-09-28T00:47:19","slug":"una-nueva-linea-de-colectivos-conectara-mercedes-con-lujan","status":"publish","type":"post","link":"https:\/\/noticiasmercedinas.com\/site\/2023\/09\/27\/una-nueva-linea-de-colectivos-conectara-mercedes-con-lujan\/","title":{"rendered":"Una nueva l\u00ednea de colectivos conectar\u00e1 Mercedes con Luj\u00e1n"},"content":{"rendered":"<p><img loading=\"lazy\" decoding=\"async\" class=\"alignnone size-full wp-image-123678\" src=\"https:\/\/noticiasmercedinas.com\/site\/wp-content\/uploads\/2023\/09\/NuevaLinea-1.jpg\" alt=\"\" width=\"640\" height=\"427\" srcset=\"https:\/\/noticiasmercedinas.com\/site\/wp-content\/uploads\/2023\/09\/NuevaLinea-1.jpg 640w, https:\/\/noticiasmercedinas.com\/site\/wp-content\/uploads\/2023\/09\/NuevaLinea-1-300x200.jpg 300w\" sizes=\"auto, (max-width: 640px) 100vw, 640px\" \/><\/p>\n<p>En una importante revelaci\u00f3n, el intendente de Mercedes, Juan Ignacio Ustarroz, junto al Ministro de Transporte Bonaerense, Jorge D&#8217;Onofrio, anunciaron la puesta en marcha de una esperada l\u00ednea de colectivos que conectar\u00e1 las ciudades de Mercedes y Luj\u00e1n.<\/p>\n<p>Esta noticia fue presentada con entusiasmo ante la comunidad, con la presencia del intendente de Luj\u00e1n, Leo Boto.<\/p>\n<p>El intendente Ustarroz expres\u00f3 su agradecimiento al Ministro D&#8217;Onofrio por el apoyo a la iniciativa, destacando que estas visitas gubernamentales aportan recursos y servicios esenciales. Se espera que esta nueva l\u00ednea de colectivos sea de gran beneficio para los ciudadanos de ambas ciudades.<\/p>\n<p>Ustarroz enfatiz\u00f3 el importante rol del Estado y su colaboraci\u00f3n con el sector privado para ofrecer este servicio vital que conectar\u00e1 a las comunidades. Subray\u00f3 la importancia de la colaboraci\u00f3n p\u00fablico-privada en el desarrollo y crecimiento de la regi\u00f3n.<\/p>\n<p><strong>Pases Multimodales e inversi\u00f3n en Seguridad Vial<\/strong><br \/>\nEn un gesto adicional hacia los residentes, se entregaron pases multimodales para facilitar el acceso al transporte. Adem\u00e1s, se firm\u00f3 un convenio para una inversi\u00f3n significativa de 20 millones de pesos destinados a la mejora de la infraestructura de seguridad vial en la zona.<\/p>\n<p>El Ministro D&#8217;Onofrio elogi\u00f3 el compromiso del Gobernador Axel Kicillof, el Gobierno Nacional y los municipios de Mercedes y Luj\u00e1n en la creaci\u00f3n de esta nueva l\u00ednea de colectivos. Destac\u00f3 la importancia de este servicio diario que unir\u00e1 a las dos ciudades, mejorando la conectividad de la regi\u00f3n.<\/p>\n<p>El intendente de Luj\u00e1n, Leonardo Boto, comparti\u00f3 su entusiasmo por la cooperaci\u00f3n entre ambas ciudades y expres\u00f3 su esperanza de que este servicio fomente el crecimiento de las comunidades vecinas.<\/p>\n<p>Andr\u00e9s Mayer, representante de Transporte 11 de junio S.R.L, agradeci\u00f3 a las autoridades y a la comunidad por hacer posible este logro hist\u00f3rico. Destac\u00f3 que, gracias a las gestiones entre funcionarios provinciales e intendentes, su empresa ahora llega a Mercedes, uniendo las dos ciudades.<\/p>\n<p>La nueva l\u00ednea de colectivos ofrecer\u00e1 una serie de beneficios:<\/p>\n<p>&#8211; Mayor conectividad de transporte entre los partidos de Luj\u00e1n y Mercedes.<br \/>\n&#8211; Servicio de transporte con c\u00e1maras de seguridad para garantizar la seguridad de los usuarios.<br \/>\n&#8211; Frecuencias dise\u00f1adas para facilitar la transferencia con el servicio de Trenes Argentinos (SOFSE) &#8211; L\u00ednea Sarmiento.<br \/>\n&#8211; Implementaci\u00f3n de Sistema de Boleto Electr\u00f3nico (S.U.B.E.) para tarifas subsidiadas.<br \/>\n&#8211; Oferta de servicio para 940 estudiantes con domicilio en Mercedes y estudios en la Universidad Nacional de Luj\u00e1n (UNLu).<\/p>\n<p>Se prev\u00e9 que la nueva l\u00ednea de colectivos est\u00e9 completamente operativa en octubre, ofreciendo viajes entre Mercedes y Luj\u00e1n, con parada en Goldney. Esta conexi\u00f3n era una solicitud largamente esperada en la zona, especialmente por estudiantes, docentes y residentes que buscan una alternativa de viaje, especialmente durante las horas de mayor demanda.<\/p>\n<p><img loading=\"lazy\" decoding=\"async\" class=\"alignnone size-large wp-image-123681\" src=\"https:\/\/noticiasmercedinas.com\/site\/wp-content\/uploads\/2023\/09\/IMG-20230927-WA0025-1024x576.jpg\" alt=\"\" width=\"640\" height=\"360\" srcset=\"https:\/\/noticiasmercedinas.com\/site\/wp-content\/uploads\/2023\/09\/IMG-20230927-WA0025-1024x576.jpg 1024w, https:\/\/noticiasmercedinas.com\/site\/wp-content\/uploads\/2023\/09\/IMG-20230927-WA0025-300x169.jpg 300w, https:\/\/noticiasmercedinas.com\/site\/wp-content\/uploads\/2023\/09\/IMG-20230927-WA0025-768x432.jpg 768w, https:\/\/noticiasmercedinas.com\/site\/wp-content\/uploads\/2023\/09\/IMG-20230927-WA0025-1536x864.jpg 1536w, https:\/\/noticiasmercedinas.com\/site\/wp-content\/uploads\/2023\/09\/IMG-20230927-WA0025-640x360.jpg 640w, https:\/\/noticiasmercedinas.com\/site\/wp-content\/uploads\/2023\/09\/IMG-20230927-WA0025-1280x720.jpg 1280w, https:\/\/noticiasmercedinas.com\/site\/wp-content\/uploads\/2023\/09\/IMG-20230927-WA0025-681x383.jpg 681w, https:\/\/noticiasmercedinas.com\/site\/wp-content\/uploads\/2023\/09\/IMG-20230927-WA0025-1362x766.jpg 1362w, https:\/\/noticiasmercedinas.com\/site\/wp-content\/uploads\/2023\/09\/IMG-20230927-WA0025.jpg 1599w\" sizes=\"auto, (max-width: 640px) 100vw, 640px\" \/><\/p>\n","protected":false},"excerpt":{"rendered":"<p>\u25a0 Se prev\u00e9 que la nueva l\u00ednea de colectivos est\u00e9 completamente operativa en octubre, ofreciendo viajes entre Mercedes y Luj\u00e1n, con parada en Goldney. Estuvo el ministro D&#8217;Onofrio<\/p>\n","protected":false},"author":16,"featured_media":123678,"comment_status":"closed","ping_status":"closed","sticky":false,"template":"","format":"standard","meta":{"footnotes":""},"categories":[3],"tags":[40,23,1717,5772],"class_list":["post-123677","post","type-post","status-publish","format-standard","has-post-thumbnail","hentry","category-sociedad","tag-lujan","tag-mercedes","tag-micros","tag-ministerio-de-transporte"],"yoast_head":"<!-- This site is optimized with the Yoast SEO plugin v27.5 - https:\/\/yoast.com\/product\/yoast-seo-wordpress\/ -->\n<title>Una nueva l\u00ednea de colectivos conectar\u00e1 Mercedes con Luj\u00e1n<\/title>\n<meta name=\"robots\" content=\"index, follow, max-snippet:-1, max-image-preview:large, max-video-preview:-1\" \/>\n<link rel=\"canonical\" href=\"https:\/\/noticiasmercedinas.com\/site\/2023\/09\/27\/una-nueva-linea-de-colectivos-conectara-mercedes-con-lujan\/\" \/>\n<meta property=\"og:locale\" content=\"es_ES\" \/>\n<meta property=\"og:type\" content=\"article\" \/>\n<meta property=\"og:title\" content=\"Una nueva l\u00ednea de colectivos conectar\u00e1 Mercedes con Luj\u00e1n\" \/>\n<meta property=\"og:description\" content=\"\u25a0 Se prev\u00e9 que la nueva l\u00ednea de colectivos est\u00e9 completamente operativa en octubre, ofreciendo viajes entre Mercedes y Luj\u00e1n, con parada en Goldney. Estuvo el ministro D&#039;Onofrio\" \/>\n<meta property=\"og:url\" content=\"https:\/\/noticiasmercedinas.com\/site\/2023\/09\/27\/una-nueva-linea-de-colectivos-conectara-mercedes-con-lujan\/\" \/>\n<meta property=\"og:site_name\" content=\"NOTICIASMERCEDINAS.COM\" \/>\n<meta property=\"article:publisher\" content=\"https:\/\/www.facebook.com\/noticiasmercedinas\/\" \/>\n<meta property=\"article:published_time\" content=\"2023-09-28T00:15:51+00:00\" \/>\n<meta property=\"article:modified_time\" content=\"2023-09-28T00:47:19+00:00\" \/>\n<meta property=\"og:image\" content=\"https:\/\/noticiasmercedinas.com\/site\/wp-content\/uploads\/2023\/09\/NuevaLinea-1.jpg\" \/>\n\t<meta property=\"og:image:width\" content=\"640\" \/>\n\t<meta property=\"og:image:height\" content=\"427\" \/>\n\t<meta property=\"og:image:type\" content=\"image\/jpeg\" \/>\n<meta name=\"author\" content=\"NOTICIASMERCEDINAS.COM\" \/>\n<meta name=\"twitter:card\" content=\"summary_large_image\" \/>\n<meta name=\"twitter:creator\" content=\"@notmercedinas\" \/>\n<meta name=\"twitter:site\" content=\"@notmercedinas\" \/>\n<meta name=\"twitter:label1\" content=\"Escrito por\" \/>\n\t<meta name=\"twitter:data1\" content=\"NOTICIASMERCEDINAS.COM\" \/>\n\t<meta name=\"twitter:label2\" content=\"Tiempo de lectura\" \/>\n\t<meta name=\"twitter:data2\" content=\"3 minutos\" \/>\n<script type=\"application\/ld+json\" class=\"yoast-schema-graph\">{\"@context\":\"https:\\\/\\\/schema.org\",\"@graph\":[{\"@type\":\"Article\",\"@id\":\"https:\\\/\\\/noticiasmercedinas.com\\\/site\\\/2023\\\/09\\\/27\\\/una-nueva-linea-de-colectivos-conectara-mercedes-con-lujan\\\/#article\",\"isPartOf\":{\"@id\":\"https:\\\/\\\/noticiasmercedinas.com\\\/site\\\/2023\\\/09\\\/27\\\/una-nueva-linea-de-colectivos-conectara-mercedes-con-lujan\\\/\"},\"author\":{\"name\":\"NOTICIASMERCEDINAS.COM\",\"@id\":\"https:\\\/\\\/noticiasmercedinas.com\\\/site\\\/#\\\/schema\\\/person\\\/84b59c099c28ff2e8b77d4ceec5d8063\"},\"headline\":\"Una nueva l\u00ednea de colectivos conectar\u00e1 Mercedes con Luj\u00e1n\",\"datePublished\":\"2023-09-28T00:15:51+00:00\",\"dateModified\":\"2023-09-28T00:47:19+00:00\",\"mainEntityOfPage\":{\"@id\":\"https:\\\/\\\/noticiasmercedinas.com\\\/site\\\/2023\\\/09\\\/27\\\/una-nueva-linea-de-colectivos-conectara-mercedes-con-lujan\\\/\"},\"wordCount\":495,\"publisher\":{\"@id\":\"https:\\\/\\\/noticiasmercedinas.com\\\/site\\\/#organization\"},\"image\":{\"@id\":\"https:\\\/\\\/noticiasmercedinas.com\\\/site\\\/2023\\\/09\\\/27\\\/una-nueva-linea-de-colectivos-conectara-mercedes-con-lujan\\\/#primaryimage\"},\"thumbnailUrl\":\"https:\\\/\\\/noticiasmercedinas.com\\\/site\\\/wp-content\\\/uploads\\\/2023\\\/09\\\/NuevaLinea-1.jpg\",\"keywords\":[\"lujan\",\"mercedes\",\"micros\",\"Ministerio de Transporte\"],\"articleSection\":[\"Sociedad\"],\"inLanguage\":\"es\"},{\"@type\":\"WebPage\",\"@id\":\"https:\\\/\\\/noticiasmercedinas.com\\\/site\\\/2023\\\/09\\\/27\\\/una-nueva-linea-de-colectivos-conectara-mercedes-con-lujan\\\/\",\"url\":\"https:\\\/\\\/noticiasmercedinas.com\\\/site\\\/2023\\\/09\\\/27\\\/una-nueva-linea-de-colectivos-conectara-mercedes-con-lujan\\\/\",\"name\":\"Una nueva l\u00ednea de colectivos conectar\u00e1 Mercedes con Luj\u00e1n\",\"isPartOf\":{\"@id\":\"https:\\\/\\\/noticiasmercedinas.com\\\/site\\\/#website\"},\"primaryImageOfPage\":{\"@id\":\"https:\\\/\\\/noticiasmercedinas.com\\\/site\\\/2023\\\/09\\\/27\\\/una-nueva-linea-de-colectivos-conectara-mercedes-con-lujan\\\/#primaryimage\"},\"image\":{\"@id\":\"https:\\\/\\\/noticiasmercedinas.com\\\/site\\\/2023\\\/09\\\/27\\\/una-nueva-linea-de-colectivos-conectara-mercedes-con-lujan\\\/#primaryimage\"},\"thumbnailUrl\":\"https:\\\/\\\/noticiasmercedinas.com\\\/site\\\/wp-content\\\/uploads\\\/2023\\\/09\\\/NuevaLinea-1.jpg\",\"datePublished\":\"2023-09-28T00:15:51+00:00\",\"dateModified\":\"2023-09-28T00:47:19+00:00\",\"breadcrumb\":{\"@id\":\"https:\\\/\\\/noticiasmercedinas.com\\\/site\\\/2023\\\/09\\\/27\\\/una-nueva-linea-de-colectivos-conectara-mercedes-con-lujan\\\/#breadcrumb\"},\"inLanguage\":\"es\",\"potentialAction\":[{\"@type\":\"ReadAction\",\"target\":[\"https:\\\/\\\/noticiasmercedinas.com\\\/site\\\/2023\\\/09\\\/27\\\/una-nueva-linea-de-colectivos-conectara-mercedes-con-lujan\\\/\"]}]},{\"@type\":\"ImageObject\",\"inLanguage\":\"es\",\"@id\":\"https:\\\/\\\/noticiasmercedinas.com\\\/site\\\/2023\\\/09\\\/27\\\/una-nueva-linea-de-colectivos-conectara-mercedes-con-lujan\\\/#primaryimage\",\"url\":\"https:\\\/\\\/noticiasmercedinas.com\\\/site\\\/wp-content\\\/uploads\\\/2023\\\/09\\\/NuevaLinea-1.jpg\",\"contentUrl\":\"https:\\\/\\\/noticiasmercedinas.com\\\/site\\\/wp-content\\\/uploads\\\/2023\\\/09\\\/NuevaLinea-1.jpg\",\"width\":640,\"height\":427},{\"@type\":\"BreadcrumbList\",\"@id\":\"https:\\\/\\\/noticiasmercedinas.com\\\/site\\\/2023\\\/09\\\/27\\\/una-nueva-linea-de-colectivos-conectara-mercedes-con-lujan\\\/#breadcrumb\",\"itemListElement\":[{\"@type\":\"ListItem\",\"position\":1,\"name\":\"Portada\",\"item\":\"https:\\\/\\\/noticiasmercedinas.com\\\/site\\\/\"},{\"@type\":\"ListItem\",\"position\":2,\"name\":\"Una nueva l\u00ednea de colectivos conectar\u00e1 Mercedes con Luj\u00e1n\"}]},{\"@type\":\"WebSite\",\"@id\":\"https:\\\/\\\/noticiasmercedinas.com\\\/site\\\/#website\",\"url\":\"https:\\\/\\\/noticiasmercedinas.com\\\/site\\\/\",\"name\":\"NOTICIASMERCEDINAS.COM\",\"description\":\"Mercedes, Buenos Aires, Argentina\",\"publisher\":{\"@id\":\"https:\\\/\\\/noticiasmercedinas.com\\\/site\\\/#organization\"},\"potentialAction\":[{\"@type\":\"SearchAction\",\"target\":{\"@type\":\"EntryPoint\",\"urlTemplate\":\"https:\\\/\\\/noticiasmercedinas.com\\\/site\\\/?s={search_term_string}\"},\"query-input\":{\"@type\":\"PropertyValueSpecification\",\"valueRequired\":true,\"valueName\":\"search_term_string\"}}],\"inLanguage\":\"es\"},{\"@type\":\"Organization\",\"@id\":\"https:\\\/\\\/noticiasmercedinas.com\\\/site\\\/#organization\",\"name\":\"NOTICIASMERCEDINAS.COM\",\"url\":\"https:\\\/\\\/noticiasmercedinas.com\\\/site\\\/\",\"logo\":{\"@type\":\"ImageObject\",\"inLanguage\":\"es\",\"@id\":\"https:\\\/\\\/noticiasmercedinas.com\\\/site\\\/#\\\/schema\\\/logo\\\/image\\\/\",\"url\":\"https:\\\/\\\/noticiasmercedinas.com\\\/site\\\/wp-content\\\/uploads\\\/2020\\\/06\\\/LOGO-512.jpg\",\"contentUrl\":\"https:\\\/\\\/noticiasmercedinas.com\\\/site\\\/wp-content\\\/uploads\\\/2020\\\/06\\\/LOGO-512.jpg\",\"width\":512,\"height\":512,\"caption\":\"NOTICIASMERCEDINAS.COM\"},\"image\":{\"@id\":\"https:\\\/\\\/noticiasmercedinas.com\\\/site\\\/#\\\/schema\\\/logo\\\/image\\\/\"},\"sameAs\":[\"https:\\\/\\\/www.facebook.com\\\/noticiasmercedinas\\\/\",\"https:\\\/\\\/x.com\\\/notmercedinas\",\"https:\\\/\\\/www.instagram.com\\\/noticiasmercedinas\\\/\"]},{\"@type\":\"Person\",\"@id\":\"https:\\\/\\\/noticiasmercedinas.com\\\/site\\\/#\\\/schema\\\/person\\\/84b59c099c28ff2e8b77d4ceec5d8063\",\"name\":\"NOTICIASMERCEDINAS.COM\",\"image\":{\"@type\":\"ImageObject\",\"inLanguage\":\"es\",\"@id\":\"https:\\\/\\\/secure.gravatar.com\\\/avatar\\\/4dfbf16b4d17945bfb6341b2d19043457132fcf478a5ee04f42e959fd8f5df0a?s=96&d=mm&r=g\",\"url\":\"https:\\\/\\\/secure.gravatar.com\\\/avatar\\\/4dfbf16b4d17945bfb6341b2d19043457132fcf478a5ee04f42e959fd8f5df0a?s=96&d=mm&r=g\",\"contentUrl\":\"https:\\\/\\\/secure.gravatar.com\\\/avatar\\\/4dfbf16b4d17945bfb6341b2d19043457132fcf478a5ee04f42e959fd8f5df0a?s=96&d=mm&r=g\",\"caption\":\"NOTICIASMERCEDINAS.COM\"},\"url\":\"https:\\\/\\\/noticiasmercedinas.com\\\/site\\\/author\\\/anonimo\\\/\"}]}<\/script>\n<!-- \/ Yoast SEO plugin. -->","yoast_head_json":{"title":"Una nueva l\u00ednea de colectivos conectar\u00e1 Mercedes con Luj\u00e1n","robots":{"index":"index","follow":"follow","max-snippet":"max-snippet:-1","max-image-preview":"max-image-preview:large","max-video-preview":"max-video-preview:-1"},"canonical":"https:\/\/noticiasmercedinas.com\/site\/2023\/09\/27\/una-nueva-linea-de-colectivos-conectara-mercedes-con-lujan\/","og_locale":"es_ES","og_type":"article","og_title":"Una nueva l\u00ednea de colectivos conectar\u00e1 Mercedes con Luj\u00e1n","og_description":"\u25a0 Se prev\u00e9 que la nueva l\u00ednea de colectivos est\u00e9 completamente operativa en octubre, ofreciendo viajes entre Mercedes y Luj\u00e1n, con parada en Goldney. Estuvo el ministro D'Onofrio","og_url":"https:\/\/noticiasmercedinas.com\/site\/2023\/09\/27\/una-nueva-linea-de-colectivos-conectara-mercedes-con-lujan\/","og_site_name":"NOTICIASMERCEDINAS.COM","article_publisher":"https:\/\/www.facebook.com\/noticiasmercedinas\/","article_published_time":"2023-09-28T00:15:51+00:00","article_modified_time":"2023-09-28T00:47:19+00:00","og_image":[{"width":640,"height":427,"url":"https:\/\/noticiasmercedinas.com\/site\/wp-content\/uploads\/2023\/09\/NuevaLinea-1.jpg","type":"image\/jpeg"}],"author":"NOTICIASMERCEDINAS.COM","twitter_card":"summary_large_image","twitter_creator":"@notmercedinas","twitter_site":"@notmercedinas","twitter_misc":{"Escrito por":"NOTICIASMERCEDINAS.COM","Tiempo de lectura":"3 minutos"},"schema":{"@context":"https:\/\/schema.org","@graph":[{"@type":"Article","@id":"https:\/\/noticiasmercedinas.com\/site\/2023\/09\/27\/una-nueva-linea-de-colectivos-conectara-mercedes-con-lujan\/#article","isPartOf":{"@id":"https:\/\/noticiasmercedinas.com\/site\/2023\/09\/27\/una-nueva-linea-de-colectivos-conectara-mercedes-con-lujan\/"},"author":{"name":"NOTICIASMERCEDINAS.COM","@id":"https:\/\/noticiasmercedinas.com\/site\/#\/schema\/person\/84b59c099c28ff2e8b77d4ceec5d8063"},"headline":"Una nueva l\u00ednea de colectivos conectar\u00e1 Mercedes con Luj\u00e1n","datePublished":"2023-09-28T00:15:51+00:00","dateModified":"2023-09-28T00:47:19+00:00","mainEntityOfPage":{"@id":"https:\/\/noticiasmercedinas.com\/site\/2023\/09\/27\/una-nueva-linea-de-colectivos-conectara-mercedes-con-lujan\/"},"wordCount":495,"publisher":{"@id":"https:\/\/noticiasmercedinas.com\/site\/#organization"},"image":{"@id":"https:\/\/noticiasmercedinas.com\/site\/2023\/09\/27\/una-nueva-linea-de-colectivos-conectara-mercedes-con-lujan\/#primaryimage"},"thumbnailUrl":"https:\/\/noticiasmercedinas.com\/site\/wp-content\/uploads\/2023\/09\/NuevaLinea-1.jpg","keywords":["lujan","mercedes","micros","Ministerio de Transporte"],"articleSection":["Sociedad"],"inLanguage":"es"},{"@type":"WebPage","@id":"https:\/\/noticiasmercedinas.com\/site\/2023\/09\/27\/una-nueva-linea-de-colectivos-conectara-mercedes-con-lujan\/","url":"https:\/\/noticiasmercedinas.com\/site\/2023\/09\/27\/una-nueva-linea-de-colectivos-conectara-mercedes-con-lujan\/","name":"Una nueva l\u00ednea de colectivos conectar\u00e1 Mercedes con Luj\u00e1n","isPartOf":{"@id":"https:\/\/noticiasmercedinas.com\/site\/#website"},"primaryImageOfPage":{"@id":"https:\/\/noticiasmercedinas.com\/site\/2023\/09\/27\/una-nueva-linea-de-colectivos-conectara-mercedes-con-lujan\/#primaryimage"},"image":{"@id":"https:\/\/noticiasmercedinas.com\/site\/2023\/09\/27\/una-nueva-linea-de-colectivos-conectara-mercedes-con-lujan\/#primaryimage"},"thumbnailUrl":"https:\/\/noticiasmercedinas.com\/site\/wp-content\/uploads\/2023\/09\/NuevaLinea-1.jpg","datePublished":"2023-09-28T00:15:51+00:00","dateModified":"2023-09-28T00:47:19+00:00","breadcrumb":{"@id":"https:\/\/noticiasmercedinas.com\/site\/2023\/09\/27\/una-nueva-linea-de-colectivos-conectara-mercedes-con-lujan\/#breadcrumb"},"inLanguage":"es","potentialAction":[{"@type":"ReadAction","target":["https:\/\/noticiasmercedinas.com\/site\/2023\/09\/27\/una-nueva-linea-de-colectivos-conectara-mercedes-con-lujan\/"]}]},{"@type":"ImageObject","inLanguage":"es","@id":"https:\/\/noticiasmercedinas.com\/site\/2023\/09\/27\/una-nueva-linea-de-colectivos-conectara-mercedes-con-lujan\/#primaryimage","url":"https:\/\/noticiasmercedinas.com\/site\/wp-content\/uploads\/2023\/09\/NuevaLinea-1.jpg","contentUrl":"https:\/\/noticiasmercedinas.com\/site\/wp-content\/uploads\/2023\/09\/NuevaLinea-1.jpg","width":640,"height":427},{"@type":"BreadcrumbList","@id":"https:\/\/noticiasmercedinas.com\/site\/2023\/09\/27\/una-nueva-linea-de-colectivos-conectara-mercedes-con-lujan\/#breadcrumb","itemListElement":[{"@type":"ListItem","position":1,"name":"Portada","item":"https:\/\/noticiasmercedinas.com\/site\/"},{"@type":"ListItem","position":2,"name":"Una nueva l\u00ednea de colectivos conectar\u00e1 Mercedes con Luj\u00e1n"}]},{"@type":"WebSite","@id":"https:\/\/noticiasmercedinas.com\/site\/#website","url":"https:\/\/noticiasmercedinas.com\/site\/","name":"NOTICIASMERCEDINAS.COM","description":"Mercedes, Buenos Aires, Argentina","publisher":{"@id":"https:\/\/noticiasmercedinas.com\/site\/#organization"},"potentialAction":[{"@type":"SearchAction","target":{"@type":"EntryPoint","urlTemplate":"https:\/\/noticiasmercedinas.com\/site\/?s={search_term_string}"},"query-input":{"@type":"PropertyValueSpecification","valueRequired":true,"valueName":"search_term_string"}}],"inLanguage":"es"},{"@type":"Organization","@id":"https:\/\/noticiasmercedinas.com\/site\/#organization","name":"NOTICIASMERCEDINAS.COM","url":"https:\/\/noticiasmercedinas.com\/site\/","logo":{"@type":"ImageObject","inLanguage":"es","@id":"https:\/\/noticiasmercedinas.com\/site\/#\/schema\/logo\/image\/","url":"https:\/\/noticiasmercedinas.com\/site\/wp-content\/uploads\/2020\/06\/LOGO-512.jpg","contentUrl":"https:\/\/noticiasmercedinas.com\/site\/wp-content\/uploads\/2020\/06\/LOGO-512.jpg","width":512,"height":512,"caption":"NOTICIASMERCEDINAS.COM"},"image":{"@id":"https:\/\/noticiasmercedinas.com\/site\/#\/schema\/logo\/image\/"},"sameAs":["https:\/\/www.facebook.com\/noticiasmercedinas\/","https:\/\/x.com\/notmercedinas","https:\/\/www.instagram.com\/noticiasmercedinas\/"]},{"@type":"Person","@id":"https:\/\/noticiasmercedinas.com\/site\/#\/schema\/person\/84b59c099c28ff2e8b77d4ceec5d8063","name":"NOTICIASMERCEDINAS.COM","image":{"@type":"ImageObject","inLanguage":"es","@id":"https:\/\/secure.gravatar.com\/avatar\/4dfbf16b4d17945bfb6341b2d19043457132fcf478a5ee04f42e959fd8f5df0a?s=96&d=mm&r=g","url":"https:\/\/secure.gravatar.com\/avatar\/4dfbf16b4d17945bfb6341b2d19043457132fcf478a5ee04f42e959fd8f5df0a?s=96&d=mm&r=g","contentUrl":"https:\/\/secure.gravatar.com\/avatar\/4dfbf16b4d17945bfb6341b2d19043457132fcf478a5ee04f42e959fd8f5df0a?s=96&d=mm&r=g","caption":"NOTICIASMERCEDINAS.COM"},"url":"https:\/\/noticiasmercedinas.com\/site\/author\/anonimo\/"}]}},"amp_enabled":true,"_links":{"self":[{"href":"https:\/\/noticiasmercedinas.com\/site\/wp-json\/wp\/v2\/posts\/123677","targetHints":{"allow":["GET"]}}],"collection":[{"href":"https:\/\/noticiasmercedinas.com\/site\/wp-json\/wp\/v2\/posts"}],"about":[{"href":"https:\/\/noticiasmercedinas.com\/site\/wp-json\/wp\/v2\/types\/post"}],"author":[{"embeddable":true,"href":"https:\/\/noticiasmercedinas.com\/site\/wp-json\/wp\/v2\/users\/16"}],"replies":[{"embeddable":true,"href":"https:\/\/noticiasmercedinas.com\/site\/wp-json\/wp\/v2\/comments?post=123677"}],"version-history":[{"count":2,"href":"https:\/\/noticiasmercedinas.com\/site\/wp-json\/wp\/v2\/posts\/123677\/revisions"}],"predecessor-version":[{"id":123682,"href":"https:\/\/noticiasmercedinas.com\/site\/wp-json\/wp\/v2\/posts\/123677\/revisions\/123682"}],"wp:featuredmedia":[{"embeddable":true,"href":"https:\/\/noticiasmercedinas.com\/site\/wp-json\/wp\/v2\/media\/123678"}],"wp:attachment":[{"href":"https:\/\/noticiasmercedinas.com\/site\/wp-json\/wp\/v2\/media?parent=123677"}],"wp:term":[{"taxonomy":"category","embeddable":true,"href":"https:\/\/noticiasmercedinas.com\/site\/wp-json\/wp\/v2\/categories?post=123677"},{"taxonomy":"post_tag","embeddable":true,"href":"https:\/\/noticiasmercedinas.com\/site\/wp-json\/wp\/v2\/tags?post=123677"}],"curies":[{"name":"wp","href":"https:\/\/api.w.org\/{rel}","templated":true}]}}