{"id":12370,"date":"2019-02-15T17:26:26","date_gmt":"2019-02-15T20:26:26","guid":{"rendered":"https:\/\/noticiasmercedinas.com\/site\/?p=12370"},"modified":"2019-02-15T17:26:26","modified_gmt":"2019-02-15T20:26:26","slug":"nuevo-consultorio-odontologico-municipal-es-el-quinto","status":"publish","type":"post","link":"https:\/\/noticiasmercedinas.com\/site\/2019\/02\/15\/nuevo-consultorio-odontologico-municipal-es-el-quinto\/","title":{"rendered":"Nuevo consultorio odontol\u00f3gico municipal: es el quinto"},"content":{"rendered":"<p><img loading=\"lazy\" decoding=\"async\" class=\"alignnone size-full wp-image-12371\" src=\"https:\/\/noticiasmercedinas.com\/site\/wp-content\/uploads\/2019\/02\/1-8.jpg\" alt=\"\" width=\"937\" height=\"625\" srcset=\"https:\/\/noticiasmercedinas.com\/site\/wp-content\/uploads\/2019\/02\/1-8.jpg 937w, https:\/\/noticiasmercedinas.com\/site\/wp-content\/uploads\/2019\/02\/1-8-300x200.jpg 300w, https:\/\/noticiasmercedinas.com\/site\/wp-content\/uploads\/2019\/02\/1-8-768x512.jpg 768w, https:\/\/noticiasmercedinas.com\/site\/wp-content\/uploads\/2019\/02\/1-8-640x427.jpg 640w, https:\/\/noticiasmercedinas.com\/site\/wp-content\/uploads\/2019\/02\/1-8-681x454.jpg 681w\" sizes=\"auto, (max-width: 937px) 100vw, 937px\" \/><\/p>\n<p>Se inaugur\u00f3 el 5\u00b0consultorio odontol\u00f3gico municipal en Lomas del Pac\u00edfico.<\/p>\n<p>Ustarroz dej\u00f3 inaugurado un nuevo consultorio odontol\u00f3gico montado con fondos municipales. Es parte de una red de salud bucal que cubre distintas zonas de la ciudad y zona rural. Funcionar\u00e1 los martes y viernes, a cargo de la odont\u00f3loga Sol Lettieri. \u201cNos hab\u00edamos propuesto cuatro consultorios. Pero fue solo el ver c\u00f3mo funcionan, el compromiso y los resultados que fuimos desarrollando un plan cada vez m\u00e1s ambicioso\u201d, resalt\u00f3 el intendente Ustarroz.<\/p>\n<p>En el marco del plan de salud bucal de la Municipalidad de Mercedes, este viernes se inaugur\u00f3 el quinto Consultorio Odontol\u00f3gico en el CAPS de Lomas del Pacifico.<\/p>\n<p>All\u00ed estuvo presente el Primer Mandatario Comunal, Juan I. Ustarroz, el Secretario de Salud, Pablo Cassiani y personal del \u00e1rea, adem\u00e1s de vecinos de la barriada.<\/p>\n<p>\u201cEsta inauguraci\u00f3n en particular tiene un gusto especial. Cuando arrancamos con el plan de salud bucal en Mercedes, algo que exist\u00eda, nos planteamos hacer cuatro consultorios odontol\u00f3gicos, uno por cada a\u00f1o de gesti\u00f3n. Y estamos arrancando el cuarto a\u00f1o con el quinto consultorio, siendo una pol\u00edtica que se va a extender por decisi\u00f3n del intendente porque vimos el impacto que tuvo en la poblaci\u00f3n\u201d, sostuvo el Dr. Cassiani a la vez que remarc\u00f3: \u201cHab\u00eda una demanda muy grande que no se llegaba a ver, y no se llegaba a cubrir por los servicios que hab\u00eda en la ciudad. Cuando uno ve como le vuelve la sonrisa a la gente por el trabajo de todos los profesionales &#8211; a los cuales agradezco el compromiso que tienen &#8211; es un incentivo muy grande para seguir creciendo en este plan. Agradecemos tambi\u00e9n al intendente por haber puesto todo el esfuerzo para que esto se diera\u201d<\/p>\n<p>En cuanto a las caracter\u00edsticas del nuevo espacio y su funcionamiento la doctora Ver\u00f3nica Perdig\u00f3, se\u00f1al\u00f3: \u201cEn este consultorio estar\u00e1 la doctora Sol Lettieri, que se incorpora al equipo de salud bucal, los d\u00edas martes y viernes. El consultorio ser\u00e1 atendido por ella, y est\u00e1 dirigida la atenci\u00f3n a ni\u00f1os, embarazadas y adultos, con y sin obra social\u201d.<\/p>\n<p>Por su parte, la odont\u00f3loga Sol Lettieri expres\u00f3: \u201cEstoy muy feliz. Esperaba este momento para comenzar a atender a todos los vecinos que se acerquen\u201d.<\/p>\n<p>M\u00e1s tarde, el intendente Juan I. Ustarroz expres\u00f3: \u201cFelicito a todo el equipo de salud de esta salita, como el de todas. Muchas gratas sorpresas vamos recibiendo con el paso del tiempo. Vemos mucho compromiso por parte de todas las trabajadoras y es algo que nos manifiestan los vecinos. Muchas personas del barrio, entre ellos de la sociedad de fomento, est\u00e1n presentes porque es un avance importante para todos\u201d y coincidi\u00f3 en remarcar que \u201ccomo dijo el Dr. Cassiani, nos hab\u00edamos propuesto cuatro consultorios. Pero fue solo el ver c\u00f3mo funcionan, el compromiso de las profesionales a cargo, los resultados (porque esto surgi\u00f3 de un diagn\u00f3stico realizado en las escuelas donde la salud bucal se manifestaba como una problem\u00e1tica) y en funci\u00f3n de ello fuimos desarrollando un plan cada vez m\u00e1s ambicioso\u201d.<\/p>\n<p>En tanto, el Primer Mandatario record\u00f3: \u201cLos or\u00edgenes de esto fue el programa Argentina Sonr\u00ede al que en pr\u00e1cticamente en todos los municipios del pa\u00eds se le dio de baja. Mercedes lo sostuvo. El a\u00f1o pasado llegamos a 800 vecinos a los que se les hizo un trabajo acorde a sus necesidades y derechos. Y despu\u00e9s fuimos haciendo crecer al programa, con una inversi\u00f3n muy eficiente y planificada sumada al trabajo y compromiso de los trabajadores y profesionales. Hoy vemos que entre todos logramos cosas y el haber llegado al quinto consultorio odontol\u00f3gico nos llena de orgullo\u201d.<\/p>\n<p>Sexto consultorio<\/p>\n<p>Respecto de si exist\u00eda la posibilidad de crear nuevos consultorios, el intendente adelant\u00f3: \u201cTenemos pensando generar m\u00e1s consultorios. De una manera muy planificada vamos paso a paso. Hasta ahora la evaluaci\u00f3n es muy positiva, y se analiza la cuesti\u00f3n de la oferta y la demanda. Hoy la ciudad cuenta con un plan de salud bucal muy importante, y la idea y la inversi\u00f3n se hizo para seguir ampli\u00e1ndola\u201d a la vez que agreg\u00f3: \u201cQueremos que la salud p\u00fablica de la ciudad avance y progrese, en el marco de un contexto muy dif\u00edcil. Al municipio le pasa lo mismo que a cualquier hogar, comercio o pyme. Pero ac\u00e1 hay mucho trabajo, y hacerlo con compromiso es la \u00fanica forma que vamos a tener para salir adelante en este contexto tan dif\u00edcil en nuestro pa\u00eds\u201d.<\/p>\n","protected":false},"excerpt":{"rendered":"<p>Se inaugur\u00f3 el 5\u00b0consultorio odontol\u00f3gico municipal en Lomas del Pac\u00edfico. Ustarroz dej\u00f3 inaugurado un nuevo consultorio odontol\u00f3gico montado con fondos municipales. Es parte de una red de salud bucal que cubre distintas zonas de la ciudad y zona rural. Funcionar\u00e1 los martes y viernes, a cargo de la odont\u00f3loga Sol Lettieri. \u201cNos hab\u00edamos propuesto cuatro [&hellip;]<\/p>\n","protected":false},"author":2,"featured_media":12371,"comment_status":"open","ping_status":"open","sticky":false,"template":"","format":"standard","meta":{"footnotes":""},"categories":[3],"tags":[2759,266,144,71],"class_list":["post-12370","post","type-post","status-publish","format-standard","has-post-thumbnail","hentry","category-sociedad","tag-consulturio-odontologico","tag-juan-ignacio-ustarroz","tag-pablo-cassiani","tag-salud"],"yoast_head":"<!-- This site is optimized with the Yoast SEO plugin v27.4 - https:\/\/yoast.com\/product\/yoast-seo-wordpress\/ -->\n<title>Nuevo consultorio odontol\u00f3gico municipal: es el quinto<\/title>\n<meta name=\"robots\" content=\"index, follow, max-snippet:-1, max-image-preview:large, max-video-preview:-1\" \/>\n<link rel=\"canonical\" href=\"https:\/\/noticiasmercedinas.com\/site\/2019\/02\/15\/nuevo-consultorio-odontologico-municipal-es-el-quinto\/\" \/>\n<meta property=\"og:locale\" content=\"es_ES\" \/>\n<meta property=\"og:type\" content=\"article\" \/>\n<meta property=\"og:title\" content=\"Nuevo consultorio odontol\u00f3gico municipal: es el quinto\" \/>\n<meta property=\"og:description\" content=\"Se inaugur\u00f3 el 5\u00b0consultorio odontol\u00f3gico municipal en Lomas del Pac\u00edfico. Ustarroz dej\u00f3 inaugurado un nuevo consultorio odontol\u00f3gico montado con fondos municipales. Es parte de una red de salud bucal que cubre distintas zonas de la ciudad y zona rural. Funcionar\u00e1 los martes y viernes, a cargo de la odont\u00f3loga Sol Lettieri. \u201cNos hab\u00edamos propuesto cuatro [&hellip;]\" \/>\n<meta property=\"og:url\" content=\"https:\/\/noticiasmercedinas.com\/site\/2019\/02\/15\/nuevo-consultorio-odontologico-municipal-es-el-quinto\/\" \/>\n<meta property=\"og:site_name\" content=\"NOTICIASMERCEDINAS.COM\" \/>\n<meta property=\"article:publisher\" content=\"https:\/\/www.facebook.com\/noticiasmercedinas\/\" \/>\n<meta property=\"article:author\" content=\"https:\/\/www.facebook.com\/cristian.falabella\" \/>\n<meta property=\"article:published_time\" content=\"2019-02-15T20:26:26+00:00\" \/>\n<meta property=\"og:image\" content=\"https:\/\/noticiasmercedinas.com\/site\/wp-content\/uploads\/2019\/02\/1-8.jpg\" \/>\n\t<meta property=\"og:image:width\" content=\"937\" \/>\n\t<meta property=\"og:image:height\" content=\"625\" \/>\n\t<meta property=\"og:image:type\" content=\"image\/jpeg\" \/>\n<meta name=\"author\" content=\"Cristian Falabella NOTICIASMERCEDINAS.COM\" \/>\n<meta name=\"twitter:card\" content=\"summary_large_image\" \/>\n<meta name=\"twitter:creator\" content=\"@https:\/\/twitter.com\/NOTMERCEDINAS\" \/>\n<meta name=\"twitter:site\" content=\"@notmercedinas\" \/>\n<meta name=\"twitter:label1\" content=\"Escrito por\" \/>\n\t<meta name=\"twitter:data1\" content=\"Cristian Falabella NOTICIASMERCEDINAS.COM\" \/>\n\t<meta name=\"twitter:label2\" content=\"Tiempo de lectura\" \/>\n\t<meta name=\"twitter:data2\" content=\"4 minutos\" \/>\n<script type=\"application\/ld+json\" class=\"yoast-schema-graph\">{\"@context\":\"https:\\\/\\\/schema.org\",\"@graph\":[{\"@type\":\"Article\",\"@id\":\"https:\\\/\\\/noticiasmercedinas.com\\\/site\\\/2019\\\/02\\\/15\\\/nuevo-consultorio-odontologico-municipal-es-el-quinto\\\/#article\",\"isPartOf\":{\"@id\":\"https:\\\/\\\/noticiasmercedinas.com\\\/site\\\/2019\\\/02\\\/15\\\/nuevo-consultorio-odontologico-municipal-es-el-quinto\\\/\"},\"author\":{\"name\":\"Cristian Falabella NOTICIASMERCEDINAS.COM\",\"@id\":\"https:\\\/\\\/noticiasmercedinas.com\\\/site\\\/#\\\/schema\\\/person\\\/d481a9696a5feaec13a60e2bbd991a6a\"},\"headline\":\"Nuevo consultorio odontol\u00f3gico municipal: es el quinto\",\"datePublished\":\"2019-02-15T20:26:26+00:00\",\"mainEntityOfPage\":{\"@id\":\"https:\\\/\\\/noticiasmercedinas.com\\\/site\\\/2019\\\/02\\\/15\\\/nuevo-consultorio-odontologico-municipal-es-el-quinto\\\/\"},\"wordCount\":795,\"commentCount\":0,\"publisher\":{\"@id\":\"https:\\\/\\\/noticiasmercedinas.com\\\/site\\\/#organization\"},\"image\":{\"@id\":\"https:\\\/\\\/noticiasmercedinas.com\\\/site\\\/2019\\\/02\\\/15\\\/nuevo-consultorio-odontologico-municipal-es-el-quinto\\\/#primaryimage\"},\"thumbnailUrl\":\"https:\\\/\\\/noticiasmercedinas.com\\\/site\\\/wp-content\\\/uploads\\\/2019\\\/02\\\/1-8.jpg\",\"keywords\":[\"consulturio odontologico\",\"juan ignacio ustarroz\",\"pablo cassiani\",\"salud\"],\"articleSection\":[\"Sociedad\"],\"inLanguage\":\"es\",\"potentialAction\":[{\"@type\":\"CommentAction\",\"name\":\"Comment\",\"target\":[\"https:\\\/\\\/noticiasmercedinas.com\\\/site\\\/2019\\\/02\\\/15\\\/nuevo-consultorio-odontologico-municipal-es-el-quinto\\\/#respond\"]}]},{\"@type\":\"WebPage\",\"@id\":\"https:\\\/\\\/noticiasmercedinas.com\\\/site\\\/2019\\\/02\\\/15\\\/nuevo-consultorio-odontologico-municipal-es-el-quinto\\\/\",\"url\":\"https:\\\/\\\/noticiasmercedinas.com\\\/site\\\/2019\\\/02\\\/15\\\/nuevo-consultorio-odontologico-municipal-es-el-quinto\\\/\",\"name\":\"Nuevo consultorio odontol\u00f3gico municipal: es el quinto\",\"isPartOf\":{\"@id\":\"https:\\\/\\\/noticiasmercedinas.com\\\/site\\\/#website\"},\"primaryImageOfPage\":{\"@id\":\"https:\\\/\\\/noticiasmercedinas.com\\\/site\\\/2019\\\/02\\\/15\\\/nuevo-consultorio-odontologico-municipal-es-el-quinto\\\/#primaryimage\"},\"image\":{\"@id\":\"https:\\\/\\\/noticiasmercedinas.com\\\/site\\\/2019\\\/02\\\/15\\\/nuevo-consultorio-odontologico-municipal-es-el-quinto\\\/#primaryimage\"},\"thumbnailUrl\":\"https:\\\/\\\/noticiasmercedinas.com\\\/site\\\/wp-content\\\/uploads\\\/2019\\\/02\\\/1-8.jpg\",\"datePublished\":\"2019-02-15T20:26:26+00:00\",\"breadcrumb\":{\"@id\":\"https:\\\/\\\/noticiasmercedinas.com\\\/site\\\/2019\\\/02\\\/15\\\/nuevo-consultorio-odontologico-municipal-es-el-quinto\\\/#breadcrumb\"},\"inLanguage\":\"es\",\"potentialAction\":[{\"@type\":\"ReadAction\",\"target\":[\"https:\\\/\\\/noticiasmercedinas.com\\\/site\\\/2019\\\/02\\\/15\\\/nuevo-consultorio-odontologico-municipal-es-el-quinto\\\/\"]}]},{\"@type\":\"ImageObject\",\"inLanguage\":\"es\",\"@id\":\"https:\\\/\\\/noticiasmercedinas.com\\\/site\\\/2019\\\/02\\\/15\\\/nuevo-consultorio-odontologico-municipal-es-el-quinto\\\/#primaryimage\",\"url\":\"https:\\\/\\\/noticiasmercedinas.com\\\/site\\\/wp-content\\\/uploads\\\/2019\\\/02\\\/1-8.jpg\",\"contentUrl\":\"https:\\\/\\\/noticiasmercedinas.com\\\/site\\\/wp-content\\\/uploads\\\/2019\\\/02\\\/1-8.jpg\",\"width\":937,\"height\":625},{\"@type\":\"BreadcrumbList\",\"@id\":\"https:\\\/\\\/noticiasmercedinas.com\\\/site\\\/2019\\\/02\\\/15\\\/nuevo-consultorio-odontologico-municipal-es-el-quinto\\\/#breadcrumb\",\"itemListElement\":[{\"@type\":\"ListItem\",\"position\":1,\"name\":\"Portada\",\"item\":\"https:\\\/\\\/noticiasmercedinas.com\\\/site\\\/\"},{\"@type\":\"ListItem\",\"position\":2,\"name\":\"Nuevo consultorio odontol\u00f3gico municipal: es el quinto\"}]},{\"@type\":\"WebSite\",\"@id\":\"https:\\\/\\\/noticiasmercedinas.com\\\/site\\\/#website\",\"url\":\"https:\\\/\\\/noticiasmercedinas.com\\\/site\\\/\",\"name\":\"NOTICIASMERCEDINAS.COM\",\"description\":\"Mercedes, Buenos Aires, Argentina\",\"publisher\":{\"@id\":\"https:\\\/\\\/noticiasmercedinas.com\\\/site\\\/#organization\"},\"potentialAction\":[{\"@type\":\"SearchAction\",\"target\":{\"@type\":\"EntryPoint\",\"urlTemplate\":\"https:\\\/\\\/noticiasmercedinas.com\\\/site\\\/?s={search_term_string}\"},\"query-input\":{\"@type\":\"PropertyValueSpecification\",\"valueRequired\":true,\"valueName\":\"search_term_string\"}}],\"inLanguage\":\"es\"},{\"@type\":\"Organization\",\"@id\":\"https:\\\/\\\/noticiasmercedinas.com\\\/site\\\/#organization\",\"name\":\"NOTICIASMERCEDINAS.COM\",\"url\":\"https:\\\/\\\/noticiasmercedinas.com\\\/site\\\/\",\"logo\":{\"@type\":\"ImageObject\",\"inLanguage\":\"es\",\"@id\":\"https:\\\/\\\/noticiasmercedinas.com\\\/site\\\/#\\\/schema\\\/logo\\\/image\\\/\",\"url\":\"https:\\\/\\\/noticiasmercedinas.com\\\/site\\\/wp-content\\\/uploads\\\/2020\\\/06\\\/LOGO-512.jpg\",\"contentUrl\":\"https:\\\/\\\/noticiasmercedinas.com\\\/site\\\/wp-content\\\/uploads\\\/2020\\\/06\\\/LOGO-512.jpg\",\"width\":512,\"height\":512,\"caption\":\"NOTICIASMERCEDINAS.COM\"},\"image\":{\"@id\":\"https:\\\/\\\/noticiasmercedinas.com\\\/site\\\/#\\\/schema\\\/logo\\\/image\\\/\"},\"sameAs\":[\"https:\\\/\\\/www.facebook.com\\\/noticiasmercedinas\\\/\",\"https:\\\/\\\/x.com\\\/notmercedinas\",\"https:\\\/\\\/www.instagram.com\\\/noticiasmercedinas\\\/\"]},{\"@type\":\"Person\",\"@id\":\"https:\\\/\\\/noticiasmercedinas.com\\\/site\\\/#\\\/schema\\\/person\\\/d481a9696a5feaec13a60e2bbd991a6a\",\"name\":\"Cristian Falabella NOTICIASMERCEDINAS.COM\",\"image\":{\"@type\":\"ImageObject\",\"inLanguage\":\"es\",\"@id\":\"https:\\\/\\\/secure.gravatar.com\\\/avatar\\\/0dbbfc45970cc46bcd0e57766228574ff3511d6eed045b182f536f0f478c1f06?s=96&d=mm&r=g\",\"url\":\"https:\\\/\\\/secure.gravatar.com\\\/avatar\\\/0dbbfc45970cc46bcd0e57766228574ff3511d6eed045b182f536f0f478c1f06?s=96&d=mm&r=g\",\"contentUrl\":\"https:\\\/\\\/secure.gravatar.com\\\/avatar\\\/0dbbfc45970cc46bcd0e57766228574ff3511d6eed045b182f536f0f478c1f06?s=96&d=mm&r=g\",\"caption\":\"Cristian Falabella NOTICIASMERCEDINAS.COM\"},\"description\":\"Periodista, editor de Noticias Mercedinas. Pas\u00f3 por varias redacciones y emprendimientos de prensa, en distintos formatos y \u00e9pocas. Se especializ\u00f3 --y sigue haci\u00e9ndolo-- en comunicaci\u00f3n en la web y en junio de 2006 fund\u00f3 este diario digital.\",\"sameAs\":[\"https:\\\/\\\/noticiasmercedinas.com\",\"https:\\\/\\\/www.facebook.com\\\/cristian.falabella\",\"https:\\\/\\\/www.instagram.com\\\/noticiasmercedinas\\\/\",\"https:\\\/\\\/x.com\\\/https:\\\/\\\/twitter.com\\\/NOTMERCEDINAS\"],\"url\":\"https:\\\/\\\/noticiasmercedinas.com\\\/site\\\/author\\\/as000384\\\/\"}]}<\/script>\n<!-- \/ Yoast SEO plugin. -->","yoast_head_json":{"title":"Nuevo consultorio odontol\u00f3gico municipal: es el quinto","robots":{"index":"index","follow":"follow","max-snippet":"max-snippet:-1","max-image-preview":"max-image-preview:large","max-video-preview":"max-video-preview:-1"},"canonical":"https:\/\/noticiasmercedinas.com\/site\/2019\/02\/15\/nuevo-consultorio-odontologico-municipal-es-el-quinto\/","og_locale":"es_ES","og_type":"article","og_title":"Nuevo consultorio odontol\u00f3gico municipal: es el quinto","og_description":"Se inaugur\u00f3 el 5\u00b0consultorio odontol\u00f3gico municipal en Lomas del Pac\u00edfico. Ustarroz dej\u00f3 inaugurado un nuevo consultorio odontol\u00f3gico montado con fondos municipales. Es parte de una red de salud bucal que cubre distintas zonas de la ciudad y zona rural. Funcionar\u00e1 los martes y viernes, a cargo de la odont\u00f3loga Sol Lettieri. \u201cNos hab\u00edamos propuesto cuatro [&hellip;]","og_url":"https:\/\/noticiasmercedinas.com\/site\/2019\/02\/15\/nuevo-consultorio-odontologico-municipal-es-el-quinto\/","og_site_name":"NOTICIASMERCEDINAS.COM","article_publisher":"https:\/\/www.facebook.com\/noticiasmercedinas\/","article_author":"https:\/\/www.facebook.com\/cristian.falabella","article_published_time":"2019-02-15T20:26:26+00:00","og_image":[{"width":937,"height":625,"url":"https:\/\/noticiasmercedinas.com\/site\/wp-content\/uploads\/2019\/02\/1-8.jpg","type":"image\/jpeg"}],"author":"Cristian Falabella NOTICIASMERCEDINAS.COM","twitter_card":"summary_large_image","twitter_creator":"@https:\/\/twitter.com\/NOTMERCEDINAS","twitter_site":"@notmercedinas","twitter_misc":{"Escrito por":"Cristian Falabella NOTICIASMERCEDINAS.COM","Tiempo de lectura":"4 minutos"},"schema":{"@context":"https:\/\/schema.org","@graph":[{"@type":"Article","@id":"https:\/\/noticiasmercedinas.com\/site\/2019\/02\/15\/nuevo-consultorio-odontologico-municipal-es-el-quinto\/#article","isPartOf":{"@id":"https:\/\/noticiasmercedinas.com\/site\/2019\/02\/15\/nuevo-consultorio-odontologico-municipal-es-el-quinto\/"},"author":{"name":"Cristian Falabella NOTICIASMERCEDINAS.COM","@id":"https:\/\/noticiasmercedinas.com\/site\/#\/schema\/person\/d481a9696a5feaec13a60e2bbd991a6a"},"headline":"Nuevo consultorio odontol\u00f3gico municipal: es el quinto","datePublished":"2019-02-15T20:26:26+00:00","mainEntityOfPage":{"@id":"https:\/\/noticiasmercedinas.com\/site\/2019\/02\/15\/nuevo-consultorio-odontologico-municipal-es-el-quinto\/"},"wordCount":795,"commentCount":0,"publisher":{"@id":"https:\/\/noticiasmercedinas.com\/site\/#organization"},"image":{"@id":"https:\/\/noticiasmercedinas.com\/site\/2019\/02\/15\/nuevo-consultorio-odontologico-municipal-es-el-quinto\/#primaryimage"},"thumbnailUrl":"https:\/\/noticiasmercedinas.com\/site\/wp-content\/uploads\/2019\/02\/1-8.jpg","keywords":["consulturio odontologico","juan ignacio ustarroz","pablo cassiani","salud"],"articleSection":["Sociedad"],"inLanguage":"es","potentialAction":[{"@type":"CommentAction","name":"Comment","target":["https:\/\/noticiasmercedinas.com\/site\/2019\/02\/15\/nuevo-consultorio-odontologico-municipal-es-el-quinto\/#respond"]}]},{"@type":"WebPage","@id":"https:\/\/noticiasmercedinas.com\/site\/2019\/02\/15\/nuevo-consultorio-odontologico-municipal-es-el-quinto\/","url":"https:\/\/noticiasmercedinas.com\/site\/2019\/02\/15\/nuevo-consultorio-odontologico-municipal-es-el-quinto\/","name":"Nuevo consultorio odontol\u00f3gico municipal: es el quinto","isPartOf":{"@id":"https:\/\/noticiasmercedinas.com\/site\/#website"},"primaryImageOfPage":{"@id":"https:\/\/noticiasmercedinas.com\/site\/2019\/02\/15\/nuevo-consultorio-odontologico-municipal-es-el-quinto\/#primaryimage"},"image":{"@id":"https:\/\/noticiasmercedinas.com\/site\/2019\/02\/15\/nuevo-consultorio-odontologico-municipal-es-el-quinto\/#primaryimage"},"thumbnailUrl":"https:\/\/noticiasmercedinas.com\/site\/wp-content\/uploads\/2019\/02\/1-8.jpg","datePublished":"2019-02-15T20:26:26+00:00","breadcrumb":{"@id":"https:\/\/noticiasmercedinas.com\/site\/2019\/02\/15\/nuevo-consultorio-odontologico-municipal-es-el-quinto\/#breadcrumb"},"inLanguage":"es","potentialAction":[{"@type":"ReadAction","target":["https:\/\/noticiasmercedinas.com\/site\/2019\/02\/15\/nuevo-consultorio-odontologico-municipal-es-el-quinto\/"]}]},{"@type":"ImageObject","inLanguage":"es","@id":"https:\/\/noticiasmercedinas.com\/site\/2019\/02\/15\/nuevo-consultorio-odontologico-municipal-es-el-quinto\/#primaryimage","url":"https:\/\/noticiasmercedinas.com\/site\/wp-content\/uploads\/2019\/02\/1-8.jpg","contentUrl":"https:\/\/noticiasmercedinas.com\/site\/wp-content\/uploads\/2019\/02\/1-8.jpg","width":937,"height":625},{"@type":"BreadcrumbList","@id":"https:\/\/noticiasmercedinas.com\/site\/2019\/02\/15\/nuevo-consultorio-odontologico-municipal-es-el-quinto\/#breadcrumb","itemListElement":[{"@type":"ListItem","position":1,"name":"Portada","item":"https:\/\/noticiasmercedinas.com\/site\/"},{"@type":"ListItem","position":2,"name":"Nuevo consultorio odontol\u00f3gico municipal: es el quinto"}]},{"@type":"WebSite","@id":"https:\/\/noticiasmercedinas.com\/site\/#website","url":"https:\/\/noticiasmercedinas.com\/site\/","name":"NOTICIASMERCEDINAS.COM","description":"Mercedes, Buenos Aires, Argentina","publisher":{"@id":"https:\/\/noticiasmercedinas.com\/site\/#organization"},"potentialAction":[{"@type":"SearchAction","target":{"@type":"EntryPoint","urlTemplate":"https:\/\/noticiasmercedinas.com\/site\/?s={search_term_string}"},"query-input":{"@type":"PropertyValueSpecification","valueRequired":true,"valueName":"search_term_string"}}],"inLanguage":"es"},{"@type":"Organization","@id":"https:\/\/noticiasmercedinas.com\/site\/#organization","name":"NOTICIASMERCEDINAS.COM","url":"https:\/\/noticiasmercedinas.com\/site\/","logo":{"@type":"ImageObject","inLanguage":"es","@id":"https:\/\/noticiasmercedinas.com\/site\/#\/schema\/logo\/image\/","url":"https:\/\/noticiasmercedinas.com\/site\/wp-content\/uploads\/2020\/06\/LOGO-512.jpg","contentUrl":"https:\/\/noticiasmercedinas.com\/site\/wp-content\/uploads\/2020\/06\/LOGO-512.jpg","width":512,"height":512,"caption":"NOTICIASMERCEDINAS.COM"},"image":{"@id":"https:\/\/noticiasmercedinas.com\/site\/#\/schema\/logo\/image\/"},"sameAs":["https:\/\/www.facebook.com\/noticiasmercedinas\/","https:\/\/x.com\/notmercedinas","https:\/\/www.instagram.com\/noticiasmercedinas\/"]},{"@type":"Person","@id":"https:\/\/noticiasmercedinas.com\/site\/#\/schema\/person\/d481a9696a5feaec13a60e2bbd991a6a","name":"Cristian Falabella NOTICIASMERCEDINAS.COM","image":{"@type":"ImageObject","inLanguage":"es","@id":"https:\/\/secure.gravatar.com\/avatar\/0dbbfc45970cc46bcd0e57766228574ff3511d6eed045b182f536f0f478c1f06?s=96&d=mm&r=g","url":"https:\/\/secure.gravatar.com\/avatar\/0dbbfc45970cc46bcd0e57766228574ff3511d6eed045b182f536f0f478c1f06?s=96&d=mm&r=g","contentUrl":"https:\/\/secure.gravatar.com\/avatar\/0dbbfc45970cc46bcd0e57766228574ff3511d6eed045b182f536f0f478c1f06?s=96&d=mm&r=g","caption":"Cristian Falabella NOTICIASMERCEDINAS.COM"},"description":"Periodista, editor de Noticias Mercedinas. Pas\u00f3 por varias redacciones y emprendimientos de prensa, en distintos formatos y \u00e9pocas. Se especializ\u00f3 --y sigue haci\u00e9ndolo-- en comunicaci\u00f3n en la web y en junio de 2006 fund\u00f3 este diario digital.","sameAs":["https:\/\/noticiasmercedinas.com","https:\/\/www.facebook.com\/cristian.falabella","https:\/\/www.instagram.com\/noticiasmercedinas\/","https:\/\/x.com\/https:\/\/twitter.com\/NOTMERCEDINAS"],"url":"https:\/\/noticiasmercedinas.com\/site\/author\/as000384\/"}]}},"amp_enabled":true,"_links":{"self":[{"href":"https:\/\/noticiasmercedinas.com\/site\/wp-json\/wp\/v2\/posts\/12370","targetHints":{"allow":["GET"]}}],"collection":[{"href":"https:\/\/noticiasmercedinas.com\/site\/wp-json\/wp\/v2\/posts"}],"about":[{"href":"https:\/\/noticiasmercedinas.com\/site\/wp-json\/wp\/v2\/types\/post"}],"author":[{"embeddable":true,"href":"https:\/\/noticiasmercedinas.com\/site\/wp-json\/wp\/v2\/users\/2"}],"replies":[{"embeddable":true,"href":"https:\/\/noticiasmercedinas.com\/site\/wp-json\/wp\/v2\/comments?post=12370"}],"version-history":[{"count":1,"href":"https:\/\/noticiasmercedinas.com\/site\/wp-json\/wp\/v2\/posts\/12370\/revisions"}],"predecessor-version":[{"id":12372,"href":"https:\/\/noticiasmercedinas.com\/site\/wp-json\/wp\/v2\/posts\/12370\/revisions\/12372"}],"wp:featuredmedia":[{"embeddable":true,"href":"https:\/\/noticiasmercedinas.com\/site\/wp-json\/wp\/v2\/media\/12371"}],"wp:attachment":[{"href":"https:\/\/noticiasmercedinas.com\/site\/wp-json\/wp\/v2\/media?parent=12370"}],"wp:term":[{"taxonomy":"category","embeddable":true,"href":"https:\/\/noticiasmercedinas.com\/site\/wp-json\/wp\/v2\/categories?post=12370"},{"taxonomy":"post_tag","embeddable":true,"href":"https:\/\/noticiasmercedinas.com\/site\/wp-json\/wp\/v2\/tags?post=12370"}],"curies":[{"name":"wp","href":"https:\/\/api.w.org\/{rel}","templated":true}]}}