{"id":123725,"date":"2023-09-28T17:32:41","date_gmt":"2023-09-28T20:32:41","guid":{"rendered":"https:\/\/noticiasmercedinas.com\/site\/?p=123725"},"modified":"2023-09-28T17:32:41","modified_gmt":"2023-09-28T20:32:41","slug":"carlos-y-sabrina-selva-junto-a-sergio-massa-y-axel-kicillof-en-ensenada","status":"publish","type":"post","link":"https:\/\/noticiasmercedinas.com\/site\/2023\/09\/28\/carlos-y-sabrina-selva-junto-a-sergio-massa-y-axel-kicillof-en-ensenada\/","title":{"rendered":"Carlos y Sabrina Selva junto a Sergio Massa y Axel Kicillof, en Ensenada"},"content":{"rendered":"<p><img loading=\"lazy\" decoding=\"async\" class=\"alignnone size-full wp-image-123728\" src=\"https:\/\/noticiasmercedinas.com\/site\/wp-content\/uploads\/2023\/09\/SELVAMA1S.jpg\" alt=\"\" width=\"640\" height=\"479\" srcset=\"https:\/\/noticiasmercedinas.com\/site\/wp-content\/uploads\/2023\/09\/SELVAMA1S.jpg 640w, https:\/\/noticiasmercedinas.com\/site\/wp-content\/uploads\/2023\/09\/SELVAMA1S-300x225.jpg 300w, https:\/\/noticiasmercedinas.com\/site\/wp-content\/uploads\/2023\/09\/SELVAMA1S-80x60.jpg 80w, https:\/\/noticiasmercedinas.com\/site\/wp-content\/uploads\/2023\/09\/SELVAMA1S-160x120.jpg 160w, https:\/\/noticiasmercedinas.com\/site\/wp-content\/uploads\/2023\/09\/SELVAMA1S-100x75.jpg 100w, https:\/\/noticiasmercedinas.com\/site\/wp-content\/uploads\/2023\/09\/SELVAMA1S-200x150.jpg 200w, https:\/\/noticiasmercedinas.com\/site\/wp-content\/uploads\/2023\/09\/SELVAMA1S-180x135.jpg 180w, https:\/\/noticiasmercedinas.com\/site\/wp-content\/uploads\/2023\/09\/SELVAMA1S-360x270.jpg 360w, https:\/\/noticiasmercedinas.com\/site\/wp-content\/uploads\/2023\/09\/SELVAMA1S-238x178.jpg 238w, https:\/\/noticiasmercedinas.com\/site\/wp-content\/uploads\/2023\/09\/SELVAMA1S-476x356.jpg 476w\" sizes=\"auto, (max-width: 640px) 100vw, 640px\" \/><\/p>\n<p>En un evento de gran relevancia pol\u00edtica, el diputado nacional <strong>Carlos Selva<\/strong> y su hija, la candidata a diputada <strong>Sabrina Selva<\/strong>, se unieron al ministro de Econom\u00eda y candidato a presidente de la Naci\u00f3n por Uni\u00f3n por la Patria (UxP), <strong>Sergio Massa<\/strong>, en un importante acto que cont\u00f3 con la presencia del gobernador <strong>Axel Kicillof<\/strong> en la localidad de Ensenada.<\/p>\n<p>\u00abEl 22 de octubre se pone en juego el futuro de las y los argentinos; depende de cada uno de nosotros cuidar lo conseguido y no dejar que la patria est\u00e9 en peligro\u00bb, dijeron Carlos y Sabrina Selva y expresaron su compromiso, a la vez que marcaron su agradecimiento al intendente <strong>Mario Secco<\/strong> por \u00absu incansable compromiso y militancia, reafirmando que el camino hacia el triunfo se construye de manera colectiva\u00bb.<\/p>\n<p>El ministro de Econom\u00eda y candidato presidencial, Sergio Massa, hizo hincapi\u00e9 en que una eventual victoria en las elecciones de octubre dar\u00e1 inicio a una \u00abnueva etapa en la pol\u00edtica\u00bb con un Gobierno de \u00abunidad nacional\u00bb. Durante su discurso, Massa inst\u00f3 a la militancia a llevar adelante los cambios necesarios y tomar medidas para el futuro de Argentina.<\/p>\n<p>Por su parte, el gobernador bonaerense, Axel Kicillof, llam\u00f3 a convertir a la provincia de Buenos Aires en el \u00abmotor\u00bb del triunfo del peronismo, destacando la importancia estrat\u00e9gica de este distrito.<\/p>\n<p>El acto, que tuvo lugar en el Club Cambaceres de Ensenada, fue una demostraci\u00f3n de fuerza del peronismo, con una convocatoria que incluy\u00f3 a sindicatos, movimientos sociales, intendentes y funcionarios, marcando el inicio de la campa\u00f1a bonaerense de Uni\u00f3n por la Patria bajo el lema &#8216;Todos y Unidos&#8217;.<\/p>\n<p><img loading=\"lazy\" decoding=\"async\" class=\"alignnone size-full wp-image-123727\" src=\"https:\/\/noticiasmercedinas.com\/site\/wp-content\/uploads\/2023\/09\/SELVAMAS.jpg\" alt=\"\" width=\"640\" height=\"453\" srcset=\"https:\/\/noticiasmercedinas.com\/site\/wp-content\/uploads\/2023\/09\/SELVAMAS.jpg 640w, https:\/\/noticiasmercedinas.com\/site\/wp-content\/uploads\/2023\/09\/SELVAMAS-300x212.jpg 300w\" sizes=\"auto, (max-width: 640px) 100vw, 640px\" \/><\/p>\n","protected":false},"excerpt":{"rendered":"<p>\u25a0 El acto, que tuvo lugar en el Club Cambaceres, fue una demostraci\u00f3n de fuerza del peronismo, con una convocatoria que incluy\u00f3 a sindicatos, movimientos sociales, intendentes y funcionario<\/p>\n","protected":false},"author":16,"featured_media":123728,"comment_status":"closed","ping_status":"closed","sticky":false,"template":"","format":"standard","meta":{"footnotes":""},"categories":[16],"tags":[318,14662,4259,1297,17024],"class_list":["post-123725","post","type-post","status-publish","format-standard","has-post-thumbnail","hentry","category-politica","tag-carlos-selva","tag-elecciones-2023","tag-sabrina-selva","tag-sergio-massa","tag-union-por-la-patria"],"yoast_head":"<!-- This site is optimized with the Yoast SEO plugin v27.4 - https:\/\/yoast.com\/product\/yoast-seo-wordpress\/ -->\n<title>Carlos y Sabrina Selva junto a Sergio Massa y Axel Kicillof, en Ensenada<\/title>\n<meta name=\"robots\" content=\"index, follow, max-snippet:-1, max-image-preview:large, max-video-preview:-1\" \/>\n<link rel=\"canonical\" href=\"https:\/\/noticiasmercedinas.com\/site\/2023\/09\/28\/carlos-y-sabrina-selva-junto-a-sergio-massa-y-axel-kicillof-en-ensenada\/\" \/>\n<meta property=\"og:locale\" content=\"es_ES\" \/>\n<meta property=\"og:type\" content=\"article\" \/>\n<meta property=\"og:title\" content=\"Carlos y Sabrina Selva junto a Sergio Massa y Axel Kicillof, en Ensenada\" \/>\n<meta property=\"og:description\" content=\"\u25a0 El acto, que tuvo lugar en el Club Cambaceres, fue una demostraci\u00f3n de fuerza del peronismo, con una convocatoria que incluy\u00f3 a sindicatos, movimientos sociales, intendentes y funcionario\" \/>\n<meta property=\"og:url\" content=\"https:\/\/noticiasmercedinas.com\/site\/2023\/09\/28\/carlos-y-sabrina-selva-junto-a-sergio-massa-y-axel-kicillof-en-ensenada\/\" \/>\n<meta property=\"og:site_name\" content=\"NOTICIASMERCEDINAS.COM\" \/>\n<meta property=\"article:publisher\" content=\"https:\/\/www.facebook.com\/noticiasmercedinas\/\" \/>\n<meta property=\"article:published_time\" content=\"2023-09-28T20:32:41+00:00\" \/>\n<meta property=\"og:image\" content=\"https:\/\/noticiasmercedinas.com\/site\/wp-content\/uploads\/2023\/09\/SELVAMA1S.jpg\" \/>\n\t<meta property=\"og:image:width\" content=\"640\" \/>\n\t<meta property=\"og:image:height\" content=\"479\" \/>\n\t<meta property=\"og:image:type\" content=\"image\/jpeg\" \/>\n<meta name=\"author\" content=\"NOTICIASMERCEDINAS.COM\" \/>\n<meta name=\"twitter:card\" content=\"summary_large_image\" \/>\n<meta name=\"twitter:creator\" content=\"@notmercedinas\" \/>\n<meta name=\"twitter:site\" content=\"@notmercedinas\" \/>\n<meta name=\"twitter:label1\" content=\"Escrito por\" \/>\n\t<meta name=\"twitter:data1\" content=\"NOTICIASMERCEDINAS.COM\" \/>\n\t<meta name=\"twitter:label2\" content=\"Tiempo de lectura\" \/>\n\t<meta name=\"twitter:data2\" content=\"2 minutos\" \/>\n<script type=\"application\/ld+json\" class=\"yoast-schema-graph\">{\"@context\":\"https:\\\/\\\/schema.org\",\"@graph\":[{\"@type\":\"Article\",\"@id\":\"https:\\\/\\\/noticiasmercedinas.com\\\/site\\\/2023\\\/09\\\/28\\\/carlos-y-sabrina-selva-junto-a-sergio-massa-y-axel-kicillof-en-ensenada\\\/#article\",\"isPartOf\":{\"@id\":\"https:\\\/\\\/noticiasmercedinas.com\\\/site\\\/2023\\\/09\\\/28\\\/carlos-y-sabrina-selva-junto-a-sergio-massa-y-axel-kicillof-en-ensenada\\\/\"},\"author\":{\"name\":\"NOTICIASMERCEDINAS.COM\",\"@id\":\"https:\\\/\\\/noticiasmercedinas.com\\\/site\\\/#\\\/schema\\\/person\\\/84b59c099c28ff2e8b77d4ceec5d8063\"},\"headline\":\"Carlos y Sabrina Selva junto a Sergio Massa y Axel Kicillof, en Ensenada\",\"datePublished\":\"2023-09-28T20:32:41+00:00\",\"mainEntityOfPage\":{\"@id\":\"https:\\\/\\\/noticiasmercedinas.com\\\/site\\\/2023\\\/09\\\/28\\\/carlos-y-sabrina-selva-junto-a-sergio-massa-y-axel-kicillof-en-ensenada\\\/\"},\"wordCount\":290,\"publisher\":{\"@id\":\"https:\\\/\\\/noticiasmercedinas.com\\\/site\\\/#organization\"},\"image\":{\"@id\":\"https:\\\/\\\/noticiasmercedinas.com\\\/site\\\/2023\\\/09\\\/28\\\/carlos-y-sabrina-selva-junto-a-sergio-massa-y-axel-kicillof-en-ensenada\\\/#primaryimage\"},\"thumbnailUrl\":\"https:\\\/\\\/noticiasmercedinas.com\\\/site\\\/wp-content\\\/uploads\\\/2023\\\/09\\\/SELVAMA1S.jpg\",\"keywords\":[\"carlos selva\",\"elecciones 2023\",\"sabrina selva\",\"sergio massa\",\"Uni\u00f3n por la Patria\"],\"articleSection\":[\"Politica\"],\"inLanguage\":\"es\"},{\"@type\":\"WebPage\",\"@id\":\"https:\\\/\\\/noticiasmercedinas.com\\\/site\\\/2023\\\/09\\\/28\\\/carlos-y-sabrina-selva-junto-a-sergio-massa-y-axel-kicillof-en-ensenada\\\/\",\"url\":\"https:\\\/\\\/noticiasmercedinas.com\\\/site\\\/2023\\\/09\\\/28\\\/carlos-y-sabrina-selva-junto-a-sergio-massa-y-axel-kicillof-en-ensenada\\\/\",\"name\":\"Carlos y Sabrina Selva junto a Sergio Massa y Axel Kicillof, en Ensenada\",\"isPartOf\":{\"@id\":\"https:\\\/\\\/noticiasmercedinas.com\\\/site\\\/#website\"},\"primaryImageOfPage\":{\"@id\":\"https:\\\/\\\/noticiasmercedinas.com\\\/site\\\/2023\\\/09\\\/28\\\/carlos-y-sabrina-selva-junto-a-sergio-massa-y-axel-kicillof-en-ensenada\\\/#primaryimage\"},\"image\":{\"@id\":\"https:\\\/\\\/noticiasmercedinas.com\\\/site\\\/2023\\\/09\\\/28\\\/carlos-y-sabrina-selva-junto-a-sergio-massa-y-axel-kicillof-en-ensenada\\\/#primaryimage\"},\"thumbnailUrl\":\"https:\\\/\\\/noticiasmercedinas.com\\\/site\\\/wp-content\\\/uploads\\\/2023\\\/09\\\/SELVAMA1S.jpg\",\"datePublished\":\"2023-09-28T20:32:41+00:00\",\"breadcrumb\":{\"@id\":\"https:\\\/\\\/noticiasmercedinas.com\\\/site\\\/2023\\\/09\\\/28\\\/carlos-y-sabrina-selva-junto-a-sergio-massa-y-axel-kicillof-en-ensenada\\\/#breadcrumb\"},\"inLanguage\":\"es\",\"potentialAction\":[{\"@type\":\"ReadAction\",\"target\":[\"https:\\\/\\\/noticiasmercedinas.com\\\/site\\\/2023\\\/09\\\/28\\\/carlos-y-sabrina-selva-junto-a-sergio-massa-y-axel-kicillof-en-ensenada\\\/\"]}]},{\"@type\":\"ImageObject\",\"inLanguage\":\"es\",\"@id\":\"https:\\\/\\\/noticiasmercedinas.com\\\/site\\\/2023\\\/09\\\/28\\\/carlos-y-sabrina-selva-junto-a-sergio-massa-y-axel-kicillof-en-ensenada\\\/#primaryimage\",\"url\":\"https:\\\/\\\/noticiasmercedinas.com\\\/site\\\/wp-content\\\/uploads\\\/2023\\\/09\\\/SELVAMA1S.jpg\",\"contentUrl\":\"https:\\\/\\\/noticiasmercedinas.com\\\/site\\\/wp-content\\\/uploads\\\/2023\\\/09\\\/SELVAMA1S.jpg\",\"width\":640,\"height\":479},{\"@type\":\"BreadcrumbList\",\"@id\":\"https:\\\/\\\/noticiasmercedinas.com\\\/site\\\/2023\\\/09\\\/28\\\/carlos-y-sabrina-selva-junto-a-sergio-massa-y-axel-kicillof-en-ensenada\\\/#breadcrumb\",\"itemListElement\":[{\"@type\":\"ListItem\",\"position\":1,\"name\":\"Portada\",\"item\":\"https:\\\/\\\/noticiasmercedinas.com\\\/site\\\/\"},{\"@type\":\"ListItem\",\"position\":2,\"name\":\"Carlos y Sabrina Selva junto a Sergio Massa y Axel Kicillof, en Ensenada\"}]},{\"@type\":\"WebSite\",\"@id\":\"https:\\\/\\\/noticiasmercedinas.com\\\/site\\\/#website\",\"url\":\"https:\\\/\\\/noticiasmercedinas.com\\\/site\\\/\",\"name\":\"NOTICIASMERCEDINAS.COM\",\"description\":\"Mercedes, Buenos Aires, Argentina\",\"publisher\":{\"@id\":\"https:\\\/\\\/noticiasmercedinas.com\\\/site\\\/#organization\"},\"potentialAction\":[{\"@type\":\"SearchAction\",\"target\":{\"@type\":\"EntryPoint\",\"urlTemplate\":\"https:\\\/\\\/noticiasmercedinas.com\\\/site\\\/?s={search_term_string}\"},\"query-input\":{\"@type\":\"PropertyValueSpecification\",\"valueRequired\":true,\"valueName\":\"search_term_string\"}}],\"inLanguage\":\"es\"},{\"@type\":\"Organization\",\"@id\":\"https:\\\/\\\/noticiasmercedinas.com\\\/site\\\/#organization\",\"name\":\"NOTICIASMERCEDINAS.COM\",\"url\":\"https:\\\/\\\/noticiasmercedinas.com\\\/site\\\/\",\"logo\":{\"@type\":\"ImageObject\",\"inLanguage\":\"es\",\"@id\":\"https:\\\/\\\/noticiasmercedinas.com\\\/site\\\/#\\\/schema\\\/logo\\\/image\\\/\",\"url\":\"https:\\\/\\\/noticiasmercedinas.com\\\/site\\\/wp-content\\\/uploads\\\/2020\\\/06\\\/LOGO-512.jpg\",\"contentUrl\":\"https:\\\/\\\/noticiasmercedinas.com\\\/site\\\/wp-content\\\/uploads\\\/2020\\\/06\\\/LOGO-512.jpg\",\"width\":512,\"height\":512,\"caption\":\"NOTICIASMERCEDINAS.COM\"},\"image\":{\"@id\":\"https:\\\/\\\/noticiasmercedinas.com\\\/site\\\/#\\\/schema\\\/logo\\\/image\\\/\"},\"sameAs\":[\"https:\\\/\\\/www.facebook.com\\\/noticiasmercedinas\\\/\",\"https:\\\/\\\/x.com\\\/notmercedinas\",\"https:\\\/\\\/www.instagram.com\\\/noticiasmercedinas\\\/\"]},{\"@type\":\"Person\",\"@id\":\"https:\\\/\\\/noticiasmercedinas.com\\\/site\\\/#\\\/schema\\\/person\\\/84b59c099c28ff2e8b77d4ceec5d8063\",\"name\":\"NOTICIASMERCEDINAS.COM\",\"image\":{\"@type\":\"ImageObject\",\"inLanguage\":\"es\",\"@id\":\"https:\\\/\\\/secure.gravatar.com\\\/avatar\\\/4dfbf16b4d17945bfb6341b2d19043457132fcf478a5ee04f42e959fd8f5df0a?s=96&d=mm&r=g\",\"url\":\"https:\\\/\\\/secure.gravatar.com\\\/avatar\\\/4dfbf16b4d17945bfb6341b2d19043457132fcf478a5ee04f42e959fd8f5df0a?s=96&d=mm&r=g\",\"contentUrl\":\"https:\\\/\\\/secure.gravatar.com\\\/avatar\\\/4dfbf16b4d17945bfb6341b2d19043457132fcf478a5ee04f42e959fd8f5df0a?s=96&d=mm&r=g\",\"caption\":\"NOTICIASMERCEDINAS.COM\"},\"url\":\"https:\\\/\\\/noticiasmercedinas.com\\\/site\\\/author\\\/anonimo\\\/\"}]}<\/script>\n<!-- \/ Yoast SEO plugin. -->","yoast_head_json":{"title":"Carlos y Sabrina Selva junto a Sergio Massa y Axel Kicillof, en Ensenada","robots":{"index":"index","follow":"follow","max-snippet":"max-snippet:-1","max-image-preview":"max-image-preview:large","max-video-preview":"max-video-preview:-1"},"canonical":"https:\/\/noticiasmercedinas.com\/site\/2023\/09\/28\/carlos-y-sabrina-selva-junto-a-sergio-massa-y-axel-kicillof-en-ensenada\/","og_locale":"es_ES","og_type":"article","og_title":"Carlos y Sabrina Selva junto a Sergio Massa y Axel Kicillof, en Ensenada","og_description":"\u25a0 El acto, que tuvo lugar en el Club Cambaceres, fue una demostraci\u00f3n de fuerza del peronismo, con una convocatoria que incluy\u00f3 a sindicatos, movimientos sociales, intendentes y funcionario","og_url":"https:\/\/noticiasmercedinas.com\/site\/2023\/09\/28\/carlos-y-sabrina-selva-junto-a-sergio-massa-y-axel-kicillof-en-ensenada\/","og_site_name":"NOTICIASMERCEDINAS.COM","article_publisher":"https:\/\/www.facebook.com\/noticiasmercedinas\/","article_published_time":"2023-09-28T20:32:41+00:00","og_image":[{"width":640,"height":479,"url":"https:\/\/noticiasmercedinas.com\/site\/wp-content\/uploads\/2023\/09\/SELVAMA1S.jpg","type":"image\/jpeg"}],"author":"NOTICIASMERCEDINAS.COM","twitter_card":"summary_large_image","twitter_creator":"@notmercedinas","twitter_site":"@notmercedinas","twitter_misc":{"Escrito por":"NOTICIASMERCEDINAS.COM","Tiempo de lectura":"2 minutos"},"schema":{"@context":"https:\/\/schema.org","@graph":[{"@type":"Article","@id":"https:\/\/noticiasmercedinas.com\/site\/2023\/09\/28\/carlos-y-sabrina-selva-junto-a-sergio-massa-y-axel-kicillof-en-ensenada\/#article","isPartOf":{"@id":"https:\/\/noticiasmercedinas.com\/site\/2023\/09\/28\/carlos-y-sabrina-selva-junto-a-sergio-massa-y-axel-kicillof-en-ensenada\/"},"author":{"name":"NOTICIASMERCEDINAS.COM","@id":"https:\/\/noticiasmercedinas.com\/site\/#\/schema\/person\/84b59c099c28ff2e8b77d4ceec5d8063"},"headline":"Carlos y Sabrina Selva junto a Sergio Massa y Axel Kicillof, en Ensenada","datePublished":"2023-09-28T20:32:41+00:00","mainEntityOfPage":{"@id":"https:\/\/noticiasmercedinas.com\/site\/2023\/09\/28\/carlos-y-sabrina-selva-junto-a-sergio-massa-y-axel-kicillof-en-ensenada\/"},"wordCount":290,"publisher":{"@id":"https:\/\/noticiasmercedinas.com\/site\/#organization"},"image":{"@id":"https:\/\/noticiasmercedinas.com\/site\/2023\/09\/28\/carlos-y-sabrina-selva-junto-a-sergio-massa-y-axel-kicillof-en-ensenada\/#primaryimage"},"thumbnailUrl":"https:\/\/noticiasmercedinas.com\/site\/wp-content\/uploads\/2023\/09\/SELVAMA1S.jpg","keywords":["carlos selva","elecciones 2023","sabrina selva","sergio massa","Uni\u00f3n por la Patria"],"articleSection":["Politica"],"inLanguage":"es"},{"@type":"WebPage","@id":"https:\/\/noticiasmercedinas.com\/site\/2023\/09\/28\/carlos-y-sabrina-selva-junto-a-sergio-massa-y-axel-kicillof-en-ensenada\/","url":"https:\/\/noticiasmercedinas.com\/site\/2023\/09\/28\/carlos-y-sabrina-selva-junto-a-sergio-massa-y-axel-kicillof-en-ensenada\/","name":"Carlos y Sabrina Selva junto a Sergio Massa y Axel Kicillof, en Ensenada","isPartOf":{"@id":"https:\/\/noticiasmercedinas.com\/site\/#website"},"primaryImageOfPage":{"@id":"https:\/\/noticiasmercedinas.com\/site\/2023\/09\/28\/carlos-y-sabrina-selva-junto-a-sergio-massa-y-axel-kicillof-en-ensenada\/#primaryimage"},"image":{"@id":"https:\/\/noticiasmercedinas.com\/site\/2023\/09\/28\/carlos-y-sabrina-selva-junto-a-sergio-massa-y-axel-kicillof-en-ensenada\/#primaryimage"},"thumbnailUrl":"https:\/\/noticiasmercedinas.com\/site\/wp-content\/uploads\/2023\/09\/SELVAMA1S.jpg","datePublished":"2023-09-28T20:32:41+00:00","breadcrumb":{"@id":"https:\/\/noticiasmercedinas.com\/site\/2023\/09\/28\/carlos-y-sabrina-selva-junto-a-sergio-massa-y-axel-kicillof-en-ensenada\/#breadcrumb"},"inLanguage":"es","potentialAction":[{"@type":"ReadAction","target":["https:\/\/noticiasmercedinas.com\/site\/2023\/09\/28\/carlos-y-sabrina-selva-junto-a-sergio-massa-y-axel-kicillof-en-ensenada\/"]}]},{"@type":"ImageObject","inLanguage":"es","@id":"https:\/\/noticiasmercedinas.com\/site\/2023\/09\/28\/carlos-y-sabrina-selva-junto-a-sergio-massa-y-axel-kicillof-en-ensenada\/#primaryimage","url":"https:\/\/noticiasmercedinas.com\/site\/wp-content\/uploads\/2023\/09\/SELVAMA1S.jpg","contentUrl":"https:\/\/noticiasmercedinas.com\/site\/wp-content\/uploads\/2023\/09\/SELVAMA1S.jpg","width":640,"height":479},{"@type":"BreadcrumbList","@id":"https:\/\/noticiasmercedinas.com\/site\/2023\/09\/28\/carlos-y-sabrina-selva-junto-a-sergio-massa-y-axel-kicillof-en-ensenada\/#breadcrumb","itemListElement":[{"@type":"ListItem","position":1,"name":"Portada","item":"https:\/\/noticiasmercedinas.com\/site\/"},{"@type":"ListItem","position":2,"name":"Carlos y Sabrina Selva junto a Sergio Massa y Axel Kicillof, en Ensenada"}]},{"@type":"WebSite","@id":"https:\/\/noticiasmercedinas.com\/site\/#website","url":"https:\/\/noticiasmercedinas.com\/site\/","name":"NOTICIASMERCEDINAS.COM","description":"Mercedes, Buenos Aires, Argentina","publisher":{"@id":"https:\/\/noticiasmercedinas.com\/site\/#organization"},"potentialAction":[{"@type":"SearchAction","target":{"@type":"EntryPoint","urlTemplate":"https:\/\/noticiasmercedinas.com\/site\/?s={search_term_string}"},"query-input":{"@type":"PropertyValueSpecification","valueRequired":true,"valueName":"search_term_string"}}],"inLanguage":"es"},{"@type":"Organization","@id":"https:\/\/noticiasmercedinas.com\/site\/#organization","name":"NOTICIASMERCEDINAS.COM","url":"https:\/\/noticiasmercedinas.com\/site\/","logo":{"@type":"ImageObject","inLanguage":"es","@id":"https:\/\/noticiasmercedinas.com\/site\/#\/schema\/logo\/image\/","url":"https:\/\/noticiasmercedinas.com\/site\/wp-content\/uploads\/2020\/06\/LOGO-512.jpg","contentUrl":"https:\/\/noticiasmercedinas.com\/site\/wp-content\/uploads\/2020\/06\/LOGO-512.jpg","width":512,"height":512,"caption":"NOTICIASMERCEDINAS.COM"},"image":{"@id":"https:\/\/noticiasmercedinas.com\/site\/#\/schema\/logo\/image\/"},"sameAs":["https:\/\/www.facebook.com\/noticiasmercedinas\/","https:\/\/x.com\/notmercedinas","https:\/\/www.instagram.com\/noticiasmercedinas\/"]},{"@type":"Person","@id":"https:\/\/noticiasmercedinas.com\/site\/#\/schema\/person\/84b59c099c28ff2e8b77d4ceec5d8063","name":"NOTICIASMERCEDINAS.COM","image":{"@type":"ImageObject","inLanguage":"es","@id":"https:\/\/secure.gravatar.com\/avatar\/4dfbf16b4d17945bfb6341b2d19043457132fcf478a5ee04f42e959fd8f5df0a?s=96&d=mm&r=g","url":"https:\/\/secure.gravatar.com\/avatar\/4dfbf16b4d17945bfb6341b2d19043457132fcf478a5ee04f42e959fd8f5df0a?s=96&d=mm&r=g","contentUrl":"https:\/\/secure.gravatar.com\/avatar\/4dfbf16b4d17945bfb6341b2d19043457132fcf478a5ee04f42e959fd8f5df0a?s=96&d=mm&r=g","caption":"NOTICIASMERCEDINAS.COM"},"url":"https:\/\/noticiasmercedinas.com\/site\/author\/anonimo\/"}]}},"amp_enabled":true,"_links":{"self":[{"href":"https:\/\/noticiasmercedinas.com\/site\/wp-json\/wp\/v2\/posts\/123725","targetHints":{"allow":["GET"]}}],"collection":[{"href":"https:\/\/noticiasmercedinas.com\/site\/wp-json\/wp\/v2\/posts"}],"about":[{"href":"https:\/\/noticiasmercedinas.com\/site\/wp-json\/wp\/v2\/types\/post"}],"author":[{"embeddable":true,"href":"https:\/\/noticiasmercedinas.com\/site\/wp-json\/wp\/v2\/users\/16"}],"replies":[{"embeddable":true,"href":"https:\/\/noticiasmercedinas.com\/site\/wp-json\/wp\/v2\/comments?post=123725"}],"version-history":[{"count":1,"href":"https:\/\/noticiasmercedinas.com\/site\/wp-json\/wp\/v2\/posts\/123725\/revisions"}],"predecessor-version":[{"id":123729,"href":"https:\/\/noticiasmercedinas.com\/site\/wp-json\/wp\/v2\/posts\/123725\/revisions\/123729"}],"wp:featuredmedia":[{"embeddable":true,"href":"https:\/\/noticiasmercedinas.com\/site\/wp-json\/wp\/v2\/media\/123728"}],"wp:attachment":[{"href":"https:\/\/noticiasmercedinas.com\/site\/wp-json\/wp\/v2\/media?parent=123725"}],"wp:term":[{"taxonomy":"category","embeddable":true,"href":"https:\/\/noticiasmercedinas.com\/site\/wp-json\/wp\/v2\/categories?post=123725"},{"taxonomy":"post_tag","embeddable":true,"href":"https:\/\/noticiasmercedinas.com\/site\/wp-json\/wp\/v2\/tags?post=123725"}],"curies":[{"name":"wp","href":"https:\/\/api.w.org\/{rel}","templated":true}]}}