{"id":123757,"date":"2023-09-29T10:18:40","date_gmt":"2023-09-29T13:18:40","guid":{"rendered":"https:\/\/noticiasmercedinas.com\/site\/?p=123757"},"modified":"2023-09-29T12:34:22","modified_gmt":"2023-09-29T15:34:22","slug":"aportes-de-la-provincia-de-buenos-aires-impulsan-varias-obras-en-escuelas-de-mercedes","status":"publish","type":"post","link":"https:\/\/noticiasmercedinas.com\/site\/2023\/09\/29\/aportes-de-la-provincia-de-buenos-aires-impulsan-varias-obras-en-escuelas-de-mercedes\/","title":{"rendered":"Aportes de la Provincia de Buenos Aires impulsan varias obras en escuelas de Mercedes"},"content":{"rendered":"<p><img loading=\"lazy\" decoding=\"async\" class=\"alignnone size-large wp-image-123758\" src=\"https:\/\/noticiasmercedinas.com\/site\/wp-content\/uploads\/2023\/09\/Pisano_JoseLuis-1024x682.jpg\" alt=\"\" width=\"640\" height=\"426\" srcset=\"https:\/\/noticiasmercedinas.com\/site\/wp-content\/uploads\/2023\/09\/Pisano_JoseLuis-1024x682.jpg 1024w, https:\/\/noticiasmercedinas.com\/site\/wp-content\/uploads\/2023\/09\/Pisano_JoseLuis-300x200.jpg 300w, https:\/\/noticiasmercedinas.com\/site\/wp-content\/uploads\/2023\/09\/Pisano_JoseLuis-768x512.jpg 768w, https:\/\/noticiasmercedinas.com\/site\/wp-content\/uploads\/2023\/09\/Pisano_JoseLuis-640x427.jpg 640w, https:\/\/noticiasmercedinas.com\/site\/wp-content\/uploads\/2023\/09\/Pisano_JoseLuis-1280x853.jpg 1280w, https:\/\/noticiasmercedinas.com\/site\/wp-content\/uploads\/2023\/09\/Pisano_JoseLuis-681x454.jpg 681w, https:\/\/noticiasmercedinas.com\/site\/wp-content\/uploads\/2023\/09\/Pisano_JoseLuis.jpg 1319w\" sizes=\"auto, (max-width: 640px) 100vw, 640px\" \/><\/p>\n<p>La ciudad de Mercedes se encuentra inmersa en un proceso hist\u00f3rico de renovaci\u00f3n en sus instituciones educativas, marcando un hito en obras de reconstrucci\u00f3n, servicios, embellecimiento y construcci\u00f3n de nuevos edificios escolares. Este ambicioso proyecto es resultado de una colaboraci\u00f3n efectiva entre el Municipio de Mercedes, el Gobierno Provincial y el Gobierno Nacional.<\/p>\n<p>Recientemente, gracias a la gesti\u00f3n del Consejo Escolar de Mercedes ante la Direcci\u00f3n General de Cultura y Educaci\u00f3n, se llev\u00f3 a cabo una licitaci\u00f3n exitosa para siete nuevas obras de infraestructura en escuelas de la ciudad. Estas obras, que est\u00e1n a punto de firmarse y comenzar, son parte del Programa de Emergencia Educativa lanzado por la provincia para el a\u00f1o 2023.<\/p>\n<p>Las escuelas incluidas en este programa y las obras correspondientes son las siguientes:<\/p>\n<p>1. Jard\u00edn de Infantes 902: Reparaci\u00f3n de filtraciones.<br \/>\n2. Jard\u00edn de Infantes 904: Reconstrucci\u00f3n de su patio.<br \/>\n3. Jard\u00edn de Infantes 909: Construcci\u00f3n de un muro perimetral.<br \/>\n4. Jard\u00edn de Infantes 917: Construcci\u00f3n de una galer\u00eda en su patio.<br \/>\n5. Escuela Primaria 8: Reconstrucci\u00f3n del techo y mejoras en su sal\u00f3n de usos m\u00faltiples.<br \/>\n6. Escuela Primaria 23: Construcci\u00f3n de una cocina.<br \/>\n7. Escuela Primaria 36: Construcci\u00f3n de un muro perimetral y reparaci\u00f3n de filtraciones.<\/p>\n<p>El conjunto de estas obras representa una inversi\u00f3n que supera los 50 millones de pesos, asignados al Consejo Escolar de Mercedes, y que se traducir\u00e1n en mejoras significativas para la comunidad educativa local.<\/p>\n<p>Jos\u00e9 Luis Pisano, presidente del Consejo Escolar, expres\u00f3 su satisfacci\u00f3n al iniciar este proceso de reparaciones que se hab\u00eda gestionado durante meses. Tambi\u00e9n destac\u00f3 el compromiso y apoyo del Gobierno Nacional y Provincial en la priorizaci\u00f3n de la educaci\u00f3n, no solo en Mercedes sino en todo el pa\u00eds.<\/p>\n<p>\u00abCon estas obras, hemos superado la marca de 50 proyectos ejecutados durante los \u00faltimos cuatro a\u00f1os de gesti\u00f3n en el Consejo Escolar, sin contar las construcciones de nuevos edificios\u00bb, enfatiz\u00f3 Pisano.<\/p>\n<p>Este esfuerzo conjunto demuestra el compromiso inquebrantable de Mercedes con la calidad educativa y el bienestar de sus estudiantes y docentes.<\/p>\n","protected":false},"excerpt":{"rendered":"<p>\u25a0 Gracias a la gesti\u00f3n del Consejo Escolar de Mercedes ante la Direcci\u00f3n General de Cultura y Educaci\u00f3n, se llev\u00f3 a cabo una licitaci\u00f3n exitosa para siete nuevas obras de infraestructura<\/p>\n","protected":false},"author":16,"featured_media":123758,"comment_status":"closed","ping_status":"closed","sticky":false,"template":"","format":"standard","meta":{"footnotes":""},"categories":[3],"tags":[18,268],"class_list":["post-123757","post","type-post","status-publish","format-standard","has-post-thumbnail","hentry","category-sociedad","tag-escuelas","tag-jose-luis-pisano"],"yoast_head":"<!-- This site is optimized with the Yoast SEO plugin v27.4 - https:\/\/yoast.com\/product\/yoast-seo-wordpress\/ -->\n<title>Aportes de la Provincia de Buenos Aires impulsan varias obras en escuelas de Mercedes<\/title>\n<meta name=\"robots\" content=\"index, follow, max-snippet:-1, max-image-preview:large, max-video-preview:-1\" \/>\n<link rel=\"canonical\" href=\"https:\/\/noticiasmercedinas.com\/site\/2023\/09\/29\/aportes-de-la-provincia-de-buenos-aires-impulsan-varias-obras-en-escuelas-de-mercedes\/\" \/>\n<meta property=\"og:locale\" content=\"es_ES\" \/>\n<meta property=\"og:type\" content=\"article\" \/>\n<meta property=\"og:title\" content=\"Aportes de la Provincia de Buenos Aires impulsan varias obras en escuelas de Mercedes\" \/>\n<meta property=\"og:description\" content=\"\u25a0 Gracias a la gesti\u00f3n del Consejo Escolar de Mercedes ante la Direcci\u00f3n General de Cultura y Educaci\u00f3n, se llev\u00f3 a cabo una licitaci\u00f3n exitosa para siete nuevas obras de infraestructura\" \/>\n<meta property=\"og:url\" content=\"https:\/\/noticiasmercedinas.com\/site\/2023\/09\/29\/aportes-de-la-provincia-de-buenos-aires-impulsan-varias-obras-en-escuelas-de-mercedes\/\" \/>\n<meta property=\"og:site_name\" content=\"NOTICIASMERCEDINAS.COM\" \/>\n<meta property=\"article:publisher\" content=\"https:\/\/www.facebook.com\/noticiasmercedinas\/\" \/>\n<meta property=\"article:published_time\" content=\"2023-09-29T13:18:40+00:00\" \/>\n<meta property=\"article:modified_time\" content=\"2023-09-29T15:34:22+00:00\" \/>\n<meta property=\"og:image\" content=\"https:\/\/noticiasmercedinas.com\/site\/wp-content\/uploads\/2023\/09\/Pisano_JoseLuis.jpg\" \/>\n\t<meta property=\"og:image:width\" content=\"1319\" \/>\n\t<meta property=\"og:image:height\" content=\"879\" \/>\n\t<meta property=\"og:image:type\" content=\"image\/jpeg\" \/>\n<meta name=\"author\" content=\"NOTICIASMERCEDINAS.COM\" \/>\n<meta name=\"twitter:card\" content=\"summary_large_image\" \/>\n<meta name=\"twitter:creator\" content=\"@notmercedinas\" \/>\n<meta name=\"twitter:site\" content=\"@notmercedinas\" \/>\n<meta name=\"twitter:label1\" content=\"Escrito por\" \/>\n\t<meta name=\"twitter:data1\" content=\"NOTICIASMERCEDINAS.COM\" \/>\n\t<meta name=\"twitter:label2\" content=\"Tiempo de lectura\" \/>\n\t<meta name=\"twitter:data2\" content=\"2 minutos\" \/>\n<script type=\"application\/ld+json\" class=\"yoast-schema-graph\">{\"@context\":\"https:\\\/\\\/schema.org\",\"@graph\":[{\"@type\":\"Article\",\"@id\":\"https:\\\/\\\/noticiasmercedinas.com\\\/site\\\/2023\\\/09\\\/29\\\/aportes-de-la-provincia-de-buenos-aires-impulsan-varias-obras-en-escuelas-de-mercedes\\\/#article\",\"isPartOf\":{\"@id\":\"https:\\\/\\\/noticiasmercedinas.com\\\/site\\\/2023\\\/09\\\/29\\\/aportes-de-la-provincia-de-buenos-aires-impulsan-varias-obras-en-escuelas-de-mercedes\\\/\"},\"author\":{\"name\":\"NOTICIASMERCEDINAS.COM\",\"@id\":\"https:\\\/\\\/noticiasmercedinas.com\\\/site\\\/#\\\/schema\\\/person\\\/84b59c099c28ff2e8b77d4ceec5d8063\"},\"headline\":\"Aportes de la Provincia de Buenos Aires impulsan varias obras en escuelas de Mercedes\",\"datePublished\":\"2023-09-29T13:18:40+00:00\",\"dateModified\":\"2023-09-29T15:34:22+00:00\",\"mainEntityOfPage\":{\"@id\":\"https:\\\/\\\/noticiasmercedinas.com\\\/site\\\/2023\\\/09\\\/29\\\/aportes-de-la-provincia-de-buenos-aires-impulsan-varias-obras-en-escuelas-de-mercedes\\\/\"},\"wordCount\":368,\"publisher\":{\"@id\":\"https:\\\/\\\/noticiasmercedinas.com\\\/site\\\/#organization\"},\"image\":{\"@id\":\"https:\\\/\\\/noticiasmercedinas.com\\\/site\\\/2023\\\/09\\\/29\\\/aportes-de-la-provincia-de-buenos-aires-impulsan-varias-obras-en-escuelas-de-mercedes\\\/#primaryimage\"},\"thumbnailUrl\":\"https:\\\/\\\/noticiasmercedinas.com\\\/site\\\/wp-content\\\/uploads\\\/2023\\\/09\\\/Pisano_JoseLuis.jpg\",\"keywords\":[\"escuelas\",\"jose luis pisano\"],\"articleSection\":[\"Sociedad\"],\"inLanguage\":\"es\"},{\"@type\":\"WebPage\",\"@id\":\"https:\\\/\\\/noticiasmercedinas.com\\\/site\\\/2023\\\/09\\\/29\\\/aportes-de-la-provincia-de-buenos-aires-impulsan-varias-obras-en-escuelas-de-mercedes\\\/\",\"url\":\"https:\\\/\\\/noticiasmercedinas.com\\\/site\\\/2023\\\/09\\\/29\\\/aportes-de-la-provincia-de-buenos-aires-impulsan-varias-obras-en-escuelas-de-mercedes\\\/\",\"name\":\"Aportes de la Provincia de Buenos Aires impulsan varias obras en escuelas de Mercedes\",\"isPartOf\":{\"@id\":\"https:\\\/\\\/noticiasmercedinas.com\\\/site\\\/#website\"},\"primaryImageOfPage\":{\"@id\":\"https:\\\/\\\/noticiasmercedinas.com\\\/site\\\/2023\\\/09\\\/29\\\/aportes-de-la-provincia-de-buenos-aires-impulsan-varias-obras-en-escuelas-de-mercedes\\\/#primaryimage\"},\"image\":{\"@id\":\"https:\\\/\\\/noticiasmercedinas.com\\\/site\\\/2023\\\/09\\\/29\\\/aportes-de-la-provincia-de-buenos-aires-impulsan-varias-obras-en-escuelas-de-mercedes\\\/#primaryimage\"},\"thumbnailUrl\":\"https:\\\/\\\/noticiasmercedinas.com\\\/site\\\/wp-content\\\/uploads\\\/2023\\\/09\\\/Pisano_JoseLuis.jpg\",\"datePublished\":\"2023-09-29T13:18:40+00:00\",\"dateModified\":\"2023-09-29T15:34:22+00:00\",\"breadcrumb\":{\"@id\":\"https:\\\/\\\/noticiasmercedinas.com\\\/site\\\/2023\\\/09\\\/29\\\/aportes-de-la-provincia-de-buenos-aires-impulsan-varias-obras-en-escuelas-de-mercedes\\\/#breadcrumb\"},\"inLanguage\":\"es\",\"potentialAction\":[{\"@type\":\"ReadAction\",\"target\":[\"https:\\\/\\\/noticiasmercedinas.com\\\/site\\\/2023\\\/09\\\/29\\\/aportes-de-la-provincia-de-buenos-aires-impulsan-varias-obras-en-escuelas-de-mercedes\\\/\"]}]},{\"@type\":\"ImageObject\",\"inLanguage\":\"es\",\"@id\":\"https:\\\/\\\/noticiasmercedinas.com\\\/site\\\/2023\\\/09\\\/29\\\/aportes-de-la-provincia-de-buenos-aires-impulsan-varias-obras-en-escuelas-de-mercedes\\\/#primaryimage\",\"url\":\"https:\\\/\\\/noticiasmercedinas.com\\\/site\\\/wp-content\\\/uploads\\\/2023\\\/09\\\/Pisano_JoseLuis.jpg\",\"contentUrl\":\"https:\\\/\\\/noticiasmercedinas.com\\\/site\\\/wp-content\\\/uploads\\\/2023\\\/09\\\/Pisano_JoseLuis.jpg\",\"width\":1319,\"height\":879},{\"@type\":\"BreadcrumbList\",\"@id\":\"https:\\\/\\\/noticiasmercedinas.com\\\/site\\\/2023\\\/09\\\/29\\\/aportes-de-la-provincia-de-buenos-aires-impulsan-varias-obras-en-escuelas-de-mercedes\\\/#breadcrumb\",\"itemListElement\":[{\"@type\":\"ListItem\",\"position\":1,\"name\":\"Portada\",\"item\":\"https:\\\/\\\/noticiasmercedinas.com\\\/site\\\/\"},{\"@type\":\"ListItem\",\"position\":2,\"name\":\"Aportes de la Provincia de Buenos Aires impulsan varias obras en escuelas de Mercedes\"}]},{\"@type\":\"WebSite\",\"@id\":\"https:\\\/\\\/noticiasmercedinas.com\\\/site\\\/#website\",\"url\":\"https:\\\/\\\/noticiasmercedinas.com\\\/site\\\/\",\"name\":\"NOTICIASMERCEDINAS.COM\",\"description\":\"Mercedes, Buenos Aires, Argentina\",\"publisher\":{\"@id\":\"https:\\\/\\\/noticiasmercedinas.com\\\/site\\\/#organization\"},\"potentialAction\":[{\"@type\":\"SearchAction\",\"target\":{\"@type\":\"EntryPoint\",\"urlTemplate\":\"https:\\\/\\\/noticiasmercedinas.com\\\/site\\\/?s={search_term_string}\"},\"query-input\":{\"@type\":\"PropertyValueSpecification\",\"valueRequired\":true,\"valueName\":\"search_term_string\"}}],\"inLanguage\":\"es\"},{\"@type\":\"Organization\",\"@id\":\"https:\\\/\\\/noticiasmercedinas.com\\\/site\\\/#organization\",\"name\":\"NOTICIASMERCEDINAS.COM\",\"url\":\"https:\\\/\\\/noticiasmercedinas.com\\\/site\\\/\",\"logo\":{\"@type\":\"ImageObject\",\"inLanguage\":\"es\",\"@id\":\"https:\\\/\\\/noticiasmercedinas.com\\\/site\\\/#\\\/schema\\\/logo\\\/image\\\/\",\"url\":\"https:\\\/\\\/noticiasmercedinas.com\\\/site\\\/wp-content\\\/uploads\\\/2020\\\/06\\\/LOGO-512.jpg\",\"contentUrl\":\"https:\\\/\\\/noticiasmercedinas.com\\\/site\\\/wp-content\\\/uploads\\\/2020\\\/06\\\/LOGO-512.jpg\",\"width\":512,\"height\":512,\"caption\":\"NOTICIASMERCEDINAS.COM\"},\"image\":{\"@id\":\"https:\\\/\\\/noticiasmercedinas.com\\\/site\\\/#\\\/schema\\\/logo\\\/image\\\/\"},\"sameAs\":[\"https:\\\/\\\/www.facebook.com\\\/noticiasmercedinas\\\/\",\"https:\\\/\\\/x.com\\\/notmercedinas\",\"https:\\\/\\\/www.instagram.com\\\/noticiasmercedinas\\\/\"]},{\"@type\":\"Person\",\"@id\":\"https:\\\/\\\/noticiasmercedinas.com\\\/site\\\/#\\\/schema\\\/person\\\/84b59c099c28ff2e8b77d4ceec5d8063\",\"name\":\"NOTICIASMERCEDINAS.COM\",\"image\":{\"@type\":\"ImageObject\",\"inLanguage\":\"es\",\"@id\":\"https:\\\/\\\/secure.gravatar.com\\\/avatar\\\/4dfbf16b4d17945bfb6341b2d19043457132fcf478a5ee04f42e959fd8f5df0a?s=96&d=mm&r=g\",\"url\":\"https:\\\/\\\/secure.gravatar.com\\\/avatar\\\/4dfbf16b4d17945bfb6341b2d19043457132fcf478a5ee04f42e959fd8f5df0a?s=96&d=mm&r=g\",\"contentUrl\":\"https:\\\/\\\/secure.gravatar.com\\\/avatar\\\/4dfbf16b4d17945bfb6341b2d19043457132fcf478a5ee04f42e959fd8f5df0a?s=96&d=mm&r=g\",\"caption\":\"NOTICIASMERCEDINAS.COM\"},\"url\":\"https:\\\/\\\/noticiasmercedinas.com\\\/site\\\/author\\\/anonimo\\\/\"}]}<\/script>\n<!-- \/ Yoast SEO plugin. -->","yoast_head_json":{"title":"Aportes de la Provincia de Buenos Aires impulsan varias obras en escuelas de Mercedes","robots":{"index":"index","follow":"follow","max-snippet":"max-snippet:-1","max-image-preview":"max-image-preview:large","max-video-preview":"max-video-preview:-1"},"canonical":"https:\/\/noticiasmercedinas.com\/site\/2023\/09\/29\/aportes-de-la-provincia-de-buenos-aires-impulsan-varias-obras-en-escuelas-de-mercedes\/","og_locale":"es_ES","og_type":"article","og_title":"Aportes de la Provincia de Buenos Aires impulsan varias obras en escuelas de Mercedes","og_description":"\u25a0 Gracias a la gesti\u00f3n del Consejo Escolar de Mercedes ante la Direcci\u00f3n General de Cultura y Educaci\u00f3n, se llev\u00f3 a cabo una licitaci\u00f3n exitosa para siete nuevas obras de infraestructura","og_url":"https:\/\/noticiasmercedinas.com\/site\/2023\/09\/29\/aportes-de-la-provincia-de-buenos-aires-impulsan-varias-obras-en-escuelas-de-mercedes\/","og_site_name":"NOTICIASMERCEDINAS.COM","article_publisher":"https:\/\/www.facebook.com\/noticiasmercedinas\/","article_published_time":"2023-09-29T13:18:40+00:00","article_modified_time":"2023-09-29T15:34:22+00:00","og_image":[{"width":1319,"height":879,"url":"https:\/\/noticiasmercedinas.com\/site\/wp-content\/uploads\/2023\/09\/Pisano_JoseLuis.jpg","type":"image\/jpeg"}],"author":"NOTICIASMERCEDINAS.COM","twitter_card":"summary_large_image","twitter_creator":"@notmercedinas","twitter_site":"@notmercedinas","twitter_misc":{"Escrito por":"NOTICIASMERCEDINAS.COM","Tiempo de lectura":"2 minutos"},"schema":{"@context":"https:\/\/schema.org","@graph":[{"@type":"Article","@id":"https:\/\/noticiasmercedinas.com\/site\/2023\/09\/29\/aportes-de-la-provincia-de-buenos-aires-impulsan-varias-obras-en-escuelas-de-mercedes\/#article","isPartOf":{"@id":"https:\/\/noticiasmercedinas.com\/site\/2023\/09\/29\/aportes-de-la-provincia-de-buenos-aires-impulsan-varias-obras-en-escuelas-de-mercedes\/"},"author":{"name":"NOTICIASMERCEDINAS.COM","@id":"https:\/\/noticiasmercedinas.com\/site\/#\/schema\/person\/84b59c099c28ff2e8b77d4ceec5d8063"},"headline":"Aportes de la Provincia de Buenos Aires impulsan varias obras en escuelas de Mercedes","datePublished":"2023-09-29T13:18:40+00:00","dateModified":"2023-09-29T15:34:22+00:00","mainEntityOfPage":{"@id":"https:\/\/noticiasmercedinas.com\/site\/2023\/09\/29\/aportes-de-la-provincia-de-buenos-aires-impulsan-varias-obras-en-escuelas-de-mercedes\/"},"wordCount":368,"publisher":{"@id":"https:\/\/noticiasmercedinas.com\/site\/#organization"},"image":{"@id":"https:\/\/noticiasmercedinas.com\/site\/2023\/09\/29\/aportes-de-la-provincia-de-buenos-aires-impulsan-varias-obras-en-escuelas-de-mercedes\/#primaryimage"},"thumbnailUrl":"https:\/\/noticiasmercedinas.com\/site\/wp-content\/uploads\/2023\/09\/Pisano_JoseLuis.jpg","keywords":["escuelas","jose luis pisano"],"articleSection":["Sociedad"],"inLanguage":"es"},{"@type":"WebPage","@id":"https:\/\/noticiasmercedinas.com\/site\/2023\/09\/29\/aportes-de-la-provincia-de-buenos-aires-impulsan-varias-obras-en-escuelas-de-mercedes\/","url":"https:\/\/noticiasmercedinas.com\/site\/2023\/09\/29\/aportes-de-la-provincia-de-buenos-aires-impulsan-varias-obras-en-escuelas-de-mercedes\/","name":"Aportes de la Provincia de Buenos Aires impulsan varias obras en escuelas de Mercedes","isPartOf":{"@id":"https:\/\/noticiasmercedinas.com\/site\/#website"},"primaryImageOfPage":{"@id":"https:\/\/noticiasmercedinas.com\/site\/2023\/09\/29\/aportes-de-la-provincia-de-buenos-aires-impulsan-varias-obras-en-escuelas-de-mercedes\/#primaryimage"},"image":{"@id":"https:\/\/noticiasmercedinas.com\/site\/2023\/09\/29\/aportes-de-la-provincia-de-buenos-aires-impulsan-varias-obras-en-escuelas-de-mercedes\/#primaryimage"},"thumbnailUrl":"https:\/\/noticiasmercedinas.com\/site\/wp-content\/uploads\/2023\/09\/Pisano_JoseLuis.jpg","datePublished":"2023-09-29T13:18:40+00:00","dateModified":"2023-09-29T15:34:22+00:00","breadcrumb":{"@id":"https:\/\/noticiasmercedinas.com\/site\/2023\/09\/29\/aportes-de-la-provincia-de-buenos-aires-impulsan-varias-obras-en-escuelas-de-mercedes\/#breadcrumb"},"inLanguage":"es","potentialAction":[{"@type":"ReadAction","target":["https:\/\/noticiasmercedinas.com\/site\/2023\/09\/29\/aportes-de-la-provincia-de-buenos-aires-impulsan-varias-obras-en-escuelas-de-mercedes\/"]}]},{"@type":"ImageObject","inLanguage":"es","@id":"https:\/\/noticiasmercedinas.com\/site\/2023\/09\/29\/aportes-de-la-provincia-de-buenos-aires-impulsan-varias-obras-en-escuelas-de-mercedes\/#primaryimage","url":"https:\/\/noticiasmercedinas.com\/site\/wp-content\/uploads\/2023\/09\/Pisano_JoseLuis.jpg","contentUrl":"https:\/\/noticiasmercedinas.com\/site\/wp-content\/uploads\/2023\/09\/Pisano_JoseLuis.jpg","width":1319,"height":879},{"@type":"BreadcrumbList","@id":"https:\/\/noticiasmercedinas.com\/site\/2023\/09\/29\/aportes-de-la-provincia-de-buenos-aires-impulsan-varias-obras-en-escuelas-de-mercedes\/#breadcrumb","itemListElement":[{"@type":"ListItem","position":1,"name":"Portada","item":"https:\/\/noticiasmercedinas.com\/site\/"},{"@type":"ListItem","position":2,"name":"Aportes de la Provincia de Buenos Aires impulsan varias obras en escuelas de Mercedes"}]},{"@type":"WebSite","@id":"https:\/\/noticiasmercedinas.com\/site\/#website","url":"https:\/\/noticiasmercedinas.com\/site\/","name":"NOTICIASMERCEDINAS.COM","description":"Mercedes, Buenos Aires, Argentina","publisher":{"@id":"https:\/\/noticiasmercedinas.com\/site\/#organization"},"potentialAction":[{"@type":"SearchAction","target":{"@type":"EntryPoint","urlTemplate":"https:\/\/noticiasmercedinas.com\/site\/?s={search_term_string}"},"query-input":{"@type":"PropertyValueSpecification","valueRequired":true,"valueName":"search_term_string"}}],"inLanguage":"es"},{"@type":"Organization","@id":"https:\/\/noticiasmercedinas.com\/site\/#organization","name":"NOTICIASMERCEDINAS.COM","url":"https:\/\/noticiasmercedinas.com\/site\/","logo":{"@type":"ImageObject","inLanguage":"es","@id":"https:\/\/noticiasmercedinas.com\/site\/#\/schema\/logo\/image\/","url":"https:\/\/noticiasmercedinas.com\/site\/wp-content\/uploads\/2020\/06\/LOGO-512.jpg","contentUrl":"https:\/\/noticiasmercedinas.com\/site\/wp-content\/uploads\/2020\/06\/LOGO-512.jpg","width":512,"height":512,"caption":"NOTICIASMERCEDINAS.COM"},"image":{"@id":"https:\/\/noticiasmercedinas.com\/site\/#\/schema\/logo\/image\/"},"sameAs":["https:\/\/www.facebook.com\/noticiasmercedinas\/","https:\/\/x.com\/notmercedinas","https:\/\/www.instagram.com\/noticiasmercedinas\/"]},{"@type":"Person","@id":"https:\/\/noticiasmercedinas.com\/site\/#\/schema\/person\/84b59c099c28ff2e8b77d4ceec5d8063","name":"NOTICIASMERCEDINAS.COM","image":{"@type":"ImageObject","inLanguage":"es","@id":"https:\/\/secure.gravatar.com\/avatar\/4dfbf16b4d17945bfb6341b2d19043457132fcf478a5ee04f42e959fd8f5df0a?s=96&d=mm&r=g","url":"https:\/\/secure.gravatar.com\/avatar\/4dfbf16b4d17945bfb6341b2d19043457132fcf478a5ee04f42e959fd8f5df0a?s=96&d=mm&r=g","contentUrl":"https:\/\/secure.gravatar.com\/avatar\/4dfbf16b4d17945bfb6341b2d19043457132fcf478a5ee04f42e959fd8f5df0a?s=96&d=mm&r=g","caption":"NOTICIASMERCEDINAS.COM"},"url":"https:\/\/noticiasmercedinas.com\/site\/author\/anonimo\/"}]}},"amp_enabled":true,"_links":{"self":[{"href":"https:\/\/noticiasmercedinas.com\/site\/wp-json\/wp\/v2\/posts\/123757","targetHints":{"allow":["GET"]}}],"collection":[{"href":"https:\/\/noticiasmercedinas.com\/site\/wp-json\/wp\/v2\/posts"}],"about":[{"href":"https:\/\/noticiasmercedinas.com\/site\/wp-json\/wp\/v2\/types\/post"}],"author":[{"embeddable":true,"href":"https:\/\/noticiasmercedinas.com\/site\/wp-json\/wp\/v2\/users\/16"}],"replies":[{"embeddable":true,"href":"https:\/\/noticiasmercedinas.com\/site\/wp-json\/wp\/v2\/comments?post=123757"}],"version-history":[{"count":2,"href":"https:\/\/noticiasmercedinas.com\/site\/wp-json\/wp\/v2\/posts\/123757\/revisions"}],"predecessor-version":[{"id":123769,"href":"https:\/\/noticiasmercedinas.com\/site\/wp-json\/wp\/v2\/posts\/123757\/revisions\/123769"}],"wp:featuredmedia":[{"embeddable":true,"href":"https:\/\/noticiasmercedinas.com\/site\/wp-json\/wp\/v2\/media\/123758"}],"wp:attachment":[{"href":"https:\/\/noticiasmercedinas.com\/site\/wp-json\/wp\/v2\/media?parent=123757"}],"wp:term":[{"taxonomy":"category","embeddable":true,"href":"https:\/\/noticiasmercedinas.com\/site\/wp-json\/wp\/v2\/categories?post=123757"},{"taxonomy":"post_tag","embeddable":true,"href":"https:\/\/noticiasmercedinas.com\/site\/wp-json\/wp\/v2\/tags?post=123757"}],"curies":[{"name":"wp","href":"https:\/\/api.w.org\/{rel}","templated":true}]}}