{"id":12379,"date":"2019-02-15T20:18:50","date_gmt":"2019-02-15T23:18:50","guid":{"rendered":"https:\/\/noticiasmercedinas.com\/site\/?p=12379"},"modified":"2019-02-15T20:18:50","modified_gmt":"2019-02-15T23:18:50","slug":"pabellon-argentino-ya-clasificado-recibe-a-atilra","status":"publish","type":"post","link":"https:\/\/noticiasmercedinas.com\/site\/2019\/02\/15\/pabellon-argentino-ya-clasificado-recibe-a-atilra\/","title":{"rendered":"Pabell\u00f3n Argentino ya clasificado recibe a ATILRA"},"content":{"rendered":"<p><strong>Ser\u00e1 desde las 21 de este s\u00e1bado 16 en Marcos Paz. El conjunto de Juan Achucarro busca clasificarse primero en la Zona C del Torneo Federaci\u00f3n Norte. Quedar\u00e1 una fecha m\u00e1s por delante. \u00a0<\/strong><br \/>\n<img loading=\"lazy\" decoding=\"async\" class=\"alignnone size-full wp-image-12380\" src=\"https:\/\/noticiasmercedinas.com\/site\/wp-content\/uploads\/2019\/02\/1e0da3fd-1fe7-4ddb-b36c-f34cdbb7bbf6.jpg\" alt=\"\" width=\"650\" height=\"452\" srcset=\"https:\/\/noticiasmercedinas.com\/site\/wp-content\/uploads\/2019\/02\/1e0da3fd-1fe7-4ddb-b36c-f34cdbb7bbf6.jpg 650w, https:\/\/noticiasmercedinas.com\/site\/wp-content\/uploads\/2019\/02\/1e0da3fd-1fe7-4ddb-b36c-f34cdbb7bbf6-300x209.jpg 300w, https:\/\/noticiasmercedinas.com\/site\/wp-content\/uploads\/2019\/02\/1e0da3fd-1fe7-4ddb-b36c-f34cdbb7bbf6-640x445.jpg 640w\" sizes=\"auto, (max-width: 650px) 100vw, 650px\" \/><br \/>\nEste s\u00e1bado 16 en Marcos Paz se jugar\u00e1 el partido correspondiente a la pen\u00faltima y quinta fecha de la Zona C del Torneo Federaci\u00f3n Norte. Ya clasificado Pabell\u00f3n Argentino recibir\u00e1 a ATILRA en un juego donde los \u201cLecheros\u201d buscar sumar, aunque el due\u00f1o de casa apunta a tener la mayor cantidad de puntos para definir como locales en los cruces de ida y vuelta.<\/p>\n<p>El del s\u00e1bado 16 ser\u00e1 el \u00faltimo partido del grupo para Pabell\u00f3n, quedando libre en la \u00faltima fecha. En esta jornada no jugar\u00e1 Central Buenos Aires de Z\u00e1rate que cierra la tabla de posiciones.\u00a0 De esta manera la Liga Mercedina tienen a su \u00fanico representante en la siguiente instancia.<\/p>\n<p><strong>S\u00e1bado 16<br \/>\nCancha: <\/strong>Pabell\u00f3n.<br \/>\nA las 21 Pabell\u00f3n vs. ATILRA.<\/p>\n<p><strong>Posiciones: <\/strong>1\u00b0 Pabell\u00f3n 7 puntos, 2\u00b0 ATILRA 3, 3\u00b0 Central Buenos Aires 1 unidad.<\/p>\n<p><strong>Ultima fecha<\/strong><br \/>\nATILRA vs. Central Buenos Aires.<strong><br \/>\nLibre:<\/strong> Pabell\u00f3n.<\/p>\n","protected":false},"excerpt":{"rendered":"<p>Ser\u00e1 desde las 21 de este s\u00e1bado 16 en Marcos Paz. El conjunto de Juan Achucarro busca clasificarse primero en la Zona C del Torneo Federaci\u00f3n Norte. Quedar\u00e1 una fecha m\u00e1s por delante. \u00a0 Este s\u00e1bado 16 en Marcos Paz se jugar\u00e1 el partido correspondiente a la pen\u00faltima y quinta fecha de la Zona C [&hellip;]<\/p>\n","protected":false},"author":6,"featured_media":12380,"comment_status":"open","ping_status":"open","sticky":false,"template":"","format":"standard","meta":{"footnotes":""},"categories":[5],"tags":[96,3410],"class_list":["post-12379","post","type-post","status-publish","format-standard","has-post-thumbnail","hentry","category-deportes","tag-pabellon","tag-torneo-federacion-norte"],"yoast_head":"<!-- This site is optimized with the Yoast SEO plugin v27.5 - https:\/\/yoast.com\/product\/yoast-seo-wordpress\/ -->\n<title>Pabell\u00f3n Argentino ya clasificado recibe a ATILRA<\/title>\n<meta name=\"robots\" content=\"index, follow, max-snippet:-1, max-image-preview:large, max-video-preview:-1\" \/>\n<link rel=\"canonical\" href=\"https:\/\/noticiasmercedinas.com\/site\/2019\/02\/15\/pabellon-argentino-ya-clasificado-recibe-a-atilra\/\" \/>\n<meta property=\"og:locale\" content=\"es_ES\" \/>\n<meta property=\"og:type\" content=\"article\" \/>\n<meta property=\"og:title\" content=\"Pabell\u00f3n Argentino ya clasificado recibe a ATILRA\" \/>\n<meta property=\"og:description\" content=\"Ser\u00e1 desde las 21 de este s\u00e1bado 16 en Marcos Paz. El conjunto de Juan Achucarro busca clasificarse primero en la Zona C del Torneo Federaci\u00f3n Norte. Quedar\u00e1 una fecha m\u00e1s por delante. \u00a0 Este s\u00e1bado 16 en Marcos Paz se jugar\u00e1 el partido correspondiente a la pen\u00faltima y quinta fecha de la Zona C [&hellip;]\" \/>\n<meta property=\"og:url\" content=\"https:\/\/noticiasmercedinas.com\/site\/2019\/02\/15\/pabellon-argentino-ya-clasificado-recibe-a-atilra\/\" \/>\n<meta property=\"og:site_name\" content=\"NOTICIASMERCEDINAS.COM\" \/>\n<meta property=\"article:publisher\" content=\"https:\/\/www.facebook.com\/noticiasmercedinas\/\" \/>\n<meta property=\"article:published_time\" content=\"2019-02-15T23:18:50+00:00\" \/>\n<meta property=\"og:image\" content=\"https:\/\/noticiasmercedinas.com\/site\/wp-content\/uploads\/2019\/02\/1e0da3fd-1fe7-4ddb-b36c-f34cdbb7bbf6.jpg\" \/>\n\t<meta property=\"og:image:width\" content=\"650\" \/>\n\t<meta property=\"og:image:height\" content=\"452\" \/>\n\t<meta property=\"og:image:type\" content=\"image\/jpeg\" \/>\n<meta name=\"author\" content=\"Juan Dagnino NOTICIASMERCEDINAS.COM\" \/>\n<meta name=\"twitter:card\" content=\"summary_large_image\" \/>\n<meta name=\"twitter:creator\" content=\"@notmercedinas\" \/>\n<meta name=\"twitter:site\" content=\"@notmercedinas\" \/>\n<meta name=\"twitter:label1\" content=\"Escrito por\" \/>\n\t<meta name=\"twitter:data1\" content=\"Juan Dagnino NOTICIASMERCEDINAS.COM\" \/>\n\t<meta name=\"twitter:label2\" content=\"Tiempo de lectura\" \/>\n\t<meta name=\"twitter:data2\" content=\"1 minuto\" \/>\n<script type=\"application\/ld+json\" class=\"yoast-schema-graph\">{\"@context\":\"https:\\\/\\\/schema.org\",\"@graph\":[{\"@type\":\"Article\",\"@id\":\"https:\\\/\\\/noticiasmercedinas.com\\\/site\\\/2019\\\/02\\\/15\\\/pabellon-argentino-ya-clasificado-recibe-a-atilra\\\/#article\",\"isPartOf\":{\"@id\":\"https:\\\/\\\/noticiasmercedinas.com\\\/site\\\/2019\\\/02\\\/15\\\/pabellon-argentino-ya-clasificado-recibe-a-atilra\\\/\"},\"author\":{\"name\":\"Juan Dagnino NOTICIASMERCEDINAS.COM\",\"@id\":\"https:\\\/\\\/noticiasmercedinas.com\\\/site\\\/#\\\/schema\\\/person\\\/8f2f09d666ef40986eba4a5e6f2a06f9\"},\"headline\":\"Pabell\u00f3n Argentino ya clasificado recibe a ATILRA\",\"datePublished\":\"2019-02-15T23:18:50+00:00\",\"mainEntityOfPage\":{\"@id\":\"https:\\\/\\\/noticiasmercedinas.com\\\/site\\\/2019\\\/02\\\/15\\\/pabellon-argentino-ya-clasificado-recibe-a-atilra\\\/\"},\"wordCount\":191,\"commentCount\":0,\"publisher\":{\"@id\":\"https:\\\/\\\/noticiasmercedinas.com\\\/site\\\/#organization\"},\"image\":{\"@id\":\"https:\\\/\\\/noticiasmercedinas.com\\\/site\\\/2019\\\/02\\\/15\\\/pabellon-argentino-ya-clasificado-recibe-a-atilra\\\/#primaryimage\"},\"thumbnailUrl\":\"https:\\\/\\\/noticiasmercedinas.com\\\/site\\\/wp-content\\\/uploads\\\/2019\\\/02\\\/1e0da3fd-1fe7-4ddb-b36c-f34cdbb7bbf6.jpg\",\"keywords\":[\"pabellon\",\"Torneo Federaci\u00f3n Norte\"],\"articleSection\":[\"Deportes\"],\"inLanguage\":\"es\",\"potentialAction\":[{\"@type\":\"CommentAction\",\"name\":\"Comment\",\"target\":[\"https:\\\/\\\/noticiasmercedinas.com\\\/site\\\/2019\\\/02\\\/15\\\/pabellon-argentino-ya-clasificado-recibe-a-atilra\\\/#respond\"]}]},{\"@type\":\"WebPage\",\"@id\":\"https:\\\/\\\/noticiasmercedinas.com\\\/site\\\/2019\\\/02\\\/15\\\/pabellon-argentino-ya-clasificado-recibe-a-atilra\\\/\",\"url\":\"https:\\\/\\\/noticiasmercedinas.com\\\/site\\\/2019\\\/02\\\/15\\\/pabellon-argentino-ya-clasificado-recibe-a-atilra\\\/\",\"name\":\"Pabell\u00f3n Argentino ya clasificado recibe a ATILRA\",\"isPartOf\":{\"@id\":\"https:\\\/\\\/noticiasmercedinas.com\\\/site\\\/#website\"},\"primaryImageOfPage\":{\"@id\":\"https:\\\/\\\/noticiasmercedinas.com\\\/site\\\/2019\\\/02\\\/15\\\/pabellon-argentino-ya-clasificado-recibe-a-atilra\\\/#primaryimage\"},\"image\":{\"@id\":\"https:\\\/\\\/noticiasmercedinas.com\\\/site\\\/2019\\\/02\\\/15\\\/pabellon-argentino-ya-clasificado-recibe-a-atilra\\\/#primaryimage\"},\"thumbnailUrl\":\"https:\\\/\\\/noticiasmercedinas.com\\\/site\\\/wp-content\\\/uploads\\\/2019\\\/02\\\/1e0da3fd-1fe7-4ddb-b36c-f34cdbb7bbf6.jpg\",\"datePublished\":\"2019-02-15T23:18:50+00:00\",\"breadcrumb\":{\"@id\":\"https:\\\/\\\/noticiasmercedinas.com\\\/site\\\/2019\\\/02\\\/15\\\/pabellon-argentino-ya-clasificado-recibe-a-atilra\\\/#breadcrumb\"},\"inLanguage\":\"es\",\"potentialAction\":[{\"@type\":\"ReadAction\",\"target\":[\"https:\\\/\\\/noticiasmercedinas.com\\\/site\\\/2019\\\/02\\\/15\\\/pabellon-argentino-ya-clasificado-recibe-a-atilra\\\/\"]}]},{\"@type\":\"ImageObject\",\"inLanguage\":\"es\",\"@id\":\"https:\\\/\\\/noticiasmercedinas.com\\\/site\\\/2019\\\/02\\\/15\\\/pabellon-argentino-ya-clasificado-recibe-a-atilra\\\/#primaryimage\",\"url\":\"https:\\\/\\\/noticiasmercedinas.com\\\/site\\\/wp-content\\\/uploads\\\/2019\\\/02\\\/1e0da3fd-1fe7-4ddb-b36c-f34cdbb7bbf6.jpg\",\"contentUrl\":\"https:\\\/\\\/noticiasmercedinas.com\\\/site\\\/wp-content\\\/uploads\\\/2019\\\/02\\\/1e0da3fd-1fe7-4ddb-b36c-f34cdbb7bbf6.jpg\",\"width\":650,\"height\":452},{\"@type\":\"BreadcrumbList\",\"@id\":\"https:\\\/\\\/noticiasmercedinas.com\\\/site\\\/2019\\\/02\\\/15\\\/pabellon-argentino-ya-clasificado-recibe-a-atilra\\\/#breadcrumb\",\"itemListElement\":[{\"@type\":\"ListItem\",\"position\":1,\"name\":\"Portada\",\"item\":\"https:\\\/\\\/noticiasmercedinas.com\\\/site\\\/\"},{\"@type\":\"ListItem\",\"position\":2,\"name\":\"Pabell\u00f3n Argentino ya clasificado recibe a ATILRA\"}]},{\"@type\":\"WebSite\",\"@id\":\"https:\\\/\\\/noticiasmercedinas.com\\\/site\\\/#website\",\"url\":\"https:\\\/\\\/noticiasmercedinas.com\\\/site\\\/\",\"name\":\"NOTICIASMERCEDINAS.COM\",\"description\":\"Mercedes, Buenos Aires, Argentina\",\"publisher\":{\"@id\":\"https:\\\/\\\/noticiasmercedinas.com\\\/site\\\/#organization\"},\"potentialAction\":[{\"@type\":\"SearchAction\",\"target\":{\"@type\":\"EntryPoint\",\"urlTemplate\":\"https:\\\/\\\/noticiasmercedinas.com\\\/site\\\/?s={search_term_string}\"},\"query-input\":{\"@type\":\"PropertyValueSpecification\",\"valueRequired\":true,\"valueName\":\"search_term_string\"}}],\"inLanguage\":\"es\"},{\"@type\":\"Organization\",\"@id\":\"https:\\\/\\\/noticiasmercedinas.com\\\/site\\\/#organization\",\"name\":\"NOTICIASMERCEDINAS.COM\",\"url\":\"https:\\\/\\\/noticiasmercedinas.com\\\/site\\\/\",\"logo\":{\"@type\":\"ImageObject\",\"inLanguage\":\"es\",\"@id\":\"https:\\\/\\\/noticiasmercedinas.com\\\/site\\\/#\\\/schema\\\/logo\\\/image\\\/\",\"url\":\"https:\\\/\\\/noticiasmercedinas.com\\\/site\\\/wp-content\\\/uploads\\\/2020\\\/06\\\/LOGO-512.jpg\",\"contentUrl\":\"https:\\\/\\\/noticiasmercedinas.com\\\/site\\\/wp-content\\\/uploads\\\/2020\\\/06\\\/LOGO-512.jpg\",\"width\":512,\"height\":512,\"caption\":\"NOTICIASMERCEDINAS.COM\"},\"image\":{\"@id\":\"https:\\\/\\\/noticiasmercedinas.com\\\/site\\\/#\\\/schema\\\/logo\\\/image\\\/\"},\"sameAs\":[\"https:\\\/\\\/www.facebook.com\\\/noticiasmercedinas\\\/\",\"https:\\\/\\\/x.com\\\/notmercedinas\",\"https:\\\/\\\/www.instagram.com\\\/noticiasmercedinas\\\/\"]},{\"@type\":\"Person\",\"@id\":\"https:\\\/\\\/noticiasmercedinas.com\\\/site\\\/#\\\/schema\\\/person\\\/8f2f09d666ef40986eba4a5e6f2a06f9\",\"name\":\"Juan Dagnino NOTICIASMERCEDINAS.COM\",\"image\":{\"@type\":\"ImageObject\",\"inLanguage\":\"es\",\"@id\":\"https:\\\/\\\/secure.gravatar.com\\\/avatar\\\/fc7059a769f5a3cae65fadb228a3e4accf3a64b4b2305020d0a27e6d5333c91b?s=96&d=mm&r=g\",\"url\":\"https:\\\/\\\/secure.gravatar.com\\\/avatar\\\/fc7059a769f5a3cae65fadb228a3e4accf3a64b4b2305020d0a27e6d5333c91b?s=96&d=mm&r=g\",\"contentUrl\":\"https:\\\/\\\/secure.gravatar.com\\\/avatar\\\/fc7059a769f5a3cae65fadb228a3e4accf3a64b4b2305020d0a27e6d5333c91b?s=96&d=mm&r=g\",\"caption\":\"Juan Dagnino NOTICIASMERCEDINAS.COM\"},\"url\":\"https:\\\/\\\/noticiasmercedinas.com\\\/site\\\/author\\\/juandagnino\\\/\"}]}<\/script>\n<!-- \/ Yoast SEO plugin. -->","yoast_head_json":{"title":"Pabell\u00f3n Argentino ya clasificado recibe a ATILRA","robots":{"index":"index","follow":"follow","max-snippet":"max-snippet:-1","max-image-preview":"max-image-preview:large","max-video-preview":"max-video-preview:-1"},"canonical":"https:\/\/noticiasmercedinas.com\/site\/2019\/02\/15\/pabellon-argentino-ya-clasificado-recibe-a-atilra\/","og_locale":"es_ES","og_type":"article","og_title":"Pabell\u00f3n Argentino ya clasificado recibe a ATILRA","og_description":"Ser\u00e1 desde las 21 de este s\u00e1bado 16 en Marcos Paz. El conjunto de Juan Achucarro busca clasificarse primero en la Zona C del Torneo Federaci\u00f3n Norte. Quedar\u00e1 una fecha m\u00e1s por delante. \u00a0 Este s\u00e1bado 16 en Marcos Paz se jugar\u00e1 el partido correspondiente a la pen\u00faltima y quinta fecha de la Zona C [&hellip;]","og_url":"https:\/\/noticiasmercedinas.com\/site\/2019\/02\/15\/pabellon-argentino-ya-clasificado-recibe-a-atilra\/","og_site_name":"NOTICIASMERCEDINAS.COM","article_publisher":"https:\/\/www.facebook.com\/noticiasmercedinas\/","article_published_time":"2019-02-15T23:18:50+00:00","og_image":[{"width":650,"height":452,"url":"https:\/\/noticiasmercedinas.com\/site\/wp-content\/uploads\/2019\/02\/1e0da3fd-1fe7-4ddb-b36c-f34cdbb7bbf6.jpg","type":"image\/jpeg"}],"author":"Juan Dagnino NOTICIASMERCEDINAS.COM","twitter_card":"summary_large_image","twitter_creator":"@notmercedinas","twitter_site":"@notmercedinas","twitter_misc":{"Escrito por":"Juan Dagnino NOTICIASMERCEDINAS.COM","Tiempo de lectura":"1 minuto"},"schema":{"@context":"https:\/\/schema.org","@graph":[{"@type":"Article","@id":"https:\/\/noticiasmercedinas.com\/site\/2019\/02\/15\/pabellon-argentino-ya-clasificado-recibe-a-atilra\/#article","isPartOf":{"@id":"https:\/\/noticiasmercedinas.com\/site\/2019\/02\/15\/pabellon-argentino-ya-clasificado-recibe-a-atilra\/"},"author":{"name":"Juan Dagnino NOTICIASMERCEDINAS.COM","@id":"https:\/\/noticiasmercedinas.com\/site\/#\/schema\/person\/8f2f09d666ef40986eba4a5e6f2a06f9"},"headline":"Pabell\u00f3n Argentino ya clasificado recibe a ATILRA","datePublished":"2019-02-15T23:18:50+00:00","mainEntityOfPage":{"@id":"https:\/\/noticiasmercedinas.com\/site\/2019\/02\/15\/pabellon-argentino-ya-clasificado-recibe-a-atilra\/"},"wordCount":191,"commentCount":0,"publisher":{"@id":"https:\/\/noticiasmercedinas.com\/site\/#organization"},"image":{"@id":"https:\/\/noticiasmercedinas.com\/site\/2019\/02\/15\/pabellon-argentino-ya-clasificado-recibe-a-atilra\/#primaryimage"},"thumbnailUrl":"https:\/\/noticiasmercedinas.com\/site\/wp-content\/uploads\/2019\/02\/1e0da3fd-1fe7-4ddb-b36c-f34cdbb7bbf6.jpg","keywords":["pabellon","Torneo Federaci\u00f3n Norte"],"articleSection":["Deportes"],"inLanguage":"es","potentialAction":[{"@type":"CommentAction","name":"Comment","target":["https:\/\/noticiasmercedinas.com\/site\/2019\/02\/15\/pabellon-argentino-ya-clasificado-recibe-a-atilra\/#respond"]}]},{"@type":"WebPage","@id":"https:\/\/noticiasmercedinas.com\/site\/2019\/02\/15\/pabellon-argentino-ya-clasificado-recibe-a-atilra\/","url":"https:\/\/noticiasmercedinas.com\/site\/2019\/02\/15\/pabellon-argentino-ya-clasificado-recibe-a-atilra\/","name":"Pabell\u00f3n Argentino ya clasificado recibe a ATILRA","isPartOf":{"@id":"https:\/\/noticiasmercedinas.com\/site\/#website"},"primaryImageOfPage":{"@id":"https:\/\/noticiasmercedinas.com\/site\/2019\/02\/15\/pabellon-argentino-ya-clasificado-recibe-a-atilra\/#primaryimage"},"image":{"@id":"https:\/\/noticiasmercedinas.com\/site\/2019\/02\/15\/pabellon-argentino-ya-clasificado-recibe-a-atilra\/#primaryimage"},"thumbnailUrl":"https:\/\/noticiasmercedinas.com\/site\/wp-content\/uploads\/2019\/02\/1e0da3fd-1fe7-4ddb-b36c-f34cdbb7bbf6.jpg","datePublished":"2019-02-15T23:18:50+00:00","breadcrumb":{"@id":"https:\/\/noticiasmercedinas.com\/site\/2019\/02\/15\/pabellon-argentino-ya-clasificado-recibe-a-atilra\/#breadcrumb"},"inLanguage":"es","potentialAction":[{"@type":"ReadAction","target":["https:\/\/noticiasmercedinas.com\/site\/2019\/02\/15\/pabellon-argentino-ya-clasificado-recibe-a-atilra\/"]}]},{"@type":"ImageObject","inLanguage":"es","@id":"https:\/\/noticiasmercedinas.com\/site\/2019\/02\/15\/pabellon-argentino-ya-clasificado-recibe-a-atilra\/#primaryimage","url":"https:\/\/noticiasmercedinas.com\/site\/wp-content\/uploads\/2019\/02\/1e0da3fd-1fe7-4ddb-b36c-f34cdbb7bbf6.jpg","contentUrl":"https:\/\/noticiasmercedinas.com\/site\/wp-content\/uploads\/2019\/02\/1e0da3fd-1fe7-4ddb-b36c-f34cdbb7bbf6.jpg","width":650,"height":452},{"@type":"BreadcrumbList","@id":"https:\/\/noticiasmercedinas.com\/site\/2019\/02\/15\/pabellon-argentino-ya-clasificado-recibe-a-atilra\/#breadcrumb","itemListElement":[{"@type":"ListItem","position":1,"name":"Portada","item":"https:\/\/noticiasmercedinas.com\/site\/"},{"@type":"ListItem","position":2,"name":"Pabell\u00f3n Argentino ya clasificado recibe a ATILRA"}]},{"@type":"WebSite","@id":"https:\/\/noticiasmercedinas.com\/site\/#website","url":"https:\/\/noticiasmercedinas.com\/site\/","name":"NOTICIASMERCEDINAS.COM","description":"Mercedes, Buenos Aires, Argentina","publisher":{"@id":"https:\/\/noticiasmercedinas.com\/site\/#organization"},"potentialAction":[{"@type":"SearchAction","target":{"@type":"EntryPoint","urlTemplate":"https:\/\/noticiasmercedinas.com\/site\/?s={search_term_string}"},"query-input":{"@type":"PropertyValueSpecification","valueRequired":true,"valueName":"search_term_string"}}],"inLanguage":"es"},{"@type":"Organization","@id":"https:\/\/noticiasmercedinas.com\/site\/#organization","name":"NOTICIASMERCEDINAS.COM","url":"https:\/\/noticiasmercedinas.com\/site\/","logo":{"@type":"ImageObject","inLanguage":"es","@id":"https:\/\/noticiasmercedinas.com\/site\/#\/schema\/logo\/image\/","url":"https:\/\/noticiasmercedinas.com\/site\/wp-content\/uploads\/2020\/06\/LOGO-512.jpg","contentUrl":"https:\/\/noticiasmercedinas.com\/site\/wp-content\/uploads\/2020\/06\/LOGO-512.jpg","width":512,"height":512,"caption":"NOTICIASMERCEDINAS.COM"},"image":{"@id":"https:\/\/noticiasmercedinas.com\/site\/#\/schema\/logo\/image\/"},"sameAs":["https:\/\/www.facebook.com\/noticiasmercedinas\/","https:\/\/x.com\/notmercedinas","https:\/\/www.instagram.com\/noticiasmercedinas\/"]},{"@type":"Person","@id":"https:\/\/noticiasmercedinas.com\/site\/#\/schema\/person\/8f2f09d666ef40986eba4a5e6f2a06f9","name":"Juan Dagnino NOTICIASMERCEDINAS.COM","image":{"@type":"ImageObject","inLanguage":"es","@id":"https:\/\/secure.gravatar.com\/avatar\/fc7059a769f5a3cae65fadb228a3e4accf3a64b4b2305020d0a27e6d5333c91b?s=96&d=mm&r=g","url":"https:\/\/secure.gravatar.com\/avatar\/fc7059a769f5a3cae65fadb228a3e4accf3a64b4b2305020d0a27e6d5333c91b?s=96&d=mm&r=g","contentUrl":"https:\/\/secure.gravatar.com\/avatar\/fc7059a769f5a3cae65fadb228a3e4accf3a64b4b2305020d0a27e6d5333c91b?s=96&d=mm&r=g","caption":"Juan Dagnino NOTICIASMERCEDINAS.COM"},"url":"https:\/\/noticiasmercedinas.com\/site\/author\/juandagnino\/"}]}},"amp_enabled":true,"_links":{"self":[{"href":"https:\/\/noticiasmercedinas.com\/site\/wp-json\/wp\/v2\/posts\/12379","targetHints":{"allow":["GET"]}}],"collection":[{"href":"https:\/\/noticiasmercedinas.com\/site\/wp-json\/wp\/v2\/posts"}],"about":[{"href":"https:\/\/noticiasmercedinas.com\/site\/wp-json\/wp\/v2\/types\/post"}],"author":[{"embeddable":true,"href":"https:\/\/noticiasmercedinas.com\/site\/wp-json\/wp\/v2\/users\/6"}],"replies":[{"embeddable":true,"href":"https:\/\/noticiasmercedinas.com\/site\/wp-json\/wp\/v2\/comments?post=12379"}],"version-history":[{"count":1,"href":"https:\/\/noticiasmercedinas.com\/site\/wp-json\/wp\/v2\/posts\/12379\/revisions"}],"predecessor-version":[{"id":12381,"href":"https:\/\/noticiasmercedinas.com\/site\/wp-json\/wp\/v2\/posts\/12379\/revisions\/12381"}],"wp:featuredmedia":[{"embeddable":true,"href":"https:\/\/noticiasmercedinas.com\/site\/wp-json\/wp\/v2\/media\/12380"}],"wp:attachment":[{"href":"https:\/\/noticiasmercedinas.com\/site\/wp-json\/wp\/v2\/media?parent=12379"}],"wp:term":[{"taxonomy":"category","embeddable":true,"href":"https:\/\/noticiasmercedinas.com\/site\/wp-json\/wp\/v2\/categories?post=12379"},{"taxonomy":"post_tag","embeddable":true,"href":"https:\/\/noticiasmercedinas.com\/site\/wp-json\/wp\/v2\/tags?post=12379"}],"curies":[{"name":"wp","href":"https:\/\/api.w.org\/{rel}","templated":true}]}}