{"id":123916,"date":"2023-10-01T20:49:21","date_gmt":"2023-10-01T23:49:21","guid":{"rendered":"https:\/\/noticiasmercedinas.com\/site\/?p=123916"},"modified":"2023-10-01T20:49:21","modified_gmt":"2023-10-01T23:49:21","slug":"dibujante-pablo-blasberg-dio-una-charla-sobre-ilustracion-digital-en-la-escuela-de-arte","status":"publish","type":"post","link":"https:\/\/noticiasmercedinas.com\/site\/2023\/10\/01\/dibujante-pablo-blasberg-dio-una-charla-sobre-ilustracion-digital-en-la-escuela-de-arte\/","title":{"rendered":"Dibujante Pablo Blasberg dio una charla sobre Ilustraci\u00f3n Digital en la Escuela de Arte"},"content":{"rendered":"<p><img loading=\"lazy\" decoding=\"async\" class=\"alignnone size-full wp-image-123917\" src=\"https:\/\/noticiasmercedinas.com\/site\/wp-content\/uploads\/2023\/10\/383347294_10233045006213378_5050019844109173690_n.jpg\" alt=\"\" width=\"766\" height=\"474\" srcset=\"https:\/\/noticiasmercedinas.com\/site\/wp-content\/uploads\/2023\/10\/383347294_10233045006213378_5050019844109173690_n.jpg 766w, https:\/\/noticiasmercedinas.com\/site\/wp-content\/uploads\/2023\/10\/383347294_10233045006213378_5050019844109173690_n-300x186.jpg 300w, https:\/\/noticiasmercedinas.com\/site\/wp-content\/uploads\/2023\/10\/383347294_10233045006213378_5050019844109173690_n-640x396.jpg 640w, https:\/\/noticiasmercedinas.com\/site\/wp-content\/uploads\/2023\/10\/383347294_10233045006213378_5050019844109173690_n-681x421.jpg 681w\" sizes=\"auto, (max-width: 766px) 100vw, 766px\" \/><\/p>\n<p>El viernes el dibujante <strong>Pablo Blasberg<\/strong> se adentr\u00f3 en el mundo de la ilustraci\u00f3n digital en la Escuela de Arte de Mercedes. Comparti\u00f3 su pasi\u00f3n y conocimientos con una audiencia diversa, que incluy\u00f3 a alumnos \u00e1vidos de aprender y a vecinos interesados en el arte en todas sus formas y tama\u00f1os.<\/p>\n<p>Tras el encuentro, Blasberg expres\u00f3 su gratitud hacia la Escuela de Arte y a las personas que lo hicieron posible. \u00abFue una hermosa experiencia con un gran grupo de alumnos e invitados. Espero que la hayan disfrutado tanto como yo, y gracias especialmente a <strong>Ramiro L\u00f3pez<\/strong> (presidente del Centro de Estudiantes), <strong>Dami\u00e1n Poleschi<\/strong> (director de la Escuela de Artes Visuales), y a <strong>Leonardo Damonte<\/strong> por su inteligencia y calidez\u00bb, coment\u00f3 el artista.<\/p>\n<blockquote><p>Blasberg comparti\u00f3 su viaje art\u00edstico, desde sus primeros trazos hasta su carrera actual, dando a los asistentes una visi\u00f3n completa de su desarrollo como artista<\/p><\/blockquote>\n<p>El evento atrajo a una multitud de personas, incluyendo a quienes no eran estudiantes de la Escuela de Arte, demostrando el amplio inter\u00e9s de la comunidad por el arte digital. La charla se llev\u00f3 a cabo en un espacio equipado con una pantalla nueva y un proyector de alta calidad que permiti\u00f3 a todos disfrutar de la presentaci\u00f3n de Blasberg de buena manera.<\/p>\n<p>Pablo Blasberg comparti\u00f3 su viaje art\u00edstico, desde sus primeros trazos hasta su carrera actual, dando a los asistentes una visi\u00f3n completa de su desarrollo como artista. Adem\u00e1s, present\u00f3 una amplia variedad de trabajos en diferentes estilos, que abarcaron desde caricaturas hasta ilustraciones y humor gr\u00e1fico, proporcionando una visi\u00f3n profunda de los diversos g\u00e9neros en el mundo de la ilustraci\u00f3n.<\/p>\n<p>La tecnolog\u00eda fue una parte central de la charla, con Blasberg destacando la importancia de herramientas como <em>Illustrator<\/em> y <em>Photoshop<\/em> en su trabajo. Adem\u00e1s, comparti\u00f3 valiosos consejos sobre c\u00f3mo profesionalizar el arte, incluyendo la creaci\u00f3n de una p\u00e1gina web personal y la promoci\u00f3n en las redes sociales. Tambi\u00e9n explor\u00f3 las m\u00faltiples facetas de vivir del arte, incluyendo la ilustraci\u00f3n, la pintura y la docencia, subrayando la idea de que es posible combinar el arte con otras formas de trabajo.<\/p>\n<p>El di\u00e1logo fue enriquecedor, con numerosas preguntas y un intercambio animado que dej\u00f3 a todos con una nueva apreciaci\u00f3n por el arte digital y la ilustraci\u00f3n.<\/p>\n<p><img loading=\"lazy\" decoding=\"async\" class=\"alignnone size-large wp-image-123918\" src=\"https:\/\/noticiasmercedinas.com\/site\/wp-content\/uploads\/2023\/10\/383338830_10233045006413383_6214431339151079956_n-1024x817.jpg\" alt=\"\" width=\"640\" height=\"511\" srcset=\"https:\/\/noticiasmercedinas.com\/site\/wp-content\/uploads\/2023\/10\/383338830_10233045006413383_6214431339151079956_n-1024x817.jpg 1024w, https:\/\/noticiasmercedinas.com\/site\/wp-content\/uploads\/2023\/10\/383338830_10233045006413383_6214431339151079956_n-300x239.jpg 300w, https:\/\/noticiasmercedinas.com\/site\/wp-content\/uploads\/2023\/10\/383338830_10233045006413383_6214431339151079956_n-768x613.jpg 768w, https:\/\/noticiasmercedinas.com\/site\/wp-content\/uploads\/2023\/10\/383338830_10233045006413383_6214431339151079956_n-640x511.jpg 640w, https:\/\/noticiasmercedinas.com\/site\/wp-content\/uploads\/2023\/10\/383338830_10233045006413383_6214431339151079956_n-681x544.jpg 681w, https:\/\/noticiasmercedinas.com\/site\/wp-content\/uploads\/2023\/10\/383338830_10233045006413383_6214431339151079956_n.jpg 1056w\" sizes=\"auto, (max-width: 640px) 100vw, 640px\" \/><\/p>\n","protected":false},"excerpt":{"rendered":"<p>\u25a0 El di\u00e1logo fue enriquecedor, con numerosas preguntas y un intercambio animado que dej\u00f3 a todos con una nueva apreciaci\u00f3n por el arte digital y la ilustraci\u00f3n. \u00abFue una hermosa experiencia\u00bb, coment\u00f3<\/p>\n","protected":false},"author":16,"featured_media":123917,"comment_status":"closed","ping_status":"closed","sticky":false,"template":"","format":"standard","meta":{"footnotes":""},"categories":[4],"tags":[1989,2484,194],"class_list":["post-123916","post","type-post","status-publish","format-standard","has-post-thumbnail","hentry","category-cultura","tag-escuela-de-arte","tag-ilustracion","tag-pablo-blasberg"],"yoast_head":"<!-- This site is optimized with the Yoast SEO plugin v27.5 - https:\/\/yoast.com\/product\/yoast-seo-wordpress\/ -->\n<title>Dibujante Pablo Blasberg dio una charla sobre Ilustraci\u00f3n Digital en la Escuela de Arte<\/title>\n<meta name=\"robots\" content=\"index, follow, max-snippet:-1, max-image-preview:large, max-video-preview:-1\" \/>\n<link rel=\"canonical\" href=\"https:\/\/noticiasmercedinas.com\/site\/2023\/10\/01\/dibujante-pablo-blasberg-dio-una-charla-sobre-ilustracion-digital-en-la-escuela-de-arte\/\" \/>\n<meta property=\"og:locale\" content=\"es_ES\" \/>\n<meta property=\"og:type\" content=\"article\" \/>\n<meta property=\"og:title\" content=\"Dibujante Pablo Blasberg dio una charla sobre Ilustraci\u00f3n Digital en la Escuela de Arte\" \/>\n<meta property=\"og:description\" content=\"\u25a0 El di\u00e1logo fue enriquecedor, con numerosas preguntas y un intercambio animado que dej\u00f3 a todos con una nueva apreciaci\u00f3n por el arte digital y la ilustraci\u00f3n. &quot;Fue una hermosa experiencia&quot;, coment\u00f3\" \/>\n<meta property=\"og:url\" content=\"https:\/\/noticiasmercedinas.com\/site\/2023\/10\/01\/dibujante-pablo-blasberg-dio-una-charla-sobre-ilustracion-digital-en-la-escuela-de-arte\/\" \/>\n<meta property=\"og:site_name\" content=\"NOTICIASMERCEDINAS.COM\" \/>\n<meta property=\"article:publisher\" content=\"https:\/\/www.facebook.com\/noticiasmercedinas\/\" \/>\n<meta property=\"article:published_time\" content=\"2023-10-01T23:49:21+00:00\" \/>\n<meta property=\"og:image\" content=\"https:\/\/noticiasmercedinas.com\/site\/wp-content\/uploads\/2023\/10\/383347294_10233045006213378_5050019844109173690_n.jpg\" \/>\n\t<meta property=\"og:image:width\" content=\"766\" \/>\n\t<meta property=\"og:image:height\" content=\"474\" \/>\n\t<meta property=\"og:image:type\" content=\"image\/jpeg\" \/>\n<meta name=\"author\" content=\"NOTICIASMERCEDINAS.COM\" \/>\n<meta name=\"twitter:card\" content=\"summary_large_image\" \/>\n<meta name=\"twitter:creator\" content=\"@notmercedinas\" \/>\n<meta name=\"twitter:site\" content=\"@notmercedinas\" \/>\n<meta name=\"twitter:label1\" content=\"Escrito por\" \/>\n\t<meta name=\"twitter:data1\" content=\"NOTICIASMERCEDINAS.COM\" \/>\n\t<meta name=\"twitter:label2\" content=\"Tiempo de lectura\" \/>\n\t<meta name=\"twitter:data2\" content=\"3 minutos\" \/>\n<script type=\"application\/ld+json\" class=\"yoast-schema-graph\">{\"@context\":\"https:\\\/\\\/schema.org\",\"@graph\":[{\"@type\":\"Article\",\"@id\":\"https:\\\/\\\/noticiasmercedinas.com\\\/site\\\/2023\\\/10\\\/01\\\/dibujante-pablo-blasberg-dio-una-charla-sobre-ilustracion-digital-en-la-escuela-de-arte\\\/#article\",\"isPartOf\":{\"@id\":\"https:\\\/\\\/noticiasmercedinas.com\\\/site\\\/2023\\\/10\\\/01\\\/dibujante-pablo-blasberg-dio-una-charla-sobre-ilustracion-digital-en-la-escuela-de-arte\\\/\"},\"author\":{\"name\":\"NOTICIASMERCEDINAS.COM\",\"@id\":\"https:\\\/\\\/noticiasmercedinas.com\\\/site\\\/#\\\/schema\\\/person\\\/84b59c099c28ff2e8b77d4ceec5d8063\"},\"headline\":\"Dibujante Pablo Blasberg dio una charla sobre Ilustraci\u00f3n Digital en la Escuela de Arte\",\"datePublished\":\"2023-10-01T23:49:21+00:00\",\"mainEntityOfPage\":{\"@id\":\"https:\\\/\\\/noticiasmercedinas.com\\\/site\\\/2023\\\/10\\\/01\\\/dibujante-pablo-blasberg-dio-una-charla-sobre-ilustracion-digital-en-la-escuela-de-arte\\\/\"},\"wordCount\":418,\"publisher\":{\"@id\":\"https:\\\/\\\/noticiasmercedinas.com\\\/site\\\/#organization\"},\"image\":{\"@id\":\"https:\\\/\\\/noticiasmercedinas.com\\\/site\\\/2023\\\/10\\\/01\\\/dibujante-pablo-blasberg-dio-una-charla-sobre-ilustracion-digital-en-la-escuela-de-arte\\\/#primaryimage\"},\"thumbnailUrl\":\"https:\\\/\\\/noticiasmercedinas.com\\\/site\\\/wp-content\\\/uploads\\\/2023\\\/10\\\/383347294_10233045006213378_5050019844109173690_n.jpg\",\"keywords\":[\"Escuela de Arte\",\"ilustracion\",\"pablo blasberg\"],\"articleSection\":[\"Cultura\"],\"inLanguage\":\"es\"},{\"@type\":\"WebPage\",\"@id\":\"https:\\\/\\\/noticiasmercedinas.com\\\/site\\\/2023\\\/10\\\/01\\\/dibujante-pablo-blasberg-dio-una-charla-sobre-ilustracion-digital-en-la-escuela-de-arte\\\/\",\"url\":\"https:\\\/\\\/noticiasmercedinas.com\\\/site\\\/2023\\\/10\\\/01\\\/dibujante-pablo-blasberg-dio-una-charla-sobre-ilustracion-digital-en-la-escuela-de-arte\\\/\",\"name\":\"Dibujante Pablo Blasberg dio una charla sobre Ilustraci\u00f3n Digital en la Escuela de Arte\",\"isPartOf\":{\"@id\":\"https:\\\/\\\/noticiasmercedinas.com\\\/site\\\/#website\"},\"primaryImageOfPage\":{\"@id\":\"https:\\\/\\\/noticiasmercedinas.com\\\/site\\\/2023\\\/10\\\/01\\\/dibujante-pablo-blasberg-dio-una-charla-sobre-ilustracion-digital-en-la-escuela-de-arte\\\/#primaryimage\"},\"image\":{\"@id\":\"https:\\\/\\\/noticiasmercedinas.com\\\/site\\\/2023\\\/10\\\/01\\\/dibujante-pablo-blasberg-dio-una-charla-sobre-ilustracion-digital-en-la-escuela-de-arte\\\/#primaryimage\"},\"thumbnailUrl\":\"https:\\\/\\\/noticiasmercedinas.com\\\/site\\\/wp-content\\\/uploads\\\/2023\\\/10\\\/383347294_10233045006213378_5050019844109173690_n.jpg\",\"datePublished\":\"2023-10-01T23:49:21+00:00\",\"breadcrumb\":{\"@id\":\"https:\\\/\\\/noticiasmercedinas.com\\\/site\\\/2023\\\/10\\\/01\\\/dibujante-pablo-blasberg-dio-una-charla-sobre-ilustracion-digital-en-la-escuela-de-arte\\\/#breadcrumb\"},\"inLanguage\":\"es\",\"potentialAction\":[{\"@type\":\"ReadAction\",\"target\":[\"https:\\\/\\\/noticiasmercedinas.com\\\/site\\\/2023\\\/10\\\/01\\\/dibujante-pablo-blasberg-dio-una-charla-sobre-ilustracion-digital-en-la-escuela-de-arte\\\/\"]}]},{\"@type\":\"ImageObject\",\"inLanguage\":\"es\",\"@id\":\"https:\\\/\\\/noticiasmercedinas.com\\\/site\\\/2023\\\/10\\\/01\\\/dibujante-pablo-blasberg-dio-una-charla-sobre-ilustracion-digital-en-la-escuela-de-arte\\\/#primaryimage\",\"url\":\"https:\\\/\\\/noticiasmercedinas.com\\\/site\\\/wp-content\\\/uploads\\\/2023\\\/10\\\/383347294_10233045006213378_5050019844109173690_n.jpg\",\"contentUrl\":\"https:\\\/\\\/noticiasmercedinas.com\\\/site\\\/wp-content\\\/uploads\\\/2023\\\/10\\\/383347294_10233045006213378_5050019844109173690_n.jpg\",\"width\":766,\"height\":474},{\"@type\":\"BreadcrumbList\",\"@id\":\"https:\\\/\\\/noticiasmercedinas.com\\\/site\\\/2023\\\/10\\\/01\\\/dibujante-pablo-blasberg-dio-una-charla-sobre-ilustracion-digital-en-la-escuela-de-arte\\\/#breadcrumb\",\"itemListElement\":[{\"@type\":\"ListItem\",\"position\":1,\"name\":\"Portada\",\"item\":\"https:\\\/\\\/noticiasmercedinas.com\\\/site\\\/\"},{\"@type\":\"ListItem\",\"position\":2,\"name\":\"Dibujante Pablo Blasberg dio una charla sobre Ilustraci\u00f3n Digital en la Escuela de Arte\"}]},{\"@type\":\"WebSite\",\"@id\":\"https:\\\/\\\/noticiasmercedinas.com\\\/site\\\/#website\",\"url\":\"https:\\\/\\\/noticiasmercedinas.com\\\/site\\\/\",\"name\":\"NOTICIASMERCEDINAS.COM\",\"description\":\"Mercedes, Buenos Aires, Argentina\",\"publisher\":{\"@id\":\"https:\\\/\\\/noticiasmercedinas.com\\\/site\\\/#organization\"},\"potentialAction\":[{\"@type\":\"SearchAction\",\"target\":{\"@type\":\"EntryPoint\",\"urlTemplate\":\"https:\\\/\\\/noticiasmercedinas.com\\\/site\\\/?s={search_term_string}\"},\"query-input\":{\"@type\":\"PropertyValueSpecification\",\"valueRequired\":true,\"valueName\":\"search_term_string\"}}],\"inLanguage\":\"es\"},{\"@type\":\"Organization\",\"@id\":\"https:\\\/\\\/noticiasmercedinas.com\\\/site\\\/#organization\",\"name\":\"NOTICIASMERCEDINAS.COM\",\"url\":\"https:\\\/\\\/noticiasmercedinas.com\\\/site\\\/\",\"logo\":{\"@type\":\"ImageObject\",\"inLanguage\":\"es\",\"@id\":\"https:\\\/\\\/noticiasmercedinas.com\\\/site\\\/#\\\/schema\\\/logo\\\/image\\\/\",\"url\":\"https:\\\/\\\/noticiasmercedinas.com\\\/site\\\/wp-content\\\/uploads\\\/2020\\\/06\\\/LOGO-512.jpg\",\"contentUrl\":\"https:\\\/\\\/noticiasmercedinas.com\\\/site\\\/wp-content\\\/uploads\\\/2020\\\/06\\\/LOGO-512.jpg\",\"width\":512,\"height\":512,\"caption\":\"NOTICIASMERCEDINAS.COM\"},\"image\":{\"@id\":\"https:\\\/\\\/noticiasmercedinas.com\\\/site\\\/#\\\/schema\\\/logo\\\/image\\\/\"},\"sameAs\":[\"https:\\\/\\\/www.facebook.com\\\/noticiasmercedinas\\\/\",\"https:\\\/\\\/x.com\\\/notmercedinas\",\"https:\\\/\\\/www.instagram.com\\\/noticiasmercedinas\\\/\"]},{\"@type\":\"Person\",\"@id\":\"https:\\\/\\\/noticiasmercedinas.com\\\/site\\\/#\\\/schema\\\/person\\\/84b59c099c28ff2e8b77d4ceec5d8063\",\"name\":\"NOTICIASMERCEDINAS.COM\",\"image\":{\"@type\":\"ImageObject\",\"inLanguage\":\"es\",\"@id\":\"https:\\\/\\\/secure.gravatar.com\\\/avatar\\\/4dfbf16b4d17945bfb6341b2d19043457132fcf478a5ee04f42e959fd8f5df0a?s=96&d=mm&r=g\",\"url\":\"https:\\\/\\\/secure.gravatar.com\\\/avatar\\\/4dfbf16b4d17945bfb6341b2d19043457132fcf478a5ee04f42e959fd8f5df0a?s=96&d=mm&r=g\",\"contentUrl\":\"https:\\\/\\\/secure.gravatar.com\\\/avatar\\\/4dfbf16b4d17945bfb6341b2d19043457132fcf478a5ee04f42e959fd8f5df0a?s=96&d=mm&r=g\",\"caption\":\"NOTICIASMERCEDINAS.COM\"},\"url\":\"https:\\\/\\\/noticiasmercedinas.com\\\/site\\\/author\\\/anonimo\\\/\"}]}<\/script>\n<!-- \/ Yoast SEO plugin. -->","yoast_head_json":{"title":"Dibujante Pablo Blasberg dio una charla sobre Ilustraci\u00f3n Digital en la Escuela de Arte","robots":{"index":"index","follow":"follow","max-snippet":"max-snippet:-1","max-image-preview":"max-image-preview:large","max-video-preview":"max-video-preview:-1"},"canonical":"https:\/\/noticiasmercedinas.com\/site\/2023\/10\/01\/dibujante-pablo-blasberg-dio-una-charla-sobre-ilustracion-digital-en-la-escuela-de-arte\/","og_locale":"es_ES","og_type":"article","og_title":"Dibujante Pablo Blasberg dio una charla sobre Ilustraci\u00f3n Digital en la Escuela de Arte","og_description":"\u25a0 El di\u00e1logo fue enriquecedor, con numerosas preguntas y un intercambio animado que dej\u00f3 a todos con una nueva apreciaci\u00f3n por el arte digital y la ilustraci\u00f3n. \"Fue una hermosa experiencia\", coment\u00f3","og_url":"https:\/\/noticiasmercedinas.com\/site\/2023\/10\/01\/dibujante-pablo-blasberg-dio-una-charla-sobre-ilustracion-digital-en-la-escuela-de-arte\/","og_site_name":"NOTICIASMERCEDINAS.COM","article_publisher":"https:\/\/www.facebook.com\/noticiasmercedinas\/","article_published_time":"2023-10-01T23:49:21+00:00","og_image":[{"width":766,"height":474,"url":"https:\/\/noticiasmercedinas.com\/site\/wp-content\/uploads\/2023\/10\/383347294_10233045006213378_5050019844109173690_n.jpg","type":"image\/jpeg"}],"author":"NOTICIASMERCEDINAS.COM","twitter_card":"summary_large_image","twitter_creator":"@notmercedinas","twitter_site":"@notmercedinas","twitter_misc":{"Escrito por":"NOTICIASMERCEDINAS.COM","Tiempo de lectura":"3 minutos"},"schema":{"@context":"https:\/\/schema.org","@graph":[{"@type":"Article","@id":"https:\/\/noticiasmercedinas.com\/site\/2023\/10\/01\/dibujante-pablo-blasberg-dio-una-charla-sobre-ilustracion-digital-en-la-escuela-de-arte\/#article","isPartOf":{"@id":"https:\/\/noticiasmercedinas.com\/site\/2023\/10\/01\/dibujante-pablo-blasberg-dio-una-charla-sobre-ilustracion-digital-en-la-escuela-de-arte\/"},"author":{"name":"NOTICIASMERCEDINAS.COM","@id":"https:\/\/noticiasmercedinas.com\/site\/#\/schema\/person\/84b59c099c28ff2e8b77d4ceec5d8063"},"headline":"Dibujante Pablo Blasberg dio una charla sobre Ilustraci\u00f3n Digital en la Escuela de Arte","datePublished":"2023-10-01T23:49:21+00:00","mainEntityOfPage":{"@id":"https:\/\/noticiasmercedinas.com\/site\/2023\/10\/01\/dibujante-pablo-blasberg-dio-una-charla-sobre-ilustracion-digital-en-la-escuela-de-arte\/"},"wordCount":418,"publisher":{"@id":"https:\/\/noticiasmercedinas.com\/site\/#organization"},"image":{"@id":"https:\/\/noticiasmercedinas.com\/site\/2023\/10\/01\/dibujante-pablo-blasberg-dio-una-charla-sobre-ilustracion-digital-en-la-escuela-de-arte\/#primaryimage"},"thumbnailUrl":"https:\/\/noticiasmercedinas.com\/site\/wp-content\/uploads\/2023\/10\/383347294_10233045006213378_5050019844109173690_n.jpg","keywords":["Escuela de Arte","ilustracion","pablo blasberg"],"articleSection":["Cultura"],"inLanguage":"es"},{"@type":"WebPage","@id":"https:\/\/noticiasmercedinas.com\/site\/2023\/10\/01\/dibujante-pablo-blasberg-dio-una-charla-sobre-ilustracion-digital-en-la-escuela-de-arte\/","url":"https:\/\/noticiasmercedinas.com\/site\/2023\/10\/01\/dibujante-pablo-blasberg-dio-una-charla-sobre-ilustracion-digital-en-la-escuela-de-arte\/","name":"Dibujante Pablo Blasberg dio una charla sobre Ilustraci\u00f3n Digital en la Escuela de Arte","isPartOf":{"@id":"https:\/\/noticiasmercedinas.com\/site\/#website"},"primaryImageOfPage":{"@id":"https:\/\/noticiasmercedinas.com\/site\/2023\/10\/01\/dibujante-pablo-blasberg-dio-una-charla-sobre-ilustracion-digital-en-la-escuela-de-arte\/#primaryimage"},"image":{"@id":"https:\/\/noticiasmercedinas.com\/site\/2023\/10\/01\/dibujante-pablo-blasberg-dio-una-charla-sobre-ilustracion-digital-en-la-escuela-de-arte\/#primaryimage"},"thumbnailUrl":"https:\/\/noticiasmercedinas.com\/site\/wp-content\/uploads\/2023\/10\/383347294_10233045006213378_5050019844109173690_n.jpg","datePublished":"2023-10-01T23:49:21+00:00","breadcrumb":{"@id":"https:\/\/noticiasmercedinas.com\/site\/2023\/10\/01\/dibujante-pablo-blasberg-dio-una-charla-sobre-ilustracion-digital-en-la-escuela-de-arte\/#breadcrumb"},"inLanguage":"es","potentialAction":[{"@type":"ReadAction","target":["https:\/\/noticiasmercedinas.com\/site\/2023\/10\/01\/dibujante-pablo-blasberg-dio-una-charla-sobre-ilustracion-digital-en-la-escuela-de-arte\/"]}]},{"@type":"ImageObject","inLanguage":"es","@id":"https:\/\/noticiasmercedinas.com\/site\/2023\/10\/01\/dibujante-pablo-blasberg-dio-una-charla-sobre-ilustracion-digital-en-la-escuela-de-arte\/#primaryimage","url":"https:\/\/noticiasmercedinas.com\/site\/wp-content\/uploads\/2023\/10\/383347294_10233045006213378_5050019844109173690_n.jpg","contentUrl":"https:\/\/noticiasmercedinas.com\/site\/wp-content\/uploads\/2023\/10\/383347294_10233045006213378_5050019844109173690_n.jpg","width":766,"height":474},{"@type":"BreadcrumbList","@id":"https:\/\/noticiasmercedinas.com\/site\/2023\/10\/01\/dibujante-pablo-blasberg-dio-una-charla-sobre-ilustracion-digital-en-la-escuela-de-arte\/#breadcrumb","itemListElement":[{"@type":"ListItem","position":1,"name":"Portada","item":"https:\/\/noticiasmercedinas.com\/site\/"},{"@type":"ListItem","position":2,"name":"Dibujante Pablo Blasberg dio una charla sobre Ilustraci\u00f3n Digital en la Escuela de Arte"}]},{"@type":"WebSite","@id":"https:\/\/noticiasmercedinas.com\/site\/#website","url":"https:\/\/noticiasmercedinas.com\/site\/","name":"NOTICIASMERCEDINAS.COM","description":"Mercedes, Buenos Aires, Argentina","publisher":{"@id":"https:\/\/noticiasmercedinas.com\/site\/#organization"},"potentialAction":[{"@type":"SearchAction","target":{"@type":"EntryPoint","urlTemplate":"https:\/\/noticiasmercedinas.com\/site\/?s={search_term_string}"},"query-input":{"@type":"PropertyValueSpecification","valueRequired":true,"valueName":"search_term_string"}}],"inLanguage":"es"},{"@type":"Organization","@id":"https:\/\/noticiasmercedinas.com\/site\/#organization","name":"NOTICIASMERCEDINAS.COM","url":"https:\/\/noticiasmercedinas.com\/site\/","logo":{"@type":"ImageObject","inLanguage":"es","@id":"https:\/\/noticiasmercedinas.com\/site\/#\/schema\/logo\/image\/","url":"https:\/\/noticiasmercedinas.com\/site\/wp-content\/uploads\/2020\/06\/LOGO-512.jpg","contentUrl":"https:\/\/noticiasmercedinas.com\/site\/wp-content\/uploads\/2020\/06\/LOGO-512.jpg","width":512,"height":512,"caption":"NOTICIASMERCEDINAS.COM"},"image":{"@id":"https:\/\/noticiasmercedinas.com\/site\/#\/schema\/logo\/image\/"},"sameAs":["https:\/\/www.facebook.com\/noticiasmercedinas\/","https:\/\/x.com\/notmercedinas","https:\/\/www.instagram.com\/noticiasmercedinas\/"]},{"@type":"Person","@id":"https:\/\/noticiasmercedinas.com\/site\/#\/schema\/person\/84b59c099c28ff2e8b77d4ceec5d8063","name":"NOTICIASMERCEDINAS.COM","image":{"@type":"ImageObject","inLanguage":"es","@id":"https:\/\/secure.gravatar.com\/avatar\/4dfbf16b4d17945bfb6341b2d19043457132fcf478a5ee04f42e959fd8f5df0a?s=96&d=mm&r=g","url":"https:\/\/secure.gravatar.com\/avatar\/4dfbf16b4d17945bfb6341b2d19043457132fcf478a5ee04f42e959fd8f5df0a?s=96&d=mm&r=g","contentUrl":"https:\/\/secure.gravatar.com\/avatar\/4dfbf16b4d17945bfb6341b2d19043457132fcf478a5ee04f42e959fd8f5df0a?s=96&d=mm&r=g","caption":"NOTICIASMERCEDINAS.COM"},"url":"https:\/\/noticiasmercedinas.com\/site\/author\/anonimo\/"}]}},"amp_enabled":true,"_links":{"self":[{"href":"https:\/\/noticiasmercedinas.com\/site\/wp-json\/wp\/v2\/posts\/123916","targetHints":{"allow":["GET"]}}],"collection":[{"href":"https:\/\/noticiasmercedinas.com\/site\/wp-json\/wp\/v2\/posts"}],"about":[{"href":"https:\/\/noticiasmercedinas.com\/site\/wp-json\/wp\/v2\/types\/post"}],"author":[{"embeddable":true,"href":"https:\/\/noticiasmercedinas.com\/site\/wp-json\/wp\/v2\/users\/16"}],"replies":[{"embeddable":true,"href":"https:\/\/noticiasmercedinas.com\/site\/wp-json\/wp\/v2\/comments?post=123916"}],"version-history":[{"count":1,"href":"https:\/\/noticiasmercedinas.com\/site\/wp-json\/wp\/v2\/posts\/123916\/revisions"}],"predecessor-version":[{"id":123919,"href":"https:\/\/noticiasmercedinas.com\/site\/wp-json\/wp\/v2\/posts\/123916\/revisions\/123919"}],"wp:featuredmedia":[{"embeddable":true,"href":"https:\/\/noticiasmercedinas.com\/site\/wp-json\/wp\/v2\/media\/123917"}],"wp:attachment":[{"href":"https:\/\/noticiasmercedinas.com\/site\/wp-json\/wp\/v2\/media?parent=123916"}],"wp:term":[{"taxonomy":"category","embeddable":true,"href":"https:\/\/noticiasmercedinas.com\/site\/wp-json\/wp\/v2\/categories?post=123916"},{"taxonomy":"post_tag","embeddable":true,"href":"https:\/\/noticiasmercedinas.com\/site\/wp-json\/wp\/v2\/tags?post=123916"}],"curies":[{"name":"wp","href":"https:\/\/api.w.org\/{rel}","templated":true}]}}