{"id":124041,"date":"2023-10-02T20:35:26","date_gmt":"2023-10-02T23:35:26","guid":{"rendered":"https:\/\/noticiasmercedinas.com\/site\/?p=124041"},"modified":"2023-10-02T20:35:26","modified_gmt":"2023-10-02T23:35:26","slug":"de-pedro-necesitamos-empresarios-mas-protagonistas-para-darle-mas-certidumbre-a-la-matriz-productiva","status":"publish","type":"post","link":"https:\/\/noticiasmercedinas.com\/site\/2023\/10\/02\/de-pedro-necesitamos-empresarios-mas-protagonistas-para-darle-mas-certidumbre-a-la-matriz-productiva\/","title":{"rendered":"De Pedro: \u201cNecesitamos empresarios m\u00e1s protagonistas para darle m\u00e1s certidumbre a la matriz productiva\u201d"},"content":{"rendered":"<p><img loading=\"lazy\" decoding=\"async\" class=\"alignnone size-full wp-image-124044\" src=\"https:\/\/noticiasmercedinas.com\/site\/wp-content\/uploads\/2023\/10\/DSC_5217-01.jpeg\" alt=\"\" width=\"640\" height=\"427\" srcset=\"https:\/\/noticiasmercedinas.com\/site\/wp-content\/uploads\/2023\/10\/DSC_5217-01.jpeg 640w, https:\/\/noticiasmercedinas.com\/site\/wp-content\/uploads\/2023\/10\/DSC_5217-01-300x200.jpeg 300w\" sizes=\"auto, (max-width: 640px) 100vw, 640px\" \/><\/p>\n<p>El ministro del Interior, Wado de Pedro, encabez\u00f3 hoy junto a su par de Ciencia, Tecnolog\u00eda e Innovaci\u00f3n, Daniel Filmus, el encuentro \u00abInnovaci\u00f3n y Desarrollo en Argentina: Potenciar el Futuro a trav\u00e9s de la Articulaci\u00f3n P\u00fablico-Privada\u00bb que reuni\u00f3 a m\u00e1s de 180 directivos y representantes empresariales, del sector p\u00fablico y cient\u00edficos. En ese marco, el titular de Interior asegur\u00f3 que \u201cnecesitamos empresarios m\u00e1s protagonistas para darle m\u00e1s certidumbre a la matriz productiva\u201d .<\/p>\n<p>El ministro, al exponer en el encuentro desarrollado en el Centro Cultural de la Ciencia, expres\u00f3 que \u00abparte de las soluciones para el futuro de la Argentina tienen que ver con generar un proyecto de unidad nacional\u201d, y agreg\u00f3 que \u00bb la salida es acordando un modelo productivo, de desarrollo con inclusi\u00f3n federal\u201d y que \u201ces el momento de trabajar grandes acuerdos para pensar en una gran Argentina que nos incluya a todas y todos\u201d.<\/p>\n<p>En ese marco, valor\u00f3: \u00abtenemos unicornios, tenemos premios nobeles, tenemos un sistema universitario, un sistema de contenci\u00f3n y educaci\u00f3n privada y p\u00fablica que hace que tengamos personas, hombres y mujeres, que se destacan\u201d, indic\u00f3 de Pedro al hablar del potencial de la Argentina.<\/p>\n<p><img loading=\"lazy\" decoding=\"async\" class=\"alignnone size-full wp-image-124043\" src=\"https:\/\/noticiasmercedinas.com\/site\/wp-content\/uploads\/2023\/10\/DSC_5298-01.jpeg\" alt=\"\" width=\"640\" height=\"427\" srcset=\"https:\/\/noticiasmercedinas.com\/site\/wp-content\/uploads\/2023\/10\/DSC_5298-01.jpeg 640w, https:\/\/noticiasmercedinas.com\/site\/wp-content\/uploads\/2023\/10\/DSC_5298-01-300x200.jpeg 300w\" sizes=\"auto, (max-width: 640px) 100vw, 640px\" \/><\/p>\n<p>Por su parte, Daniel Filmus sostuvo que \u201cno hay ninguna posibilidad de desarrollo que permita la distribuci\u00f3n de los beneficios de desarrollo entre todas y todos si no es con apoyo hacia la ciencia y la tecnolog\u00eda. No conozco ning\u00fan pa\u00eds del mundo que haya logrado un desarrollo equilibrado e integraci\u00f3n de toda su poblaci\u00f3n sin el aporte de sus universidades y de la ciencia y la tecnolog\u00eda\u201d y asegur\u00f3 que \u201cla inversi\u00f3n p\u00fablica s\u00f3lida tiene la capacidad para atraer la inversi\u00f3n privada hacia la ciencia y la tecnolog\u00eda\u201d.<\/p>\n<p>El evento organizado por el ministerio del Interior y el de Ciencia, Tecnolog\u00eda e Innovaci\u00f3n reuni\u00f3 a cient\u00edficos, empresarios, funcionarios, c\u00e1maras e instituciones p\u00fablicas comprometidas en impulsar la innovaci\u00f3n cient\u00edfica y tecnol\u00f3gica en el pa\u00eds y tuvo como objetivo promover el di\u00e1logo y la construcci\u00f3n de consensos necesarios sobre los desaf\u00edos que presenta la articulaci\u00f3n p\u00fablico &#8211; privada en lo relativo a investigaci\u00f3n, desarrollo e innovaci\u00f3n cient\u00edfica y tecnol\u00f3gica y su vinculaci\u00f3n con la agenda productiva de Argentina.<\/p>\n<p>Participaron tambi\u00e9n del panel de apertura la subsecretaria de Pol\u00edticas para el Desarrollo con Equidad Regional del Ministerio del Interior, Paula Espa\u00f1ol; el subsecretario de Coordinaci\u00f3n Institucional del ministerio de Ciencia, Tecnolog\u00eda e Innovaci\u00f3n; la presidente del CONICET, Ana Franchi y el gerente de Vinculaci\u00f3n Tecnol\u00f3gica del CONICET, Sergio Romano.<\/p>\n<p>En ese marco, Paula Espa\u00f1ol sostuvo que \u00abel primer gran objetivo de encontrarnos tiene que ver con escuchar y conectar a las empresas, centros de investigaci\u00f3n, c\u00e1maras empresarias y en la interacci\u00f3n con las universidades nacionales se logren adquirir determinados procesos de conocimientos previos antes de que lleguen a la empresa\u00bb.<\/p>\n<p>El evento prosigui\u00f3 con las exposiciones de Sandra Cipolla (SPI), Nicolas Creus (Terragene), Ignacio Noel (Morixe), Hugo Menzella (Keclon), Claudio Dunan (Bioceres), Fernando Schapachnik (Fundaci\u00f3n Sadosky), Esteban Corley (mABxience), Diego Maffeo (Pan American Energy), Diego Buranello (DANONE), In\u00e9s Gerbaudo (GERBAUDO), Tomi Karagozian (TN&amp;Platex), Nacira Mu\u00f1oz (INTA), Andr\u00e9s Wigdorovitz (Bioinnovo), Celeste Saulo (Servicio Meteorol\u00f3gico Nacional), Mart\u00edn Almirall (Whale Leaf Farm), Daniel Herrero (Toyota), Jos\u00e9 Zuccardi (Familia Zuccardi), Gustavo Grobocopatel (Los Grobo), Agust\u00edn Otero Monsegur (Ganagrin) y Mar\u00eda Laura Correa (CONICET).<\/p>\n<p>Entre otros ejes, el encuentro ahond\u00f3 en el desarrollo de un di\u00e1logo cr\u00edtico y a la vez constructivo entre los diferentes actores, destinado a fortalecer la relaci\u00f3n entre el sistema cient\u00edfico local y los proyectos productivos m\u00e1s significativos de nuestro pa\u00eds.<\/p>\n<p>Los paneles de discusi\u00f3n y las presentaciones de representantes de todas las esferas contribuyeron a enriquecer el di\u00e1logo respecto del rol de la investigaci\u00f3n y la tecnolog\u00eda en Argentina, as\u00ed como su vinculaci\u00f3n con el sector productivo.<\/p>\n<p>De la cita participaron, entre otras, las siguientes empresas e instituciones,: Toyota Argentina, Texcom, YPF, Ganagrin, MABXcience, Whale Leaf Farm, Argenomics, Buck Semillas, Cervecer\u00eda y Malter\u00eda Quilmes, Energ\u00eda Argentina, Epidata, Laboratorios Casasco, Molinos, Ministerio de Econom\u00eda, Ministerio de Defensa, Municipalidad de Carlos Casares, Municipalidad de Florencio Varela, C\u00e1mara Argentina de Biotecnolog\u00eda, Asociaci\u00f3n de Industriales Metal\u00fargicos de la Rep\u00fablica Argentina (Adimra) y British Council.<\/p>\n<p><img loading=\"lazy\" decoding=\"async\" class=\"alignnone size-full wp-image-124042\" src=\"https:\/\/noticiasmercedinas.com\/site\/wp-content\/uploads\/2023\/10\/DSC_5034-01.jpeg\" alt=\"\" width=\"640\" height=\"427\" srcset=\"https:\/\/noticiasmercedinas.com\/site\/wp-content\/uploads\/2023\/10\/DSC_5034-01.jpeg 640w, https:\/\/noticiasmercedinas.com\/site\/wp-content\/uploads\/2023\/10\/DSC_5034-01-300x200.jpeg 300w\" sizes=\"auto, (max-width: 640px) 100vw, 640px\" \/><\/p>\n","protected":false},"excerpt":{"rendered":"<p>\u25a0 Fue parte del encuentro \u00abInnovaci\u00f3n y Desarrollo en Argentina: Potenciar el Futuro a trav\u00e9s de la Articulaci\u00f3n P\u00fablico-Privada\u00bb que reuni\u00f3 a directivos y representantes empresariales, del sector p\u00fablico y cient\u00edfico<\/p>\n","protected":false},"author":16,"featured_media":124044,"comment_status":"closed","ping_status":"closed","sticky":false,"template":"","format":"standard","meta":{"footnotes":""},"categories":[16],"tags":[4963],"class_list":["post-124041","post","type-post","status-publish","format-standard","has-post-thumbnail","hentry","category-politica","tag-wado-de-pedro"],"yoast_head":"<!-- This site is optimized with the Yoast SEO plugin v27.4 - https:\/\/yoast.com\/product\/yoast-seo-wordpress\/ -->\n<title>De Pedro: \u201cNecesitamos empresarios m\u00e1s protagonistas para darle m\u00e1s certidumbre a la matriz productiva\u201d<\/title>\n<meta name=\"robots\" content=\"index, follow, max-snippet:-1, max-image-preview:large, max-video-preview:-1\" \/>\n<link rel=\"canonical\" href=\"https:\/\/noticiasmercedinas.com\/site\/2023\/10\/02\/de-pedro-necesitamos-empresarios-mas-protagonistas-para-darle-mas-certidumbre-a-la-matriz-productiva\/\" \/>\n<meta property=\"og:locale\" content=\"es_ES\" \/>\n<meta property=\"og:type\" content=\"article\" \/>\n<meta property=\"og:title\" content=\"De Pedro: \u201cNecesitamos empresarios m\u00e1s protagonistas para darle m\u00e1s certidumbre a la matriz productiva\u201d\" \/>\n<meta property=\"og:description\" content=\"\u25a0 Fue parte del encuentro &quot;Innovaci\u00f3n y Desarrollo en Argentina: Potenciar el Futuro a trav\u00e9s de la Articulaci\u00f3n P\u00fablico-Privada&quot; que reuni\u00f3 a directivos y representantes empresariales, del sector p\u00fablico y cient\u00edfico\" \/>\n<meta property=\"og:url\" content=\"https:\/\/noticiasmercedinas.com\/site\/2023\/10\/02\/de-pedro-necesitamos-empresarios-mas-protagonistas-para-darle-mas-certidumbre-a-la-matriz-productiva\/\" \/>\n<meta property=\"og:site_name\" content=\"NOTICIASMERCEDINAS.COM\" \/>\n<meta property=\"article:publisher\" content=\"https:\/\/www.facebook.com\/noticiasmercedinas\/\" \/>\n<meta property=\"article:published_time\" content=\"2023-10-02T23:35:26+00:00\" \/>\n<meta property=\"og:image\" content=\"https:\/\/noticiasmercedinas.com\/site\/wp-content\/uploads\/2023\/10\/DSC_5217-01.jpeg\" \/>\n\t<meta property=\"og:image:width\" content=\"640\" \/>\n\t<meta property=\"og:image:height\" content=\"427\" \/>\n\t<meta property=\"og:image:type\" content=\"image\/jpeg\" \/>\n<meta name=\"author\" content=\"NOTICIASMERCEDINAS.COM\" \/>\n<meta name=\"twitter:card\" content=\"summary_large_image\" \/>\n<meta name=\"twitter:creator\" content=\"@notmercedinas\" \/>\n<meta name=\"twitter:site\" content=\"@notmercedinas\" \/>\n<meta name=\"twitter:label1\" content=\"Escrito por\" \/>\n\t<meta name=\"twitter:data1\" content=\"NOTICIASMERCEDINAS.COM\" \/>\n\t<meta name=\"twitter:label2\" content=\"Tiempo de lectura\" \/>\n\t<meta name=\"twitter:data2\" content=\"4 minutos\" \/>\n<script type=\"application\/ld+json\" class=\"yoast-schema-graph\">{\"@context\":\"https:\\\/\\\/schema.org\",\"@graph\":[{\"@type\":\"Article\",\"@id\":\"https:\\\/\\\/noticiasmercedinas.com\\\/site\\\/2023\\\/10\\\/02\\\/de-pedro-necesitamos-empresarios-mas-protagonistas-para-darle-mas-certidumbre-a-la-matriz-productiva\\\/#article\",\"isPartOf\":{\"@id\":\"https:\\\/\\\/noticiasmercedinas.com\\\/site\\\/2023\\\/10\\\/02\\\/de-pedro-necesitamos-empresarios-mas-protagonistas-para-darle-mas-certidumbre-a-la-matriz-productiva\\\/\"},\"author\":{\"name\":\"NOTICIASMERCEDINAS.COM\",\"@id\":\"https:\\\/\\\/noticiasmercedinas.com\\\/site\\\/#\\\/schema\\\/person\\\/84b59c099c28ff2e8b77d4ceec5d8063\"},\"headline\":\"De Pedro: \u201cNecesitamos empresarios m\u00e1s protagonistas para darle m\u00e1s certidumbre a la matriz productiva\u201d\",\"datePublished\":\"2023-10-02T23:35:26+00:00\",\"mainEntityOfPage\":{\"@id\":\"https:\\\/\\\/noticiasmercedinas.com\\\/site\\\/2023\\\/10\\\/02\\\/de-pedro-necesitamos-empresarios-mas-protagonistas-para-darle-mas-certidumbre-a-la-matriz-productiva\\\/\"},\"wordCount\":780,\"publisher\":{\"@id\":\"https:\\\/\\\/noticiasmercedinas.com\\\/site\\\/#organization\"},\"image\":{\"@id\":\"https:\\\/\\\/noticiasmercedinas.com\\\/site\\\/2023\\\/10\\\/02\\\/de-pedro-necesitamos-empresarios-mas-protagonistas-para-darle-mas-certidumbre-a-la-matriz-productiva\\\/#primaryimage\"},\"thumbnailUrl\":\"https:\\\/\\\/noticiasmercedinas.com\\\/site\\\/wp-content\\\/uploads\\\/2023\\\/10\\\/DSC_5217-01.jpeg\",\"keywords\":[\"wado de pedro\"],\"articleSection\":[\"Politica\"],\"inLanguage\":\"es\"},{\"@type\":\"WebPage\",\"@id\":\"https:\\\/\\\/noticiasmercedinas.com\\\/site\\\/2023\\\/10\\\/02\\\/de-pedro-necesitamos-empresarios-mas-protagonistas-para-darle-mas-certidumbre-a-la-matriz-productiva\\\/\",\"url\":\"https:\\\/\\\/noticiasmercedinas.com\\\/site\\\/2023\\\/10\\\/02\\\/de-pedro-necesitamos-empresarios-mas-protagonistas-para-darle-mas-certidumbre-a-la-matriz-productiva\\\/\",\"name\":\"De Pedro: \u201cNecesitamos empresarios m\u00e1s protagonistas para darle m\u00e1s certidumbre a la matriz productiva\u201d\",\"isPartOf\":{\"@id\":\"https:\\\/\\\/noticiasmercedinas.com\\\/site\\\/#website\"},\"primaryImageOfPage\":{\"@id\":\"https:\\\/\\\/noticiasmercedinas.com\\\/site\\\/2023\\\/10\\\/02\\\/de-pedro-necesitamos-empresarios-mas-protagonistas-para-darle-mas-certidumbre-a-la-matriz-productiva\\\/#primaryimage\"},\"image\":{\"@id\":\"https:\\\/\\\/noticiasmercedinas.com\\\/site\\\/2023\\\/10\\\/02\\\/de-pedro-necesitamos-empresarios-mas-protagonistas-para-darle-mas-certidumbre-a-la-matriz-productiva\\\/#primaryimage\"},\"thumbnailUrl\":\"https:\\\/\\\/noticiasmercedinas.com\\\/site\\\/wp-content\\\/uploads\\\/2023\\\/10\\\/DSC_5217-01.jpeg\",\"datePublished\":\"2023-10-02T23:35:26+00:00\",\"breadcrumb\":{\"@id\":\"https:\\\/\\\/noticiasmercedinas.com\\\/site\\\/2023\\\/10\\\/02\\\/de-pedro-necesitamos-empresarios-mas-protagonistas-para-darle-mas-certidumbre-a-la-matriz-productiva\\\/#breadcrumb\"},\"inLanguage\":\"es\",\"potentialAction\":[{\"@type\":\"ReadAction\",\"target\":[\"https:\\\/\\\/noticiasmercedinas.com\\\/site\\\/2023\\\/10\\\/02\\\/de-pedro-necesitamos-empresarios-mas-protagonistas-para-darle-mas-certidumbre-a-la-matriz-productiva\\\/\"]}]},{\"@type\":\"ImageObject\",\"inLanguage\":\"es\",\"@id\":\"https:\\\/\\\/noticiasmercedinas.com\\\/site\\\/2023\\\/10\\\/02\\\/de-pedro-necesitamos-empresarios-mas-protagonistas-para-darle-mas-certidumbre-a-la-matriz-productiva\\\/#primaryimage\",\"url\":\"https:\\\/\\\/noticiasmercedinas.com\\\/site\\\/wp-content\\\/uploads\\\/2023\\\/10\\\/DSC_5217-01.jpeg\",\"contentUrl\":\"https:\\\/\\\/noticiasmercedinas.com\\\/site\\\/wp-content\\\/uploads\\\/2023\\\/10\\\/DSC_5217-01.jpeg\",\"width\":640,\"height\":427},{\"@type\":\"BreadcrumbList\",\"@id\":\"https:\\\/\\\/noticiasmercedinas.com\\\/site\\\/2023\\\/10\\\/02\\\/de-pedro-necesitamos-empresarios-mas-protagonistas-para-darle-mas-certidumbre-a-la-matriz-productiva\\\/#breadcrumb\",\"itemListElement\":[{\"@type\":\"ListItem\",\"position\":1,\"name\":\"Portada\",\"item\":\"https:\\\/\\\/noticiasmercedinas.com\\\/site\\\/\"},{\"@type\":\"ListItem\",\"position\":2,\"name\":\"De Pedro: \u201cNecesitamos empresarios m\u00e1s protagonistas para darle m\u00e1s certidumbre a la matriz productiva\u201d\"}]},{\"@type\":\"WebSite\",\"@id\":\"https:\\\/\\\/noticiasmercedinas.com\\\/site\\\/#website\",\"url\":\"https:\\\/\\\/noticiasmercedinas.com\\\/site\\\/\",\"name\":\"NOTICIASMERCEDINAS.COM\",\"description\":\"Mercedes, Buenos Aires, Argentina\",\"publisher\":{\"@id\":\"https:\\\/\\\/noticiasmercedinas.com\\\/site\\\/#organization\"},\"potentialAction\":[{\"@type\":\"SearchAction\",\"target\":{\"@type\":\"EntryPoint\",\"urlTemplate\":\"https:\\\/\\\/noticiasmercedinas.com\\\/site\\\/?s={search_term_string}\"},\"query-input\":{\"@type\":\"PropertyValueSpecification\",\"valueRequired\":true,\"valueName\":\"search_term_string\"}}],\"inLanguage\":\"es\"},{\"@type\":\"Organization\",\"@id\":\"https:\\\/\\\/noticiasmercedinas.com\\\/site\\\/#organization\",\"name\":\"NOTICIASMERCEDINAS.COM\",\"url\":\"https:\\\/\\\/noticiasmercedinas.com\\\/site\\\/\",\"logo\":{\"@type\":\"ImageObject\",\"inLanguage\":\"es\",\"@id\":\"https:\\\/\\\/noticiasmercedinas.com\\\/site\\\/#\\\/schema\\\/logo\\\/image\\\/\",\"url\":\"https:\\\/\\\/noticiasmercedinas.com\\\/site\\\/wp-content\\\/uploads\\\/2020\\\/06\\\/LOGO-512.jpg\",\"contentUrl\":\"https:\\\/\\\/noticiasmercedinas.com\\\/site\\\/wp-content\\\/uploads\\\/2020\\\/06\\\/LOGO-512.jpg\",\"width\":512,\"height\":512,\"caption\":\"NOTICIASMERCEDINAS.COM\"},\"image\":{\"@id\":\"https:\\\/\\\/noticiasmercedinas.com\\\/site\\\/#\\\/schema\\\/logo\\\/image\\\/\"},\"sameAs\":[\"https:\\\/\\\/www.facebook.com\\\/noticiasmercedinas\\\/\",\"https:\\\/\\\/x.com\\\/notmercedinas\",\"https:\\\/\\\/www.instagram.com\\\/noticiasmercedinas\\\/\"]},{\"@type\":\"Person\",\"@id\":\"https:\\\/\\\/noticiasmercedinas.com\\\/site\\\/#\\\/schema\\\/person\\\/84b59c099c28ff2e8b77d4ceec5d8063\",\"name\":\"NOTICIASMERCEDINAS.COM\",\"image\":{\"@type\":\"ImageObject\",\"inLanguage\":\"es\",\"@id\":\"https:\\\/\\\/secure.gravatar.com\\\/avatar\\\/4dfbf16b4d17945bfb6341b2d19043457132fcf478a5ee04f42e959fd8f5df0a?s=96&d=mm&r=g\",\"url\":\"https:\\\/\\\/secure.gravatar.com\\\/avatar\\\/4dfbf16b4d17945bfb6341b2d19043457132fcf478a5ee04f42e959fd8f5df0a?s=96&d=mm&r=g\",\"contentUrl\":\"https:\\\/\\\/secure.gravatar.com\\\/avatar\\\/4dfbf16b4d17945bfb6341b2d19043457132fcf478a5ee04f42e959fd8f5df0a?s=96&d=mm&r=g\",\"caption\":\"NOTICIASMERCEDINAS.COM\"},\"url\":\"https:\\\/\\\/noticiasmercedinas.com\\\/site\\\/author\\\/anonimo\\\/\"}]}<\/script>\n<!-- \/ Yoast SEO plugin. -->","yoast_head_json":{"title":"De Pedro: \u201cNecesitamos empresarios m\u00e1s protagonistas para darle m\u00e1s certidumbre a la matriz productiva\u201d","robots":{"index":"index","follow":"follow","max-snippet":"max-snippet:-1","max-image-preview":"max-image-preview:large","max-video-preview":"max-video-preview:-1"},"canonical":"https:\/\/noticiasmercedinas.com\/site\/2023\/10\/02\/de-pedro-necesitamos-empresarios-mas-protagonistas-para-darle-mas-certidumbre-a-la-matriz-productiva\/","og_locale":"es_ES","og_type":"article","og_title":"De Pedro: \u201cNecesitamos empresarios m\u00e1s protagonistas para darle m\u00e1s certidumbre a la matriz productiva\u201d","og_description":"\u25a0 Fue parte del encuentro \"Innovaci\u00f3n y Desarrollo en Argentina: Potenciar el Futuro a trav\u00e9s de la Articulaci\u00f3n P\u00fablico-Privada\" que reuni\u00f3 a directivos y representantes empresariales, del sector p\u00fablico y cient\u00edfico","og_url":"https:\/\/noticiasmercedinas.com\/site\/2023\/10\/02\/de-pedro-necesitamos-empresarios-mas-protagonistas-para-darle-mas-certidumbre-a-la-matriz-productiva\/","og_site_name":"NOTICIASMERCEDINAS.COM","article_publisher":"https:\/\/www.facebook.com\/noticiasmercedinas\/","article_published_time":"2023-10-02T23:35:26+00:00","og_image":[{"width":640,"height":427,"url":"https:\/\/noticiasmercedinas.com\/site\/wp-content\/uploads\/2023\/10\/DSC_5217-01.jpeg","type":"image\/jpeg"}],"author":"NOTICIASMERCEDINAS.COM","twitter_card":"summary_large_image","twitter_creator":"@notmercedinas","twitter_site":"@notmercedinas","twitter_misc":{"Escrito por":"NOTICIASMERCEDINAS.COM","Tiempo de lectura":"4 minutos"},"schema":{"@context":"https:\/\/schema.org","@graph":[{"@type":"Article","@id":"https:\/\/noticiasmercedinas.com\/site\/2023\/10\/02\/de-pedro-necesitamos-empresarios-mas-protagonistas-para-darle-mas-certidumbre-a-la-matriz-productiva\/#article","isPartOf":{"@id":"https:\/\/noticiasmercedinas.com\/site\/2023\/10\/02\/de-pedro-necesitamos-empresarios-mas-protagonistas-para-darle-mas-certidumbre-a-la-matriz-productiva\/"},"author":{"name":"NOTICIASMERCEDINAS.COM","@id":"https:\/\/noticiasmercedinas.com\/site\/#\/schema\/person\/84b59c099c28ff2e8b77d4ceec5d8063"},"headline":"De Pedro: \u201cNecesitamos empresarios m\u00e1s protagonistas para darle m\u00e1s certidumbre a la matriz productiva\u201d","datePublished":"2023-10-02T23:35:26+00:00","mainEntityOfPage":{"@id":"https:\/\/noticiasmercedinas.com\/site\/2023\/10\/02\/de-pedro-necesitamos-empresarios-mas-protagonistas-para-darle-mas-certidumbre-a-la-matriz-productiva\/"},"wordCount":780,"publisher":{"@id":"https:\/\/noticiasmercedinas.com\/site\/#organization"},"image":{"@id":"https:\/\/noticiasmercedinas.com\/site\/2023\/10\/02\/de-pedro-necesitamos-empresarios-mas-protagonistas-para-darle-mas-certidumbre-a-la-matriz-productiva\/#primaryimage"},"thumbnailUrl":"https:\/\/noticiasmercedinas.com\/site\/wp-content\/uploads\/2023\/10\/DSC_5217-01.jpeg","keywords":["wado de pedro"],"articleSection":["Politica"],"inLanguage":"es"},{"@type":"WebPage","@id":"https:\/\/noticiasmercedinas.com\/site\/2023\/10\/02\/de-pedro-necesitamos-empresarios-mas-protagonistas-para-darle-mas-certidumbre-a-la-matriz-productiva\/","url":"https:\/\/noticiasmercedinas.com\/site\/2023\/10\/02\/de-pedro-necesitamos-empresarios-mas-protagonistas-para-darle-mas-certidumbre-a-la-matriz-productiva\/","name":"De Pedro: \u201cNecesitamos empresarios m\u00e1s protagonistas para darle m\u00e1s certidumbre a la matriz productiva\u201d","isPartOf":{"@id":"https:\/\/noticiasmercedinas.com\/site\/#website"},"primaryImageOfPage":{"@id":"https:\/\/noticiasmercedinas.com\/site\/2023\/10\/02\/de-pedro-necesitamos-empresarios-mas-protagonistas-para-darle-mas-certidumbre-a-la-matriz-productiva\/#primaryimage"},"image":{"@id":"https:\/\/noticiasmercedinas.com\/site\/2023\/10\/02\/de-pedro-necesitamos-empresarios-mas-protagonistas-para-darle-mas-certidumbre-a-la-matriz-productiva\/#primaryimage"},"thumbnailUrl":"https:\/\/noticiasmercedinas.com\/site\/wp-content\/uploads\/2023\/10\/DSC_5217-01.jpeg","datePublished":"2023-10-02T23:35:26+00:00","breadcrumb":{"@id":"https:\/\/noticiasmercedinas.com\/site\/2023\/10\/02\/de-pedro-necesitamos-empresarios-mas-protagonistas-para-darle-mas-certidumbre-a-la-matriz-productiva\/#breadcrumb"},"inLanguage":"es","potentialAction":[{"@type":"ReadAction","target":["https:\/\/noticiasmercedinas.com\/site\/2023\/10\/02\/de-pedro-necesitamos-empresarios-mas-protagonistas-para-darle-mas-certidumbre-a-la-matriz-productiva\/"]}]},{"@type":"ImageObject","inLanguage":"es","@id":"https:\/\/noticiasmercedinas.com\/site\/2023\/10\/02\/de-pedro-necesitamos-empresarios-mas-protagonistas-para-darle-mas-certidumbre-a-la-matriz-productiva\/#primaryimage","url":"https:\/\/noticiasmercedinas.com\/site\/wp-content\/uploads\/2023\/10\/DSC_5217-01.jpeg","contentUrl":"https:\/\/noticiasmercedinas.com\/site\/wp-content\/uploads\/2023\/10\/DSC_5217-01.jpeg","width":640,"height":427},{"@type":"BreadcrumbList","@id":"https:\/\/noticiasmercedinas.com\/site\/2023\/10\/02\/de-pedro-necesitamos-empresarios-mas-protagonistas-para-darle-mas-certidumbre-a-la-matriz-productiva\/#breadcrumb","itemListElement":[{"@type":"ListItem","position":1,"name":"Portada","item":"https:\/\/noticiasmercedinas.com\/site\/"},{"@type":"ListItem","position":2,"name":"De Pedro: \u201cNecesitamos empresarios m\u00e1s protagonistas para darle m\u00e1s certidumbre a la matriz productiva\u201d"}]},{"@type":"WebSite","@id":"https:\/\/noticiasmercedinas.com\/site\/#website","url":"https:\/\/noticiasmercedinas.com\/site\/","name":"NOTICIASMERCEDINAS.COM","description":"Mercedes, Buenos Aires, Argentina","publisher":{"@id":"https:\/\/noticiasmercedinas.com\/site\/#organization"},"potentialAction":[{"@type":"SearchAction","target":{"@type":"EntryPoint","urlTemplate":"https:\/\/noticiasmercedinas.com\/site\/?s={search_term_string}"},"query-input":{"@type":"PropertyValueSpecification","valueRequired":true,"valueName":"search_term_string"}}],"inLanguage":"es"},{"@type":"Organization","@id":"https:\/\/noticiasmercedinas.com\/site\/#organization","name":"NOTICIASMERCEDINAS.COM","url":"https:\/\/noticiasmercedinas.com\/site\/","logo":{"@type":"ImageObject","inLanguage":"es","@id":"https:\/\/noticiasmercedinas.com\/site\/#\/schema\/logo\/image\/","url":"https:\/\/noticiasmercedinas.com\/site\/wp-content\/uploads\/2020\/06\/LOGO-512.jpg","contentUrl":"https:\/\/noticiasmercedinas.com\/site\/wp-content\/uploads\/2020\/06\/LOGO-512.jpg","width":512,"height":512,"caption":"NOTICIASMERCEDINAS.COM"},"image":{"@id":"https:\/\/noticiasmercedinas.com\/site\/#\/schema\/logo\/image\/"},"sameAs":["https:\/\/www.facebook.com\/noticiasmercedinas\/","https:\/\/x.com\/notmercedinas","https:\/\/www.instagram.com\/noticiasmercedinas\/"]},{"@type":"Person","@id":"https:\/\/noticiasmercedinas.com\/site\/#\/schema\/person\/84b59c099c28ff2e8b77d4ceec5d8063","name":"NOTICIASMERCEDINAS.COM","image":{"@type":"ImageObject","inLanguage":"es","@id":"https:\/\/secure.gravatar.com\/avatar\/4dfbf16b4d17945bfb6341b2d19043457132fcf478a5ee04f42e959fd8f5df0a?s=96&d=mm&r=g","url":"https:\/\/secure.gravatar.com\/avatar\/4dfbf16b4d17945bfb6341b2d19043457132fcf478a5ee04f42e959fd8f5df0a?s=96&d=mm&r=g","contentUrl":"https:\/\/secure.gravatar.com\/avatar\/4dfbf16b4d17945bfb6341b2d19043457132fcf478a5ee04f42e959fd8f5df0a?s=96&d=mm&r=g","caption":"NOTICIASMERCEDINAS.COM"},"url":"https:\/\/noticiasmercedinas.com\/site\/author\/anonimo\/"}]}},"amp_enabled":true,"_links":{"self":[{"href":"https:\/\/noticiasmercedinas.com\/site\/wp-json\/wp\/v2\/posts\/124041","targetHints":{"allow":["GET"]}}],"collection":[{"href":"https:\/\/noticiasmercedinas.com\/site\/wp-json\/wp\/v2\/posts"}],"about":[{"href":"https:\/\/noticiasmercedinas.com\/site\/wp-json\/wp\/v2\/types\/post"}],"author":[{"embeddable":true,"href":"https:\/\/noticiasmercedinas.com\/site\/wp-json\/wp\/v2\/users\/16"}],"replies":[{"embeddable":true,"href":"https:\/\/noticiasmercedinas.com\/site\/wp-json\/wp\/v2\/comments?post=124041"}],"version-history":[{"count":1,"href":"https:\/\/noticiasmercedinas.com\/site\/wp-json\/wp\/v2\/posts\/124041\/revisions"}],"predecessor-version":[{"id":124045,"href":"https:\/\/noticiasmercedinas.com\/site\/wp-json\/wp\/v2\/posts\/124041\/revisions\/124045"}],"wp:featuredmedia":[{"embeddable":true,"href":"https:\/\/noticiasmercedinas.com\/site\/wp-json\/wp\/v2\/media\/124044"}],"wp:attachment":[{"href":"https:\/\/noticiasmercedinas.com\/site\/wp-json\/wp\/v2\/media?parent=124041"}],"wp:term":[{"taxonomy":"category","embeddable":true,"href":"https:\/\/noticiasmercedinas.com\/site\/wp-json\/wp\/v2\/categories?post=124041"},{"taxonomy":"post_tag","embeddable":true,"href":"https:\/\/noticiasmercedinas.com\/site\/wp-json\/wp\/v2\/tags?post=124041"}],"curies":[{"name":"wp","href":"https:\/\/api.w.org\/{rel}","templated":true}]}}