{"id":124055,"date":"2023-10-03T09:59:46","date_gmt":"2023-10-03T12:59:46","guid":{"rendered":"https:\/\/noticiasmercedinas.com\/site\/?p=124055"},"modified":"2023-10-03T10:07:36","modified_gmt":"2023-10-03T13:07:36","slug":"diputado-carlos-selva-analizo-el-primer-debate-presidencial-y-la-actuacion-de-sergio-massa","status":"publish","type":"post","link":"https:\/\/noticiasmercedinas.com\/site\/2023\/10\/03\/diputado-carlos-selva-analizo-el-primer-debate-presidencial-y-la-actuacion-de-sergio-massa\/","title":{"rendered":"Diputado Carlos Selva analiz\u00f3 el primer Debate Presidencial y la actuaci\u00f3n de Sergio Massa"},"content":{"rendered":"<p><img loading=\"lazy\" decoding=\"async\" class=\"alignnone size-full wp-image-120847\" src=\"https:\/\/noticiasmercedinas.com\/site\/wp-content\/uploads\/2023\/08\/CSELVA.jpg\" alt=\"\" width=\"640\" height=\"397\" srcset=\"https:\/\/noticiasmercedinas.com\/site\/wp-content\/uploads\/2023\/08\/CSELVA.jpg 640w, https:\/\/noticiasmercedinas.com\/site\/wp-content\/uploads\/2023\/08\/CSELVA-300x186.jpg 300w\" sizes=\"auto, (max-width: 640px) 100vw, 640px\" \/><\/p>\n<p>\u00abEl tiene claramente una visi\u00f3n y lo expres\u00f3\u00bb, dijo el diputado nacional del Frente Renovador, <strong>Carlos Selva<\/strong>, quien comparti\u00f3 sus impresiones sobre el primer debate presidencial en Santiago del Estero, donde el ministro y candidato <strong>Sergio Massa<\/strong> desempe\u00f1\u00f3 a su entender un papel muy destacado.<\/p>\n<p>En sus palabras, Selva elogi\u00f3 la actuaci\u00f3n de Massa, destacando su capacidad para abordar los temas acordados y presentar propuestas de gesti\u00f3n de gobierno en cada uno de ellos. Selva lo percibi\u00f3 como \u00abun candidato s\u00f3lido, especialmente en cuestiones econ\u00f3micas\u00bb, aunque reconoci\u00f3 la dificultad de explicar en tan poco tiempo las complejidades del endeudamiento en moneda extranjera y su relaci\u00f3n con el Fondo Monetario Internacional.<\/p>\n<p>Tambi\u00e9n objet\u00f3 a <strong>Javier Milei<\/strong>, de La Libertad Avanza, a quien dijo que \u00able importa un bledo\u00bb lo que piense la sociedad. \u00abMilei en las cuestiones de fondo no dio una sola respuesta concreta, no dio una sola respuesta de campa\u00f1a. Esto le ha servido para posicionarse, y creo que tambi\u00e9n tuvo la suerte de que no le profundizaron en cu\u00e1nto tiempo \u00e9l pretend\u00eda hacer las cosas, porque hoy todos sabemos que habla de 10 a 15 a\u00f1os, por lo tanto ninguna medida concreta. Y en cuanto a su posici\u00f3n con respecto a los derechos humanos, dijo que la cifra de desaparecidos no fue 30.000, sino 8.753, algo que despert\u00f3 inmediatamente la reacci\u00f3n de Abuelas de Plaza de Mayo. \u00c9l todos los d\u00edas dice lo que realmente piensa sobre cosas que son sensibles a la sociedad, y le importa un bledo lo que piense la sociedad\u00bb, indic\u00f3 Selva.<\/p>\n<p>Por \u00faltimo, Selva expres\u00f3 su expectativa de que el pr\u00f3ximo debate en la Universidad de Buenos Aires sea m\u00e1s distendido y destac\u00f3 la consolidaci\u00f3n de las personalidades de los candidatos, especialmente Sergio Massa, quien enfatiz\u00f3 \u00abla unidad nacional\u00bb como objetivo central.<\/p>\n<p>&nbsp;<\/p>\n","protected":false},"excerpt":{"rendered":"<p>\u25a0 El ministro y candidato de \u00abUni\u00f3n por la Patria\u00bb desempe\u00f1\u00f3 a su entender un papel muy destacado. Y objet\u00f3 a Javier Milei, de La Libertad Avanza, a quien dijo que \u00able importa un bledo\u00bb lo que piense la sociedad<\/p>\n","protected":false},"author":16,"featured_media":120847,"comment_status":"closed","ping_status":"closed","sticky":false,"template":"","format":"standard","meta":{"footnotes":""},"categories":[16],"tags":[318,14662,1297,17024],"class_list":["post-124055","post","type-post","status-publish","format-standard","has-post-thumbnail","hentry","category-politica","tag-carlos-selva","tag-elecciones-2023","tag-sergio-massa","tag-union-por-la-patria"],"yoast_head":"<!-- This site is optimized with the Yoast SEO plugin v27.4 - https:\/\/yoast.com\/product\/yoast-seo-wordpress\/ -->\n<title>Diputado Carlos Selva analiz\u00f3 el primer Debate Presidencial y la actuaci\u00f3n de Sergio Massa<\/title>\n<meta name=\"robots\" content=\"index, follow, max-snippet:-1, max-image-preview:large, max-video-preview:-1\" \/>\n<link rel=\"canonical\" href=\"https:\/\/noticiasmercedinas.com\/site\/2023\/10\/03\/diputado-carlos-selva-analizo-el-primer-debate-presidencial-y-la-actuacion-de-sergio-massa\/\" \/>\n<meta property=\"og:locale\" content=\"es_ES\" \/>\n<meta property=\"og:type\" content=\"article\" \/>\n<meta property=\"og:title\" content=\"Diputado Carlos Selva analiz\u00f3 el primer Debate Presidencial y la actuaci\u00f3n de Sergio Massa\" \/>\n<meta property=\"og:description\" content=\"\u25a0 El ministro y candidato de &quot;Uni\u00f3n por la Patria&quot; desempe\u00f1\u00f3 a su entender un papel muy destacado. Y objet\u00f3 a Javier Milei, de La Libertad Avanza, a quien dijo que &quot;le importa un bledo&quot; lo que piense la sociedad\" \/>\n<meta property=\"og:url\" content=\"https:\/\/noticiasmercedinas.com\/site\/2023\/10\/03\/diputado-carlos-selva-analizo-el-primer-debate-presidencial-y-la-actuacion-de-sergio-massa\/\" \/>\n<meta property=\"og:site_name\" content=\"NOTICIASMERCEDINAS.COM\" \/>\n<meta property=\"article:publisher\" content=\"https:\/\/www.facebook.com\/noticiasmercedinas\/\" \/>\n<meta property=\"article:published_time\" content=\"2023-10-03T12:59:46+00:00\" \/>\n<meta property=\"article:modified_time\" content=\"2023-10-03T13:07:36+00:00\" \/>\n<meta property=\"og:image\" content=\"https:\/\/noticiasmercedinas.com\/site\/wp-content\/uploads\/2023\/08\/CSELVA.jpg\" \/>\n\t<meta property=\"og:image:width\" content=\"640\" \/>\n\t<meta property=\"og:image:height\" content=\"397\" \/>\n\t<meta property=\"og:image:type\" content=\"image\/jpeg\" \/>\n<meta name=\"author\" content=\"NOTICIASMERCEDINAS.COM\" \/>\n<meta name=\"twitter:card\" content=\"summary_large_image\" \/>\n<meta name=\"twitter:creator\" content=\"@notmercedinas\" \/>\n<meta name=\"twitter:site\" content=\"@notmercedinas\" \/>\n<meta name=\"twitter:label1\" content=\"Escrito por\" \/>\n\t<meta name=\"twitter:data1\" content=\"NOTICIASMERCEDINAS.COM\" \/>\n\t<meta name=\"twitter:label2\" content=\"Tiempo de lectura\" \/>\n\t<meta name=\"twitter:data2\" content=\"2 minutos\" \/>\n<script type=\"application\/ld+json\" class=\"yoast-schema-graph\">{\"@context\":\"https:\\\/\\\/schema.org\",\"@graph\":[{\"@type\":\"Article\",\"@id\":\"https:\\\/\\\/noticiasmercedinas.com\\\/site\\\/2023\\\/10\\\/03\\\/diputado-carlos-selva-analizo-el-primer-debate-presidencial-y-la-actuacion-de-sergio-massa\\\/#article\",\"isPartOf\":{\"@id\":\"https:\\\/\\\/noticiasmercedinas.com\\\/site\\\/2023\\\/10\\\/03\\\/diputado-carlos-selva-analizo-el-primer-debate-presidencial-y-la-actuacion-de-sergio-massa\\\/\"},\"author\":{\"name\":\"NOTICIASMERCEDINAS.COM\",\"@id\":\"https:\\\/\\\/noticiasmercedinas.com\\\/site\\\/#\\\/schema\\\/person\\\/84b59c099c28ff2e8b77d4ceec5d8063\"},\"headline\":\"Diputado Carlos Selva analiz\u00f3 el primer Debate Presidencial y la actuaci\u00f3n de Sergio Massa\",\"datePublished\":\"2023-10-03T12:59:46+00:00\",\"dateModified\":\"2023-10-03T13:07:36+00:00\",\"mainEntityOfPage\":{\"@id\":\"https:\\\/\\\/noticiasmercedinas.com\\\/site\\\/2023\\\/10\\\/03\\\/diputado-carlos-selva-analizo-el-primer-debate-presidencial-y-la-actuacion-de-sergio-massa\\\/\"},\"wordCount\":329,\"publisher\":{\"@id\":\"https:\\\/\\\/noticiasmercedinas.com\\\/site\\\/#organization\"},\"image\":{\"@id\":\"https:\\\/\\\/noticiasmercedinas.com\\\/site\\\/2023\\\/10\\\/03\\\/diputado-carlos-selva-analizo-el-primer-debate-presidencial-y-la-actuacion-de-sergio-massa\\\/#primaryimage\"},\"thumbnailUrl\":\"https:\\\/\\\/noticiasmercedinas.com\\\/site\\\/wp-content\\\/uploads\\\/2023\\\/08\\\/CSELVA.jpg\",\"keywords\":[\"carlos selva\",\"elecciones 2023\",\"sergio massa\",\"Uni\u00f3n por la Patria\"],\"articleSection\":[\"Politica\"],\"inLanguage\":\"es\"},{\"@type\":\"WebPage\",\"@id\":\"https:\\\/\\\/noticiasmercedinas.com\\\/site\\\/2023\\\/10\\\/03\\\/diputado-carlos-selva-analizo-el-primer-debate-presidencial-y-la-actuacion-de-sergio-massa\\\/\",\"url\":\"https:\\\/\\\/noticiasmercedinas.com\\\/site\\\/2023\\\/10\\\/03\\\/diputado-carlos-selva-analizo-el-primer-debate-presidencial-y-la-actuacion-de-sergio-massa\\\/\",\"name\":\"Diputado Carlos Selva analiz\u00f3 el primer Debate Presidencial y la actuaci\u00f3n de Sergio Massa\",\"isPartOf\":{\"@id\":\"https:\\\/\\\/noticiasmercedinas.com\\\/site\\\/#website\"},\"primaryImageOfPage\":{\"@id\":\"https:\\\/\\\/noticiasmercedinas.com\\\/site\\\/2023\\\/10\\\/03\\\/diputado-carlos-selva-analizo-el-primer-debate-presidencial-y-la-actuacion-de-sergio-massa\\\/#primaryimage\"},\"image\":{\"@id\":\"https:\\\/\\\/noticiasmercedinas.com\\\/site\\\/2023\\\/10\\\/03\\\/diputado-carlos-selva-analizo-el-primer-debate-presidencial-y-la-actuacion-de-sergio-massa\\\/#primaryimage\"},\"thumbnailUrl\":\"https:\\\/\\\/noticiasmercedinas.com\\\/site\\\/wp-content\\\/uploads\\\/2023\\\/08\\\/CSELVA.jpg\",\"datePublished\":\"2023-10-03T12:59:46+00:00\",\"dateModified\":\"2023-10-03T13:07:36+00:00\",\"breadcrumb\":{\"@id\":\"https:\\\/\\\/noticiasmercedinas.com\\\/site\\\/2023\\\/10\\\/03\\\/diputado-carlos-selva-analizo-el-primer-debate-presidencial-y-la-actuacion-de-sergio-massa\\\/#breadcrumb\"},\"inLanguage\":\"es\",\"potentialAction\":[{\"@type\":\"ReadAction\",\"target\":[\"https:\\\/\\\/noticiasmercedinas.com\\\/site\\\/2023\\\/10\\\/03\\\/diputado-carlos-selva-analizo-el-primer-debate-presidencial-y-la-actuacion-de-sergio-massa\\\/\"]}]},{\"@type\":\"ImageObject\",\"inLanguage\":\"es\",\"@id\":\"https:\\\/\\\/noticiasmercedinas.com\\\/site\\\/2023\\\/10\\\/03\\\/diputado-carlos-selva-analizo-el-primer-debate-presidencial-y-la-actuacion-de-sergio-massa\\\/#primaryimage\",\"url\":\"https:\\\/\\\/noticiasmercedinas.com\\\/site\\\/wp-content\\\/uploads\\\/2023\\\/08\\\/CSELVA.jpg\",\"contentUrl\":\"https:\\\/\\\/noticiasmercedinas.com\\\/site\\\/wp-content\\\/uploads\\\/2023\\\/08\\\/CSELVA.jpg\",\"width\":640,\"height\":397},{\"@type\":\"BreadcrumbList\",\"@id\":\"https:\\\/\\\/noticiasmercedinas.com\\\/site\\\/2023\\\/10\\\/03\\\/diputado-carlos-selva-analizo-el-primer-debate-presidencial-y-la-actuacion-de-sergio-massa\\\/#breadcrumb\",\"itemListElement\":[{\"@type\":\"ListItem\",\"position\":1,\"name\":\"Portada\",\"item\":\"https:\\\/\\\/noticiasmercedinas.com\\\/site\\\/\"},{\"@type\":\"ListItem\",\"position\":2,\"name\":\"Diputado Carlos Selva analiz\u00f3 el primer Debate Presidencial y la actuaci\u00f3n de Sergio Massa\"}]},{\"@type\":\"WebSite\",\"@id\":\"https:\\\/\\\/noticiasmercedinas.com\\\/site\\\/#website\",\"url\":\"https:\\\/\\\/noticiasmercedinas.com\\\/site\\\/\",\"name\":\"NOTICIASMERCEDINAS.COM\",\"description\":\"Mercedes, Buenos Aires, Argentina\",\"publisher\":{\"@id\":\"https:\\\/\\\/noticiasmercedinas.com\\\/site\\\/#organization\"},\"potentialAction\":[{\"@type\":\"SearchAction\",\"target\":{\"@type\":\"EntryPoint\",\"urlTemplate\":\"https:\\\/\\\/noticiasmercedinas.com\\\/site\\\/?s={search_term_string}\"},\"query-input\":{\"@type\":\"PropertyValueSpecification\",\"valueRequired\":true,\"valueName\":\"search_term_string\"}}],\"inLanguage\":\"es\"},{\"@type\":\"Organization\",\"@id\":\"https:\\\/\\\/noticiasmercedinas.com\\\/site\\\/#organization\",\"name\":\"NOTICIASMERCEDINAS.COM\",\"url\":\"https:\\\/\\\/noticiasmercedinas.com\\\/site\\\/\",\"logo\":{\"@type\":\"ImageObject\",\"inLanguage\":\"es\",\"@id\":\"https:\\\/\\\/noticiasmercedinas.com\\\/site\\\/#\\\/schema\\\/logo\\\/image\\\/\",\"url\":\"https:\\\/\\\/noticiasmercedinas.com\\\/site\\\/wp-content\\\/uploads\\\/2020\\\/06\\\/LOGO-512.jpg\",\"contentUrl\":\"https:\\\/\\\/noticiasmercedinas.com\\\/site\\\/wp-content\\\/uploads\\\/2020\\\/06\\\/LOGO-512.jpg\",\"width\":512,\"height\":512,\"caption\":\"NOTICIASMERCEDINAS.COM\"},\"image\":{\"@id\":\"https:\\\/\\\/noticiasmercedinas.com\\\/site\\\/#\\\/schema\\\/logo\\\/image\\\/\"},\"sameAs\":[\"https:\\\/\\\/www.facebook.com\\\/noticiasmercedinas\\\/\",\"https:\\\/\\\/x.com\\\/notmercedinas\",\"https:\\\/\\\/www.instagram.com\\\/noticiasmercedinas\\\/\"]},{\"@type\":\"Person\",\"@id\":\"https:\\\/\\\/noticiasmercedinas.com\\\/site\\\/#\\\/schema\\\/person\\\/84b59c099c28ff2e8b77d4ceec5d8063\",\"name\":\"NOTICIASMERCEDINAS.COM\",\"image\":{\"@type\":\"ImageObject\",\"inLanguage\":\"es\",\"@id\":\"https:\\\/\\\/secure.gravatar.com\\\/avatar\\\/4dfbf16b4d17945bfb6341b2d19043457132fcf478a5ee04f42e959fd8f5df0a?s=96&d=mm&r=g\",\"url\":\"https:\\\/\\\/secure.gravatar.com\\\/avatar\\\/4dfbf16b4d17945bfb6341b2d19043457132fcf478a5ee04f42e959fd8f5df0a?s=96&d=mm&r=g\",\"contentUrl\":\"https:\\\/\\\/secure.gravatar.com\\\/avatar\\\/4dfbf16b4d17945bfb6341b2d19043457132fcf478a5ee04f42e959fd8f5df0a?s=96&d=mm&r=g\",\"caption\":\"NOTICIASMERCEDINAS.COM\"},\"url\":\"https:\\\/\\\/noticiasmercedinas.com\\\/site\\\/author\\\/anonimo\\\/\"}]}<\/script>\n<!-- \/ Yoast SEO plugin. -->","yoast_head_json":{"title":"Diputado Carlos Selva analiz\u00f3 el primer Debate Presidencial y la actuaci\u00f3n de Sergio Massa","robots":{"index":"index","follow":"follow","max-snippet":"max-snippet:-1","max-image-preview":"max-image-preview:large","max-video-preview":"max-video-preview:-1"},"canonical":"https:\/\/noticiasmercedinas.com\/site\/2023\/10\/03\/diputado-carlos-selva-analizo-el-primer-debate-presidencial-y-la-actuacion-de-sergio-massa\/","og_locale":"es_ES","og_type":"article","og_title":"Diputado Carlos Selva analiz\u00f3 el primer Debate Presidencial y la actuaci\u00f3n de Sergio Massa","og_description":"\u25a0 El ministro y candidato de \"Uni\u00f3n por la Patria\" desempe\u00f1\u00f3 a su entender un papel muy destacado. Y objet\u00f3 a Javier Milei, de La Libertad Avanza, a quien dijo que \"le importa un bledo\" lo que piense la sociedad","og_url":"https:\/\/noticiasmercedinas.com\/site\/2023\/10\/03\/diputado-carlos-selva-analizo-el-primer-debate-presidencial-y-la-actuacion-de-sergio-massa\/","og_site_name":"NOTICIASMERCEDINAS.COM","article_publisher":"https:\/\/www.facebook.com\/noticiasmercedinas\/","article_published_time":"2023-10-03T12:59:46+00:00","article_modified_time":"2023-10-03T13:07:36+00:00","og_image":[{"width":640,"height":397,"url":"https:\/\/noticiasmercedinas.com\/site\/wp-content\/uploads\/2023\/08\/CSELVA.jpg","type":"image\/jpeg"}],"author":"NOTICIASMERCEDINAS.COM","twitter_card":"summary_large_image","twitter_creator":"@notmercedinas","twitter_site":"@notmercedinas","twitter_misc":{"Escrito por":"NOTICIASMERCEDINAS.COM","Tiempo de lectura":"2 minutos"},"schema":{"@context":"https:\/\/schema.org","@graph":[{"@type":"Article","@id":"https:\/\/noticiasmercedinas.com\/site\/2023\/10\/03\/diputado-carlos-selva-analizo-el-primer-debate-presidencial-y-la-actuacion-de-sergio-massa\/#article","isPartOf":{"@id":"https:\/\/noticiasmercedinas.com\/site\/2023\/10\/03\/diputado-carlos-selva-analizo-el-primer-debate-presidencial-y-la-actuacion-de-sergio-massa\/"},"author":{"name":"NOTICIASMERCEDINAS.COM","@id":"https:\/\/noticiasmercedinas.com\/site\/#\/schema\/person\/84b59c099c28ff2e8b77d4ceec5d8063"},"headline":"Diputado Carlos Selva analiz\u00f3 el primer Debate Presidencial y la actuaci\u00f3n de Sergio Massa","datePublished":"2023-10-03T12:59:46+00:00","dateModified":"2023-10-03T13:07:36+00:00","mainEntityOfPage":{"@id":"https:\/\/noticiasmercedinas.com\/site\/2023\/10\/03\/diputado-carlos-selva-analizo-el-primer-debate-presidencial-y-la-actuacion-de-sergio-massa\/"},"wordCount":329,"publisher":{"@id":"https:\/\/noticiasmercedinas.com\/site\/#organization"},"image":{"@id":"https:\/\/noticiasmercedinas.com\/site\/2023\/10\/03\/diputado-carlos-selva-analizo-el-primer-debate-presidencial-y-la-actuacion-de-sergio-massa\/#primaryimage"},"thumbnailUrl":"https:\/\/noticiasmercedinas.com\/site\/wp-content\/uploads\/2023\/08\/CSELVA.jpg","keywords":["carlos selva","elecciones 2023","sergio massa","Uni\u00f3n por la Patria"],"articleSection":["Politica"],"inLanguage":"es"},{"@type":"WebPage","@id":"https:\/\/noticiasmercedinas.com\/site\/2023\/10\/03\/diputado-carlos-selva-analizo-el-primer-debate-presidencial-y-la-actuacion-de-sergio-massa\/","url":"https:\/\/noticiasmercedinas.com\/site\/2023\/10\/03\/diputado-carlos-selva-analizo-el-primer-debate-presidencial-y-la-actuacion-de-sergio-massa\/","name":"Diputado Carlos Selva analiz\u00f3 el primer Debate Presidencial y la actuaci\u00f3n de Sergio Massa","isPartOf":{"@id":"https:\/\/noticiasmercedinas.com\/site\/#website"},"primaryImageOfPage":{"@id":"https:\/\/noticiasmercedinas.com\/site\/2023\/10\/03\/diputado-carlos-selva-analizo-el-primer-debate-presidencial-y-la-actuacion-de-sergio-massa\/#primaryimage"},"image":{"@id":"https:\/\/noticiasmercedinas.com\/site\/2023\/10\/03\/diputado-carlos-selva-analizo-el-primer-debate-presidencial-y-la-actuacion-de-sergio-massa\/#primaryimage"},"thumbnailUrl":"https:\/\/noticiasmercedinas.com\/site\/wp-content\/uploads\/2023\/08\/CSELVA.jpg","datePublished":"2023-10-03T12:59:46+00:00","dateModified":"2023-10-03T13:07:36+00:00","breadcrumb":{"@id":"https:\/\/noticiasmercedinas.com\/site\/2023\/10\/03\/diputado-carlos-selva-analizo-el-primer-debate-presidencial-y-la-actuacion-de-sergio-massa\/#breadcrumb"},"inLanguage":"es","potentialAction":[{"@type":"ReadAction","target":["https:\/\/noticiasmercedinas.com\/site\/2023\/10\/03\/diputado-carlos-selva-analizo-el-primer-debate-presidencial-y-la-actuacion-de-sergio-massa\/"]}]},{"@type":"ImageObject","inLanguage":"es","@id":"https:\/\/noticiasmercedinas.com\/site\/2023\/10\/03\/diputado-carlos-selva-analizo-el-primer-debate-presidencial-y-la-actuacion-de-sergio-massa\/#primaryimage","url":"https:\/\/noticiasmercedinas.com\/site\/wp-content\/uploads\/2023\/08\/CSELVA.jpg","contentUrl":"https:\/\/noticiasmercedinas.com\/site\/wp-content\/uploads\/2023\/08\/CSELVA.jpg","width":640,"height":397},{"@type":"BreadcrumbList","@id":"https:\/\/noticiasmercedinas.com\/site\/2023\/10\/03\/diputado-carlos-selva-analizo-el-primer-debate-presidencial-y-la-actuacion-de-sergio-massa\/#breadcrumb","itemListElement":[{"@type":"ListItem","position":1,"name":"Portada","item":"https:\/\/noticiasmercedinas.com\/site\/"},{"@type":"ListItem","position":2,"name":"Diputado Carlos Selva analiz\u00f3 el primer Debate Presidencial y la actuaci\u00f3n de Sergio Massa"}]},{"@type":"WebSite","@id":"https:\/\/noticiasmercedinas.com\/site\/#website","url":"https:\/\/noticiasmercedinas.com\/site\/","name":"NOTICIASMERCEDINAS.COM","description":"Mercedes, Buenos Aires, Argentina","publisher":{"@id":"https:\/\/noticiasmercedinas.com\/site\/#organization"},"potentialAction":[{"@type":"SearchAction","target":{"@type":"EntryPoint","urlTemplate":"https:\/\/noticiasmercedinas.com\/site\/?s={search_term_string}"},"query-input":{"@type":"PropertyValueSpecification","valueRequired":true,"valueName":"search_term_string"}}],"inLanguage":"es"},{"@type":"Organization","@id":"https:\/\/noticiasmercedinas.com\/site\/#organization","name":"NOTICIASMERCEDINAS.COM","url":"https:\/\/noticiasmercedinas.com\/site\/","logo":{"@type":"ImageObject","inLanguage":"es","@id":"https:\/\/noticiasmercedinas.com\/site\/#\/schema\/logo\/image\/","url":"https:\/\/noticiasmercedinas.com\/site\/wp-content\/uploads\/2020\/06\/LOGO-512.jpg","contentUrl":"https:\/\/noticiasmercedinas.com\/site\/wp-content\/uploads\/2020\/06\/LOGO-512.jpg","width":512,"height":512,"caption":"NOTICIASMERCEDINAS.COM"},"image":{"@id":"https:\/\/noticiasmercedinas.com\/site\/#\/schema\/logo\/image\/"},"sameAs":["https:\/\/www.facebook.com\/noticiasmercedinas\/","https:\/\/x.com\/notmercedinas","https:\/\/www.instagram.com\/noticiasmercedinas\/"]},{"@type":"Person","@id":"https:\/\/noticiasmercedinas.com\/site\/#\/schema\/person\/84b59c099c28ff2e8b77d4ceec5d8063","name":"NOTICIASMERCEDINAS.COM","image":{"@type":"ImageObject","inLanguage":"es","@id":"https:\/\/secure.gravatar.com\/avatar\/4dfbf16b4d17945bfb6341b2d19043457132fcf478a5ee04f42e959fd8f5df0a?s=96&d=mm&r=g","url":"https:\/\/secure.gravatar.com\/avatar\/4dfbf16b4d17945bfb6341b2d19043457132fcf478a5ee04f42e959fd8f5df0a?s=96&d=mm&r=g","contentUrl":"https:\/\/secure.gravatar.com\/avatar\/4dfbf16b4d17945bfb6341b2d19043457132fcf478a5ee04f42e959fd8f5df0a?s=96&d=mm&r=g","caption":"NOTICIASMERCEDINAS.COM"},"url":"https:\/\/noticiasmercedinas.com\/site\/author\/anonimo\/"}]}},"amp_enabled":true,"_links":{"self":[{"href":"https:\/\/noticiasmercedinas.com\/site\/wp-json\/wp\/v2\/posts\/124055","targetHints":{"allow":["GET"]}}],"collection":[{"href":"https:\/\/noticiasmercedinas.com\/site\/wp-json\/wp\/v2\/posts"}],"about":[{"href":"https:\/\/noticiasmercedinas.com\/site\/wp-json\/wp\/v2\/types\/post"}],"author":[{"embeddable":true,"href":"https:\/\/noticiasmercedinas.com\/site\/wp-json\/wp\/v2\/users\/16"}],"replies":[{"embeddable":true,"href":"https:\/\/noticiasmercedinas.com\/site\/wp-json\/wp\/v2\/comments?post=124055"}],"version-history":[{"count":2,"href":"https:\/\/noticiasmercedinas.com\/site\/wp-json\/wp\/v2\/posts\/124055\/revisions"}],"predecessor-version":[{"id":124060,"href":"https:\/\/noticiasmercedinas.com\/site\/wp-json\/wp\/v2\/posts\/124055\/revisions\/124060"}],"wp:featuredmedia":[{"embeddable":true,"href":"https:\/\/noticiasmercedinas.com\/site\/wp-json\/wp\/v2\/media\/120847"}],"wp:attachment":[{"href":"https:\/\/noticiasmercedinas.com\/site\/wp-json\/wp\/v2\/media?parent=124055"}],"wp:term":[{"taxonomy":"category","embeddable":true,"href":"https:\/\/noticiasmercedinas.com\/site\/wp-json\/wp\/v2\/categories?post=124055"},{"taxonomy":"post_tag","embeddable":true,"href":"https:\/\/noticiasmercedinas.com\/site\/wp-json\/wp\/v2\/tags?post=124055"}],"curies":[{"name":"wp","href":"https:\/\/api.w.org\/{rel}","templated":true}]}}