{"id":124088,"date":"2023-10-03T20:18:12","date_gmt":"2023-10-03T23:18:12","guid":{"rendered":"https:\/\/noticiasmercedinas.com\/site\/?p=124088"},"modified":"2023-10-03T20:52:35","modified_gmt":"2023-10-03T23:52:35","slug":"busqueda-laboral-para-un-importante-emprendimiento-gastronomico","status":"publish","type":"post","link":"https:\/\/noticiasmercedinas.com\/site\/2023\/10\/03\/busqueda-laboral-para-un-importante-emprendimiento-gastronomico\/","title":{"rendered":"B\u00fasqueda laboral para un importante emprendimiento gastron\u00f3mico"},"content":{"rendered":"<p><img loading=\"lazy\" decoding=\"async\" class=\"alignnone size-large wp-image-124092\" src=\"https:\/\/noticiasmercedinas.com\/site\/wp-content\/uploads\/2023\/10\/IMG-20231003-WA0088-1024x683.jpg\" alt=\"\" width=\"640\" height=\"427\" srcset=\"https:\/\/noticiasmercedinas.com\/site\/wp-content\/uploads\/2023\/10\/IMG-20231003-WA0088-1024x683.jpg 1024w, https:\/\/noticiasmercedinas.com\/site\/wp-content\/uploads\/2023\/10\/IMG-20231003-WA0088-300x200.jpg 300w, https:\/\/noticiasmercedinas.com\/site\/wp-content\/uploads\/2023\/10\/IMG-20231003-WA0088-768x512.jpg 768w, https:\/\/noticiasmercedinas.com\/site\/wp-content\/uploads\/2023\/10\/IMG-20231003-WA0088-640x427.jpg 640w, https:\/\/noticiasmercedinas.com\/site\/wp-content\/uploads\/2023\/10\/IMG-20231003-WA0088-681x454.jpg 681w, https:\/\/noticiasmercedinas.com\/site\/wp-content\/uploads\/2023\/10\/IMG-20231003-WA0088.jpg 1280w\" sizes=\"auto, (max-width: 640px) 100vw, 640px\" \/><\/p>\n<p><strong>La Bit\u00e1cora Cocina Deli y Almac\u00e9n Gourmet<\/strong>, un restaurante l\u00edder en la escena gastron\u00f3mica de Chivilcoy, ha anunciado una b\u00fasqueda laboral para un \u00abJefe de Cocina\u00bb dispuesto a asumir un peque\u00f1o desaf\u00edo con grandes oportunidades.<\/p>\n<p>El candidato ideal deber\u00e1 poseer una s\u00f3lida experiencia en el manejo de equipos, adem\u00e1s de demostrar habilidades de liderazgo y creatividad en la cocina. La Bit\u00e1cora se enorgullece de su compromiso con la excelencia culinaria y busca a alguien que comparta su pasi\u00f3n por la gastronom\u00eda.<\/p>\n<blockquote><p>La Bit\u00e1cora ha anunciado una b\u00fasqueda laboral para un \u00abJefe de Cocina\u00bb dispuesto a asumir un peque\u00f1o desaf\u00edo con grandes oportunidades.<\/p><\/blockquote>\n<p>Este puesto no solo implica liderar la cocina de uno de los restaurantes m\u00e1s destacados de la regi\u00f3n, sino que tambi\u00e9n brinda la oportunidad de ser parte de un gran cambio en la escena gastron\u00f3mica.<\/p>\n<p>Los interesados en unirse a este proyecto pueden enviar su curr\u00edculum vitae a la direcci\u00f3n de correo electr\u00f3nico: <a href=\"mailto:labitempleo@gmail.com\">labitempleo@gmail.com<\/a>. La Bit\u00e1cora Cocina Deli y Almac\u00e9n Gourmet espera con entusiasmo descubrir al talentoso chef que liderar\u00e1 su cocina en esta nueva etapa.<\/p>\n<p>Para obtener m\u00e1s informaci\u00f3n sobre La Bit\u00e1cora y su propuesta culinaria, visite su restaurante ubicado en Chivilcoy.<\/p>\n<p>Quienes califiquen para este puesto no deben perderse la oportunidad de formar parte de esta apasionante aventura gastron\u00f3mica.<\/p>\n","protected":false},"excerpt":{"rendered":"<p>\u25a0 La Bit\u00e1cora ha anunciado una b\u00fasqueda laboral para un \u00abJefe de Cocina\u00bb. Todos los detalles<\/p>\n","protected":false},"author":16,"featured_media":124092,"comment_status":"closed","ping_status":"closed","sticky":false,"template":"","format":"standard","meta":{"footnotes":""},"categories":[74,139],"tags":[1400,203,15811,17395,5067],"class_list":["post-124088","post","type-post","status-publish","format-standard","has-post-thumbnail","hentry","category-emprendimientos","category-regionales","tag-busqueda-laboral","tag-chivilcoy","tag-jefe-de-cocina","tag-la-bitacora","tag-restaurante"],"yoast_head":"<!-- This site is optimized with the Yoast SEO plugin v27.4 - https:\/\/yoast.com\/product\/yoast-seo-wordpress\/ -->\n<title>B\u00fasqueda laboral para un importante emprendimiento gastron\u00f3mico<\/title>\n<meta name=\"robots\" content=\"index, follow, max-snippet:-1, max-image-preview:large, max-video-preview:-1\" \/>\n<link rel=\"canonical\" href=\"https:\/\/noticiasmercedinas.com\/site\/2023\/10\/03\/busqueda-laboral-para-un-importante-emprendimiento-gastronomico\/\" \/>\n<meta property=\"og:locale\" content=\"es_ES\" \/>\n<meta property=\"og:type\" content=\"article\" \/>\n<meta property=\"og:title\" content=\"B\u00fasqueda laboral para un importante emprendimiento gastron\u00f3mico\" \/>\n<meta property=\"og:description\" content=\"\u25a0 La Bit\u00e1cora ha anunciado una b\u00fasqueda laboral para un &quot;Jefe de Cocina&quot;. Todos los detalles\" \/>\n<meta property=\"og:url\" content=\"https:\/\/noticiasmercedinas.com\/site\/2023\/10\/03\/busqueda-laboral-para-un-importante-emprendimiento-gastronomico\/\" \/>\n<meta property=\"og:site_name\" content=\"NOTICIASMERCEDINAS.COM\" \/>\n<meta property=\"article:publisher\" content=\"https:\/\/www.facebook.com\/noticiasmercedinas\/\" \/>\n<meta property=\"article:published_time\" content=\"2023-10-03T23:18:12+00:00\" \/>\n<meta property=\"article:modified_time\" content=\"2023-10-03T23:52:35+00:00\" \/>\n<meta property=\"og:image\" content=\"https:\/\/noticiasmercedinas.com\/site\/wp-content\/uploads\/2023\/10\/IMG-20231003-WA0088.jpg\" \/>\n\t<meta property=\"og:image:width\" content=\"1280\" \/>\n\t<meta property=\"og:image:height\" content=\"854\" \/>\n\t<meta property=\"og:image:type\" content=\"image\/jpeg\" \/>\n<meta name=\"author\" content=\"NOTICIASMERCEDINAS.COM\" \/>\n<meta name=\"twitter:card\" content=\"summary_large_image\" \/>\n<meta name=\"twitter:creator\" content=\"@notmercedinas\" \/>\n<meta name=\"twitter:site\" content=\"@notmercedinas\" \/>\n<meta name=\"twitter:label1\" content=\"Escrito por\" \/>\n\t<meta name=\"twitter:data1\" content=\"NOTICIASMERCEDINAS.COM\" \/>\n\t<meta name=\"twitter:label2\" content=\"Tiempo de lectura\" \/>\n\t<meta name=\"twitter:data2\" content=\"2 minutos\" \/>\n<script type=\"application\/ld+json\" class=\"yoast-schema-graph\">{\"@context\":\"https:\\\/\\\/schema.org\",\"@graph\":[{\"@type\":\"Article\",\"@id\":\"https:\\\/\\\/noticiasmercedinas.com\\\/site\\\/2023\\\/10\\\/03\\\/busqueda-laboral-para-un-importante-emprendimiento-gastronomico\\\/#article\",\"isPartOf\":{\"@id\":\"https:\\\/\\\/noticiasmercedinas.com\\\/site\\\/2023\\\/10\\\/03\\\/busqueda-laboral-para-un-importante-emprendimiento-gastronomico\\\/\"},\"author\":{\"name\":\"NOTICIASMERCEDINAS.COM\",\"@id\":\"https:\\\/\\\/noticiasmercedinas.com\\\/site\\\/#\\\/schema\\\/person\\\/84b59c099c28ff2e8b77d4ceec5d8063\"},\"headline\":\"B\u00fasqueda laboral para un importante emprendimiento gastron\u00f3mico\",\"datePublished\":\"2023-10-03T23:18:12+00:00\",\"dateModified\":\"2023-10-03T23:52:35+00:00\",\"mainEntityOfPage\":{\"@id\":\"https:\\\/\\\/noticiasmercedinas.com\\\/site\\\/2023\\\/10\\\/03\\\/busqueda-laboral-para-un-importante-emprendimiento-gastronomico\\\/\"},\"wordCount\":253,\"publisher\":{\"@id\":\"https:\\\/\\\/noticiasmercedinas.com\\\/site\\\/#organization\"},\"image\":{\"@id\":\"https:\\\/\\\/noticiasmercedinas.com\\\/site\\\/2023\\\/10\\\/03\\\/busqueda-laboral-para-un-importante-emprendimiento-gastronomico\\\/#primaryimage\"},\"thumbnailUrl\":\"https:\\\/\\\/noticiasmercedinas.com\\\/site\\\/wp-content\\\/uploads\\\/2023\\\/10\\\/IMG-20231003-WA0088.jpg\",\"keywords\":[\"busqueda laboral\",\"chivilcoy\",\"jefe de cocina\",\"la bitacora\",\"restaurante\"],\"articleSection\":[\"Emprendimientos\",\"Regionales\"],\"inLanguage\":\"es\"},{\"@type\":\"WebPage\",\"@id\":\"https:\\\/\\\/noticiasmercedinas.com\\\/site\\\/2023\\\/10\\\/03\\\/busqueda-laboral-para-un-importante-emprendimiento-gastronomico\\\/\",\"url\":\"https:\\\/\\\/noticiasmercedinas.com\\\/site\\\/2023\\\/10\\\/03\\\/busqueda-laboral-para-un-importante-emprendimiento-gastronomico\\\/\",\"name\":\"B\u00fasqueda laboral para un importante emprendimiento gastron\u00f3mico\",\"isPartOf\":{\"@id\":\"https:\\\/\\\/noticiasmercedinas.com\\\/site\\\/#website\"},\"primaryImageOfPage\":{\"@id\":\"https:\\\/\\\/noticiasmercedinas.com\\\/site\\\/2023\\\/10\\\/03\\\/busqueda-laboral-para-un-importante-emprendimiento-gastronomico\\\/#primaryimage\"},\"image\":{\"@id\":\"https:\\\/\\\/noticiasmercedinas.com\\\/site\\\/2023\\\/10\\\/03\\\/busqueda-laboral-para-un-importante-emprendimiento-gastronomico\\\/#primaryimage\"},\"thumbnailUrl\":\"https:\\\/\\\/noticiasmercedinas.com\\\/site\\\/wp-content\\\/uploads\\\/2023\\\/10\\\/IMG-20231003-WA0088.jpg\",\"datePublished\":\"2023-10-03T23:18:12+00:00\",\"dateModified\":\"2023-10-03T23:52:35+00:00\",\"breadcrumb\":{\"@id\":\"https:\\\/\\\/noticiasmercedinas.com\\\/site\\\/2023\\\/10\\\/03\\\/busqueda-laboral-para-un-importante-emprendimiento-gastronomico\\\/#breadcrumb\"},\"inLanguage\":\"es\",\"potentialAction\":[{\"@type\":\"ReadAction\",\"target\":[\"https:\\\/\\\/noticiasmercedinas.com\\\/site\\\/2023\\\/10\\\/03\\\/busqueda-laboral-para-un-importante-emprendimiento-gastronomico\\\/\"]}]},{\"@type\":\"ImageObject\",\"inLanguage\":\"es\",\"@id\":\"https:\\\/\\\/noticiasmercedinas.com\\\/site\\\/2023\\\/10\\\/03\\\/busqueda-laboral-para-un-importante-emprendimiento-gastronomico\\\/#primaryimage\",\"url\":\"https:\\\/\\\/noticiasmercedinas.com\\\/site\\\/wp-content\\\/uploads\\\/2023\\\/10\\\/IMG-20231003-WA0088.jpg\",\"contentUrl\":\"https:\\\/\\\/noticiasmercedinas.com\\\/site\\\/wp-content\\\/uploads\\\/2023\\\/10\\\/IMG-20231003-WA0088.jpg\",\"width\":1280,\"height\":854},{\"@type\":\"BreadcrumbList\",\"@id\":\"https:\\\/\\\/noticiasmercedinas.com\\\/site\\\/2023\\\/10\\\/03\\\/busqueda-laboral-para-un-importante-emprendimiento-gastronomico\\\/#breadcrumb\",\"itemListElement\":[{\"@type\":\"ListItem\",\"position\":1,\"name\":\"Portada\",\"item\":\"https:\\\/\\\/noticiasmercedinas.com\\\/site\\\/\"},{\"@type\":\"ListItem\",\"position\":2,\"name\":\"B\u00fasqueda laboral para un importante emprendimiento gastron\u00f3mico\"}]},{\"@type\":\"WebSite\",\"@id\":\"https:\\\/\\\/noticiasmercedinas.com\\\/site\\\/#website\",\"url\":\"https:\\\/\\\/noticiasmercedinas.com\\\/site\\\/\",\"name\":\"NOTICIASMERCEDINAS.COM\",\"description\":\"Mercedes, Buenos Aires, Argentina\",\"publisher\":{\"@id\":\"https:\\\/\\\/noticiasmercedinas.com\\\/site\\\/#organization\"},\"potentialAction\":[{\"@type\":\"SearchAction\",\"target\":{\"@type\":\"EntryPoint\",\"urlTemplate\":\"https:\\\/\\\/noticiasmercedinas.com\\\/site\\\/?s={search_term_string}\"},\"query-input\":{\"@type\":\"PropertyValueSpecification\",\"valueRequired\":true,\"valueName\":\"search_term_string\"}}],\"inLanguage\":\"es\"},{\"@type\":\"Organization\",\"@id\":\"https:\\\/\\\/noticiasmercedinas.com\\\/site\\\/#organization\",\"name\":\"NOTICIASMERCEDINAS.COM\",\"url\":\"https:\\\/\\\/noticiasmercedinas.com\\\/site\\\/\",\"logo\":{\"@type\":\"ImageObject\",\"inLanguage\":\"es\",\"@id\":\"https:\\\/\\\/noticiasmercedinas.com\\\/site\\\/#\\\/schema\\\/logo\\\/image\\\/\",\"url\":\"https:\\\/\\\/noticiasmercedinas.com\\\/site\\\/wp-content\\\/uploads\\\/2020\\\/06\\\/LOGO-512.jpg\",\"contentUrl\":\"https:\\\/\\\/noticiasmercedinas.com\\\/site\\\/wp-content\\\/uploads\\\/2020\\\/06\\\/LOGO-512.jpg\",\"width\":512,\"height\":512,\"caption\":\"NOTICIASMERCEDINAS.COM\"},\"image\":{\"@id\":\"https:\\\/\\\/noticiasmercedinas.com\\\/site\\\/#\\\/schema\\\/logo\\\/image\\\/\"},\"sameAs\":[\"https:\\\/\\\/www.facebook.com\\\/noticiasmercedinas\\\/\",\"https:\\\/\\\/x.com\\\/notmercedinas\",\"https:\\\/\\\/www.instagram.com\\\/noticiasmercedinas\\\/\"]},{\"@type\":\"Person\",\"@id\":\"https:\\\/\\\/noticiasmercedinas.com\\\/site\\\/#\\\/schema\\\/person\\\/84b59c099c28ff2e8b77d4ceec5d8063\",\"name\":\"NOTICIASMERCEDINAS.COM\",\"image\":{\"@type\":\"ImageObject\",\"inLanguage\":\"es\",\"@id\":\"https:\\\/\\\/secure.gravatar.com\\\/avatar\\\/4dfbf16b4d17945bfb6341b2d19043457132fcf478a5ee04f42e959fd8f5df0a?s=96&d=mm&r=g\",\"url\":\"https:\\\/\\\/secure.gravatar.com\\\/avatar\\\/4dfbf16b4d17945bfb6341b2d19043457132fcf478a5ee04f42e959fd8f5df0a?s=96&d=mm&r=g\",\"contentUrl\":\"https:\\\/\\\/secure.gravatar.com\\\/avatar\\\/4dfbf16b4d17945bfb6341b2d19043457132fcf478a5ee04f42e959fd8f5df0a?s=96&d=mm&r=g\",\"caption\":\"NOTICIASMERCEDINAS.COM\"},\"url\":\"https:\\\/\\\/noticiasmercedinas.com\\\/site\\\/author\\\/anonimo\\\/\"}]}<\/script>\n<!-- \/ Yoast SEO plugin. -->","yoast_head_json":{"title":"B\u00fasqueda laboral para un importante emprendimiento gastron\u00f3mico","robots":{"index":"index","follow":"follow","max-snippet":"max-snippet:-1","max-image-preview":"max-image-preview:large","max-video-preview":"max-video-preview:-1"},"canonical":"https:\/\/noticiasmercedinas.com\/site\/2023\/10\/03\/busqueda-laboral-para-un-importante-emprendimiento-gastronomico\/","og_locale":"es_ES","og_type":"article","og_title":"B\u00fasqueda laboral para un importante emprendimiento gastron\u00f3mico","og_description":"\u25a0 La Bit\u00e1cora ha anunciado una b\u00fasqueda laboral para un \"Jefe de Cocina\". Todos los detalles","og_url":"https:\/\/noticiasmercedinas.com\/site\/2023\/10\/03\/busqueda-laboral-para-un-importante-emprendimiento-gastronomico\/","og_site_name":"NOTICIASMERCEDINAS.COM","article_publisher":"https:\/\/www.facebook.com\/noticiasmercedinas\/","article_published_time":"2023-10-03T23:18:12+00:00","article_modified_time":"2023-10-03T23:52:35+00:00","og_image":[{"width":1280,"height":854,"url":"https:\/\/noticiasmercedinas.com\/site\/wp-content\/uploads\/2023\/10\/IMG-20231003-WA0088.jpg","type":"image\/jpeg"}],"author":"NOTICIASMERCEDINAS.COM","twitter_card":"summary_large_image","twitter_creator":"@notmercedinas","twitter_site":"@notmercedinas","twitter_misc":{"Escrito por":"NOTICIASMERCEDINAS.COM","Tiempo de lectura":"2 minutos"},"schema":{"@context":"https:\/\/schema.org","@graph":[{"@type":"Article","@id":"https:\/\/noticiasmercedinas.com\/site\/2023\/10\/03\/busqueda-laboral-para-un-importante-emprendimiento-gastronomico\/#article","isPartOf":{"@id":"https:\/\/noticiasmercedinas.com\/site\/2023\/10\/03\/busqueda-laboral-para-un-importante-emprendimiento-gastronomico\/"},"author":{"name":"NOTICIASMERCEDINAS.COM","@id":"https:\/\/noticiasmercedinas.com\/site\/#\/schema\/person\/84b59c099c28ff2e8b77d4ceec5d8063"},"headline":"B\u00fasqueda laboral para un importante emprendimiento gastron\u00f3mico","datePublished":"2023-10-03T23:18:12+00:00","dateModified":"2023-10-03T23:52:35+00:00","mainEntityOfPage":{"@id":"https:\/\/noticiasmercedinas.com\/site\/2023\/10\/03\/busqueda-laboral-para-un-importante-emprendimiento-gastronomico\/"},"wordCount":253,"publisher":{"@id":"https:\/\/noticiasmercedinas.com\/site\/#organization"},"image":{"@id":"https:\/\/noticiasmercedinas.com\/site\/2023\/10\/03\/busqueda-laboral-para-un-importante-emprendimiento-gastronomico\/#primaryimage"},"thumbnailUrl":"https:\/\/noticiasmercedinas.com\/site\/wp-content\/uploads\/2023\/10\/IMG-20231003-WA0088.jpg","keywords":["busqueda laboral","chivilcoy","jefe de cocina","la bitacora","restaurante"],"articleSection":["Emprendimientos","Regionales"],"inLanguage":"es"},{"@type":"WebPage","@id":"https:\/\/noticiasmercedinas.com\/site\/2023\/10\/03\/busqueda-laboral-para-un-importante-emprendimiento-gastronomico\/","url":"https:\/\/noticiasmercedinas.com\/site\/2023\/10\/03\/busqueda-laboral-para-un-importante-emprendimiento-gastronomico\/","name":"B\u00fasqueda laboral para un importante emprendimiento gastron\u00f3mico","isPartOf":{"@id":"https:\/\/noticiasmercedinas.com\/site\/#website"},"primaryImageOfPage":{"@id":"https:\/\/noticiasmercedinas.com\/site\/2023\/10\/03\/busqueda-laboral-para-un-importante-emprendimiento-gastronomico\/#primaryimage"},"image":{"@id":"https:\/\/noticiasmercedinas.com\/site\/2023\/10\/03\/busqueda-laboral-para-un-importante-emprendimiento-gastronomico\/#primaryimage"},"thumbnailUrl":"https:\/\/noticiasmercedinas.com\/site\/wp-content\/uploads\/2023\/10\/IMG-20231003-WA0088.jpg","datePublished":"2023-10-03T23:18:12+00:00","dateModified":"2023-10-03T23:52:35+00:00","breadcrumb":{"@id":"https:\/\/noticiasmercedinas.com\/site\/2023\/10\/03\/busqueda-laboral-para-un-importante-emprendimiento-gastronomico\/#breadcrumb"},"inLanguage":"es","potentialAction":[{"@type":"ReadAction","target":["https:\/\/noticiasmercedinas.com\/site\/2023\/10\/03\/busqueda-laboral-para-un-importante-emprendimiento-gastronomico\/"]}]},{"@type":"ImageObject","inLanguage":"es","@id":"https:\/\/noticiasmercedinas.com\/site\/2023\/10\/03\/busqueda-laboral-para-un-importante-emprendimiento-gastronomico\/#primaryimage","url":"https:\/\/noticiasmercedinas.com\/site\/wp-content\/uploads\/2023\/10\/IMG-20231003-WA0088.jpg","contentUrl":"https:\/\/noticiasmercedinas.com\/site\/wp-content\/uploads\/2023\/10\/IMG-20231003-WA0088.jpg","width":1280,"height":854},{"@type":"BreadcrumbList","@id":"https:\/\/noticiasmercedinas.com\/site\/2023\/10\/03\/busqueda-laboral-para-un-importante-emprendimiento-gastronomico\/#breadcrumb","itemListElement":[{"@type":"ListItem","position":1,"name":"Portada","item":"https:\/\/noticiasmercedinas.com\/site\/"},{"@type":"ListItem","position":2,"name":"B\u00fasqueda laboral para un importante emprendimiento gastron\u00f3mico"}]},{"@type":"WebSite","@id":"https:\/\/noticiasmercedinas.com\/site\/#website","url":"https:\/\/noticiasmercedinas.com\/site\/","name":"NOTICIASMERCEDINAS.COM","description":"Mercedes, Buenos Aires, Argentina","publisher":{"@id":"https:\/\/noticiasmercedinas.com\/site\/#organization"},"potentialAction":[{"@type":"SearchAction","target":{"@type":"EntryPoint","urlTemplate":"https:\/\/noticiasmercedinas.com\/site\/?s={search_term_string}"},"query-input":{"@type":"PropertyValueSpecification","valueRequired":true,"valueName":"search_term_string"}}],"inLanguage":"es"},{"@type":"Organization","@id":"https:\/\/noticiasmercedinas.com\/site\/#organization","name":"NOTICIASMERCEDINAS.COM","url":"https:\/\/noticiasmercedinas.com\/site\/","logo":{"@type":"ImageObject","inLanguage":"es","@id":"https:\/\/noticiasmercedinas.com\/site\/#\/schema\/logo\/image\/","url":"https:\/\/noticiasmercedinas.com\/site\/wp-content\/uploads\/2020\/06\/LOGO-512.jpg","contentUrl":"https:\/\/noticiasmercedinas.com\/site\/wp-content\/uploads\/2020\/06\/LOGO-512.jpg","width":512,"height":512,"caption":"NOTICIASMERCEDINAS.COM"},"image":{"@id":"https:\/\/noticiasmercedinas.com\/site\/#\/schema\/logo\/image\/"},"sameAs":["https:\/\/www.facebook.com\/noticiasmercedinas\/","https:\/\/x.com\/notmercedinas","https:\/\/www.instagram.com\/noticiasmercedinas\/"]},{"@type":"Person","@id":"https:\/\/noticiasmercedinas.com\/site\/#\/schema\/person\/84b59c099c28ff2e8b77d4ceec5d8063","name":"NOTICIASMERCEDINAS.COM","image":{"@type":"ImageObject","inLanguage":"es","@id":"https:\/\/secure.gravatar.com\/avatar\/4dfbf16b4d17945bfb6341b2d19043457132fcf478a5ee04f42e959fd8f5df0a?s=96&d=mm&r=g","url":"https:\/\/secure.gravatar.com\/avatar\/4dfbf16b4d17945bfb6341b2d19043457132fcf478a5ee04f42e959fd8f5df0a?s=96&d=mm&r=g","contentUrl":"https:\/\/secure.gravatar.com\/avatar\/4dfbf16b4d17945bfb6341b2d19043457132fcf478a5ee04f42e959fd8f5df0a?s=96&d=mm&r=g","caption":"NOTICIASMERCEDINAS.COM"},"url":"https:\/\/noticiasmercedinas.com\/site\/author\/anonimo\/"}]}},"amp_enabled":true,"_links":{"self":[{"href":"https:\/\/noticiasmercedinas.com\/site\/wp-json\/wp\/v2\/posts\/124088","targetHints":{"allow":["GET"]}}],"collection":[{"href":"https:\/\/noticiasmercedinas.com\/site\/wp-json\/wp\/v2\/posts"}],"about":[{"href":"https:\/\/noticiasmercedinas.com\/site\/wp-json\/wp\/v2\/types\/post"}],"author":[{"embeddable":true,"href":"https:\/\/noticiasmercedinas.com\/site\/wp-json\/wp\/v2\/users\/16"}],"replies":[{"embeddable":true,"href":"https:\/\/noticiasmercedinas.com\/site\/wp-json\/wp\/v2\/comments?post=124088"}],"version-history":[{"count":3,"href":"https:\/\/noticiasmercedinas.com\/site\/wp-json\/wp\/v2\/posts\/124088\/revisions"}],"predecessor-version":[{"id":124094,"href":"https:\/\/noticiasmercedinas.com\/site\/wp-json\/wp\/v2\/posts\/124088\/revisions\/124094"}],"wp:featuredmedia":[{"embeddable":true,"href":"https:\/\/noticiasmercedinas.com\/site\/wp-json\/wp\/v2\/media\/124092"}],"wp:attachment":[{"href":"https:\/\/noticiasmercedinas.com\/site\/wp-json\/wp\/v2\/media?parent=124088"}],"wp:term":[{"taxonomy":"category","embeddable":true,"href":"https:\/\/noticiasmercedinas.com\/site\/wp-json\/wp\/v2\/categories?post=124088"},{"taxonomy":"post_tag","embeddable":true,"href":"https:\/\/noticiasmercedinas.com\/site\/wp-json\/wp\/v2\/tags?post=124088"}],"curies":[{"name":"wp","href":"https:\/\/api.w.org\/{rel}","templated":true}]}}