{"id":124108,"date":"2023-10-04T10:59:33","date_gmt":"2023-10-04T13:59:33","guid":{"rendered":"https:\/\/noticiasmercedinas.com\/site\/?p=124108"},"modified":"2023-10-04T10:59:33","modified_gmt":"2023-10-04T13:59:33","slug":"buen-punto-de-club-mercedes-ante-sportivo-barracas","status":"publish","type":"post","link":"https:\/\/noticiasmercedinas.com\/site\/2023\/10\/04\/buen-punto-de-club-mercedes-ante-sportivo-barracas\/","title":{"rendered":"Buen punto de Club Mercedes ante Sportivo Barracas"},"content":{"rendered":"<figure id=\"attachment_124109\" aria-describedby=\"caption-attachment-124109\" style=\"width: 640px\" class=\"wp-caption alignnone\"><img loading=\"lazy\" decoding=\"async\" class=\"wp-image-124109 size-full\" src=\"https:\/\/noticiasmercedinas.com\/site\/wp-content\/uploads\/2023\/10\/IMG_0423.jpg\" alt=\"\" width=\"640\" height=\"405\" srcset=\"https:\/\/noticiasmercedinas.com\/site\/wp-content\/uploads\/2023\/10\/IMG_0423.jpg 640w, https:\/\/noticiasmercedinas.com\/site\/wp-content\/uploads\/2023\/10\/IMG_0423-300x190.jpg 300w\" sizes=\"auto, (max-width: 640px) 100vw, 640px\" \/><figcaption id=\"caption-attachment-124109\" class=\"wp-caption-text\">Juan Culio, auto del empate para Mercedes (Foto archivo).<\/figcaption><\/figure>\n<p>Por la Primera D en su 15\u00b0 fecha, quedando libre Central Ballester, en la tarde del martes 3 en cancha del Deportivo Mor\u00f3n jugaron Sportivo Barracas y Club Mercedes. Fue la segunda vez desde que est\u00e1 en la categor\u00eda en el \u201cBlanquinegro\u201d se presenta en el Nuevo Francisco Urbano, escenario de un club de Primera Nacional como lo es el Deportivo Mor\u00f3n, en medio de un terreno que termin\u00f3 favoreciendo para el trato de la pelota.<\/p>\n<p>Barracas tuvo un inicio prometedor que se fue apagando, a los 2\u2019 lo ganaba 1-0, el avance por derecha con la participaci\u00f3n de Alfonso y Rodr\u00edguez m\u00e1s el remate cruzado de Franco ante un Boragno que no logr\u00f3 reaccionar, las cosas cuesta arriba para los de Diego Silvestre. El correr de los minutos mostr\u00f3 otro Mercedes, se fueron igualando las acciones y gener\u00f3 lo suyo, ya siendo mucho menor la producci\u00f3n de los locales.<\/p>\n<p>El centro de Rodr\u00edguez en 39\u2019, en la salida de un tiro de esquina, iba a caer en el coraz\u00f3n del \u00e1rea y de cabeza Culio puso las cosas 1 a 1, empate. Jug\u00e1ndose como adicionales 8 minutos, es que en 19\u2019 se produjo la lesi\u00f3n de Juli\u00e1n Rodr\u00edguez (capit\u00e1n) cuando sali\u00f3 a la marca de la proyecci\u00f3n de De Los Santos, el de Barracas fue retirado en camilla y amonestado, el \u201cColo\u201d no pudo seguir en cancha en medio de una jugada donde el jugador local lleg\u00f3 tarde y all\u00ed el incidente.<\/p>\n<p>Quedar\u00eda todo un segundo tiempo por delante, ya sin la misma intensidad que el primero, amold\u00e1ndose a la divisi\u00f3n Mercedes supo jugarle al \u201cArrabalero\u201d que no consigui\u00f3 imponer su local\u00eda. En definitiva, el empate fue lo m\u00e1s justo. Mercedes se mantiene en mitad de tabla y empieza a tejer una superioridad en el historial con Sportivo Barracas, s\u00f3lo perdi\u00f3 una vez. Volver\u00e1 a jugar este lunes 9 15.30 en la Liga ante Lugano, para el domingo no habr\u00e1 servicio policial en H\u00e9roes de Malvinas y 64. El s\u00e1bado 7 habr\u00e1 fecha de la Liga.<\/p>\n<p><strong>Sportivo Barracas 1:<\/strong> Mat\u00edas Balderrama, Leonardo Kulich, Matheu Rodrigu\u00e9, Juli\u00e1n Rodr\u00edguez, Lucas Leal, Cristian Suarez, Pedro Alfonso, Leonel Ram\u00edrez, Lautaro Ferro, Nazareno Vidal y Ramiro Franco. DT: Sergio Colucci. <strong>Relevos:<\/strong> Mart\u00ednez y Elsegood.<\/p>\n<p><strong>Club Mercedes 1:<\/strong> Gonzalo Boragno, Juan Pedro Gatti, Nicol\u00e1s Mart\u00ednez, Alexis Grzesiak, Nicol\u00e1s Contardi, Blas De Los Santos, Juan Manuel Culio, \u00a0Tomas Chaparro, Franco Gatti, Ignacio Rodr\u00edguez y Mat\u00edas L\u00f3pez. <strong>DT:<\/strong> Diego Silvestre.<strong> Relevos:<\/strong> Rodrigo Nicasio, Rodrigo Scarnatto y \u00a0Franco Cruz.<\/p>\n<p><strong>Goles en el PT:<\/strong> A los 2\u2019 Franco para Sportivo Barracas y a los 39\u2019 Juan Culio para Club Mercedes.<br \/>\n<strong>Cambios:<\/strong> Dilan Rosales por Rodr\u00edguez, Uriel Ba\u00e9z por Leal, Axel Miranda por Ram\u00edrez, Jos\u00e9 Lazarte por Alfonso y Mauricio Bermejo por Ferro en Sportivo Barracas. Nicol\u00e1s Fedullo por De Los Santos, Santiago Romagnoli por Chaparro, Ismael Illanes por Rodr\u00edguez, Laureano Torres por Culio y Nahuel Menseguez por F. Gatti en Club Mercedes.<br \/>\n<strong>Arbitro:<\/strong> Juli\u00e1n Beligoy.<br \/>\n<strong>Expulsado:<\/strong> A los 46\u2019 del ST Vidal en Sportivo Barracas.<\/p>\n<p><strong>Mi\u00e9rcoles 4<br \/>\nCancha:<\/strong> Atlas.<br \/>\nA las 15.30 Deportivo Mu\u00f1iz vs. Juventud Unida.<\/p>\n<p><img loading=\"lazy\" decoding=\"async\" class=\"alignnone size-full wp-image-124110\" src=\"https:\/\/noticiasmercedinas.com\/site\/wp-content\/uploads\/2023\/10\/Primera-D-1.jpg\" alt=\"\" width=\"640\" height=\"367\" srcset=\"https:\/\/noticiasmercedinas.com\/site\/wp-content\/uploads\/2023\/10\/Primera-D-1.jpg 640w, https:\/\/noticiasmercedinas.com\/site\/wp-content\/uploads\/2023\/10\/Primera-D-1-300x172.jpg 300w\" sizes=\"auto, (max-width: 640px) 100vw, 640px\" \/><br \/>\n<strong><br \/>\nPr\u00f3xima fecha<br \/>\nDomingo 8<br \/>\nCancha:<\/strong> Lugano.<br \/>\nA las 15.30 Deportivo Paraguayo vs. El Porvenir.<\/p>\n<p><strong>Cancha:<\/strong> Atlas.<br \/>\nA las 15.30 Juventud Unida vs. Defensores de Cambaceres.<\/p>\n<p><strong>Lunes 9<br \/>\nCancha:<\/strong> Liga Mercedina.<br \/>\nA las 15.30 Club Mercedes vs. Lugano.<\/p>\n<p>A las 15.30 Central Ballester vs. Sportivo Barracas.<\/p>\n","protected":false},"excerpt":{"rendered":"<p>\u25a0 En el inicio del juego lo perd\u00eda 1-0 para llegar a la igualdad poco antes de finalizar la primera parte con Juan Culio. Luego el juego se fue trasladando a otro plano. El lunes vuelve a ser local el \u201cBlanquinegro\u201d frente a Lugano<\/p>\n","protected":false},"author":6,"featured_media":124109,"comment_status":"closed","ping_status":"closed","sticky":false,"template":"","format":"standard","meta":{"footnotes":""},"categories":[5],"tags":[6424,135,11935,14810],"class_list":["post-124108","post","type-post","status-publish","format-standard","has-post-thumbnail","hentry","category-deportes","tag-afa","tag-club-mercedes","tag-primera-d","tag-sportivo-barracas"],"yoast_head":"<!-- This site is optimized with the Yoast SEO plugin v27.5 - https:\/\/yoast.com\/product\/yoast-seo-wordpress\/ -->\n<title>Buen punto de Club Mercedes ante Sportivo Barracas<\/title>\n<meta name=\"robots\" content=\"index, follow, max-snippet:-1, max-image-preview:large, max-video-preview:-1\" \/>\n<link rel=\"canonical\" href=\"https:\/\/noticiasmercedinas.com\/site\/2023\/10\/04\/buen-punto-de-club-mercedes-ante-sportivo-barracas\/\" \/>\n<meta property=\"og:locale\" content=\"es_ES\" \/>\n<meta property=\"og:type\" content=\"article\" \/>\n<meta property=\"og:title\" content=\"Buen punto de Club Mercedes ante Sportivo Barracas\" \/>\n<meta property=\"og:description\" content=\"\u25a0 En el inicio del juego lo perd\u00eda 1-0 para llegar a la igualdad poco antes de finalizar la primera parte con Juan Culio. Luego el juego se fue trasladando a otro plano. El lunes vuelve a ser local el \u201cBlanquinegro\u201d frente a Lugano\" \/>\n<meta property=\"og:url\" content=\"https:\/\/noticiasmercedinas.com\/site\/2023\/10\/04\/buen-punto-de-club-mercedes-ante-sportivo-barracas\/\" \/>\n<meta property=\"og:site_name\" content=\"NOTICIASMERCEDINAS.COM\" \/>\n<meta property=\"article:publisher\" content=\"https:\/\/www.facebook.com\/noticiasmercedinas\/\" \/>\n<meta property=\"article:published_time\" content=\"2023-10-04T13:59:33+00:00\" \/>\n<meta property=\"og:image\" content=\"https:\/\/noticiasmercedinas.com\/site\/wp-content\/uploads\/2023\/10\/IMG_0423.jpg\" \/>\n\t<meta property=\"og:image:width\" content=\"640\" \/>\n\t<meta property=\"og:image:height\" content=\"405\" \/>\n\t<meta property=\"og:image:type\" content=\"image\/jpeg\" \/>\n<meta name=\"author\" content=\"Juan Dagnino NOTICIASMERCEDINAS.COM\" \/>\n<meta name=\"twitter:card\" content=\"summary_large_image\" \/>\n<meta name=\"twitter:creator\" content=\"@notmercedinas\" \/>\n<meta name=\"twitter:site\" content=\"@notmercedinas\" \/>\n<meta name=\"twitter:label1\" content=\"Escrito por\" \/>\n\t<meta name=\"twitter:data1\" content=\"Juan Dagnino NOTICIASMERCEDINAS.COM\" \/>\n\t<meta name=\"twitter:label2\" content=\"Tiempo de lectura\" \/>\n\t<meta name=\"twitter:data2\" content=\"3 minutos\" \/>\n<script type=\"application\/ld+json\" class=\"yoast-schema-graph\">{\"@context\":\"https:\\\/\\\/schema.org\",\"@graph\":[{\"@type\":\"Article\",\"@id\":\"https:\\\/\\\/noticiasmercedinas.com\\\/site\\\/2023\\\/10\\\/04\\\/buen-punto-de-club-mercedes-ante-sportivo-barracas\\\/#article\",\"isPartOf\":{\"@id\":\"https:\\\/\\\/noticiasmercedinas.com\\\/site\\\/2023\\\/10\\\/04\\\/buen-punto-de-club-mercedes-ante-sportivo-barracas\\\/\"},\"author\":{\"name\":\"Juan Dagnino NOTICIASMERCEDINAS.COM\",\"@id\":\"https:\\\/\\\/noticiasmercedinas.com\\\/site\\\/#\\\/schema\\\/person\\\/8f2f09d666ef40986eba4a5e6f2a06f9\"},\"headline\":\"Buen punto de Club Mercedes ante Sportivo Barracas\",\"datePublished\":\"2023-10-04T13:59:33+00:00\",\"mainEntityOfPage\":{\"@id\":\"https:\\\/\\\/noticiasmercedinas.com\\\/site\\\/2023\\\/10\\\/04\\\/buen-punto-de-club-mercedes-ante-sportivo-barracas\\\/\"},\"wordCount\":595,\"publisher\":{\"@id\":\"https:\\\/\\\/noticiasmercedinas.com\\\/site\\\/#organization\"},\"image\":{\"@id\":\"https:\\\/\\\/noticiasmercedinas.com\\\/site\\\/2023\\\/10\\\/04\\\/buen-punto-de-club-mercedes-ante-sportivo-barracas\\\/#primaryimage\"},\"thumbnailUrl\":\"https:\\\/\\\/noticiasmercedinas.com\\\/site\\\/wp-content\\\/uploads\\\/2023\\\/10\\\/IMG_0423.jpg\",\"keywords\":[\"AFA\",\"club mercedes\",\"Primera D\",\"Sportivo Barracas\"],\"articleSection\":[\"Deportes\"],\"inLanguage\":\"es\"},{\"@type\":\"WebPage\",\"@id\":\"https:\\\/\\\/noticiasmercedinas.com\\\/site\\\/2023\\\/10\\\/04\\\/buen-punto-de-club-mercedes-ante-sportivo-barracas\\\/\",\"url\":\"https:\\\/\\\/noticiasmercedinas.com\\\/site\\\/2023\\\/10\\\/04\\\/buen-punto-de-club-mercedes-ante-sportivo-barracas\\\/\",\"name\":\"Buen punto de Club Mercedes ante Sportivo Barracas\",\"isPartOf\":{\"@id\":\"https:\\\/\\\/noticiasmercedinas.com\\\/site\\\/#website\"},\"primaryImageOfPage\":{\"@id\":\"https:\\\/\\\/noticiasmercedinas.com\\\/site\\\/2023\\\/10\\\/04\\\/buen-punto-de-club-mercedes-ante-sportivo-barracas\\\/#primaryimage\"},\"image\":{\"@id\":\"https:\\\/\\\/noticiasmercedinas.com\\\/site\\\/2023\\\/10\\\/04\\\/buen-punto-de-club-mercedes-ante-sportivo-barracas\\\/#primaryimage\"},\"thumbnailUrl\":\"https:\\\/\\\/noticiasmercedinas.com\\\/site\\\/wp-content\\\/uploads\\\/2023\\\/10\\\/IMG_0423.jpg\",\"datePublished\":\"2023-10-04T13:59:33+00:00\",\"breadcrumb\":{\"@id\":\"https:\\\/\\\/noticiasmercedinas.com\\\/site\\\/2023\\\/10\\\/04\\\/buen-punto-de-club-mercedes-ante-sportivo-barracas\\\/#breadcrumb\"},\"inLanguage\":\"es\",\"potentialAction\":[{\"@type\":\"ReadAction\",\"target\":[\"https:\\\/\\\/noticiasmercedinas.com\\\/site\\\/2023\\\/10\\\/04\\\/buen-punto-de-club-mercedes-ante-sportivo-barracas\\\/\"]}]},{\"@type\":\"ImageObject\",\"inLanguage\":\"es\",\"@id\":\"https:\\\/\\\/noticiasmercedinas.com\\\/site\\\/2023\\\/10\\\/04\\\/buen-punto-de-club-mercedes-ante-sportivo-barracas\\\/#primaryimage\",\"url\":\"https:\\\/\\\/noticiasmercedinas.com\\\/site\\\/wp-content\\\/uploads\\\/2023\\\/10\\\/IMG_0423.jpg\",\"contentUrl\":\"https:\\\/\\\/noticiasmercedinas.com\\\/site\\\/wp-content\\\/uploads\\\/2023\\\/10\\\/IMG_0423.jpg\",\"width\":640,\"height\":405},{\"@type\":\"BreadcrumbList\",\"@id\":\"https:\\\/\\\/noticiasmercedinas.com\\\/site\\\/2023\\\/10\\\/04\\\/buen-punto-de-club-mercedes-ante-sportivo-barracas\\\/#breadcrumb\",\"itemListElement\":[{\"@type\":\"ListItem\",\"position\":1,\"name\":\"Portada\",\"item\":\"https:\\\/\\\/noticiasmercedinas.com\\\/site\\\/\"},{\"@type\":\"ListItem\",\"position\":2,\"name\":\"Buen punto de Club Mercedes ante Sportivo Barracas\"}]},{\"@type\":\"WebSite\",\"@id\":\"https:\\\/\\\/noticiasmercedinas.com\\\/site\\\/#website\",\"url\":\"https:\\\/\\\/noticiasmercedinas.com\\\/site\\\/\",\"name\":\"NOTICIASMERCEDINAS.COM\",\"description\":\"Mercedes, Buenos Aires, Argentina\",\"publisher\":{\"@id\":\"https:\\\/\\\/noticiasmercedinas.com\\\/site\\\/#organization\"},\"potentialAction\":[{\"@type\":\"SearchAction\",\"target\":{\"@type\":\"EntryPoint\",\"urlTemplate\":\"https:\\\/\\\/noticiasmercedinas.com\\\/site\\\/?s={search_term_string}\"},\"query-input\":{\"@type\":\"PropertyValueSpecification\",\"valueRequired\":true,\"valueName\":\"search_term_string\"}}],\"inLanguage\":\"es\"},{\"@type\":\"Organization\",\"@id\":\"https:\\\/\\\/noticiasmercedinas.com\\\/site\\\/#organization\",\"name\":\"NOTICIASMERCEDINAS.COM\",\"url\":\"https:\\\/\\\/noticiasmercedinas.com\\\/site\\\/\",\"logo\":{\"@type\":\"ImageObject\",\"inLanguage\":\"es\",\"@id\":\"https:\\\/\\\/noticiasmercedinas.com\\\/site\\\/#\\\/schema\\\/logo\\\/image\\\/\",\"url\":\"https:\\\/\\\/noticiasmercedinas.com\\\/site\\\/wp-content\\\/uploads\\\/2020\\\/06\\\/LOGO-512.jpg\",\"contentUrl\":\"https:\\\/\\\/noticiasmercedinas.com\\\/site\\\/wp-content\\\/uploads\\\/2020\\\/06\\\/LOGO-512.jpg\",\"width\":512,\"height\":512,\"caption\":\"NOTICIASMERCEDINAS.COM\"},\"image\":{\"@id\":\"https:\\\/\\\/noticiasmercedinas.com\\\/site\\\/#\\\/schema\\\/logo\\\/image\\\/\"},\"sameAs\":[\"https:\\\/\\\/www.facebook.com\\\/noticiasmercedinas\\\/\",\"https:\\\/\\\/x.com\\\/notmercedinas\",\"https:\\\/\\\/www.instagram.com\\\/noticiasmercedinas\\\/\"]},{\"@type\":\"Person\",\"@id\":\"https:\\\/\\\/noticiasmercedinas.com\\\/site\\\/#\\\/schema\\\/person\\\/8f2f09d666ef40986eba4a5e6f2a06f9\",\"name\":\"Juan Dagnino NOTICIASMERCEDINAS.COM\",\"image\":{\"@type\":\"ImageObject\",\"inLanguage\":\"es\",\"@id\":\"https:\\\/\\\/secure.gravatar.com\\\/avatar\\\/fc7059a769f5a3cae65fadb228a3e4accf3a64b4b2305020d0a27e6d5333c91b?s=96&d=mm&r=g\",\"url\":\"https:\\\/\\\/secure.gravatar.com\\\/avatar\\\/fc7059a769f5a3cae65fadb228a3e4accf3a64b4b2305020d0a27e6d5333c91b?s=96&d=mm&r=g\",\"contentUrl\":\"https:\\\/\\\/secure.gravatar.com\\\/avatar\\\/fc7059a769f5a3cae65fadb228a3e4accf3a64b4b2305020d0a27e6d5333c91b?s=96&d=mm&r=g\",\"caption\":\"Juan Dagnino NOTICIASMERCEDINAS.COM\"},\"url\":\"https:\\\/\\\/noticiasmercedinas.com\\\/site\\\/author\\\/juandagnino\\\/\"}]}<\/script>\n<!-- \/ Yoast SEO plugin. -->","yoast_head_json":{"title":"Buen punto de Club Mercedes ante Sportivo Barracas","robots":{"index":"index","follow":"follow","max-snippet":"max-snippet:-1","max-image-preview":"max-image-preview:large","max-video-preview":"max-video-preview:-1"},"canonical":"https:\/\/noticiasmercedinas.com\/site\/2023\/10\/04\/buen-punto-de-club-mercedes-ante-sportivo-barracas\/","og_locale":"es_ES","og_type":"article","og_title":"Buen punto de Club Mercedes ante Sportivo Barracas","og_description":"\u25a0 En el inicio del juego lo perd\u00eda 1-0 para llegar a la igualdad poco antes de finalizar la primera parte con Juan Culio. Luego el juego se fue trasladando a otro plano. El lunes vuelve a ser local el \u201cBlanquinegro\u201d frente a Lugano","og_url":"https:\/\/noticiasmercedinas.com\/site\/2023\/10\/04\/buen-punto-de-club-mercedes-ante-sportivo-barracas\/","og_site_name":"NOTICIASMERCEDINAS.COM","article_publisher":"https:\/\/www.facebook.com\/noticiasmercedinas\/","article_published_time":"2023-10-04T13:59:33+00:00","og_image":[{"width":640,"height":405,"url":"https:\/\/noticiasmercedinas.com\/site\/wp-content\/uploads\/2023\/10\/IMG_0423.jpg","type":"image\/jpeg"}],"author":"Juan Dagnino NOTICIASMERCEDINAS.COM","twitter_card":"summary_large_image","twitter_creator":"@notmercedinas","twitter_site":"@notmercedinas","twitter_misc":{"Escrito por":"Juan Dagnino NOTICIASMERCEDINAS.COM","Tiempo de lectura":"3 minutos"},"schema":{"@context":"https:\/\/schema.org","@graph":[{"@type":"Article","@id":"https:\/\/noticiasmercedinas.com\/site\/2023\/10\/04\/buen-punto-de-club-mercedes-ante-sportivo-barracas\/#article","isPartOf":{"@id":"https:\/\/noticiasmercedinas.com\/site\/2023\/10\/04\/buen-punto-de-club-mercedes-ante-sportivo-barracas\/"},"author":{"name":"Juan Dagnino NOTICIASMERCEDINAS.COM","@id":"https:\/\/noticiasmercedinas.com\/site\/#\/schema\/person\/8f2f09d666ef40986eba4a5e6f2a06f9"},"headline":"Buen punto de Club Mercedes ante Sportivo Barracas","datePublished":"2023-10-04T13:59:33+00:00","mainEntityOfPage":{"@id":"https:\/\/noticiasmercedinas.com\/site\/2023\/10\/04\/buen-punto-de-club-mercedes-ante-sportivo-barracas\/"},"wordCount":595,"publisher":{"@id":"https:\/\/noticiasmercedinas.com\/site\/#organization"},"image":{"@id":"https:\/\/noticiasmercedinas.com\/site\/2023\/10\/04\/buen-punto-de-club-mercedes-ante-sportivo-barracas\/#primaryimage"},"thumbnailUrl":"https:\/\/noticiasmercedinas.com\/site\/wp-content\/uploads\/2023\/10\/IMG_0423.jpg","keywords":["AFA","club mercedes","Primera D","Sportivo Barracas"],"articleSection":["Deportes"],"inLanguage":"es"},{"@type":"WebPage","@id":"https:\/\/noticiasmercedinas.com\/site\/2023\/10\/04\/buen-punto-de-club-mercedes-ante-sportivo-barracas\/","url":"https:\/\/noticiasmercedinas.com\/site\/2023\/10\/04\/buen-punto-de-club-mercedes-ante-sportivo-barracas\/","name":"Buen punto de Club Mercedes ante Sportivo Barracas","isPartOf":{"@id":"https:\/\/noticiasmercedinas.com\/site\/#website"},"primaryImageOfPage":{"@id":"https:\/\/noticiasmercedinas.com\/site\/2023\/10\/04\/buen-punto-de-club-mercedes-ante-sportivo-barracas\/#primaryimage"},"image":{"@id":"https:\/\/noticiasmercedinas.com\/site\/2023\/10\/04\/buen-punto-de-club-mercedes-ante-sportivo-barracas\/#primaryimage"},"thumbnailUrl":"https:\/\/noticiasmercedinas.com\/site\/wp-content\/uploads\/2023\/10\/IMG_0423.jpg","datePublished":"2023-10-04T13:59:33+00:00","breadcrumb":{"@id":"https:\/\/noticiasmercedinas.com\/site\/2023\/10\/04\/buen-punto-de-club-mercedes-ante-sportivo-barracas\/#breadcrumb"},"inLanguage":"es","potentialAction":[{"@type":"ReadAction","target":["https:\/\/noticiasmercedinas.com\/site\/2023\/10\/04\/buen-punto-de-club-mercedes-ante-sportivo-barracas\/"]}]},{"@type":"ImageObject","inLanguage":"es","@id":"https:\/\/noticiasmercedinas.com\/site\/2023\/10\/04\/buen-punto-de-club-mercedes-ante-sportivo-barracas\/#primaryimage","url":"https:\/\/noticiasmercedinas.com\/site\/wp-content\/uploads\/2023\/10\/IMG_0423.jpg","contentUrl":"https:\/\/noticiasmercedinas.com\/site\/wp-content\/uploads\/2023\/10\/IMG_0423.jpg","width":640,"height":405},{"@type":"BreadcrumbList","@id":"https:\/\/noticiasmercedinas.com\/site\/2023\/10\/04\/buen-punto-de-club-mercedes-ante-sportivo-barracas\/#breadcrumb","itemListElement":[{"@type":"ListItem","position":1,"name":"Portada","item":"https:\/\/noticiasmercedinas.com\/site\/"},{"@type":"ListItem","position":2,"name":"Buen punto de Club Mercedes ante Sportivo Barracas"}]},{"@type":"WebSite","@id":"https:\/\/noticiasmercedinas.com\/site\/#website","url":"https:\/\/noticiasmercedinas.com\/site\/","name":"NOTICIASMERCEDINAS.COM","description":"Mercedes, Buenos Aires, Argentina","publisher":{"@id":"https:\/\/noticiasmercedinas.com\/site\/#organization"},"potentialAction":[{"@type":"SearchAction","target":{"@type":"EntryPoint","urlTemplate":"https:\/\/noticiasmercedinas.com\/site\/?s={search_term_string}"},"query-input":{"@type":"PropertyValueSpecification","valueRequired":true,"valueName":"search_term_string"}}],"inLanguage":"es"},{"@type":"Organization","@id":"https:\/\/noticiasmercedinas.com\/site\/#organization","name":"NOTICIASMERCEDINAS.COM","url":"https:\/\/noticiasmercedinas.com\/site\/","logo":{"@type":"ImageObject","inLanguage":"es","@id":"https:\/\/noticiasmercedinas.com\/site\/#\/schema\/logo\/image\/","url":"https:\/\/noticiasmercedinas.com\/site\/wp-content\/uploads\/2020\/06\/LOGO-512.jpg","contentUrl":"https:\/\/noticiasmercedinas.com\/site\/wp-content\/uploads\/2020\/06\/LOGO-512.jpg","width":512,"height":512,"caption":"NOTICIASMERCEDINAS.COM"},"image":{"@id":"https:\/\/noticiasmercedinas.com\/site\/#\/schema\/logo\/image\/"},"sameAs":["https:\/\/www.facebook.com\/noticiasmercedinas\/","https:\/\/x.com\/notmercedinas","https:\/\/www.instagram.com\/noticiasmercedinas\/"]},{"@type":"Person","@id":"https:\/\/noticiasmercedinas.com\/site\/#\/schema\/person\/8f2f09d666ef40986eba4a5e6f2a06f9","name":"Juan Dagnino NOTICIASMERCEDINAS.COM","image":{"@type":"ImageObject","inLanguage":"es","@id":"https:\/\/secure.gravatar.com\/avatar\/fc7059a769f5a3cae65fadb228a3e4accf3a64b4b2305020d0a27e6d5333c91b?s=96&d=mm&r=g","url":"https:\/\/secure.gravatar.com\/avatar\/fc7059a769f5a3cae65fadb228a3e4accf3a64b4b2305020d0a27e6d5333c91b?s=96&d=mm&r=g","contentUrl":"https:\/\/secure.gravatar.com\/avatar\/fc7059a769f5a3cae65fadb228a3e4accf3a64b4b2305020d0a27e6d5333c91b?s=96&d=mm&r=g","caption":"Juan Dagnino NOTICIASMERCEDINAS.COM"},"url":"https:\/\/noticiasmercedinas.com\/site\/author\/juandagnino\/"}]}},"amp_enabled":true,"_links":{"self":[{"href":"https:\/\/noticiasmercedinas.com\/site\/wp-json\/wp\/v2\/posts\/124108","targetHints":{"allow":["GET"]}}],"collection":[{"href":"https:\/\/noticiasmercedinas.com\/site\/wp-json\/wp\/v2\/posts"}],"about":[{"href":"https:\/\/noticiasmercedinas.com\/site\/wp-json\/wp\/v2\/types\/post"}],"author":[{"embeddable":true,"href":"https:\/\/noticiasmercedinas.com\/site\/wp-json\/wp\/v2\/users\/6"}],"replies":[{"embeddable":true,"href":"https:\/\/noticiasmercedinas.com\/site\/wp-json\/wp\/v2\/comments?post=124108"}],"version-history":[{"count":1,"href":"https:\/\/noticiasmercedinas.com\/site\/wp-json\/wp\/v2\/posts\/124108\/revisions"}],"predecessor-version":[{"id":124111,"href":"https:\/\/noticiasmercedinas.com\/site\/wp-json\/wp\/v2\/posts\/124108\/revisions\/124111"}],"wp:featuredmedia":[{"embeddable":true,"href":"https:\/\/noticiasmercedinas.com\/site\/wp-json\/wp\/v2\/media\/124109"}],"wp:attachment":[{"href":"https:\/\/noticiasmercedinas.com\/site\/wp-json\/wp\/v2\/media?parent=124108"}],"wp:term":[{"taxonomy":"category","embeddable":true,"href":"https:\/\/noticiasmercedinas.com\/site\/wp-json\/wp\/v2\/categories?post=124108"},{"taxonomy":"post_tag","embeddable":true,"href":"https:\/\/noticiasmercedinas.com\/site\/wp-json\/wp\/v2\/tags?post=124108"}],"curies":[{"name":"wp","href":"https:\/\/api.w.org\/{rel}","templated":true}]}}