{"id":124152,"date":"2023-10-04T20:02:20","date_gmt":"2023-10-04T23:02:20","guid":{"rendered":"https:\/\/noticiasmercedinas.com\/site\/?p=124152"},"modified":"2023-10-04T20:48:30","modified_gmt":"2023-10-04T23:48:30","slug":"rulo-godar-y-virginia-altube-giran-por-cordoba-en-duo-con-canciones-latinoamericanas","status":"publish","type":"post","link":"https:\/\/noticiasmercedinas.com\/site\/2023\/10\/04\/rulo-godar-y-virginia-altube-giran-por-cordoba-en-duo-con-canciones-latinoamericanas\/","title":{"rendered":"Rulo Godar y Virginia Altube giran por C\u00f3rdoba en d\u00fao con canciones latinoamericanas"},"content":{"rendered":"<p><img loading=\"lazy\" decoding=\"async\" class=\"alignnone size-full wp-image-124161\" src=\"https:\/\/noticiasmercedinas.com\/site\/wp-content\/uploads\/2023\/10\/82289d07-8864-4dad-bcf0-3681ad0794c8.jpg\" alt=\"\" width=\"800\" height=\"533\" srcset=\"https:\/\/noticiasmercedinas.com\/site\/wp-content\/uploads\/2023\/10\/82289d07-8864-4dad-bcf0-3681ad0794c8.jpg 800w, https:\/\/noticiasmercedinas.com\/site\/wp-content\/uploads\/2023\/10\/82289d07-8864-4dad-bcf0-3681ad0794c8-300x200.jpg 300w, https:\/\/noticiasmercedinas.com\/site\/wp-content\/uploads\/2023\/10\/82289d07-8864-4dad-bcf0-3681ad0794c8-768x512.jpg 768w, https:\/\/noticiasmercedinas.com\/site\/wp-content\/uploads\/2023\/10\/82289d07-8864-4dad-bcf0-3681ad0794c8-640x426.jpg 640w, https:\/\/noticiasmercedinas.com\/site\/wp-content\/uploads\/2023\/10\/82289d07-8864-4dad-bcf0-3681ad0794c8-681x454.jpg 681w\" sizes=\"auto, (max-width: 800px) 100vw, 800px\" \/><\/p>\n<p>El reconocido cantante mercedino, <strong>Rulo Godar<\/strong>, y la talentosa <strong>Virginia Altube<\/strong> son amigos en la vida y en la m\u00fasica. Llegan al arte desde distintas corrientes pero empatizan a la perfecci\u00f3n. Juntos, est\u00e1n causando sensaci\u00f3n en la provincia de C\u00f3rdoba con su gira de conciertos en d\u00fao. El proyecto musical, que presenta una fusi\u00f3n de canciones latinoamericanas y \u00e9xitos de Rulo Godar y Naci\u00f3n Wiphala, ha dejado buena impresi\u00f3n en cada ciudad que visitan.<\/p>\n<p>La primera parada de la gira por el Valle de Punilla en Charbonier fue un rotundo \u00e9xito, con una sala llena de entusiastas seguidores y un amor palpable en el ambiente. \u00abEstamos m\u00e1s que contentos y agradecidos por la incre\u00edble recepci\u00f3n que hemos tenido\u00bb, coment\u00f3 Rulo Godar. El concierto \u00edntimo busca unir generaciones a trav\u00e9s de la m\u00fasica y el sentimiento latinoamericano y libre que transmiten.<\/p>\n<p>La gira contin\u00faa este fin de semana con actuaciones programadas en tres ciudades m\u00e1s, y los organizadores prometen m\u00e1s sorpresas y momentos emotivos para los asistentes.<\/p>\n<p>Los siguientes destinos incluyen\u00a0<em>Capilla del Monte<\/em>\u00a0el\u00a0<strong>6 de octubre<\/strong>\u00a0en\u00a0<em>Ay Vidita<\/em>, San Marcos Sierras el\u00a0<strong>7 de octubre<\/strong>\u00a0en\u00a0<em>Runa Misky<\/em>, y finalmente, Villa Giardino el\u00a0<strong>8 de octubre<\/strong>\u00a0en\u00a0<em>La RaNa Casa Cultural<\/em>.<\/p>\n<p><img loading=\"lazy\" decoding=\"async\" class=\"alignnone size-full wp-image-124154\" src=\"https:\/\/noticiasmercedinas.com\/site\/wp-content\/uploads\/2023\/10\/c63c45f4-f021-4ed7-baa6-055fe91df2d9.jpg\" alt=\"\" width=\"829\" height=\"826\" srcset=\"https:\/\/noticiasmercedinas.com\/site\/wp-content\/uploads\/2023\/10\/c63c45f4-f021-4ed7-baa6-055fe91df2d9.jpg 829w, https:\/\/noticiasmercedinas.com\/site\/wp-content\/uploads\/2023\/10\/c63c45f4-f021-4ed7-baa6-055fe91df2d9-300x300.jpg 300w, https:\/\/noticiasmercedinas.com\/site\/wp-content\/uploads\/2023\/10\/c63c45f4-f021-4ed7-baa6-055fe91df2d9-150x150.jpg 150w, https:\/\/noticiasmercedinas.com\/site\/wp-content\/uploads\/2023\/10\/c63c45f4-f021-4ed7-baa6-055fe91df2d9-768x765.jpg 768w, https:\/\/noticiasmercedinas.com\/site\/wp-content\/uploads\/2023\/10\/c63c45f4-f021-4ed7-baa6-055fe91df2d9-640x638.jpg 640w, https:\/\/noticiasmercedinas.com\/site\/wp-content\/uploads\/2023\/10\/c63c45f4-f021-4ed7-baa6-055fe91df2d9-681x679.jpg 681w\" sizes=\"auto, (max-width: 829px) 100vw, 829px\" \/><\/p>\n<p>Sin embargo, despu\u00e9s de su exitosa gira por C\u00f3rdoba, Rulo Godar tiene planes desafiantes en su horizonte. Regresar\u00e1 a Mercedes para completar la producci\u00f3n de su tercer disco en estudio con Naci\u00f3n Wiphala.<\/p>\n<p>Bajo la producci\u00f3n de <strong>Gena Buccio<\/strong> y <strong>Franco Dicatarina<\/strong>, el \u00e1lbum llevar\u00e1 por nombre \u00abTres Inviernos\u00bb, en referencia a su experiencia con los inviernos tanto en Argentina como en Europa. Este nuevo trabajo se centrar\u00e1 en arreglos de guitarras, voces, y una profunda exploraci\u00f3n de las melod\u00edas y la l\u00edrica.<\/p>\n<p>La m\u00fasica de Rulo Godar y Virginia Altube contin\u00faa conquistando corazones en cada parada de su gira, y su pr\u00f3ximo \u00e1lbum promete ser una adici\u00f3n emocionante a su ya impresionante repertorio musical.<\/p>\n<p><img loading=\"lazy\" decoding=\"async\" class=\"alignnone size-large wp-image-124160\" src=\"https:\/\/noticiasmercedinas.com\/site\/wp-content\/uploads\/2023\/10\/4ae1da69-70d1-4825-8865-c28943a833cb-1024x616.jpg\" alt=\"\" width=\"640\" height=\"385\" srcset=\"https:\/\/noticiasmercedinas.com\/site\/wp-content\/uploads\/2023\/10\/4ae1da69-70d1-4825-8865-c28943a833cb-1024x616.jpg 1024w, https:\/\/noticiasmercedinas.com\/site\/wp-content\/uploads\/2023\/10\/4ae1da69-70d1-4825-8865-c28943a833cb-300x180.jpg 300w, https:\/\/noticiasmercedinas.com\/site\/wp-content\/uploads\/2023\/10\/4ae1da69-70d1-4825-8865-c28943a833cb-768x462.jpg 768w, https:\/\/noticiasmercedinas.com\/site\/wp-content\/uploads\/2023\/10\/4ae1da69-70d1-4825-8865-c28943a833cb-1536x924.jpg 1536w, https:\/\/noticiasmercedinas.com\/site\/wp-content\/uploads\/2023\/10\/4ae1da69-70d1-4825-8865-c28943a833cb-640x385.jpg 640w, https:\/\/noticiasmercedinas.com\/site\/wp-content\/uploads\/2023\/10\/4ae1da69-70d1-4825-8865-c28943a833cb-1280x770.jpg 1280w, https:\/\/noticiasmercedinas.com\/site\/wp-content\/uploads\/2023\/10\/4ae1da69-70d1-4825-8865-c28943a833cb-681x409.jpg 681w, https:\/\/noticiasmercedinas.com\/site\/wp-content\/uploads\/2023\/10\/4ae1da69-70d1-4825-8865-c28943a833cb-1362x819.jpg 1362w, https:\/\/noticiasmercedinas.com\/site\/wp-content\/uploads\/2023\/10\/4ae1da69-70d1-4825-8865-c28943a833cb.jpg 1600w\" sizes=\"auto, (max-width: 640px) 100vw, 640px\" \/><\/p>\n<p>&nbsp;<\/p>\n","protected":false},"excerpt":{"rendered":"<p>\u25a0 \u00abEstamos m\u00e1s que contentos y agradecidos por la incre\u00edble recepci\u00f3n que hemos tenido\u00bb, coment\u00f3 Rulo Godar. Este finde se presentan en tres locaciones.<\/p>\n","protected":false},"author":16,"featured_media":124161,"comment_status":"closed","ping_status":"closed","sticky":false,"template":"","format":"standard","meta":{"footnotes":""},"categories":[4],"tags":[3867,3802,164],"class_list":["post-124152","post","type-post","status-publish","format-standard","has-post-thumbnail","hentry","category-cultura","tag-cordoba","tag-rulo-godar","tag-virginia-altube"],"yoast_head":"<!-- This site is optimized with the Yoast SEO plugin v27.5 - https:\/\/yoast.com\/product\/yoast-seo-wordpress\/ -->\n<title>Rulo Godar y Virginia Altube giran por C\u00f3rdoba en d\u00fao con canciones latinoamericanas<\/title>\n<meta name=\"robots\" content=\"index, follow, max-snippet:-1, max-image-preview:large, max-video-preview:-1\" \/>\n<link rel=\"canonical\" href=\"https:\/\/noticiasmercedinas.com\/site\/2023\/10\/04\/rulo-godar-y-virginia-altube-giran-por-cordoba-en-duo-con-canciones-latinoamericanas\/\" \/>\n<meta property=\"og:locale\" content=\"es_ES\" \/>\n<meta property=\"og:type\" content=\"article\" \/>\n<meta property=\"og:title\" content=\"Rulo Godar y Virginia Altube giran por C\u00f3rdoba en d\u00fao con canciones latinoamericanas\" \/>\n<meta property=\"og:description\" content=\"\u25a0 &quot;Estamos m\u00e1s que contentos y agradecidos por la incre\u00edble recepci\u00f3n que hemos tenido&quot;, coment\u00f3 Rulo Godar. Este finde se presentan en tres locaciones.\" \/>\n<meta property=\"og:url\" content=\"https:\/\/noticiasmercedinas.com\/site\/2023\/10\/04\/rulo-godar-y-virginia-altube-giran-por-cordoba-en-duo-con-canciones-latinoamericanas\/\" \/>\n<meta property=\"og:site_name\" content=\"NOTICIASMERCEDINAS.COM\" \/>\n<meta property=\"article:publisher\" content=\"https:\/\/www.facebook.com\/noticiasmercedinas\/\" \/>\n<meta property=\"article:published_time\" content=\"2023-10-04T23:02:20+00:00\" \/>\n<meta property=\"article:modified_time\" content=\"2023-10-04T23:48:30+00:00\" \/>\n<meta property=\"og:image\" content=\"https:\/\/noticiasmercedinas.com\/site\/wp-content\/uploads\/2023\/10\/82289d07-8864-4dad-bcf0-3681ad0794c8.jpg\" \/>\n\t<meta property=\"og:image:width\" content=\"800\" \/>\n\t<meta property=\"og:image:height\" content=\"533\" \/>\n\t<meta property=\"og:image:type\" content=\"image\/jpeg\" \/>\n<meta name=\"author\" content=\"NOTICIASMERCEDINAS.COM\" \/>\n<meta name=\"twitter:card\" content=\"summary_large_image\" \/>\n<meta name=\"twitter:creator\" content=\"@notmercedinas\" \/>\n<meta name=\"twitter:site\" content=\"@notmercedinas\" \/>\n<meta name=\"twitter:label1\" content=\"Escrito por\" \/>\n\t<meta name=\"twitter:data1\" content=\"NOTICIASMERCEDINAS.COM\" \/>\n\t<meta name=\"twitter:label2\" content=\"Tiempo de lectura\" \/>\n\t<meta name=\"twitter:data2\" content=\"3 minutos\" \/>\n<script type=\"application\/ld+json\" class=\"yoast-schema-graph\">{\"@context\":\"https:\\\/\\\/schema.org\",\"@graph\":[{\"@type\":\"Article\",\"@id\":\"https:\\\/\\\/noticiasmercedinas.com\\\/site\\\/2023\\\/10\\\/04\\\/rulo-godar-y-virginia-altube-giran-por-cordoba-en-duo-con-canciones-latinoamericanas\\\/#article\",\"isPartOf\":{\"@id\":\"https:\\\/\\\/noticiasmercedinas.com\\\/site\\\/2023\\\/10\\\/04\\\/rulo-godar-y-virginia-altube-giran-por-cordoba-en-duo-con-canciones-latinoamericanas\\\/\"},\"author\":{\"name\":\"NOTICIASMERCEDINAS.COM\",\"@id\":\"https:\\\/\\\/noticiasmercedinas.com\\\/site\\\/#\\\/schema\\\/person\\\/84b59c099c28ff2e8b77d4ceec5d8063\"},\"headline\":\"Rulo Godar y Virginia Altube giran por C\u00f3rdoba en d\u00fao con canciones latinoamericanas\",\"datePublished\":\"2023-10-04T23:02:20+00:00\",\"dateModified\":\"2023-10-04T23:48:30+00:00\",\"mainEntityOfPage\":{\"@id\":\"https:\\\/\\\/noticiasmercedinas.com\\\/site\\\/2023\\\/10\\\/04\\\/rulo-godar-y-virginia-altube-giran-por-cordoba-en-duo-con-canciones-latinoamericanas\\\/\"},\"wordCount\":360,\"publisher\":{\"@id\":\"https:\\\/\\\/noticiasmercedinas.com\\\/site\\\/#organization\"},\"image\":{\"@id\":\"https:\\\/\\\/noticiasmercedinas.com\\\/site\\\/2023\\\/10\\\/04\\\/rulo-godar-y-virginia-altube-giran-por-cordoba-en-duo-con-canciones-latinoamericanas\\\/#primaryimage\"},\"thumbnailUrl\":\"https:\\\/\\\/noticiasmercedinas.com\\\/site\\\/wp-content\\\/uploads\\\/2023\\\/10\\\/82289d07-8864-4dad-bcf0-3681ad0794c8.jpg\",\"keywords\":[\"C\u00f3rdoba\",\"Rulo Godar\",\"virginia altube\"],\"articleSection\":[\"Cultura\"],\"inLanguage\":\"es\"},{\"@type\":\"WebPage\",\"@id\":\"https:\\\/\\\/noticiasmercedinas.com\\\/site\\\/2023\\\/10\\\/04\\\/rulo-godar-y-virginia-altube-giran-por-cordoba-en-duo-con-canciones-latinoamericanas\\\/\",\"url\":\"https:\\\/\\\/noticiasmercedinas.com\\\/site\\\/2023\\\/10\\\/04\\\/rulo-godar-y-virginia-altube-giran-por-cordoba-en-duo-con-canciones-latinoamericanas\\\/\",\"name\":\"Rulo Godar y Virginia Altube giran por C\u00f3rdoba en d\u00fao con canciones latinoamericanas\",\"isPartOf\":{\"@id\":\"https:\\\/\\\/noticiasmercedinas.com\\\/site\\\/#website\"},\"primaryImageOfPage\":{\"@id\":\"https:\\\/\\\/noticiasmercedinas.com\\\/site\\\/2023\\\/10\\\/04\\\/rulo-godar-y-virginia-altube-giran-por-cordoba-en-duo-con-canciones-latinoamericanas\\\/#primaryimage\"},\"image\":{\"@id\":\"https:\\\/\\\/noticiasmercedinas.com\\\/site\\\/2023\\\/10\\\/04\\\/rulo-godar-y-virginia-altube-giran-por-cordoba-en-duo-con-canciones-latinoamericanas\\\/#primaryimage\"},\"thumbnailUrl\":\"https:\\\/\\\/noticiasmercedinas.com\\\/site\\\/wp-content\\\/uploads\\\/2023\\\/10\\\/82289d07-8864-4dad-bcf0-3681ad0794c8.jpg\",\"datePublished\":\"2023-10-04T23:02:20+00:00\",\"dateModified\":\"2023-10-04T23:48:30+00:00\",\"breadcrumb\":{\"@id\":\"https:\\\/\\\/noticiasmercedinas.com\\\/site\\\/2023\\\/10\\\/04\\\/rulo-godar-y-virginia-altube-giran-por-cordoba-en-duo-con-canciones-latinoamericanas\\\/#breadcrumb\"},\"inLanguage\":\"es\",\"potentialAction\":[{\"@type\":\"ReadAction\",\"target\":[\"https:\\\/\\\/noticiasmercedinas.com\\\/site\\\/2023\\\/10\\\/04\\\/rulo-godar-y-virginia-altube-giran-por-cordoba-en-duo-con-canciones-latinoamericanas\\\/\"]}]},{\"@type\":\"ImageObject\",\"inLanguage\":\"es\",\"@id\":\"https:\\\/\\\/noticiasmercedinas.com\\\/site\\\/2023\\\/10\\\/04\\\/rulo-godar-y-virginia-altube-giran-por-cordoba-en-duo-con-canciones-latinoamericanas\\\/#primaryimage\",\"url\":\"https:\\\/\\\/noticiasmercedinas.com\\\/site\\\/wp-content\\\/uploads\\\/2023\\\/10\\\/82289d07-8864-4dad-bcf0-3681ad0794c8.jpg\",\"contentUrl\":\"https:\\\/\\\/noticiasmercedinas.com\\\/site\\\/wp-content\\\/uploads\\\/2023\\\/10\\\/82289d07-8864-4dad-bcf0-3681ad0794c8.jpg\",\"width\":800,\"height\":533},{\"@type\":\"BreadcrumbList\",\"@id\":\"https:\\\/\\\/noticiasmercedinas.com\\\/site\\\/2023\\\/10\\\/04\\\/rulo-godar-y-virginia-altube-giran-por-cordoba-en-duo-con-canciones-latinoamericanas\\\/#breadcrumb\",\"itemListElement\":[{\"@type\":\"ListItem\",\"position\":1,\"name\":\"Portada\",\"item\":\"https:\\\/\\\/noticiasmercedinas.com\\\/site\\\/\"},{\"@type\":\"ListItem\",\"position\":2,\"name\":\"Rulo Godar y Virginia Altube giran por C\u00f3rdoba en d\u00fao con canciones latinoamericanas\"}]},{\"@type\":\"WebSite\",\"@id\":\"https:\\\/\\\/noticiasmercedinas.com\\\/site\\\/#website\",\"url\":\"https:\\\/\\\/noticiasmercedinas.com\\\/site\\\/\",\"name\":\"NOTICIASMERCEDINAS.COM\",\"description\":\"Mercedes, Buenos Aires, Argentina\",\"publisher\":{\"@id\":\"https:\\\/\\\/noticiasmercedinas.com\\\/site\\\/#organization\"},\"potentialAction\":[{\"@type\":\"SearchAction\",\"target\":{\"@type\":\"EntryPoint\",\"urlTemplate\":\"https:\\\/\\\/noticiasmercedinas.com\\\/site\\\/?s={search_term_string}\"},\"query-input\":{\"@type\":\"PropertyValueSpecification\",\"valueRequired\":true,\"valueName\":\"search_term_string\"}}],\"inLanguage\":\"es\"},{\"@type\":\"Organization\",\"@id\":\"https:\\\/\\\/noticiasmercedinas.com\\\/site\\\/#organization\",\"name\":\"NOTICIASMERCEDINAS.COM\",\"url\":\"https:\\\/\\\/noticiasmercedinas.com\\\/site\\\/\",\"logo\":{\"@type\":\"ImageObject\",\"inLanguage\":\"es\",\"@id\":\"https:\\\/\\\/noticiasmercedinas.com\\\/site\\\/#\\\/schema\\\/logo\\\/image\\\/\",\"url\":\"https:\\\/\\\/noticiasmercedinas.com\\\/site\\\/wp-content\\\/uploads\\\/2020\\\/06\\\/LOGO-512.jpg\",\"contentUrl\":\"https:\\\/\\\/noticiasmercedinas.com\\\/site\\\/wp-content\\\/uploads\\\/2020\\\/06\\\/LOGO-512.jpg\",\"width\":512,\"height\":512,\"caption\":\"NOTICIASMERCEDINAS.COM\"},\"image\":{\"@id\":\"https:\\\/\\\/noticiasmercedinas.com\\\/site\\\/#\\\/schema\\\/logo\\\/image\\\/\"},\"sameAs\":[\"https:\\\/\\\/www.facebook.com\\\/noticiasmercedinas\\\/\",\"https:\\\/\\\/x.com\\\/notmercedinas\",\"https:\\\/\\\/www.instagram.com\\\/noticiasmercedinas\\\/\"]},{\"@type\":\"Person\",\"@id\":\"https:\\\/\\\/noticiasmercedinas.com\\\/site\\\/#\\\/schema\\\/person\\\/84b59c099c28ff2e8b77d4ceec5d8063\",\"name\":\"NOTICIASMERCEDINAS.COM\",\"image\":{\"@type\":\"ImageObject\",\"inLanguage\":\"es\",\"@id\":\"https:\\\/\\\/secure.gravatar.com\\\/avatar\\\/4dfbf16b4d17945bfb6341b2d19043457132fcf478a5ee04f42e959fd8f5df0a?s=96&d=mm&r=g\",\"url\":\"https:\\\/\\\/secure.gravatar.com\\\/avatar\\\/4dfbf16b4d17945bfb6341b2d19043457132fcf478a5ee04f42e959fd8f5df0a?s=96&d=mm&r=g\",\"contentUrl\":\"https:\\\/\\\/secure.gravatar.com\\\/avatar\\\/4dfbf16b4d17945bfb6341b2d19043457132fcf478a5ee04f42e959fd8f5df0a?s=96&d=mm&r=g\",\"caption\":\"NOTICIASMERCEDINAS.COM\"},\"url\":\"https:\\\/\\\/noticiasmercedinas.com\\\/site\\\/author\\\/anonimo\\\/\"}]}<\/script>\n<!-- \/ Yoast SEO plugin. -->","yoast_head_json":{"title":"Rulo Godar y Virginia Altube giran por C\u00f3rdoba en d\u00fao con canciones latinoamericanas","robots":{"index":"index","follow":"follow","max-snippet":"max-snippet:-1","max-image-preview":"max-image-preview:large","max-video-preview":"max-video-preview:-1"},"canonical":"https:\/\/noticiasmercedinas.com\/site\/2023\/10\/04\/rulo-godar-y-virginia-altube-giran-por-cordoba-en-duo-con-canciones-latinoamericanas\/","og_locale":"es_ES","og_type":"article","og_title":"Rulo Godar y Virginia Altube giran por C\u00f3rdoba en d\u00fao con canciones latinoamericanas","og_description":"\u25a0 \"Estamos m\u00e1s que contentos y agradecidos por la incre\u00edble recepci\u00f3n que hemos tenido\", coment\u00f3 Rulo Godar. Este finde se presentan en tres locaciones.","og_url":"https:\/\/noticiasmercedinas.com\/site\/2023\/10\/04\/rulo-godar-y-virginia-altube-giran-por-cordoba-en-duo-con-canciones-latinoamericanas\/","og_site_name":"NOTICIASMERCEDINAS.COM","article_publisher":"https:\/\/www.facebook.com\/noticiasmercedinas\/","article_published_time":"2023-10-04T23:02:20+00:00","article_modified_time":"2023-10-04T23:48:30+00:00","og_image":[{"width":800,"height":533,"url":"https:\/\/noticiasmercedinas.com\/site\/wp-content\/uploads\/2023\/10\/82289d07-8864-4dad-bcf0-3681ad0794c8.jpg","type":"image\/jpeg"}],"author":"NOTICIASMERCEDINAS.COM","twitter_card":"summary_large_image","twitter_creator":"@notmercedinas","twitter_site":"@notmercedinas","twitter_misc":{"Escrito por":"NOTICIASMERCEDINAS.COM","Tiempo de lectura":"3 minutos"},"schema":{"@context":"https:\/\/schema.org","@graph":[{"@type":"Article","@id":"https:\/\/noticiasmercedinas.com\/site\/2023\/10\/04\/rulo-godar-y-virginia-altube-giran-por-cordoba-en-duo-con-canciones-latinoamericanas\/#article","isPartOf":{"@id":"https:\/\/noticiasmercedinas.com\/site\/2023\/10\/04\/rulo-godar-y-virginia-altube-giran-por-cordoba-en-duo-con-canciones-latinoamericanas\/"},"author":{"name":"NOTICIASMERCEDINAS.COM","@id":"https:\/\/noticiasmercedinas.com\/site\/#\/schema\/person\/84b59c099c28ff2e8b77d4ceec5d8063"},"headline":"Rulo Godar y Virginia Altube giran por C\u00f3rdoba en d\u00fao con canciones latinoamericanas","datePublished":"2023-10-04T23:02:20+00:00","dateModified":"2023-10-04T23:48:30+00:00","mainEntityOfPage":{"@id":"https:\/\/noticiasmercedinas.com\/site\/2023\/10\/04\/rulo-godar-y-virginia-altube-giran-por-cordoba-en-duo-con-canciones-latinoamericanas\/"},"wordCount":360,"publisher":{"@id":"https:\/\/noticiasmercedinas.com\/site\/#organization"},"image":{"@id":"https:\/\/noticiasmercedinas.com\/site\/2023\/10\/04\/rulo-godar-y-virginia-altube-giran-por-cordoba-en-duo-con-canciones-latinoamericanas\/#primaryimage"},"thumbnailUrl":"https:\/\/noticiasmercedinas.com\/site\/wp-content\/uploads\/2023\/10\/82289d07-8864-4dad-bcf0-3681ad0794c8.jpg","keywords":["C\u00f3rdoba","Rulo Godar","virginia altube"],"articleSection":["Cultura"],"inLanguage":"es"},{"@type":"WebPage","@id":"https:\/\/noticiasmercedinas.com\/site\/2023\/10\/04\/rulo-godar-y-virginia-altube-giran-por-cordoba-en-duo-con-canciones-latinoamericanas\/","url":"https:\/\/noticiasmercedinas.com\/site\/2023\/10\/04\/rulo-godar-y-virginia-altube-giran-por-cordoba-en-duo-con-canciones-latinoamericanas\/","name":"Rulo Godar y Virginia Altube giran por C\u00f3rdoba en d\u00fao con canciones latinoamericanas","isPartOf":{"@id":"https:\/\/noticiasmercedinas.com\/site\/#website"},"primaryImageOfPage":{"@id":"https:\/\/noticiasmercedinas.com\/site\/2023\/10\/04\/rulo-godar-y-virginia-altube-giran-por-cordoba-en-duo-con-canciones-latinoamericanas\/#primaryimage"},"image":{"@id":"https:\/\/noticiasmercedinas.com\/site\/2023\/10\/04\/rulo-godar-y-virginia-altube-giran-por-cordoba-en-duo-con-canciones-latinoamericanas\/#primaryimage"},"thumbnailUrl":"https:\/\/noticiasmercedinas.com\/site\/wp-content\/uploads\/2023\/10\/82289d07-8864-4dad-bcf0-3681ad0794c8.jpg","datePublished":"2023-10-04T23:02:20+00:00","dateModified":"2023-10-04T23:48:30+00:00","breadcrumb":{"@id":"https:\/\/noticiasmercedinas.com\/site\/2023\/10\/04\/rulo-godar-y-virginia-altube-giran-por-cordoba-en-duo-con-canciones-latinoamericanas\/#breadcrumb"},"inLanguage":"es","potentialAction":[{"@type":"ReadAction","target":["https:\/\/noticiasmercedinas.com\/site\/2023\/10\/04\/rulo-godar-y-virginia-altube-giran-por-cordoba-en-duo-con-canciones-latinoamericanas\/"]}]},{"@type":"ImageObject","inLanguage":"es","@id":"https:\/\/noticiasmercedinas.com\/site\/2023\/10\/04\/rulo-godar-y-virginia-altube-giran-por-cordoba-en-duo-con-canciones-latinoamericanas\/#primaryimage","url":"https:\/\/noticiasmercedinas.com\/site\/wp-content\/uploads\/2023\/10\/82289d07-8864-4dad-bcf0-3681ad0794c8.jpg","contentUrl":"https:\/\/noticiasmercedinas.com\/site\/wp-content\/uploads\/2023\/10\/82289d07-8864-4dad-bcf0-3681ad0794c8.jpg","width":800,"height":533},{"@type":"BreadcrumbList","@id":"https:\/\/noticiasmercedinas.com\/site\/2023\/10\/04\/rulo-godar-y-virginia-altube-giran-por-cordoba-en-duo-con-canciones-latinoamericanas\/#breadcrumb","itemListElement":[{"@type":"ListItem","position":1,"name":"Portada","item":"https:\/\/noticiasmercedinas.com\/site\/"},{"@type":"ListItem","position":2,"name":"Rulo Godar y Virginia Altube giran por C\u00f3rdoba en d\u00fao con canciones latinoamericanas"}]},{"@type":"WebSite","@id":"https:\/\/noticiasmercedinas.com\/site\/#website","url":"https:\/\/noticiasmercedinas.com\/site\/","name":"NOTICIASMERCEDINAS.COM","description":"Mercedes, Buenos Aires, Argentina","publisher":{"@id":"https:\/\/noticiasmercedinas.com\/site\/#organization"},"potentialAction":[{"@type":"SearchAction","target":{"@type":"EntryPoint","urlTemplate":"https:\/\/noticiasmercedinas.com\/site\/?s={search_term_string}"},"query-input":{"@type":"PropertyValueSpecification","valueRequired":true,"valueName":"search_term_string"}}],"inLanguage":"es"},{"@type":"Organization","@id":"https:\/\/noticiasmercedinas.com\/site\/#organization","name":"NOTICIASMERCEDINAS.COM","url":"https:\/\/noticiasmercedinas.com\/site\/","logo":{"@type":"ImageObject","inLanguage":"es","@id":"https:\/\/noticiasmercedinas.com\/site\/#\/schema\/logo\/image\/","url":"https:\/\/noticiasmercedinas.com\/site\/wp-content\/uploads\/2020\/06\/LOGO-512.jpg","contentUrl":"https:\/\/noticiasmercedinas.com\/site\/wp-content\/uploads\/2020\/06\/LOGO-512.jpg","width":512,"height":512,"caption":"NOTICIASMERCEDINAS.COM"},"image":{"@id":"https:\/\/noticiasmercedinas.com\/site\/#\/schema\/logo\/image\/"},"sameAs":["https:\/\/www.facebook.com\/noticiasmercedinas\/","https:\/\/x.com\/notmercedinas","https:\/\/www.instagram.com\/noticiasmercedinas\/"]},{"@type":"Person","@id":"https:\/\/noticiasmercedinas.com\/site\/#\/schema\/person\/84b59c099c28ff2e8b77d4ceec5d8063","name":"NOTICIASMERCEDINAS.COM","image":{"@type":"ImageObject","inLanguage":"es","@id":"https:\/\/secure.gravatar.com\/avatar\/4dfbf16b4d17945bfb6341b2d19043457132fcf478a5ee04f42e959fd8f5df0a?s=96&d=mm&r=g","url":"https:\/\/secure.gravatar.com\/avatar\/4dfbf16b4d17945bfb6341b2d19043457132fcf478a5ee04f42e959fd8f5df0a?s=96&d=mm&r=g","contentUrl":"https:\/\/secure.gravatar.com\/avatar\/4dfbf16b4d17945bfb6341b2d19043457132fcf478a5ee04f42e959fd8f5df0a?s=96&d=mm&r=g","caption":"NOTICIASMERCEDINAS.COM"},"url":"https:\/\/noticiasmercedinas.com\/site\/author\/anonimo\/"}]}},"amp_enabled":true,"_links":{"self":[{"href":"https:\/\/noticiasmercedinas.com\/site\/wp-json\/wp\/v2\/posts\/124152","targetHints":{"allow":["GET"]}}],"collection":[{"href":"https:\/\/noticiasmercedinas.com\/site\/wp-json\/wp\/v2\/posts"}],"about":[{"href":"https:\/\/noticiasmercedinas.com\/site\/wp-json\/wp\/v2\/types\/post"}],"author":[{"embeddable":true,"href":"https:\/\/noticiasmercedinas.com\/site\/wp-json\/wp\/v2\/users\/16"}],"replies":[{"embeddable":true,"href":"https:\/\/noticiasmercedinas.com\/site\/wp-json\/wp\/v2\/comments?post=124152"}],"version-history":[{"count":4,"href":"https:\/\/noticiasmercedinas.com\/site\/wp-json\/wp\/v2\/posts\/124152\/revisions"}],"predecessor-version":[{"id":124163,"href":"https:\/\/noticiasmercedinas.com\/site\/wp-json\/wp\/v2\/posts\/124152\/revisions\/124163"}],"wp:featuredmedia":[{"embeddable":true,"href":"https:\/\/noticiasmercedinas.com\/site\/wp-json\/wp\/v2\/media\/124161"}],"wp:attachment":[{"href":"https:\/\/noticiasmercedinas.com\/site\/wp-json\/wp\/v2\/media?parent=124152"}],"wp:term":[{"taxonomy":"category","embeddable":true,"href":"https:\/\/noticiasmercedinas.com\/site\/wp-json\/wp\/v2\/categories?post=124152"},{"taxonomy":"post_tag","embeddable":true,"href":"https:\/\/noticiasmercedinas.com\/site\/wp-json\/wp\/v2\/tags?post=124152"}],"curies":[{"name":"wp","href":"https:\/\/api.w.org\/{rel}","templated":true}]}}