{"id":124238,"date":"2023-10-06T15:33:13","date_gmt":"2023-10-06T18:33:13","guid":{"rendered":"https:\/\/noticiasmercedinas.com\/site\/?p=124238"},"modified":"2023-10-06T15:33:13","modified_gmt":"2023-10-06T18:33:13","slug":"se-realizo-la-142-colacion-de-grado-desde-la-reapertura-de-la-unlu","status":"publish","type":"post","link":"https:\/\/noticiasmercedinas.com\/site\/2023\/10\/06\/se-realizo-la-142-colacion-de-grado-desde-la-reapertura-de-la-unlu\/","title":{"rendered":"Se realiz\u00f3 la 142\u00b0 Colaci\u00f3n de Grado desde la Reapertura de la UNLu"},"content":{"rendered":"<p><img loading=\"lazy\" decoding=\"async\" class=\"alignnone size-full wp-image-124239\" src=\"https:\/\/noticiasmercedinas.com\/site\/wp-content\/uploads\/2023\/10\/Colacion04-10-23_2.jpg\" alt=\"\" width=\"640\" height=\"480\" srcset=\"https:\/\/noticiasmercedinas.com\/site\/wp-content\/uploads\/2023\/10\/Colacion04-10-23_2.jpg 640w, https:\/\/noticiasmercedinas.com\/site\/wp-content\/uploads\/2023\/10\/Colacion04-10-23_2-300x225.jpg 300w, https:\/\/noticiasmercedinas.com\/site\/wp-content\/uploads\/2023\/10\/Colacion04-10-23_2-80x60.jpg 80w, https:\/\/noticiasmercedinas.com\/site\/wp-content\/uploads\/2023\/10\/Colacion04-10-23_2-160x120.jpg 160w, https:\/\/noticiasmercedinas.com\/site\/wp-content\/uploads\/2023\/10\/Colacion04-10-23_2-100x75.jpg 100w, https:\/\/noticiasmercedinas.com\/site\/wp-content\/uploads\/2023\/10\/Colacion04-10-23_2-200x150.jpg 200w, https:\/\/noticiasmercedinas.com\/site\/wp-content\/uploads\/2023\/10\/Colacion04-10-23_2-180x135.jpg 180w, https:\/\/noticiasmercedinas.com\/site\/wp-content\/uploads\/2023\/10\/Colacion04-10-23_2-360x270.jpg 360w, https:\/\/noticiasmercedinas.com\/site\/wp-content\/uploads\/2023\/10\/Colacion04-10-23_2-238x178.jpg 238w, https:\/\/noticiasmercedinas.com\/site\/wp-content\/uploads\/2023\/10\/Colacion04-10-23_2-476x356.jpg 476w\" sizes=\"auto, (max-width: 640px) 100vw, 640px\" \/><\/p>\n<p>La Universidad Nacional de Luj\u00e1n celebr\u00f3 este mi\u00e9rcoles 4 de octubre en su Sede Central la ceremonia correspondiente a la 142\u00ba Colaci\u00f3n de Grado desde su Reapertura, acto de entrega de diplomas a los graduados.<\/p>\n<p>La actividad fue encabezada por el rector Walter Panessi, la vicerrectora Mar\u00eda Ester Leguizam\u00f3n, el secretario acad\u00e9mico Jorge Mufato y autoridades de los cuatro Departamentos Acad\u00e9micos.<\/p>\n<p>Tras la entonaci\u00f3n del Himno Nacional Argentino, se dirigi\u00f3 a los presentes, en representaci\u00f3n de los graduados, la flamante Profesora en Geograf\u00eda Aldana Fasciolo, quien destac\u00f3 que \u00abesta Casa de Estudios me permiti\u00f3 formar una manera de pensar basada en una postura cr\u00edtica y humana que tiene como objetivo primordial la lucha por una sociedad m\u00e1s justa y m\u00e1s equitativa\u00bb, y agradeci\u00f3 \u00abinfinitamente\u00bb a \u00abtodas esas personas que pusieron o\u00eddo, hombro y coraz\u00f3n para acompa\u00f1arnos durante todos estos a\u00f1os\u00bb y a la \u00abUniversidad de Luj\u00e1n por las oportunidades, a su gente, a la Educaci\u00f3n P\u00fablica y a quienes la defienden\u00bb. \u00abEs un gran orgullo ser egresada de esta Instituci\u00f3n, una Universidad gratuita, p\u00fablica y de calidad\u00bb, finaliz\u00f3 la graduada.<\/p>\n<p>Posteriormente, tom\u00f3 la palabra Rosana Ponce, vicedirectora decana del Departamento de Educaci\u00f3n, representando a las autoridades de la Casa, y luego el rector Walter Panessi procedi\u00f3 a tomar juramento a las graduadas y los graduados de acuerdo a la f\u00f3rmula elegida por cada uno, y en un clima de emoci\u00f3n, se llev\u00f3 a cabo la entrega de diplomas, compartiendo el momento con docentes, familiares y amigos.<\/p>\n","protected":false},"excerpt":{"rendered":"<p>La Universidad Nacional de Luj\u00e1n celebr\u00f3 este mi\u00e9rcoles 4 de octubre en su Sede Central la ceremonia correspondiente a la 142\u00ba Colaci\u00f3n de Grado desde su Reapertura, acto de entrega de diplomas a los graduados. La actividad fue encabezada por el rector Walter Panessi, la vicerrectora Mar\u00eda Ester Leguizam\u00f3n, el secretario acad\u00e9mico Jorge Mufato y [&hellip;]<\/p>\n","protected":false},"author":16,"featured_media":124239,"comment_status":"closed","ping_status":"closed","sticky":false,"template":"","format":"standard","meta":{"footnotes":""},"categories":[15755,139],"tags":[40,335,116],"class_list":["post-124238","post","type-post","status-publish","format-standard","has-post-thumbnail","hentry","category-educacion","category-regionales","tag-lujan","tag-universidad","tag-unlu"],"yoast_head":"<!-- This site is optimized with the Yoast SEO plugin v27.5 - https:\/\/yoast.com\/product\/yoast-seo-wordpress\/ -->\n<title>Se realiz\u00f3 la 142\u00b0 Colaci\u00f3n de Grado desde la Reapertura de la UNLu<\/title>\n<meta name=\"robots\" content=\"index, follow, max-snippet:-1, max-image-preview:large, max-video-preview:-1\" \/>\n<link rel=\"canonical\" href=\"https:\/\/noticiasmercedinas.com\/site\/2023\/10\/06\/se-realizo-la-142-colacion-de-grado-desde-la-reapertura-de-la-unlu\/\" \/>\n<meta property=\"og:locale\" content=\"es_ES\" \/>\n<meta property=\"og:type\" content=\"article\" \/>\n<meta property=\"og:title\" content=\"Se realiz\u00f3 la 142\u00b0 Colaci\u00f3n de Grado desde la Reapertura de la UNLu\" \/>\n<meta property=\"og:description\" content=\"La Universidad Nacional de Luj\u00e1n celebr\u00f3 este mi\u00e9rcoles 4 de octubre en su Sede Central la ceremonia correspondiente a la 142\u00ba Colaci\u00f3n de Grado desde su Reapertura, acto de entrega de diplomas a los graduados. La actividad fue encabezada por el rector Walter Panessi, la vicerrectora Mar\u00eda Ester Leguizam\u00f3n, el secretario acad\u00e9mico Jorge Mufato y [&hellip;]\" \/>\n<meta property=\"og:url\" content=\"https:\/\/noticiasmercedinas.com\/site\/2023\/10\/06\/se-realizo-la-142-colacion-de-grado-desde-la-reapertura-de-la-unlu\/\" \/>\n<meta property=\"og:site_name\" content=\"NOTICIASMERCEDINAS.COM\" \/>\n<meta property=\"article:publisher\" content=\"https:\/\/www.facebook.com\/noticiasmercedinas\/\" \/>\n<meta property=\"article:published_time\" content=\"2023-10-06T18:33:13+00:00\" \/>\n<meta property=\"og:image\" content=\"https:\/\/noticiasmercedinas.com\/site\/wp-content\/uploads\/2023\/10\/Colacion04-10-23_2.jpg\" \/>\n\t<meta property=\"og:image:width\" content=\"640\" \/>\n\t<meta property=\"og:image:height\" content=\"480\" \/>\n\t<meta property=\"og:image:type\" content=\"image\/jpeg\" \/>\n<meta name=\"author\" content=\"NOTICIASMERCEDINAS.COM\" \/>\n<meta name=\"twitter:card\" content=\"summary_large_image\" \/>\n<meta name=\"twitter:creator\" content=\"@notmercedinas\" \/>\n<meta name=\"twitter:site\" content=\"@notmercedinas\" \/>\n<meta name=\"twitter:label1\" content=\"Escrito por\" \/>\n\t<meta name=\"twitter:data1\" content=\"NOTICIASMERCEDINAS.COM\" \/>\n\t<meta name=\"twitter:label2\" content=\"Tiempo de lectura\" \/>\n\t<meta name=\"twitter:data2\" content=\"2 minutos\" \/>\n<script type=\"application\/ld+json\" class=\"yoast-schema-graph\">{\"@context\":\"https:\\\/\\\/schema.org\",\"@graph\":[{\"@type\":\"Article\",\"@id\":\"https:\\\/\\\/noticiasmercedinas.com\\\/site\\\/2023\\\/10\\\/06\\\/se-realizo-la-142-colacion-de-grado-desde-la-reapertura-de-la-unlu\\\/#article\",\"isPartOf\":{\"@id\":\"https:\\\/\\\/noticiasmercedinas.com\\\/site\\\/2023\\\/10\\\/06\\\/se-realizo-la-142-colacion-de-grado-desde-la-reapertura-de-la-unlu\\\/\"},\"author\":{\"name\":\"NOTICIASMERCEDINAS.COM\",\"@id\":\"https:\\\/\\\/noticiasmercedinas.com\\\/site\\\/#\\\/schema\\\/person\\\/84b59c099c28ff2e8b77d4ceec5d8063\"},\"headline\":\"Se realiz\u00f3 la 142\u00b0 Colaci\u00f3n de Grado desde la Reapertura de la UNLu\",\"datePublished\":\"2023-10-06T18:33:13+00:00\",\"mainEntityOfPage\":{\"@id\":\"https:\\\/\\\/noticiasmercedinas.com\\\/site\\\/2023\\\/10\\\/06\\\/se-realizo-la-142-colacion-de-grado-desde-la-reapertura-de-la-unlu\\\/\"},\"wordCount\":282,\"publisher\":{\"@id\":\"https:\\\/\\\/noticiasmercedinas.com\\\/site\\\/#organization\"},\"image\":{\"@id\":\"https:\\\/\\\/noticiasmercedinas.com\\\/site\\\/2023\\\/10\\\/06\\\/se-realizo-la-142-colacion-de-grado-desde-la-reapertura-de-la-unlu\\\/#primaryimage\"},\"thumbnailUrl\":\"https:\\\/\\\/noticiasmercedinas.com\\\/site\\\/wp-content\\\/uploads\\\/2023\\\/10\\\/Colacion04-10-23_2.jpg\",\"keywords\":[\"lujan\",\"universidad\",\"unlu\"],\"articleSection\":[\"Educacion\",\"Regionales\"],\"inLanguage\":\"es\"},{\"@type\":\"WebPage\",\"@id\":\"https:\\\/\\\/noticiasmercedinas.com\\\/site\\\/2023\\\/10\\\/06\\\/se-realizo-la-142-colacion-de-grado-desde-la-reapertura-de-la-unlu\\\/\",\"url\":\"https:\\\/\\\/noticiasmercedinas.com\\\/site\\\/2023\\\/10\\\/06\\\/se-realizo-la-142-colacion-de-grado-desde-la-reapertura-de-la-unlu\\\/\",\"name\":\"Se realiz\u00f3 la 142\u00b0 Colaci\u00f3n de Grado desde la Reapertura de la UNLu\",\"isPartOf\":{\"@id\":\"https:\\\/\\\/noticiasmercedinas.com\\\/site\\\/#website\"},\"primaryImageOfPage\":{\"@id\":\"https:\\\/\\\/noticiasmercedinas.com\\\/site\\\/2023\\\/10\\\/06\\\/se-realizo-la-142-colacion-de-grado-desde-la-reapertura-de-la-unlu\\\/#primaryimage\"},\"image\":{\"@id\":\"https:\\\/\\\/noticiasmercedinas.com\\\/site\\\/2023\\\/10\\\/06\\\/se-realizo-la-142-colacion-de-grado-desde-la-reapertura-de-la-unlu\\\/#primaryimage\"},\"thumbnailUrl\":\"https:\\\/\\\/noticiasmercedinas.com\\\/site\\\/wp-content\\\/uploads\\\/2023\\\/10\\\/Colacion04-10-23_2.jpg\",\"datePublished\":\"2023-10-06T18:33:13+00:00\",\"breadcrumb\":{\"@id\":\"https:\\\/\\\/noticiasmercedinas.com\\\/site\\\/2023\\\/10\\\/06\\\/se-realizo-la-142-colacion-de-grado-desde-la-reapertura-de-la-unlu\\\/#breadcrumb\"},\"inLanguage\":\"es\",\"potentialAction\":[{\"@type\":\"ReadAction\",\"target\":[\"https:\\\/\\\/noticiasmercedinas.com\\\/site\\\/2023\\\/10\\\/06\\\/se-realizo-la-142-colacion-de-grado-desde-la-reapertura-de-la-unlu\\\/\"]}]},{\"@type\":\"ImageObject\",\"inLanguage\":\"es\",\"@id\":\"https:\\\/\\\/noticiasmercedinas.com\\\/site\\\/2023\\\/10\\\/06\\\/se-realizo-la-142-colacion-de-grado-desde-la-reapertura-de-la-unlu\\\/#primaryimage\",\"url\":\"https:\\\/\\\/noticiasmercedinas.com\\\/site\\\/wp-content\\\/uploads\\\/2023\\\/10\\\/Colacion04-10-23_2.jpg\",\"contentUrl\":\"https:\\\/\\\/noticiasmercedinas.com\\\/site\\\/wp-content\\\/uploads\\\/2023\\\/10\\\/Colacion04-10-23_2.jpg\",\"width\":640,\"height\":480},{\"@type\":\"BreadcrumbList\",\"@id\":\"https:\\\/\\\/noticiasmercedinas.com\\\/site\\\/2023\\\/10\\\/06\\\/se-realizo-la-142-colacion-de-grado-desde-la-reapertura-de-la-unlu\\\/#breadcrumb\",\"itemListElement\":[{\"@type\":\"ListItem\",\"position\":1,\"name\":\"Portada\",\"item\":\"https:\\\/\\\/noticiasmercedinas.com\\\/site\\\/\"},{\"@type\":\"ListItem\",\"position\":2,\"name\":\"Se realiz\u00f3 la 142\u00b0 Colaci\u00f3n de Grado desde la Reapertura de la UNLu\"}]},{\"@type\":\"WebSite\",\"@id\":\"https:\\\/\\\/noticiasmercedinas.com\\\/site\\\/#website\",\"url\":\"https:\\\/\\\/noticiasmercedinas.com\\\/site\\\/\",\"name\":\"NOTICIASMERCEDINAS.COM\",\"description\":\"Mercedes, Buenos Aires, Argentina\",\"publisher\":{\"@id\":\"https:\\\/\\\/noticiasmercedinas.com\\\/site\\\/#organization\"},\"potentialAction\":[{\"@type\":\"SearchAction\",\"target\":{\"@type\":\"EntryPoint\",\"urlTemplate\":\"https:\\\/\\\/noticiasmercedinas.com\\\/site\\\/?s={search_term_string}\"},\"query-input\":{\"@type\":\"PropertyValueSpecification\",\"valueRequired\":true,\"valueName\":\"search_term_string\"}}],\"inLanguage\":\"es\"},{\"@type\":\"Organization\",\"@id\":\"https:\\\/\\\/noticiasmercedinas.com\\\/site\\\/#organization\",\"name\":\"NOTICIASMERCEDINAS.COM\",\"url\":\"https:\\\/\\\/noticiasmercedinas.com\\\/site\\\/\",\"logo\":{\"@type\":\"ImageObject\",\"inLanguage\":\"es\",\"@id\":\"https:\\\/\\\/noticiasmercedinas.com\\\/site\\\/#\\\/schema\\\/logo\\\/image\\\/\",\"url\":\"https:\\\/\\\/noticiasmercedinas.com\\\/site\\\/wp-content\\\/uploads\\\/2020\\\/06\\\/LOGO-512.jpg\",\"contentUrl\":\"https:\\\/\\\/noticiasmercedinas.com\\\/site\\\/wp-content\\\/uploads\\\/2020\\\/06\\\/LOGO-512.jpg\",\"width\":512,\"height\":512,\"caption\":\"NOTICIASMERCEDINAS.COM\"},\"image\":{\"@id\":\"https:\\\/\\\/noticiasmercedinas.com\\\/site\\\/#\\\/schema\\\/logo\\\/image\\\/\"},\"sameAs\":[\"https:\\\/\\\/www.facebook.com\\\/noticiasmercedinas\\\/\",\"https:\\\/\\\/x.com\\\/notmercedinas\",\"https:\\\/\\\/www.instagram.com\\\/noticiasmercedinas\\\/\"]},{\"@type\":\"Person\",\"@id\":\"https:\\\/\\\/noticiasmercedinas.com\\\/site\\\/#\\\/schema\\\/person\\\/84b59c099c28ff2e8b77d4ceec5d8063\",\"name\":\"NOTICIASMERCEDINAS.COM\",\"image\":{\"@type\":\"ImageObject\",\"inLanguage\":\"es\",\"@id\":\"https:\\\/\\\/secure.gravatar.com\\\/avatar\\\/4dfbf16b4d17945bfb6341b2d19043457132fcf478a5ee04f42e959fd8f5df0a?s=96&d=mm&r=g\",\"url\":\"https:\\\/\\\/secure.gravatar.com\\\/avatar\\\/4dfbf16b4d17945bfb6341b2d19043457132fcf478a5ee04f42e959fd8f5df0a?s=96&d=mm&r=g\",\"contentUrl\":\"https:\\\/\\\/secure.gravatar.com\\\/avatar\\\/4dfbf16b4d17945bfb6341b2d19043457132fcf478a5ee04f42e959fd8f5df0a?s=96&d=mm&r=g\",\"caption\":\"NOTICIASMERCEDINAS.COM\"},\"url\":\"https:\\\/\\\/noticiasmercedinas.com\\\/site\\\/author\\\/anonimo\\\/\"}]}<\/script>\n<!-- \/ Yoast SEO plugin. -->","yoast_head_json":{"title":"Se realiz\u00f3 la 142\u00b0 Colaci\u00f3n de Grado desde la Reapertura de la UNLu","robots":{"index":"index","follow":"follow","max-snippet":"max-snippet:-1","max-image-preview":"max-image-preview:large","max-video-preview":"max-video-preview:-1"},"canonical":"https:\/\/noticiasmercedinas.com\/site\/2023\/10\/06\/se-realizo-la-142-colacion-de-grado-desde-la-reapertura-de-la-unlu\/","og_locale":"es_ES","og_type":"article","og_title":"Se realiz\u00f3 la 142\u00b0 Colaci\u00f3n de Grado desde la Reapertura de la UNLu","og_description":"La Universidad Nacional de Luj\u00e1n celebr\u00f3 este mi\u00e9rcoles 4 de octubre en su Sede Central la ceremonia correspondiente a la 142\u00ba Colaci\u00f3n de Grado desde su Reapertura, acto de entrega de diplomas a los graduados. La actividad fue encabezada por el rector Walter Panessi, la vicerrectora Mar\u00eda Ester Leguizam\u00f3n, el secretario acad\u00e9mico Jorge Mufato y [&hellip;]","og_url":"https:\/\/noticiasmercedinas.com\/site\/2023\/10\/06\/se-realizo-la-142-colacion-de-grado-desde-la-reapertura-de-la-unlu\/","og_site_name":"NOTICIASMERCEDINAS.COM","article_publisher":"https:\/\/www.facebook.com\/noticiasmercedinas\/","article_published_time":"2023-10-06T18:33:13+00:00","og_image":[{"width":640,"height":480,"url":"https:\/\/noticiasmercedinas.com\/site\/wp-content\/uploads\/2023\/10\/Colacion04-10-23_2.jpg","type":"image\/jpeg"}],"author":"NOTICIASMERCEDINAS.COM","twitter_card":"summary_large_image","twitter_creator":"@notmercedinas","twitter_site":"@notmercedinas","twitter_misc":{"Escrito por":"NOTICIASMERCEDINAS.COM","Tiempo de lectura":"2 minutos"},"schema":{"@context":"https:\/\/schema.org","@graph":[{"@type":"Article","@id":"https:\/\/noticiasmercedinas.com\/site\/2023\/10\/06\/se-realizo-la-142-colacion-de-grado-desde-la-reapertura-de-la-unlu\/#article","isPartOf":{"@id":"https:\/\/noticiasmercedinas.com\/site\/2023\/10\/06\/se-realizo-la-142-colacion-de-grado-desde-la-reapertura-de-la-unlu\/"},"author":{"name":"NOTICIASMERCEDINAS.COM","@id":"https:\/\/noticiasmercedinas.com\/site\/#\/schema\/person\/84b59c099c28ff2e8b77d4ceec5d8063"},"headline":"Se realiz\u00f3 la 142\u00b0 Colaci\u00f3n de Grado desde la Reapertura de la UNLu","datePublished":"2023-10-06T18:33:13+00:00","mainEntityOfPage":{"@id":"https:\/\/noticiasmercedinas.com\/site\/2023\/10\/06\/se-realizo-la-142-colacion-de-grado-desde-la-reapertura-de-la-unlu\/"},"wordCount":282,"publisher":{"@id":"https:\/\/noticiasmercedinas.com\/site\/#organization"},"image":{"@id":"https:\/\/noticiasmercedinas.com\/site\/2023\/10\/06\/se-realizo-la-142-colacion-de-grado-desde-la-reapertura-de-la-unlu\/#primaryimage"},"thumbnailUrl":"https:\/\/noticiasmercedinas.com\/site\/wp-content\/uploads\/2023\/10\/Colacion04-10-23_2.jpg","keywords":["lujan","universidad","unlu"],"articleSection":["Educacion","Regionales"],"inLanguage":"es"},{"@type":"WebPage","@id":"https:\/\/noticiasmercedinas.com\/site\/2023\/10\/06\/se-realizo-la-142-colacion-de-grado-desde-la-reapertura-de-la-unlu\/","url":"https:\/\/noticiasmercedinas.com\/site\/2023\/10\/06\/se-realizo-la-142-colacion-de-grado-desde-la-reapertura-de-la-unlu\/","name":"Se realiz\u00f3 la 142\u00b0 Colaci\u00f3n de Grado desde la Reapertura de la UNLu","isPartOf":{"@id":"https:\/\/noticiasmercedinas.com\/site\/#website"},"primaryImageOfPage":{"@id":"https:\/\/noticiasmercedinas.com\/site\/2023\/10\/06\/se-realizo-la-142-colacion-de-grado-desde-la-reapertura-de-la-unlu\/#primaryimage"},"image":{"@id":"https:\/\/noticiasmercedinas.com\/site\/2023\/10\/06\/se-realizo-la-142-colacion-de-grado-desde-la-reapertura-de-la-unlu\/#primaryimage"},"thumbnailUrl":"https:\/\/noticiasmercedinas.com\/site\/wp-content\/uploads\/2023\/10\/Colacion04-10-23_2.jpg","datePublished":"2023-10-06T18:33:13+00:00","breadcrumb":{"@id":"https:\/\/noticiasmercedinas.com\/site\/2023\/10\/06\/se-realizo-la-142-colacion-de-grado-desde-la-reapertura-de-la-unlu\/#breadcrumb"},"inLanguage":"es","potentialAction":[{"@type":"ReadAction","target":["https:\/\/noticiasmercedinas.com\/site\/2023\/10\/06\/se-realizo-la-142-colacion-de-grado-desde-la-reapertura-de-la-unlu\/"]}]},{"@type":"ImageObject","inLanguage":"es","@id":"https:\/\/noticiasmercedinas.com\/site\/2023\/10\/06\/se-realizo-la-142-colacion-de-grado-desde-la-reapertura-de-la-unlu\/#primaryimage","url":"https:\/\/noticiasmercedinas.com\/site\/wp-content\/uploads\/2023\/10\/Colacion04-10-23_2.jpg","contentUrl":"https:\/\/noticiasmercedinas.com\/site\/wp-content\/uploads\/2023\/10\/Colacion04-10-23_2.jpg","width":640,"height":480},{"@type":"BreadcrumbList","@id":"https:\/\/noticiasmercedinas.com\/site\/2023\/10\/06\/se-realizo-la-142-colacion-de-grado-desde-la-reapertura-de-la-unlu\/#breadcrumb","itemListElement":[{"@type":"ListItem","position":1,"name":"Portada","item":"https:\/\/noticiasmercedinas.com\/site\/"},{"@type":"ListItem","position":2,"name":"Se realiz\u00f3 la 142\u00b0 Colaci\u00f3n de Grado desde la Reapertura de la UNLu"}]},{"@type":"WebSite","@id":"https:\/\/noticiasmercedinas.com\/site\/#website","url":"https:\/\/noticiasmercedinas.com\/site\/","name":"NOTICIASMERCEDINAS.COM","description":"Mercedes, Buenos Aires, Argentina","publisher":{"@id":"https:\/\/noticiasmercedinas.com\/site\/#organization"},"potentialAction":[{"@type":"SearchAction","target":{"@type":"EntryPoint","urlTemplate":"https:\/\/noticiasmercedinas.com\/site\/?s={search_term_string}"},"query-input":{"@type":"PropertyValueSpecification","valueRequired":true,"valueName":"search_term_string"}}],"inLanguage":"es"},{"@type":"Organization","@id":"https:\/\/noticiasmercedinas.com\/site\/#organization","name":"NOTICIASMERCEDINAS.COM","url":"https:\/\/noticiasmercedinas.com\/site\/","logo":{"@type":"ImageObject","inLanguage":"es","@id":"https:\/\/noticiasmercedinas.com\/site\/#\/schema\/logo\/image\/","url":"https:\/\/noticiasmercedinas.com\/site\/wp-content\/uploads\/2020\/06\/LOGO-512.jpg","contentUrl":"https:\/\/noticiasmercedinas.com\/site\/wp-content\/uploads\/2020\/06\/LOGO-512.jpg","width":512,"height":512,"caption":"NOTICIASMERCEDINAS.COM"},"image":{"@id":"https:\/\/noticiasmercedinas.com\/site\/#\/schema\/logo\/image\/"},"sameAs":["https:\/\/www.facebook.com\/noticiasmercedinas\/","https:\/\/x.com\/notmercedinas","https:\/\/www.instagram.com\/noticiasmercedinas\/"]},{"@type":"Person","@id":"https:\/\/noticiasmercedinas.com\/site\/#\/schema\/person\/84b59c099c28ff2e8b77d4ceec5d8063","name":"NOTICIASMERCEDINAS.COM","image":{"@type":"ImageObject","inLanguage":"es","@id":"https:\/\/secure.gravatar.com\/avatar\/4dfbf16b4d17945bfb6341b2d19043457132fcf478a5ee04f42e959fd8f5df0a?s=96&d=mm&r=g","url":"https:\/\/secure.gravatar.com\/avatar\/4dfbf16b4d17945bfb6341b2d19043457132fcf478a5ee04f42e959fd8f5df0a?s=96&d=mm&r=g","contentUrl":"https:\/\/secure.gravatar.com\/avatar\/4dfbf16b4d17945bfb6341b2d19043457132fcf478a5ee04f42e959fd8f5df0a?s=96&d=mm&r=g","caption":"NOTICIASMERCEDINAS.COM"},"url":"https:\/\/noticiasmercedinas.com\/site\/author\/anonimo\/"}]}},"amp_enabled":true,"_links":{"self":[{"href":"https:\/\/noticiasmercedinas.com\/site\/wp-json\/wp\/v2\/posts\/124238","targetHints":{"allow":["GET"]}}],"collection":[{"href":"https:\/\/noticiasmercedinas.com\/site\/wp-json\/wp\/v2\/posts"}],"about":[{"href":"https:\/\/noticiasmercedinas.com\/site\/wp-json\/wp\/v2\/types\/post"}],"author":[{"embeddable":true,"href":"https:\/\/noticiasmercedinas.com\/site\/wp-json\/wp\/v2\/users\/16"}],"replies":[{"embeddable":true,"href":"https:\/\/noticiasmercedinas.com\/site\/wp-json\/wp\/v2\/comments?post=124238"}],"version-history":[{"count":1,"href":"https:\/\/noticiasmercedinas.com\/site\/wp-json\/wp\/v2\/posts\/124238\/revisions"}],"predecessor-version":[{"id":124240,"href":"https:\/\/noticiasmercedinas.com\/site\/wp-json\/wp\/v2\/posts\/124238\/revisions\/124240"}],"wp:featuredmedia":[{"embeddable":true,"href":"https:\/\/noticiasmercedinas.com\/site\/wp-json\/wp\/v2\/media\/124239"}],"wp:attachment":[{"href":"https:\/\/noticiasmercedinas.com\/site\/wp-json\/wp\/v2\/media?parent=124238"}],"wp:term":[{"taxonomy":"category","embeddable":true,"href":"https:\/\/noticiasmercedinas.com\/site\/wp-json\/wp\/v2\/categories?post=124238"},{"taxonomy":"post_tag","embeddable":true,"href":"https:\/\/noticiasmercedinas.com\/site\/wp-json\/wp\/v2\/tags?post=124238"}],"curies":[{"name":"wp","href":"https:\/\/api.w.org\/{rel}","templated":true}]}}