{"id":124241,"date":"2023-10-06T15:49:55","date_gmt":"2023-10-06T18:49:55","guid":{"rendered":"https:\/\/noticiasmercedinas.com\/site\/?p=124241"},"modified":"2023-10-06T15:49:55","modified_gmt":"2023-10-06T18:49:55","slug":"empiezan-las-actividades-por-los-100-anos-del-museo-udaondo-de-lujan","status":"publish","type":"post","link":"https:\/\/noticiasmercedinas.com\/site\/2023\/10\/06\/empiezan-las-actividades-por-los-100-anos-del-museo-udaondo-de-lujan\/","title":{"rendered":"Empiezan las actividades por los 100 a\u00f1os del Museo Udaondo de Luj\u00e1n"},"content":{"rendered":"<p><img loading=\"lazy\" decoding=\"async\" class=\"alignnone size-full wp-image-124242\" src=\"https:\/\/noticiasmercedinas.com\/site\/wp-content\/uploads\/2023\/10\/Museo_Udaondo_de_Lujan.jpg\" alt=\"\" width=\"700\" height=\"500\" srcset=\"https:\/\/noticiasmercedinas.com\/site\/wp-content\/uploads\/2023\/10\/Museo_Udaondo_de_Lujan.jpg 700w, https:\/\/noticiasmercedinas.com\/site\/wp-content\/uploads\/2023\/10\/Museo_Udaondo_de_Lujan-300x214.jpg 300w, https:\/\/noticiasmercedinas.com\/site\/wp-content\/uploads\/2023\/10\/Museo_Udaondo_de_Lujan-640x457.jpg 640w, https:\/\/noticiasmercedinas.com\/site\/wp-content\/uploads\/2023\/10\/Museo_Udaondo_de_Lujan-681x486.jpg 681w\" sizes=\"auto, (max-width: 700px) 100vw, 700px\" \/><\/p>\n<p>El Complejo Museogr\u00e1fico Provincial Enrique Udaondo celebra este octubre el mes de su centenario. Dependiente del Instituto Cultural de la Provincia de Buenos Aires, fue inaugurado el 12 de octubre de 1923 como Museo Colonial e Hist\u00f3rico de la Provincia de Buenos Aires. Su primer director fue Enrique Udaondo, quien desempe\u00f1\u00f3 ese cargo por m\u00e1s de 30 a\u00f1os, hasta su muerte en 1962. \u00c9l fue quien imprimi\u00f3 el car\u00e1cter al museo, poniendo en valor todas las manifestaciones creadoras del hombre, ampliando la diversidad de las colecciones: usos y costumbres, el mundo del trabajo, el transporte, los bienes del entorno natural, las celebraciones c\u00edvicas y religiosas, la moda y el folclore. En su honor, y justificadamente, el Museo hoy lleva su nombre.<\/p>\n<p>\u201cEstamos asistiendo al centenario de uno de los museos m\u00e1s importantes de nuestra provincia y de nuestro pa\u00eds, orgullo de los y las bonaerenses: el Complejo Museogr\u00e1fico Provincial Enrique Udaondo\u201d, afirm\u00f3 Florencia Saintout, Presidenta del Instituto Cultural de la Provincia de Buenos Aires. \u201cEst\u00e1 instituci\u00f3n es testigo y protagonista de la puesta en tensi\u00f3n de las miradas y del debate permanente propio de todo proyecto cultural. Es a trav\u00e9s de su labor, de la sistematizaci\u00f3n de procesos de identificaci\u00f3n, contextualizaci\u00f3n y difusi\u00f3n del patrimonio que continuar\u00e1 aportando a la construcci\u00f3n de nuestra identidad bonaerense. Una identidad inquieta, viva, activa, compleja y diversa. Una identidad que nos permite reconocernos en la diversidad, en los puntos en com\u00fan y reflejarnos en los actos y objetos de nuestro pasado\u201d, concluy\u00f3 la funcionaria.<\/p>\n<p>El Complejo Museogr\u00e1fico Provincial Enrique Udaondo forma parte de un conjunto arquitect\u00f3nico patrimonial con caracter\u00edsticas propias, donde se funden y combinan el estilo colonial recuperado con la epopeya fundadora del Museo, y las m\u00faltiples salas y pabellones construidos bajo el estilo neo-colonial, todo ello para albergar la gigantesca y diversas colecciones.<\/p>\n<p>Con una superficie de dos manzanas y media, contiene tres monumentos hist\u00f3ricos nacionales: el Cabildo de la Villa de Luj\u00e1n, la Casa del Virrey y la Casa de Josefa Galarza, \u00fanico exponente de arquitectura civil colonial urbana. Asimismo, el Complejo Museogr\u00e1fico se completa por el Museo Colonial e Hist\u00f3rico, el Museo de Transportes, el Museo del Autom\u00f3vil, la Biblioteca Enrique Pe\u00f1a, el Archivo Estanislao Zeballos y la Biblioteca y Archivo Federico Fern\u00e1ndez de Monjard\u00edn.<\/p>\n<p>Las celebraciones por el centenario comenzar\u00e1n el s\u00e1bado 7 de octubre y se extender\u00e1n durante toda la semana. Ese mismo d\u00eda se inaugurar\u00e1 la IV edici\u00f3n de BIENALSUR, con muestras y acciones centradas en la problem\u00e1tica del medio ambiente, las perspectivas de g\u00e9nero, la construcci\u00f3n de relatos, las \u201cfake news\u201d y la democracia.<\/p>\n<p>M\u00e1s tarde habr\u00e1 un concierto a cargo de Carolina Milanese con \u201cLos tangos que sonaban cuando nac\u00eda el museo\u201d. El domingo 8 se realizar\u00e1 el Festival \u201cNuestra M\u00fasica de fiesta\u201d, que reunir\u00e1 a distintos colectivos art\u00edsticos de m\u00fasica y danza de diversos g\u00e9neros: folclore, danza andina, tango, afro y candombe. Tambi\u00e9n ese d\u00eda se realizar\u00e1 la \u201cExposici\u00f3n de bicicletas cl\u00e1sicas y antiguas\u201d.<\/p>\n<p>El mi\u00e9rcoles 11 de octubre en el Sal\u00f3n Cultural se realizar\u00e1 el acto oficial del centenario, con asistencia de autoridades locales y provinciales y la presentaci\u00f3n del libro \u201c100 a\u00f1os del Museo\u201d. Esta publicaci\u00f3n intenta reflejar el caudal y la diversidad del patrimonio atesorado en el Museo, constituido por m\u00e1s de 70.000 bienes museol\u00f3gicos y unos 100.000 fondos archiv\u00edsticos y biogr\u00e1ficos.<\/p>\n<p>\u201cFue un trabajo que necesit\u00f3 del reconocimiento y reinterpretaci\u00f3n de las colecciones confiadas a los m\u00e1s destacados y prestigiosos especialistas. Este grupo de investigadores presentan los conjuntos patrimoniales de una forma renovada para la comprensi\u00f3n de la heterogeneidad de los mismos\u201d, destac\u00f3 Viviana Mallol, Directora del Complejo Museogr\u00e1fico Provincial Enrique Udaondo. \u201cEste libro constituye una gu\u00eda de la variedad y relevancia del acervo cultural que se custodia y servir\u00e1 como incentivo permanente para promover futuros estudios e investigaciones, y concretar y desarrollar pol\u00edticas culturales, como s\u00edmbolo de un complejo sistema de expresiones\u201d, destac\u00f3.<\/p>\n<p>Al d\u00eda siguiente, jueves 12, d\u00eda del aniversario del Museo, se convocar\u00e1 a las instituciones y la comunidad a realizar un abrazo simb\u00f3lico al Complejo. Luego se presentar\u00e1 la obra de teatro y circo \u201cOrigina Rios\u201d. Un espect\u00e1culo que hace foco en los valores culturales, destacando las ense\u00f1anzas de nuestros antepasados y el respeto por las relaciones humanas y el cuidado del medio ambiente.<\/p>\n<p>\u201cResulta fundamental destacar el rol que tiene esta instituci\u00f3n como espacio de circulaci\u00f3n y difusi\u00f3n de saberes, operando como una plataforma de participaci\u00f3n colectiva y contribuyendo a la conformaci\u00f3n de una ciudadan\u00eda activa\u201d, se\u00f1ala Victoria Onetto, Subsecretaria de Pol\u00edticas Culturales del Instituto Cultural de la Provincia de Buenos Aires. \u201cEn este sentido, sus salas con sus exhibiciones no act\u00faan como un mero reflejo y acceso a nuestra historia y pasado en com\u00fan, sino que proponen una construcci\u00f3n discursiva sobre los hechos del pasado anclados en un presente, alojando nuevas miradas que invitan a los espectadores y espectadoras a reflexionar y re elaborar activamente nuestra historia\u201d.<\/p>\n<p>La primera semana de las celebraciones concluir\u00e1n el s\u00e1bado 14 con un \u201cConcierto homenaje al Museo\u201d, del que participar\u00e1n la Orquesta Infanto Juvenil Parque Lasa y la Orquesta Infanto Juvenil Ameghino del Programa \u201cCoros y Orquestas de Buenos Aires\u00bb y m\u00e1s de 60 m\u00fasicos. Se ejecutar\u00e1n las estrofas del Himno Nacional junto a Aldeas Infantiles SOS Luj\u00e1n, Casa Del Ni\u00f1o Doctor Ricardo J. Castellanos, Bomberos Voluntarios de Luj\u00e1n, Centro Comunitario Andamios \u201cMarisa Wagner\u201d, Hospital Interzonal Especializado Neuropsiqui\u00e1trico Colonia \u201cDr. Domingo Cabred\u201d y el Programa del Envi\u00f3n. La jornada concluir\u00e1 con \u201cAmor Amor\u201d, un concierto esc\u00e9nico que combina las bellas melod\u00edas de opereta de Oscar Straus y Franz Leh\u00e1r con escenas teatrales y baile.<\/p>\n<p><strong>MUSEO DEL TRANSPORTE RENOVADO<\/strong><\/p>\n<p>En el marco del mes de su centenario el Complejo Museogr\u00e1fico reinaugur\u00f3 el Museo del Transporte, fundado el 24 de noviembre de 1940, fue el primero en su tipo de Am\u00e9rica del Sur y ahora, luego de su puesta en valor, propondr\u00e1 nuevos relatos in\u00e9ditos.<\/p>\n<p>Dotado de varios sectores, el museo propone una nueva museolog\u00eda. El primer sector es una s\u00edntesis de la evoluci\u00f3n de los medios de transporte en nuestra geograf\u00eda. All\u00ed se destacan la enorme y pesada carreta quinchada, las mensajer\u00edas y diligencias que conectaron nuestros pueblos. Tambi\u00e9n la hist\u00f3rica locomotora \u00abLa Porte\u00f1a\u00bb, madre de los ferrocarriles argentinos e impulsora del progreso social y econ\u00f3mico de nuestro pa\u00eds.<\/p>\n<p>En el segundo sector se observar\u00e1n algunas de las proezas m\u00e1s populares del siglo XX, donde se podr\u00e1 conocer a un grupo de intr\u00e9pidos, haciendo alarde de sus cualidades m\u00e1s elevadas. Se destacan el imponente Plus Ultra y los fieles Mancha y Gato. Estas son, sin duda, historias heroicas que merecen ser vivenciadas. En el \u00faltimo sector se destacan los coches f\u00fanebres, acompa\u00f1ados con piezas que referencian al luto y el arte funerario, y unos cuantos carruajes significativos para la historia nacional y provincial, como la sopanda utilizada por el Gral. Belgrano o los carruajes utilizados por presidentes argentinos y gobernadores de Buenos Aires.<\/p>\n","protected":false},"excerpt":{"rendered":"<p>\u25a0 La instituci\u00f3n celebra el mes de su centenario con la inauguraci\u00f3n de BIENALSUR, festivales, talleres y conciertos. Incluye la presentaci\u00f3n del Libro \u201c100 a\u00f1os del Museo\u201d, donde se relata su historia<\/p>\n","protected":false},"author":16,"featured_media":124242,"comment_status":"closed","ping_status":"closed","sticky":false,"template":"","format":"standard","meta":{"footnotes":""},"categories":[139],"tags":[40,13057],"class_list":["post-124241","post","type-post","status-publish","format-standard","has-post-thumbnail","hentry","category-regionales","tag-lujan","tag-museo-udaondo"],"yoast_head":"<!-- This site is optimized with the Yoast SEO plugin v27.4 - https:\/\/yoast.com\/product\/yoast-seo-wordpress\/ -->\n<title>Empiezan las actividades por los 100 a\u00f1os del Museo Udaondo de Luj\u00e1n<\/title>\n<meta name=\"robots\" content=\"index, follow, max-snippet:-1, max-image-preview:large, max-video-preview:-1\" \/>\n<link rel=\"canonical\" href=\"https:\/\/noticiasmercedinas.com\/site\/2023\/10\/06\/empiezan-las-actividades-por-los-100-anos-del-museo-udaondo-de-lujan\/\" \/>\n<meta property=\"og:locale\" content=\"es_ES\" \/>\n<meta property=\"og:type\" content=\"article\" \/>\n<meta property=\"og:title\" content=\"Empiezan las actividades por los 100 a\u00f1os del Museo Udaondo de Luj\u00e1n\" \/>\n<meta property=\"og:description\" content=\"\u25a0 La instituci\u00f3n celebra el mes de su centenario con la inauguraci\u00f3n de BIENALSUR, festivales, talleres y conciertos. Incluye la presentaci\u00f3n del Libro \u201c100 a\u00f1os del Museo\u201d, donde se relata su historia\" \/>\n<meta property=\"og:url\" content=\"https:\/\/noticiasmercedinas.com\/site\/2023\/10\/06\/empiezan-las-actividades-por-los-100-anos-del-museo-udaondo-de-lujan\/\" \/>\n<meta property=\"og:site_name\" content=\"NOTICIASMERCEDINAS.COM\" \/>\n<meta property=\"article:publisher\" content=\"https:\/\/www.facebook.com\/noticiasmercedinas\/\" \/>\n<meta property=\"article:published_time\" content=\"2023-10-06T18:49:55+00:00\" \/>\n<meta property=\"og:image\" content=\"https:\/\/noticiasmercedinas.com\/site\/wp-content\/uploads\/2023\/10\/Museo_Udaondo_de_Lujan.jpg\" \/>\n\t<meta property=\"og:image:width\" content=\"700\" \/>\n\t<meta property=\"og:image:height\" content=\"500\" \/>\n\t<meta property=\"og:image:type\" content=\"image\/jpeg\" \/>\n<meta name=\"author\" content=\"NOTICIASMERCEDINAS.COM\" \/>\n<meta name=\"twitter:card\" content=\"summary_large_image\" \/>\n<meta name=\"twitter:creator\" content=\"@notmercedinas\" \/>\n<meta name=\"twitter:site\" content=\"@notmercedinas\" \/>\n<meta name=\"twitter:label1\" content=\"Escrito por\" \/>\n\t<meta name=\"twitter:data1\" content=\"NOTICIASMERCEDINAS.COM\" \/>\n\t<meta name=\"twitter:label2\" content=\"Tiempo de lectura\" \/>\n\t<meta name=\"twitter:data2\" content=\"6 minutos\" \/>\n<script type=\"application\/ld+json\" class=\"yoast-schema-graph\">{\"@context\":\"https:\\\/\\\/schema.org\",\"@graph\":[{\"@type\":\"Article\",\"@id\":\"https:\\\/\\\/noticiasmercedinas.com\\\/site\\\/2023\\\/10\\\/06\\\/empiezan-las-actividades-por-los-100-anos-del-museo-udaondo-de-lujan\\\/#article\",\"isPartOf\":{\"@id\":\"https:\\\/\\\/noticiasmercedinas.com\\\/site\\\/2023\\\/10\\\/06\\\/empiezan-las-actividades-por-los-100-anos-del-museo-udaondo-de-lujan\\\/\"},\"author\":{\"name\":\"NOTICIASMERCEDINAS.COM\",\"@id\":\"https:\\\/\\\/noticiasmercedinas.com\\\/site\\\/#\\\/schema\\\/person\\\/84b59c099c28ff2e8b77d4ceec5d8063\"},\"headline\":\"Empiezan las actividades por los 100 a\u00f1os del Museo Udaondo de Luj\u00e1n\",\"datePublished\":\"2023-10-06T18:49:55+00:00\",\"mainEntityOfPage\":{\"@id\":\"https:\\\/\\\/noticiasmercedinas.com\\\/site\\\/2023\\\/10\\\/06\\\/empiezan-las-actividades-por-los-100-anos-del-museo-udaondo-de-lujan\\\/\"},\"wordCount\":1255,\"publisher\":{\"@id\":\"https:\\\/\\\/noticiasmercedinas.com\\\/site\\\/#organization\"},\"image\":{\"@id\":\"https:\\\/\\\/noticiasmercedinas.com\\\/site\\\/2023\\\/10\\\/06\\\/empiezan-las-actividades-por-los-100-anos-del-museo-udaondo-de-lujan\\\/#primaryimage\"},\"thumbnailUrl\":\"https:\\\/\\\/noticiasmercedinas.com\\\/site\\\/wp-content\\\/uploads\\\/2023\\\/10\\\/Museo_Udaondo_de_Lujan.jpg\",\"keywords\":[\"lujan\",\"museo udaondo\"],\"articleSection\":[\"Regionales\"],\"inLanguage\":\"es\"},{\"@type\":\"WebPage\",\"@id\":\"https:\\\/\\\/noticiasmercedinas.com\\\/site\\\/2023\\\/10\\\/06\\\/empiezan-las-actividades-por-los-100-anos-del-museo-udaondo-de-lujan\\\/\",\"url\":\"https:\\\/\\\/noticiasmercedinas.com\\\/site\\\/2023\\\/10\\\/06\\\/empiezan-las-actividades-por-los-100-anos-del-museo-udaondo-de-lujan\\\/\",\"name\":\"Empiezan las actividades por los 100 a\u00f1os del Museo Udaondo de Luj\u00e1n\",\"isPartOf\":{\"@id\":\"https:\\\/\\\/noticiasmercedinas.com\\\/site\\\/#website\"},\"primaryImageOfPage\":{\"@id\":\"https:\\\/\\\/noticiasmercedinas.com\\\/site\\\/2023\\\/10\\\/06\\\/empiezan-las-actividades-por-los-100-anos-del-museo-udaondo-de-lujan\\\/#primaryimage\"},\"image\":{\"@id\":\"https:\\\/\\\/noticiasmercedinas.com\\\/site\\\/2023\\\/10\\\/06\\\/empiezan-las-actividades-por-los-100-anos-del-museo-udaondo-de-lujan\\\/#primaryimage\"},\"thumbnailUrl\":\"https:\\\/\\\/noticiasmercedinas.com\\\/site\\\/wp-content\\\/uploads\\\/2023\\\/10\\\/Museo_Udaondo_de_Lujan.jpg\",\"datePublished\":\"2023-10-06T18:49:55+00:00\",\"breadcrumb\":{\"@id\":\"https:\\\/\\\/noticiasmercedinas.com\\\/site\\\/2023\\\/10\\\/06\\\/empiezan-las-actividades-por-los-100-anos-del-museo-udaondo-de-lujan\\\/#breadcrumb\"},\"inLanguage\":\"es\",\"potentialAction\":[{\"@type\":\"ReadAction\",\"target\":[\"https:\\\/\\\/noticiasmercedinas.com\\\/site\\\/2023\\\/10\\\/06\\\/empiezan-las-actividades-por-los-100-anos-del-museo-udaondo-de-lujan\\\/\"]}]},{\"@type\":\"ImageObject\",\"inLanguage\":\"es\",\"@id\":\"https:\\\/\\\/noticiasmercedinas.com\\\/site\\\/2023\\\/10\\\/06\\\/empiezan-las-actividades-por-los-100-anos-del-museo-udaondo-de-lujan\\\/#primaryimage\",\"url\":\"https:\\\/\\\/noticiasmercedinas.com\\\/site\\\/wp-content\\\/uploads\\\/2023\\\/10\\\/Museo_Udaondo_de_Lujan.jpg\",\"contentUrl\":\"https:\\\/\\\/noticiasmercedinas.com\\\/site\\\/wp-content\\\/uploads\\\/2023\\\/10\\\/Museo_Udaondo_de_Lujan.jpg\",\"width\":700,\"height\":500},{\"@type\":\"BreadcrumbList\",\"@id\":\"https:\\\/\\\/noticiasmercedinas.com\\\/site\\\/2023\\\/10\\\/06\\\/empiezan-las-actividades-por-los-100-anos-del-museo-udaondo-de-lujan\\\/#breadcrumb\",\"itemListElement\":[{\"@type\":\"ListItem\",\"position\":1,\"name\":\"Portada\",\"item\":\"https:\\\/\\\/noticiasmercedinas.com\\\/site\\\/\"},{\"@type\":\"ListItem\",\"position\":2,\"name\":\"Empiezan las actividades por los 100 a\u00f1os del Museo Udaondo de Luj\u00e1n\"}]},{\"@type\":\"WebSite\",\"@id\":\"https:\\\/\\\/noticiasmercedinas.com\\\/site\\\/#website\",\"url\":\"https:\\\/\\\/noticiasmercedinas.com\\\/site\\\/\",\"name\":\"NOTICIASMERCEDINAS.COM\",\"description\":\"Mercedes, Buenos Aires, Argentina\",\"publisher\":{\"@id\":\"https:\\\/\\\/noticiasmercedinas.com\\\/site\\\/#organization\"},\"potentialAction\":[{\"@type\":\"SearchAction\",\"target\":{\"@type\":\"EntryPoint\",\"urlTemplate\":\"https:\\\/\\\/noticiasmercedinas.com\\\/site\\\/?s={search_term_string}\"},\"query-input\":{\"@type\":\"PropertyValueSpecification\",\"valueRequired\":true,\"valueName\":\"search_term_string\"}}],\"inLanguage\":\"es\"},{\"@type\":\"Organization\",\"@id\":\"https:\\\/\\\/noticiasmercedinas.com\\\/site\\\/#organization\",\"name\":\"NOTICIASMERCEDINAS.COM\",\"url\":\"https:\\\/\\\/noticiasmercedinas.com\\\/site\\\/\",\"logo\":{\"@type\":\"ImageObject\",\"inLanguage\":\"es\",\"@id\":\"https:\\\/\\\/noticiasmercedinas.com\\\/site\\\/#\\\/schema\\\/logo\\\/image\\\/\",\"url\":\"https:\\\/\\\/noticiasmercedinas.com\\\/site\\\/wp-content\\\/uploads\\\/2020\\\/06\\\/LOGO-512.jpg\",\"contentUrl\":\"https:\\\/\\\/noticiasmercedinas.com\\\/site\\\/wp-content\\\/uploads\\\/2020\\\/06\\\/LOGO-512.jpg\",\"width\":512,\"height\":512,\"caption\":\"NOTICIASMERCEDINAS.COM\"},\"image\":{\"@id\":\"https:\\\/\\\/noticiasmercedinas.com\\\/site\\\/#\\\/schema\\\/logo\\\/image\\\/\"},\"sameAs\":[\"https:\\\/\\\/www.facebook.com\\\/noticiasmercedinas\\\/\",\"https:\\\/\\\/x.com\\\/notmercedinas\",\"https:\\\/\\\/www.instagram.com\\\/noticiasmercedinas\\\/\"]},{\"@type\":\"Person\",\"@id\":\"https:\\\/\\\/noticiasmercedinas.com\\\/site\\\/#\\\/schema\\\/person\\\/84b59c099c28ff2e8b77d4ceec5d8063\",\"name\":\"NOTICIASMERCEDINAS.COM\",\"image\":{\"@type\":\"ImageObject\",\"inLanguage\":\"es\",\"@id\":\"https:\\\/\\\/secure.gravatar.com\\\/avatar\\\/4dfbf16b4d17945bfb6341b2d19043457132fcf478a5ee04f42e959fd8f5df0a?s=96&d=mm&r=g\",\"url\":\"https:\\\/\\\/secure.gravatar.com\\\/avatar\\\/4dfbf16b4d17945bfb6341b2d19043457132fcf478a5ee04f42e959fd8f5df0a?s=96&d=mm&r=g\",\"contentUrl\":\"https:\\\/\\\/secure.gravatar.com\\\/avatar\\\/4dfbf16b4d17945bfb6341b2d19043457132fcf478a5ee04f42e959fd8f5df0a?s=96&d=mm&r=g\",\"caption\":\"NOTICIASMERCEDINAS.COM\"},\"url\":\"https:\\\/\\\/noticiasmercedinas.com\\\/site\\\/author\\\/anonimo\\\/\"}]}<\/script>\n<!-- \/ Yoast SEO plugin. -->","yoast_head_json":{"title":"Empiezan las actividades por los 100 a\u00f1os del Museo Udaondo de Luj\u00e1n","robots":{"index":"index","follow":"follow","max-snippet":"max-snippet:-1","max-image-preview":"max-image-preview:large","max-video-preview":"max-video-preview:-1"},"canonical":"https:\/\/noticiasmercedinas.com\/site\/2023\/10\/06\/empiezan-las-actividades-por-los-100-anos-del-museo-udaondo-de-lujan\/","og_locale":"es_ES","og_type":"article","og_title":"Empiezan las actividades por los 100 a\u00f1os del Museo Udaondo de Luj\u00e1n","og_description":"\u25a0 La instituci\u00f3n celebra el mes de su centenario con la inauguraci\u00f3n de BIENALSUR, festivales, talleres y conciertos. Incluye la presentaci\u00f3n del Libro \u201c100 a\u00f1os del Museo\u201d, donde se relata su historia","og_url":"https:\/\/noticiasmercedinas.com\/site\/2023\/10\/06\/empiezan-las-actividades-por-los-100-anos-del-museo-udaondo-de-lujan\/","og_site_name":"NOTICIASMERCEDINAS.COM","article_publisher":"https:\/\/www.facebook.com\/noticiasmercedinas\/","article_published_time":"2023-10-06T18:49:55+00:00","og_image":[{"width":700,"height":500,"url":"https:\/\/noticiasmercedinas.com\/site\/wp-content\/uploads\/2023\/10\/Museo_Udaondo_de_Lujan.jpg","type":"image\/jpeg"}],"author":"NOTICIASMERCEDINAS.COM","twitter_card":"summary_large_image","twitter_creator":"@notmercedinas","twitter_site":"@notmercedinas","twitter_misc":{"Escrito por":"NOTICIASMERCEDINAS.COM","Tiempo de lectura":"6 minutos"},"schema":{"@context":"https:\/\/schema.org","@graph":[{"@type":"Article","@id":"https:\/\/noticiasmercedinas.com\/site\/2023\/10\/06\/empiezan-las-actividades-por-los-100-anos-del-museo-udaondo-de-lujan\/#article","isPartOf":{"@id":"https:\/\/noticiasmercedinas.com\/site\/2023\/10\/06\/empiezan-las-actividades-por-los-100-anos-del-museo-udaondo-de-lujan\/"},"author":{"name":"NOTICIASMERCEDINAS.COM","@id":"https:\/\/noticiasmercedinas.com\/site\/#\/schema\/person\/84b59c099c28ff2e8b77d4ceec5d8063"},"headline":"Empiezan las actividades por los 100 a\u00f1os del Museo Udaondo de Luj\u00e1n","datePublished":"2023-10-06T18:49:55+00:00","mainEntityOfPage":{"@id":"https:\/\/noticiasmercedinas.com\/site\/2023\/10\/06\/empiezan-las-actividades-por-los-100-anos-del-museo-udaondo-de-lujan\/"},"wordCount":1255,"publisher":{"@id":"https:\/\/noticiasmercedinas.com\/site\/#organization"},"image":{"@id":"https:\/\/noticiasmercedinas.com\/site\/2023\/10\/06\/empiezan-las-actividades-por-los-100-anos-del-museo-udaondo-de-lujan\/#primaryimage"},"thumbnailUrl":"https:\/\/noticiasmercedinas.com\/site\/wp-content\/uploads\/2023\/10\/Museo_Udaondo_de_Lujan.jpg","keywords":["lujan","museo udaondo"],"articleSection":["Regionales"],"inLanguage":"es"},{"@type":"WebPage","@id":"https:\/\/noticiasmercedinas.com\/site\/2023\/10\/06\/empiezan-las-actividades-por-los-100-anos-del-museo-udaondo-de-lujan\/","url":"https:\/\/noticiasmercedinas.com\/site\/2023\/10\/06\/empiezan-las-actividades-por-los-100-anos-del-museo-udaondo-de-lujan\/","name":"Empiezan las actividades por los 100 a\u00f1os del Museo Udaondo de Luj\u00e1n","isPartOf":{"@id":"https:\/\/noticiasmercedinas.com\/site\/#website"},"primaryImageOfPage":{"@id":"https:\/\/noticiasmercedinas.com\/site\/2023\/10\/06\/empiezan-las-actividades-por-los-100-anos-del-museo-udaondo-de-lujan\/#primaryimage"},"image":{"@id":"https:\/\/noticiasmercedinas.com\/site\/2023\/10\/06\/empiezan-las-actividades-por-los-100-anos-del-museo-udaondo-de-lujan\/#primaryimage"},"thumbnailUrl":"https:\/\/noticiasmercedinas.com\/site\/wp-content\/uploads\/2023\/10\/Museo_Udaondo_de_Lujan.jpg","datePublished":"2023-10-06T18:49:55+00:00","breadcrumb":{"@id":"https:\/\/noticiasmercedinas.com\/site\/2023\/10\/06\/empiezan-las-actividades-por-los-100-anos-del-museo-udaondo-de-lujan\/#breadcrumb"},"inLanguage":"es","potentialAction":[{"@type":"ReadAction","target":["https:\/\/noticiasmercedinas.com\/site\/2023\/10\/06\/empiezan-las-actividades-por-los-100-anos-del-museo-udaondo-de-lujan\/"]}]},{"@type":"ImageObject","inLanguage":"es","@id":"https:\/\/noticiasmercedinas.com\/site\/2023\/10\/06\/empiezan-las-actividades-por-los-100-anos-del-museo-udaondo-de-lujan\/#primaryimage","url":"https:\/\/noticiasmercedinas.com\/site\/wp-content\/uploads\/2023\/10\/Museo_Udaondo_de_Lujan.jpg","contentUrl":"https:\/\/noticiasmercedinas.com\/site\/wp-content\/uploads\/2023\/10\/Museo_Udaondo_de_Lujan.jpg","width":700,"height":500},{"@type":"BreadcrumbList","@id":"https:\/\/noticiasmercedinas.com\/site\/2023\/10\/06\/empiezan-las-actividades-por-los-100-anos-del-museo-udaondo-de-lujan\/#breadcrumb","itemListElement":[{"@type":"ListItem","position":1,"name":"Portada","item":"https:\/\/noticiasmercedinas.com\/site\/"},{"@type":"ListItem","position":2,"name":"Empiezan las actividades por los 100 a\u00f1os del Museo Udaondo de Luj\u00e1n"}]},{"@type":"WebSite","@id":"https:\/\/noticiasmercedinas.com\/site\/#website","url":"https:\/\/noticiasmercedinas.com\/site\/","name":"NOTICIASMERCEDINAS.COM","description":"Mercedes, Buenos Aires, Argentina","publisher":{"@id":"https:\/\/noticiasmercedinas.com\/site\/#organization"},"potentialAction":[{"@type":"SearchAction","target":{"@type":"EntryPoint","urlTemplate":"https:\/\/noticiasmercedinas.com\/site\/?s={search_term_string}"},"query-input":{"@type":"PropertyValueSpecification","valueRequired":true,"valueName":"search_term_string"}}],"inLanguage":"es"},{"@type":"Organization","@id":"https:\/\/noticiasmercedinas.com\/site\/#organization","name":"NOTICIASMERCEDINAS.COM","url":"https:\/\/noticiasmercedinas.com\/site\/","logo":{"@type":"ImageObject","inLanguage":"es","@id":"https:\/\/noticiasmercedinas.com\/site\/#\/schema\/logo\/image\/","url":"https:\/\/noticiasmercedinas.com\/site\/wp-content\/uploads\/2020\/06\/LOGO-512.jpg","contentUrl":"https:\/\/noticiasmercedinas.com\/site\/wp-content\/uploads\/2020\/06\/LOGO-512.jpg","width":512,"height":512,"caption":"NOTICIASMERCEDINAS.COM"},"image":{"@id":"https:\/\/noticiasmercedinas.com\/site\/#\/schema\/logo\/image\/"},"sameAs":["https:\/\/www.facebook.com\/noticiasmercedinas\/","https:\/\/x.com\/notmercedinas","https:\/\/www.instagram.com\/noticiasmercedinas\/"]},{"@type":"Person","@id":"https:\/\/noticiasmercedinas.com\/site\/#\/schema\/person\/84b59c099c28ff2e8b77d4ceec5d8063","name":"NOTICIASMERCEDINAS.COM","image":{"@type":"ImageObject","inLanguage":"es","@id":"https:\/\/secure.gravatar.com\/avatar\/4dfbf16b4d17945bfb6341b2d19043457132fcf478a5ee04f42e959fd8f5df0a?s=96&d=mm&r=g","url":"https:\/\/secure.gravatar.com\/avatar\/4dfbf16b4d17945bfb6341b2d19043457132fcf478a5ee04f42e959fd8f5df0a?s=96&d=mm&r=g","contentUrl":"https:\/\/secure.gravatar.com\/avatar\/4dfbf16b4d17945bfb6341b2d19043457132fcf478a5ee04f42e959fd8f5df0a?s=96&d=mm&r=g","caption":"NOTICIASMERCEDINAS.COM"},"url":"https:\/\/noticiasmercedinas.com\/site\/author\/anonimo\/"}]}},"amp_enabled":true,"_links":{"self":[{"href":"https:\/\/noticiasmercedinas.com\/site\/wp-json\/wp\/v2\/posts\/124241","targetHints":{"allow":["GET"]}}],"collection":[{"href":"https:\/\/noticiasmercedinas.com\/site\/wp-json\/wp\/v2\/posts"}],"about":[{"href":"https:\/\/noticiasmercedinas.com\/site\/wp-json\/wp\/v2\/types\/post"}],"author":[{"embeddable":true,"href":"https:\/\/noticiasmercedinas.com\/site\/wp-json\/wp\/v2\/users\/16"}],"replies":[{"embeddable":true,"href":"https:\/\/noticiasmercedinas.com\/site\/wp-json\/wp\/v2\/comments?post=124241"}],"version-history":[{"count":1,"href":"https:\/\/noticiasmercedinas.com\/site\/wp-json\/wp\/v2\/posts\/124241\/revisions"}],"predecessor-version":[{"id":124243,"href":"https:\/\/noticiasmercedinas.com\/site\/wp-json\/wp\/v2\/posts\/124241\/revisions\/124243"}],"wp:featuredmedia":[{"embeddable":true,"href":"https:\/\/noticiasmercedinas.com\/site\/wp-json\/wp\/v2\/media\/124242"}],"wp:attachment":[{"href":"https:\/\/noticiasmercedinas.com\/site\/wp-json\/wp\/v2\/media?parent=124241"}],"wp:term":[{"taxonomy":"category","embeddable":true,"href":"https:\/\/noticiasmercedinas.com\/site\/wp-json\/wp\/v2\/categories?post=124241"},{"taxonomy":"post_tag","embeddable":true,"href":"https:\/\/noticiasmercedinas.com\/site\/wp-json\/wp\/v2\/tags?post=124241"}],"curies":[{"name":"wp","href":"https:\/\/api.w.org\/{rel}","templated":true}]}}