{"id":124342,"date":"2023-10-08T21:07:20","date_gmt":"2023-10-09T00:07:20","guid":{"rendered":"https:\/\/noticiasmercedinas.com\/site\/?p=124342"},"modified":"2023-10-08T21:07:20","modified_gmt":"2023-10-09T00:07:20","slug":"tomas-pescio-prodigio-del-tenis-se-corona-campeon-en-el-abierto-de-junin","status":"publish","type":"post","link":"https:\/\/noticiasmercedinas.com\/site\/2023\/10\/08\/tomas-pescio-prodigio-del-tenis-se-corona-campeon-en-el-abierto-de-junin\/","title":{"rendered":"Tom\u00e1s Pescio, prodigio del tenis, se corona campe\u00f3n en el Abierto de Jun\u00edn"},"content":{"rendered":"<p><img loading=\"lazy\" decoding=\"async\" class=\"alignnone wp-image-124344 size-full\" src=\"https:\/\/noticiasmercedinas.com\/site\/wp-content\/uploads\/2023\/10\/IMG-20231008-WA0013-e1696807399901.jpg\" alt=\"\" width=\"1200\" height=\"778\" srcset=\"https:\/\/noticiasmercedinas.com\/site\/wp-content\/uploads\/2023\/10\/IMG-20231008-WA0013-e1696807399901.jpg 1200w, https:\/\/noticiasmercedinas.com\/site\/wp-content\/uploads\/2023\/10\/IMG-20231008-WA0013-e1696807399901-300x194.jpg 300w, https:\/\/noticiasmercedinas.com\/site\/wp-content\/uploads\/2023\/10\/IMG-20231008-WA0013-e1696807399901-1024x664.jpg 1024w, https:\/\/noticiasmercedinas.com\/site\/wp-content\/uploads\/2023\/10\/IMG-20231008-WA0013-e1696807399901-768x498.jpg 768w, https:\/\/noticiasmercedinas.com\/site\/wp-content\/uploads\/2023\/10\/IMG-20231008-WA0013-e1696807399901-600x388.jpg 600w, https:\/\/noticiasmercedinas.com\/site\/wp-content\/uploads\/2023\/10\/IMG-20231008-WA0013-e1696807399901-640x415.jpg 640w, https:\/\/noticiasmercedinas.com\/site\/wp-content\/uploads\/2023\/10\/IMG-20231008-WA0013-e1696807399901-681x442.jpg 681w\" sizes=\"auto, (max-width: 1200px) 100vw, 1200px\" \/><\/p>\n<p>El tenista mercedino, <strong>Tom\u00e1s Pescio<\/strong>, est\u00e1 escribiendo su propia historia en el mundo del tenis a una edad temprana, y su \u00faltima haza\u00f1a lo confirma como una promesa en ascenso. Con tan solo 12 a\u00f1os (cumplir\u00e1 13 este mes), Pescio se alz\u00f3 con el t\u00edtulo en la categor\u00eda sub 14 a\u00f1os del Abierto de Junin, un torneo de alto nivel que cont\u00f3 con la participaci\u00f3n de los mejores jugadores de la zona oeste de la provincia.<\/p>\n<p>El joven prodigio comenz\u00f3 su camino hacia el campeonato el s\u00e1bado, cuando se enfrent\u00f3 a Danieri en los cuartos de final y lo derrot\u00f3 de manera convincente con un marcador de 6\/1 6\/1. Luego, en las semifinales, Pescio continu\u00f3 su racha triunfante al vencer a Tomas Burgos de Pergamino por un contundente 6\/0 6\/2.<\/p>\n<p>Sin embargo, la verdadera emoci\u00f3n lleg\u00f3 en la final que se celebr\u00f3 este domingo, donde se enfrent\u00f3 a I\u00f1aki Carabsais de la ciudad de Nueve de Julio. El partido fue un verdadero enfrentamiento \u00e9pico, con un tercer set que culmin\u00f3 en un super tie break. Pescio finalmente se impuso con un marcador de 2\/6 6\/3 10\/4, asegurando su lugar en la historia como el campe\u00f3n del Abierto de Junin en la categor\u00eda sub 14 a\u00f1os.<\/p>\n<p>Este logro impresionante y el talento innegable de Tom\u00e1s Pescio han dejado a todos maravillados. Sin duda, este joven atleta tiene un futuro prometedor por delante.<\/p>\n<p><img loading=\"lazy\" decoding=\"async\" class=\"alignnone size-large wp-image-124343\" src=\"https:\/\/noticiasmercedinas.com\/site\/wp-content\/uploads\/2023\/10\/IMG-20231008-WA0012-e1696809953739-684x1024.jpg\" alt=\"\" width=\"640\" height=\"958\" srcset=\"https:\/\/noticiasmercedinas.com\/site\/wp-content\/uploads\/2023\/10\/IMG-20231008-WA0012-e1696809953739-684x1024.jpg 684w, https:\/\/noticiasmercedinas.com\/site\/wp-content\/uploads\/2023\/10\/IMG-20231008-WA0012-e1696809953739-200x300.jpg 200w, https:\/\/noticiasmercedinas.com\/site\/wp-content\/uploads\/2023\/10\/IMG-20231008-WA0012-e1696809953739-768x1151.jpg 768w, https:\/\/noticiasmercedinas.com\/site\/wp-content\/uploads\/2023\/10\/IMG-20231008-WA0012-e1696809953739-640x959.jpg 640w, https:\/\/noticiasmercedinas.com\/site\/wp-content\/uploads\/2023\/10\/IMG-20231008-WA0012-e1696809953739-681x1020.jpg 681w, https:\/\/noticiasmercedinas.com\/site\/wp-content\/uploads\/2023\/10\/IMG-20231008-WA0012-e1696809953739.jpg 813w\" sizes=\"auto, (max-width: 640px) 100vw, 640px\" \/><\/p>\n","protected":false},"excerpt":{"rendered":"<p>\u25a0 Este domingo se enfrent\u00f3 a I\u00f1aki Carabsais de la ciudad de Nueve de Julio. El partido fue \u00e9pico: se impuso con un marcador de 2\/6 6\/3 10\/4<\/p>\n","protected":false},"author":16,"featured_media":124344,"comment_status":"closed","ping_status":"closed","sticky":false,"template":"","format":"standard","meta":{"footnotes":""},"categories":[5],"tags":[133,13965],"class_list":["post-124342","post","type-post","status-publish","format-standard","has-post-thumbnail","hentry","category-deportes","tag-tenis","tag-tomas-pescio"],"yoast_head":"<!-- This site is optimized with the Yoast SEO plugin v27.4 - https:\/\/yoast.com\/product\/yoast-seo-wordpress\/ -->\n<title>Tom\u00e1s Pescio, prodigio del tenis, se corona campe\u00f3n en el Abierto de Jun\u00edn<\/title>\n<meta name=\"robots\" content=\"index, follow, max-snippet:-1, max-image-preview:large, max-video-preview:-1\" \/>\n<link rel=\"canonical\" href=\"https:\/\/noticiasmercedinas.com\/site\/2023\/10\/08\/tomas-pescio-prodigio-del-tenis-se-corona-campeon-en-el-abierto-de-junin\/\" \/>\n<meta property=\"og:locale\" content=\"es_ES\" \/>\n<meta property=\"og:type\" content=\"article\" \/>\n<meta property=\"og:title\" content=\"Tom\u00e1s Pescio, prodigio del tenis, se corona campe\u00f3n en el Abierto de Jun\u00edn\" \/>\n<meta property=\"og:description\" content=\"\u25a0 Este domingo se enfrent\u00f3 a I\u00f1aki Carabsais de la ciudad de Nueve de Julio. El partido fue \u00e9pico: se impuso con un marcador de 2\/6 6\/3 10\/4\" \/>\n<meta property=\"og:url\" content=\"https:\/\/noticiasmercedinas.com\/site\/2023\/10\/08\/tomas-pescio-prodigio-del-tenis-se-corona-campeon-en-el-abierto-de-junin\/\" \/>\n<meta property=\"og:site_name\" content=\"NOTICIASMERCEDINAS.COM\" \/>\n<meta property=\"article:publisher\" content=\"https:\/\/www.facebook.com\/noticiasmercedinas\/\" \/>\n<meta property=\"article:published_time\" content=\"2023-10-09T00:07:20+00:00\" \/>\n<meta property=\"og:image\" content=\"https:\/\/noticiasmercedinas.com\/site\/wp-content\/uploads\/2023\/10\/IMG-20231008-WA0013-e1696807399901.jpg\" \/>\n\t<meta property=\"og:image:width\" content=\"1200\" \/>\n\t<meta property=\"og:image:height\" content=\"778\" \/>\n\t<meta property=\"og:image:type\" content=\"image\/jpeg\" \/>\n<meta name=\"author\" content=\"NOTICIASMERCEDINAS.COM\" \/>\n<meta name=\"twitter:card\" content=\"summary_large_image\" \/>\n<meta name=\"twitter:creator\" content=\"@notmercedinas\" \/>\n<meta name=\"twitter:site\" content=\"@notmercedinas\" \/>\n<meta name=\"twitter:label1\" content=\"Escrito por\" \/>\n\t<meta name=\"twitter:data1\" content=\"NOTICIASMERCEDINAS.COM\" \/>\n\t<meta name=\"twitter:label2\" content=\"Tiempo de lectura\" \/>\n\t<meta name=\"twitter:data2\" content=\"2 minutos\" \/>\n<script type=\"application\/ld+json\" class=\"yoast-schema-graph\">{\"@context\":\"https:\\\/\\\/schema.org\",\"@graph\":[{\"@type\":\"Article\",\"@id\":\"https:\\\/\\\/noticiasmercedinas.com\\\/site\\\/2023\\\/10\\\/08\\\/tomas-pescio-prodigio-del-tenis-se-corona-campeon-en-el-abierto-de-junin\\\/#article\",\"isPartOf\":{\"@id\":\"https:\\\/\\\/noticiasmercedinas.com\\\/site\\\/2023\\\/10\\\/08\\\/tomas-pescio-prodigio-del-tenis-se-corona-campeon-en-el-abierto-de-junin\\\/\"},\"author\":{\"name\":\"NOTICIASMERCEDINAS.COM\",\"@id\":\"https:\\\/\\\/noticiasmercedinas.com\\\/site\\\/#\\\/schema\\\/person\\\/84b59c099c28ff2e8b77d4ceec5d8063\"},\"headline\":\"Tom\u00e1s Pescio, prodigio del tenis, se corona campe\u00f3n en el Abierto de Jun\u00edn\",\"datePublished\":\"2023-10-09T00:07:20+00:00\",\"mainEntityOfPage\":{\"@id\":\"https:\\\/\\\/noticiasmercedinas.com\\\/site\\\/2023\\\/10\\\/08\\\/tomas-pescio-prodigio-del-tenis-se-corona-campeon-en-el-abierto-de-junin\\\/\"},\"wordCount\":250,\"publisher\":{\"@id\":\"https:\\\/\\\/noticiasmercedinas.com\\\/site\\\/#organization\"},\"image\":{\"@id\":\"https:\\\/\\\/noticiasmercedinas.com\\\/site\\\/2023\\\/10\\\/08\\\/tomas-pescio-prodigio-del-tenis-se-corona-campeon-en-el-abierto-de-junin\\\/#primaryimage\"},\"thumbnailUrl\":\"https:\\\/\\\/noticiasmercedinas.com\\\/site\\\/wp-content\\\/uploads\\\/2023\\\/10\\\/IMG-20231008-WA0013-e1696807399901.jpg\",\"keywords\":[\"tenis\",\"tomas pescio\"],\"articleSection\":[\"Deportes\"],\"inLanguage\":\"es\"},{\"@type\":\"WebPage\",\"@id\":\"https:\\\/\\\/noticiasmercedinas.com\\\/site\\\/2023\\\/10\\\/08\\\/tomas-pescio-prodigio-del-tenis-se-corona-campeon-en-el-abierto-de-junin\\\/\",\"url\":\"https:\\\/\\\/noticiasmercedinas.com\\\/site\\\/2023\\\/10\\\/08\\\/tomas-pescio-prodigio-del-tenis-se-corona-campeon-en-el-abierto-de-junin\\\/\",\"name\":\"Tom\u00e1s Pescio, prodigio del tenis, se corona campe\u00f3n en el Abierto de Jun\u00edn\",\"isPartOf\":{\"@id\":\"https:\\\/\\\/noticiasmercedinas.com\\\/site\\\/#website\"},\"primaryImageOfPage\":{\"@id\":\"https:\\\/\\\/noticiasmercedinas.com\\\/site\\\/2023\\\/10\\\/08\\\/tomas-pescio-prodigio-del-tenis-se-corona-campeon-en-el-abierto-de-junin\\\/#primaryimage\"},\"image\":{\"@id\":\"https:\\\/\\\/noticiasmercedinas.com\\\/site\\\/2023\\\/10\\\/08\\\/tomas-pescio-prodigio-del-tenis-se-corona-campeon-en-el-abierto-de-junin\\\/#primaryimage\"},\"thumbnailUrl\":\"https:\\\/\\\/noticiasmercedinas.com\\\/site\\\/wp-content\\\/uploads\\\/2023\\\/10\\\/IMG-20231008-WA0013-e1696807399901.jpg\",\"datePublished\":\"2023-10-09T00:07:20+00:00\",\"breadcrumb\":{\"@id\":\"https:\\\/\\\/noticiasmercedinas.com\\\/site\\\/2023\\\/10\\\/08\\\/tomas-pescio-prodigio-del-tenis-se-corona-campeon-en-el-abierto-de-junin\\\/#breadcrumb\"},\"inLanguage\":\"es\",\"potentialAction\":[{\"@type\":\"ReadAction\",\"target\":[\"https:\\\/\\\/noticiasmercedinas.com\\\/site\\\/2023\\\/10\\\/08\\\/tomas-pescio-prodigio-del-tenis-se-corona-campeon-en-el-abierto-de-junin\\\/\"]}]},{\"@type\":\"ImageObject\",\"inLanguage\":\"es\",\"@id\":\"https:\\\/\\\/noticiasmercedinas.com\\\/site\\\/2023\\\/10\\\/08\\\/tomas-pescio-prodigio-del-tenis-se-corona-campeon-en-el-abierto-de-junin\\\/#primaryimage\",\"url\":\"https:\\\/\\\/noticiasmercedinas.com\\\/site\\\/wp-content\\\/uploads\\\/2023\\\/10\\\/IMG-20231008-WA0013-e1696807399901.jpg\",\"contentUrl\":\"https:\\\/\\\/noticiasmercedinas.com\\\/site\\\/wp-content\\\/uploads\\\/2023\\\/10\\\/IMG-20231008-WA0013-e1696807399901.jpg\",\"width\":1200,\"height\":778},{\"@type\":\"BreadcrumbList\",\"@id\":\"https:\\\/\\\/noticiasmercedinas.com\\\/site\\\/2023\\\/10\\\/08\\\/tomas-pescio-prodigio-del-tenis-se-corona-campeon-en-el-abierto-de-junin\\\/#breadcrumb\",\"itemListElement\":[{\"@type\":\"ListItem\",\"position\":1,\"name\":\"Portada\",\"item\":\"https:\\\/\\\/noticiasmercedinas.com\\\/site\\\/\"},{\"@type\":\"ListItem\",\"position\":2,\"name\":\"Tom\u00e1s Pescio, prodigio del tenis, se corona campe\u00f3n en el Abierto de Jun\u00edn\"}]},{\"@type\":\"WebSite\",\"@id\":\"https:\\\/\\\/noticiasmercedinas.com\\\/site\\\/#website\",\"url\":\"https:\\\/\\\/noticiasmercedinas.com\\\/site\\\/\",\"name\":\"NOTICIASMERCEDINAS.COM\",\"description\":\"Mercedes, Buenos Aires, Argentina\",\"publisher\":{\"@id\":\"https:\\\/\\\/noticiasmercedinas.com\\\/site\\\/#organization\"},\"potentialAction\":[{\"@type\":\"SearchAction\",\"target\":{\"@type\":\"EntryPoint\",\"urlTemplate\":\"https:\\\/\\\/noticiasmercedinas.com\\\/site\\\/?s={search_term_string}\"},\"query-input\":{\"@type\":\"PropertyValueSpecification\",\"valueRequired\":true,\"valueName\":\"search_term_string\"}}],\"inLanguage\":\"es\"},{\"@type\":\"Organization\",\"@id\":\"https:\\\/\\\/noticiasmercedinas.com\\\/site\\\/#organization\",\"name\":\"NOTICIASMERCEDINAS.COM\",\"url\":\"https:\\\/\\\/noticiasmercedinas.com\\\/site\\\/\",\"logo\":{\"@type\":\"ImageObject\",\"inLanguage\":\"es\",\"@id\":\"https:\\\/\\\/noticiasmercedinas.com\\\/site\\\/#\\\/schema\\\/logo\\\/image\\\/\",\"url\":\"https:\\\/\\\/noticiasmercedinas.com\\\/site\\\/wp-content\\\/uploads\\\/2020\\\/06\\\/LOGO-512.jpg\",\"contentUrl\":\"https:\\\/\\\/noticiasmercedinas.com\\\/site\\\/wp-content\\\/uploads\\\/2020\\\/06\\\/LOGO-512.jpg\",\"width\":512,\"height\":512,\"caption\":\"NOTICIASMERCEDINAS.COM\"},\"image\":{\"@id\":\"https:\\\/\\\/noticiasmercedinas.com\\\/site\\\/#\\\/schema\\\/logo\\\/image\\\/\"},\"sameAs\":[\"https:\\\/\\\/www.facebook.com\\\/noticiasmercedinas\\\/\",\"https:\\\/\\\/x.com\\\/notmercedinas\",\"https:\\\/\\\/www.instagram.com\\\/noticiasmercedinas\\\/\"]},{\"@type\":\"Person\",\"@id\":\"https:\\\/\\\/noticiasmercedinas.com\\\/site\\\/#\\\/schema\\\/person\\\/84b59c099c28ff2e8b77d4ceec5d8063\",\"name\":\"NOTICIASMERCEDINAS.COM\",\"image\":{\"@type\":\"ImageObject\",\"inLanguage\":\"es\",\"@id\":\"https:\\\/\\\/secure.gravatar.com\\\/avatar\\\/4dfbf16b4d17945bfb6341b2d19043457132fcf478a5ee04f42e959fd8f5df0a?s=96&d=mm&r=g\",\"url\":\"https:\\\/\\\/secure.gravatar.com\\\/avatar\\\/4dfbf16b4d17945bfb6341b2d19043457132fcf478a5ee04f42e959fd8f5df0a?s=96&d=mm&r=g\",\"contentUrl\":\"https:\\\/\\\/secure.gravatar.com\\\/avatar\\\/4dfbf16b4d17945bfb6341b2d19043457132fcf478a5ee04f42e959fd8f5df0a?s=96&d=mm&r=g\",\"caption\":\"NOTICIASMERCEDINAS.COM\"},\"url\":\"https:\\\/\\\/noticiasmercedinas.com\\\/site\\\/author\\\/anonimo\\\/\"}]}<\/script>\n<!-- \/ Yoast SEO plugin. -->","yoast_head_json":{"title":"Tom\u00e1s Pescio, prodigio del tenis, se corona campe\u00f3n en el Abierto de Jun\u00edn","robots":{"index":"index","follow":"follow","max-snippet":"max-snippet:-1","max-image-preview":"max-image-preview:large","max-video-preview":"max-video-preview:-1"},"canonical":"https:\/\/noticiasmercedinas.com\/site\/2023\/10\/08\/tomas-pescio-prodigio-del-tenis-se-corona-campeon-en-el-abierto-de-junin\/","og_locale":"es_ES","og_type":"article","og_title":"Tom\u00e1s Pescio, prodigio del tenis, se corona campe\u00f3n en el Abierto de Jun\u00edn","og_description":"\u25a0 Este domingo se enfrent\u00f3 a I\u00f1aki Carabsais de la ciudad de Nueve de Julio. El partido fue \u00e9pico: se impuso con un marcador de 2\/6 6\/3 10\/4","og_url":"https:\/\/noticiasmercedinas.com\/site\/2023\/10\/08\/tomas-pescio-prodigio-del-tenis-se-corona-campeon-en-el-abierto-de-junin\/","og_site_name":"NOTICIASMERCEDINAS.COM","article_publisher":"https:\/\/www.facebook.com\/noticiasmercedinas\/","article_published_time":"2023-10-09T00:07:20+00:00","og_image":[{"width":1200,"height":778,"url":"https:\/\/noticiasmercedinas.com\/site\/wp-content\/uploads\/2023\/10\/IMG-20231008-WA0013-e1696807399901.jpg","type":"image\/jpeg"}],"author":"NOTICIASMERCEDINAS.COM","twitter_card":"summary_large_image","twitter_creator":"@notmercedinas","twitter_site":"@notmercedinas","twitter_misc":{"Escrito por":"NOTICIASMERCEDINAS.COM","Tiempo de lectura":"2 minutos"},"schema":{"@context":"https:\/\/schema.org","@graph":[{"@type":"Article","@id":"https:\/\/noticiasmercedinas.com\/site\/2023\/10\/08\/tomas-pescio-prodigio-del-tenis-se-corona-campeon-en-el-abierto-de-junin\/#article","isPartOf":{"@id":"https:\/\/noticiasmercedinas.com\/site\/2023\/10\/08\/tomas-pescio-prodigio-del-tenis-se-corona-campeon-en-el-abierto-de-junin\/"},"author":{"name":"NOTICIASMERCEDINAS.COM","@id":"https:\/\/noticiasmercedinas.com\/site\/#\/schema\/person\/84b59c099c28ff2e8b77d4ceec5d8063"},"headline":"Tom\u00e1s Pescio, prodigio del tenis, se corona campe\u00f3n en el Abierto de Jun\u00edn","datePublished":"2023-10-09T00:07:20+00:00","mainEntityOfPage":{"@id":"https:\/\/noticiasmercedinas.com\/site\/2023\/10\/08\/tomas-pescio-prodigio-del-tenis-se-corona-campeon-en-el-abierto-de-junin\/"},"wordCount":250,"publisher":{"@id":"https:\/\/noticiasmercedinas.com\/site\/#organization"},"image":{"@id":"https:\/\/noticiasmercedinas.com\/site\/2023\/10\/08\/tomas-pescio-prodigio-del-tenis-se-corona-campeon-en-el-abierto-de-junin\/#primaryimage"},"thumbnailUrl":"https:\/\/noticiasmercedinas.com\/site\/wp-content\/uploads\/2023\/10\/IMG-20231008-WA0013-e1696807399901.jpg","keywords":["tenis","tomas pescio"],"articleSection":["Deportes"],"inLanguage":"es"},{"@type":"WebPage","@id":"https:\/\/noticiasmercedinas.com\/site\/2023\/10\/08\/tomas-pescio-prodigio-del-tenis-se-corona-campeon-en-el-abierto-de-junin\/","url":"https:\/\/noticiasmercedinas.com\/site\/2023\/10\/08\/tomas-pescio-prodigio-del-tenis-se-corona-campeon-en-el-abierto-de-junin\/","name":"Tom\u00e1s Pescio, prodigio del tenis, se corona campe\u00f3n en el Abierto de Jun\u00edn","isPartOf":{"@id":"https:\/\/noticiasmercedinas.com\/site\/#website"},"primaryImageOfPage":{"@id":"https:\/\/noticiasmercedinas.com\/site\/2023\/10\/08\/tomas-pescio-prodigio-del-tenis-se-corona-campeon-en-el-abierto-de-junin\/#primaryimage"},"image":{"@id":"https:\/\/noticiasmercedinas.com\/site\/2023\/10\/08\/tomas-pescio-prodigio-del-tenis-se-corona-campeon-en-el-abierto-de-junin\/#primaryimage"},"thumbnailUrl":"https:\/\/noticiasmercedinas.com\/site\/wp-content\/uploads\/2023\/10\/IMG-20231008-WA0013-e1696807399901.jpg","datePublished":"2023-10-09T00:07:20+00:00","breadcrumb":{"@id":"https:\/\/noticiasmercedinas.com\/site\/2023\/10\/08\/tomas-pescio-prodigio-del-tenis-se-corona-campeon-en-el-abierto-de-junin\/#breadcrumb"},"inLanguage":"es","potentialAction":[{"@type":"ReadAction","target":["https:\/\/noticiasmercedinas.com\/site\/2023\/10\/08\/tomas-pescio-prodigio-del-tenis-se-corona-campeon-en-el-abierto-de-junin\/"]}]},{"@type":"ImageObject","inLanguage":"es","@id":"https:\/\/noticiasmercedinas.com\/site\/2023\/10\/08\/tomas-pescio-prodigio-del-tenis-se-corona-campeon-en-el-abierto-de-junin\/#primaryimage","url":"https:\/\/noticiasmercedinas.com\/site\/wp-content\/uploads\/2023\/10\/IMG-20231008-WA0013-e1696807399901.jpg","contentUrl":"https:\/\/noticiasmercedinas.com\/site\/wp-content\/uploads\/2023\/10\/IMG-20231008-WA0013-e1696807399901.jpg","width":1200,"height":778},{"@type":"BreadcrumbList","@id":"https:\/\/noticiasmercedinas.com\/site\/2023\/10\/08\/tomas-pescio-prodigio-del-tenis-se-corona-campeon-en-el-abierto-de-junin\/#breadcrumb","itemListElement":[{"@type":"ListItem","position":1,"name":"Portada","item":"https:\/\/noticiasmercedinas.com\/site\/"},{"@type":"ListItem","position":2,"name":"Tom\u00e1s Pescio, prodigio del tenis, se corona campe\u00f3n en el Abierto de Jun\u00edn"}]},{"@type":"WebSite","@id":"https:\/\/noticiasmercedinas.com\/site\/#website","url":"https:\/\/noticiasmercedinas.com\/site\/","name":"NOTICIASMERCEDINAS.COM","description":"Mercedes, Buenos Aires, Argentina","publisher":{"@id":"https:\/\/noticiasmercedinas.com\/site\/#organization"},"potentialAction":[{"@type":"SearchAction","target":{"@type":"EntryPoint","urlTemplate":"https:\/\/noticiasmercedinas.com\/site\/?s={search_term_string}"},"query-input":{"@type":"PropertyValueSpecification","valueRequired":true,"valueName":"search_term_string"}}],"inLanguage":"es"},{"@type":"Organization","@id":"https:\/\/noticiasmercedinas.com\/site\/#organization","name":"NOTICIASMERCEDINAS.COM","url":"https:\/\/noticiasmercedinas.com\/site\/","logo":{"@type":"ImageObject","inLanguage":"es","@id":"https:\/\/noticiasmercedinas.com\/site\/#\/schema\/logo\/image\/","url":"https:\/\/noticiasmercedinas.com\/site\/wp-content\/uploads\/2020\/06\/LOGO-512.jpg","contentUrl":"https:\/\/noticiasmercedinas.com\/site\/wp-content\/uploads\/2020\/06\/LOGO-512.jpg","width":512,"height":512,"caption":"NOTICIASMERCEDINAS.COM"},"image":{"@id":"https:\/\/noticiasmercedinas.com\/site\/#\/schema\/logo\/image\/"},"sameAs":["https:\/\/www.facebook.com\/noticiasmercedinas\/","https:\/\/x.com\/notmercedinas","https:\/\/www.instagram.com\/noticiasmercedinas\/"]},{"@type":"Person","@id":"https:\/\/noticiasmercedinas.com\/site\/#\/schema\/person\/84b59c099c28ff2e8b77d4ceec5d8063","name":"NOTICIASMERCEDINAS.COM","image":{"@type":"ImageObject","inLanguage":"es","@id":"https:\/\/secure.gravatar.com\/avatar\/4dfbf16b4d17945bfb6341b2d19043457132fcf478a5ee04f42e959fd8f5df0a?s=96&d=mm&r=g","url":"https:\/\/secure.gravatar.com\/avatar\/4dfbf16b4d17945bfb6341b2d19043457132fcf478a5ee04f42e959fd8f5df0a?s=96&d=mm&r=g","contentUrl":"https:\/\/secure.gravatar.com\/avatar\/4dfbf16b4d17945bfb6341b2d19043457132fcf478a5ee04f42e959fd8f5df0a?s=96&d=mm&r=g","caption":"NOTICIASMERCEDINAS.COM"},"url":"https:\/\/noticiasmercedinas.com\/site\/author\/anonimo\/"}]}},"amp_enabled":true,"_links":{"self":[{"href":"https:\/\/noticiasmercedinas.com\/site\/wp-json\/wp\/v2\/posts\/124342","targetHints":{"allow":["GET"]}}],"collection":[{"href":"https:\/\/noticiasmercedinas.com\/site\/wp-json\/wp\/v2\/posts"}],"about":[{"href":"https:\/\/noticiasmercedinas.com\/site\/wp-json\/wp\/v2\/types\/post"}],"author":[{"embeddable":true,"href":"https:\/\/noticiasmercedinas.com\/site\/wp-json\/wp\/v2\/users\/16"}],"replies":[{"embeddable":true,"href":"https:\/\/noticiasmercedinas.com\/site\/wp-json\/wp\/v2\/comments?post=124342"}],"version-history":[{"count":1,"href":"https:\/\/noticiasmercedinas.com\/site\/wp-json\/wp\/v2\/posts\/124342\/revisions"}],"predecessor-version":[{"id":124352,"href":"https:\/\/noticiasmercedinas.com\/site\/wp-json\/wp\/v2\/posts\/124342\/revisions\/124352"}],"wp:featuredmedia":[{"embeddable":true,"href":"https:\/\/noticiasmercedinas.com\/site\/wp-json\/wp\/v2\/media\/124344"}],"wp:attachment":[{"href":"https:\/\/noticiasmercedinas.com\/site\/wp-json\/wp\/v2\/media?parent=124342"}],"wp:term":[{"taxonomy":"category","embeddable":true,"href":"https:\/\/noticiasmercedinas.com\/site\/wp-json\/wp\/v2\/categories?post=124342"},{"taxonomy":"post_tag","embeddable":true,"href":"https:\/\/noticiasmercedinas.com\/site\/wp-json\/wp\/v2\/tags?post=124342"}],"curies":[{"name":"wp","href":"https:\/\/api.w.org\/{rel}","templated":true}]}}