{"id":124790,"date":"2023-10-15T11:32:57","date_gmt":"2023-10-15T14:32:57","guid":{"rendered":"https:\/\/noticiasmercedinas.com\/site\/?p=124790"},"modified":"2023-10-15T11:32:57","modified_gmt":"2023-10-15T14:32:57","slug":"hubo-homenajes-y-reconocimientos-por-los-40-anos-de-democracia-en-argentina","status":"publish","type":"post","link":"https:\/\/noticiasmercedinas.com\/site\/2023\/10\/15\/hubo-homenajes-y-reconocimientos-por-los-40-anos-de-democracia-en-argentina\/","title":{"rendered":"Hubo homenajes y reconocimientos por los 40 A\u00f1os de Democracia en Argentina"},"content":{"rendered":"<p><img loading=\"lazy\" decoding=\"async\" class=\"alignnone size-full wp-image-124792\" src=\"https:\/\/noticiasmercedinas.com\/site\/wp-content\/uploads\/2023\/10\/MHM_3623.jpg\" alt=\"\" width=\"640\" height=\"369\" srcset=\"https:\/\/noticiasmercedinas.com\/site\/wp-content\/uploads\/2023\/10\/MHM_3623.jpg 640w, https:\/\/noticiasmercedinas.com\/site\/wp-content\/uploads\/2023\/10\/MHM_3623-300x173.jpg 300w\" sizes=\"auto, (max-width: 640px) 100vw, 640px\" \/><\/p>\n<p>En un emotivo acto celebrado en el Teatro Argentino, la \u00abComisi\u00f3n por el 40\u00ba Aniversario de la Recuperaci\u00f3n de la Democracia\u00bb rindi\u00f3 homenaje y entreg\u00f3 reconocimientos a los concejales y consejeros escolares que han servido a la comunidad desde 1983 hasta la actualidad. Este evento marca el inicio de una serie de acciones conmemorativas que se llevar\u00e1n a cabo durante el resto del a\u00f1o.<\/p>\n<p>La Comisi\u00f3n, luego de semanas de arduo trabajo, logr\u00f3 reconstruir exhaustivamente la lista de todos los cargos p\u00fablicos ocupados en las \u00faltimas cuatro d\u00e9cadas, lo que permiti\u00f3 identificar a las personas dignas de reconocimiento.<\/p>\n<p><img loading=\"lazy\" decoding=\"async\" class=\"alignnone size-full wp-image-124791\" src=\"https:\/\/noticiasmercedinas.com\/site\/wp-content\/uploads\/2023\/10\/MHM_3498.jpg\" alt=\"\" width=\"640\" height=\"427\" srcset=\"https:\/\/noticiasmercedinas.com\/site\/wp-content\/uploads\/2023\/10\/MHM_3498.jpg 640w, https:\/\/noticiasmercedinas.com\/site\/wp-content\/uploads\/2023\/10\/MHM_3498-300x200.jpg 300w\" sizes=\"auto, (max-width: 640px) 100vw, 640px\" \/><\/p>\n<p>El acto comenz\u00f3 con una conmovedora lectura a cargo de Javier Casaretto, quien destac\u00f3 la importancia de celebrar los 40 a\u00f1os de democracia en Argentina. Casaretto expres\u00f3 que esta conmemoraci\u00f3n re\u00fane a diversas generaciones de argentinos en un esp\u00edritu de pluralismo y convivencia democr\u00e1tica.<\/p>\n<p>La comisi\u00f3n, formada por instituciones p\u00fablicas, sociales, privadas y ciudadanos particulares, tiene como objetivo resaltar el concepto de democracia a trav\u00e9s de una serie de actividades que combinar\u00e1n homenaje, recuerdo y reflexi\u00f3n.<\/p>\n<p>Jos\u00e9 Lu\u00eds Pisano, presidente del Consejo Escolar, declar\u00f3 su orgullo de ser \u00abhijo de la democracia\u00bb y destac\u00f3 la importancia de poner el Consejo a disposici\u00f3n de las escuelas y la comunidad en pro de la educaci\u00f3n p\u00fablica.<\/p>\n<p>Andrea Bozzini, en representaci\u00f3n del Concejo Deliberante, resalt\u00f3 el papel de este \u00f3rgano en el ejercicio democr\u00e1tico, el di\u00e1logo, el consenso y el respeto a las diferencias. Tambi\u00e9n celebr\u00f3 la creciente representaci\u00f3n de las mujeres en la pol\u00edtica, subrayando la importancia de valores democr\u00e1ticos como el bien com\u00fan, la libertad y el entendimiento.<\/p>\n<p><img loading=\"lazy\" decoding=\"async\" class=\"alignnone size-full wp-image-124796\" src=\"https:\/\/noticiasmercedinas.com\/site\/wp-content\/uploads\/2023\/10\/MHM_3619.jpg\" alt=\"\" width=\"640\" height=\"400\" srcset=\"https:\/\/noticiasmercedinas.com\/site\/wp-content\/uploads\/2023\/10\/MHM_3619.jpg 640w, https:\/\/noticiasmercedinas.com\/site\/wp-content\/uploads\/2023\/10\/MHM_3619-300x188.jpg 300w\" sizes=\"auto, (max-width: 640px) 100vw, 640px\" \/><\/p>\n<p>El diputado nacional Carlos Selva, quien adem\u00e1s ha servido como concejal e intendente durante doce a\u00f1os, elogi\u00f3 la iniciativa y la consider\u00f3 un repaso de la historia pol\u00edtica en un momento en que la pol\u00edtica y la democracia est\u00e1n siendo desafiadas. Selva hizo hincapi\u00e9 en la importancia de respetar la voluntad popular y colaborar en la armon\u00eda.<\/p>\n<p>El intendente Ustarroz elogi\u00f3 la iniciativa y destac\u00f3 el compromiso de los ciudadanos. Hizo hincapi\u00e9 en la colaboraci\u00f3n, el encuentro y la mejora de la democracia a medida que la pol\u00edtica se eleva. Adem\u00e1s, resalt\u00f3 la destacada convivencia pol\u00edtica en la ciudad, un patrimonio de los 40 a\u00f1os de democracia.<\/p>\n<p>La \u00abComisi\u00f3n por el 40\u00ba Aniversario de la Recuperaci\u00f3n de la Democracia\u00bb continuar\u00e1 trabajando en futuras propuestas con la participaci\u00f3n de diversos sectores de la ciudad, en busca de fortalecer la democracia en la sociedad.<\/p>\n<p><img loading=\"lazy\" decoding=\"async\" class=\"alignnone size-large wp-image-124797\" src=\"https:\/\/noticiasmercedinas.com\/site\/wp-content\/uploads\/2023\/10\/DSC09610.ARW_-1024x684.jpg\" alt=\"\" width=\"640\" height=\"428\" srcset=\"https:\/\/noticiasmercedinas.com\/site\/wp-content\/uploads\/2023\/10\/DSC09610.ARW_-1024x684.jpg 1024w, https:\/\/noticiasmercedinas.com\/site\/wp-content\/uploads\/2023\/10\/DSC09610.ARW_-300x201.jpg 300w, https:\/\/noticiasmercedinas.com\/site\/wp-content\/uploads\/2023\/10\/DSC09610.ARW_-768x513.jpg 768w, https:\/\/noticiasmercedinas.com\/site\/wp-content\/uploads\/2023\/10\/DSC09610.ARW_-537x360.jpg 537w, https:\/\/noticiasmercedinas.com\/site\/wp-content\/uploads\/2023\/10\/DSC09610.ARW_-1074x720.jpg 1074w, https:\/\/noticiasmercedinas.com\/site\/wp-content\/uploads\/2023\/10\/DSC09610.ARW_-640x428.jpg 640w, https:\/\/noticiasmercedinas.com\/site\/wp-content\/uploads\/2023\/10\/DSC09610.ARW_-1280x856.jpg 1280w, https:\/\/noticiasmercedinas.com\/site\/wp-content\/uploads\/2023\/10\/DSC09610.ARW_-681x455.jpg 681w, https:\/\/noticiasmercedinas.com\/site\/wp-content\/uploads\/2023\/10\/DSC09610.ARW_.jpg 1315w\" sizes=\"auto, (max-width: 640px) 100vw, 640px\" \/><\/p>\n","protected":false},"excerpt":{"rendered":"<p>\u25a0 Fue en el Teatro Argentino. Este evento marca el inicio de una serie de acciones conmemorativas que se llevar\u00e1n a cabo durante el resto del a\u00f1o.<\/p>\n","protected":false},"author":16,"featured_media":124792,"comment_status":"closed","ping_status":"closed","sticky":false,"template":"","format":"standard","meta":{"footnotes":""},"categories":[16],"tags":[1773,266],"class_list":["post-124790","post","type-post","status-publish","format-standard","has-post-thumbnail","hentry","category-politica","tag-democracia","tag-juan-ignacio-ustarroz"],"yoast_head":"<!-- This site is optimized with the Yoast SEO plugin v27.5 - https:\/\/yoast.com\/product\/yoast-seo-wordpress\/ -->\n<title>Hubo homenajes y reconocimientos por los 40 A\u00f1os de Democracia en Argentina<\/title>\n<meta name=\"robots\" content=\"index, follow, max-snippet:-1, max-image-preview:large, max-video-preview:-1\" \/>\n<link rel=\"canonical\" href=\"https:\/\/noticiasmercedinas.com\/site\/2023\/10\/15\/hubo-homenajes-y-reconocimientos-por-los-40-anos-de-democracia-en-argentina\/\" \/>\n<meta property=\"og:locale\" content=\"es_ES\" \/>\n<meta property=\"og:type\" content=\"article\" \/>\n<meta property=\"og:title\" content=\"Hubo homenajes y reconocimientos por los 40 A\u00f1os de Democracia en Argentina\" \/>\n<meta property=\"og:description\" content=\"\u25a0 Fue en el Teatro Argentino. Este evento marca el inicio de una serie de acciones conmemorativas que se llevar\u00e1n a cabo durante el resto del a\u00f1o.\" \/>\n<meta property=\"og:url\" content=\"https:\/\/noticiasmercedinas.com\/site\/2023\/10\/15\/hubo-homenajes-y-reconocimientos-por-los-40-anos-de-democracia-en-argentina\/\" \/>\n<meta property=\"og:site_name\" content=\"NOTICIASMERCEDINAS.COM\" \/>\n<meta property=\"article:publisher\" content=\"https:\/\/www.facebook.com\/noticiasmercedinas\/\" \/>\n<meta property=\"article:published_time\" content=\"2023-10-15T14:32:57+00:00\" \/>\n<meta property=\"og:image\" content=\"https:\/\/noticiasmercedinas.com\/site\/wp-content\/uploads\/2023\/10\/MHM_3623.jpg\" \/>\n\t<meta property=\"og:image:width\" content=\"640\" \/>\n\t<meta property=\"og:image:height\" content=\"369\" \/>\n\t<meta property=\"og:image:type\" content=\"image\/jpeg\" \/>\n<meta name=\"author\" content=\"NOTICIASMERCEDINAS.COM\" \/>\n<meta name=\"twitter:card\" content=\"summary_large_image\" \/>\n<meta name=\"twitter:creator\" content=\"@notmercedinas\" \/>\n<meta name=\"twitter:site\" content=\"@notmercedinas\" \/>\n<meta name=\"twitter:label1\" content=\"Escrito por\" \/>\n\t<meta name=\"twitter:data1\" content=\"NOTICIASMERCEDINAS.COM\" \/>\n\t<meta name=\"twitter:label2\" content=\"Tiempo de lectura\" \/>\n\t<meta name=\"twitter:data2\" content=\"3 minutos\" \/>\n<script type=\"application\/ld+json\" class=\"yoast-schema-graph\">{\"@context\":\"https:\\\/\\\/schema.org\",\"@graph\":[{\"@type\":\"Article\",\"@id\":\"https:\\\/\\\/noticiasmercedinas.com\\\/site\\\/2023\\\/10\\\/15\\\/hubo-homenajes-y-reconocimientos-por-los-40-anos-de-democracia-en-argentina\\\/#article\",\"isPartOf\":{\"@id\":\"https:\\\/\\\/noticiasmercedinas.com\\\/site\\\/2023\\\/10\\\/15\\\/hubo-homenajes-y-reconocimientos-por-los-40-anos-de-democracia-en-argentina\\\/\"},\"author\":{\"name\":\"NOTICIASMERCEDINAS.COM\",\"@id\":\"https:\\\/\\\/noticiasmercedinas.com\\\/site\\\/#\\\/schema\\\/person\\\/84b59c099c28ff2e8b77d4ceec5d8063\"},\"headline\":\"Hubo homenajes y reconocimientos por los 40 A\u00f1os de Democracia en Argentina\",\"datePublished\":\"2023-10-15T14:32:57+00:00\",\"mainEntityOfPage\":{\"@id\":\"https:\\\/\\\/noticiasmercedinas.com\\\/site\\\/2023\\\/10\\\/15\\\/hubo-homenajes-y-reconocimientos-por-los-40-anos-de-democracia-en-argentina\\\/\"},\"wordCount\":457,\"publisher\":{\"@id\":\"https:\\\/\\\/noticiasmercedinas.com\\\/site\\\/#organization\"},\"image\":{\"@id\":\"https:\\\/\\\/noticiasmercedinas.com\\\/site\\\/2023\\\/10\\\/15\\\/hubo-homenajes-y-reconocimientos-por-los-40-anos-de-democracia-en-argentina\\\/#primaryimage\"},\"thumbnailUrl\":\"https:\\\/\\\/noticiasmercedinas.com\\\/site\\\/wp-content\\\/uploads\\\/2023\\\/10\\\/MHM_3623.jpg\",\"keywords\":[\"democracia\",\"juan ignacio ustarroz\"],\"articleSection\":[\"Politica\"],\"inLanguage\":\"es\"},{\"@type\":\"WebPage\",\"@id\":\"https:\\\/\\\/noticiasmercedinas.com\\\/site\\\/2023\\\/10\\\/15\\\/hubo-homenajes-y-reconocimientos-por-los-40-anos-de-democracia-en-argentina\\\/\",\"url\":\"https:\\\/\\\/noticiasmercedinas.com\\\/site\\\/2023\\\/10\\\/15\\\/hubo-homenajes-y-reconocimientos-por-los-40-anos-de-democracia-en-argentina\\\/\",\"name\":\"Hubo homenajes y reconocimientos por los 40 A\u00f1os de Democracia en Argentina\",\"isPartOf\":{\"@id\":\"https:\\\/\\\/noticiasmercedinas.com\\\/site\\\/#website\"},\"primaryImageOfPage\":{\"@id\":\"https:\\\/\\\/noticiasmercedinas.com\\\/site\\\/2023\\\/10\\\/15\\\/hubo-homenajes-y-reconocimientos-por-los-40-anos-de-democracia-en-argentina\\\/#primaryimage\"},\"image\":{\"@id\":\"https:\\\/\\\/noticiasmercedinas.com\\\/site\\\/2023\\\/10\\\/15\\\/hubo-homenajes-y-reconocimientos-por-los-40-anos-de-democracia-en-argentina\\\/#primaryimage\"},\"thumbnailUrl\":\"https:\\\/\\\/noticiasmercedinas.com\\\/site\\\/wp-content\\\/uploads\\\/2023\\\/10\\\/MHM_3623.jpg\",\"datePublished\":\"2023-10-15T14:32:57+00:00\",\"breadcrumb\":{\"@id\":\"https:\\\/\\\/noticiasmercedinas.com\\\/site\\\/2023\\\/10\\\/15\\\/hubo-homenajes-y-reconocimientos-por-los-40-anos-de-democracia-en-argentina\\\/#breadcrumb\"},\"inLanguage\":\"es\",\"potentialAction\":[{\"@type\":\"ReadAction\",\"target\":[\"https:\\\/\\\/noticiasmercedinas.com\\\/site\\\/2023\\\/10\\\/15\\\/hubo-homenajes-y-reconocimientos-por-los-40-anos-de-democracia-en-argentina\\\/\"]}]},{\"@type\":\"ImageObject\",\"inLanguage\":\"es\",\"@id\":\"https:\\\/\\\/noticiasmercedinas.com\\\/site\\\/2023\\\/10\\\/15\\\/hubo-homenajes-y-reconocimientos-por-los-40-anos-de-democracia-en-argentina\\\/#primaryimage\",\"url\":\"https:\\\/\\\/noticiasmercedinas.com\\\/site\\\/wp-content\\\/uploads\\\/2023\\\/10\\\/MHM_3623.jpg\",\"contentUrl\":\"https:\\\/\\\/noticiasmercedinas.com\\\/site\\\/wp-content\\\/uploads\\\/2023\\\/10\\\/MHM_3623.jpg\",\"width\":640,\"height\":369},{\"@type\":\"BreadcrumbList\",\"@id\":\"https:\\\/\\\/noticiasmercedinas.com\\\/site\\\/2023\\\/10\\\/15\\\/hubo-homenajes-y-reconocimientos-por-los-40-anos-de-democracia-en-argentina\\\/#breadcrumb\",\"itemListElement\":[{\"@type\":\"ListItem\",\"position\":1,\"name\":\"Portada\",\"item\":\"https:\\\/\\\/noticiasmercedinas.com\\\/site\\\/\"},{\"@type\":\"ListItem\",\"position\":2,\"name\":\"Hubo homenajes y reconocimientos por los 40 A\u00f1os de Democracia en Argentina\"}]},{\"@type\":\"WebSite\",\"@id\":\"https:\\\/\\\/noticiasmercedinas.com\\\/site\\\/#website\",\"url\":\"https:\\\/\\\/noticiasmercedinas.com\\\/site\\\/\",\"name\":\"NOTICIASMERCEDINAS.COM\",\"description\":\"Mercedes, Buenos Aires, Argentina\",\"publisher\":{\"@id\":\"https:\\\/\\\/noticiasmercedinas.com\\\/site\\\/#organization\"},\"potentialAction\":[{\"@type\":\"SearchAction\",\"target\":{\"@type\":\"EntryPoint\",\"urlTemplate\":\"https:\\\/\\\/noticiasmercedinas.com\\\/site\\\/?s={search_term_string}\"},\"query-input\":{\"@type\":\"PropertyValueSpecification\",\"valueRequired\":true,\"valueName\":\"search_term_string\"}}],\"inLanguage\":\"es\"},{\"@type\":\"Organization\",\"@id\":\"https:\\\/\\\/noticiasmercedinas.com\\\/site\\\/#organization\",\"name\":\"NOTICIASMERCEDINAS.COM\",\"url\":\"https:\\\/\\\/noticiasmercedinas.com\\\/site\\\/\",\"logo\":{\"@type\":\"ImageObject\",\"inLanguage\":\"es\",\"@id\":\"https:\\\/\\\/noticiasmercedinas.com\\\/site\\\/#\\\/schema\\\/logo\\\/image\\\/\",\"url\":\"https:\\\/\\\/noticiasmercedinas.com\\\/site\\\/wp-content\\\/uploads\\\/2020\\\/06\\\/LOGO-512.jpg\",\"contentUrl\":\"https:\\\/\\\/noticiasmercedinas.com\\\/site\\\/wp-content\\\/uploads\\\/2020\\\/06\\\/LOGO-512.jpg\",\"width\":512,\"height\":512,\"caption\":\"NOTICIASMERCEDINAS.COM\"},\"image\":{\"@id\":\"https:\\\/\\\/noticiasmercedinas.com\\\/site\\\/#\\\/schema\\\/logo\\\/image\\\/\"},\"sameAs\":[\"https:\\\/\\\/www.facebook.com\\\/noticiasmercedinas\\\/\",\"https:\\\/\\\/x.com\\\/notmercedinas\",\"https:\\\/\\\/www.instagram.com\\\/noticiasmercedinas\\\/\"]},{\"@type\":\"Person\",\"@id\":\"https:\\\/\\\/noticiasmercedinas.com\\\/site\\\/#\\\/schema\\\/person\\\/84b59c099c28ff2e8b77d4ceec5d8063\",\"name\":\"NOTICIASMERCEDINAS.COM\",\"image\":{\"@type\":\"ImageObject\",\"inLanguage\":\"es\",\"@id\":\"https:\\\/\\\/secure.gravatar.com\\\/avatar\\\/4dfbf16b4d17945bfb6341b2d19043457132fcf478a5ee04f42e959fd8f5df0a?s=96&d=mm&r=g\",\"url\":\"https:\\\/\\\/secure.gravatar.com\\\/avatar\\\/4dfbf16b4d17945bfb6341b2d19043457132fcf478a5ee04f42e959fd8f5df0a?s=96&d=mm&r=g\",\"contentUrl\":\"https:\\\/\\\/secure.gravatar.com\\\/avatar\\\/4dfbf16b4d17945bfb6341b2d19043457132fcf478a5ee04f42e959fd8f5df0a?s=96&d=mm&r=g\",\"caption\":\"NOTICIASMERCEDINAS.COM\"},\"url\":\"https:\\\/\\\/noticiasmercedinas.com\\\/site\\\/author\\\/anonimo\\\/\"}]}<\/script>\n<!-- \/ Yoast SEO plugin. -->","yoast_head_json":{"title":"Hubo homenajes y reconocimientos por los 40 A\u00f1os de Democracia en Argentina","robots":{"index":"index","follow":"follow","max-snippet":"max-snippet:-1","max-image-preview":"max-image-preview:large","max-video-preview":"max-video-preview:-1"},"canonical":"https:\/\/noticiasmercedinas.com\/site\/2023\/10\/15\/hubo-homenajes-y-reconocimientos-por-los-40-anos-de-democracia-en-argentina\/","og_locale":"es_ES","og_type":"article","og_title":"Hubo homenajes y reconocimientos por los 40 A\u00f1os de Democracia en Argentina","og_description":"\u25a0 Fue en el Teatro Argentino. Este evento marca el inicio de una serie de acciones conmemorativas que se llevar\u00e1n a cabo durante el resto del a\u00f1o.","og_url":"https:\/\/noticiasmercedinas.com\/site\/2023\/10\/15\/hubo-homenajes-y-reconocimientos-por-los-40-anos-de-democracia-en-argentina\/","og_site_name":"NOTICIASMERCEDINAS.COM","article_publisher":"https:\/\/www.facebook.com\/noticiasmercedinas\/","article_published_time":"2023-10-15T14:32:57+00:00","og_image":[{"width":640,"height":369,"url":"https:\/\/noticiasmercedinas.com\/site\/wp-content\/uploads\/2023\/10\/MHM_3623.jpg","type":"image\/jpeg"}],"author":"NOTICIASMERCEDINAS.COM","twitter_card":"summary_large_image","twitter_creator":"@notmercedinas","twitter_site":"@notmercedinas","twitter_misc":{"Escrito por":"NOTICIASMERCEDINAS.COM","Tiempo de lectura":"3 minutos"},"schema":{"@context":"https:\/\/schema.org","@graph":[{"@type":"Article","@id":"https:\/\/noticiasmercedinas.com\/site\/2023\/10\/15\/hubo-homenajes-y-reconocimientos-por-los-40-anos-de-democracia-en-argentina\/#article","isPartOf":{"@id":"https:\/\/noticiasmercedinas.com\/site\/2023\/10\/15\/hubo-homenajes-y-reconocimientos-por-los-40-anos-de-democracia-en-argentina\/"},"author":{"name":"NOTICIASMERCEDINAS.COM","@id":"https:\/\/noticiasmercedinas.com\/site\/#\/schema\/person\/84b59c099c28ff2e8b77d4ceec5d8063"},"headline":"Hubo homenajes y reconocimientos por los 40 A\u00f1os de Democracia en Argentina","datePublished":"2023-10-15T14:32:57+00:00","mainEntityOfPage":{"@id":"https:\/\/noticiasmercedinas.com\/site\/2023\/10\/15\/hubo-homenajes-y-reconocimientos-por-los-40-anos-de-democracia-en-argentina\/"},"wordCount":457,"publisher":{"@id":"https:\/\/noticiasmercedinas.com\/site\/#organization"},"image":{"@id":"https:\/\/noticiasmercedinas.com\/site\/2023\/10\/15\/hubo-homenajes-y-reconocimientos-por-los-40-anos-de-democracia-en-argentina\/#primaryimage"},"thumbnailUrl":"https:\/\/noticiasmercedinas.com\/site\/wp-content\/uploads\/2023\/10\/MHM_3623.jpg","keywords":["democracia","juan ignacio ustarroz"],"articleSection":["Politica"],"inLanguage":"es"},{"@type":"WebPage","@id":"https:\/\/noticiasmercedinas.com\/site\/2023\/10\/15\/hubo-homenajes-y-reconocimientos-por-los-40-anos-de-democracia-en-argentina\/","url":"https:\/\/noticiasmercedinas.com\/site\/2023\/10\/15\/hubo-homenajes-y-reconocimientos-por-los-40-anos-de-democracia-en-argentina\/","name":"Hubo homenajes y reconocimientos por los 40 A\u00f1os de Democracia en Argentina","isPartOf":{"@id":"https:\/\/noticiasmercedinas.com\/site\/#website"},"primaryImageOfPage":{"@id":"https:\/\/noticiasmercedinas.com\/site\/2023\/10\/15\/hubo-homenajes-y-reconocimientos-por-los-40-anos-de-democracia-en-argentina\/#primaryimage"},"image":{"@id":"https:\/\/noticiasmercedinas.com\/site\/2023\/10\/15\/hubo-homenajes-y-reconocimientos-por-los-40-anos-de-democracia-en-argentina\/#primaryimage"},"thumbnailUrl":"https:\/\/noticiasmercedinas.com\/site\/wp-content\/uploads\/2023\/10\/MHM_3623.jpg","datePublished":"2023-10-15T14:32:57+00:00","breadcrumb":{"@id":"https:\/\/noticiasmercedinas.com\/site\/2023\/10\/15\/hubo-homenajes-y-reconocimientos-por-los-40-anos-de-democracia-en-argentina\/#breadcrumb"},"inLanguage":"es","potentialAction":[{"@type":"ReadAction","target":["https:\/\/noticiasmercedinas.com\/site\/2023\/10\/15\/hubo-homenajes-y-reconocimientos-por-los-40-anos-de-democracia-en-argentina\/"]}]},{"@type":"ImageObject","inLanguage":"es","@id":"https:\/\/noticiasmercedinas.com\/site\/2023\/10\/15\/hubo-homenajes-y-reconocimientos-por-los-40-anos-de-democracia-en-argentina\/#primaryimage","url":"https:\/\/noticiasmercedinas.com\/site\/wp-content\/uploads\/2023\/10\/MHM_3623.jpg","contentUrl":"https:\/\/noticiasmercedinas.com\/site\/wp-content\/uploads\/2023\/10\/MHM_3623.jpg","width":640,"height":369},{"@type":"BreadcrumbList","@id":"https:\/\/noticiasmercedinas.com\/site\/2023\/10\/15\/hubo-homenajes-y-reconocimientos-por-los-40-anos-de-democracia-en-argentina\/#breadcrumb","itemListElement":[{"@type":"ListItem","position":1,"name":"Portada","item":"https:\/\/noticiasmercedinas.com\/site\/"},{"@type":"ListItem","position":2,"name":"Hubo homenajes y reconocimientos por los 40 A\u00f1os de Democracia en Argentina"}]},{"@type":"WebSite","@id":"https:\/\/noticiasmercedinas.com\/site\/#website","url":"https:\/\/noticiasmercedinas.com\/site\/","name":"NOTICIASMERCEDINAS.COM","description":"Mercedes, Buenos Aires, Argentina","publisher":{"@id":"https:\/\/noticiasmercedinas.com\/site\/#organization"},"potentialAction":[{"@type":"SearchAction","target":{"@type":"EntryPoint","urlTemplate":"https:\/\/noticiasmercedinas.com\/site\/?s={search_term_string}"},"query-input":{"@type":"PropertyValueSpecification","valueRequired":true,"valueName":"search_term_string"}}],"inLanguage":"es"},{"@type":"Organization","@id":"https:\/\/noticiasmercedinas.com\/site\/#organization","name":"NOTICIASMERCEDINAS.COM","url":"https:\/\/noticiasmercedinas.com\/site\/","logo":{"@type":"ImageObject","inLanguage":"es","@id":"https:\/\/noticiasmercedinas.com\/site\/#\/schema\/logo\/image\/","url":"https:\/\/noticiasmercedinas.com\/site\/wp-content\/uploads\/2020\/06\/LOGO-512.jpg","contentUrl":"https:\/\/noticiasmercedinas.com\/site\/wp-content\/uploads\/2020\/06\/LOGO-512.jpg","width":512,"height":512,"caption":"NOTICIASMERCEDINAS.COM"},"image":{"@id":"https:\/\/noticiasmercedinas.com\/site\/#\/schema\/logo\/image\/"},"sameAs":["https:\/\/www.facebook.com\/noticiasmercedinas\/","https:\/\/x.com\/notmercedinas","https:\/\/www.instagram.com\/noticiasmercedinas\/"]},{"@type":"Person","@id":"https:\/\/noticiasmercedinas.com\/site\/#\/schema\/person\/84b59c099c28ff2e8b77d4ceec5d8063","name":"NOTICIASMERCEDINAS.COM","image":{"@type":"ImageObject","inLanguage":"es","@id":"https:\/\/secure.gravatar.com\/avatar\/4dfbf16b4d17945bfb6341b2d19043457132fcf478a5ee04f42e959fd8f5df0a?s=96&d=mm&r=g","url":"https:\/\/secure.gravatar.com\/avatar\/4dfbf16b4d17945bfb6341b2d19043457132fcf478a5ee04f42e959fd8f5df0a?s=96&d=mm&r=g","contentUrl":"https:\/\/secure.gravatar.com\/avatar\/4dfbf16b4d17945bfb6341b2d19043457132fcf478a5ee04f42e959fd8f5df0a?s=96&d=mm&r=g","caption":"NOTICIASMERCEDINAS.COM"},"url":"https:\/\/noticiasmercedinas.com\/site\/author\/anonimo\/"}]}},"amp_enabled":true,"_links":{"self":[{"href":"https:\/\/noticiasmercedinas.com\/site\/wp-json\/wp\/v2\/posts\/124790","targetHints":{"allow":["GET"]}}],"collection":[{"href":"https:\/\/noticiasmercedinas.com\/site\/wp-json\/wp\/v2\/posts"}],"about":[{"href":"https:\/\/noticiasmercedinas.com\/site\/wp-json\/wp\/v2\/types\/post"}],"author":[{"embeddable":true,"href":"https:\/\/noticiasmercedinas.com\/site\/wp-json\/wp\/v2\/users\/16"}],"replies":[{"embeddable":true,"href":"https:\/\/noticiasmercedinas.com\/site\/wp-json\/wp\/v2\/comments?post=124790"}],"version-history":[{"count":1,"href":"https:\/\/noticiasmercedinas.com\/site\/wp-json\/wp\/v2\/posts\/124790\/revisions"}],"predecessor-version":[{"id":124798,"href":"https:\/\/noticiasmercedinas.com\/site\/wp-json\/wp\/v2\/posts\/124790\/revisions\/124798"}],"wp:featuredmedia":[{"embeddable":true,"href":"https:\/\/noticiasmercedinas.com\/site\/wp-json\/wp\/v2\/media\/124792"}],"wp:attachment":[{"href":"https:\/\/noticiasmercedinas.com\/site\/wp-json\/wp\/v2\/media?parent=124790"}],"wp:term":[{"taxonomy":"category","embeddable":true,"href":"https:\/\/noticiasmercedinas.com\/site\/wp-json\/wp\/v2\/categories?post=124790"},{"taxonomy":"post_tag","embeddable":true,"href":"https:\/\/noticiasmercedinas.com\/site\/wp-json\/wp\/v2\/tags?post=124790"}],"curies":[{"name":"wp","href":"https:\/\/api.w.org\/{rel}","templated":true}]}}