{"id":124810,"date":"2023-10-15T21:24:28","date_gmt":"2023-10-16T00:24:28","guid":{"rendered":"https:\/\/noticiasmercedinas.com\/site\/?p=124810"},"modified":"2023-10-15T21:27:42","modified_gmt":"2023-10-16T00:27:42","slug":"primera-d-resultado-que-no-se-dio","status":"publish","type":"post","link":"https:\/\/noticiasmercedinas.com\/site\/2023\/10\/15\/primera-d-resultado-que-no-se-dio\/","title":{"rendered":"Primera D: resultado que no se dio"},"content":{"rendered":"<figure id=\"attachment_124812\" aria-describedby=\"caption-attachment-124812\" style=\"width: 640px\" class=\"wp-caption alignnone\"><img loading=\"lazy\" decoding=\"async\" class=\"wp-image-124812 size-full\" src=\"https:\/\/noticiasmercedinas.com\/site\/wp-content\/uploads\/2023\/10\/IMG_1202.jpg\" alt=\"\" width=\"640\" height=\"427\" srcset=\"https:\/\/noticiasmercedinas.com\/site\/wp-content\/uploads\/2023\/10\/IMG_1202.jpg 640w, https:\/\/noticiasmercedinas.com\/site\/wp-content\/uploads\/2023\/10\/IMG_1202-300x200.jpg 300w\" sizes=\"auto, (max-width: 640px) 100vw, 640px\" \/><figcaption id=\"caption-attachment-124812\" class=\"wp-caption-text\">El travesa\u00f1o le negar\u00e1 el gol a Mercedes.<\/figcaption><\/figure>\n<p>Una vieja revista que ya no tiene circulaci\u00f3n como S\u00f3lo F\u00fatbol calificaba el resultado moral, que muchas veces no coincid\u00eda con el real y es el caso de Deportivo Mu\u00f1iz y Club Mercedes que jugaron este domingo 15 en cancha de Atlas por la 17\u00b0 fecha de la Primera D, que hab\u00eda comenzado un d\u00eda antes y finalizar\u00e1 este marte 17. Los de Insaurralde no tardaron en ser los dominadores, generando espacios para empezar a acercarse al arco de Boragno que comenz\u00f3 a tener trabajo, como la defensa donde Gatti en forma repetida alej\u00f3 el peligro con rechazos.<\/p>\n<p>Fue a los 27\u2019 que un cambio de frente, izquierda a derecha, le permiti\u00f3 a Albornoz ganar con la pelota y en el centro acert\u00f3 en la definici\u00f3n Verd\u00fan, 1 a 0. Con el parcial el local se potenci\u00f3, a todo esto a Mercedes le cost\u00f3 hilvanar una jugada y en 34\u2019 en un avance por izquierda en el \u00e1rea resolvi\u00f3 Albornoz. La pelota dio en el travesa\u00f1o y pic\u00f3 tras la l\u00ednea, lo dio por v\u00e1lido Ravassa aunque el de Mu\u00f1iz volvi\u00f3 a convertir para un 2-0 que complicaba el panorama. Aunque Rodr\u00edguez y De Los Santos quedaron cerca de descontar en la primera mitad, march\u00e1ndose al descanso un \u201cRayo Rojo\u201d que se impon\u00eda con justicia.<\/p>\n<p>Toda el per\u00edodo complementario fue de Mercedes, enseguida puso contra las cuerdas al rival con la firme idea de descontar, con trepadas por las bandas, riesgo en el \u00e1rea y centros que obligaron a Romano en salir a cortar ante compa\u00f1eros que se \u00a0mostraban superados. De todo lo desplegado hubo tres pelotas en el travesa\u00f1o, dos de Franco y una de Juan Gatti, un buen remate de Chaparro que supo frenar Romano, cerca estuvo el intento de De Los Santos y el ingresado El\u00edas Vel\u00e1zquez. Llegando a los 43\u2019 un penal, falta a De Los Santos, donde Franco Gatti ante el uno de Mu\u00f1iz no pudo con un disparo rasante.<\/p>\n<p><img loading=\"lazy\" decoding=\"async\" class=\"alignnone size-full wp-image-124813\" src=\"https:\/\/noticiasmercedinas.com\/site\/wp-content\/uploads\/2023\/10\/IMG_1192.jpg\" alt=\"\" width=\"640\" height=\"427\" srcset=\"https:\/\/noticiasmercedinas.com\/site\/wp-content\/uploads\/2023\/10\/IMG_1192.jpg 640w, https:\/\/noticiasmercedinas.com\/site\/wp-content\/uploads\/2023\/10\/IMG_1192-300x200.jpg 300w\" sizes=\"auto, (max-width: 640px) 100vw, 640px\" \/><\/p>\n<p>En el revote falt\u00f3 precisi\u00f3n, el tiempo se fue agotando sin tener pausa la b\u00fasqueda de Mercedes y otras vez Romano termin\u00f3 siendo el due\u00f1o de la pelota, figura del partido. Mu\u00f1iz se qued\u00f3 con los tres puntos, de buen primer tiempo y superado en el segundo a tal punto de tener que aguantar el resultado casi sin llegar al arco mercedino. Mejor suerte mereci\u00f3 Mercedes que como los restantes equipos de la Primera D no jugar\u00e1 el fin de semana de las elecciones, reci\u00e9n se volver\u00e1 a la acci\u00f3n el fin de semana de 28 y 29 aunque podr\u00eda ser entre semana.<\/p>\n<p><strong>Deportivo Mu\u00f1iz 2:<\/strong> Alexis Romano, Mariano Acosta, Brian Picca, Gast\u00f3n Albornoz, Jonathan Vallejo, Gonzalo Cardozo, Enzo Gonz\u00e1lez, Nicol\u00e1s Fratto, Agust\u00edn Guti\u00e9rrez, Santiago Verd\u00fan y Juan Baz\u00e1n. <strong>DT:<\/strong> Alberto Insaurralde. <strong>Relevos:<\/strong> Brian Soto y Agust\u00edn Pogonza.<\/p>\n<p><strong>Club Mercedes 0:<\/strong> Gonzalo Boragno, Juan Pedro Gatti, Thom\u00e1s Schenone, Alexis Grezsiak, Nicol\u00e1s Contardi, Blas De Los Santos, Juan Culio, Tom\u00e1s Chaparro, Franco Gatti, Ignacio Rodr\u00edguez y Mat\u00edas L\u00f3pez. <strong>DT:<\/strong> Diego Silvestre. <strong>Relevos:<\/strong> Rodrigo Nicasio, Nicol\u00e1s Mart\u00ednez, Nicol\u00e1s Fedullo y Laureano Torres.<\/p>\n<p><strong>Goles en el PT:<\/strong> A los 27\u2019 Verd\u00fan y a los 34\u2019 Albornoz para Mu\u00f1iz.<br \/>\n<strong>Cambios:<\/strong> Alejandro Acu\u00f1a por Fratto, Ramiro Barreiro por Guti\u00e9rrez, Diego Guex por Acosta, Leandro G\u00e1lvez por Albornoz y Eli\u00e1n Rodr\u00edguez por Gonz\u00e1lez en Mu\u00f1iz. El\u00edas Vel\u00e1zquez por Rodr\u00edguez, Ismael Illanes por Chaparro y Rodrigo Scarnatto por Nicol\u00e1s Contardi en Club Mercedes. <strong>Arbitro:<\/strong> Gabriel Flores.<br \/>\n<strong>Expulsado:<\/strong> A los 42\u2019 del ST G. Cardozo en Mu\u00f1iz.<br \/>\n<strong>Incidencia:<\/strong> A los 44\u2019 Romano de Mu\u00f1iz le ataj\u00f3 un penal a F. Gatti de Mercedes.<\/p>\n<p><img loading=\"lazy\" decoding=\"async\" class=\"alignnone size-full wp-image-124811\" src=\"https:\/\/noticiasmercedinas.com\/site\/wp-content\/uploads\/2023\/10\/Primera-D-8.jpg\" alt=\"\" width=\"640\" height=\"367\" srcset=\"https:\/\/noticiasmercedinas.com\/site\/wp-content\/uploads\/2023\/10\/Primera-D-8.jpg 640w, https:\/\/noticiasmercedinas.com\/site\/wp-content\/uploads\/2023\/10\/Primera-D-8-300x172.jpg 300w\" sizes=\"auto, (max-width: 640px) 100vw, 640px\" \/><br \/>\n<strong><br \/>\nM\u00e1s de la 17\u00b0<\/strong><br \/>\n<strong>Martes 17 <\/strong><br \/>\nA las 15.30 Defensores de Cambaceres vs. Argentino (Rosario).<\/p>\n<p><strong>Pr\u00f3xima fecha <\/strong>(\u00faltimo fin de semana de octubre),<br \/>\nJuventud Unida vs. Centro Espa\u00f1ol.<br \/>\nArgentino (Rosario) vs. El Porvenir.<br \/>\nClub Mercedes vs. Defensores de Cambaceres.<br \/>\nCentral Ballester vs. Deportivo Mu\u00f1iz.<br \/>\nSportivo Barracas vs. Lugano.<br \/>\n<strong>Libre:<\/strong> Deportivo Paraguayo.<\/p>\n<p><img loading=\"lazy\" decoding=\"async\" class=\"alignnone size-full wp-image-124814\" src=\"https:\/\/noticiasmercedinas.com\/site\/wp-content\/uploads\/2023\/10\/IMG_1224.jpg\" alt=\"\" width=\"640\" height=\"441\" srcset=\"https:\/\/noticiasmercedinas.com\/site\/wp-content\/uploads\/2023\/10\/IMG_1224.jpg 640w, https:\/\/noticiasmercedinas.com\/site\/wp-content\/uploads\/2023\/10\/IMG_1224-300x207.jpg 300w\" sizes=\"auto, (max-width: 640px) 100vw, 640px\" \/><\/p>\n","protected":false},"excerpt":{"rendered":"<p>\u25a0 Frente a Deportivo Mu\u00f1iz lo perdi\u00f3 2-0 Club Mercedes este domingo. Luego de ser superado en la primera parte fue mucho m\u00e1s en los 45\u2019 restantes. Convirtiendo en figura al arquero Romano que ataj\u00f3 hasta un penal.<\/p>\n","protected":false},"author":6,"featured_media":124812,"comment_status":"closed","ping_status":"closed","sticky":false,"template":"","format":"standard","meta":{"footnotes":""},"categories":[5],"tags":[6424,135,14247,11935],"class_list":["post-124810","post","type-post","status-publish","format-standard","has-post-thumbnail","hentry","category-deportes","tag-afa","tag-club-mercedes","tag-deportivo-muniz","tag-primera-d"],"yoast_head":"<!-- This site is optimized with the Yoast SEO plugin v27.5 - https:\/\/yoast.com\/product\/yoast-seo-wordpress\/ -->\n<title>Primera D: resultado que no se dio<\/title>\n<meta name=\"robots\" content=\"index, follow, max-snippet:-1, max-image-preview:large, max-video-preview:-1\" \/>\n<link rel=\"canonical\" href=\"https:\/\/noticiasmercedinas.com\/site\/2023\/10\/15\/primera-d-resultado-que-no-se-dio\/\" \/>\n<meta property=\"og:locale\" content=\"es_ES\" \/>\n<meta property=\"og:type\" content=\"article\" \/>\n<meta property=\"og:title\" content=\"Primera D: resultado que no se dio\" \/>\n<meta property=\"og:description\" content=\"\u25a0 Frente a Deportivo Mu\u00f1iz lo perdi\u00f3 2-0 Club Mercedes este domingo. Luego de ser superado en la primera parte fue mucho m\u00e1s en los 45\u2019 restantes. Convirtiendo en figura al arquero Romano que ataj\u00f3 hasta un penal.\" \/>\n<meta property=\"og:url\" content=\"https:\/\/noticiasmercedinas.com\/site\/2023\/10\/15\/primera-d-resultado-que-no-se-dio\/\" \/>\n<meta property=\"og:site_name\" content=\"NOTICIASMERCEDINAS.COM\" \/>\n<meta property=\"article:publisher\" content=\"https:\/\/www.facebook.com\/noticiasmercedinas\/\" \/>\n<meta property=\"article:published_time\" content=\"2023-10-16T00:24:28+00:00\" \/>\n<meta property=\"article:modified_time\" content=\"2023-10-16T00:27:42+00:00\" \/>\n<meta property=\"og:image\" content=\"https:\/\/noticiasmercedinas.com\/site\/wp-content\/uploads\/2023\/10\/IMG_1202.jpg\" \/>\n\t<meta property=\"og:image:width\" content=\"640\" \/>\n\t<meta property=\"og:image:height\" content=\"427\" \/>\n\t<meta property=\"og:image:type\" content=\"image\/jpeg\" \/>\n<meta name=\"author\" content=\"Juan Dagnino NOTICIASMERCEDINAS.COM\" \/>\n<meta name=\"twitter:card\" content=\"summary_large_image\" \/>\n<meta name=\"twitter:creator\" content=\"@notmercedinas\" \/>\n<meta name=\"twitter:site\" content=\"@notmercedinas\" \/>\n<meta name=\"twitter:label1\" content=\"Escrito por\" \/>\n\t<meta name=\"twitter:data1\" content=\"Juan Dagnino NOTICIASMERCEDINAS.COM\" \/>\n\t<meta name=\"twitter:label2\" content=\"Tiempo de lectura\" \/>\n\t<meta name=\"twitter:data2\" content=\"4 minutos\" \/>\n<script type=\"application\/ld+json\" class=\"yoast-schema-graph\">{\"@context\":\"https:\\\/\\\/schema.org\",\"@graph\":[{\"@type\":\"Article\",\"@id\":\"https:\\\/\\\/noticiasmercedinas.com\\\/site\\\/2023\\\/10\\\/15\\\/primera-d-resultado-que-no-se-dio\\\/#article\",\"isPartOf\":{\"@id\":\"https:\\\/\\\/noticiasmercedinas.com\\\/site\\\/2023\\\/10\\\/15\\\/primera-d-resultado-que-no-se-dio\\\/\"},\"author\":{\"name\":\"Juan Dagnino NOTICIASMERCEDINAS.COM\",\"@id\":\"https:\\\/\\\/noticiasmercedinas.com\\\/site\\\/#\\\/schema\\\/person\\\/8f2f09d666ef40986eba4a5e6f2a06f9\"},\"headline\":\"Primera D: resultado que no se dio\",\"datePublished\":\"2023-10-16T00:24:28+00:00\",\"dateModified\":\"2023-10-16T00:27:42+00:00\",\"mainEntityOfPage\":{\"@id\":\"https:\\\/\\\/noticiasmercedinas.com\\\/site\\\/2023\\\/10\\\/15\\\/primera-d-resultado-que-no-se-dio\\\/\"},\"wordCount\":711,\"publisher\":{\"@id\":\"https:\\\/\\\/noticiasmercedinas.com\\\/site\\\/#organization\"},\"image\":{\"@id\":\"https:\\\/\\\/noticiasmercedinas.com\\\/site\\\/2023\\\/10\\\/15\\\/primera-d-resultado-que-no-se-dio\\\/#primaryimage\"},\"thumbnailUrl\":\"https:\\\/\\\/noticiasmercedinas.com\\\/site\\\/wp-content\\\/uploads\\\/2023\\\/10\\\/IMG_1202.jpg\",\"keywords\":[\"AFA\",\"club mercedes\",\"Deportivo Mu\u00f1iz\",\"Primera D\"],\"articleSection\":[\"Deportes\"],\"inLanguage\":\"es\"},{\"@type\":\"WebPage\",\"@id\":\"https:\\\/\\\/noticiasmercedinas.com\\\/site\\\/2023\\\/10\\\/15\\\/primera-d-resultado-que-no-se-dio\\\/\",\"url\":\"https:\\\/\\\/noticiasmercedinas.com\\\/site\\\/2023\\\/10\\\/15\\\/primera-d-resultado-que-no-se-dio\\\/\",\"name\":\"Primera D: resultado que no se dio\",\"isPartOf\":{\"@id\":\"https:\\\/\\\/noticiasmercedinas.com\\\/site\\\/#website\"},\"primaryImageOfPage\":{\"@id\":\"https:\\\/\\\/noticiasmercedinas.com\\\/site\\\/2023\\\/10\\\/15\\\/primera-d-resultado-que-no-se-dio\\\/#primaryimage\"},\"image\":{\"@id\":\"https:\\\/\\\/noticiasmercedinas.com\\\/site\\\/2023\\\/10\\\/15\\\/primera-d-resultado-que-no-se-dio\\\/#primaryimage\"},\"thumbnailUrl\":\"https:\\\/\\\/noticiasmercedinas.com\\\/site\\\/wp-content\\\/uploads\\\/2023\\\/10\\\/IMG_1202.jpg\",\"datePublished\":\"2023-10-16T00:24:28+00:00\",\"dateModified\":\"2023-10-16T00:27:42+00:00\",\"breadcrumb\":{\"@id\":\"https:\\\/\\\/noticiasmercedinas.com\\\/site\\\/2023\\\/10\\\/15\\\/primera-d-resultado-que-no-se-dio\\\/#breadcrumb\"},\"inLanguage\":\"es\",\"potentialAction\":[{\"@type\":\"ReadAction\",\"target\":[\"https:\\\/\\\/noticiasmercedinas.com\\\/site\\\/2023\\\/10\\\/15\\\/primera-d-resultado-que-no-se-dio\\\/\"]}]},{\"@type\":\"ImageObject\",\"inLanguage\":\"es\",\"@id\":\"https:\\\/\\\/noticiasmercedinas.com\\\/site\\\/2023\\\/10\\\/15\\\/primera-d-resultado-que-no-se-dio\\\/#primaryimage\",\"url\":\"https:\\\/\\\/noticiasmercedinas.com\\\/site\\\/wp-content\\\/uploads\\\/2023\\\/10\\\/IMG_1202.jpg\",\"contentUrl\":\"https:\\\/\\\/noticiasmercedinas.com\\\/site\\\/wp-content\\\/uploads\\\/2023\\\/10\\\/IMG_1202.jpg\",\"width\":640,\"height\":427},{\"@type\":\"BreadcrumbList\",\"@id\":\"https:\\\/\\\/noticiasmercedinas.com\\\/site\\\/2023\\\/10\\\/15\\\/primera-d-resultado-que-no-se-dio\\\/#breadcrumb\",\"itemListElement\":[{\"@type\":\"ListItem\",\"position\":1,\"name\":\"Portada\",\"item\":\"https:\\\/\\\/noticiasmercedinas.com\\\/site\\\/\"},{\"@type\":\"ListItem\",\"position\":2,\"name\":\"Primera D: resultado que no se dio\"}]},{\"@type\":\"WebSite\",\"@id\":\"https:\\\/\\\/noticiasmercedinas.com\\\/site\\\/#website\",\"url\":\"https:\\\/\\\/noticiasmercedinas.com\\\/site\\\/\",\"name\":\"NOTICIASMERCEDINAS.COM\",\"description\":\"Mercedes, Buenos Aires, Argentina\",\"publisher\":{\"@id\":\"https:\\\/\\\/noticiasmercedinas.com\\\/site\\\/#organization\"},\"potentialAction\":[{\"@type\":\"SearchAction\",\"target\":{\"@type\":\"EntryPoint\",\"urlTemplate\":\"https:\\\/\\\/noticiasmercedinas.com\\\/site\\\/?s={search_term_string}\"},\"query-input\":{\"@type\":\"PropertyValueSpecification\",\"valueRequired\":true,\"valueName\":\"search_term_string\"}}],\"inLanguage\":\"es\"},{\"@type\":\"Organization\",\"@id\":\"https:\\\/\\\/noticiasmercedinas.com\\\/site\\\/#organization\",\"name\":\"NOTICIASMERCEDINAS.COM\",\"url\":\"https:\\\/\\\/noticiasmercedinas.com\\\/site\\\/\",\"logo\":{\"@type\":\"ImageObject\",\"inLanguage\":\"es\",\"@id\":\"https:\\\/\\\/noticiasmercedinas.com\\\/site\\\/#\\\/schema\\\/logo\\\/image\\\/\",\"url\":\"https:\\\/\\\/noticiasmercedinas.com\\\/site\\\/wp-content\\\/uploads\\\/2020\\\/06\\\/LOGO-512.jpg\",\"contentUrl\":\"https:\\\/\\\/noticiasmercedinas.com\\\/site\\\/wp-content\\\/uploads\\\/2020\\\/06\\\/LOGO-512.jpg\",\"width\":512,\"height\":512,\"caption\":\"NOTICIASMERCEDINAS.COM\"},\"image\":{\"@id\":\"https:\\\/\\\/noticiasmercedinas.com\\\/site\\\/#\\\/schema\\\/logo\\\/image\\\/\"},\"sameAs\":[\"https:\\\/\\\/www.facebook.com\\\/noticiasmercedinas\\\/\",\"https:\\\/\\\/x.com\\\/notmercedinas\",\"https:\\\/\\\/www.instagram.com\\\/noticiasmercedinas\\\/\"]},{\"@type\":\"Person\",\"@id\":\"https:\\\/\\\/noticiasmercedinas.com\\\/site\\\/#\\\/schema\\\/person\\\/8f2f09d666ef40986eba4a5e6f2a06f9\",\"name\":\"Juan Dagnino NOTICIASMERCEDINAS.COM\",\"image\":{\"@type\":\"ImageObject\",\"inLanguage\":\"es\",\"@id\":\"https:\\\/\\\/secure.gravatar.com\\\/avatar\\\/fc7059a769f5a3cae65fadb228a3e4accf3a64b4b2305020d0a27e6d5333c91b?s=96&d=mm&r=g\",\"url\":\"https:\\\/\\\/secure.gravatar.com\\\/avatar\\\/fc7059a769f5a3cae65fadb228a3e4accf3a64b4b2305020d0a27e6d5333c91b?s=96&d=mm&r=g\",\"contentUrl\":\"https:\\\/\\\/secure.gravatar.com\\\/avatar\\\/fc7059a769f5a3cae65fadb228a3e4accf3a64b4b2305020d0a27e6d5333c91b?s=96&d=mm&r=g\",\"caption\":\"Juan Dagnino NOTICIASMERCEDINAS.COM\"},\"url\":\"https:\\\/\\\/noticiasmercedinas.com\\\/site\\\/author\\\/juandagnino\\\/\"}]}<\/script>\n<!-- \/ Yoast SEO plugin. -->","yoast_head_json":{"title":"Primera D: resultado que no se dio","robots":{"index":"index","follow":"follow","max-snippet":"max-snippet:-1","max-image-preview":"max-image-preview:large","max-video-preview":"max-video-preview:-1"},"canonical":"https:\/\/noticiasmercedinas.com\/site\/2023\/10\/15\/primera-d-resultado-que-no-se-dio\/","og_locale":"es_ES","og_type":"article","og_title":"Primera D: resultado que no se dio","og_description":"\u25a0 Frente a Deportivo Mu\u00f1iz lo perdi\u00f3 2-0 Club Mercedes este domingo. Luego de ser superado en la primera parte fue mucho m\u00e1s en los 45\u2019 restantes. Convirtiendo en figura al arquero Romano que ataj\u00f3 hasta un penal.","og_url":"https:\/\/noticiasmercedinas.com\/site\/2023\/10\/15\/primera-d-resultado-que-no-se-dio\/","og_site_name":"NOTICIASMERCEDINAS.COM","article_publisher":"https:\/\/www.facebook.com\/noticiasmercedinas\/","article_published_time":"2023-10-16T00:24:28+00:00","article_modified_time":"2023-10-16T00:27:42+00:00","og_image":[{"width":640,"height":427,"url":"https:\/\/noticiasmercedinas.com\/site\/wp-content\/uploads\/2023\/10\/IMG_1202.jpg","type":"image\/jpeg"}],"author":"Juan Dagnino NOTICIASMERCEDINAS.COM","twitter_card":"summary_large_image","twitter_creator":"@notmercedinas","twitter_site":"@notmercedinas","twitter_misc":{"Escrito por":"Juan Dagnino NOTICIASMERCEDINAS.COM","Tiempo de lectura":"4 minutos"},"schema":{"@context":"https:\/\/schema.org","@graph":[{"@type":"Article","@id":"https:\/\/noticiasmercedinas.com\/site\/2023\/10\/15\/primera-d-resultado-que-no-se-dio\/#article","isPartOf":{"@id":"https:\/\/noticiasmercedinas.com\/site\/2023\/10\/15\/primera-d-resultado-que-no-se-dio\/"},"author":{"name":"Juan Dagnino NOTICIASMERCEDINAS.COM","@id":"https:\/\/noticiasmercedinas.com\/site\/#\/schema\/person\/8f2f09d666ef40986eba4a5e6f2a06f9"},"headline":"Primera D: resultado que no se dio","datePublished":"2023-10-16T00:24:28+00:00","dateModified":"2023-10-16T00:27:42+00:00","mainEntityOfPage":{"@id":"https:\/\/noticiasmercedinas.com\/site\/2023\/10\/15\/primera-d-resultado-que-no-se-dio\/"},"wordCount":711,"publisher":{"@id":"https:\/\/noticiasmercedinas.com\/site\/#organization"},"image":{"@id":"https:\/\/noticiasmercedinas.com\/site\/2023\/10\/15\/primera-d-resultado-que-no-se-dio\/#primaryimage"},"thumbnailUrl":"https:\/\/noticiasmercedinas.com\/site\/wp-content\/uploads\/2023\/10\/IMG_1202.jpg","keywords":["AFA","club mercedes","Deportivo Mu\u00f1iz","Primera D"],"articleSection":["Deportes"],"inLanguage":"es"},{"@type":"WebPage","@id":"https:\/\/noticiasmercedinas.com\/site\/2023\/10\/15\/primera-d-resultado-que-no-se-dio\/","url":"https:\/\/noticiasmercedinas.com\/site\/2023\/10\/15\/primera-d-resultado-que-no-se-dio\/","name":"Primera D: resultado que no se dio","isPartOf":{"@id":"https:\/\/noticiasmercedinas.com\/site\/#website"},"primaryImageOfPage":{"@id":"https:\/\/noticiasmercedinas.com\/site\/2023\/10\/15\/primera-d-resultado-que-no-se-dio\/#primaryimage"},"image":{"@id":"https:\/\/noticiasmercedinas.com\/site\/2023\/10\/15\/primera-d-resultado-que-no-se-dio\/#primaryimage"},"thumbnailUrl":"https:\/\/noticiasmercedinas.com\/site\/wp-content\/uploads\/2023\/10\/IMG_1202.jpg","datePublished":"2023-10-16T00:24:28+00:00","dateModified":"2023-10-16T00:27:42+00:00","breadcrumb":{"@id":"https:\/\/noticiasmercedinas.com\/site\/2023\/10\/15\/primera-d-resultado-que-no-se-dio\/#breadcrumb"},"inLanguage":"es","potentialAction":[{"@type":"ReadAction","target":["https:\/\/noticiasmercedinas.com\/site\/2023\/10\/15\/primera-d-resultado-que-no-se-dio\/"]}]},{"@type":"ImageObject","inLanguage":"es","@id":"https:\/\/noticiasmercedinas.com\/site\/2023\/10\/15\/primera-d-resultado-que-no-se-dio\/#primaryimage","url":"https:\/\/noticiasmercedinas.com\/site\/wp-content\/uploads\/2023\/10\/IMG_1202.jpg","contentUrl":"https:\/\/noticiasmercedinas.com\/site\/wp-content\/uploads\/2023\/10\/IMG_1202.jpg","width":640,"height":427},{"@type":"BreadcrumbList","@id":"https:\/\/noticiasmercedinas.com\/site\/2023\/10\/15\/primera-d-resultado-que-no-se-dio\/#breadcrumb","itemListElement":[{"@type":"ListItem","position":1,"name":"Portada","item":"https:\/\/noticiasmercedinas.com\/site\/"},{"@type":"ListItem","position":2,"name":"Primera D: resultado que no se dio"}]},{"@type":"WebSite","@id":"https:\/\/noticiasmercedinas.com\/site\/#website","url":"https:\/\/noticiasmercedinas.com\/site\/","name":"NOTICIASMERCEDINAS.COM","description":"Mercedes, Buenos Aires, Argentina","publisher":{"@id":"https:\/\/noticiasmercedinas.com\/site\/#organization"},"potentialAction":[{"@type":"SearchAction","target":{"@type":"EntryPoint","urlTemplate":"https:\/\/noticiasmercedinas.com\/site\/?s={search_term_string}"},"query-input":{"@type":"PropertyValueSpecification","valueRequired":true,"valueName":"search_term_string"}}],"inLanguage":"es"},{"@type":"Organization","@id":"https:\/\/noticiasmercedinas.com\/site\/#organization","name":"NOTICIASMERCEDINAS.COM","url":"https:\/\/noticiasmercedinas.com\/site\/","logo":{"@type":"ImageObject","inLanguage":"es","@id":"https:\/\/noticiasmercedinas.com\/site\/#\/schema\/logo\/image\/","url":"https:\/\/noticiasmercedinas.com\/site\/wp-content\/uploads\/2020\/06\/LOGO-512.jpg","contentUrl":"https:\/\/noticiasmercedinas.com\/site\/wp-content\/uploads\/2020\/06\/LOGO-512.jpg","width":512,"height":512,"caption":"NOTICIASMERCEDINAS.COM"},"image":{"@id":"https:\/\/noticiasmercedinas.com\/site\/#\/schema\/logo\/image\/"},"sameAs":["https:\/\/www.facebook.com\/noticiasmercedinas\/","https:\/\/x.com\/notmercedinas","https:\/\/www.instagram.com\/noticiasmercedinas\/"]},{"@type":"Person","@id":"https:\/\/noticiasmercedinas.com\/site\/#\/schema\/person\/8f2f09d666ef40986eba4a5e6f2a06f9","name":"Juan Dagnino NOTICIASMERCEDINAS.COM","image":{"@type":"ImageObject","inLanguage":"es","@id":"https:\/\/secure.gravatar.com\/avatar\/fc7059a769f5a3cae65fadb228a3e4accf3a64b4b2305020d0a27e6d5333c91b?s=96&d=mm&r=g","url":"https:\/\/secure.gravatar.com\/avatar\/fc7059a769f5a3cae65fadb228a3e4accf3a64b4b2305020d0a27e6d5333c91b?s=96&d=mm&r=g","contentUrl":"https:\/\/secure.gravatar.com\/avatar\/fc7059a769f5a3cae65fadb228a3e4accf3a64b4b2305020d0a27e6d5333c91b?s=96&d=mm&r=g","caption":"Juan Dagnino NOTICIASMERCEDINAS.COM"},"url":"https:\/\/noticiasmercedinas.com\/site\/author\/juandagnino\/"}]}},"amp_enabled":true,"_links":{"self":[{"href":"https:\/\/noticiasmercedinas.com\/site\/wp-json\/wp\/v2\/posts\/124810","targetHints":{"allow":["GET"]}}],"collection":[{"href":"https:\/\/noticiasmercedinas.com\/site\/wp-json\/wp\/v2\/posts"}],"about":[{"href":"https:\/\/noticiasmercedinas.com\/site\/wp-json\/wp\/v2\/types\/post"}],"author":[{"embeddable":true,"href":"https:\/\/noticiasmercedinas.com\/site\/wp-json\/wp\/v2\/users\/6"}],"replies":[{"embeddable":true,"href":"https:\/\/noticiasmercedinas.com\/site\/wp-json\/wp\/v2\/comments?post=124810"}],"version-history":[{"count":1,"href":"https:\/\/noticiasmercedinas.com\/site\/wp-json\/wp\/v2\/posts\/124810\/revisions"}],"predecessor-version":[{"id":124815,"href":"https:\/\/noticiasmercedinas.com\/site\/wp-json\/wp\/v2\/posts\/124810\/revisions\/124815"}],"wp:featuredmedia":[{"embeddable":true,"href":"https:\/\/noticiasmercedinas.com\/site\/wp-json\/wp\/v2\/media\/124812"}],"wp:attachment":[{"href":"https:\/\/noticiasmercedinas.com\/site\/wp-json\/wp\/v2\/media?parent=124810"}],"wp:term":[{"taxonomy":"category","embeddable":true,"href":"https:\/\/noticiasmercedinas.com\/site\/wp-json\/wp\/v2\/categories?post=124810"},{"taxonomy":"post_tag","embeddable":true,"href":"https:\/\/noticiasmercedinas.com\/site\/wp-json\/wp\/v2\/tags?post=124810"}],"curies":[{"name":"wp","href":"https:\/\/api.w.org\/{rel}","templated":true}]}}