{"id":12601,"date":"2019-02-20T12:43:41","date_gmt":"2019-02-20T15:43:41","guid":{"rendered":"https:\/\/noticiasmercedinas.com\/site\/?p=12601"},"modified":"2019-02-20T14:03:18","modified_gmt":"2019-02-20T17:03:18","slug":"inauguraron-centro-de-proteccion-integral-para-varos-barrios","status":"publish","type":"post","link":"https:\/\/noticiasmercedinas.com\/site\/2019\/02\/20\/inauguraron-centro-de-proteccion-integral-para-varos-barrios\/","title":{"rendered":"Inauguraron Centro de protecci\u00f3n Integral para varios barrios"},"content":{"rendered":"<p><img loading=\"lazy\" decoding=\"async\" class=\"alignnone size-full wp-image-12602\" src=\"https:\/\/noticiasmercedinas.com\/site\/wp-content\/uploads\/2019\/02\/DSC_0056.jpg\" alt=\"\" width=\"864\" height=\"576\" srcset=\"https:\/\/noticiasmercedinas.com\/site\/wp-content\/uploads\/2019\/02\/DSC_0056.jpg 864w, https:\/\/noticiasmercedinas.com\/site\/wp-content\/uploads\/2019\/02\/DSC_0056-300x200.jpg 300w, https:\/\/noticiasmercedinas.com\/site\/wp-content\/uploads\/2019\/02\/DSC_0056-768x512.jpg 768w, https:\/\/noticiasmercedinas.com\/site\/wp-content\/uploads\/2019\/02\/DSC_0056-640x427.jpg 640w, https:\/\/noticiasmercedinas.com\/site\/wp-content\/uploads\/2019\/02\/DSC_0056-681x454.jpg 681w\" sizes=\"auto, (max-width: 864px) 100vw, 864px\" \/><\/p>\n<p style=\"font-weight: 400;\">El municipio efectu\u00f3 una nueva inversi\u00f3n en protecci\u00f3n ciudadana al inaugurar el primer Centro de Protecci\u00f3n Integral en Tu Barrio, siendo una nueva posta fija policial y de atenci\u00f3n al vecino ubicada en calle 10 y 65, frente al C.I.C.\u00a0Cuenta con c\u00e1maras, generar\u00e1 una red vecinal de whtss app y estar\u00e1 las 24hs.<\/p>\n<p style=\"font-weight: 400;\">Este martes por la tarde Ustarroz remarc\u00f3 la importancia de \u201cgenerar nuevos recursos a disposici\u00f3n de nuestras fuerzas de seguridad y de la comunidad\u201d.<\/p>\n<p style=\"font-weight: 400;\">Est\u00e1 ubicado en el CIC y atender\u00e1 la demanda de los barrios San Mart\u00edn, Mutti, Facundo Quiroga, Lopardo, entre otros. Tambi\u00e9n funcionar\u00e1 dos veces por semana una oficina municipal de atenci\u00f3n de diversos programas en materia de seguridad, como temas de violencia de g\u00e9nero, bot\u00f3n anti p\u00e1nico, reporte de seguridad on line, turnero de licencia de conducir y un Whats App vecinal con comunicaci\u00f3n directa con la polic\u00eda.<\/p>\n<p style=\"font-weight: 400;\"><strong>Fondos municipales<br \/>\n<\/strong>La nueva posta policial implic\u00f3 una inversi\u00f3n de 650 mil pesos para la municipalidad de Mercedes, que contin\u00faa afrontando la demanda en materia de seguridad ante la falta de inversi\u00f3n por parte de la Provincia de Buenos Aires.<\/p>\n<p style=\"font-weight: 400;\">En el marco de la inauguraci\u00f3n de la nueva posta policial, la Secretaria de Seguridad, Josefina Kelly resalt\u00f3 que \u201cdesde que asumimos la gesti\u00f3n el intendente fue claro y le puso una prioridad a seguridad; en ese sentido es una herramienta m\u00e1s de prevenci\u00f3n poder trabajar con todos los vecinos de la zona. La realidad es que ven\u00edan solicitando una mayor presencia policial y esto nuclea diferentes barrios con una nueva herramienta que es un Whats App para que los vecinos puedan estar comunicados con la polic\u00eda, que va a estar 24 hs. ac\u00e1 y va a tener una comunicaci\u00f3n fluida con los vecinos para realizar las acciones que sean necesarias en el momento, y poder planificar estrategias de prevenci\u00f3n a futuro para el caso que as\u00ed lo requieran\u201d<\/p>\n<p style=\"font-weight: 400;\">\u201cSumamos a eso presencia de personal municipal todos los mi\u00e9rcoles, que va a estar durante la ma\u00f1ana en horario administrativo para poder asesorar casos de mediaci\u00f3n comunitaria, violencia de g\u00e9nero, para poder empadronar en esta red de vecinos y contar con todo lo que se viene haciendo en transporte p\u00fablico, poder generar los turnos para licencias de conducir, y as\u00ed generar una cercan\u00eda con todos los vecinos\u201d, agreg\u00f3 Kelly.<\/p>\n<p style=\"font-weight: 400;\">En tanto, el director de Seguridad, Esteban Rossi, a\u00f1adi\u00f3: \u201cEs una buena noticia sobre todo porque se est\u00e1 cumpliendo con los prometido. Creo que en ese sentido hemos ido cumpliendo, y es muy importante y novedoso en esta zona pero que ya est\u00e1 implementado el Comando de Prevenci\u00f3n Rural que es el Whats App con los vecinos. Se har\u00e1 una charla para el acceso al sistema porque se debe utilizar como una herramienta\u201d<\/p>\n<p style=\"font-weight: 400;\"><strong>Inversi\u00f3n y cercan\u00eda<br \/>\n<\/strong>Por su parte, el Intendente Juan Ignacio Ustarroz explic\u00f3: \u201cEsta es una inversi\u00f3n de m\u00e1s de 600 mil pesos que se hace con recursos municipales en una tem\u00e1tica ardua, compleja y dif\u00edcil como es la seguridad; que no hay que perder pisada, y estar siempre generando acciones\u201d. En tanto, record\u00f3 que \u201cla responsabilidad de la seguridad es de la Provincia de Buenos Aires, a trav\u00e9s del Ministerio. Nosotros firmamos un convenio cuando se unific\u00f3 la polic\u00eda en el cual se nos hab\u00eda prometido postas fijas y m\u00f3viles que no llegaron nunca. No obstante eso, como hicimos con patrulleros, motos y bicicletas, con recursos municipales fuimos adquiriendo para darle m\u00e1s herramientas a\u00a0 la polic\u00eda y generar m\u00e1s dispositivos de seguridad en la ciudad, ubicados estrat\u00e9gicamente en funci\u00f3n de un mapa del delito que se va elaborando de una manera muy din\u00e1mica con los distintos actores. Esto es una inversi\u00f3n en seguridad, en infraestructura para mejorarla\u201d.<\/p>\n<p style=\"font-weight: 400;\"><strong>Satisfacci\u00f3n<br \/>\n<\/strong>Finalmente, el Primer Mandatario indic\u00f3: \u201cSe fueron cumpliendo con creces cada una de las cuestiones que fuimos planteando. Tenemos en la ciudad desde los p\u00f3rticos de acceso con c\u00e1mara de seguridad que leen patentes hasta tres postas m\u00f3viles distribuidas en distintos lugares; y tambi\u00e9n toda la inversi\u00f3n que hemos hecho en el Centro de Monitoreo, que con la inversi\u00f3n en m\u00e1s c\u00e1maras y tecnolog\u00eda nos permite llegar a m\u00e1s rincones de la ciudad con las mismas\u201d a la vez que sostuvo que \u201cla inversi\u00f3n fue muy fuerte desde el primer d\u00eda, hoy todav\u00eda contamos con un presupuesto muy bajo para mantenimiento de parte de la Provincia, que no llega a cubrir dos meses de funcionamiento de la Polic\u00eda Comunal. El municipio de Mercedes hace un esfuerzo muy grande para, adem\u00e1s de invertir en hechos concretos, sostener el funcionamiento de los patrulleros, reparaciones, inversiones administrativas y dem\u00e1s\u201d.<\/p>\n<p style=\"font-weight: 400;\">\u201cHumildemente, no se escatima nada; se invierte mucho en seguridad. Sabemos que en \u00e9poca de crisis el delito contra la propiedad tiende a aumentar, y el concepto y el trabajo est\u00e1n destinado a generar cada vez nuevos recursos a disposici\u00f3n de nuestras fuerzas de seguridad y de la comunidad\u201d, concluy\u00f3 el Intendente Juan Ustarroz.<\/p>\n<p><img loading=\"lazy\" decoding=\"async\" class=\"alignnone size-full wp-image-12603\" src=\"https:\/\/noticiasmercedinas.com\/site\/wp-content\/uploads\/2019\/02\/DSC_0045.jpg\" alt=\"\" width=\"864\" height=\"576\" srcset=\"https:\/\/noticiasmercedinas.com\/site\/wp-content\/uploads\/2019\/02\/DSC_0045.jpg 864w, https:\/\/noticiasmercedinas.com\/site\/wp-content\/uploads\/2019\/02\/DSC_0045-300x200.jpg 300w, https:\/\/noticiasmercedinas.com\/site\/wp-content\/uploads\/2019\/02\/DSC_0045-768x512.jpg 768w, https:\/\/noticiasmercedinas.com\/site\/wp-content\/uploads\/2019\/02\/DSC_0045-640x427.jpg 640w, https:\/\/noticiasmercedinas.com\/site\/wp-content\/uploads\/2019\/02\/DSC_0045-681x454.jpg 681w\" sizes=\"auto, (max-width: 864px) 100vw, 864px\" \/><\/p>\n","protected":false},"excerpt":{"rendered":"<p>El municipio efectu\u00f3 una nueva inversi\u00f3n en protecci\u00f3n ciudadana al inaugurar el primer Centro de Protecci\u00f3n Integral en Tu Barrio, siendo una nueva posta fija policial y de atenci\u00f3n al vecino ubicada en calle 10 y 65, frente al C.I.C.\u00a0Cuenta con c\u00e1maras, generar\u00e1 una red vecinal de whtss app y estar\u00e1 las 24hs. Este martes [&hellip;]<\/p>\n","protected":false},"author":2,"featured_media":12602,"comment_status":"open","ping_status":"open","sticky":false,"template":"","format":"standard","meta":{"footnotes":""},"categories":[3],"tags":[1677,130,1174,2576,266,3630,3629,1903,47],"class_list":["post-12601","post","type-post","status-publish","format-standard","has-post-thumbnail","hentry","category-sociedad","tag-cic","tag-esteban-rossi","tag-facundo-quiroga","tag-josefina-kelly","tag-juan-ignacio-ustarroz","tag-lopardo","tag-mutti","tag-san-martin","tag-seguridad"],"yoast_head":"<!-- This site is optimized with the Yoast SEO plugin v27.4 - https:\/\/yoast.com\/product\/yoast-seo-wordpress\/ -->\n<title>Inauguraron Centro de protecci\u00f3n Integral para varios barrios<\/title>\n<meta name=\"robots\" content=\"index, follow, max-snippet:-1, max-image-preview:large, max-video-preview:-1\" \/>\n<link rel=\"canonical\" href=\"https:\/\/noticiasmercedinas.com\/site\/2019\/02\/20\/inauguraron-centro-de-proteccion-integral-para-varos-barrios\/\" \/>\n<meta property=\"og:locale\" content=\"es_ES\" \/>\n<meta property=\"og:type\" content=\"article\" \/>\n<meta property=\"og:title\" content=\"Inauguraron Centro de protecci\u00f3n Integral para varios barrios\" \/>\n<meta property=\"og:description\" content=\"El municipio efectu\u00f3 una nueva inversi\u00f3n en protecci\u00f3n ciudadana al inaugurar el primer Centro de Protecci\u00f3n Integral en Tu Barrio, siendo una nueva posta fija policial y de atenci\u00f3n al vecino ubicada en calle 10 y 65, frente al C.I.C.\u00a0Cuenta con c\u00e1maras, generar\u00e1 una red vecinal de whtss app y estar\u00e1 las 24hs. Este martes [&hellip;]\" \/>\n<meta property=\"og:url\" content=\"https:\/\/noticiasmercedinas.com\/site\/2019\/02\/20\/inauguraron-centro-de-proteccion-integral-para-varos-barrios\/\" \/>\n<meta property=\"og:site_name\" content=\"NOTICIASMERCEDINAS.COM\" \/>\n<meta property=\"article:publisher\" content=\"https:\/\/www.facebook.com\/noticiasmercedinas\/\" \/>\n<meta property=\"article:author\" content=\"https:\/\/www.facebook.com\/cristian.falabella\" \/>\n<meta property=\"article:published_time\" content=\"2019-02-20T15:43:41+00:00\" \/>\n<meta property=\"article:modified_time\" content=\"2019-02-20T17:03:18+00:00\" \/>\n<meta property=\"og:image\" content=\"https:\/\/noticiasmercedinas.com\/site\/wp-content\/uploads\/2019\/02\/DSC_0056.jpg\" \/>\n\t<meta property=\"og:image:width\" content=\"864\" \/>\n\t<meta property=\"og:image:height\" content=\"576\" \/>\n\t<meta property=\"og:image:type\" content=\"image\/jpeg\" \/>\n<meta name=\"author\" content=\"Cristian Falabella NOTICIASMERCEDINAS.COM\" \/>\n<meta name=\"twitter:card\" content=\"summary_large_image\" \/>\n<meta name=\"twitter:creator\" content=\"@https:\/\/twitter.com\/NOTMERCEDINAS\" \/>\n<meta name=\"twitter:site\" content=\"@notmercedinas\" \/>\n<meta name=\"twitter:label1\" content=\"Escrito por\" \/>\n\t<meta name=\"twitter:data1\" content=\"Cristian Falabella NOTICIASMERCEDINAS.COM\" \/>\n\t<meta name=\"twitter:label2\" content=\"Tiempo de lectura\" \/>\n\t<meta name=\"twitter:data2\" content=\"4 minutos\" \/>\n<script type=\"application\/ld+json\" class=\"yoast-schema-graph\">{\"@context\":\"https:\\\/\\\/schema.org\",\"@graph\":[{\"@type\":\"Article\",\"@id\":\"https:\\\/\\\/noticiasmercedinas.com\\\/site\\\/2019\\\/02\\\/20\\\/inauguraron-centro-de-proteccion-integral-para-varos-barrios\\\/#article\",\"isPartOf\":{\"@id\":\"https:\\\/\\\/noticiasmercedinas.com\\\/site\\\/2019\\\/02\\\/20\\\/inauguraron-centro-de-proteccion-integral-para-varos-barrios\\\/\"},\"author\":{\"name\":\"Cristian Falabella NOTICIASMERCEDINAS.COM\",\"@id\":\"https:\\\/\\\/noticiasmercedinas.com\\\/site\\\/#\\\/schema\\\/person\\\/d481a9696a5feaec13a60e2bbd991a6a\"},\"headline\":\"Inauguraron Centro de protecci\u00f3n Integral para varios barrios\",\"datePublished\":\"2019-02-20T15:43:41+00:00\",\"dateModified\":\"2019-02-20T17:03:18+00:00\",\"mainEntityOfPage\":{\"@id\":\"https:\\\/\\\/noticiasmercedinas.com\\\/site\\\/2019\\\/02\\\/20\\\/inauguraron-centro-de-proteccion-integral-para-varos-barrios\\\/\"},\"wordCount\":890,\"commentCount\":0,\"publisher\":{\"@id\":\"https:\\\/\\\/noticiasmercedinas.com\\\/site\\\/#organization\"},\"image\":{\"@id\":\"https:\\\/\\\/noticiasmercedinas.com\\\/site\\\/2019\\\/02\\\/20\\\/inauguraron-centro-de-proteccion-integral-para-varos-barrios\\\/#primaryimage\"},\"thumbnailUrl\":\"https:\\\/\\\/noticiasmercedinas.com\\\/site\\\/wp-content\\\/uploads\\\/2019\\\/02\\\/DSC_0056.jpg\",\"keywords\":[\"cic\",\"esteban rossi\",\"facundo quiroga\",\"josefina kelly\",\"juan ignacio ustarroz\",\"Lopardo\",\"Mutti\",\"San Martin\",\"seguridad\"],\"articleSection\":[\"Sociedad\"],\"inLanguage\":\"es\",\"potentialAction\":[{\"@type\":\"CommentAction\",\"name\":\"Comment\",\"target\":[\"https:\\\/\\\/noticiasmercedinas.com\\\/site\\\/2019\\\/02\\\/20\\\/inauguraron-centro-de-proteccion-integral-para-varos-barrios\\\/#respond\"]}]},{\"@type\":\"WebPage\",\"@id\":\"https:\\\/\\\/noticiasmercedinas.com\\\/site\\\/2019\\\/02\\\/20\\\/inauguraron-centro-de-proteccion-integral-para-varos-barrios\\\/\",\"url\":\"https:\\\/\\\/noticiasmercedinas.com\\\/site\\\/2019\\\/02\\\/20\\\/inauguraron-centro-de-proteccion-integral-para-varos-barrios\\\/\",\"name\":\"Inauguraron Centro de protecci\u00f3n Integral para varios barrios\",\"isPartOf\":{\"@id\":\"https:\\\/\\\/noticiasmercedinas.com\\\/site\\\/#website\"},\"primaryImageOfPage\":{\"@id\":\"https:\\\/\\\/noticiasmercedinas.com\\\/site\\\/2019\\\/02\\\/20\\\/inauguraron-centro-de-proteccion-integral-para-varos-barrios\\\/#primaryimage\"},\"image\":{\"@id\":\"https:\\\/\\\/noticiasmercedinas.com\\\/site\\\/2019\\\/02\\\/20\\\/inauguraron-centro-de-proteccion-integral-para-varos-barrios\\\/#primaryimage\"},\"thumbnailUrl\":\"https:\\\/\\\/noticiasmercedinas.com\\\/site\\\/wp-content\\\/uploads\\\/2019\\\/02\\\/DSC_0056.jpg\",\"datePublished\":\"2019-02-20T15:43:41+00:00\",\"dateModified\":\"2019-02-20T17:03:18+00:00\",\"breadcrumb\":{\"@id\":\"https:\\\/\\\/noticiasmercedinas.com\\\/site\\\/2019\\\/02\\\/20\\\/inauguraron-centro-de-proteccion-integral-para-varos-barrios\\\/#breadcrumb\"},\"inLanguage\":\"es\",\"potentialAction\":[{\"@type\":\"ReadAction\",\"target\":[\"https:\\\/\\\/noticiasmercedinas.com\\\/site\\\/2019\\\/02\\\/20\\\/inauguraron-centro-de-proteccion-integral-para-varos-barrios\\\/\"]}]},{\"@type\":\"ImageObject\",\"inLanguage\":\"es\",\"@id\":\"https:\\\/\\\/noticiasmercedinas.com\\\/site\\\/2019\\\/02\\\/20\\\/inauguraron-centro-de-proteccion-integral-para-varos-barrios\\\/#primaryimage\",\"url\":\"https:\\\/\\\/noticiasmercedinas.com\\\/site\\\/wp-content\\\/uploads\\\/2019\\\/02\\\/DSC_0056.jpg\",\"contentUrl\":\"https:\\\/\\\/noticiasmercedinas.com\\\/site\\\/wp-content\\\/uploads\\\/2019\\\/02\\\/DSC_0056.jpg\",\"width\":864,\"height\":576},{\"@type\":\"BreadcrumbList\",\"@id\":\"https:\\\/\\\/noticiasmercedinas.com\\\/site\\\/2019\\\/02\\\/20\\\/inauguraron-centro-de-proteccion-integral-para-varos-barrios\\\/#breadcrumb\",\"itemListElement\":[{\"@type\":\"ListItem\",\"position\":1,\"name\":\"Portada\",\"item\":\"https:\\\/\\\/noticiasmercedinas.com\\\/site\\\/\"},{\"@type\":\"ListItem\",\"position\":2,\"name\":\"Inauguraron Centro de protecci\u00f3n Integral para varios barrios\"}]},{\"@type\":\"WebSite\",\"@id\":\"https:\\\/\\\/noticiasmercedinas.com\\\/site\\\/#website\",\"url\":\"https:\\\/\\\/noticiasmercedinas.com\\\/site\\\/\",\"name\":\"NOTICIASMERCEDINAS.COM\",\"description\":\"Mercedes, Buenos Aires, Argentina\",\"publisher\":{\"@id\":\"https:\\\/\\\/noticiasmercedinas.com\\\/site\\\/#organization\"},\"potentialAction\":[{\"@type\":\"SearchAction\",\"target\":{\"@type\":\"EntryPoint\",\"urlTemplate\":\"https:\\\/\\\/noticiasmercedinas.com\\\/site\\\/?s={search_term_string}\"},\"query-input\":{\"@type\":\"PropertyValueSpecification\",\"valueRequired\":true,\"valueName\":\"search_term_string\"}}],\"inLanguage\":\"es\"},{\"@type\":\"Organization\",\"@id\":\"https:\\\/\\\/noticiasmercedinas.com\\\/site\\\/#organization\",\"name\":\"NOTICIASMERCEDINAS.COM\",\"url\":\"https:\\\/\\\/noticiasmercedinas.com\\\/site\\\/\",\"logo\":{\"@type\":\"ImageObject\",\"inLanguage\":\"es\",\"@id\":\"https:\\\/\\\/noticiasmercedinas.com\\\/site\\\/#\\\/schema\\\/logo\\\/image\\\/\",\"url\":\"https:\\\/\\\/noticiasmercedinas.com\\\/site\\\/wp-content\\\/uploads\\\/2020\\\/06\\\/LOGO-512.jpg\",\"contentUrl\":\"https:\\\/\\\/noticiasmercedinas.com\\\/site\\\/wp-content\\\/uploads\\\/2020\\\/06\\\/LOGO-512.jpg\",\"width\":512,\"height\":512,\"caption\":\"NOTICIASMERCEDINAS.COM\"},\"image\":{\"@id\":\"https:\\\/\\\/noticiasmercedinas.com\\\/site\\\/#\\\/schema\\\/logo\\\/image\\\/\"},\"sameAs\":[\"https:\\\/\\\/www.facebook.com\\\/noticiasmercedinas\\\/\",\"https:\\\/\\\/x.com\\\/notmercedinas\",\"https:\\\/\\\/www.instagram.com\\\/noticiasmercedinas\\\/\"]},{\"@type\":\"Person\",\"@id\":\"https:\\\/\\\/noticiasmercedinas.com\\\/site\\\/#\\\/schema\\\/person\\\/d481a9696a5feaec13a60e2bbd991a6a\",\"name\":\"Cristian Falabella NOTICIASMERCEDINAS.COM\",\"image\":{\"@type\":\"ImageObject\",\"inLanguage\":\"es\",\"@id\":\"https:\\\/\\\/secure.gravatar.com\\\/avatar\\\/0dbbfc45970cc46bcd0e57766228574ff3511d6eed045b182f536f0f478c1f06?s=96&d=mm&r=g\",\"url\":\"https:\\\/\\\/secure.gravatar.com\\\/avatar\\\/0dbbfc45970cc46bcd0e57766228574ff3511d6eed045b182f536f0f478c1f06?s=96&d=mm&r=g\",\"contentUrl\":\"https:\\\/\\\/secure.gravatar.com\\\/avatar\\\/0dbbfc45970cc46bcd0e57766228574ff3511d6eed045b182f536f0f478c1f06?s=96&d=mm&r=g\",\"caption\":\"Cristian Falabella NOTICIASMERCEDINAS.COM\"},\"description\":\"Periodista, editor de Noticias Mercedinas. Pas\u00f3 por varias redacciones y emprendimientos de prensa, en distintos formatos y \u00e9pocas. Se especializ\u00f3 --y sigue haci\u00e9ndolo-- en comunicaci\u00f3n en la web y en junio de 2006 fund\u00f3 este diario digital.\",\"sameAs\":[\"https:\\\/\\\/noticiasmercedinas.com\",\"https:\\\/\\\/www.facebook.com\\\/cristian.falabella\",\"https:\\\/\\\/www.instagram.com\\\/noticiasmercedinas\\\/\",\"https:\\\/\\\/x.com\\\/https:\\\/\\\/twitter.com\\\/NOTMERCEDINAS\"],\"url\":\"https:\\\/\\\/noticiasmercedinas.com\\\/site\\\/author\\\/as000384\\\/\"}]}<\/script>\n<!-- \/ Yoast SEO plugin. -->","yoast_head_json":{"title":"Inauguraron Centro de protecci\u00f3n Integral para varios barrios","robots":{"index":"index","follow":"follow","max-snippet":"max-snippet:-1","max-image-preview":"max-image-preview:large","max-video-preview":"max-video-preview:-1"},"canonical":"https:\/\/noticiasmercedinas.com\/site\/2019\/02\/20\/inauguraron-centro-de-proteccion-integral-para-varos-barrios\/","og_locale":"es_ES","og_type":"article","og_title":"Inauguraron Centro de protecci\u00f3n Integral para varios barrios","og_description":"El municipio efectu\u00f3 una nueva inversi\u00f3n en protecci\u00f3n ciudadana al inaugurar el primer Centro de Protecci\u00f3n Integral en Tu Barrio, siendo una nueva posta fija policial y de atenci\u00f3n al vecino ubicada en calle 10 y 65, frente al C.I.C.\u00a0Cuenta con c\u00e1maras, generar\u00e1 una red vecinal de whtss app y estar\u00e1 las 24hs. Este martes [&hellip;]","og_url":"https:\/\/noticiasmercedinas.com\/site\/2019\/02\/20\/inauguraron-centro-de-proteccion-integral-para-varos-barrios\/","og_site_name":"NOTICIASMERCEDINAS.COM","article_publisher":"https:\/\/www.facebook.com\/noticiasmercedinas\/","article_author":"https:\/\/www.facebook.com\/cristian.falabella","article_published_time":"2019-02-20T15:43:41+00:00","article_modified_time":"2019-02-20T17:03:18+00:00","og_image":[{"width":864,"height":576,"url":"https:\/\/noticiasmercedinas.com\/site\/wp-content\/uploads\/2019\/02\/DSC_0056.jpg","type":"image\/jpeg"}],"author":"Cristian Falabella NOTICIASMERCEDINAS.COM","twitter_card":"summary_large_image","twitter_creator":"@https:\/\/twitter.com\/NOTMERCEDINAS","twitter_site":"@notmercedinas","twitter_misc":{"Escrito por":"Cristian Falabella NOTICIASMERCEDINAS.COM","Tiempo de lectura":"4 minutos"},"schema":{"@context":"https:\/\/schema.org","@graph":[{"@type":"Article","@id":"https:\/\/noticiasmercedinas.com\/site\/2019\/02\/20\/inauguraron-centro-de-proteccion-integral-para-varos-barrios\/#article","isPartOf":{"@id":"https:\/\/noticiasmercedinas.com\/site\/2019\/02\/20\/inauguraron-centro-de-proteccion-integral-para-varos-barrios\/"},"author":{"name":"Cristian Falabella NOTICIASMERCEDINAS.COM","@id":"https:\/\/noticiasmercedinas.com\/site\/#\/schema\/person\/d481a9696a5feaec13a60e2bbd991a6a"},"headline":"Inauguraron Centro de protecci\u00f3n Integral para varios barrios","datePublished":"2019-02-20T15:43:41+00:00","dateModified":"2019-02-20T17:03:18+00:00","mainEntityOfPage":{"@id":"https:\/\/noticiasmercedinas.com\/site\/2019\/02\/20\/inauguraron-centro-de-proteccion-integral-para-varos-barrios\/"},"wordCount":890,"commentCount":0,"publisher":{"@id":"https:\/\/noticiasmercedinas.com\/site\/#organization"},"image":{"@id":"https:\/\/noticiasmercedinas.com\/site\/2019\/02\/20\/inauguraron-centro-de-proteccion-integral-para-varos-barrios\/#primaryimage"},"thumbnailUrl":"https:\/\/noticiasmercedinas.com\/site\/wp-content\/uploads\/2019\/02\/DSC_0056.jpg","keywords":["cic","esteban rossi","facundo quiroga","josefina kelly","juan ignacio ustarroz","Lopardo","Mutti","San Martin","seguridad"],"articleSection":["Sociedad"],"inLanguage":"es","potentialAction":[{"@type":"CommentAction","name":"Comment","target":["https:\/\/noticiasmercedinas.com\/site\/2019\/02\/20\/inauguraron-centro-de-proteccion-integral-para-varos-barrios\/#respond"]}]},{"@type":"WebPage","@id":"https:\/\/noticiasmercedinas.com\/site\/2019\/02\/20\/inauguraron-centro-de-proteccion-integral-para-varos-barrios\/","url":"https:\/\/noticiasmercedinas.com\/site\/2019\/02\/20\/inauguraron-centro-de-proteccion-integral-para-varos-barrios\/","name":"Inauguraron Centro de protecci\u00f3n Integral para varios barrios","isPartOf":{"@id":"https:\/\/noticiasmercedinas.com\/site\/#website"},"primaryImageOfPage":{"@id":"https:\/\/noticiasmercedinas.com\/site\/2019\/02\/20\/inauguraron-centro-de-proteccion-integral-para-varos-barrios\/#primaryimage"},"image":{"@id":"https:\/\/noticiasmercedinas.com\/site\/2019\/02\/20\/inauguraron-centro-de-proteccion-integral-para-varos-barrios\/#primaryimage"},"thumbnailUrl":"https:\/\/noticiasmercedinas.com\/site\/wp-content\/uploads\/2019\/02\/DSC_0056.jpg","datePublished":"2019-02-20T15:43:41+00:00","dateModified":"2019-02-20T17:03:18+00:00","breadcrumb":{"@id":"https:\/\/noticiasmercedinas.com\/site\/2019\/02\/20\/inauguraron-centro-de-proteccion-integral-para-varos-barrios\/#breadcrumb"},"inLanguage":"es","potentialAction":[{"@type":"ReadAction","target":["https:\/\/noticiasmercedinas.com\/site\/2019\/02\/20\/inauguraron-centro-de-proteccion-integral-para-varos-barrios\/"]}]},{"@type":"ImageObject","inLanguage":"es","@id":"https:\/\/noticiasmercedinas.com\/site\/2019\/02\/20\/inauguraron-centro-de-proteccion-integral-para-varos-barrios\/#primaryimage","url":"https:\/\/noticiasmercedinas.com\/site\/wp-content\/uploads\/2019\/02\/DSC_0056.jpg","contentUrl":"https:\/\/noticiasmercedinas.com\/site\/wp-content\/uploads\/2019\/02\/DSC_0056.jpg","width":864,"height":576},{"@type":"BreadcrumbList","@id":"https:\/\/noticiasmercedinas.com\/site\/2019\/02\/20\/inauguraron-centro-de-proteccion-integral-para-varos-barrios\/#breadcrumb","itemListElement":[{"@type":"ListItem","position":1,"name":"Portada","item":"https:\/\/noticiasmercedinas.com\/site\/"},{"@type":"ListItem","position":2,"name":"Inauguraron Centro de protecci\u00f3n Integral para varios barrios"}]},{"@type":"WebSite","@id":"https:\/\/noticiasmercedinas.com\/site\/#website","url":"https:\/\/noticiasmercedinas.com\/site\/","name":"NOTICIASMERCEDINAS.COM","description":"Mercedes, Buenos Aires, Argentina","publisher":{"@id":"https:\/\/noticiasmercedinas.com\/site\/#organization"},"potentialAction":[{"@type":"SearchAction","target":{"@type":"EntryPoint","urlTemplate":"https:\/\/noticiasmercedinas.com\/site\/?s={search_term_string}"},"query-input":{"@type":"PropertyValueSpecification","valueRequired":true,"valueName":"search_term_string"}}],"inLanguage":"es"},{"@type":"Organization","@id":"https:\/\/noticiasmercedinas.com\/site\/#organization","name":"NOTICIASMERCEDINAS.COM","url":"https:\/\/noticiasmercedinas.com\/site\/","logo":{"@type":"ImageObject","inLanguage":"es","@id":"https:\/\/noticiasmercedinas.com\/site\/#\/schema\/logo\/image\/","url":"https:\/\/noticiasmercedinas.com\/site\/wp-content\/uploads\/2020\/06\/LOGO-512.jpg","contentUrl":"https:\/\/noticiasmercedinas.com\/site\/wp-content\/uploads\/2020\/06\/LOGO-512.jpg","width":512,"height":512,"caption":"NOTICIASMERCEDINAS.COM"},"image":{"@id":"https:\/\/noticiasmercedinas.com\/site\/#\/schema\/logo\/image\/"},"sameAs":["https:\/\/www.facebook.com\/noticiasmercedinas\/","https:\/\/x.com\/notmercedinas","https:\/\/www.instagram.com\/noticiasmercedinas\/"]},{"@type":"Person","@id":"https:\/\/noticiasmercedinas.com\/site\/#\/schema\/person\/d481a9696a5feaec13a60e2bbd991a6a","name":"Cristian Falabella NOTICIASMERCEDINAS.COM","image":{"@type":"ImageObject","inLanguage":"es","@id":"https:\/\/secure.gravatar.com\/avatar\/0dbbfc45970cc46bcd0e57766228574ff3511d6eed045b182f536f0f478c1f06?s=96&d=mm&r=g","url":"https:\/\/secure.gravatar.com\/avatar\/0dbbfc45970cc46bcd0e57766228574ff3511d6eed045b182f536f0f478c1f06?s=96&d=mm&r=g","contentUrl":"https:\/\/secure.gravatar.com\/avatar\/0dbbfc45970cc46bcd0e57766228574ff3511d6eed045b182f536f0f478c1f06?s=96&d=mm&r=g","caption":"Cristian Falabella NOTICIASMERCEDINAS.COM"},"description":"Periodista, editor de Noticias Mercedinas. Pas\u00f3 por varias redacciones y emprendimientos de prensa, en distintos formatos y \u00e9pocas. Se especializ\u00f3 --y sigue haci\u00e9ndolo-- en comunicaci\u00f3n en la web y en junio de 2006 fund\u00f3 este diario digital.","sameAs":["https:\/\/noticiasmercedinas.com","https:\/\/www.facebook.com\/cristian.falabella","https:\/\/www.instagram.com\/noticiasmercedinas\/","https:\/\/x.com\/https:\/\/twitter.com\/NOTMERCEDINAS"],"url":"https:\/\/noticiasmercedinas.com\/site\/author\/as000384\/"}]}},"amp_enabled":true,"_links":{"self":[{"href":"https:\/\/noticiasmercedinas.com\/site\/wp-json\/wp\/v2\/posts\/12601","targetHints":{"allow":["GET"]}}],"collection":[{"href":"https:\/\/noticiasmercedinas.com\/site\/wp-json\/wp\/v2\/posts"}],"about":[{"href":"https:\/\/noticiasmercedinas.com\/site\/wp-json\/wp\/v2\/types\/post"}],"author":[{"embeddable":true,"href":"https:\/\/noticiasmercedinas.com\/site\/wp-json\/wp\/v2\/users\/2"}],"replies":[{"embeddable":true,"href":"https:\/\/noticiasmercedinas.com\/site\/wp-json\/wp\/v2\/comments?post=12601"}],"version-history":[{"count":2,"href":"https:\/\/noticiasmercedinas.com\/site\/wp-json\/wp\/v2\/posts\/12601\/revisions"}],"predecessor-version":[{"id":12605,"href":"https:\/\/noticiasmercedinas.com\/site\/wp-json\/wp\/v2\/posts\/12601\/revisions\/12605"}],"wp:featuredmedia":[{"embeddable":true,"href":"https:\/\/noticiasmercedinas.com\/site\/wp-json\/wp\/v2\/media\/12602"}],"wp:attachment":[{"href":"https:\/\/noticiasmercedinas.com\/site\/wp-json\/wp\/v2\/media?parent=12601"}],"wp:term":[{"taxonomy":"category","embeddable":true,"href":"https:\/\/noticiasmercedinas.com\/site\/wp-json\/wp\/v2\/categories?post=12601"},{"taxonomy":"post_tag","embeddable":true,"href":"https:\/\/noticiasmercedinas.com\/site\/wp-json\/wp\/v2\/tags?post=12601"}],"curies":[{"name":"wp","href":"https:\/\/api.w.org\/{rel}","templated":true}]}}