{"id":126093,"date":"2023-11-05T08:59:04","date_gmt":"2023-11-05T11:59:04","guid":{"rendered":"https:\/\/noticiasmercedinas.com\/site\/?p=126093"},"modified":"2023-11-05T08:59:14","modified_gmt":"2023-11-05T11:59:14","slug":"este-lunes-club-mercedes-vuelve-a-jugar-en-gerli","status":"publish","type":"post","link":"https:\/\/noticiasmercedinas.com\/site\/2023\/11\/05\/este-lunes-club-mercedes-vuelve-a-jugar-en-gerli\/","title":{"rendered":"Este lunes Club Mercedes vuelve a jugar en Gerli"},"content":{"rendered":"<figure id=\"attachment_126094\" aria-describedby=\"caption-attachment-126094\" style=\"width: 640px\" class=\"wp-caption alignnone\"><img loading=\"lazy\" decoding=\"async\" class=\"wp-image-126094 size-full\" src=\"https:\/\/noticiasmercedinas.com\/site\/wp-content\/uploads\/2023\/11\/IMG_5664.jpg\" alt=\"\" width=\"640\" height=\"417\" srcset=\"https:\/\/noticiasmercedinas.com\/site\/wp-content\/uploads\/2023\/11\/IMG_5664.jpg 640w, https:\/\/noticiasmercedinas.com\/site\/wp-content\/uploads\/2023\/11\/IMG_5664-300x194.jpg 300w\" sizes=\"auto, (max-width: 640px) 100vw, 640px\" \/><figcaption id=\"caption-attachment-126094\" class=\"wp-caption-text\">Mercedes y El Porvenir va este lunes en Gerli.<\/figcaption><\/figure>\n<p>La Primera D va llegando a su fin, este s\u00e1bado 4 comenz\u00f3 la 19\u00b0 fecha que seguir\u00e1 este lunes 6 con tres partidos m\u00e1s y finalizar\u00e1 el martes 7 con la presentaci\u00f3n del puntero Argentino. En medio de todo est\u00e1 la visita de Club Mercedes a El Porvenir en Gerli con la televisaci\u00f3n de DeporTV desde la hora 15.30.<\/p>\n<p>Desde que el \u201cBlanquinegro\u201d lleg\u00f3 a la Primera D s\u00f3lo ha jugado en dos oportunidades con \u201cEl Porve\u201d, la primera vez fue el 29 de abril del presente a\u00f1o con victoria de los de Gerli 2 a 1. El 23 de julio lo gan\u00f3 Mercedes 1-0 en la Liga, este lunes se cruzar\u00e1n por tercera vez.<\/p>\n<p>Club Mercedes viene de empatar sin goles ante Cambaceres sufriendo dos expulsados, Ismael Illanes recibi\u00f3 una fecha y Blas De Los Santos dos. El Porvenir empat\u00f3 2 a 2 en Rosario ante Argentino, no podr\u00e1n contar con Leandro Villagra por 5 amarillas. Que se juegue en un d\u00eda laborable llevar\u00eda a que se den m\u00e1s ausencias.<\/p>\n<p>Como dato queda que jugaron en El Porvenir los mercedinos Rodrigo Gauna en la temporada 1995-96 en la Primera B Metropolitana y Alejandro Huici en el 2000 en Primera Nacional. Walter D\u00edaz, que supo ser DT de Mercedes m\u00e1s 5 a\u00f1os jug\u00f3 en el club de zona sur durante su carrera como jugador.<\/p>\n<p><strong>Resultado<\/strong><br \/>\n<strong>Deportivo Paraguayo 1:<\/strong> Guillermo Mart\u00ednez.<br \/>\n<strong>Juventud Unida 3:<\/strong> Gabriel Venditti, Jano Barrios y Santiago Kojro.<\/p>\n<p><img loading=\"lazy\" decoding=\"async\" class=\"alignnone size-full wp-image-126095\" src=\"https:\/\/noticiasmercedinas.com\/site\/wp-content\/uploads\/2023\/11\/Primera-D.jpg\" alt=\"\" width=\"640\" height=\"370\" srcset=\"https:\/\/noticiasmercedinas.com\/site\/wp-content\/uploads\/2023\/11\/Primera-D.jpg 640w, https:\/\/noticiasmercedinas.com\/site\/wp-content\/uploads\/2023\/11\/Primera-D-300x173.jpg 300w\" sizes=\"auto, (max-width: 640px) 100vw, 640px\" \/><br \/>\n<strong><br \/>\nLo que viene<\/strong><br \/>\n<strong>Lunes 6<\/strong><br \/>\nA las 15.30 El Porvenir vs.\u00a0 Club Mercedes.<br \/>\n<strong>\u00c1rbitro:<\/strong> Jes\u00fas Girett.<br \/>\n<strong>Asistente 1:<\/strong> Lucas Monsalvo.<br \/>\n<strong>Asistente 2:<\/strong> Dami\u00e1n Alcarez.<br \/>\n<strong>Cuarto \u00e1rbitro:<\/strong> Diego Torres.<\/p>\n<p>A las 15.30 Deportivo Mu\u00f1iz vs. Sportivo Barracas.<br \/>\nA las 15.30 Defensores de Cambaceres vs. Central Ballester.<\/p>\n<p><strong>Martes 7<br \/>\nCancha:<\/strong> Ituzaing\u00f3.<br \/>\nA las 15.30 Centro Espa\u00f1ol vs. Argentino (Rosario).<\/p>\n<p><strong>Libre:<\/strong> Lugano.<\/p>\n","protected":false},"excerpt":{"rendered":"<p>\u25a0 Por al 19\u00b0 fecha de la Primera D enfrenta a El Porvenir. Ser\u00e1 la segunda vez que viaja a zona sur en medio de un certamen que va agotando su fixture.    <\/p>\n","protected":false},"author":6,"featured_media":126094,"comment_status":"closed","ping_status":"closed","sticky":false,"template":"","format":"standard","meta":{"footnotes":""},"categories":[5],"tags":[6424,135,10499,11935],"class_list":["post-126093","post","type-post","status-publish","format-standard","has-post-thumbnail","hentry","category-deportes","tag-afa","tag-club-mercedes","tag-el-porvenir","tag-primera-d"],"yoast_head":"<!-- This site is optimized with the Yoast SEO plugin v27.4 - https:\/\/yoast.com\/product\/yoast-seo-wordpress\/ -->\n<title>Este lunes Club Mercedes vuelve a jugar en Gerli<\/title>\n<meta name=\"robots\" content=\"index, follow, max-snippet:-1, max-image-preview:large, max-video-preview:-1\" \/>\n<link rel=\"canonical\" href=\"https:\/\/noticiasmercedinas.com\/site\/2023\/11\/05\/este-lunes-club-mercedes-vuelve-a-jugar-en-gerli\/\" \/>\n<meta property=\"og:locale\" content=\"es_ES\" \/>\n<meta property=\"og:type\" content=\"article\" \/>\n<meta property=\"og:title\" content=\"Este lunes Club Mercedes vuelve a jugar en Gerli\" \/>\n<meta property=\"og:description\" content=\"\u25a0 Por al 19\u00b0 fecha de la Primera D enfrenta a El Porvenir. Ser\u00e1 la segunda vez que viaja a zona sur en medio de un certamen que va agotando su fixture.\" \/>\n<meta property=\"og:url\" content=\"https:\/\/noticiasmercedinas.com\/site\/2023\/11\/05\/este-lunes-club-mercedes-vuelve-a-jugar-en-gerli\/\" \/>\n<meta property=\"og:site_name\" content=\"NOTICIASMERCEDINAS.COM\" \/>\n<meta property=\"article:publisher\" content=\"https:\/\/www.facebook.com\/noticiasmercedinas\/\" \/>\n<meta property=\"article:published_time\" content=\"2023-11-05T11:59:04+00:00\" \/>\n<meta property=\"article:modified_time\" content=\"2023-11-05T11:59:14+00:00\" \/>\n<meta property=\"og:image\" content=\"https:\/\/noticiasmercedinas.com\/site\/wp-content\/uploads\/2023\/11\/IMG_5664.jpg\" \/>\n\t<meta property=\"og:image:width\" content=\"640\" \/>\n\t<meta property=\"og:image:height\" content=\"417\" \/>\n\t<meta property=\"og:image:type\" content=\"image\/jpeg\" \/>\n<meta name=\"author\" content=\"Juan Dagnino NOTICIASMERCEDINAS.COM\" \/>\n<meta name=\"twitter:card\" content=\"summary_large_image\" \/>\n<meta name=\"twitter:creator\" content=\"@notmercedinas\" \/>\n<meta name=\"twitter:site\" content=\"@notmercedinas\" \/>\n<meta name=\"twitter:label1\" content=\"Escrito por\" \/>\n\t<meta name=\"twitter:data1\" content=\"Juan Dagnino NOTICIASMERCEDINAS.COM\" \/>\n\t<meta name=\"twitter:label2\" content=\"Tiempo de lectura\" \/>\n\t<meta name=\"twitter:data2\" content=\"2 minutos\" \/>\n<script type=\"application\/ld+json\" class=\"yoast-schema-graph\">{\"@context\":\"https:\\\/\\\/schema.org\",\"@graph\":[{\"@type\":\"Article\",\"@id\":\"https:\\\/\\\/noticiasmercedinas.com\\\/site\\\/2023\\\/11\\\/05\\\/este-lunes-club-mercedes-vuelve-a-jugar-en-gerli\\\/#article\",\"isPartOf\":{\"@id\":\"https:\\\/\\\/noticiasmercedinas.com\\\/site\\\/2023\\\/11\\\/05\\\/este-lunes-club-mercedes-vuelve-a-jugar-en-gerli\\\/\"},\"author\":{\"name\":\"Juan Dagnino NOTICIASMERCEDINAS.COM\",\"@id\":\"https:\\\/\\\/noticiasmercedinas.com\\\/site\\\/#\\\/schema\\\/person\\\/8f2f09d666ef40986eba4a5e6f2a06f9\"},\"headline\":\"Este lunes Club Mercedes vuelve a jugar en Gerli\",\"datePublished\":\"2023-11-05T11:59:04+00:00\",\"dateModified\":\"2023-11-05T11:59:14+00:00\",\"mainEntityOfPage\":{\"@id\":\"https:\\\/\\\/noticiasmercedinas.com\\\/site\\\/2023\\\/11\\\/05\\\/este-lunes-club-mercedes-vuelve-a-jugar-en-gerli\\\/\"},\"wordCount\":319,\"publisher\":{\"@id\":\"https:\\\/\\\/noticiasmercedinas.com\\\/site\\\/#organization\"},\"image\":{\"@id\":\"https:\\\/\\\/noticiasmercedinas.com\\\/site\\\/2023\\\/11\\\/05\\\/este-lunes-club-mercedes-vuelve-a-jugar-en-gerli\\\/#primaryimage\"},\"thumbnailUrl\":\"https:\\\/\\\/noticiasmercedinas.com\\\/site\\\/wp-content\\\/uploads\\\/2023\\\/11\\\/IMG_5664.jpg\",\"keywords\":[\"AFA\",\"club mercedes\",\"El Porvenir\",\"Primera D\"],\"articleSection\":[\"Deportes\"],\"inLanguage\":\"es\"},{\"@type\":\"WebPage\",\"@id\":\"https:\\\/\\\/noticiasmercedinas.com\\\/site\\\/2023\\\/11\\\/05\\\/este-lunes-club-mercedes-vuelve-a-jugar-en-gerli\\\/\",\"url\":\"https:\\\/\\\/noticiasmercedinas.com\\\/site\\\/2023\\\/11\\\/05\\\/este-lunes-club-mercedes-vuelve-a-jugar-en-gerli\\\/\",\"name\":\"Este lunes Club Mercedes vuelve a jugar en Gerli\",\"isPartOf\":{\"@id\":\"https:\\\/\\\/noticiasmercedinas.com\\\/site\\\/#website\"},\"primaryImageOfPage\":{\"@id\":\"https:\\\/\\\/noticiasmercedinas.com\\\/site\\\/2023\\\/11\\\/05\\\/este-lunes-club-mercedes-vuelve-a-jugar-en-gerli\\\/#primaryimage\"},\"image\":{\"@id\":\"https:\\\/\\\/noticiasmercedinas.com\\\/site\\\/2023\\\/11\\\/05\\\/este-lunes-club-mercedes-vuelve-a-jugar-en-gerli\\\/#primaryimage\"},\"thumbnailUrl\":\"https:\\\/\\\/noticiasmercedinas.com\\\/site\\\/wp-content\\\/uploads\\\/2023\\\/11\\\/IMG_5664.jpg\",\"datePublished\":\"2023-11-05T11:59:04+00:00\",\"dateModified\":\"2023-11-05T11:59:14+00:00\",\"breadcrumb\":{\"@id\":\"https:\\\/\\\/noticiasmercedinas.com\\\/site\\\/2023\\\/11\\\/05\\\/este-lunes-club-mercedes-vuelve-a-jugar-en-gerli\\\/#breadcrumb\"},\"inLanguage\":\"es\",\"potentialAction\":[{\"@type\":\"ReadAction\",\"target\":[\"https:\\\/\\\/noticiasmercedinas.com\\\/site\\\/2023\\\/11\\\/05\\\/este-lunes-club-mercedes-vuelve-a-jugar-en-gerli\\\/\"]}]},{\"@type\":\"ImageObject\",\"inLanguage\":\"es\",\"@id\":\"https:\\\/\\\/noticiasmercedinas.com\\\/site\\\/2023\\\/11\\\/05\\\/este-lunes-club-mercedes-vuelve-a-jugar-en-gerli\\\/#primaryimage\",\"url\":\"https:\\\/\\\/noticiasmercedinas.com\\\/site\\\/wp-content\\\/uploads\\\/2023\\\/11\\\/IMG_5664.jpg\",\"contentUrl\":\"https:\\\/\\\/noticiasmercedinas.com\\\/site\\\/wp-content\\\/uploads\\\/2023\\\/11\\\/IMG_5664.jpg\",\"width\":640,\"height\":417},{\"@type\":\"BreadcrumbList\",\"@id\":\"https:\\\/\\\/noticiasmercedinas.com\\\/site\\\/2023\\\/11\\\/05\\\/este-lunes-club-mercedes-vuelve-a-jugar-en-gerli\\\/#breadcrumb\",\"itemListElement\":[{\"@type\":\"ListItem\",\"position\":1,\"name\":\"Portada\",\"item\":\"https:\\\/\\\/noticiasmercedinas.com\\\/site\\\/\"},{\"@type\":\"ListItem\",\"position\":2,\"name\":\"Este lunes Club Mercedes vuelve a jugar en Gerli\"}]},{\"@type\":\"WebSite\",\"@id\":\"https:\\\/\\\/noticiasmercedinas.com\\\/site\\\/#website\",\"url\":\"https:\\\/\\\/noticiasmercedinas.com\\\/site\\\/\",\"name\":\"NOTICIASMERCEDINAS.COM\",\"description\":\"Mercedes, Buenos Aires, Argentina\",\"publisher\":{\"@id\":\"https:\\\/\\\/noticiasmercedinas.com\\\/site\\\/#organization\"},\"potentialAction\":[{\"@type\":\"SearchAction\",\"target\":{\"@type\":\"EntryPoint\",\"urlTemplate\":\"https:\\\/\\\/noticiasmercedinas.com\\\/site\\\/?s={search_term_string}\"},\"query-input\":{\"@type\":\"PropertyValueSpecification\",\"valueRequired\":true,\"valueName\":\"search_term_string\"}}],\"inLanguage\":\"es\"},{\"@type\":\"Organization\",\"@id\":\"https:\\\/\\\/noticiasmercedinas.com\\\/site\\\/#organization\",\"name\":\"NOTICIASMERCEDINAS.COM\",\"url\":\"https:\\\/\\\/noticiasmercedinas.com\\\/site\\\/\",\"logo\":{\"@type\":\"ImageObject\",\"inLanguage\":\"es\",\"@id\":\"https:\\\/\\\/noticiasmercedinas.com\\\/site\\\/#\\\/schema\\\/logo\\\/image\\\/\",\"url\":\"https:\\\/\\\/noticiasmercedinas.com\\\/site\\\/wp-content\\\/uploads\\\/2020\\\/06\\\/LOGO-512.jpg\",\"contentUrl\":\"https:\\\/\\\/noticiasmercedinas.com\\\/site\\\/wp-content\\\/uploads\\\/2020\\\/06\\\/LOGO-512.jpg\",\"width\":512,\"height\":512,\"caption\":\"NOTICIASMERCEDINAS.COM\"},\"image\":{\"@id\":\"https:\\\/\\\/noticiasmercedinas.com\\\/site\\\/#\\\/schema\\\/logo\\\/image\\\/\"},\"sameAs\":[\"https:\\\/\\\/www.facebook.com\\\/noticiasmercedinas\\\/\",\"https:\\\/\\\/x.com\\\/notmercedinas\",\"https:\\\/\\\/www.instagram.com\\\/noticiasmercedinas\\\/\"]},{\"@type\":\"Person\",\"@id\":\"https:\\\/\\\/noticiasmercedinas.com\\\/site\\\/#\\\/schema\\\/person\\\/8f2f09d666ef40986eba4a5e6f2a06f9\",\"name\":\"Juan Dagnino NOTICIASMERCEDINAS.COM\",\"image\":{\"@type\":\"ImageObject\",\"inLanguage\":\"es\",\"@id\":\"https:\\\/\\\/secure.gravatar.com\\\/avatar\\\/fc7059a769f5a3cae65fadb228a3e4accf3a64b4b2305020d0a27e6d5333c91b?s=96&d=mm&r=g\",\"url\":\"https:\\\/\\\/secure.gravatar.com\\\/avatar\\\/fc7059a769f5a3cae65fadb228a3e4accf3a64b4b2305020d0a27e6d5333c91b?s=96&d=mm&r=g\",\"contentUrl\":\"https:\\\/\\\/secure.gravatar.com\\\/avatar\\\/fc7059a769f5a3cae65fadb228a3e4accf3a64b4b2305020d0a27e6d5333c91b?s=96&d=mm&r=g\",\"caption\":\"Juan Dagnino NOTICIASMERCEDINAS.COM\"},\"url\":\"https:\\\/\\\/noticiasmercedinas.com\\\/site\\\/author\\\/juandagnino\\\/\"}]}<\/script>\n<!-- \/ Yoast SEO plugin. -->","yoast_head_json":{"title":"Este lunes Club Mercedes vuelve a jugar en Gerli","robots":{"index":"index","follow":"follow","max-snippet":"max-snippet:-1","max-image-preview":"max-image-preview:large","max-video-preview":"max-video-preview:-1"},"canonical":"https:\/\/noticiasmercedinas.com\/site\/2023\/11\/05\/este-lunes-club-mercedes-vuelve-a-jugar-en-gerli\/","og_locale":"es_ES","og_type":"article","og_title":"Este lunes Club Mercedes vuelve a jugar en Gerli","og_description":"\u25a0 Por al 19\u00b0 fecha de la Primera D enfrenta a El Porvenir. Ser\u00e1 la segunda vez que viaja a zona sur en medio de un certamen que va agotando su fixture.","og_url":"https:\/\/noticiasmercedinas.com\/site\/2023\/11\/05\/este-lunes-club-mercedes-vuelve-a-jugar-en-gerli\/","og_site_name":"NOTICIASMERCEDINAS.COM","article_publisher":"https:\/\/www.facebook.com\/noticiasmercedinas\/","article_published_time":"2023-11-05T11:59:04+00:00","article_modified_time":"2023-11-05T11:59:14+00:00","og_image":[{"width":640,"height":417,"url":"https:\/\/noticiasmercedinas.com\/site\/wp-content\/uploads\/2023\/11\/IMG_5664.jpg","type":"image\/jpeg"}],"author":"Juan Dagnino NOTICIASMERCEDINAS.COM","twitter_card":"summary_large_image","twitter_creator":"@notmercedinas","twitter_site":"@notmercedinas","twitter_misc":{"Escrito por":"Juan Dagnino NOTICIASMERCEDINAS.COM","Tiempo de lectura":"2 minutos"},"schema":{"@context":"https:\/\/schema.org","@graph":[{"@type":"Article","@id":"https:\/\/noticiasmercedinas.com\/site\/2023\/11\/05\/este-lunes-club-mercedes-vuelve-a-jugar-en-gerli\/#article","isPartOf":{"@id":"https:\/\/noticiasmercedinas.com\/site\/2023\/11\/05\/este-lunes-club-mercedes-vuelve-a-jugar-en-gerli\/"},"author":{"name":"Juan Dagnino NOTICIASMERCEDINAS.COM","@id":"https:\/\/noticiasmercedinas.com\/site\/#\/schema\/person\/8f2f09d666ef40986eba4a5e6f2a06f9"},"headline":"Este lunes Club Mercedes vuelve a jugar en Gerli","datePublished":"2023-11-05T11:59:04+00:00","dateModified":"2023-11-05T11:59:14+00:00","mainEntityOfPage":{"@id":"https:\/\/noticiasmercedinas.com\/site\/2023\/11\/05\/este-lunes-club-mercedes-vuelve-a-jugar-en-gerli\/"},"wordCount":319,"publisher":{"@id":"https:\/\/noticiasmercedinas.com\/site\/#organization"},"image":{"@id":"https:\/\/noticiasmercedinas.com\/site\/2023\/11\/05\/este-lunes-club-mercedes-vuelve-a-jugar-en-gerli\/#primaryimage"},"thumbnailUrl":"https:\/\/noticiasmercedinas.com\/site\/wp-content\/uploads\/2023\/11\/IMG_5664.jpg","keywords":["AFA","club mercedes","El Porvenir","Primera D"],"articleSection":["Deportes"],"inLanguage":"es"},{"@type":"WebPage","@id":"https:\/\/noticiasmercedinas.com\/site\/2023\/11\/05\/este-lunes-club-mercedes-vuelve-a-jugar-en-gerli\/","url":"https:\/\/noticiasmercedinas.com\/site\/2023\/11\/05\/este-lunes-club-mercedes-vuelve-a-jugar-en-gerli\/","name":"Este lunes Club Mercedes vuelve a jugar en Gerli","isPartOf":{"@id":"https:\/\/noticiasmercedinas.com\/site\/#website"},"primaryImageOfPage":{"@id":"https:\/\/noticiasmercedinas.com\/site\/2023\/11\/05\/este-lunes-club-mercedes-vuelve-a-jugar-en-gerli\/#primaryimage"},"image":{"@id":"https:\/\/noticiasmercedinas.com\/site\/2023\/11\/05\/este-lunes-club-mercedes-vuelve-a-jugar-en-gerli\/#primaryimage"},"thumbnailUrl":"https:\/\/noticiasmercedinas.com\/site\/wp-content\/uploads\/2023\/11\/IMG_5664.jpg","datePublished":"2023-11-05T11:59:04+00:00","dateModified":"2023-11-05T11:59:14+00:00","breadcrumb":{"@id":"https:\/\/noticiasmercedinas.com\/site\/2023\/11\/05\/este-lunes-club-mercedes-vuelve-a-jugar-en-gerli\/#breadcrumb"},"inLanguage":"es","potentialAction":[{"@type":"ReadAction","target":["https:\/\/noticiasmercedinas.com\/site\/2023\/11\/05\/este-lunes-club-mercedes-vuelve-a-jugar-en-gerli\/"]}]},{"@type":"ImageObject","inLanguage":"es","@id":"https:\/\/noticiasmercedinas.com\/site\/2023\/11\/05\/este-lunes-club-mercedes-vuelve-a-jugar-en-gerli\/#primaryimage","url":"https:\/\/noticiasmercedinas.com\/site\/wp-content\/uploads\/2023\/11\/IMG_5664.jpg","contentUrl":"https:\/\/noticiasmercedinas.com\/site\/wp-content\/uploads\/2023\/11\/IMG_5664.jpg","width":640,"height":417},{"@type":"BreadcrumbList","@id":"https:\/\/noticiasmercedinas.com\/site\/2023\/11\/05\/este-lunes-club-mercedes-vuelve-a-jugar-en-gerli\/#breadcrumb","itemListElement":[{"@type":"ListItem","position":1,"name":"Portada","item":"https:\/\/noticiasmercedinas.com\/site\/"},{"@type":"ListItem","position":2,"name":"Este lunes Club Mercedes vuelve a jugar en Gerli"}]},{"@type":"WebSite","@id":"https:\/\/noticiasmercedinas.com\/site\/#website","url":"https:\/\/noticiasmercedinas.com\/site\/","name":"NOTICIASMERCEDINAS.COM","description":"Mercedes, Buenos Aires, Argentina","publisher":{"@id":"https:\/\/noticiasmercedinas.com\/site\/#organization"},"potentialAction":[{"@type":"SearchAction","target":{"@type":"EntryPoint","urlTemplate":"https:\/\/noticiasmercedinas.com\/site\/?s={search_term_string}"},"query-input":{"@type":"PropertyValueSpecification","valueRequired":true,"valueName":"search_term_string"}}],"inLanguage":"es"},{"@type":"Organization","@id":"https:\/\/noticiasmercedinas.com\/site\/#organization","name":"NOTICIASMERCEDINAS.COM","url":"https:\/\/noticiasmercedinas.com\/site\/","logo":{"@type":"ImageObject","inLanguage":"es","@id":"https:\/\/noticiasmercedinas.com\/site\/#\/schema\/logo\/image\/","url":"https:\/\/noticiasmercedinas.com\/site\/wp-content\/uploads\/2020\/06\/LOGO-512.jpg","contentUrl":"https:\/\/noticiasmercedinas.com\/site\/wp-content\/uploads\/2020\/06\/LOGO-512.jpg","width":512,"height":512,"caption":"NOTICIASMERCEDINAS.COM"},"image":{"@id":"https:\/\/noticiasmercedinas.com\/site\/#\/schema\/logo\/image\/"},"sameAs":["https:\/\/www.facebook.com\/noticiasmercedinas\/","https:\/\/x.com\/notmercedinas","https:\/\/www.instagram.com\/noticiasmercedinas\/"]},{"@type":"Person","@id":"https:\/\/noticiasmercedinas.com\/site\/#\/schema\/person\/8f2f09d666ef40986eba4a5e6f2a06f9","name":"Juan Dagnino NOTICIASMERCEDINAS.COM","image":{"@type":"ImageObject","inLanguage":"es","@id":"https:\/\/secure.gravatar.com\/avatar\/fc7059a769f5a3cae65fadb228a3e4accf3a64b4b2305020d0a27e6d5333c91b?s=96&d=mm&r=g","url":"https:\/\/secure.gravatar.com\/avatar\/fc7059a769f5a3cae65fadb228a3e4accf3a64b4b2305020d0a27e6d5333c91b?s=96&d=mm&r=g","contentUrl":"https:\/\/secure.gravatar.com\/avatar\/fc7059a769f5a3cae65fadb228a3e4accf3a64b4b2305020d0a27e6d5333c91b?s=96&d=mm&r=g","caption":"Juan Dagnino NOTICIASMERCEDINAS.COM"},"url":"https:\/\/noticiasmercedinas.com\/site\/author\/juandagnino\/"}]}},"amp_enabled":true,"_links":{"self":[{"href":"https:\/\/noticiasmercedinas.com\/site\/wp-json\/wp\/v2\/posts\/126093","targetHints":{"allow":["GET"]}}],"collection":[{"href":"https:\/\/noticiasmercedinas.com\/site\/wp-json\/wp\/v2\/posts"}],"about":[{"href":"https:\/\/noticiasmercedinas.com\/site\/wp-json\/wp\/v2\/types\/post"}],"author":[{"embeddable":true,"href":"https:\/\/noticiasmercedinas.com\/site\/wp-json\/wp\/v2\/users\/6"}],"replies":[{"embeddable":true,"href":"https:\/\/noticiasmercedinas.com\/site\/wp-json\/wp\/v2\/comments?post=126093"}],"version-history":[{"count":1,"href":"https:\/\/noticiasmercedinas.com\/site\/wp-json\/wp\/v2\/posts\/126093\/revisions"}],"predecessor-version":[{"id":126096,"href":"https:\/\/noticiasmercedinas.com\/site\/wp-json\/wp\/v2\/posts\/126093\/revisions\/126096"}],"wp:featuredmedia":[{"embeddable":true,"href":"https:\/\/noticiasmercedinas.com\/site\/wp-json\/wp\/v2\/media\/126094"}],"wp:attachment":[{"href":"https:\/\/noticiasmercedinas.com\/site\/wp-json\/wp\/v2\/media?parent=126093"}],"wp:term":[{"taxonomy":"category","embeddable":true,"href":"https:\/\/noticiasmercedinas.com\/site\/wp-json\/wp\/v2\/categories?post=126093"},{"taxonomy":"post_tag","embeddable":true,"href":"https:\/\/noticiasmercedinas.com\/site\/wp-json\/wp\/v2\/tags?post=126093"}],"curies":[{"name":"wp","href":"https:\/\/api.w.org\/{rel}","templated":true}]}}