{"id":126272,"date":"2023-11-08T10:39:21","date_gmt":"2023-11-08T13:39:21","guid":{"rendered":"https:\/\/noticiasmercedinas.com\/site\/?p=126272"},"modified":"2023-11-08T10:39:21","modified_gmt":"2023-11-08T13:39:21","slug":"valentin-calderon-de-la-barca-gana-en-la-nocturna-de-mercedes","status":"publish","type":"post","link":"https:\/\/noticiasmercedinas.com\/site\/2023\/11\/08\/valentin-calderon-de-la-barca-gana-en-la-nocturna-de-mercedes\/","title":{"rendered":"Valent\u00edn Calder\u00f3n De La Barca gana en la nocturna de Mercedes"},"content":{"rendered":"<figure id=\"attachment_126273\" aria-describedby=\"caption-attachment-126273\" style=\"width: 640px\" class=\"wp-caption alignnone\"><img loading=\"lazy\" decoding=\"async\" class=\"wp-image-126273 size-full\" src=\"https:\/\/noticiasmercedinas.com\/site\/wp-content\/uploads\/2023\/11\/85188812-498b-4f5a-b992-a911e77f8da8.jpg\" alt=\"\" width=\"640\" height=\"402\" srcset=\"https:\/\/noticiasmercedinas.com\/site\/wp-content\/uploads\/2023\/11\/85188812-498b-4f5a-b992-a911e77f8da8.jpg 640w, https:\/\/noticiasmercedinas.com\/site\/wp-content\/uploads\/2023\/11\/85188812-498b-4f5a-b992-a911e77f8da8-300x188.jpg 300w\" sizes=\"auto, (max-width: 640px) 100vw, 640px\" \/><figcaption id=\"caption-attachment-126273\" class=\"wp-caption-text\">Podio Elite en Mercedes.<\/figcaption><\/figure>\n<p>Durante la tarde noche del martes 7, despu\u00e9s del chaparr\u00f3n y que lloviera de buena manera en otras ciudades de la regi\u00f3n, en Mercedes hubo ciclismo organizado por la Comisi\u00f3n Municipal. Gest\u00e1ndose todo en el \u00f3valo de 1000 metros del Parque Independencia con m\u00e1s de 100 pedaleros que dieron forma a un programa de carreras.<\/p>\n<p>Los Mayores y Menores de 40 a\u00f1os se unieron en un mismo pelot\u00f3n con la presencia mercedina de Marcelo Peralta, Lucas Pinilla, Leonardo Videla y Eduardo Larraburu. Ya en las categor\u00edas federadas en la Master C tom\u00f3 parte Guillermo Berho, en Master B no hubo mercedinos y para el cierre de la noche en el pelot\u00f3n estuvieron Alan Berho, Ignacio Colombo y Juan Artini.<\/p>\n<p>Lo sucedido en la \u00faltima de la noche, con la presencia del integrante de la Selecci\u00f3n Argentina en los \u00faltimos Panamericanos el de Capit\u00e1n Sarmiento, Juan Rodr\u00edguez, tuvo una fuga con otros nombres para quedarse con la victoria el de Marcos Paz, Valent\u00edn Calder\u00f3n De La Barca. El ciclismo de los martes continuar\u00e1 el pr\u00f3ximo 14 con Mayores y Menores de 40 a\u00f1os, Master C, D y Damas, Master B y la Elite junto a Elite II y Junior.<\/p>\n<p><strong>Debutantes<\/strong><br \/>\n1\u00b0 Samuel Archuvi (Luj\u00e1n).<br \/>\n2\u00b0 Jos\u00e9 Costanzo (San Andr\u00e9s de Giles).<br \/>\n3\u00b0 Marcos Arroyo (Capit\u00e1n Sarmiento).<br \/>\n4\u00b0 Agust\u00edn Machuca (Jos\u00e9 C. Paz).<br \/>\n5\u00b0 Nahuel Herrera (Ituzaing\u00f3).<br \/>\n6\u00b0 El\u00edas Oborsiri<br \/>\n7\u00b0 Mat\u00edas De Cruz (San Andr\u00e9s de Giles).<br \/>\n8\u00b0 Juli\u00e1n Lamarque (Carmen de Areco).<\/p>\n<p><strong>Master C<\/strong><br \/>\n1\u00b0 Marcelo Marco (Lobos).<br \/>\n2\u00b0 Hugo Auge (Ca\u00f1uelas).<br \/>\n3\u00b0 Gustavo Alborzen (Banfield).<br \/>\n4\u00b0 Fabi\u00e1n Valerga (Lobos).<br \/>\n5\u00b0 Nelson Carrizo (Berazategui).<\/p>\n<p><strong>Master D<\/strong><br \/>\n1\u00b0 Gustavo Alborzen (Banfield).<br \/>\n2\u00b0 Dar\u00edo Calder\u00f3n De La Barca (Marcos Paz).<br \/>\n3\u00b0 Pedro Ledesma (Chivilcoy).<\/p>\n<p><strong>Master B<\/strong><br \/>\n1\u00b0 Ariel Cuello (Luj\u00e1n).<br \/>\n2\u00b0 Ariel Montero (Lobos).<br \/>\n3\u00b0 H\u00e9ctor Falco (Lobos).<br \/>\n4\u00b0 Mariano S\u00e1nchez (GSB).<br \/>\n5\u00b0 Esteban Salaberry (Luj\u00e1n).<\/p>\n<p><strong>Elite<\/strong><br \/>\n1\u00b0 Valent\u00edn Calder\u00f3n De La Barca (Marcos Paz).<br \/>\n2\u00b0 Ruben Gregori (Lobos).<br \/>\n3\u00b0 Gast\u00f3n Balmaceda (Jos\u00e9 C. Paz).<br \/>\n4\u00b0 Lautaro Eizmendi (Lobos).<br \/>\n5\u00b0 David L\u00f3pez (Lan\u00fas).<\/p>\n<p><strong>Elite II<\/strong><br \/>\n1\u00b0 Agust\u00edn Sansone (Chacabuco).<br \/>\n2\u00b0 Antonio Ullua (Lobos).<br \/>\n3\u00b0 Mat\u00edas Copelli (San Andr\u00e9s de Giles).<\/p>\n\r\n                <style type=\"text\/css\">\r\n                    \r\n                    #td_uid_1_69ef3dc904f60  .td-doubleSlider-2 .td-item1 {\r\n                        background: url(https:\/\/noticiasmercedinas.com\/site\/wp-content\/uploads\/2023\/11\/0f97682b-2613-43f3-b979-bbe0babdadf9-160x120.jpg) 0 0 no-repeat;\r\n                    }\r\n                    #td_uid_1_69ef3dc904f60  .td-doubleSlider-2 .td-item2 {\r\n                        background: url(https:\/\/noticiasmercedinas.com\/site\/wp-content\/uploads\/2023\/11\/0fbeb77a-dbaa-47d4-9948-34244ad1bd71-160x120.jpg) 0 0 no-repeat;\r\n                    }\r\n                    #td_uid_1_69ef3dc904f60  .td-doubleSlider-2 .td-item3 {\r\n                        background: url(https:\/\/noticiasmercedinas.com\/site\/wp-content\/uploads\/2023\/11\/52bf5a8e-279c-44c2-9817-5a50f8b300fd-160x120.jpg) 0 0 no-repeat;\r\n                    }\r\n                    #td_uid_1_69ef3dc904f60  .td-doubleSlider-2 .td-item4 {\r\n                        background: url(https:\/\/noticiasmercedinas.com\/site\/wp-content\/uploads\/2023\/11\/9412c4aa-519f-4ebc-ae80-907846415eac-160x120.jpg) 0 0 no-repeat;\r\n                    }\r\n                    #td_uid_1_69ef3dc904f60  .td-doubleSlider-2 .td-item5 {\r\n                        background: url(https:\/\/noticiasmercedinas.com\/site\/wp-content\/uploads\/2023\/11\/85188812-498b-4f5a-b992-a911e77f8da8-1-160x120.jpg) 0 0 no-repeat;\r\n                    }\r\n                <\/style>\r\n\r\n                <div id=\"td_uid_1_69ef3dc904f60\" class=\"td-gallery td-slide-on-2-columns\">\r\n                    <div class=\"post_td_gallery\">\r\n                        <div class=\"td-gallery-slide-top\">\r\n                           <div class=\"td-gallery-title\">Ciclismo 7-11-23<\/div>\r\n\r\n                            <div class=\"td-gallery-controls-wrapper\">\r\n                                <div class=\"td-gallery-slide-count\"><span class=\"td-gallery-slide-item-focus\">1<\/span> de 5<\/div>\r\n                                <div class=\"td-gallery-slide-prev-next-but\">\r\n                                    <i class = \"td-icon-left doubleSliderPrevButton\"><\/i>\r\n                                    <i class = \"td-icon-right doubleSliderNextButton\"><\/i>\r\n                                <\/div>\r\n                            <\/div>\r\n                        <\/div>\r\n\r\n                        <div class = \"td-doubleSlider-1 \">\r\n                            <div class = \"td-slider\">\r\n                                \r\n                    <div class = \"td-slide-item td-item1\">\r\n                        <figure class=\"td-slide-galery-figure td-slide-popup-gallery\">\r\n                            <a class=\"slide-gallery-image-link\" href=\"https:\/\/noticiasmercedinas.com\/site\/wp-content\/uploads\/2023\/11\/0f97682b-2613-43f3-b979-bbe0babdadf9.jpg\" title=\"0f97682b-2613-43f3-b979-bbe0babdadf9\"  data-caption=\"\"  data-description=\"\">\r\n                                <img decoding=\"async\" src=\"https:\/\/noticiasmercedinas.com\/site\/wp-content\/uploads\/2023\/11\/0f97682b-2613-43f3-b979-bbe0babdadf9.jpg\" srcset=\"https:\/\/noticiasmercedinas.com\/site\/wp-content\/uploads\/2023\/11\/0f97682b-2613-43f3-b979-bbe0babdadf9.jpg 640w, https:\/\/noticiasmercedinas.com\/site\/wp-content\/uploads\/2023\/11\/0f97682b-2613-43f3-b979-bbe0babdadf9-300x197.jpg 300w\" sizes=\"(max-width: 640px) 100vw, 640px\" alt=\"\">\r\n                            <\/a>\r\n                            \r\n                        <\/figure>\r\n                    <\/div>\r\n                    <div class = \"td-slide-item td-item2\">\r\n                        <figure class=\"td-slide-galery-figure td-slide-popup-gallery\">\r\n                            <a class=\"slide-gallery-image-link\" href=\"https:\/\/noticiasmercedinas.com\/site\/wp-content\/uploads\/2023\/11\/0fbeb77a-dbaa-47d4-9948-34244ad1bd71.jpg\" title=\"0fbeb77a-dbaa-47d4-9948-34244ad1bd71\"  data-caption=\"\"  data-description=\"\">\r\n                                <img decoding=\"async\" src=\"https:\/\/noticiasmercedinas.com\/site\/wp-content\/uploads\/2023\/11\/0fbeb77a-dbaa-47d4-9948-34244ad1bd71.jpg\" srcset=\"https:\/\/noticiasmercedinas.com\/site\/wp-content\/uploads\/2023\/11\/0fbeb77a-dbaa-47d4-9948-34244ad1bd71.jpg 640w, https:\/\/noticiasmercedinas.com\/site\/wp-content\/uploads\/2023\/11\/0fbeb77a-dbaa-47d4-9948-34244ad1bd71-300x142.jpg 300w\" sizes=\"(max-width: 640px) 100vw, 640px\" alt=\"\">\r\n                            <\/a>\r\n                            \r\n                        <\/figure>\r\n                    <\/div>\r\n                    <div class = \"td-slide-item td-item3\">\r\n                        <figure class=\"td-slide-galery-figure td-slide-popup-gallery\">\r\n                            <a class=\"slide-gallery-image-link\" href=\"https:\/\/noticiasmercedinas.com\/site\/wp-content\/uploads\/2023\/11\/52bf5a8e-279c-44c2-9817-5a50f8b300fd.jpg\" title=\"52bf5a8e-279c-44c2-9817-5a50f8b300fd\"  data-caption=\"\"  data-description=\"\">\r\n                                <img decoding=\"async\" src=\"https:\/\/noticiasmercedinas.com\/site\/wp-content\/uploads\/2023\/11\/52bf5a8e-279c-44c2-9817-5a50f8b300fd.jpg\" srcset=\"https:\/\/noticiasmercedinas.com\/site\/wp-content\/uploads\/2023\/11\/52bf5a8e-279c-44c2-9817-5a50f8b300fd.jpg 640w, https:\/\/noticiasmercedinas.com\/site\/wp-content\/uploads\/2023\/11\/52bf5a8e-279c-44c2-9817-5a50f8b300fd-300x173.jpg 300w\" sizes=\"(max-width: 640px) 100vw, 640px\" alt=\"\">\r\n                            <\/a>\r\n                            \r\n                        <\/figure>\r\n                    <\/div>\r\n                    <div class = \"td-slide-item td-item4\">\r\n                        <figure class=\"td-slide-galery-figure td-slide-popup-gallery\">\r\n                            <a class=\"slide-gallery-image-link\" href=\"https:\/\/noticiasmercedinas.com\/site\/wp-content\/uploads\/2023\/11\/9412c4aa-519f-4ebc-ae80-907846415eac.jpg\" title=\"9412c4aa-519f-4ebc-ae80-907846415eac\"  data-caption=\"\"  data-description=\"\">\r\n                                <img decoding=\"async\" src=\"https:\/\/noticiasmercedinas.com\/site\/wp-content\/uploads\/2023\/11\/9412c4aa-519f-4ebc-ae80-907846415eac.jpg\" srcset=\"https:\/\/noticiasmercedinas.com\/site\/wp-content\/uploads\/2023\/11\/9412c4aa-519f-4ebc-ae80-907846415eac.jpg 640w, https:\/\/noticiasmercedinas.com\/site\/wp-content\/uploads\/2023\/11\/9412c4aa-519f-4ebc-ae80-907846415eac-300x180.jpg 300w\" sizes=\"(max-width: 640px) 100vw, 640px\" alt=\"\">\r\n                            <\/a>\r\n                            \r\n                        <\/figure>\r\n                    <\/div>\r\n                    <div class = \"td-slide-item td-item5\">\r\n                        <figure class=\"td-slide-galery-figure td-slide-popup-gallery\">\r\n                            <a class=\"slide-gallery-image-link\" href=\"https:\/\/noticiasmercedinas.com\/site\/wp-content\/uploads\/2023\/11\/85188812-498b-4f5a-b992-a911e77f8da8-1.jpg\" title=\"85188812-498b-4f5a-b992-a911e77f8da8\"  data-caption=\"\"  data-description=\"\">\r\n                                <img decoding=\"async\" src=\"https:\/\/noticiasmercedinas.com\/site\/wp-content\/uploads\/2023\/11\/85188812-498b-4f5a-b992-a911e77f8da8-1.jpg\" srcset=\"https:\/\/noticiasmercedinas.com\/site\/wp-content\/uploads\/2023\/11\/85188812-498b-4f5a-b992-a911e77f8da8-1.jpg 640w, https:\/\/noticiasmercedinas.com\/site\/wp-content\/uploads\/2023\/11\/85188812-498b-4f5a-b992-a911e77f8da8-1-300x188.jpg 300w\" sizes=\"(max-width: 640px) 100vw, 640px\" alt=\"\">\r\n                            <\/a>\r\n                            \r\n                        <\/figure>\r\n                    <\/div>\r\n                            <\/div>\r\n                        <\/div>\r\n\r\n                        <div class = \"td-doubleSlider-2\">\r\n                            <div class = \"td-slider\">\r\n                                \r\n                    <div class = \"td-button td-item1\">\r\n                        <div class = \"td-border\"><\/div>\r\n                    <\/div>\r\n                    <div class = \"td-button td-item2\">\r\n                        <div class = \"td-border\"><\/div>\r\n                    <\/div>\r\n                    <div class = \"td-button td-item3\">\r\n                        <div class = \"td-border\"><\/div>\r\n                    <\/div>\r\n                    <div class = \"td-button td-item4\">\r\n                        <div class = \"td-border\"><\/div>\r\n                    <\/div>\r\n                    <div class = \"td-button td-item5\">\r\n                        <div class = \"td-border\"><\/div>\r\n                    <\/div>\r\n                            <\/div>\r\n                        <\/div>\r\n\r\n                    <\/div>\r\n\r\n                <\/div>\r\n                \n","protected":false},"excerpt":{"rendered":"<p>\u25a0 El ciclista de Marcos Paz se qued\u00f3 con la Elite en el cierre del martes. Unos pocos locales se sumaron a la propuesta de la Comisi\u00f3n Municipal que sigue teniendo buena respuesta del pelot\u00f3n de una amplia regi\u00f3n.<\/p>\n","protected":false},"author":6,"featured_media":126273,"comment_status":"closed","ping_status":"closed","sticky":false,"template":"","format":"standard","meta":{"footnotes":""},"categories":[5],"tags":[108,11116,23],"class_list":["post-126272","post","type-post","status-publish","format-standard","has-post-thumbnail","hentry","category-deportes","tag-ciclismo","tag-comision-municipal-de-ciclismo","tag-mercedes"],"yoast_head":"<!-- This site is optimized with the Yoast SEO plugin v27.4 - https:\/\/yoast.com\/product\/yoast-seo-wordpress\/ -->\n<title>Valent\u00edn Calder\u00f3n De La Barca gana en la nocturna de Mercedes<\/title>\n<meta name=\"robots\" content=\"index, follow, max-snippet:-1, max-image-preview:large, max-video-preview:-1\" \/>\n<link rel=\"canonical\" href=\"https:\/\/noticiasmercedinas.com\/site\/2023\/11\/08\/valentin-calderon-de-la-barca-gana-en-la-nocturna-de-mercedes\/\" \/>\n<meta property=\"og:locale\" content=\"es_ES\" \/>\n<meta property=\"og:type\" content=\"article\" \/>\n<meta property=\"og:title\" content=\"Valent\u00edn Calder\u00f3n De La Barca gana en la nocturna de Mercedes\" \/>\n<meta property=\"og:description\" content=\"\u25a0 El ciclista de Marcos Paz se qued\u00f3 con la Elite en el cierre del martes. Unos pocos locales se sumaron a la propuesta de la Comisi\u00f3n Municipal que sigue teniendo buena respuesta del pelot\u00f3n de una amplia regi\u00f3n.\" \/>\n<meta property=\"og:url\" content=\"https:\/\/noticiasmercedinas.com\/site\/2023\/11\/08\/valentin-calderon-de-la-barca-gana-en-la-nocturna-de-mercedes\/\" \/>\n<meta property=\"og:site_name\" content=\"NOTICIASMERCEDINAS.COM\" \/>\n<meta property=\"article:publisher\" content=\"https:\/\/www.facebook.com\/noticiasmercedinas\/\" \/>\n<meta property=\"article:published_time\" content=\"2023-11-08T13:39:21+00:00\" \/>\n<meta property=\"og:image\" content=\"https:\/\/noticiasmercedinas.com\/site\/wp-content\/uploads\/2023\/11\/85188812-498b-4f5a-b992-a911e77f8da8.jpg\" \/>\n\t<meta property=\"og:image:width\" content=\"640\" \/>\n\t<meta property=\"og:image:height\" content=\"402\" \/>\n\t<meta property=\"og:image:type\" content=\"image\/jpeg\" \/>\n<meta name=\"author\" content=\"Juan Dagnino NOTICIASMERCEDINAS.COM\" \/>\n<meta name=\"twitter:card\" content=\"summary_large_image\" \/>\n<meta name=\"twitter:creator\" content=\"@notmercedinas\" \/>\n<meta name=\"twitter:site\" content=\"@notmercedinas\" \/>\n<meta name=\"twitter:label1\" content=\"Escrito por\" \/>\n\t<meta name=\"twitter:data1\" content=\"Juan Dagnino NOTICIASMERCEDINAS.COM\" \/>\n\t<meta name=\"twitter:label2\" content=\"Tiempo de lectura\" \/>\n\t<meta name=\"twitter:data2\" content=\"2 minutos\" \/>\n<script type=\"application\/ld+json\" class=\"yoast-schema-graph\">{\"@context\":\"https:\\\/\\\/schema.org\",\"@graph\":[{\"@type\":\"Article\",\"@id\":\"https:\\\/\\\/noticiasmercedinas.com\\\/site\\\/2023\\\/11\\\/08\\\/valentin-calderon-de-la-barca-gana-en-la-nocturna-de-mercedes\\\/#article\",\"isPartOf\":{\"@id\":\"https:\\\/\\\/noticiasmercedinas.com\\\/site\\\/2023\\\/11\\\/08\\\/valentin-calderon-de-la-barca-gana-en-la-nocturna-de-mercedes\\\/\"},\"author\":{\"name\":\"Juan Dagnino NOTICIASMERCEDINAS.COM\",\"@id\":\"https:\\\/\\\/noticiasmercedinas.com\\\/site\\\/#\\\/schema\\\/person\\\/8f2f09d666ef40986eba4a5e6f2a06f9\"},\"headline\":\"Valent\u00edn Calder\u00f3n De La Barca gana en la nocturna de Mercedes\",\"datePublished\":\"2023-11-08T13:39:21+00:00\",\"mainEntityOfPage\":{\"@id\":\"https:\\\/\\\/noticiasmercedinas.com\\\/site\\\/2023\\\/11\\\/08\\\/valentin-calderon-de-la-barca-gana-en-la-nocturna-de-mercedes\\\/\"},\"wordCount\":394,\"publisher\":{\"@id\":\"https:\\\/\\\/noticiasmercedinas.com\\\/site\\\/#organization\"},\"image\":{\"@id\":\"https:\\\/\\\/noticiasmercedinas.com\\\/site\\\/2023\\\/11\\\/08\\\/valentin-calderon-de-la-barca-gana-en-la-nocturna-de-mercedes\\\/#primaryimage\"},\"thumbnailUrl\":\"https:\\\/\\\/noticiasmercedinas.com\\\/site\\\/wp-content\\\/uploads\\\/2023\\\/11\\\/85188812-498b-4f5a-b992-a911e77f8da8.jpg\",\"keywords\":[\"ciclismo\",\"comision municipal de ciclismo\",\"mercedes\"],\"articleSection\":[\"Deportes\"],\"inLanguage\":\"es\"},{\"@type\":\"WebPage\",\"@id\":\"https:\\\/\\\/noticiasmercedinas.com\\\/site\\\/2023\\\/11\\\/08\\\/valentin-calderon-de-la-barca-gana-en-la-nocturna-de-mercedes\\\/\",\"url\":\"https:\\\/\\\/noticiasmercedinas.com\\\/site\\\/2023\\\/11\\\/08\\\/valentin-calderon-de-la-barca-gana-en-la-nocturna-de-mercedes\\\/\",\"name\":\"Valent\u00edn Calder\u00f3n De La Barca gana en la nocturna de Mercedes\",\"isPartOf\":{\"@id\":\"https:\\\/\\\/noticiasmercedinas.com\\\/site\\\/#website\"},\"primaryImageOfPage\":{\"@id\":\"https:\\\/\\\/noticiasmercedinas.com\\\/site\\\/2023\\\/11\\\/08\\\/valentin-calderon-de-la-barca-gana-en-la-nocturna-de-mercedes\\\/#primaryimage\"},\"image\":{\"@id\":\"https:\\\/\\\/noticiasmercedinas.com\\\/site\\\/2023\\\/11\\\/08\\\/valentin-calderon-de-la-barca-gana-en-la-nocturna-de-mercedes\\\/#primaryimage\"},\"thumbnailUrl\":\"https:\\\/\\\/noticiasmercedinas.com\\\/site\\\/wp-content\\\/uploads\\\/2023\\\/11\\\/85188812-498b-4f5a-b992-a911e77f8da8.jpg\",\"datePublished\":\"2023-11-08T13:39:21+00:00\",\"breadcrumb\":{\"@id\":\"https:\\\/\\\/noticiasmercedinas.com\\\/site\\\/2023\\\/11\\\/08\\\/valentin-calderon-de-la-barca-gana-en-la-nocturna-de-mercedes\\\/#breadcrumb\"},\"inLanguage\":\"es\",\"potentialAction\":[{\"@type\":\"ReadAction\",\"target\":[\"https:\\\/\\\/noticiasmercedinas.com\\\/site\\\/2023\\\/11\\\/08\\\/valentin-calderon-de-la-barca-gana-en-la-nocturna-de-mercedes\\\/\"]}]},{\"@type\":\"ImageObject\",\"inLanguage\":\"es\",\"@id\":\"https:\\\/\\\/noticiasmercedinas.com\\\/site\\\/2023\\\/11\\\/08\\\/valentin-calderon-de-la-barca-gana-en-la-nocturna-de-mercedes\\\/#primaryimage\",\"url\":\"https:\\\/\\\/noticiasmercedinas.com\\\/site\\\/wp-content\\\/uploads\\\/2023\\\/11\\\/85188812-498b-4f5a-b992-a911e77f8da8.jpg\",\"contentUrl\":\"https:\\\/\\\/noticiasmercedinas.com\\\/site\\\/wp-content\\\/uploads\\\/2023\\\/11\\\/85188812-498b-4f5a-b992-a911e77f8da8.jpg\",\"width\":640,\"height\":402},{\"@type\":\"BreadcrumbList\",\"@id\":\"https:\\\/\\\/noticiasmercedinas.com\\\/site\\\/2023\\\/11\\\/08\\\/valentin-calderon-de-la-barca-gana-en-la-nocturna-de-mercedes\\\/#breadcrumb\",\"itemListElement\":[{\"@type\":\"ListItem\",\"position\":1,\"name\":\"Portada\",\"item\":\"https:\\\/\\\/noticiasmercedinas.com\\\/site\\\/\"},{\"@type\":\"ListItem\",\"position\":2,\"name\":\"Valent\u00edn Calder\u00f3n De La Barca gana en la nocturna de Mercedes\"}]},{\"@type\":\"WebSite\",\"@id\":\"https:\\\/\\\/noticiasmercedinas.com\\\/site\\\/#website\",\"url\":\"https:\\\/\\\/noticiasmercedinas.com\\\/site\\\/\",\"name\":\"NOTICIASMERCEDINAS.COM\",\"description\":\"Mercedes, Buenos Aires, Argentina\",\"publisher\":{\"@id\":\"https:\\\/\\\/noticiasmercedinas.com\\\/site\\\/#organization\"},\"potentialAction\":[{\"@type\":\"SearchAction\",\"target\":{\"@type\":\"EntryPoint\",\"urlTemplate\":\"https:\\\/\\\/noticiasmercedinas.com\\\/site\\\/?s={search_term_string}\"},\"query-input\":{\"@type\":\"PropertyValueSpecification\",\"valueRequired\":true,\"valueName\":\"search_term_string\"}}],\"inLanguage\":\"es\"},{\"@type\":\"Organization\",\"@id\":\"https:\\\/\\\/noticiasmercedinas.com\\\/site\\\/#organization\",\"name\":\"NOTICIASMERCEDINAS.COM\",\"url\":\"https:\\\/\\\/noticiasmercedinas.com\\\/site\\\/\",\"logo\":{\"@type\":\"ImageObject\",\"inLanguage\":\"es\",\"@id\":\"https:\\\/\\\/noticiasmercedinas.com\\\/site\\\/#\\\/schema\\\/logo\\\/image\\\/\",\"url\":\"https:\\\/\\\/noticiasmercedinas.com\\\/site\\\/wp-content\\\/uploads\\\/2020\\\/06\\\/LOGO-512.jpg\",\"contentUrl\":\"https:\\\/\\\/noticiasmercedinas.com\\\/site\\\/wp-content\\\/uploads\\\/2020\\\/06\\\/LOGO-512.jpg\",\"width\":512,\"height\":512,\"caption\":\"NOTICIASMERCEDINAS.COM\"},\"image\":{\"@id\":\"https:\\\/\\\/noticiasmercedinas.com\\\/site\\\/#\\\/schema\\\/logo\\\/image\\\/\"},\"sameAs\":[\"https:\\\/\\\/www.facebook.com\\\/noticiasmercedinas\\\/\",\"https:\\\/\\\/x.com\\\/notmercedinas\",\"https:\\\/\\\/www.instagram.com\\\/noticiasmercedinas\\\/\"]},{\"@type\":\"Person\",\"@id\":\"https:\\\/\\\/noticiasmercedinas.com\\\/site\\\/#\\\/schema\\\/person\\\/8f2f09d666ef40986eba4a5e6f2a06f9\",\"name\":\"Juan Dagnino NOTICIASMERCEDINAS.COM\",\"image\":{\"@type\":\"ImageObject\",\"inLanguage\":\"es\",\"@id\":\"https:\\\/\\\/secure.gravatar.com\\\/avatar\\\/fc7059a769f5a3cae65fadb228a3e4accf3a64b4b2305020d0a27e6d5333c91b?s=96&d=mm&r=g\",\"url\":\"https:\\\/\\\/secure.gravatar.com\\\/avatar\\\/fc7059a769f5a3cae65fadb228a3e4accf3a64b4b2305020d0a27e6d5333c91b?s=96&d=mm&r=g\",\"contentUrl\":\"https:\\\/\\\/secure.gravatar.com\\\/avatar\\\/fc7059a769f5a3cae65fadb228a3e4accf3a64b4b2305020d0a27e6d5333c91b?s=96&d=mm&r=g\",\"caption\":\"Juan Dagnino NOTICIASMERCEDINAS.COM\"},\"url\":\"https:\\\/\\\/noticiasmercedinas.com\\\/site\\\/author\\\/juandagnino\\\/\"}]}<\/script>\n<!-- \/ Yoast SEO plugin. -->","yoast_head_json":{"title":"Valent\u00edn Calder\u00f3n De La Barca gana en la nocturna de Mercedes","robots":{"index":"index","follow":"follow","max-snippet":"max-snippet:-1","max-image-preview":"max-image-preview:large","max-video-preview":"max-video-preview:-1"},"canonical":"https:\/\/noticiasmercedinas.com\/site\/2023\/11\/08\/valentin-calderon-de-la-barca-gana-en-la-nocturna-de-mercedes\/","og_locale":"es_ES","og_type":"article","og_title":"Valent\u00edn Calder\u00f3n De La Barca gana en la nocturna de Mercedes","og_description":"\u25a0 El ciclista de Marcos Paz se qued\u00f3 con la Elite en el cierre del martes. Unos pocos locales se sumaron a la propuesta de la Comisi\u00f3n Municipal que sigue teniendo buena respuesta del pelot\u00f3n de una amplia regi\u00f3n.","og_url":"https:\/\/noticiasmercedinas.com\/site\/2023\/11\/08\/valentin-calderon-de-la-barca-gana-en-la-nocturna-de-mercedes\/","og_site_name":"NOTICIASMERCEDINAS.COM","article_publisher":"https:\/\/www.facebook.com\/noticiasmercedinas\/","article_published_time":"2023-11-08T13:39:21+00:00","og_image":[{"width":640,"height":402,"url":"https:\/\/noticiasmercedinas.com\/site\/wp-content\/uploads\/2023\/11\/85188812-498b-4f5a-b992-a911e77f8da8.jpg","type":"image\/jpeg"}],"author":"Juan Dagnino NOTICIASMERCEDINAS.COM","twitter_card":"summary_large_image","twitter_creator":"@notmercedinas","twitter_site":"@notmercedinas","twitter_misc":{"Escrito por":"Juan Dagnino NOTICIASMERCEDINAS.COM","Tiempo de lectura":"2 minutos"},"schema":{"@context":"https:\/\/schema.org","@graph":[{"@type":"Article","@id":"https:\/\/noticiasmercedinas.com\/site\/2023\/11\/08\/valentin-calderon-de-la-barca-gana-en-la-nocturna-de-mercedes\/#article","isPartOf":{"@id":"https:\/\/noticiasmercedinas.com\/site\/2023\/11\/08\/valentin-calderon-de-la-barca-gana-en-la-nocturna-de-mercedes\/"},"author":{"name":"Juan Dagnino NOTICIASMERCEDINAS.COM","@id":"https:\/\/noticiasmercedinas.com\/site\/#\/schema\/person\/8f2f09d666ef40986eba4a5e6f2a06f9"},"headline":"Valent\u00edn Calder\u00f3n De La Barca gana en la nocturna de Mercedes","datePublished":"2023-11-08T13:39:21+00:00","mainEntityOfPage":{"@id":"https:\/\/noticiasmercedinas.com\/site\/2023\/11\/08\/valentin-calderon-de-la-barca-gana-en-la-nocturna-de-mercedes\/"},"wordCount":394,"publisher":{"@id":"https:\/\/noticiasmercedinas.com\/site\/#organization"},"image":{"@id":"https:\/\/noticiasmercedinas.com\/site\/2023\/11\/08\/valentin-calderon-de-la-barca-gana-en-la-nocturna-de-mercedes\/#primaryimage"},"thumbnailUrl":"https:\/\/noticiasmercedinas.com\/site\/wp-content\/uploads\/2023\/11\/85188812-498b-4f5a-b992-a911e77f8da8.jpg","keywords":["ciclismo","comision municipal de ciclismo","mercedes"],"articleSection":["Deportes"],"inLanguage":"es"},{"@type":"WebPage","@id":"https:\/\/noticiasmercedinas.com\/site\/2023\/11\/08\/valentin-calderon-de-la-barca-gana-en-la-nocturna-de-mercedes\/","url":"https:\/\/noticiasmercedinas.com\/site\/2023\/11\/08\/valentin-calderon-de-la-barca-gana-en-la-nocturna-de-mercedes\/","name":"Valent\u00edn Calder\u00f3n De La Barca gana en la nocturna de Mercedes","isPartOf":{"@id":"https:\/\/noticiasmercedinas.com\/site\/#website"},"primaryImageOfPage":{"@id":"https:\/\/noticiasmercedinas.com\/site\/2023\/11\/08\/valentin-calderon-de-la-barca-gana-en-la-nocturna-de-mercedes\/#primaryimage"},"image":{"@id":"https:\/\/noticiasmercedinas.com\/site\/2023\/11\/08\/valentin-calderon-de-la-barca-gana-en-la-nocturna-de-mercedes\/#primaryimage"},"thumbnailUrl":"https:\/\/noticiasmercedinas.com\/site\/wp-content\/uploads\/2023\/11\/85188812-498b-4f5a-b992-a911e77f8da8.jpg","datePublished":"2023-11-08T13:39:21+00:00","breadcrumb":{"@id":"https:\/\/noticiasmercedinas.com\/site\/2023\/11\/08\/valentin-calderon-de-la-barca-gana-en-la-nocturna-de-mercedes\/#breadcrumb"},"inLanguage":"es","potentialAction":[{"@type":"ReadAction","target":["https:\/\/noticiasmercedinas.com\/site\/2023\/11\/08\/valentin-calderon-de-la-barca-gana-en-la-nocturna-de-mercedes\/"]}]},{"@type":"ImageObject","inLanguage":"es","@id":"https:\/\/noticiasmercedinas.com\/site\/2023\/11\/08\/valentin-calderon-de-la-barca-gana-en-la-nocturna-de-mercedes\/#primaryimage","url":"https:\/\/noticiasmercedinas.com\/site\/wp-content\/uploads\/2023\/11\/85188812-498b-4f5a-b992-a911e77f8da8.jpg","contentUrl":"https:\/\/noticiasmercedinas.com\/site\/wp-content\/uploads\/2023\/11\/85188812-498b-4f5a-b992-a911e77f8da8.jpg","width":640,"height":402},{"@type":"BreadcrumbList","@id":"https:\/\/noticiasmercedinas.com\/site\/2023\/11\/08\/valentin-calderon-de-la-barca-gana-en-la-nocturna-de-mercedes\/#breadcrumb","itemListElement":[{"@type":"ListItem","position":1,"name":"Portada","item":"https:\/\/noticiasmercedinas.com\/site\/"},{"@type":"ListItem","position":2,"name":"Valent\u00edn Calder\u00f3n De La Barca gana en la nocturna de Mercedes"}]},{"@type":"WebSite","@id":"https:\/\/noticiasmercedinas.com\/site\/#website","url":"https:\/\/noticiasmercedinas.com\/site\/","name":"NOTICIASMERCEDINAS.COM","description":"Mercedes, Buenos Aires, Argentina","publisher":{"@id":"https:\/\/noticiasmercedinas.com\/site\/#organization"},"potentialAction":[{"@type":"SearchAction","target":{"@type":"EntryPoint","urlTemplate":"https:\/\/noticiasmercedinas.com\/site\/?s={search_term_string}"},"query-input":{"@type":"PropertyValueSpecification","valueRequired":true,"valueName":"search_term_string"}}],"inLanguage":"es"},{"@type":"Organization","@id":"https:\/\/noticiasmercedinas.com\/site\/#organization","name":"NOTICIASMERCEDINAS.COM","url":"https:\/\/noticiasmercedinas.com\/site\/","logo":{"@type":"ImageObject","inLanguage":"es","@id":"https:\/\/noticiasmercedinas.com\/site\/#\/schema\/logo\/image\/","url":"https:\/\/noticiasmercedinas.com\/site\/wp-content\/uploads\/2020\/06\/LOGO-512.jpg","contentUrl":"https:\/\/noticiasmercedinas.com\/site\/wp-content\/uploads\/2020\/06\/LOGO-512.jpg","width":512,"height":512,"caption":"NOTICIASMERCEDINAS.COM"},"image":{"@id":"https:\/\/noticiasmercedinas.com\/site\/#\/schema\/logo\/image\/"},"sameAs":["https:\/\/www.facebook.com\/noticiasmercedinas\/","https:\/\/x.com\/notmercedinas","https:\/\/www.instagram.com\/noticiasmercedinas\/"]},{"@type":"Person","@id":"https:\/\/noticiasmercedinas.com\/site\/#\/schema\/person\/8f2f09d666ef40986eba4a5e6f2a06f9","name":"Juan Dagnino NOTICIASMERCEDINAS.COM","image":{"@type":"ImageObject","inLanguage":"es","@id":"https:\/\/secure.gravatar.com\/avatar\/fc7059a769f5a3cae65fadb228a3e4accf3a64b4b2305020d0a27e6d5333c91b?s=96&d=mm&r=g","url":"https:\/\/secure.gravatar.com\/avatar\/fc7059a769f5a3cae65fadb228a3e4accf3a64b4b2305020d0a27e6d5333c91b?s=96&d=mm&r=g","contentUrl":"https:\/\/secure.gravatar.com\/avatar\/fc7059a769f5a3cae65fadb228a3e4accf3a64b4b2305020d0a27e6d5333c91b?s=96&d=mm&r=g","caption":"Juan Dagnino NOTICIASMERCEDINAS.COM"},"url":"https:\/\/noticiasmercedinas.com\/site\/author\/juandagnino\/"}]}},"amp_enabled":true,"_links":{"self":[{"href":"https:\/\/noticiasmercedinas.com\/site\/wp-json\/wp\/v2\/posts\/126272","targetHints":{"allow":["GET"]}}],"collection":[{"href":"https:\/\/noticiasmercedinas.com\/site\/wp-json\/wp\/v2\/posts"}],"about":[{"href":"https:\/\/noticiasmercedinas.com\/site\/wp-json\/wp\/v2\/types\/post"}],"author":[{"embeddable":true,"href":"https:\/\/noticiasmercedinas.com\/site\/wp-json\/wp\/v2\/users\/6"}],"replies":[{"embeddable":true,"href":"https:\/\/noticiasmercedinas.com\/site\/wp-json\/wp\/v2\/comments?post=126272"}],"version-history":[{"count":1,"href":"https:\/\/noticiasmercedinas.com\/site\/wp-json\/wp\/v2\/posts\/126272\/revisions"}],"predecessor-version":[{"id":126279,"href":"https:\/\/noticiasmercedinas.com\/site\/wp-json\/wp\/v2\/posts\/126272\/revisions\/126279"}],"wp:featuredmedia":[{"embeddable":true,"href":"https:\/\/noticiasmercedinas.com\/site\/wp-json\/wp\/v2\/media\/126273"}],"wp:attachment":[{"href":"https:\/\/noticiasmercedinas.com\/site\/wp-json\/wp\/v2\/media?parent=126272"}],"wp:term":[{"taxonomy":"category","embeddable":true,"href":"https:\/\/noticiasmercedinas.com\/site\/wp-json\/wp\/v2\/categories?post=126272"},{"taxonomy":"post_tag","embeddable":true,"href":"https:\/\/noticiasmercedinas.com\/site\/wp-json\/wp\/v2\/tags?post=126272"}],"curies":[{"name":"wp","href":"https:\/\/api.w.org\/{rel}","templated":true}]}}