{"id":126354,"date":"2023-11-09T15:05:47","date_gmt":"2023-11-09T18:05:47","guid":{"rendered":"https:\/\/noticiasmercedinas.com\/site\/?p=126354"},"modified":"2023-11-09T15:05:47","modified_gmt":"2023-11-09T18:05:47","slug":"se-extendio-el-plazo-de-inscripcion-para-los-creditos-buenos-aires-crea","status":"publish","type":"post","link":"https:\/\/noticiasmercedinas.com\/site\/2023\/11\/09\/se-extendio-el-plazo-de-inscripcion-para-los-creditos-buenos-aires-crea\/","title":{"rendered":"Se extendi\u00f3 el plazo de inscripci\u00f3n para los cr\u00e9ditos Buenos Aires CREA"},"content":{"rendered":"<p><img loading=\"lazy\" decoding=\"async\" class=\"alignnone size-full wp-image-126355\" src=\"https:\/\/noticiasmercedinas.com\/site\/wp-content\/uploads\/2023\/11\/Inscripcion.jpeg\" alt=\"\" width=\"700\" height=\"465\" srcset=\"https:\/\/noticiasmercedinas.com\/site\/wp-content\/uploads\/2023\/11\/Inscripcion.jpeg 700w, https:\/\/noticiasmercedinas.com\/site\/wp-content\/uploads\/2023\/11\/Inscripcion-300x199.jpeg 300w, https:\/\/noticiasmercedinas.com\/site\/wp-content\/uploads\/2023\/11\/Inscripcion-640x425.jpeg 640w, https:\/\/noticiasmercedinas.com\/site\/wp-content\/uploads\/2023\/11\/Inscripcion-681x452.jpeg 681w\" sizes=\"auto, (max-width: 700px) 100vw, 700px\" \/><\/p>\n<p>El Ministerio de H\u00e1bitat y Desarrollo Urbano de la Provincia de Buenos Aires extendi\u00f3 hasta el pr\u00f3ximo 21 de noviembre el plazo de inscripci\u00f3n para el programa de cr\u00e9ditos Buenos Aires CREA, destinados a la refacci\u00f3n y ampliaci\u00f3n de viviendas.<\/p>\n<p>Se trata de la sexta convocatoria lanzada por la Provincia a las familias de los 135 distritos bonaerenses, que deseen acceder a las distintas l\u00edneas de pr\u00e9stamos impulsada por la cartera conducida por el ministro Agust\u00edn Simone.<\/p>\n<p>Inicialmente, la fecha l\u00edmite para anotarse era el martes 7. Sin embargo, debido a la cantidad de consultas, se decidi\u00f3 prorrogar el plazo por quince d\u00edas, por lo que las familias interesadas contar\u00e1n con m\u00e1s tiempo para inscribirse, a trav\u00e9s de la p\u00e1gina web https:\/\/buenosairescrea.gba.gob.ar.<\/p>\n<p>El programa Buenos Aires CREA ofrece tres l\u00edneas de financiamiento: la primera, de refacciones menores, por un monto m\u00e1ximo de 1.560 UVIs, que al mes de noviembre equivalen a $530.478 pesos; una segunda, para refacciones mayores, equivalente a 3.120 UVIs, que corresponden a $1.060.956 pesos; y una tercera, para ampliaci\u00f3n, con un m\u00e1ximo de 6.240 UVIs, que equivalen a $2.121.912 pesos.<\/p>\n<p>\u201cBuenos Aires CREA es un programa muy accesible para las familias trabajadoras de nuestra provincia y fue pensado para dar respuestas concretas a las necesidades de cada propietario, al momento de mejorar o ampliar su vivienda\u201d, destac\u00f3 el ministro Simone.<\/p>\n<p>Con respecto a las condiciones de acceso a los cr\u00e9ditos, el plazo de devoluci\u00f3n es de 3 a 6 a\u00f1os y se estipula un per\u00edodo de entre 6 a 12 meses para comenzar a pagar las cuotas, de acuerdo a la l\u00ednea de financiamiento elegida.<\/p>\n<p>La cuota se actualizar\u00e1 a trav\u00e9s de la f\u00f3rmula HogarBA, un coeficiente que garantiza que el monto a pagar no supere el aumento promedio de los salarios.<\/p>\n<p>Por otro lado, el programa define grupos prioritarios para la adjudicaci\u00f3n, como familias numerosas o integradas por personas con discapacidad; hogares monoparentales con ni\u00f1os, ni\u00f1as y adolescentes; hogares en barrios con situaci\u00f3n de vulnerabilidad social o ambiental; personas en situaci\u00f3n de violencia de g\u00e9nero y personas trans.<\/p>\n<p>Los requisitos para la inscripci\u00f3n son:<\/p>\n<ul>\n<li>Poseer DNI argentino y residir en la Provincia de Buenos Aires al menos 2 a\u00f1os.<br \/>\nTener entre 18 a 70 a\u00f1os al momento de la inscripci\u00f3n.<\/li>\n<li>Habitar el hogar donde se realizar\u00e1 la obra.<\/li>\n<li>Ser propietaria\/o, inquilina\/o o habitar una casa en pr\u00e9stamo.<\/li>\n<li>Acreditar ingresos por un monto de entre 1 a 5 salarios m\u00ednimos.<\/li>\n<li>En caso de no poder acreditar ingresos, presentar una declaraci\u00f3n jurada que demuestre consumos a trav\u00e9s de los res\u00famenes pagos de la tarjeta de cr\u00e9dito del \u00faltimo a\u00f1o.<\/li>\n<li>S\u00f3lo se podr\u00e1 completar una solicitud por grupo familiar, pudiendo sumarse los ingresos de hasta dos integrantes.<\/li>\n<\/ul>\n","protected":false},"excerpt":{"rendered":"<p>\u25a0 La Provincia prorrog\u00f3 hasta el 21 de noviembre el l\u00edmite para anotarse al programa de cr\u00e9ditos. Se trata de la sexta convocatoria para las familias de los 135 distritos bonaerenses.<\/p>\n","protected":false},"author":16,"featured_media":126355,"comment_status":"closed","ping_status":"closed","sticky":false,"template":"","format":"standard","meta":{"footnotes":""},"categories":[7919],"tags":[14905,14895,2167,1344],"class_list":["post-126354","post","type-post","status-publish","format-standard","has-post-thumbnail","hentry","category-provinciales","tag-buenos-aires-crea","tag-crea","tag-credito","tag-vivienda"],"yoast_head":"<!-- This site is optimized with the Yoast SEO plugin v27.4 - https:\/\/yoast.com\/product\/yoast-seo-wordpress\/ -->\n<title>Se extendi\u00f3 el plazo de inscripci\u00f3n para los cr\u00e9ditos Buenos Aires CREA<\/title>\n<meta name=\"robots\" content=\"index, follow, max-snippet:-1, max-image-preview:large, max-video-preview:-1\" \/>\n<link rel=\"canonical\" href=\"https:\/\/noticiasmercedinas.com\/site\/2023\/11\/09\/se-extendio-el-plazo-de-inscripcion-para-los-creditos-buenos-aires-crea\/\" \/>\n<meta property=\"og:locale\" content=\"es_ES\" \/>\n<meta property=\"og:type\" content=\"article\" \/>\n<meta property=\"og:title\" content=\"Se extendi\u00f3 el plazo de inscripci\u00f3n para los cr\u00e9ditos Buenos Aires CREA\" \/>\n<meta property=\"og:description\" content=\"\u25a0 La Provincia prorrog\u00f3 hasta el 21 de noviembre el l\u00edmite para anotarse al programa de cr\u00e9ditos. Se trata de la sexta convocatoria para las familias de los 135 distritos bonaerenses.\" \/>\n<meta property=\"og:url\" content=\"https:\/\/noticiasmercedinas.com\/site\/2023\/11\/09\/se-extendio-el-plazo-de-inscripcion-para-los-creditos-buenos-aires-crea\/\" \/>\n<meta property=\"og:site_name\" content=\"NOTICIASMERCEDINAS.COM\" \/>\n<meta property=\"article:publisher\" content=\"https:\/\/www.facebook.com\/noticiasmercedinas\/\" \/>\n<meta property=\"article:published_time\" content=\"2023-11-09T18:05:47+00:00\" \/>\n<meta property=\"og:image\" content=\"https:\/\/noticiasmercedinas.com\/site\/wp-content\/uploads\/2023\/11\/Inscripcion.jpeg\" \/>\n\t<meta property=\"og:image:width\" content=\"700\" \/>\n\t<meta property=\"og:image:height\" content=\"465\" \/>\n\t<meta property=\"og:image:type\" content=\"image\/jpeg\" \/>\n<meta name=\"author\" content=\"NOTICIASMERCEDINAS.COM\" \/>\n<meta name=\"twitter:card\" content=\"summary_large_image\" \/>\n<meta name=\"twitter:creator\" content=\"@notmercedinas\" \/>\n<meta name=\"twitter:site\" content=\"@notmercedinas\" \/>\n<meta name=\"twitter:label1\" content=\"Escrito por\" \/>\n\t<meta name=\"twitter:data1\" content=\"NOTICIASMERCEDINAS.COM\" \/>\n\t<meta name=\"twitter:label2\" content=\"Tiempo de lectura\" \/>\n\t<meta name=\"twitter:data2\" content=\"3 minutos\" \/>\n<script type=\"application\/ld+json\" class=\"yoast-schema-graph\">{\"@context\":\"https:\\\/\\\/schema.org\",\"@graph\":[{\"@type\":\"Article\",\"@id\":\"https:\\\/\\\/noticiasmercedinas.com\\\/site\\\/2023\\\/11\\\/09\\\/se-extendio-el-plazo-de-inscripcion-para-los-creditos-buenos-aires-crea\\\/#article\",\"isPartOf\":{\"@id\":\"https:\\\/\\\/noticiasmercedinas.com\\\/site\\\/2023\\\/11\\\/09\\\/se-extendio-el-plazo-de-inscripcion-para-los-creditos-buenos-aires-crea\\\/\"},\"author\":{\"name\":\"NOTICIASMERCEDINAS.COM\",\"@id\":\"https:\\\/\\\/noticiasmercedinas.com\\\/site\\\/#\\\/schema\\\/person\\\/84b59c099c28ff2e8b77d4ceec5d8063\"},\"headline\":\"Se extendi\u00f3 el plazo de inscripci\u00f3n para los cr\u00e9ditos Buenos Aires CREA\",\"datePublished\":\"2023-11-09T18:05:47+00:00\",\"mainEntityOfPage\":{\"@id\":\"https:\\\/\\\/noticiasmercedinas.com\\\/site\\\/2023\\\/11\\\/09\\\/se-extendio-el-plazo-de-inscripcion-para-los-creditos-buenos-aires-crea\\\/\"},\"wordCount\":494,\"publisher\":{\"@id\":\"https:\\\/\\\/noticiasmercedinas.com\\\/site\\\/#organization\"},\"image\":{\"@id\":\"https:\\\/\\\/noticiasmercedinas.com\\\/site\\\/2023\\\/11\\\/09\\\/se-extendio-el-plazo-de-inscripcion-para-los-creditos-buenos-aires-crea\\\/#primaryimage\"},\"thumbnailUrl\":\"https:\\\/\\\/noticiasmercedinas.com\\\/site\\\/wp-content\\\/uploads\\\/2023\\\/11\\\/Inscripcion.jpeg\",\"keywords\":[\"buenos aires crea\",\"crea\",\"credito\",\"vivienda\"],\"articleSection\":[\"Provinciales\"],\"inLanguage\":\"es\"},{\"@type\":\"WebPage\",\"@id\":\"https:\\\/\\\/noticiasmercedinas.com\\\/site\\\/2023\\\/11\\\/09\\\/se-extendio-el-plazo-de-inscripcion-para-los-creditos-buenos-aires-crea\\\/\",\"url\":\"https:\\\/\\\/noticiasmercedinas.com\\\/site\\\/2023\\\/11\\\/09\\\/se-extendio-el-plazo-de-inscripcion-para-los-creditos-buenos-aires-crea\\\/\",\"name\":\"Se extendi\u00f3 el plazo de inscripci\u00f3n para los cr\u00e9ditos Buenos Aires CREA\",\"isPartOf\":{\"@id\":\"https:\\\/\\\/noticiasmercedinas.com\\\/site\\\/#website\"},\"primaryImageOfPage\":{\"@id\":\"https:\\\/\\\/noticiasmercedinas.com\\\/site\\\/2023\\\/11\\\/09\\\/se-extendio-el-plazo-de-inscripcion-para-los-creditos-buenos-aires-crea\\\/#primaryimage\"},\"image\":{\"@id\":\"https:\\\/\\\/noticiasmercedinas.com\\\/site\\\/2023\\\/11\\\/09\\\/se-extendio-el-plazo-de-inscripcion-para-los-creditos-buenos-aires-crea\\\/#primaryimage\"},\"thumbnailUrl\":\"https:\\\/\\\/noticiasmercedinas.com\\\/site\\\/wp-content\\\/uploads\\\/2023\\\/11\\\/Inscripcion.jpeg\",\"datePublished\":\"2023-11-09T18:05:47+00:00\",\"breadcrumb\":{\"@id\":\"https:\\\/\\\/noticiasmercedinas.com\\\/site\\\/2023\\\/11\\\/09\\\/se-extendio-el-plazo-de-inscripcion-para-los-creditos-buenos-aires-crea\\\/#breadcrumb\"},\"inLanguage\":\"es\",\"potentialAction\":[{\"@type\":\"ReadAction\",\"target\":[\"https:\\\/\\\/noticiasmercedinas.com\\\/site\\\/2023\\\/11\\\/09\\\/se-extendio-el-plazo-de-inscripcion-para-los-creditos-buenos-aires-crea\\\/\"]}]},{\"@type\":\"ImageObject\",\"inLanguage\":\"es\",\"@id\":\"https:\\\/\\\/noticiasmercedinas.com\\\/site\\\/2023\\\/11\\\/09\\\/se-extendio-el-plazo-de-inscripcion-para-los-creditos-buenos-aires-crea\\\/#primaryimage\",\"url\":\"https:\\\/\\\/noticiasmercedinas.com\\\/site\\\/wp-content\\\/uploads\\\/2023\\\/11\\\/Inscripcion.jpeg\",\"contentUrl\":\"https:\\\/\\\/noticiasmercedinas.com\\\/site\\\/wp-content\\\/uploads\\\/2023\\\/11\\\/Inscripcion.jpeg\",\"width\":700,\"height\":465},{\"@type\":\"BreadcrumbList\",\"@id\":\"https:\\\/\\\/noticiasmercedinas.com\\\/site\\\/2023\\\/11\\\/09\\\/se-extendio-el-plazo-de-inscripcion-para-los-creditos-buenos-aires-crea\\\/#breadcrumb\",\"itemListElement\":[{\"@type\":\"ListItem\",\"position\":1,\"name\":\"Portada\",\"item\":\"https:\\\/\\\/noticiasmercedinas.com\\\/site\\\/\"},{\"@type\":\"ListItem\",\"position\":2,\"name\":\"Se extendi\u00f3 el plazo de inscripci\u00f3n para los cr\u00e9ditos Buenos Aires CREA\"}]},{\"@type\":\"WebSite\",\"@id\":\"https:\\\/\\\/noticiasmercedinas.com\\\/site\\\/#website\",\"url\":\"https:\\\/\\\/noticiasmercedinas.com\\\/site\\\/\",\"name\":\"NOTICIASMERCEDINAS.COM\",\"description\":\"Mercedes, Buenos Aires, Argentina\",\"publisher\":{\"@id\":\"https:\\\/\\\/noticiasmercedinas.com\\\/site\\\/#organization\"},\"potentialAction\":[{\"@type\":\"SearchAction\",\"target\":{\"@type\":\"EntryPoint\",\"urlTemplate\":\"https:\\\/\\\/noticiasmercedinas.com\\\/site\\\/?s={search_term_string}\"},\"query-input\":{\"@type\":\"PropertyValueSpecification\",\"valueRequired\":true,\"valueName\":\"search_term_string\"}}],\"inLanguage\":\"es\"},{\"@type\":\"Organization\",\"@id\":\"https:\\\/\\\/noticiasmercedinas.com\\\/site\\\/#organization\",\"name\":\"NOTICIASMERCEDINAS.COM\",\"url\":\"https:\\\/\\\/noticiasmercedinas.com\\\/site\\\/\",\"logo\":{\"@type\":\"ImageObject\",\"inLanguage\":\"es\",\"@id\":\"https:\\\/\\\/noticiasmercedinas.com\\\/site\\\/#\\\/schema\\\/logo\\\/image\\\/\",\"url\":\"https:\\\/\\\/noticiasmercedinas.com\\\/site\\\/wp-content\\\/uploads\\\/2020\\\/06\\\/LOGO-512.jpg\",\"contentUrl\":\"https:\\\/\\\/noticiasmercedinas.com\\\/site\\\/wp-content\\\/uploads\\\/2020\\\/06\\\/LOGO-512.jpg\",\"width\":512,\"height\":512,\"caption\":\"NOTICIASMERCEDINAS.COM\"},\"image\":{\"@id\":\"https:\\\/\\\/noticiasmercedinas.com\\\/site\\\/#\\\/schema\\\/logo\\\/image\\\/\"},\"sameAs\":[\"https:\\\/\\\/www.facebook.com\\\/noticiasmercedinas\\\/\",\"https:\\\/\\\/x.com\\\/notmercedinas\",\"https:\\\/\\\/www.instagram.com\\\/noticiasmercedinas\\\/\"]},{\"@type\":\"Person\",\"@id\":\"https:\\\/\\\/noticiasmercedinas.com\\\/site\\\/#\\\/schema\\\/person\\\/84b59c099c28ff2e8b77d4ceec5d8063\",\"name\":\"NOTICIASMERCEDINAS.COM\",\"image\":{\"@type\":\"ImageObject\",\"inLanguage\":\"es\",\"@id\":\"https:\\\/\\\/secure.gravatar.com\\\/avatar\\\/4dfbf16b4d17945bfb6341b2d19043457132fcf478a5ee04f42e959fd8f5df0a?s=96&d=mm&r=g\",\"url\":\"https:\\\/\\\/secure.gravatar.com\\\/avatar\\\/4dfbf16b4d17945bfb6341b2d19043457132fcf478a5ee04f42e959fd8f5df0a?s=96&d=mm&r=g\",\"contentUrl\":\"https:\\\/\\\/secure.gravatar.com\\\/avatar\\\/4dfbf16b4d17945bfb6341b2d19043457132fcf478a5ee04f42e959fd8f5df0a?s=96&d=mm&r=g\",\"caption\":\"NOTICIASMERCEDINAS.COM\"},\"url\":\"https:\\\/\\\/noticiasmercedinas.com\\\/site\\\/author\\\/anonimo\\\/\"}]}<\/script>\n<!-- \/ Yoast SEO plugin. -->","yoast_head_json":{"title":"Se extendi\u00f3 el plazo de inscripci\u00f3n para los cr\u00e9ditos Buenos Aires CREA","robots":{"index":"index","follow":"follow","max-snippet":"max-snippet:-1","max-image-preview":"max-image-preview:large","max-video-preview":"max-video-preview:-1"},"canonical":"https:\/\/noticiasmercedinas.com\/site\/2023\/11\/09\/se-extendio-el-plazo-de-inscripcion-para-los-creditos-buenos-aires-crea\/","og_locale":"es_ES","og_type":"article","og_title":"Se extendi\u00f3 el plazo de inscripci\u00f3n para los cr\u00e9ditos Buenos Aires CREA","og_description":"\u25a0 La Provincia prorrog\u00f3 hasta el 21 de noviembre el l\u00edmite para anotarse al programa de cr\u00e9ditos. Se trata de la sexta convocatoria para las familias de los 135 distritos bonaerenses.","og_url":"https:\/\/noticiasmercedinas.com\/site\/2023\/11\/09\/se-extendio-el-plazo-de-inscripcion-para-los-creditos-buenos-aires-crea\/","og_site_name":"NOTICIASMERCEDINAS.COM","article_publisher":"https:\/\/www.facebook.com\/noticiasmercedinas\/","article_published_time":"2023-11-09T18:05:47+00:00","og_image":[{"width":700,"height":465,"url":"https:\/\/noticiasmercedinas.com\/site\/wp-content\/uploads\/2023\/11\/Inscripcion.jpeg","type":"image\/jpeg"}],"author":"NOTICIASMERCEDINAS.COM","twitter_card":"summary_large_image","twitter_creator":"@notmercedinas","twitter_site":"@notmercedinas","twitter_misc":{"Escrito por":"NOTICIASMERCEDINAS.COM","Tiempo de lectura":"3 minutos"},"schema":{"@context":"https:\/\/schema.org","@graph":[{"@type":"Article","@id":"https:\/\/noticiasmercedinas.com\/site\/2023\/11\/09\/se-extendio-el-plazo-de-inscripcion-para-los-creditos-buenos-aires-crea\/#article","isPartOf":{"@id":"https:\/\/noticiasmercedinas.com\/site\/2023\/11\/09\/se-extendio-el-plazo-de-inscripcion-para-los-creditos-buenos-aires-crea\/"},"author":{"name":"NOTICIASMERCEDINAS.COM","@id":"https:\/\/noticiasmercedinas.com\/site\/#\/schema\/person\/84b59c099c28ff2e8b77d4ceec5d8063"},"headline":"Se extendi\u00f3 el plazo de inscripci\u00f3n para los cr\u00e9ditos Buenos Aires CREA","datePublished":"2023-11-09T18:05:47+00:00","mainEntityOfPage":{"@id":"https:\/\/noticiasmercedinas.com\/site\/2023\/11\/09\/se-extendio-el-plazo-de-inscripcion-para-los-creditos-buenos-aires-crea\/"},"wordCount":494,"publisher":{"@id":"https:\/\/noticiasmercedinas.com\/site\/#organization"},"image":{"@id":"https:\/\/noticiasmercedinas.com\/site\/2023\/11\/09\/se-extendio-el-plazo-de-inscripcion-para-los-creditos-buenos-aires-crea\/#primaryimage"},"thumbnailUrl":"https:\/\/noticiasmercedinas.com\/site\/wp-content\/uploads\/2023\/11\/Inscripcion.jpeg","keywords":["buenos aires crea","crea","credito","vivienda"],"articleSection":["Provinciales"],"inLanguage":"es"},{"@type":"WebPage","@id":"https:\/\/noticiasmercedinas.com\/site\/2023\/11\/09\/se-extendio-el-plazo-de-inscripcion-para-los-creditos-buenos-aires-crea\/","url":"https:\/\/noticiasmercedinas.com\/site\/2023\/11\/09\/se-extendio-el-plazo-de-inscripcion-para-los-creditos-buenos-aires-crea\/","name":"Se extendi\u00f3 el plazo de inscripci\u00f3n para los cr\u00e9ditos Buenos Aires CREA","isPartOf":{"@id":"https:\/\/noticiasmercedinas.com\/site\/#website"},"primaryImageOfPage":{"@id":"https:\/\/noticiasmercedinas.com\/site\/2023\/11\/09\/se-extendio-el-plazo-de-inscripcion-para-los-creditos-buenos-aires-crea\/#primaryimage"},"image":{"@id":"https:\/\/noticiasmercedinas.com\/site\/2023\/11\/09\/se-extendio-el-plazo-de-inscripcion-para-los-creditos-buenos-aires-crea\/#primaryimage"},"thumbnailUrl":"https:\/\/noticiasmercedinas.com\/site\/wp-content\/uploads\/2023\/11\/Inscripcion.jpeg","datePublished":"2023-11-09T18:05:47+00:00","breadcrumb":{"@id":"https:\/\/noticiasmercedinas.com\/site\/2023\/11\/09\/se-extendio-el-plazo-de-inscripcion-para-los-creditos-buenos-aires-crea\/#breadcrumb"},"inLanguage":"es","potentialAction":[{"@type":"ReadAction","target":["https:\/\/noticiasmercedinas.com\/site\/2023\/11\/09\/se-extendio-el-plazo-de-inscripcion-para-los-creditos-buenos-aires-crea\/"]}]},{"@type":"ImageObject","inLanguage":"es","@id":"https:\/\/noticiasmercedinas.com\/site\/2023\/11\/09\/se-extendio-el-plazo-de-inscripcion-para-los-creditos-buenos-aires-crea\/#primaryimage","url":"https:\/\/noticiasmercedinas.com\/site\/wp-content\/uploads\/2023\/11\/Inscripcion.jpeg","contentUrl":"https:\/\/noticiasmercedinas.com\/site\/wp-content\/uploads\/2023\/11\/Inscripcion.jpeg","width":700,"height":465},{"@type":"BreadcrumbList","@id":"https:\/\/noticiasmercedinas.com\/site\/2023\/11\/09\/se-extendio-el-plazo-de-inscripcion-para-los-creditos-buenos-aires-crea\/#breadcrumb","itemListElement":[{"@type":"ListItem","position":1,"name":"Portada","item":"https:\/\/noticiasmercedinas.com\/site\/"},{"@type":"ListItem","position":2,"name":"Se extendi\u00f3 el plazo de inscripci\u00f3n para los cr\u00e9ditos Buenos Aires CREA"}]},{"@type":"WebSite","@id":"https:\/\/noticiasmercedinas.com\/site\/#website","url":"https:\/\/noticiasmercedinas.com\/site\/","name":"NOTICIASMERCEDINAS.COM","description":"Mercedes, Buenos Aires, Argentina","publisher":{"@id":"https:\/\/noticiasmercedinas.com\/site\/#organization"},"potentialAction":[{"@type":"SearchAction","target":{"@type":"EntryPoint","urlTemplate":"https:\/\/noticiasmercedinas.com\/site\/?s={search_term_string}"},"query-input":{"@type":"PropertyValueSpecification","valueRequired":true,"valueName":"search_term_string"}}],"inLanguage":"es"},{"@type":"Organization","@id":"https:\/\/noticiasmercedinas.com\/site\/#organization","name":"NOTICIASMERCEDINAS.COM","url":"https:\/\/noticiasmercedinas.com\/site\/","logo":{"@type":"ImageObject","inLanguage":"es","@id":"https:\/\/noticiasmercedinas.com\/site\/#\/schema\/logo\/image\/","url":"https:\/\/noticiasmercedinas.com\/site\/wp-content\/uploads\/2020\/06\/LOGO-512.jpg","contentUrl":"https:\/\/noticiasmercedinas.com\/site\/wp-content\/uploads\/2020\/06\/LOGO-512.jpg","width":512,"height":512,"caption":"NOTICIASMERCEDINAS.COM"},"image":{"@id":"https:\/\/noticiasmercedinas.com\/site\/#\/schema\/logo\/image\/"},"sameAs":["https:\/\/www.facebook.com\/noticiasmercedinas\/","https:\/\/x.com\/notmercedinas","https:\/\/www.instagram.com\/noticiasmercedinas\/"]},{"@type":"Person","@id":"https:\/\/noticiasmercedinas.com\/site\/#\/schema\/person\/84b59c099c28ff2e8b77d4ceec5d8063","name":"NOTICIASMERCEDINAS.COM","image":{"@type":"ImageObject","inLanguage":"es","@id":"https:\/\/secure.gravatar.com\/avatar\/4dfbf16b4d17945bfb6341b2d19043457132fcf478a5ee04f42e959fd8f5df0a?s=96&d=mm&r=g","url":"https:\/\/secure.gravatar.com\/avatar\/4dfbf16b4d17945bfb6341b2d19043457132fcf478a5ee04f42e959fd8f5df0a?s=96&d=mm&r=g","contentUrl":"https:\/\/secure.gravatar.com\/avatar\/4dfbf16b4d17945bfb6341b2d19043457132fcf478a5ee04f42e959fd8f5df0a?s=96&d=mm&r=g","caption":"NOTICIASMERCEDINAS.COM"},"url":"https:\/\/noticiasmercedinas.com\/site\/author\/anonimo\/"}]}},"amp_enabled":true,"_links":{"self":[{"href":"https:\/\/noticiasmercedinas.com\/site\/wp-json\/wp\/v2\/posts\/126354","targetHints":{"allow":["GET"]}}],"collection":[{"href":"https:\/\/noticiasmercedinas.com\/site\/wp-json\/wp\/v2\/posts"}],"about":[{"href":"https:\/\/noticiasmercedinas.com\/site\/wp-json\/wp\/v2\/types\/post"}],"author":[{"embeddable":true,"href":"https:\/\/noticiasmercedinas.com\/site\/wp-json\/wp\/v2\/users\/16"}],"replies":[{"embeddable":true,"href":"https:\/\/noticiasmercedinas.com\/site\/wp-json\/wp\/v2\/comments?post=126354"}],"version-history":[{"count":1,"href":"https:\/\/noticiasmercedinas.com\/site\/wp-json\/wp\/v2\/posts\/126354\/revisions"}],"predecessor-version":[{"id":126356,"href":"https:\/\/noticiasmercedinas.com\/site\/wp-json\/wp\/v2\/posts\/126354\/revisions\/126356"}],"wp:featuredmedia":[{"embeddable":true,"href":"https:\/\/noticiasmercedinas.com\/site\/wp-json\/wp\/v2\/media\/126355"}],"wp:attachment":[{"href":"https:\/\/noticiasmercedinas.com\/site\/wp-json\/wp\/v2\/media?parent=126354"}],"wp:term":[{"taxonomy":"category","embeddable":true,"href":"https:\/\/noticiasmercedinas.com\/site\/wp-json\/wp\/v2\/categories?post=126354"},{"taxonomy":"post_tag","embeddable":true,"href":"https:\/\/noticiasmercedinas.com\/site\/wp-json\/wp\/v2\/tags?post=126354"}],"curies":[{"name":"wp","href":"https:\/\/api.w.org\/{rel}","templated":true}]}}