{"id":126381,"date":"2023-11-09T23:59:48","date_gmt":"2023-11-10T02:59:48","guid":{"rendered":"https:\/\/noticiasmercedinas.com\/site\/?p=126381"},"modified":"2023-11-09T23:59:48","modified_gmt":"2023-11-10T02:59:48","slug":"la-cem-fue-parte-del-5-foro-de-comercio-minorista-bonaerense-en-lujan","status":"publish","type":"post","link":"https:\/\/noticiasmercedinas.com\/site\/2023\/11\/09\/la-cem-fue-parte-del-5-foro-de-comercio-minorista-bonaerense-en-lujan\/","title":{"rendered":"La CEM fue parte del 5\u00b0 Foro de Comercio Minorista Bonaerense en Luj\u00e1n"},"content":{"rendered":"<p><img loading=\"lazy\" decoding=\"async\" class=\"alignnone size-large wp-image-126382\" src=\"https:\/\/noticiasmercedinas.com\/site\/wp-content\/uploads\/2023\/11\/e9ec2306-a727-4f04-9620-76665c836851-1024x768.jpeg\" alt=\"\" width=\"640\" height=\"480\" srcset=\"https:\/\/noticiasmercedinas.com\/site\/wp-content\/uploads\/2023\/11\/e9ec2306-a727-4f04-9620-76665c836851-1024x768.jpeg 1024w, https:\/\/noticiasmercedinas.com\/site\/wp-content\/uploads\/2023\/11\/e9ec2306-a727-4f04-9620-76665c836851-300x225.jpeg 300w, https:\/\/noticiasmercedinas.com\/site\/wp-content\/uploads\/2023\/11\/e9ec2306-a727-4f04-9620-76665c836851-768x576.jpeg 768w, https:\/\/noticiasmercedinas.com\/site\/wp-content\/uploads\/2023\/11\/e9ec2306-a727-4f04-9620-76665c836851-1536x1152.jpeg 1536w, https:\/\/noticiasmercedinas.com\/site\/wp-content\/uploads\/2023\/11\/e9ec2306-a727-4f04-9620-76665c836851-80x60.jpeg 80w, https:\/\/noticiasmercedinas.com\/site\/wp-content\/uploads\/2023\/11\/e9ec2306-a727-4f04-9620-76665c836851-160x120.jpeg 160w, https:\/\/noticiasmercedinas.com\/site\/wp-content\/uploads\/2023\/11\/e9ec2306-a727-4f04-9620-76665c836851-100x75.jpeg 100w, https:\/\/noticiasmercedinas.com\/site\/wp-content\/uploads\/2023\/11\/e9ec2306-a727-4f04-9620-76665c836851-200x150.jpeg 200w, https:\/\/noticiasmercedinas.com\/site\/wp-content\/uploads\/2023\/11\/e9ec2306-a727-4f04-9620-76665c836851-180x135.jpeg 180w, https:\/\/noticiasmercedinas.com\/site\/wp-content\/uploads\/2023\/11\/e9ec2306-a727-4f04-9620-76665c836851-360x270.jpeg 360w, https:\/\/noticiasmercedinas.com\/site\/wp-content\/uploads\/2023\/11\/e9ec2306-a727-4f04-9620-76665c836851-238x178.jpeg 238w, https:\/\/noticiasmercedinas.com\/site\/wp-content\/uploads\/2023\/11\/e9ec2306-a727-4f04-9620-76665c836851-476x356.jpeg 476w, https:\/\/noticiasmercedinas.com\/site\/wp-content\/uploads\/2023\/11\/e9ec2306-a727-4f04-9620-76665c836851-640x480.jpeg 640w, https:\/\/noticiasmercedinas.com\/site\/wp-content\/uploads\/2023\/11\/e9ec2306-a727-4f04-9620-76665c836851-1280x960.jpeg 1280w, https:\/\/noticiasmercedinas.com\/site\/wp-content\/uploads\/2023\/11\/e9ec2306-a727-4f04-9620-76665c836851-681x511.jpeg 681w, https:\/\/noticiasmercedinas.com\/site\/wp-content\/uploads\/2023\/11\/e9ec2306-a727-4f04-9620-76665c836851-1362x1022.jpeg 1362w, https:\/\/noticiasmercedinas.com\/site\/wp-content\/uploads\/2023\/11\/e9ec2306-a727-4f04-9620-76665c836851.jpeg 1600w\" sizes=\"auto, (max-width: 640px) 100vw, 640px\" \/><\/p>\n<p>Con casi 300 asistentes de 80 ciudades, la quinta edici\u00f3n del Foro de Comercio Minorista Bonaerense, organizado por el sector de Comercio y Servicios de la Federaci\u00f3n Econ\u00f3mica de la Provincia de Buenos Aires (FEBACyS), se llev\u00f3 a cabo con \u00e9xito en la ciudad de Luj\u00e1n. El objetivo principal de esta jornada fue brindar herramientas y apoyo a los peque\u00f1os comerciantes de la provincia.<\/p>\n<p>Entre las destacadas personalidades que encabezaron el evento se encontraban Camilo Alberto Kahale, titular de FEBA; Carlos Cappelletti, presidente de FEBACyS; Juan Cuattromo, presidente del Banco Provincia; Ricardo Diab, secretario general de CAME; Ariel Aguilar, subsecretario de Desarrollo Comercial y Promoci\u00f3n de Inversiones de la Provincia de Buenos Aires; Mariela Bembi, subsecretaria de Industria, Pymes y Cooperativas de la provincia; y Gabriel Gonz\u00e1lez, presidente de Garantizar. Tambi\u00e9n estuvo presente el intendente de Luj\u00e1n, Leonardo Boto.<\/p>\n<p>La C\u00e1mara Econ\u00f3mica Mercedina (CEM) se destac\u00f3 con una importante participaci\u00f3n en el evento, con una delegaci\u00f3n de comerciantes y representantes de la entidad. Arel Pietrucha, gerente de la CEM, coment\u00f3 sobre la presencia local: \u00abParticipamos del quinto foro de comercio minorista de la provincia de Buenos Aires, que lo organiza la Federaci\u00f3n Econ\u00f3mica de la Provincia de Buenos Aires, de la que nosotros formamos parte. El foro se hizo en Luj\u00e1n y participaron unas 80 c\u00e1maras de toda la provincia. Nosotros fuimos con una delegaci\u00f3n con comerciantes e integrantes de la C\u00e1mara\u00bb.<\/p>\n<p>El Presidente Kahale expres\u00f3 su satisfacci\u00f3n por la notable convocatoria y felicit\u00f3 a FEBACyS como un \u00abbrazo muy importante\u00bb de la Federaci\u00f3n Econ\u00f3mica. Destac\u00f3 la importancia del evento, especialmente en un momento dif\u00edcil para el comercio minorista y la industria nacional.<\/p>\n<p>Por su parte, Cuattromo resalt\u00f3 la importancia de la banca p\u00fablica para la actividad productiva y agradeci\u00f3 la convocatoria de FEBA y FEBACyS. Cappelletti, adem\u00e1s de ser presidente de FEBACyS, agradeci\u00f3 el apoyo de las autoridades y subray\u00f3 la relevancia del evento para el crecimiento empresarial.<\/p>\n<p>El intendente Boto agradeci\u00f3 la elecci\u00f3n de Luj\u00e1n como sede del foro, destacando la importancia del comercio en la ciudad. Aguilar elogi\u00f3 el papel representativo de FEBA para los comerciantes de la provincia, y Diab destac\u00f3 la valiosa convocatoria del encuentro en tiempos dif\u00edciles.<\/p>\n<p>En el marco del evento, se realizaron paneles que abordaron temas como la motivaci\u00f3n, con la participaci\u00f3n de Sergio \u00abCachito\u00bb Vigil, coach ontol\u00f3gico y creador ideol\u00f3gico del ADN de \u00abLas Leonas\u00bb. Tambi\u00e9n se presentaron casos de \u00e9xito, con la participaci\u00f3n de Eduardo Le\u00f3n Acu\u00f1a y Javier Boustani.<\/p>\n<p>Otros paneles incluyeron discusiones sobre la inteligencia artificial aplicada al comercio, herramientas para comerciantes y la experiencia en centros comerciales abiertos en Valencia, Espa\u00f1a.<\/p>\n<p>Previo a la jornada, se organiz\u00f3 un recorrido hist\u00f3rico en Luj\u00e1n para representantes de c\u00e1maras de base, y se brind\u00f3 un reconocimiento a las c\u00e1maras que firmaron convenios para el desarrollo de Centros Comerciales Abiertos en diversas ciudades.<\/p>\n<p><strong><br \/>\nAcerca de la CEM<\/strong><br \/>\nLa C\u00e1mara Econ\u00f3mica Mercedina (CEM) funciona en avenida 29 n\u00famero 638, donde ofrece a sus socios la representaci\u00f3n y tratamiento de los problemas que afectan los comercios, la industria, el turismo y servicios ante organismos p\u00fablicos locales y nacionales, y otras entidades provinciales y nacionales, entre otros servicios. Tel\u00e9fonos (02324) 420502 Web <a href=\"http:\/\/cemercedina.org.ar\">http:\/\/cemercedina.org.ar<\/a><\/p>\n","protected":false},"excerpt":{"rendered":"<p>\u25a0 Sirvi\u00f3 para dar impulso a Pymes y comerciantes. La actividad cont\u00f3 con la destacada participaci\u00f3n de una nutrida comitiva de C\u00e1mara Econ\u00f3mica Mercedina.<\/p>\n","protected":false},"author":16,"featured_media":126382,"comment_status":"closed","ping_status":"closed","sticky":false,"template":"","format":"standard","meta":{"footnotes":""},"categories":[74],"tags":[361,377,17561,40],"class_list":["post-126381","post","type-post","status-publish","format-standard","has-post-thumbnail","hentry","category-emprendimientos","tag-camara-economica-mercedina","tag-cem","tag-febacys","tag-lujan"],"yoast_head":"<!-- This site is optimized with the Yoast SEO plugin v27.5 - https:\/\/yoast.com\/product\/yoast-seo-wordpress\/ -->\n<title>La CEM fue parte del 5\u00b0 Foro de Comercio Minorista Bonaerense en Luj\u00e1n<\/title>\n<meta name=\"robots\" content=\"index, follow, max-snippet:-1, max-image-preview:large, max-video-preview:-1\" \/>\n<link rel=\"canonical\" href=\"https:\/\/noticiasmercedinas.com\/site\/2023\/11\/09\/la-cem-fue-parte-del-5-foro-de-comercio-minorista-bonaerense-en-lujan\/\" \/>\n<meta property=\"og:locale\" content=\"es_ES\" \/>\n<meta property=\"og:type\" content=\"article\" \/>\n<meta property=\"og:title\" content=\"La CEM fue parte del 5\u00b0 Foro de Comercio Minorista Bonaerense en Luj\u00e1n\" \/>\n<meta property=\"og:description\" content=\"\u25a0 Sirvi\u00f3 para dar impulso a Pymes y comerciantes. La actividad cont\u00f3 con la destacada participaci\u00f3n de una nutrida comitiva de C\u00e1mara Econ\u00f3mica Mercedina.\" \/>\n<meta property=\"og:url\" content=\"https:\/\/noticiasmercedinas.com\/site\/2023\/11\/09\/la-cem-fue-parte-del-5-foro-de-comercio-minorista-bonaerense-en-lujan\/\" \/>\n<meta property=\"og:site_name\" content=\"NOTICIASMERCEDINAS.COM\" \/>\n<meta property=\"article:publisher\" content=\"https:\/\/www.facebook.com\/noticiasmercedinas\/\" \/>\n<meta property=\"article:published_time\" content=\"2023-11-10T02:59:48+00:00\" \/>\n<meta property=\"og:image\" content=\"https:\/\/noticiasmercedinas.com\/site\/wp-content\/uploads\/2023\/11\/e9ec2306-a727-4f04-9620-76665c836851.jpeg\" \/>\n\t<meta property=\"og:image:width\" content=\"1600\" \/>\n\t<meta property=\"og:image:height\" content=\"1200\" \/>\n\t<meta property=\"og:image:type\" content=\"image\/jpeg\" \/>\n<meta name=\"author\" content=\"NOTICIASMERCEDINAS.COM\" \/>\n<meta name=\"twitter:card\" content=\"summary_large_image\" \/>\n<meta name=\"twitter:creator\" content=\"@notmercedinas\" \/>\n<meta name=\"twitter:site\" content=\"@notmercedinas\" \/>\n<meta name=\"twitter:label1\" content=\"Escrito por\" \/>\n\t<meta name=\"twitter:data1\" content=\"NOTICIASMERCEDINAS.COM\" \/>\n\t<meta name=\"twitter:label2\" content=\"Tiempo de lectura\" \/>\n\t<meta name=\"twitter:data2\" content=\"3 minutos\" \/>\n<script type=\"application\/ld+json\" class=\"yoast-schema-graph\">{\"@context\":\"https:\\\/\\\/schema.org\",\"@graph\":[{\"@type\":\"Article\",\"@id\":\"https:\\\/\\\/noticiasmercedinas.com\\\/site\\\/2023\\\/11\\\/09\\\/la-cem-fue-parte-del-5-foro-de-comercio-minorista-bonaerense-en-lujan\\\/#article\",\"isPartOf\":{\"@id\":\"https:\\\/\\\/noticiasmercedinas.com\\\/site\\\/2023\\\/11\\\/09\\\/la-cem-fue-parte-del-5-foro-de-comercio-minorista-bonaerense-en-lujan\\\/\"},\"author\":{\"name\":\"NOTICIASMERCEDINAS.COM\",\"@id\":\"https:\\\/\\\/noticiasmercedinas.com\\\/site\\\/#\\\/schema\\\/person\\\/84b59c099c28ff2e8b77d4ceec5d8063\"},\"headline\":\"La CEM fue parte del 5\u00b0 Foro de Comercio Minorista Bonaerense en Luj\u00e1n\",\"datePublished\":\"2023-11-10T02:59:48+00:00\",\"mainEntityOfPage\":{\"@id\":\"https:\\\/\\\/noticiasmercedinas.com\\\/site\\\/2023\\\/11\\\/09\\\/la-cem-fue-parte-del-5-foro-de-comercio-minorista-bonaerense-en-lujan\\\/\"},\"wordCount\":585,\"publisher\":{\"@id\":\"https:\\\/\\\/noticiasmercedinas.com\\\/site\\\/#organization\"},\"image\":{\"@id\":\"https:\\\/\\\/noticiasmercedinas.com\\\/site\\\/2023\\\/11\\\/09\\\/la-cem-fue-parte-del-5-foro-de-comercio-minorista-bonaerense-en-lujan\\\/#primaryimage\"},\"thumbnailUrl\":\"https:\\\/\\\/noticiasmercedinas.com\\\/site\\\/wp-content\\\/uploads\\\/2023\\\/11\\\/e9ec2306-a727-4f04-9620-76665c836851.jpeg\",\"keywords\":[\"camara economica mercedina\",\"cem\",\"febacys\",\"lujan\"],\"articleSection\":[\"Emprendimientos\"],\"inLanguage\":\"es\"},{\"@type\":\"WebPage\",\"@id\":\"https:\\\/\\\/noticiasmercedinas.com\\\/site\\\/2023\\\/11\\\/09\\\/la-cem-fue-parte-del-5-foro-de-comercio-minorista-bonaerense-en-lujan\\\/\",\"url\":\"https:\\\/\\\/noticiasmercedinas.com\\\/site\\\/2023\\\/11\\\/09\\\/la-cem-fue-parte-del-5-foro-de-comercio-minorista-bonaerense-en-lujan\\\/\",\"name\":\"La CEM fue parte del 5\u00b0 Foro de Comercio Minorista Bonaerense en Luj\u00e1n\",\"isPartOf\":{\"@id\":\"https:\\\/\\\/noticiasmercedinas.com\\\/site\\\/#website\"},\"primaryImageOfPage\":{\"@id\":\"https:\\\/\\\/noticiasmercedinas.com\\\/site\\\/2023\\\/11\\\/09\\\/la-cem-fue-parte-del-5-foro-de-comercio-minorista-bonaerense-en-lujan\\\/#primaryimage\"},\"image\":{\"@id\":\"https:\\\/\\\/noticiasmercedinas.com\\\/site\\\/2023\\\/11\\\/09\\\/la-cem-fue-parte-del-5-foro-de-comercio-minorista-bonaerense-en-lujan\\\/#primaryimage\"},\"thumbnailUrl\":\"https:\\\/\\\/noticiasmercedinas.com\\\/site\\\/wp-content\\\/uploads\\\/2023\\\/11\\\/e9ec2306-a727-4f04-9620-76665c836851.jpeg\",\"datePublished\":\"2023-11-10T02:59:48+00:00\",\"breadcrumb\":{\"@id\":\"https:\\\/\\\/noticiasmercedinas.com\\\/site\\\/2023\\\/11\\\/09\\\/la-cem-fue-parte-del-5-foro-de-comercio-minorista-bonaerense-en-lujan\\\/#breadcrumb\"},\"inLanguage\":\"es\",\"potentialAction\":[{\"@type\":\"ReadAction\",\"target\":[\"https:\\\/\\\/noticiasmercedinas.com\\\/site\\\/2023\\\/11\\\/09\\\/la-cem-fue-parte-del-5-foro-de-comercio-minorista-bonaerense-en-lujan\\\/\"]}]},{\"@type\":\"ImageObject\",\"inLanguage\":\"es\",\"@id\":\"https:\\\/\\\/noticiasmercedinas.com\\\/site\\\/2023\\\/11\\\/09\\\/la-cem-fue-parte-del-5-foro-de-comercio-minorista-bonaerense-en-lujan\\\/#primaryimage\",\"url\":\"https:\\\/\\\/noticiasmercedinas.com\\\/site\\\/wp-content\\\/uploads\\\/2023\\\/11\\\/e9ec2306-a727-4f04-9620-76665c836851.jpeg\",\"contentUrl\":\"https:\\\/\\\/noticiasmercedinas.com\\\/site\\\/wp-content\\\/uploads\\\/2023\\\/11\\\/e9ec2306-a727-4f04-9620-76665c836851.jpeg\",\"width\":1600,\"height\":1200},{\"@type\":\"BreadcrumbList\",\"@id\":\"https:\\\/\\\/noticiasmercedinas.com\\\/site\\\/2023\\\/11\\\/09\\\/la-cem-fue-parte-del-5-foro-de-comercio-minorista-bonaerense-en-lujan\\\/#breadcrumb\",\"itemListElement\":[{\"@type\":\"ListItem\",\"position\":1,\"name\":\"Portada\",\"item\":\"https:\\\/\\\/noticiasmercedinas.com\\\/site\\\/\"},{\"@type\":\"ListItem\",\"position\":2,\"name\":\"La CEM fue parte del 5\u00b0 Foro de Comercio Minorista Bonaerense en Luj\u00e1n\"}]},{\"@type\":\"WebSite\",\"@id\":\"https:\\\/\\\/noticiasmercedinas.com\\\/site\\\/#website\",\"url\":\"https:\\\/\\\/noticiasmercedinas.com\\\/site\\\/\",\"name\":\"NOTICIASMERCEDINAS.COM\",\"description\":\"Mercedes, Buenos Aires, Argentina\",\"publisher\":{\"@id\":\"https:\\\/\\\/noticiasmercedinas.com\\\/site\\\/#organization\"},\"potentialAction\":[{\"@type\":\"SearchAction\",\"target\":{\"@type\":\"EntryPoint\",\"urlTemplate\":\"https:\\\/\\\/noticiasmercedinas.com\\\/site\\\/?s={search_term_string}\"},\"query-input\":{\"@type\":\"PropertyValueSpecification\",\"valueRequired\":true,\"valueName\":\"search_term_string\"}}],\"inLanguage\":\"es\"},{\"@type\":\"Organization\",\"@id\":\"https:\\\/\\\/noticiasmercedinas.com\\\/site\\\/#organization\",\"name\":\"NOTICIASMERCEDINAS.COM\",\"url\":\"https:\\\/\\\/noticiasmercedinas.com\\\/site\\\/\",\"logo\":{\"@type\":\"ImageObject\",\"inLanguage\":\"es\",\"@id\":\"https:\\\/\\\/noticiasmercedinas.com\\\/site\\\/#\\\/schema\\\/logo\\\/image\\\/\",\"url\":\"https:\\\/\\\/noticiasmercedinas.com\\\/site\\\/wp-content\\\/uploads\\\/2020\\\/06\\\/LOGO-512.jpg\",\"contentUrl\":\"https:\\\/\\\/noticiasmercedinas.com\\\/site\\\/wp-content\\\/uploads\\\/2020\\\/06\\\/LOGO-512.jpg\",\"width\":512,\"height\":512,\"caption\":\"NOTICIASMERCEDINAS.COM\"},\"image\":{\"@id\":\"https:\\\/\\\/noticiasmercedinas.com\\\/site\\\/#\\\/schema\\\/logo\\\/image\\\/\"},\"sameAs\":[\"https:\\\/\\\/www.facebook.com\\\/noticiasmercedinas\\\/\",\"https:\\\/\\\/x.com\\\/notmercedinas\",\"https:\\\/\\\/www.instagram.com\\\/noticiasmercedinas\\\/\"]},{\"@type\":\"Person\",\"@id\":\"https:\\\/\\\/noticiasmercedinas.com\\\/site\\\/#\\\/schema\\\/person\\\/84b59c099c28ff2e8b77d4ceec5d8063\",\"name\":\"NOTICIASMERCEDINAS.COM\",\"image\":{\"@type\":\"ImageObject\",\"inLanguage\":\"es\",\"@id\":\"https:\\\/\\\/secure.gravatar.com\\\/avatar\\\/4dfbf16b4d17945bfb6341b2d19043457132fcf478a5ee04f42e959fd8f5df0a?s=96&d=mm&r=g\",\"url\":\"https:\\\/\\\/secure.gravatar.com\\\/avatar\\\/4dfbf16b4d17945bfb6341b2d19043457132fcf478a5ee04f42e959fd8f5df0a?s=96&d=mm&r=g\",\"contentUrl\":\"https:\\\/\\\/secure.gravatar.com\\\/avatar\\\/4dfbf16b4d17945bfb6341b2d19043457132fcf478a5ee04f42e959fd8f5df0a?s=96&d=mm&r=g\",\"caption\":\"NOTICIASMERCEDINAS.COM\"},\"url\":\"https:\\\/\\\/noticiasmercedinas.com\\\/site\\\/author\\\/anonimo\\\/\"}]}<\/script>\n<!-- \/ Yoast SEO plugin. -->","yoast_head_json":{"title":"La CEM fue parte del 5\u00b0 Foro de Comercio Minorista Bonaerense en Luj\u00e1n","robots":{"index":"index","follow":"follow","max-snippet":"max-snippet:-1","max-image-preview":"max-image-preview:large","max-video-preview":"max-video-preview:-1"},"canonical":"https:\/\/noticiasmercedinas.com\/site\/2023\/11\/09\/la-cem-fue-parte-del-5-foro-de-comercio-minorista-bonaerense-en-lujan\/","og_locale":"es_ES","og_type":"article","og_title":"La CEM fue parte del 5\u00b0 Foro de Comercio Minorista Bonaerense en Luj\u00e1n","og_description":"\u25a0 Sirvi\u00f3 para dar impulso a Pymes y comerciantes. La actividad cont\u00f3 con la destacada participaci\u00f3n de una nutrida comitiva de C\u00e1mara Econ\u00f3mica Mercedina.","og_url":"https:\/\/noticiasmercedinas.com\/site\/2023\/11\/09\/la-cem-fue-parte-del-5-foro-de-comercio-minorista-bonaerense-en-lujan\/","og_site_name":"NOTICIASMERCEDINAS.COM","article_publisher":"https:\/\/www.facebook.com\/noticiasmercedinas\/","article_published_time":"2023-11-10T02:59:48+00:00","og_image":[{"width":1600,"height":1200,"url":"https:\/\/noticiasmercedinas.com\/site\/wp-content\/uploads\/2023\/11\/e9ec2306-a727-4f04-9620-76665c836851.jpeg","type":"image\/jpeg"}],"author":"NOTICIASMERCEDINAS.COM","twitter_card":"summary_large_image","twitter_creator":"@notmercedinas","twitter_site":"@notmercedinas","twitter_misc":{"Escrito por":"NOTICIASMERCEDINAS.COM","Tiempo de lectura":"3 minutos"},"schema":{"@context":"https:\/\/schema.org","@graph":[{"@type":"Article","@id":"https:\/\/noticiasmercedinas.com\/site\/2023\/11\/09\/la-cem-fue-parte-del-5-foro-de-comercio-minorista-bonaerense-en-lujan\/#article","isPartOf":{"@id":"https:\/\/noticiasmercedinas.com\/site\/2023\/11\/09\/la-cem-fue-parte-del-5-foro-de-comercio-minorista-bonaerense-en-lujan\/"},"author":{"name":"NOTICIASMERCEDINAS.COM","@id":"https:\/\/noticiasmercedinas.com\/site\/#\/schema\/person\/84b59c099c28ff2e8b77d4ceec5d8063"},"headline":"La CEM fue parte del 5\u00b0 Foro de Comercio Minorista Bonaerense en Luj\u00e1n","datePublished":"2023-11-10T02:59:48+00:00","mainEntityOfPage":{"@id":"https:\/\/noticiasmercedinas.com\/site\/2023\/11\/09\/la-cem-fue-parte-del-5-foro-de-comercio-minorista-bonaerense-en-lujan\/"},"wordCount":585,"publisher":{"@id":"https:\/\/noticiasmercedinas.com\/site\/#organization"},"image":{"@id":"https:\/\/noticiasmercedinas.com\/site\/2023\/11\/09\/la-cem-fue-parte-del-5-foro-de-comercio-minorista-bonaerense-en-lujan\/#primaryimage"},"thumbnailUrl":"https:\/\/noticiasmercedinas.com\/site\/wp-content\/uploads\/2023\/11\/e9ec2306-a727-4f04-9620-76665c836851.jpeg","keywords":["camara economica mercedina","cem","febacys","lujan"],"articleSection":["Emprendimientos"],"inLanguage":"es"},{"@type":"WebPage","@id":"https:\/\/noticiasmercedinas.com\/site\/2023\/11\/09\/la-cem-fue-parte-del-5-foro-de-comercio-minorista-bonaerense-en-lujan\/","url":"https:\/\/noticiasmercedinas.com\/site\/2023\/11\/09\/la-cem-fue-parte-del-5-foro-de-comercio-minorista-bonaerense-en-lujan\/","name":"La CEM fue parte del 5\u00b0 Foro de Comercio Minorista Bonaerense en Luj\u00e1n","isPartOf":{"@id":"https:\/\/noticiasmercedinas.com\/site\/#website"},"primaryImageOfPage":{"@id":"https:\/\/noticiasmercedinas.com\/site\/2023\/11\/09\/la-cem-fue-parte-del-5-foro-de-comercio-minorista-bonaerense-en-lujan\/#primaryimage"},"image":{"@id":"https:\/\/noticiasmercedinas.com\/site\/2023\/11\/09\/la-cem-fue-parte-del-5-foro-de-comercio-minorista-bonaerense-en-lujan\/#primaryimage"},"thumbnailUrl":"https:\/\/noticiasmercedinas.com\/site\/wp-content\/uploads\/2023\/11\/e9ec2306-a727-4f04-9620-76665c836851.jpeg","datePublished":"2023-11-10T02:59:48+00:00","breadcrumb":{"@id":"https:\/\/noticiasmercedinas.com\/site\/2023\/11\/09\/la-cem-fue-parte-del-5-foro-de-comercio-minorista-bonaerense-en-lujan\/#breadcrumb"},"inLanguage":"es","potentialAction":[{"@type":"ReadAction","target":["https:\/\/noticiasmercedinas.com\/site\/2023\/11\/09\/la-cem-fue-parte-del-5-foro-de-comercio-minorista-bonaerense-en-lujan\/"]}]},{"@type":"ImageObject","inLanguage":"es","@id":"https:\/\/noticiasmercedinas.com\/site\/2023\/11\/09\/la-cem-fue-parte-del-5-foro-de-comercio-minorista-bonaerense-en-lujan\/#primaryimage","url":"https:\/\/noticiasmercedinas.com\/site\/wp-content\/uploads\/2023\/11\/e9ec2306-a727-4f04-9620-76665c836851.jpeg","contentUrl":"https:\/\/noticiasmercedinas.com\/site\/wp-content\/uploads\/2023\/11\/e9ec2306-a727-4f04-9620-76665c836851.jpeg","width":1600,"height":1200},{"@type":"BreadcrumbList","@id":"https:\/\/noticiasmercedinas.com\/site\/2023\/11\/09\/la-cem-fue-parte-del-5-foro-de-comercio-minorista-bonaerense-en-lujan\/#breadcrumb","itemListElement":[{"@type":"ListItem","position":1,"name":"Portada","item":"https:\/\/noticiasmercedinas.com\/site\/"},{"@type":"ListItem","position":2,"name":"La CEM fue parte del 5\u00b0 Foro de Comercio Minorista Bonaerense en Luj\u00e1n"}]},{"@type":"WebSite","@id":"https:\/\/noticiasmercedinas.com\/site\/#website","url":"https:\/\/noticiasmercedinas.com\/site\/","name":"NOTICIASMERCEDINAS.COM","description":"Mercedes, Buenos Aires, Argentina","publisher":{"@id":"https:\/\/noticiasmercedinas.com\/site\/#organization"},"potentialAction":[{"@type":"SearchAction","target":{"@type":"EntryPoint","urlTemplate":"https:\/\/noticiasmercedinas.com\/site\/?s={search_term_string}"},"query-input":{"@type":"PropertyValueSpecification","valueRequired":true,"valueName":"search_term_string"}}],"inLanguage":"es"},{"@type":"Organization","@id":"https:\/\/noticiasmercedinas.com\/site\/#organization","name":"NOTICIASMERCEDINAS.COM","url":"https:\/\/noticiasmercedinas.com\/site\/","logo":{"@type":"ImageObject","inLanguage":"es","@id":"https:\/\/noticiasmercedinas.com\/site\/#\/schema\/logo\/image\/","url":"https:\/\/noticiasmercedinas.com\/site\/wp-content\/uploads\/2020\/06\/LOGO-512.jpg","contentUrl":"https:\/\/noticiasmercedinas.com\/site\/wp-content\/uploads\/2020\/06\/LOGO-512.jpg","width":512,"height":512,"caption":"NOTICIASMERCEDINAS.COM"},"image":{"@id":"https:\/\/noticiasmercedinas.com\/site\/#\/schema\/logo\/image\/"},"sameAs":["https:\/\/www.facebook.com\/noticiasmercedinas\/","https:\/\/x.com\/notmercedinas","https:\/\/www.instagram.com\/noticiasmercedinas\/"]},{"@type":"Person","@id":"https:\/\/noticiasmercedinas.com\/site\/#\/schema\/person\/84b59c099c28ff2e8b77d4ceec5d8063","name":"NOTICIASMERCEDINAS.COM","image":{"@type":"ImageObject","inLanguage":"es","@id":"https:\/\/secure.gravatar.com\/avatar\/4dfbf16b4d17945bfb6341b2d19043457132fcf478a5ee04f42e959fd8f5df0a?s=96&d=mm&r=g","url":"https:\/\/secure.gravatar.com\/avatar\/4dfbf16b4d17945bfb6341b2d19043457132fcf478a5ee04f42e959fd8f5df0a?s=96&d=mm&r=g","contentUrl":"https:\/\/secure.gravatar.com\/avatar\/4dfbf16b4d17945bfb6341b2d19043457132fcf478a5ee04f42e959fd8f5df0a?s=96&d=mm&r=g","caption":"NOTICIASMERCEDINAS.COM"},"url":"https:\/\/noticiasmercedinas.com\/site\/author\/anonimo\/"}]}},"amp_enabled":true,"_links":{"self":[{"href":"https:\/\/noticiasmercedinas.com\/site\/wp-json\/wp\/v2\/posts\/126381","targetHints":{"allow":["GET"]}}],"collection":[{"href":"https:\/\/noticiasmercedinas.com\/site\/wp-json\/wp\/v2\/posts"}],"about":[{"href":"https:\/\/noticiasmercedinas.com\/site\/wp-json\/wp\/v2\/types\/post"}],"author":[{"embeddable":true,"href":"https:\/\/noticiasmercedinas.com\/site\/wp-json\/wp\/v2\/users\/16"}],"replies":[{"embeddable":true,"href":"https:\/\/noticiasmercedinas.com\/site\/wp-json\/wp\/v2\/comments?post=126381"}],"version-history":[{"count":1,"href":"https:\/\/noticiasmercedinas.com\/site\/wp-json\/wp\/v2\/posts\/126381\/revisions"}],"predecessor-version":[{"id":126383,"href":"https:\/\/noticiasmercedinas.com\/site\/wp-json\/wp\/v2\/posts\/126381\/revisions\/126383"}],"wp:featuredmedia":[{"embeddable":true,"href":"https:\/\/noticiasmercedinas.com\/site\/wp-json\/wp\/v2\/media\/126382"}],"wp:attachment":[{"href":"https:\/\/noticiasmercedinas.com\/site\/wp-json\/wp\/v2\/media?parent=126381"}],"wp:term":[{"taxonomy":"category","embeddable":true,"href":"https:\/\/noticiasmercedinas.com\/site\/wp-json\/wp\/v2\/categories?post=126381"},{"taxonomy":"post_tag","embeddable":true,"href":"https:\/\/noticiasmercedinas.com\/site\/wp-json\/wp\/v2\/tags?post=126381"}],"curies":[{"name":"wp","href":"https:\/\/api.w.org\/{rel}","templated":true}]}}