{"id":127070,"date":"2023-11-21T12:01:22","date_gmt":"2023-11-21T15:01:22","guid":{"rendered":"https:\/\/noticiasmercedinas.com\/site\/?p=127070"},"modified":"2023-11-21T12:01:22","modified_gmt":"2023-11-21T15:01:22","slug":"jornada-reflexiva-para-la-eliminacion-de-las-violencias-hacia-las-mujeres-en-lujan","status":"publish","type":"post","link":"https:\/\/noticiasmercedinas.com\/site\/2023\/11\/21\/jornada-reflexiva-para-la-eliminacion-de-las-violencias-hacia-las-mujeres-en-lujan\/","title":{"rendered":"Jornada reflexiva para la eliminaci\u00f3n de las violencias hacia las mujeres, en Luj\u00e1n"},"content":{"rendered":"<p><img loading=\"lazy\" decoding=\"async\" class=\"alignnone size-full wp-image-127071\" src=\"https:\/\/noticiasmercedinas.com\/site\/wp-content\/uploads\/2023\/11\/UDA-JORNADA-ELIMINACION-VIOLENCIAS-_FEED-.jpg\" alt=\"\" width=\"640\" height=\"640\" srcset=\"https:\/\/noticiasmercedinas.com\/site\/wp-content\/uploads\/2023\/11\/UDA-JORNADA-ELIMINACION-VIOLENCIAS-_FEED-.jpg 640w, https:\/\/noticiasmercedinas.com\/site\/wp-content\/uploads\/2023\/11\/UDA-JORNADA-ELIMINACION-VIOLENCIAS-_FEED--300x300.jpg 300w, https:\/\/noticiasmercedinas.com\/site\/wp-content\/uploads\/2023\/11\/UDA-JORNADA-ELIMINACION-VIOLENCIAS-_FEED--150x150.jpg 150w\" sizes=\"auto, (max-width: 640px) 100vw, 640px\" \/><\/p>\n<p>La Direcci\u00f3n de G\u00e9neros y Diversidad del Municipio de Luj\u00e1n, junto al Complejo Museogr\u00e1fico Provincial \u201cEnrique Udaondo\u201d y el Ministerio de las Mujeres, Pol\u00edticas de G\u00e9nero y Diversidad Sexual de la provincia de Buenos Aires, llevar\u00e1n adelante este jueves 23 de noviembre desde las 11:00 una jornada de reflexi\u00f3n e intercambio. La actividad se realizar\u00e1 en el Sal\u00f3n Cultural y en el Patio de la Memoria del Museo, y cuenta con el apoyo del Instituto Cultural de la Provincia.<\/p>\n<p>La jornada contar\u00e1 con una charla-debate sobre corresponsabilidad del cuidado, cuota alimentaria y herramientas para construir equidad. Tambi\u00e9n habr\u00e1 una muestra fotogr\u00e1fica del programa \u201cEllas no estaban Pintadas\u201d, un stand informativo y una plaza blanda para ni\u00f1eces.<\/p>\n<blockquote><p>Tambi\u00e9n habr\u00e1 una muestra fotogr\u00e1fica del programa \u201cEllas no estaban Pintadas\u201d, un stand informativo y una plaza blanda para ni\u00f1eces.<\/p><\/blockquote>\n<p>Adem\u00e1s participar\u00e1n la Directora del Programa \u201cCO-RESPONSABLES\u201d, Claudia Lazzaro, y el equipo de la Direcci\u00f3n Provincial de Pol\u00edticas de Trabajo y Cuidados para la Igualdad. Tambi\u00e9n contar\u00e1 con la presencia de Gabriela Carpineti, directora Nacional de Promoci\u00f3n y Fortalecimiento para el Acceso a la Justicia, quien traer\u00e1 al debate la tem\u00e1tica sobre la cuota alimentaria. Radio \u201cMinga\u201d realizar\u00e1 una transmisi\u00f3n en vivo de toda la jornada.<\/p>\n<p>\u201cEs de crucial importancia traer estos debates, ya que en nuestro pa\u00eds m\u00e1s de un mill\u00f3n y medio de hogares est\u00e1n a cargo de mujeres, con tres millones de ni\u00f1eces que no reciben la cuota alimentaria en tiempo y forma. Solo en nuestra Provincia siete de cada diez mujeres no reciben la obligaci\u00f3n alimentaria o la reciben eventualmente. Estos datos dan cuenta de situaciones de violencia econ\u00f3mica hacia las mujeres y vulneraci\u00f3n de derechos hacia las ni\u00f1eces\u201d, explicaron desde el Instituto Cultural.<\/p>\n","protected":false},"excerpt":{"rendered":"<p>\u25a0 En el marco del D\u00eda Internacional de la Eliminaci\u00f3n de la Violencia contra las Mujeres se realizar\u00e1 una jornada de reflexi\u00f3n e intercambio para la construcci\u00f3n de una equidad de g\u00e9nero. <\/p>\n","protected":false},"author":16,"featured_media":127071,"comment_status":"closed","ping_status":"closed","sticky":false,"template":"","format":"standard","meta":{"footnotes":""},"categories":[139],"tags":[1423,40,1424],"class_list":["post-127070","post","type-post","status-publish","format-standard","has-post-thumbnail","hentry","category-regionales","tag-genero","tag-lujan","tag-mujeres"],"yoast_head":"<!-- This site is optimized with the Yoast SEO plugin v27.5 - https:\/\/yoast.com\/product\/yoast-seo-wordpress\/ -->\n<title>Jornada reflexiva para la eliminaci\u00f3n de las violencias hacia las mujeres, en Luj\u00e1n<\/title>\n<meta name=\"robots\" content=\"index, follow, max-snippet:-1, max-image-preview:large, max-video-preview:-1\" \/>\n<link rel=\"canonical\" href=\"https:\/\/noticiasmercedinas.com\/site\/2023\/11\/21\/jornada-reflexiva-para-la-eliminacion-de-las-violencias-hacia-las-mujeres-en-lujan\/\" \/>\n<meta property=\"og:locale\" content=\"es_ES\" \/>\n<meta property=\"og:type\" content=\"article\" \/>\n<meta property=\"og:title\" content=\"Jornada reflexiva para la eliminaci\u00f3n de las violencias hacia las mujeres, en Luj\u00e1n\" \/>\n<meta property=\"og:description\" content=\"\u25a0 En el marco del D\u00eda Internacional de la Eliminaci\u00f3n de la Violencia contra las Mujeres se realizar\u00e1 una jornada de reflexi\u00f3n e intercambio para la construcci\u00f3n de una equidad de g\u00e9nero.\" \/>\n<meta property=\"og:url\" content=\"https:\/\/noticiasmercedinas.com\/site\/2023\/11\/21\/jornada-reflexiva-para-la-eliminacion-de-las-violencias-hacia-las-mujeres-en-lujan\/\" \/>\n<meta property=\"og:site_name\" content=\"NOTICIASMERCEDINAS.COM\" \/>\n<meta property=\"article:publisher\" content=\"https:\/\/www.facebook.com\/noticiasmercedinas\/\" \/>\n<meta property=\"article:published_time\" content=\"2023-11-21T15:01:22+00:00\" \/>\n<meta property=\"og:image\" content=\"https:\/\/noticiasmercedinas.com\/site\/wp-content\/uploads\/2023\/11\/UDA-JORNADA-ELIMINACION-VIOLENCIAS-_FEED-.jpg\" \/>\n\t<meta property=\"og:image:width\" content=\"640\" \/>\n\t<meta property=\"og:image:height\" content=\"640\" \/>\n\t<meta property=\"og:image:type\" content=\"image\/jpeg\" \/>\n<meta name=\"author\" content=\"NOTICIASMERCEDINAS.COM\" \/>\n<meta name=\"twitter:card\" content=\"summary_large_image\" \/>\n<meta name=\"twitter:creator\" content=\"@notmercedinas\" \/>\n<meta name=\"twitter:site\" content=\"@notmercedinas\" \/>\n<meta name=\"twitter:label1\" content=\"Escrito por\" \/>\n\t<meta name=\"twitter:data1\" content=\"NOTICIASMERCEDINAS.COM\" \/>\n\t<meta name=\"twitter:label2\" content=\"Tiempo de lectura\" \/>\n\t<meta name=\"twitter:data2\" content=\"2 minutos\" \/>\n<script type=\"application\/ld+json\" class=\"yoast-schema-graph\">{\"@context\":\"https:\\\/\\\/schema.org\",\"@graph\":[{\"@type\":\"Article\",\"@id\":\"https:\\\/\\\/noticiasmercedinas.com\\\/site\\\/2023\\\/11\\\/21\\\/jornada-reflexiva-para-la-eliminacion-de-las-violencias-hacia-las-mujeres-en-lujan\\\/#article\",\"isPartOf\":{\"@id\":\"https:\\\/\\\/noticiasmercedinas.com\\\/site\\\/2023\\\/11\\\/21\\\/jornada-reflexiva-para-la-eliminacion-de-las-violencias-hacia-las-mujeres-en-lujan\\\/\"},\"author\":{\"name\":\"NOTICIASMERCEDINAS.COM\",\"@id\":\"https:\\\/\\\/noticiasmercedinas.com\\\/site\\\/#\\\/schema\\\/person\\\/84b59c099c28ff2e8b77d4ceec5d8063\"},\"headline\":\"Jornada reflexiva para la eliminaci\u00f3n de las violencias hacia las mujeres, en Luj\u00e1n\",\"datePublished\":\"2023-11-21T15:01:22+00:00\",\"mainEntityOfPage\":{\"@id\":\"https:\\\/\\\/noticiasmercedinas.com\\\/site\\\/2023\\\/11\\\/21\\\/jornada-reflexiva-para-la-eliminacion-de-las-violencias-hacia-las-mujeres-en-lujan\\\/\"},\"wordCount\":329,\"publisher\":{\"@id\":\"https:\\\/\\\/noticiasmercedinas.com\\\/site\\\/#organization\"},\"image\":{\"@id\":\"https:\\\/\\\/noticiasmercedinas.com\\\/site\\\/2023\\\/11\\\/21\\\/jornada-reflexiva-para-la-eliminacion-de-las-violencias-hacia-las-mujeres-en-lujan\\\/#primaryimage\"},\"thumbnailUrl\":\"https:\\\/\\\/noticiasmercedinas.com\\\/site\\\/wp-content\\\/uploads\\\/2023\\\/11\\\/UDA-JORNADA-ELIMINACION-VIOLENCIAS-_FEED-.jpg\",\"keywords\":[\"genero\",\"lujan\",\"mujeres\"],\"articleSection\":[\"Regionales\"],\"inLanguage\":\"es\"},{\"@type\":\"WebPage\",\"@id\":\"https:\\\/\\\/noticiasmercedinas.com\\\/site\\\/2023\\\/11\\\/21\\\/jornada-reflexiva-para-la-eliminacion-de-las-violencias-hacia-las-mujeres-en-lujan\\\/\",\"url\":\"https:\\\/\\\/noticiasmercedinas.com\\\/site\\\/2023\\\/11\\\/21\\\/jornada-reflexiva-para-la-eliminacion-de-las-violencias-hacia-las-mujeres-en-lujan\\\/\",\"name\":\"Jornada reflexiva para la eliminaci\u00f3n de las violencias hacia las mujeres, en Luj\u00e1n\",\"isPartOf\":{\"@id\":\"https:\\\/\\\/noticiasmercedinas.com\\\/site\\\/#website\"},\"primaryImageOfPage\":{\"@id\":\"https:\\\/\\\/noticiasmercedinas.com\\\/site\\\/2023\\\/11\\\/21\\\/jornada-reflexiva-para-la-eliminacion-de-las-violencias-hacia-las-mujeres-en-lujan\\\/#primaryimage\"},\"image\":{\"@id\":\"https:\\\/\\\/noticiasmercedinas.com\\\/site\\\/2023\\\/11\\\/21\\\/jornada-reflexiva-para-la-eliminacion-de-las-violencias-hacia-las-mujeres-en-lujan\\\/#primaryimage\"},\"thumbnailUrl\":\"https:\\\/\\\/noticiasmercedinas.com\\\/site\\\/wp-content\\\/uploads\\\/2023\\\/11\\\/UDA-JORNADA-ELIMINACION-VIOLENCIAS-_FEED-.jpg\",\"datePublished\":\"2023-11-21T15:01:22+00:00\",\"breadcrumb\":{\"@id\":\"https:\\\/\\\/noticiasmercedinas.com\\\/site\\\/2023\\\/11\\\/21\\\/jornada-reflexiva-para-la-eliminacion-de-las-violencias-hacia-las-mujeres-en-lujan\\\/#breadcrumb\"},\"inLanguage\":\"es\",\"potentialAction\":[{\"@type\":\"ReadAction\",\"target\":[\"https:\\\/\\\/noticiasmercedinas.com\\\/site\\\/2023\\\/11\\\/21\\\/jornada-reflexiva-para-la-eliminacion-de-las-violencias-hacia-las-mujeres-en-lujan\\\/\"]}]},{\"@type\":\"ImageObject\",\"inLanguage\":\"es\",\"@id\":\"https:\\\/\\\/noticiasmercedinas.com\\\/site\\\/2023\\\/11\\\/21\\\/jornada-reflexiva-para-la-eliminacion-de-las-violencias-hacia-las-mujeres-en-lujan\\\/#primaryimage\",\"url\":\"https:\\\/\\\/noticiasmercedinas.com\\\/site\\\/wp-content\\\/uploads\\\/2023\\\/11\\\/UDA-JORNADA-ELIMINACION-VIOLENCIAS-_FEED-.jpg\",\"contentUrl\":\"https:\\\/\\\/noticiasmercedinas.com\\\/site\\\/wp-content\\\/uploads\\\/2023\\\/11\\\/UDA-JORNADA-ELIMINACION-VIOLENCIAS-_FEED-.jpg\",\"width\":640,\"height\":640},{\"@type\":\"BreadcrumbList\",\"@id\":\"https:\\\/\\\/noticiasmercedinas.com\\\/site\\\/2023\\\/11\\\/21\\\/jornada-reflexiva-para-la-eliminacion-de-las-violencias-hacia-las-mujeres-en-lujan\\\/#breadcrumb\",\"itemListElement\":[{\"@type\":\"ListItem\",\"position\":1,\"name\":\"Portada\",\"item\":\"https:\\\/\\\/noticiasmercedinas.com\\\/site\\\/\"},{\"@type\":\"ListItem\",\"position\":2,\"name\":\"Jornada reflexiva para la eliminaci\u00f3n de las violencias hacia las mujeres, en Luj\u00e1n\"}]},{\"@type\":\"WebSite\",\"@id\":\"https:\\\/\\\/noticiasmercedinas.com\\\/site\\\/#website\",\"url\":\"https:\\\/\\\/noticiasmercedinas.com\\\/site\\\/\",\"name\":\"NOTICIASMERCEDINAS.COM\",\"description\":\"Mercedes, Buenos Aires, Argentina\",\"publisher\":{\"@id\":\"https:\\\/\\\/noticiasmercedinas.com\\\/site\\\/#organization\"},\"potentialAction\":[{\"@type\":\"SearchAction\",\"target\":{\"@type\":\"EntryPoint\",\"urlTemplate\":\"https:\\\/\\\/noticiasmercedinas.com\\\/site\\\/?s={search_term_string}\"},\"query-input\":{\"@type\":\"PropertyValueSpecification\",\"valueRequired\":true,\"valueName\":\"search_term_string\"}}],\"inLanguage\":\"es\"},{\"@type\":\"Organization\",\"@id\":\"https:\\\/\\\/noticiasmercedinas.com\\\/site\\\/#organization\",\"name\":\"NOTICIASMERCEDINAS.COM\",\"url\":\"https:\\\/\\\/noticiasmercedinas.com\\\/site\\\/\",\"logo\":{\"@type\":\"ImageObject\",\"inLanguage\":\"es\",\"@id\":\"https:\\\/\\\/noticiasmercedinas.com\\\/site\\\/#\\\/schema\\\/logo\\\/image\\\/\",\"url\":\"https:\\\/\\\/noticiasmercedinas.com\\\/site\\\/wp-content\\\/uploads\\\/2020\\\/06\\\/LOGO-512.jpg\",\"contentUrl\":\"https:\\\/\\\/noticiasmercedinas.com\\\/site\\\/wp-content\\\/uploads\\\/2020\\\/06\\\/LOGO-512.jpg\",\"width\":512,\"height\":512,\"caption\":\"NOTICIASMERCEDINAS.COM\"},\"image\":{\"@id\":\"https:\\\/\\\/noticiasmercedinas.com\\\/site\\\/#\\\/schema\\\/logo\\\/image\\\/\"},\"sameAs\":[\"https:\\\/\\\/www.facebook.com\\\/noticiasmercedinas\\\/\",\"https:\\\/\\\/x.com\\\/notmercedinas\",\"https:\\\/\\\/www.instagram.com\\\/noticiasmercedinas\\\/\"]},{\"@type\":\"Person\",\"@id\":\"https:\\\/\\\/noticiasmercedinas.com\\\/site\\\/#\\\/schema\\\/person\\\/84b59c099c28ff2e8b77d4ceec5d8063\",\"name\":\"NOTICIASMERCEDINAS.COM\",\"image\":{\"@type\":\"ImageObject\",\"inLanguage\":\"es\",\"@id\":\"https:\\\/\\\/secure.gravatar.com\\\/avatar\\\/4dfbf16b4d17945bfb6341b2d19043457132fcf478a5ee04f42e959fd8f5df0a?s=96&d=mm&r=g\",\"url\":\"https:\\\/\\\/secure.gravatar.com\\\/avatar\\\/4dfbf16b4d17945bfb6341b2d19043457132fcf478a5ee04f42e959fd8f5df0a?s=96&d=mm&r=g\",\"contentUrl\":\"https:\\\/\\\/secure.gravatar.com\\\/avatar\\\/4dfbf16b4d17945bfb6341b2d19043457132fcf478a5ee04f42e959fd8f5df0a?s=96&d=mm&r=g\",\"caption\":\"NOTICIASMERCEDINAS.COM\"},\"url\":\"https:\\\/\\\/noticiasmercedinas.com\\\/site\\\/author\\\/anonimo\\\/\"}]}<\/script>\n<!-- \/ Yoast SEO plugin. -->","yoast_head_json":{"title":"Jornada reflexiva para la eliminaci\u00f3n de las violencias hacia las mujeres, en Luj\u00e1n","robots":{"index":"index","follow":"follow","max-snippet":"max-snippet:-1","max-image-preview":"max-image-preview:large","max-video-preview":"max-video-preview:-1"},"canonical":"https:\/\/noticiasmercedinas.com\/site\/2023\/11\/21\/jornada-reflexiva-para-la-eliminacion-de-las-violencias-hacia-las-mujeres-en-lujan\/","og_locale":"es_ES","og_type":"article","og_title":"Jornada reflexiva para la eliminaci\u00f3n de las violencias hacia las mujeres, en Luj\u00e1n","og_description":"\u25a0 En el marco del D\u00eda Internacional de la Eliminaci\u00f3n de la Violencia contra las Mujeres se realizar\u00e1 una jornada de reflexi\u00f3n e intercambio para la construcci\u00f3n de una equidad de g\u00e9nero.","og_url":"https:\/\/noticiasmercedinas.com\/site\/2023\/11\/21\/jornada-reflexiva-para-la-eliminacion-de-las-violencias-hacia-las-mujeres-en-lujan\/","og_site_name":"NOTICIASMERCEDINAS.COM","article_publisher":"https:\/\/www.facebook.com\/noticiasmercedinas\/","article_published_time":"2023-11-21T15:01:22+00:00","og_image":[{"width":640,"height":640,"url":"https:\/\/noticiasmercedinas.com\/site\/wp-content\/uploads\/2023\/11\/UDA-JORNADA-ELIMINACION-VIOLENCIAS-_FEED-.jpg","type":"image\/jpeg"}],"author":"NOTICIASMERCEDINAS.COM","twitter_card":"summary_large_image","twitter_creator":"@notmercedinas","twitter_site":"@notmercedinas","twitter_misc":{"Escrito por":"NOTICIASMERCEDINAS.COM","Tiempo de lectura":"2 minutos"},"schema":{"@context":"https:\/\/schema.org","@graph":[{"@type":"Article","@id":"https:\/\/noticiasmercedinas.com\/site\/2023\/11\/21\/jornada-reflexiva-para-la-eliminacion-de-las-violencias-hacia-las-mujeres-en-lujan\/#article","isPartOf":{"@id":"https:\/\/noticiasmercedinas.com\/site\/2023\/11\/21\/jornada-reflexiva-para-la-eliminacion-de-las-violencias-hacia-las-mujeres-en-lujan\/"},"author":{"name":"NOTICIASMERCEDINAS.COM","@id":"https:\/\/noticiasmercedinas.com\/site\/#\/schema\/person\/84b59c099c28ff2e8b77d4ceec5d8063"},"headline":"Jornada reflexiva para la eliminaci\u00f3n de las violencias hacia las mujeres, en Luj\u00e1n","datePublished":"2023-11-21T15:01:22+00:00","mainEntityOfPage":{"@id":"https:\/\/noticiasmercedinas.com\/site\/2023\/11\/21\/jornada-reflexiva-para-la-eliminacion-de-las-violencias-hacia-las-mujeres-en-lujan\/"},"wordCount":329,"publisher":{"@id":"https:\/\/noticiasmercedinas.com\/site\/#organization"},"image":{"@id":"https:\/\/noticiasmercedinas.com\/site\/2023\/11\/21\/jornada-reflexiva-para-la-eliminacion-de-las-violencias-hacia-las-mujeres-en-lujan\/#primaryimage"},"thumbnailUrl":"https:\/\/noticiasmercedinas.com\/site\/wp-content\/uploads\/2023\/11\/UDA-JORNADA-ELIMINACION-VIOLENCIAS-_FEED-.jpg","keywords":["genero","lujan","mujeres"],"articleSection":["Regionales"],"inLanguage":"es"},{"@type":"WebPage","@id":"https:\/\/noticiasmercedinas.com\/site\/2023\/11\/21\/jornada-reflexiva-para-la-eliminacion-de-las-violencias-hacia-las-mujeres-en-lujan\/","url":"https:\/\/noticiasmercedinas.com\/site\/2023\/11\/21\/jornada-reflexiva-para-la-eliminacion-de-las-violencias-hacia-las-mujeres-en-lujan\/","name":"Jornada reflexiva para la eliminaci\u00f3n de las violencias hacia las mujeres, en Luj\u00e1n","isPartOf":{"@id":"https:\/\/noticiasmercedinas.com\/site\/#website"},"primaryImageOfPage":{"@id":"https:\/\/noticiasmercedinas.com\/site\/2023\/11\/21\/jornada-reflexiva-para-la-eliminacion-de-las-violencias-hacia-las-mujeres-en-lujan\/#primaryimage"},"image":{"@id":"https:\/\/noticiasmercedinas.com\/site\/2023\/11\/21\/jornada-reflexiva-para-la-eliminacion-de-las-violencias-hacia-las-mujeres-en-lujan\/#primaryimage"},"thumbnailUrl":"https:\/\/noticiasmercedinas.com\/site\/wp-content\/uploads\/2023\/11\/UDA-JORNADA-ELIMINACION-VIOLENCIAS-_FEED-.jpg","datePublished":"2023-11-21T15:01:22+00:00","breadcrumb":{"@id":"https:\/\/noticiasmercedinas.com\/site\/2023\/11\/21\/jornada-reflexiva-para-la-eliminacion-de-las-violencias-hacia-las-mujeres-en-lujan\/#breadcrumb"},"inLanguage":"es","potentialAction":[{"@type":"ReadAction","target":["https:\/\/noticiasmercedinas.com\/site\/2023\/11\/21\/jornada-reflexiva-para-la-eliminacion-de-las-violencias-hacia-las-mujeres-en-lujan\/"]}]},{"@type":"ImageObject","inLanguage":"es","@id":"https:\/\/noticiasmercedinas.com\/site\/2023\/11\/21\/jornada-reflexiva-para-la-eliminacion-de-las-violencias-hacia-las-mujeres-en-lujan\/#primaryimage","url":"https:\/\/noticiasmercedinas.com\/site\/wp-content\/uploads\/2023\/11\/UDA-JORNADA-ELIMINACION-VIOLENCIAS-_FEED-.jpg","contentUrl":"https:\/\/noticiasmercedinas.com\/site\/wp-content\/uploads\/2023\/11\/UDA-JORNADA-ELIMINACION-VIOLENCIAS-_FEED-.jpg","width":640,"height":640},{"@type":"BreadcrumbList","@id":"https:\/\/noticiasmercedinas.com\/site\/2023\/11\/21\/jornada-reflexiva-para-la-eliminacion-de-las-violencias-hacia-las-mujeres-en-lujan\/#breadcrumb","itemListElement":[{"@type":"ListItem","position":1,"name":"Portada","item":"https:\/\/noticiasmercedinas.com\/site\/"},{"@type":"ListItem","position":2,"name":"Jornada reflexiva para la eliminaci\u00f3n de las violencias hacia las mujeres, en Luj\u00e1n"}]},{"@type":"WebSite","@id":"https:\/\/noticiasmercedinas.com\/site\/#website","url":"https:\/\/noticiasmercedinas.com\/site\/","name":"NOTICIASMERCEDINAS.COM","description":"Mercedes, Buenos Aires, Argentina","publisher":{"@id":"https:\/\/noticiasmercedinas.com\/site\/#organization"},"potentialAction":[{"@type":"SearchAction","target":{"@type":"EntryPoint","urlTemplate":"https:\/\/noticiasmercedinas.com\/site\/?s={search_term_string}"},"query-input":{"@type":"PropertyValueSpecification","valueRequired":true,"valueName":"search_term_string"}}],"inLanguage":"es"},{"@type":"Organization","@id":"https:\/\/noticiasmercedinas.com\/site\/#organization","name":"NOTICIASMERCEDINAS.COM","url":"https:\/\/noticiasmercedinas.com\/site\/","logo":{"@type":"ImageObject","inLanguage":"es","@id":"https:\/\/noticiasmercedinas.com\/site\/#\/schema\/logo\/image\/","url":"https:\/\/noticiasmercedinas.com\/site\/wp-content\/uploads\/2020\/06\/LOGO-512.jpg","contentUrl":"https:\/\/noticiasmercedinas.com\/site\/wp-content\/uploads\/2020\/06\/LOGO-512.jpg","width":512,"height":512,"caption":"NOTICIASMERCEDINAS.COM"},"image":{"@id":"https:\/\/noticiasmercedinas.com\/site\/#\/schema\/logo\/image\/"},"sameAs":["https:\/\/www.facebook.com\/noticiasmercedinas\/","https:\/\/x.com\/notmercedinas","https:\/\/www.instagram.com\/noticiasmercedinas\/"]},{"@type":"Person","@id":"https:\/\/noticiasmercedinas.com\/site\/#\/schema\/person\/84b59c099c28ff2e8b77d4ceec5d8063","name":"NOTICIASMERCEDINAS.COM","image":{"@type":"ImageObject","inLanguage":"es","@id":"https:\/\/secure.gravatar.com\/avatar\/4dfbf16b4d17945bfb6341b2d19043457132fcf478a5ee04f42e959fd8f5df0a?s=96&d=mm&r=g","url":"https:\/\/secure.gravatar.com\/avatar\/4dfbf16b4d17945bfb6341b2d19043457132fcf478a5ee04f42e959fd8f5df0a?s=96&d=mm&r=g","contentUrl":"https:\/\/secure.gravatar.com\/avatar\/4dfbf16b4d17945bfb6341b2d19043457132fcf478a5ee04f42e959fd8f5df0a?s=96&d=mm&r=g","caption":"NOTICIASMERCEDINAS.COM"},"url":"https:\/\/noticiasmercedinas.com\/site\/author\/anonimo\/"}]}},"amp_enabled":true,"_links":{"self":[{"href":"https:\/\/noticiasmercedinas.com\/site\/wp-json\/wp\/v2\/posts\/127070","targetHints":{"allow":["GET"]}}],"collection":[{"href":"https:\/\/noticiasmercedinas.com\/site\/wp-json\/wp\/v2\/posts"}],"about":[{"href":"https:\/\/noticiasmercedinas.com\/site\/wp-json\/wp\/v2\/types\/post"}],"author":[{"embeddable":true,"href":"https:\/\/noticiasmercedinas.com\/site\/wp-json\/wp\/v2\/users\/16"}],"replies":[{"embeddable":true,"href":"https:\/\/noticiasmercedinas.com\/site\/wp-json\/wp\/v2\/comments?post=127070"}],"version-history":[{"count":1,"href":"https:\/\/noticiasmercedinas.com\/site\/wp-json\/wp\/v2\/posts\/127070\/revisions"}],"predecessor-version":[{"id":127072,"href":"https:\/\/noticiasmercedinas.com\/site\/wp-json\/wp\/v2\/posts\/127070\/revisions\/127072"}],"wp:featuredmedia":[{"embeddable":true,"href":"https:\/\/noticiasmercedinas.com\/site\/wp-json\/wp\/v2\/media\/127071"}],"wp:attachment":[{"href":"https:\/\/noticiasmercedinas.com\/site\/wp-json\/wp\/v2\/media?parent=127070"}],"wp:term":[{"taxonomy":"category","embeddable":true,"href":"https:\/\/noticiasmercedinas.com\/site\/wp-json\/wp\/v2\/categories?post=127070"},{"taxonomy":"post_tag","embeddable":true,"href":"https:\/\/noticiasmercedinas.com\/site\/wp-json\/wp\/v2\/tags?post=127070"}],"curies":[{"name":"wp","href":"https:\/\/api.w.org\/{rel}","templated":true}]}}