{"id":127087,"date":"2023-11-21T13:47:13","date_gmt":"2023-11-21T16:47:13","guid":{"rendered":"https:\/\/noticiasmercedinas.com\/site\/?p=127087"},"modified":"2023-11-21T13:47:13","modified_gmt":"2023-11-21T16:47:13","slug":"consejo-superior-de-la-unlu-se-expreso-por-unanimidad-en-defensa-de-la-universidad-publica","status":"publish","type":"post","link":"https:\/\/noticiasmercedinas.com\/site\/2023\/11\/21\/consejo-superior-de-la-unlu-se-expreso-por-unanimidad-en-defensa-de-la-universidad-publica\/","title":{"rendered":"Consejo Superior de la UNLu se expres\u00f3 por unanimidad en defensa de la universidad p\u00fablica"},"content":{"rendered":"<p><img loading=\"lazy\" decoding=\"async\" class=\"alignnone size-full wp-image-127088\" src=\"https:\/\/noticiasmercedinas.com\/site\/wp-content\/uploads\/2023\/11\/gei_consejo.jpg\" alt=\"\" width=\"640\" height=\"480\" srcset=\"https:\/\/noticiasmercedinas.com\/site\/wp-content\/uploads\/2023\/11\/gei_consejo.jpg 640w, https:\/\/noticiasmercedinas.com\/site\/wp-content\/uploads\/2023\/11\/gei_consejo-300x225.jpg 300w, https:\/\/noticiasmercedinas.com\/site\/wp-content\/uploads\/2023\/11\/gei_consejo-80x60.jpg 80w, https:\/\/noticiasmercedinas.com\/site\/wp-content\/uploads\/2023\/11\/gei_consejo-160x120.jpg 160w, https:\/\/noticiasmercedinas.com\/site\/wp-content\/uploads\/2023\/11\/gei_consejo-100x75.jpg 100w, https:\/\/noticiasmercedinas.com\/site\/wp-content\/uploads\/2023\/11\/gei_consejo-200x150.jpg 200w, https:\/\/noticiasmercedinas.com\/site\/wp-content\/uploads\/2023\/11\/gei_consejo-180x135.jpg 180w, https:\/\/noticiasmercedinas.com\/site\/wp-content\/uploads\/2023\/11\/gei_consejo-360x270.jpg 360w, https:\/\/noticiasmercedinas.com\/site\/wp-content\/uploads\/2023\/11\/gei_consejo-238x178.jpg 238w, https:\/\/noticiasmercedinas.com\/site\/wp-content\/uploads\/2023\/11\/gei_consejo-476x356.jpg 476w\" sizes=\"auto, (max-width: 640px) 100vw, 640px\" \/><\/p>\n<p>El Consejo Superior de la UNLu se expres\u00f3 este jueves 16 de modo un\u00e1nime en defensa de la universidad p\u00fablica, democr\u00e1tica, gratuita, de calidad e igualitaria y adhiri\u00f3 a una declaraci\u00f3n del Consejo Interuniversitario Nacional (CIN) en el mismo sentido.<br \/>\nLos integrantes del cogobierno de la Universidad Nacional de Luj\u00e1n se\u00f1alaron que \u201cen pocos d\u00edas la sociedad argentina deber\u00e1 elegir entre candidatos que exponen modelos socioecon\u00f3micos claramente antag\u00f3nicos en lo que respecta a la Educaci\u00f3n\u201d.<\/p>\n<p>\u201cLa Comunidad Universitaria de la UNLu, una vez m\u00e1s, siente el deber de manifestarse en favor del derecho a la educaci\u00f3n; en defensa de los principios de la autonom\u00eda universitaria, del compromiso con las problem\u00e1ticas sociales y el desarrollo de la Naci\u00f3n\u201d, indicaron.<\/p>\n<p>Recordaron tambi\u00e9n que la UNLu fue la \u00fanica Universidad cerrada por la dictadura c\u00edvico militar: \u201cEn nuestra historia duele el registro de compa\u00f1eras y compa\u00f1eros detenidos-desaparecidos. Reci\u00e9n con el retorno de la democracia recuperamos la identidad y nuestra vida institucional\u201d, se\u00f1alaron.<\/p>\n<p>\u201cA 40 a\u00f1os de nuestra Reapertura, a\u00fan con nuestras diferencias pol\u00edticas y pluralidad partidaria, nos hermana la convicci\u00f3n de que es necesario defender el estado de derecho, repudiar siempre el terrorismo de Estado y oponerse al negacionismo\u201d, afirmaron.<\/p>\n<p>\u201cEn esta campa\u00f1a electoral, se pusieron en debate propuestas inaceptables\u201d, indicaron los consejeros y advirtieron que \u201cante la amenaza que cierne sobre nuestra vida democr\u00e1tica y recogiendo el legado de la mejor tradici\u00f3n universitaria, no podemos mantenernos neutrales\u201d<\/p>\n<p>La Declaraci\u00f3n del CIN fue suscripta por el conjunto de las universidades nacionales argentinas, cuyos \u00f3rganos de gobierno sesionaron este jueves al mediod\u00eda en simult\u00e1neo y de modo extraordinario para una respuesta conjunta en defensa de la Educaci\u00f3n P\u00fablica.<\/p>\n<p>\u00abLa UNLu ya dijo no a cada uno de los ataques al sistema universitario p\u00fablico, gratuito, cogobernado y de calidad. Hoy, una vez m\u00e1s, ante los peligros que nos acechan, estamos dispuestos a defenderlo y decimos: S\u00ed a la Universidad P\u00fablica y Gratuita\u00bb.<\/p>\n<p><img loading=\"lazy\" decoding=\"async\" class=\"alignnone size-full wp-image-127089\" src=\"https:\/\/noticiasmercedinas.com\/site\/wp-content\/uploads\/2023\/11\/consejo_vota.jpg\" alt=\"\" width=\"640\" height=\"480\" srcset=\"https:\/\/noticiasmercedinas.com\/site\/wp-content\/uploads\/2023\/11\/consejo_vota.jpg 640w, https:\/\/noticiasmercedinas.com\/site\/wp-content\/uploads\/2023\/11\/consejo_vota-300x225.jpg 300w, https:\/\/noticiasmercedinas.com\/site\/wp-content\/uploads\/2023\/11\/consejo_vota-80x60.jpg 80w, https:\/\/noticiasmercedinas.com\/site\/wp-content\/uploads\/2023\/11\/consejo_vota-160x120.jpg 160w, https:\/\/noticiasmercedinas.com\/site\/wp-content\/uploads\/2023\/11\/consejo_vota-100x75.jpg 100w, https:\/\/noticiasmercedinas.com\/site\/wp-content\/uploads\/2023\/11\/consejo_vota-200x150.jpg 200w, https:\/\/noticiasmercedinas.com\/site\/wp-content\/uploads\/2023\/11\/consejo_vota-180x135.jpg 180w, https:\/\/noticiasmercedinas.com\/site\/wp-content\/uploads\/2023\/11\/consejo_vota-360x270.jpg 360w, https:\/\/noticiasmercedinas.com\/site\/wp-content\/uploads\/2023\/11\/consejo_vota-238x178.jpg 238w, https:\/\/noticiasmercedinas.com\/site\/wp-content\/uploads\/2023\/11\/consejo_vota-476x356.jpg 476w\" sizes=\"auto, (max-width: 640px) 100vw, 640px\" \/><\/p>\n","protected":false},"excerpt":{"rendered":"<p>El Consejo Superior de la UNLu se expres\u00f3 este jueves 16 de modo un\u00e1nime en defensa de la universidad p\u00fablica, democr\u00e1tica, gratuita, de calidad e igualitaria y adhiri\u00f3 a una declaraci\u00f3n del Consejo Interuniversitario Nacional (CIN) en el mismo sentido. Los integrantes del cogobierno de la Universidad Nacional de Luj\u00e1n se\u00f1alaron que \u201cen pocos d\u00edas [&hellip;]<\/p>\n","protected":false},"author":16,"featured_media":127088,"comment_status":"closed","ping_status":"closed","sticky":false,"template":"","format":"standard","meta":{"footnotes":""},"categories":[15755,139],"tags":[17415,40,116],"class_list":["post-127087","post","type-post","status-publish","format-standard","has-post-thumbnail","hentry","category-educacion","category-regionales","tag-educacion-publica","tag-lujan","tag-unlu"],"yoast_head":"<!-- This site is optimized with the Yoast SEO plugin v27.4 - https:\/\/yoast.com\/product\/yoast-seo-wordpress\/ -->\n<title>Consejo Superior de la UNLu se expres\u00f3 por unanimidad en defensa de la universidad p\u00fablica<\/title>\n<meta name=\"robots\" content=\"index, follow, max-snippet:-1, max-image-preview:large, max-video-preview:-1\" \/>\n<link rel=\"canonical\" href=\"https:\/\/noticiasmercedinas.com\/site\/2023\/11\/21\/consejo-superior-de-la-unlu-se-expreso-por-unanimidad-en-defensa-de-la-universidad-publica\/\" \/>\n<meta property=\"og:locale\" content=\"es_ES\" \/>\n<meta property=\"og:type\" content=\"article\" \/>\n<meta property=\"og:title\" content=\"Consejo Superior de la UNLu se expres\u00f3 por unanimidad en defensa de la universidad p\u00fablica\" \/>\n<meta property=\"og:description\" content=\"El Consejo Superior de la UNLu se expres\u00f3 este jueves 16 de modo un\u00e1nime en defensa de la universidad p\u00fablica, democr\u00e1tica, gratuita, de calidad e igualitaria y adhiri\u00f3 a una declaraci\u00f3n del Consejo Interuniversitario Nacional (CIN) en el mismo sentido. Los integrantes del cogobierno de la Universidad Nacional de Luj\u00e1n se\u00f1alaron que \u201cen pocos d\u00edas [&hellip;]\" \/>\n<meta property=\"og:url\" content=\"https:\/\/noticiasmercedinas.com\/site\/2023\/11\/21\/consejo-superior-de-la-unlu-se-expreso-por-unanimidad-en-defensa-de-la-universidad-publica\/\" \/>\n<meta property=\"og:site_name\" content=\"NOTICIASMERCEDINAS.COM\" \/>\n<meta property=\"article:publisher\" content=\"https:\/\/www.facebook.com\/noticiasmercedinas\/\" \/>\n<meta property=\"article:published_time\" content=\"2023-11-21T16:47:13+00:00\" \/>\n<meta property=\"og:image\" content=\"https:\/\/noticiasmercedinas.com\/site\/wp-content\/uploads\/2023\/11\/gei_consejo.jpg\" \/>\n\t<meta property=\"og:image:width\" content=\"640\" \/>\n\t<meta property=\"og:image:height\" content=\"480\" \/>\n\t<meta property=\"og:image:type\" content=\"image\/jpeg\" \/>\n<meta name=\"author\" content=\"NOTICIASMERCEDINAS.COM\" \/>\n<meta name=\"twitter:card\" content=\"summary_large_image\" \/>\n<meta name=\"twitter:creator\" content=\"@notmercedinas\" \/>\n<meta name=\"twitter:site\" content=\"@notmercedinas\" \/>\n<meta name=\"twitter:label1\" content=\"Escrito por\" \/>\n\t<meta name=\"twitter:data1\" content=\"NOTICIASMERCEDINAS.COM\" \/>\n\t<meta name=\"twitter:label2\" content=\"Tiempo de lectura\" \/>\n\t<meta name=\"twitter:data2\" content=\"2 minutos\" \/>\n<script type=\"application\/ld+json\" class=\"yoast-schema-graph\">{\"@context\":\"https:\\\/\\\/schema.org\",\"@graph\":[{\"@type\":\"Article\",\"@id\":\"https:\\\/\\\/noticiasmercedinas.com\\\/site\\\/2023\\\/11\\\/21\\\/consejo-superior-de-la-unlu-se-expreso-por-unanimidad-en-defensa-de-la-universidad-publica\\\/#article\",\"isPartOf\":{\"@id\":\"https:\\\/\\\/noticiasmercedinas.com\\\/site\\\/2023\\\/11\\\/21\\\/consejo-superior-de-la-unlu-se-expreso-por-unanimidad-en-defensa-de-la-universidad-publica\\\/\"},\"author\":{\"name\":\"NOTICIASMERCEDINAS.COM\",\"@id\":\"https:\\\/\\\/noticiasmercedinas.com\\\/site\\\/#\\\/schema\\\/person\\\/84b59c099c28ff2e8b77d4ceec5d8063\"},\"headline\":\"Consejo Superior de la UNLu se expres\u00f3 por unanimidad en defensa de la universidad p\u00fablica\",\"datePublished\":\"2023-11-21T16:47:13+00:00\",\"mainEntityOfPage\":{\"@id\":\"https:\\\/\\\/noticiasmercedinas.com\\\/site\\\/2023\\\/11\\\/21\\\/consejo-superior-de-la-unlu-se-expreso-por-unanimidad-en-defensa-de-la-universidad-publica\\\/\"},\"wordCount\":367,\"publisher\":{\"@id\":\"https:\\\/\\\/noticiasmercedinas.com\\\/site\\\/#organization\"},\"image\":{\"@id\":\"https:\\\/\\\/noticiasmercedinas.com\\\/site\\\/2023\\\/11\\\/21\\\/consejo-superior-de-la-unlu-se-expreso-por-unanimidad-en-defensa-de-la-universidad-publica\\\/#primaryimage\"},\"thumbnailUrl\":\"https:\\\/\\\/noticiasmercedinas.com\\\/site\\\/wp-content\\\/uploads\\\/2023\\\/11\\\/gei_consejo.jpg\",\"keywords\":[\"educacion publica\",\"lujan\",\"unlu\"],\"articleSection\":[\"Educacion\",\"Regionales\"],\"inLanguage\":\"es\"},{\"@type\":\"WebPage\",\"@id\":\"https:\\\/\\\/noticiasmercedinas.com\\\/site\\\/2023\\\/11\\\/21\\\/consejo-superior-de-la-unlu-se-expreso-por-unanimidad-en-defensa-de-la-universidad-publica\\\/\",\"url\":\"https:\\\/\\\/noticiasmercedinas.com\\\/site\\\/2023\\\/11\\\/21\\\/consejo-superior-de-la-unlu-se-expreso-por-unanimidad-en-defensa-de-la-universidad-publica\\\/\",\"name\":\"Consejo Superior de la UNLu se expres\u00f3 por unanimidad en defensa de la universidad p\u00fablica\",\"isPartOf\":{\"@id\":\"https:\\\/\\\/noticiasmercedinas.com\\\/site\\\/#website\"},\"primaryImageOfPage\":{\"@id\":\"https:\\\/\\\/noticiasmercedinas.com\\\/site\\\/2023\\\/11\\\/21\\\/consejo-superior-de-la-unlu-se-expreso-por-unanimidad-en-defensa-de-la-universidad-publica\\\/#primaryimage\"},\"image\":{\"@id\":\"https:\\\/\\\/noticiasmercedinas.com\\\/site\\\/2023\\\/11\\\/21\\\/consejo-superior-de-la-unlu-se-expreso-por-unanimidad-en-defensa-de-la-universidad-publica\\\/#primaryimage\"},\"thumbnailUrl\":\"https:\\\/\\\/noticiasmercedinas.com\\\/site\\\/wp-content\\\/uploads\\\/2023\\\/11\\\/gei_consejo.jpg\",\"datePublished\":\"2023-11-21T16:47:13+00:00\",\"breadcrumb\":{\"@id\":\"https:\\\/\\\/noticiasmercedinas.com\\\/site\\\/2023\\\/11\\\/21\\\/consejo-superior-de-la-unlu-se-expreso-por-unanimidad-en-defensa-de-la-universidad-publica\\\/#breadcrumb\"},\"inLanguage\":\"es\",\"potentialAction\":[{\"@type\":\"ReadAction\",\"target\":[\"https:\\\/\\\/noticiasmercedinas.com\\\/site\\\/2023\\\/11\\\/21\\\/consejo-superior-de-la-unlu-se-expreso-por-unanimidad-en-defensa-de-la-universidad-publica\\\/\"]}]},{\"@type\":\"ImageObject\",\"inLanguage\":\"es\",\"@id\":\"https:\\\/\\\/noticiasmercedinas.com\\\/site\\\/2023\\\/11\\\/21\\\/consejo-superior-de-la-unlu-se-expreso-por-unanimidad-en-defensa-de-la-universidad-publica\\\/#primaryimage\",\"url\":\"https:\\\/\\\/noticiasmercedinas.com\\\/site\\\/wp-content\\\/uploads\\\/2023\\\/11\\\/gei_consejo.jpg\",\"contentUrl\":\"https:\\\/\\\/noticiasmercedinas.com\\\/site\\\/wp-content\\\/uploads\\\/2023\\\/11\\\/gei_consejo.jpg\",\"width\":640,\"height\":480},{\"@type\":\"BreadcrumbList\",\"@id\":\"https:\\\/\\\/noticiasmercedinas.com\\\/site\\\/2023\\\/11\\\/21\\\/consejo-superior-de-la-unlu-se-expreso-por-unanimidad-en-defensa-de-la-universidad-publica\\\/#breadcrumb\",\"itemListElement\":[{\"@type\":\"ListItem\",\"position\":1,\"name\":\"Portada\",\"item\":\"https:\\\/\\\/noticiasmercedinas.com\\\/site\\\/\"},{\"@type\":\"ListItem\",\"position\":2,\"name\":\"Consejo Superior de la UNLu se expres\u00f3 por unanimidad en defensa de la universidad p\u00fablica\"}]},{\"@type\":\"WebSite\",\"@id\":\"https:\\\/\\\/noticiasmercedinas.com\\\/site\\\/#website\",\"url\":\"https:\\\/\\\/noticiasmercedinas.com\\\/site\\\/\",\"name\":\"NOTICIASMERCEDINAS.COM\",\"description\":\"Mercedes, Buenos Aires, Argentina\",\"publisher\":{\"@id\":\"https:\\\/\\\/noticiasmercedinas.com\\\/site\\\/#organization\"},\"potentialAction\":[{\"@type\":\"SearchAction\",\"target\":{\"@type\":\"EntryPoint\",\"urlTemplate\":\"https:\\\/\\\/noticiasmercedinas.com\\\/site\\\/?s={search_term_string}\"},\"query-input\":{\"@type\":\"PropertyValueSpecification\",\"valueRequired\":true,\"valueName\":\"search_term_string\"}}],\"inLanguage\":\"es\"},{\"@type\":\"Organization\",\"@id\":\"https:\\\/\\\/noticiasmercedinas.com\\\/site\\\/#organization\",\"name\":\"NOTICIASMERCEDINAS.COM\",\"url\":\"https:\\\/\\\/noticiasmercedinas.com\\\/site\\\/\",\"logo\":{\"@type\":\"ImageObject\",\"inLanguage\":\"es\",\"@id\":\"https:\\\/\\\/noticiasmercedinas.com\\\/site\\\/#\\\/schema\\\/logo\\\/image\\\/\",\"url\":\"https:\\\/\\\/noticiasmercedinas.com\\\/site\\\/wp-content\\\/uploads\\\/2020\\\/06\\\/LOGO-512.jpg\",\"contentUrl\":\"https:\\\/\\\/noticiasmercedinas.com\\\/site\\\/wp-content\\\/uploads\\\/2020\\\/06\\\/LOGO-512.jpg\",\"width\":512,\"height\":512,\"caption\":\"NOTICIASMERCEDINAS.COM\"},\"image\":{\"@id\":\"https:\\\/\\\/noticiasmercedinas.com\\\/site\\\/#\\\/schema\\\/logo\\\/image\\\/\"},\"sameAs\":[\"https:\\\/\\\/www.facebook.com\\\/noticiasmercedinas\\\/\",\"https:\\\/\\\/x.com\\\/notmercedinas\",\"https:\\\/\\\/www.instagram.com\\\/noticiasmercedinas\\\/\"]},{\"@type\":\"Person\",\"@id\":\"https:\\\/\\\/noticiasmercedinas.com\\\/site\\\/#\\\/schema\\\/person\\\/84b59c099c28ff2e8b77d4ceec5d8063\",\"name\":\"NOTICIASMERCEDINAS.COM\",\"image\":{\"@type\":\"ImageObject\",\"inLanguage\":\"es\",\"@id\":\"https:\\\/\\\/secure.gravatar.com\\\/avatar\\\/4dfbf16b4d17945bfb6341b2d19043457132fcf478a5ee04f42e959fd8f5df0a?s=96&d=mm&r=g\",\"url\":\"https:\\\/\\\/secure.gravatar.com\\\/avatar\\\/4dfbf16b4d17945bfb6341b2d19043457132fcf478a5ee04f42e959fd8f5df0a?s=96&d=mm&r=g\",\"contentUrl\":\"https:\\\/\\\/secure.gravatar.com\\\/avatar\\\/4dfbf16b4d17945bfb6341b2d19043457132fcf478a5ee04f42e959fd8f5df0a?s=96&d=mm&r=g\",\"caption\":\"NOTICIASMERCEDINAS.COM\"},\"url\":\"https:\\\/\\\/noticiasmercedinas.com\\\/site\\\/author\\\/anonimo\\\/\"}]}<\/script>\n<!-- \/ Yoast SEO plugin. -->","yoast_head_json":{"title":"Consejo Superior de la UNLu se expres\u00f3 por unanimidad en defensa de la universidad p\u00fablica","robots":{"index":"index","follow":"follow","max-snippet":"max-snippet:-1","max-image-preview":"max-image-preview:large","max-video-preview":"max-video-preview:-1"},"canonical":"https:\/\/noticiasmercedinas.com\/site\/2023\/11\/21\/consejo-superior-de-la-unlu-se-expreso-por-unanimidad-en-defensa-de-la-universidad-publica\/","og_locale":"es_ES","og_type":"article","og_title":"Consejo Superior de la UNLu se expres\u00f3 por unanimidad en defensa de la universidad p\u00fablica","og_description":"El Consejo Superior de la UNLu se expres\u00f3 este jueves 16 de modo un\u00e1nime en defensa de la universidad p\u00fablica, democr\u00e1tica, gratuita, de calidad e igualitaria y adhiri\u00f3 a una declaraci\u00f3n del Consejo Interuniversitario Nacional (CIN) en el mismo sentido. Los integrantes del cogobierno de la Universidad Nacional de Luj\u00e1n se\u00f1alaron que \u201cen pocos d\u00edas [&hellip;]","og_url":"https:\/\/noticiasmercedinas.com\/site\/2023\/11\/21\/consejo-superior-de-la-unlu-se-expreso-por-unanimidad-en-defensa-de-la-universidad-publica\/","og_site_name":"NOTICIASMERCEDINAS.COM","article_publisher":"https:\/\/www.facebook.com\/noticiasmercedinas\/","article_published_time":"2023-11-21T16:47:13+00:00","og_image":[{"width":640,"height":480,"url":"https:\/\/noticiasmercedinas.com\/site\/wp-content\/uploads\/2023\/11\/gei_consejo.jpg","type":"image\/jpeg"}],"author":"NOTICIASMERCEDINAS.COM","twitter_card":"summary_large_image","twitter_creator":"@notmercedinas","twitter_site":"@notmercedinas","twitter_misc":{"Escrito por":"NOTICIASMERCEDINAS.COM","Tiempo de lectura":"2 minutos"},"schema":{"@context":"https:\/\/schema.org","@graph":[{"@type":"Article","@id":"https:\/\/noticiasmercedinas.com\/site\/2023\/11\/21\/consejo-superior-de-la-unlu-se-expreso-por-unanimidad-en-defensa-de-la-universidad-publica\/#article","isPartOf":{"@id":"https:\/\/noticiasmercedinas.com\/site\/2023\/11\/21\/consejo-superior-de-la-unlu-se-expreso-por-unanimidad-en-defensa-de-la-universidad-publica\/"},"author":{"name":"NOTICIASMERCEDINAS.COM","@id":"https:\/\/noticiasmercedinas.com\/site\/#\/schema\/person\/84b59c099c28ff2e8b77d4ceec5d8063"},"headline":"Consejo Superior de la UNLu se expres\u00f3 por unanimidad en defensa de la universidad p\u00fablica","datePublished":"2023-11-21T16:47:13+00:00","mainEntityOfPage":{"@id":"https:\/\/noticiasmercedinas.com\/site\/2023\/11\/21\/consejo-superior-de-la-unlu-se-expreso-por-unanimidad-en-defensa-de-la-universidad-publica\/"},"wordCount":367,"publisher":{"@id":"https:\/\/noticiasmercedinas.com\/site\/#organization"},"image":{"@id":"https:\/\/noticiasmercedinas.com\/site\/2023\/11\/21\/consejo-superior-de-la-unlu-se-expreso-por-unanimidad-en-defensa-de-la-universidad-publica\/#primaryimage"},"thumbnailUrl":"https:\/\/noticiasmercedinas.com\/site\/wp-content\/uploads\/2023\/11\/gei_consejo.jpg","keywords":["educacion publica","lujan","unlu"],"articleSection":["Educacion","Regionales"],"inLanguage":"es"},{"@type":"WebPage","@id":"https:\/\/noticiasmercedinas.com\/site\/2023\/11\/21\/consejo-superior-de-la-unlu-se-expreso-por-unanimidad-en-defensa-de-la-universidad-publica\/","url":"https:\/\/noticiasmercedinas.com\/site\/2023\/11\/21\/consejo-superior-de-la-unlu-se-expreso-por-unanimidad-en-defensa-de-la-universidad-publica\/","name":"Consejo Superior de la UNLu se expres\u00f3 por unanimidad en defensa de la universidad p\u00fablica","isPartOf":{"@id":"https:\/\/noticiasmercedinas.com\/site\/#website"},"primaryImageOfPage":{"@id":"https:\/\/noticiasmercedinas.com\/site\/2023\/11\/21\/consejo-superior-de-la-unlu-se-expreso-por-unanimidad-en-defensa-de-la-universidad-publica\/#primaryimage"},"image":{"@id":"https:\/\/noticiasmercedinas.com\/site\/2023\/11\/21\/consejo-superior-de-la-unlu-se-expreso-por-unanimidad-en-defensa-de-la-universidad-publica\/#primaryimage"},"thumbnailUrl":"https:\/\/noticiasmercedinas.com\/site\/wp-content\/uploads\/2023\/11\/gei_consejo.jpg","datePublished":"2023-11-21T16:47:13+00:00","breadcrumb":{"@id":"https:\/\/noticiasmercedinas.com\/site\/2023\/11\/21\/consejo-superior-de-la-unlu-se-expreso-por-unanimidad-en-defensa-de-la-universidad-publica\/#breadcrumb"},"inLanguage":"es","potentialAction":[{"@type":"ReadAction","target":["https:\/\/noticiasmercedinas.com\/site\/2023\/11\/21\/consejo-superior-de-la-unlu-se-expreso-por-unanimidad-en-defensa-de-la-universidad-publica\/"]}]},{"@type":"ImageObject","inLanguage":"es","@id":"https:\/\/noticiasmercedinas.com\/site\/2023\/11\/21\/consejo-superior-de-la-unlu-se-expreso-por-unanimidad-en-defensa-de-la-universidad-publica\/#primaryimage","url":"https:\/\/noticiasmercedinas.com\/site\/wp-content\/uploads\/2023\/11\/gei_consejo.jpg","contentUrl":"https:\/\/noticiasmercedinas.com\/site\/wp-content\/uploads\/2023\/11\/gei_consejo.jpg","width":640,"height":480},{"@type":"BreadcrumbList","@id":"https:\/\/noticiasmercedinas.com\/site\/2023\/11\/21\/consejo-superior-de-la-unlu-se-expreso-por-unanimidad-en-defensa-de-la-universidad-publica\/#breadcrumb","itemListElement":[{"@type":"ListItem","position":1,"name":"Portada","item":"https:\/\/noticiasmercedinas.com\/site\/"},{"@type":"ListItem","position":2,"name":"Consejo Superior de la UNLu se expres\u00f3 por unanimidad en defensa de la universidad p\u00fablica"}]},{"@type":"WebSite","@id":"https:\/\/noticiasmercedinas.com\/site\/#website","url":"https:\/\/noticiasmercedinas.com\/site\/","name":"NOTICIASMERCEDINAS.COM","description":"Mercedes, Buenos Aires, Argentina","publisher":{"@id":"https:\/\/noticiasmercedinas.com\/site\/#organization"},"potentialAction":[{"@type":"SearchAction","target":{"@type":"EntryPoint","urlTemplate":"https:\/\/noticiasmercedinas.com\/site\/?s={search_term_string}"},"query-input":{"@type":"PropertyValueSpecification","valueRequired":true,"valueName":"search_term_string"}}],"inLanguage":"es"},{"@type":"Organization","@id":"https:\/\/noticiasmercedinas.com\/site\/#organization","name":"NOTICIASMERCEDINAS.COM","url":"https:\/\/noticiasmercedinas.com\/site\/","logo":{"@type":"ImageObject","inLanguage":"es","@id":"https:\/\/noticiasmercedinas.com\/site\/#\/schema\/logo\/image\/","url":"https:\/\/noticiasmercedinas.com\/site\/wp-content\/uploads\/2020\/06\/LOGO-512.jpg","contentUrl":"https:\/\/noticiasmercedinas.com\/site\/wp-content\/uploads\/2020\/06\/LOGO-512.jpg","width":512,"height":512,"caption":"NOTICIASMERCEDINAS.COM"},"image":{"@id":"https:\/\/noticiasmercedinas.com\/site\/#\/schema\/logo\/image\/"},"sameAs":["https:\/\/www.facebook.com\/noticiasmercedinas\/","https:\/\/x.com\/notmercedinas","https:\/\/www.instagram.com\/noticiasmercedinas\/"]},{"@type":"Person","@id":"https:\/\/noticiasmercedinas.com\/site\/#\/schema\/person\/84b59c099c28ff2e8b77d4ceec5d8063","name":"NOTICIASMERCEDINAS.COM","image":{"@type":"ImageObject","inLanguage":"es","@id":"https:\/\/secure.gravatar.com\/avatar\/4dfbf16b4d17945bfb6341b2d19043457132fcf478a5ee04f42e959fd8f5df0a?s=96&d=mm&r=g","url":"https:\/\/secure.gravatar.com\/avatar\/4dfbf16b4d17945bfb6341b2d19043457132fcf478a5ee04f42e959fd8f5df0a?s=96&d=mm&r=g","contentUrl":"https:\/\/secure.gravatar.com\/avatar\/4dfbf16b4d17945bfb6341b2d19043457132fcf478a5ee04f42e959fd8f5df0a?s=96&d=mm&r=g","caption":"NOTICIASMERCEDINAS.COM"},"url":"https:\/\/noticiasmercedinas.com\/site\/author\/anonimo\/"}]}},"amp_enabled":true,"_links":{"self":[{"href":"https:\/\/noticiasmercedinas.com\/site\/wp-json\/wp\/v2\/posts\/127087","targetHints":{"allow":["GET"]}}],"collection":[{"href":"https:\/\/noticiasmercedinas.com\/site\/wp-json\/wp\/v2\/posts"}],"about":[{"href":"https:\/\/noticiasmercedinas.com\/site\/wp-json\/wp\/v2\/types\/post"}],"author":[{"embeddable":true,"href":"https:\/\/noticiasmercedinas.com\/site\/wp-json\/wp\/v2\/users\/16"}],"replies":[{"embeddable":true,"href":"https:\/\/noticiasmercedinas.com\/site\/wp-json\/wp\/v2\/comments?post=127087"}],"version-history":[{"count":1,"href":"https:\/\/noticiasmercedinas.com\/site\/wp-json\/wp\/v2\/posts\/127087\/revisions"}],"predecessor-version":[{"id":127090,"href":"https:\/\/noticiasmercedinas.com\/site\/wp-json\/wp\/v2\/posts\/127087\/revisions\/127090"}],"wp:featuredmedia":[{"embeddable":true,"href":"https:\/\/noticiasmercedinas.com\/site\/wp-json\/wp\/v2\/media\/127088"}],"wp:attachment":[{"href":"https:\/\/noticiasmercedinas.com\/site\/wp-json\/wp\/v2\/media?parent=127087"}],"wp:term":[{"taxonomy":"category","embeddable":true,"href":"https:\/\/noticiasmercedinas.com\/site\/wp-json\/wp\/v2\/categories?post=127087"},{"taxonomy":"post_tag","embeddable":true,"href":"https:\/\/noticiasmercedinas.com\/site\/wp-json\/wp\/v2\/tags?post=127087"}],"curies":[{"name":"wp","href":"https:\/\/api.w.org\/{rel}","templated":true}]}}