{"id":127117,"date":"2023-11-21T17:55:13","date_gmt":"2023-11-21T20:55:13","guid":{"rendered":"https:\/\/noticiasmercedinas.com\/site\/?p=127117"},"modified":"2023-11-21T17:55:13","modified_gmt":"2023-11-21T20:55:13","slug":"piden-que-no-se-cobren-multas-a-los-vehiculos-con-vtv-vencida-y-con-turno-asignado-para-renovacion","status":"publish","type":"post","link":"https:\/\/noticiasmercedinas.com\/site\/2023\/11\/21\/piden-que-no-se-cobren-multas-a-los-vehiculos-con-vtv-vencida-y-con-turno-asignado-para-renovacion\/","title":{"rendered":"Piden que no se cobren multas a los veh\u00edculos con VTV vencida y con turno asignado para renovaci\u00f3n"},"content":{"rendered":"<p><img loading=\"lazy\" decoding=\"async\" class=\"alignnone size-large wp-image-127118\" src=\"https:\/\/noticiasmercedinas.com\/site\/wp-content\/uploads\/2023\/11\/IMG_3665-1024x912.jpg\" alt=\"\" width=\"640\" height=\"570\" srcset=\"https:\/\/noticiasmercedinas.com\/site\/wp-content\/uploads\/2023\/11\/IMG_3665-1024x912.jpg 1024w, https:\/\/noticiasmercedinas.com\/site\/wp-content\/uploads\/2023\/11\/IMG_3665-300x267.jpg 300w, https:\/\/noticiasmercedinas.com\/site\/wp-content\/uploads\/2023\/11\/IMG_3665-768x684.jpg 768w, https:\/\/noticiasmercedinas.com\/site\/wp-content\/uploads\/2023\/11\/IMG_3665-640x570.jpg 640w, https:\/\/noticiasmercedinas.com\/site\/wp-content\/uploads\/2023\/11\/IMG_3665-681x607.jpg 681w, https:\/\/noticiasmercedinas.com\/site\/wp-content\/uploads\/2023\/11\/IMG_3665.jpg 1080w\" sizes=\"auto, (max-width: 640px) 100vw, 640px\" \/><\/p>\n<p>El senador Ariel Bordaisco -acompa\u00f1ado por el titular de la bancada de Juntos, Alejandro Rabinovich- present\u00f3 en la C\u00e1mara Alta bonaerense una iniciativa para que \u201cse suspenda toda acci\u00f3n judicial o extrajudicial y cobro de multas a aquellos veh\u00edculos radicados en la provincia de Buenos Aires que acrediten haber obtenido el turno para la realizaci\u00f3n de la Verificaci\u00f3n T\u00e9cnica Vehicular (VTV), con anterioridad al vencimiento de la misma\u201d.<\/p>\n<p>A lo largo de su presentaci\u00f3n Bordaisco sostuvo que \u201ces de p\u00fablico conocimiento la demora que atraviesa el sistema de Verificaci\u00f3n T\u00e9cnica Vehicular (VTV) para asignar turnos en el corto plazo y agreg\u00f3 que \u201ces necesario encontrar una alternativa para muchos vecinos bonaerenses que acceden a turnos para la renovaci\u00f3n de la verificaci\u00f3n y se los asignan en un plazo de dos meses o m\u00e1s\u201d.<\/p>\n<p>Cabe recordar que los senadores marplatenses ya hab\u00edan solicitado al gobierno provincial que &#8211;a trav\u00e9s del Ministerio de Transporte&#8211; dispusiera las medidas necesarias \u201cpara que la empresa concesionaria solucione de manera urgente la dificultad para acceder a los turnos para realizar la Verificaci\u00f3n T\u00e9cnica Vehicular (VTV) en la ciudad de Mar del Plata\u201d.<\/p>\n<p>En su presentaci\u00f3n tambi\u00e9n solicitaron la habilitaci\u00f3n de nuevas plantas para generar una disminuci\u00f3n en la fuerte demanda de turnos de los usuarios.<\/p>\n","protected":false},"excerpt":{"rendered":"<p>El senador Ariel Bordaisco -acompa\u00f1ado por el titular de la bancada de Juntos, Alejandro Rabinovich- present\u00f3 en la C\u00e1mara Alta bonaerense una iniciativa para que \u201cse suspenda toda acci\u00f3n judicial o extrajudicial y cobro de multas a aquellos veh\u00edculos radicados en la provincia de Buenos Aires que acrediten haber obtenido el turno para la realizaci\u00f3n [&hellip;]<\/p>\n","protected":false},"author":16,"featured_media":127118,"comment_status":"closed","ping_status":"closed","sticky":false,"template":"","format":"standard","meta":{"footnotes":""},"categories":[7919],"tags":[12447,17627],"class_list":["post-127117","post","type-post","status-publish","format-standard","has-post-thumbnail","hentry","category-provinciales","tag-juntos","tag-verificacion-tecnica-vehicular"],"yoast_head":"<!-- This site is optimized with the Yoast SEO plugin v28.4 - https:\/\/yoast.com\/product\/yoast-seo-wordpress\/ -->\n<title>Piden que no se cobren multas a los veh\u00edculos con VTV vencida y con turno asignado para renovaci\u00f3n<\/title>\n<meta name=\"robots\" content=\"index, follow, max-snippet:-1, max-image-preview:large, max-video-preview:-1\" \/>\n<link rel=\"canonical\" href=\"https:\/\/noticiasmercedinas.com\/site\/2023\/11\/21\/piden-que-no-se-cobren-multas-a-los-vehiculos-con-vtv-vencida-y-con-turno-asignado-para-renovacion\/\" \/>\n<meta property=\"og:locale\" content=\"es_ES\" \/>\n<meta property=\"og:type\" content=\"article\" \/>\n<meta property=\"og:title\" content=\"Piden que no se cobren multas a los veh\u00edculos con VTV vencida y con turno asignado para renovaci\u00f3n\" \/>\n<meta property=\"og:description\" content=\"El senador Ariel Bordaisco -acompa\u00f1ado por el titular de la bancada de Juntos, Alejandro Rabinovich- present\u00f3 en la C\u00e1mara Alta bonaerense una iniciativa para que \u201cse suspenda toda acci\u00f3n judicial o extrajudicial y cobro de multas a aquellos veh\u00edculos radicados en la provincia de Buenos Aires que acrediten haber obtenido el turno para la realizaci\u00f3n [&hellip;]\" \/>\n<meta property=\"og:url\" content=\"https:\/\/noticiasmercedinas.com\/site\/2023\/11\/21\/piden-que-no-se-cobren-multas-a-los-vehiculos-con-vtv-vencida-y-con-turno-asignado-para-renovacion\/\" \/>\n<meta property=\"og:site_name\" content=\"NOTICIASMERCEDINAS.COM\" \/>\n<meta property=\"article:publisher\" content=\"https:\/\/www.facebook.com\/noticiasmercedinas\/\" \/>\n<meta property=\"article:published_time\" content=\"2023-11-21T20:55:13+00:00\" \/>\n<meta property=\"og:image\" content=\"https:\/\/noticiasmercedinas.com\/site\/wp-content\/uploads\/2023\/11\/IMG_3665.jpg\" \/>\n\t<meta property=\"og:image:width\" content=\"1080\" \/>\n\t<meta property=\"og:image:height\" content=\"962\" \/>\n\t<meta property=\"og:image:type\" content=\"image\/jpeg\" \/>\n<meta name=\"author\" content=\"NOTICIASMERCEDINAS.COM\" \/>\n<meta name=\"twitter:card\" content=\"summary_large_image\" \/>\n<meta name=\"twitter:creator\" content=\"@notmercedinas\" \/>\n<meta name=\"twitter:site\" content=\"@notmercedinas\" \/>\n<meta name=\"twitter:label1\" content=\"Escrito por\" \/>\n\t<meta name=\"twitter:data1\" content=\"NOTICIASMERCEDINAS.COM\" \/>\n\t<meta name=\"twitter:label2\" content=\"Tiempo de lectura\" \/>\n\t<meta name=\"twitter:data2\" content=\"2 minutos\" \/>\n<script type=\"application\/ld+json\" class=\"yoast-schema-graph\">{\"@context\":\"https:\\\/\\\/schema.org\",\"@graph\":[{\"@type\":\"Article\",\"@id\":\"https:\\\/\\\/noticiasmercedinas.com\\\/site\\\/2023\\\/11\\\/21\\\/piden-que-no-se-cobren-multas-a-los-vehiculos-con-vtv-vencida-y-con-turno-asignado-para-renovacion\\\/#article\",\"isPartOf\":{\"@id\":\"https:\\\/\\\/noticiasmercedinas.com\\\/site\\\/2023\\\/11\\\/21\\\/piden-que-no-se-cobren-multas-a-los-vehiculos-con-vtv-vencida-y-con-turno-asignado-para-renovacion\\\/\"},\"author\":{\"name\":\"NOTICIASMERCEDINAS.COM\",\"@id\":\"https:\\\/\\\/noticiasmercedinas.com\\\/site\\\/#\\\/schema\\\/person\\\/84b59c099c28ff2e8b77d4ceec5d8063\"},\"headline\":\"Piden que no se cobren multas a los veh\u00edculos con VTV vencida y con turno asignado para renovaci\u00f3n\",\"datePublished\":\"2023-11-21T20:55:13+00:00\",\"mainEntityOfPage\":{\"@id\":\"https:\\\/\\\/noticiasmercedinas.com\\\/site\\\/2023\\\/11\\\/21\\\/piden-que-no-se-cobren-multas-a-los-vehiculos-con-vtv-vencida-y-con-turno-asignado-para-renovacion\\\/\"},\"wordCount\":251,\"publisher\":{\"@id\":\"https:\\\/\\\/noticiasmercedinas.com\\\/site\\\/#organization\"},\"image\":{\"@id\":\"https:\\\/\\\/noticiasmercedinas.com\\\/site\\\/2023\\\/11\\\/21\\\/piden-que-no-se-cobren-multas-a-los-vehiculos-con-vtv-vencida-y-con-turno-asignado-para-renovacion\\\/#primaryimage\"},\"thumbnailUrl\":\"https:\\\/\\\/noticiasmercedinas.com\\\/site\\\/wp-content\\\/uploads\\\/2023\\\/11\\\/IMG_3665.jpg\",\"keywords\":[\"Juntos\",\"Verificaci\u00f3n T\u00e9cnica Vehicular\"],\"articleSection\":[\"Provinciales\"],\"inLanguage\":\"es\"},{\"@type\":\"WebPage\",\"@id\":\"https:\\\/\\\/noticiasmercedinas.com\\\/site\\\/2023\\\/11\\\/21\\\/piden-que-no-se-cobren-multas-a-los-vehiculos-con-vtv-vencida-y-con-turno-asignado-para-renovacion\\\/\",\"url\":\"https:\\\/\\\/noticiasmercedinas.com\\\/site\\\/2023\\\/11\\\/21\\\/piden-que-no-se-cobren-multas-a-los-vehiculos-con-vtv-vencida-y-con-turno-asignado-para-renovacion\\\/\",\"name\":\"Piden que no se cobren multas a los veh\u00edculos con VTV vencida y con turno asignado para renovaci\u00f3n\",\"isPartOf\":{\"@id\":\"https:\\\/\\\/noticiasmercedinas.com\\\/site\\\/#website\"},\"primaryImageOfPage\":{\"@id\":\"https:\\\/\\\/noticiasmercedinas.com\\\/site\\\/2023\\\/11\\\/21\\\/piden-que-no-se-cobren-multas-a-los-vehiculos-con-vtv-vencida-y-con-turno-asignado-para-renovacion\\\/#primaryimage\"},\"image\":{\"@id\":\"https:\\\/\\\/noticiasmercedinas.com\\\/site\\\/2023\\\/11\\\/21\\\/piden-que-no-se-cobren-multas-a-los-vehiculos-con-vtv-vencida-y-con-turno-asignado-para-renovacion\\\/#primaryimage\"},\"thumbnailUrl\":\"https:\\\/\\\/noticiasmercedinas.com\\\/site\\\/wp-content\\\/uploads\\\/2023\\\/11\\\/IMG_3665.jpg\",\"datePublished\":\"2023-11-21T20:55:13+00:00\",\"breadcrumb\":{\"@id\":\"https:\\\/\\\/noticiasmercedinas.com\\\/site\\\/2023\\\/11\\\/21\\\/piden-que-no-se-cobren-multas-a-los-vehiculos-con-vtv-vencida-y-con-turno-asignado-para-renovacion\\\/#breadcrumb\"},\"inLanguage\":\"es\",\"potentialAction\":[{\"@type\":\"ReadAction\",\"target\":[\"https:\\\/\\\/noticiasmercedinas.com\\\/site\\\/2023\\\/11\\\/21\\\/piden-que-no-se-cobren-multas-a-los-vehiculos-con-vtv-vencida-y-con-turno-asignado-para-renovacion\\\/\"]}]},{\"@type\":\"ImageObject\",\"inLanguage\":\"es\",\"@id\":\"https:\\\/\\\/noticiasmercedinas.com\\\/site\\\/2023\\\/11\\\/21\\\/piden-que-no-se-cobren-multas-a-los-vehiculos-con-vtv-vencida-y-con-turno-asignado-para-renovacion\\\/#primaryimage\",\"url\":\"https:\\\/\\\/noticiasmercedinas.com\\\/site\\\/wp-content\\\/uploads\\\/2023\\\/11\\\/IMG_3665.jpg\",\"contentUrl\":\"https:\\\/\\\/noticiasmercedinas.com\\\/site\\\/wp-content\\\/uploads\\\/2023\\\/11\\\/IMG_3665.jpg\",\"width\":1080,\"height\":962},{\"@type\":\"BreadcrumbList\",\"@id\":\"https:\\\/\\\/noticiasmercedinas.com\\\/site\\\/2023\\\/11\\\/21\\\/piden-que-no-se-cobren-multas-a-los-vehiculos-con-vtv-vencida-y-con-turno-asignado-para-renovacion\\\/#breadcrumb\",\"itemListElement\":[{\"@type\":\"ListItem\",\"position\":1,\"name\":\"Portada\",\"item\":\"https:\\\/\\\/noticiasmercedinas.com\\\/site\\\/\"},{\"@type\":\"ListItem\",\"position\":2,\"name\":\"Piden que no se cobren multas a los veh\u00edculos con VTV vencida y con turno asignado para renovaci\u00f3n\"}]},{\"@type\":\"WebSite\",\"@id\":\"https:\\\/\\\/noticiasmercedinas.com\\\/site\\\/#website\",\"url\":\"https:\\\/\\\/noticiasmercedinas.com\\\/site\\\/\",\"name\":\"NOTICIASMERCEDINAS.COM\",\"description\":\"Mercedes, Buenos Aires, Argentina\",\"publisher\":{\"@id\":\"https:\\\/\\\/noticiasmercedinas.com\\\/site\\\/#organization\"},\"potentialAction\":[{\"@type\":\"SearchAction\",\"target\":{\"@type\":\"EntryPoint\",\"urlTemplate\":\"https:\\\/\\\/noticiasmercedinas.com\\\/site\\\/?s={search_term_string}\"},\"query-input\":{\"@type\":\"PropertyValueSpecification\",\"valueRequired\":true,\"valueName\":\"search_term_string\"}}],\"inLanguage\":\"es\"},{\"@type\":\"Organization\",\"@id\":\"https:\\\/\\\/noticiasmercedinas.com\\\/site\\\/#organization\",\"name\":\"NOTICIASMERCEDINAS.COM\",\"url\":\"https:\\\/\\\/noticiasmercedinas.com\\\/site\\\/\",\"logo\":{\"@type\":\"ImageObject\",\"inLanguage\":\"es\",\"@id\":\"https:\\\/\\\/noticiasmercedinas.com\\\/site\\\/#\\\/schema\\\/logo\\\/image\\\/\",\"url\":\"https:\\\/\\\/noticiasmercedinas.com\\\/site\\\/wp-content\\\/uploads\\\/2020\\\/06\\\/LOGO-512.jpg\",\"contentUrl\":\"https:\\\/\\\/noticiasmercedinas.com\\\/site\\\/wp-content\\\/uploads\\\/2020\\\/06\\\/LOGO-512.jpg\",\"width\":512,\"height\":512,\"caption\":\"NOTICIASMERCEDINAS.COM\"},\"image\":{\"@id\":\"https:\\\/\\\/noticiasmercedinas.com\\\/site\\\/#\\\/schema\\\/logo\\\/image\\\/\"},\"sameAs\":[\"https:\\\/\\\/www.facebook.com\\\/noticiasmercedinas\\\/\",\"https:\\\/\\\/x.com\\\/notmercedinas\",\"https:\\\/\\\/www.instagram.com\\\/noticiasmercedinas\\\/\"]},{\"@type\":\"Person\",\"@id\":\"https:\\\/\\\/noticiasmercedinas.com\\\/site\\\/#\\\/schema\\\/person\\\/84b59c099c28ff2e8b77d4ceec5d8063\",\"name\":\"NOTICIASMERCEDINAS.COM\",\"image\":{\"@type\":\"ImageObject\",\"inLanguage\":\"es\",\"@id\":\"https:\\\/\\\/secure.gravatar.com\\\/avatar\\\/4dfbf16b4d17945bfb6341b2d19043457132fcf478a5ee04f42e959fd8f5df0a?s=96&d=mm&r=g\",\"url\":\"https:\\\/\\\/secure.gravatar.com\\\/avatar\\\/4dfbf16b4d17945bfb6341b2d19043457132fcf478a5ee04f42e959fd8f5df0a?s=96&d=mm&r=g\",\"contentUrl\":\"https:\\\/\\\/secure.gravatar.com\\\/avatar\\\/4dfbf16b4d17945bfb6341b2d19043457132fcf478a5ee04f42e959fd8f5df0a?s=96&d=mm&r=g\",\"caption\":\"NOTICIASMERCEDINAS.COM\"},\"url\":\"https:\\\/\\\/noticiasmercedinas.com\\\/site\\\/author\\\/anonimo\\\/\"}]}<\/script>\n<!-- \/ Yoast SEO plugin. -->","yoast_head_json":{"title":"Piden que no se cobren multas a los veh\u00edculos con VTV vencida y con turno asignado para renovaci\u00f3n","robots":{"index":"index","follow":"follow","max-snippet":"max-snippet:-1","max-image-preview":"max-image-preview:large","max-video-preview":"max-video-preview:-1"},"canonical":"https:\/\/noticiasmercedinas.com\/site\/2023\/11\/21\/piden-que-no-se-cobren-multas-a-los-vehiculos-con-vtv-vencida-y-con-turno-asignado-para-renovacion\/","og_locale":"es_ES","og_type":"article","og_title":"Piden que no se cobren multas a los veh\u00edculos con VTV vencida y con turno asignado para renovaci\u00f3n","og_description":"El senador Ariel Bordaisco -acompa\u00f1ado por el titular de la bancada de Juntos, Alejandro Rabinovich- present\u00f3 en la C\u00e1mara Alta bonaerense una iniciativa para que \u201cse suspenda toda acci\u00f3n judicial o extrajudicial y cobro de multas a aquellos veh\u00edculos radicados en la provincia de Buenos Aires que acrediten haber obtenido el turno para la realizaci\u00f3n [&hellip;]","og_url":"https:\/\/noticiasmercedinas.com\/site\/2023\/11\/21\/piden-que-no-se-cobren-multas-a-los-vehiculos-con-vtv-vencida-y-con-turno-asignado-para-renovacion\/","og_site_name":"NOTICIASMERCEDINAS.COM","article_publisher":"https:\/\/www.facebook.com\/noticiasmercedinas\/","article_published_time":"2023-11-21T20:55:13+00:00","og_image":[{"width":1080,"height":962,"url":"https:\/\/noticiasmercedinas.com\/site\/wp-content\/uploads\/2023\/11\/IMG_3665.jpg","type":"image\/jpeg"}],"author":"NOTICIASMERCEDINAS.COM","twitter_card":"summary_large_image","twitter_creator":"@notmercedinas","twitter_site":"@notmercedinas","twitter_misc":{"Escrito por":"NOTICIASMERCEDINAS.COM","Tiempo de lectura":"2 minutos"},"schema":{"@context":"https:\/\/schema.org","@graph":[{"@type":"Article","@id":"https:\/\/noticiasmercedinas.com\/site\/2023\/11\/21\/piden-que-no-se-cobren-multas-a-los-vehiculos-con-vtv-vencida-y-con-turno-asignado-para-renovacion\/#article","isPartOf":{"@id":"https:\/\/noticiasmercedinas.com\/site\/2023\/11\/21\/piden-que-no-se-cobren-multas-a-los-vehiculos-con-vtv-vencida-y-con-turno-asignado-para-renovacion\/"},"author":{"name":"NOTICIASMERCEDINAS.COM","@id":"https:\/\/noticiasmercedinas.com\/site\/#\/schema\/person\/84b59c099c28ff2e8b77d4ceec5d8063"},"headline":"Piden que no se cobren multas a los veh\u00edculos con VTV vencida y con turno asignado para renovaci\u00f3n","datePublished":"2023-11-21T20:55:13+00:00","mainEntityOfPage":{"@id":"https:\/\/noticiasmercedinas.com\/site\/2023\/11\/21\/piden-que-no-se-cobren-multas-a-los-vehiculos-con-vtv-vencida-y-con-turno-asignado-para-renovacion\/"},"wordCount":251,"publisher":{"@id":"https:\/\/noticiasmercedinas.com\/site\/#organization"},"image":{"@id":"https:\/\/noticiasmercedinas.com\/site\/2023\/11\/21\/piden-que-no-se-cobren-multas-a-los-vehiculos-con-vtv-vencida-y-con-turno-asignado-para-renovacion\/#primaryimage"},"thumbnailUrl":"https:\/\/noticiasmercedinas.com\/site\/wp-content\/uploads\/2023\/11\/IMG_3665.jpg","keywords":["Juntos","Verificaci\u00f3n T\u00e9cnica Vehicular"],"articleSection":["Provinciales"],"inLanguage":"es"},{"@type":"WebPage","@id":"https:\/\/noticiasmercedinas.com\/site\/2023\/11\/21\/piden-que-no-se-cobren-multas-a-los-vehiculos-con-vtv-vencida-y-con-turno-asignado-para-renovacion\/","url":"https:\/\/noticiasmercedinas.com\/site\/2023\/11\/21\/piden-que-no-se-cobren-multas-a-los-vehiculos-con-vtv-vencida-y-con-turno-asignado-para-renovacion\/","name":"Piden que no se cobren multas a los veh\u00edculos con VTV vencida y con turno asignado para renovaci\u00f3n","isPartOf":{"@id":"https:\/\/noticiasmercedinas.com\/site\/#website"},"primaryImageOfPage":{"@id":"https:\/\/noticiasmercedinas.com\/site\/2023\/11\/21\/piden-que-no-se-cobren-multas-a-los-vehiculos-con-vtv-vencida-y-con-turno-asignado-para-renovacion\/#primaryimage"},"image":{"@id":"https:\/\/noticiasmercedinas.com\/site\/2023\/11\/21\/piden-que-no-se-cobren-multas-a-los-vehiculos-con-vtv-vencida-y-con-turno-asignado-para-renovacion\/#primaryimage"},"thumbnailUrl":"https:\/\/noticiasmercedinas.com\/site\/wp-content\/uploads\/2023\/11\/IMG_3665.jpg","datePublished":"2023-11-21T20:55:13+00:00","breadcrumb":{"@id":"https:\/\/noticiasmercedinas.com\/site\/2023\/11\/21\/piden-que-no-se-cobren-multas-a-los-vehiculos-con-vtv-vencida-y-con-turno-asignado-para-renovacion\/#breadcrumb"},"inLanguage":"es","potentialAction":[{"@type":"ReadAction","target":["https:\/\/noticiasmercedinas.com\/site\/2023\/11\/21\/piden-que-no-se-cobren-multas-a-los-vehiculos-con-vtv-vencida-y-con-turno-asignado-para-renovacion\/"]}]},{"@type":"ImageObject","inLanguage":"es","@id":"https:\/\/noticiasmercedinas.com\/site\/2023\/11\/21\/piden-que-no-se-cobren-multas-a-los-vehiculos-con-vtv-vencida-y-con-turno-asignado-para-renovacion\/#primaryimage","url":"https:\/\/noticiasmercedinas.com\/site\/wp-content\/uploads\/2023\/11\/IMG_3665.jpg","contentUrl":"https:\/\/noticiasmercedinas.com\/site\/wp-content\/uploads\/2023\/11\/IMG_3665.jpg","width":1080,"height":962},{"@type":"BreadcrumbList","@id":"https:\/\/noticiasmercedinas.com\/site\/2023\/11\/21\/piden-que-no-se-cobren-multas-a-los-vehiculos-con-vtv-vencida-y-con-turno-asignado-para-renovacion\/#breadcrumb","itemListElement":[{"@type":"ListItem","position":1,"name":"Portada","item":"https:\/\/noticiasmercedinas.com\/site\/"},{"@type":"ListItem","position":2,"name":"Piden que no se cobren multas a los veh\u00edculos con VTV vencida y con turno asignado para renovaci\u00f3n"}]},{"@type":"WebSite","@id":"https:\/\/noticiasmercedinas.com\/site\/#website","url":"https:\/\/noticiasmercedinas.com\/site\/","name":"NOTICIASMERCEDINAS.COM","description":"Mercedes, Buenos Aires, Argentina","publisher":{"@id":"https:\/\/noticiasmercedinas.com\/site\/#organization"},"potentialAction":[{"@type":"SearchAction","target":{"@type":"EntryPoint","urlTemplate":"https:\/\/noticiasmercedinas.com\/site\/?s={search_term_string}"},"query-input":{"@type":"PropertyValueSpecification","valueRequired":true,"valueName":"search_term_string"}}],"inLanguage":"es"},{"@type":"Organization","@id":"https:\/\/noticiasmercedinas.com\/site\/#organization","name":"NOTICIASMERCEDINAS.COM","url":"https:\/\/noticiasmercedinas.com\/site\/","logo":{"@type":"ImageObject","inLanguage":"es","@id":"https:\/\/noticiasmercedinas.com\/site\/#\/schema\/logo\/image\/","url":"https:\/\/noticiasmercedinas.com\/site\/wp-content\/uploads\/2020\/06\/LOGO-512.jpg","contentUrl":"https:\/\/noticiasmercedinas.com\/site\/wp-content\/uploads\/2020\/06\/LOGO-512.jpg","width":512,"height":512,"caption":"NOTICIASMERCEDINAS.COM"},"image":{"@id":"https:\/\/noticiasmercedinas.com\/site\/#\/schema\/logo\/image\/"},"sameAs":["https:\/\/www.facebook.com\/noticiasmercedinas\/","https:\/\/x.com\/notmercedinas","https:\/\/www.instagram.com\/noticiasmercedinas\/"]},{"@type":"Person","@id":"https:\/\/noticiasmercedinas.com\/site\/#\/schema\/person\/84b59c099c28ff2e8b77d4ceec5d8063","name":"NOTICIASMERCEDINAS.COM","image":{"@type":"ImageObject","inLanguage":"es","@id":"https:\/\/secure.gravatar.com\/avatar\/4dfbf16b4d17945bfb6341b2d19043457132fcf478a5ee04f42e959fd8f5df0a?s=96&d=mm&r=g","url":"https:\/\/secure.gravatar.com\/avatar\/4dfbf16b4d17945bfb6341b2d19043457132fcf478a5ee04f42e959fd8f5df0a?s=96&d=mm&r=g","contentUrl":"https:\/\/secure.gravatar.com\/avatar\/4dfbf16b4d17945bfb6341b2d19043457132fcf478a5ee04f42e959fd8f5df0a?s=96&d=mm&r=g","caption":"NOTICIASMERCEDINAS.COM"},"url":"https:\/\/noticiasmercedinas.com\/site\/author\/anonimo\/"}]}},"amp_enabled":true,"_links":{"self":[{"href":"https:\/\/noticiasmercedinas.com\/site\/wp-json\/wp\/v2\/posts\/127117","targetHints":{"allow":["GET"]}}],"collection":[{"href":"https:\/\/noticiasmercedinas.com\/site\/wp-json\/wp\/v2\/posts"}],"about":[{"href":"https:\/\/noticiasmercedinas.com\/site\/wp-json\/wp\/v2\/types\/post"}],"author":[{"embeddable":true,"href":"https:\/\/noticiasmercedinas.com\/site\/wp-json\/wp\/v2\/users\/16"}],"replies":[{"embeddable":true,"href":"https:\/\/noticiasmercedinas.com\/site\/wp-json\/wp\/v2\/comments?post=127117"}],"version-history":[{"count":1,"href":"https:\/\/noticiasmercedinas.com\/site\/wp-json\/wp\/v2\/posts\/127117\/revisions"}],"predecessor-version":[{"id":127119,"href":"https:\/\/noticiasmercedinas.com\/site\/wp-json\/wp\/v2\/posts\/127117\/revisions\/127119"}],"wp:featuredmedia":[{"embeddable":true,"href":"https:\/\/noticiasmercedinas.com\/site\/wp-json\/wp\/v2\/media\/127118"}],"wp:attachment":[{"href":"https:\/\/noticiasmercedinas.com\/site\/wp-json\/wp\/v2\/media?parent=127117"}],"wp:term":[{"taxonomy":"category","embeddable":true,"href":"https:\/\/noticiasmercedinas.com\/site\/wp-json\/wp\/v2\/categories?post=127117"},{"taxonomy":"post_tag","embeddable":true,"href":"https:\/\/noticiasmercedinas.com\/site\/wp-json\/wp\/v2\/tags?post=127117"}],"curies":[{"name":"wp","href":"https:\/\/api.w.org\/{rel}","templated":true}]}}